{"id":112183,"date":"2020-01-07T14:46:32","date_gmt":"2020-01-07T13:46:32","guid":{"rendered":"https:\/\/www.radiopiu.net\/wordpress\/?p=112183"},"modified":"2020-01-07T14:46:32","modified_gmt":"2020-01-07T13:46:32","slug":"oltre-600-persone-negli-appuntamenti-della-rassegna-natalizia","status":"publish","type":"post","link":"https:\/\/www.radiopiu.net\/wordpress\/oltre-600-persone-negli-appuntamenti-della-rassegna-natalizia\/","title":{"rendered":"OLTRE 600 PERSONE NEGLI APPUNTAMENTI DELLA RASSEGNA NATALIZIA\u00a0"},"content":{"rendered":"<p>&nbsp;<\/p>\n<h3><\/h3>\n<p><a class=\"dt-pswp-item\" href=\"https:\/\/www.radiopiu.net\/wordpress\/wp-content\/uploads\/2020\/01\/3d3f9223-3b27-40aa-9c01-ecb0fdade1aa.jpg\" data-dt-img-description=\"\" data-large_image_width=\"2016\" data-large_image_height=\"1512\"><img loading=\"lazy\" decoding=\"async\" class=\" wp-image-112182 alignleft\" src=\"https:\/\/www.radiopiu.net\/wordpress\/wp-content\/uploads\/2020\/01\/3d3f9223-3b27-40aa-9c01-ecb0fdade1aa-300x225.jpg\" alt=\"\" width=\"205\" height=\"154\" srcset=\"https:\/\/www.radiopiu.net\/wordpress\/wp-content\/uploads\/2020\/01\/3d3f9223-3b27-40aa-9c01-ecb0fdade1aa-300x225.jpg 300w, https:\/\/www.radiopiu.net\/wordpress\/wp-content\/uploads\/2020\/01\/3d3f9223-3b27-40aa-9c01-ecb0fdade1aa-1024x768.jpg 1024w, https:\/\/www.radiopiu.net\/wordpress\/wp-content\/uploads\/2020\/01\/3d3f9223-3b27-40aa-9c01-ecb0fdade1aa-768x576.jpg 768w, https:\/\/www.radiopiu.net\/wordpress\/wp-content\/uploads\/2020\/01\/3d3f9223-3b27-40aa-9c01-ecb0fdade1aa-1536x1152.jpg 1536w, https:\/\/www.radiopiu.net\/wordpress\/wp-content\/uploads\/2020\/01\/3d3f9223-3b27-40aa-9c01-ecb0fdade1aa.jpg 2016w\" sizes=\"auto, (max-width: 205px) 100vw, 205px\" \/><\/a> E\u2019 stato, ancora una volta, un successo, oltre che una vera e propria festa multicolore. La rassegna \u201cNatale a Feltre\u201d, partita il 23 dicembre scorso dall\u2019Officinema, si \u00e8 conclusa nel giorno dell\u2019Epifania, a Mugnai, facendo registrare praticamente in ogni appuntamento il \u201ctutto esaurito\u201d. Oltre 600 le persone coinvolte nel tour natalizio, con i bambini, naturalmente, grandi protagonisti dei momenti di spettacolo e animazione, ma con genitori, amici e familiari che non si sono voluti perdere l\u2019occasione di vivere da vicino l\u2019arte dei burattini, della recitazione, della lettura animata e della giocoleria.<\/p>\n<blockquote><p><em>\u201cL\u2019esperienza di Voil\u00e0 Natale \u00e8 stata davvero un successo continuo, che ha arricchito la nostra comunit\u00e0 nel periodo pi\u00f9 magico dell\u2019anno, commenta l\u2019assessore alle Politiche Giovanili del Comune di Feltre Giorgia Li Castri. \u201cGrazie davvero a tutto il personale dell\u2019Ufficio Cultura e Politiche Giovanili per il lavoro svolto in questi mesi per dare vita a questi piccoli, ma intensi momenti di magia; grazie a tutti coloro che hanno fatto divertire i nostri bambini, i nostri anziani e le nostre famiglie e grazie anche a tutti coloro che hanno partecipato, incuriositi da questa proposta!\u201d, conclude Li Castri.<\/em><\/p><\/blockquote>\n<p>Oltre una decina gli appuntamenti proposti nell\u2019arco delle festivit\u00e0 natalizie, dislocati tra il centro storico della citt\u00e0 e le frazioni di Zermen, Villabruna, Anz\u00f9 e Mugnai, ma con delle \u201cincursioni\u201d quanto mai attese e apprezzate anche nel reparto di pediatria dell\u2019ospedale \u201cSanta Maria del Prato\u201d e presso la casa di riposo \u201cBrandalise\u201d.<\/p>\n<blockquote><p><em>\u201cIl successo della rassegna \u201cNatale a Feltre\u201d testimonia ancora una volta la bont\u00e0 della formula che abbiamo scelto, con la proposta di una serie di appuntamenti differenziati tra loro nei contenuti e dislocati in varie zone e luoghi del territorio comunale. Fare cultura significa anche questo: pensare a momenti di aggregazione, e in questo caso di festa, per i pi\u00f9 piccoli e per le loro famiglie, valorizzando la tradizione di qualit\u00e0 e il contatto diretto con forme d\u2019arte antiche, ma sempre attualissime\u201d, il commento dell\u2019assessore alla Cultura del Comune di Feltre Alessandro Del Bianco.<\/em><\/p>\n<p>&nbsp;<\/p><\/blockquote>\n","protected":false},"excerpt":{"rendered":"<p>&nbsp; E\u2019 stato, ancora una volta, un successo, oltre che una vera e propria festa multicolore. La rassegna \u201cNatale a Feltre\u201d, partita il 23 dicembre scorso dall\u2019Officinema, si \u00e8 conclusa nel giorno dell\u2019Epifania, a Mugnai, facendo registrare praticamente in ogni appuntamento il \u201ctutto esaurito\u201d. Oltre 600 le persone coinvolte nel tour natalizio, con i bambini,&hellip;<\/p>\n","protected":false},"author":1,"featured_media":112181,"comment_status":"closed","ping_status":"closed","sticky":false,"template":"","format":"standard","meta":{"_monsterinsights_skip_tracking":false,"_monsterinsights_sitenote_active":false,"_monsterinsights_sitenote_note":"","_monsterinsights_sitenote_category":0,"footnotes":""},"categories":[49],"tags":[],"class_list":["post-112183","post","type-post","status-publish","format-standard","has-post-thumbnail","hentry","category-news-18","category-49","description-off"],"img_url":"https:\/\/www.radiopiu.net\/wordpress\/wp-content\/uploads\/2020\/01\/9eab0c67-c32f-4acd-9ca9-858a92d88d6e.jpg","_links":{"self":[{"href":"https:\/\/www.radiopiu.net\/wordpress\/wp-json\/wp\/v2\/posts\/112183","targetHints":{"allow":["GET"]}}],"collection":[{"href":"https:\/\/www.radiopiu.net\/wordpress\/wp-json\/wp\/v2\/posts"}],"about":[{"href":"https:\/\/www.radiopiu.net\/wordpress\/wp-json\/wp\/v2\/types\/post"}],"author":[{"embeddable":true,"href":"https:\/\/www.radiopiu.net\/wordpress\/wp-json\/wp\/v2\/users\/1"}],"replies":[{"embeddable":true,"href":"https:\/\/www.radiopiu.net\/wordpress\/wp-json\/wp\/v2\/comments?post=112183"}],"version-history":[{"count":0,"href":"https:\/\/www.radiopiu.net\/wordpress\/wp-json\/wp\/v2\/posts\/112183\/revisions"}],"wp:featuredmedia":[{"embeddable":true,"href":"https:\/\/www.radiopiu.net\/wordpress\/wp-json\/wp\/v2\/media\/112181"}],"wp:attachment":[{"href":"https:\/\/www.radiopiu.net\/wordpress\/wp-json\/wp\/v2\/media?parent=112183"}],"wp:term":[{"taxonomy":"category","embeddable":true,"href":"https:\/\/www.radiopiu.net\/wordpress\/wp-json\/wp\/v2\/categories?post=112183"},{"taxonomy":"post_tag","embeddable":true,"href":"https:\/\/www.radiopiu.net\/wordpress\/wp-json\/wp\/v2\/tags?post=112183"}],"curies":[{"name":"wp","href":"https:\/\/api.w.org\/{rel}","templated":true}]}}