{"id":112216,"date":"2020-01-07T23:59:31","date_gmt":"2020-01-07T22:59:31","guid":{"rendered":"https:\/\/www.radiopiu.net\/wordpress\/?p=112216"},"modified":"2021-03-10T17:38:00","modified_gmt":"2021-03-10T16:38:00","slug":"controlloalleghe","status":"publish","type":"post","link":"https:\/\/www.radiopiu.net\/wordpress\/controlloalleghe\/","title":{"rendered":"DOPO 14 ANNI SALTA LA GIORNATA PER LA VISTA, SE NE RIPARLERA&#8217;  IN AUTUNNO PANDEMIA PERMETTENDO"},"content":{"rendered":"<p><strong><a href=\"https:\/\/www.radiopiu.net\/wordpress\/occhi-belli-controllo-gratuito-della-vista\/th-64\/\" rel=\"attachment wp-att-196305\"><img loading=\"lazy\" decoding=\"async\" class=\"size-medium wp-image-196305 alignleft\" src=\"https:\/\/www.radiopiu.net\/wordpress\/wp-content\/uploads\/2020\/01\/th-300x139.jpg\" alt=\"\" width=\"300\" height=\"139\" srcset=\"https:\/\/www.radiopiu.net\/wordpress\/wp-content\/uploads\/2020\/01\/th-300x139.jpg 300w, https:\/\/www.radiopiu.net\/wordpress\/wp-content\/uploads\/2020\/01\/th.jpg 375w\" sizes=\"auto, (max-width: 300px) 100vw, 300px\" \/><\/a>ALLEGHE<\/strong> Dopo 14 anni, per la prima volta ad Alleghe non si terr\u00e0 la giornata del controllo gratuito della vista. La pandemia s&#8217;impone e il dottor Taricisio Sibilla non salir\u00e0 da Castelfranco in riva al lago come ha fatto per tanti anni. Il pi\u00f9 dispiaciuto \u00e8 Virgilio De Biasio, l&#8217;uomo che ha fortemente voluto la prima giornata e poi ha sempre seguito con scrupolosa attenzione gli appuntamenti che si sono susseguiti nel tempo &#8220;Lo scorso anno &#8211; dice Virgilio &#8211; c&#8217;era andata bene, eravamo riusciti ad organizzare la giornata a gennaio, prima del lockdown. L&#8217;emergenza covid ci ferma, ma qualora le cose dovessero cambiare non \u00e8 escluso di poterlo fare in autunno&#8221; Un anno fa\u00a0 alle scuole elementari medici oculisti e ortottisti dell&#8217;ospedale di Castelfranco Veneto e Montebelluna\u00a0 hanno dato la possibilit\u00e0 a\u00a0 126 bambini di eseguire uno screening per la prevenzione dello strabismo ed ambliopia, occasione unica e gratuita per ottenere una valutazione preliminare.\u00a0 Negli anni scorsi del periodo invernale in concomitanza con la settimana bianca degli sciatori ciechi e ipovedenti che si svolgeva nell&#8217;Agordino, il Comune di Alleghe in collaborazione con L&#8217;Unione Italiana Ciechi e Ipovedenti, ma soprattutto con collaborazione con l&#8217;unit\u00e0 oculistica dell&#8217;Ospedale di Castelfranco Veneto, aveva promosso una giornata di sensibilizzazione per la prevenzione del glaucoma e la valutazione della presenza o meno della cataratta. In 14 anni si sono svolte le giornate con questo numero di visitatori: 157 (2007), 121 (2008), 124 (2009), 171 (2010), 174 (2011). 168 (2012), 97 (2013), 84 (2014), 121 (2015), 105 (2016), 106 (2017), 106 (2018), 83 (2019). Nel 2020 126 bambini.<\/p>\n[<\/p>\n","protected":false},"excerpt":{"rendered":"<p>ALLEGHE Dopo 14 anni, per la prima volta ad Alleghe non si terr\u00e0 la giornata del controllo gratuito della vista. La pandemia s&#8217;impone e il dottor Taricisio Sibilla non salir\u00e0 da Castelfranco in riva al lago come ha fatto per tanti anni. Il pi\u00f9 dispiaciuto \u00e8 Virgilio De Biasio, l&#8217;uomo che ha fortemente voluto la&hellip;<\/p>\n","protected":false},"author":1,"featured_media":196305,"comment_status":"closed","ping_status":"closed","sticky":false,"template":"","format":"standard","meta":{"_monsterinsights_skip_tracking":false,"_monsterinsights_sitenote_active":false,"_monsterinsights_sitenote_note":"","_monsterinsights_sitenote_category":0,"footnotes":""},"categories":[104,49],"tags":[],"class_list":["post-112216","post","type-post","status-publish","format-standard","has-post-thumbnail","hentry","category-evidenza_3","category-news-18","category-104","category-49","description-off"],"img_url":"https:\/\/www.radiopiu.net\/wordpress\/wp-content\/uploads\/2020\/01\/th.jpg","_links":{"self":[{"href":"https:\/\/www.radiopiu.net\/wordpress\/wp-json\/wp\/v2\/posts\/112216","targetHints":{"allow":["GET"]}}],"collection":[{"href":"https:\/\/www.radiopiu.net\/wordpress\/wp-json\/wp\/v2\/posts"}],"about":[{"href":"https:\/\/www.radiopiu.net\/wordpress\/wp-json\/wp\/v2\/types\/post"}],"author":[{"embeddable":true,"href":"https:\/\/www.radiopiu.net\/wordpress\/wp-json\/wp\/v2\/users\/1"}],"replies":[{"embeddable":true,"href":"https:\/\/www.radiopiu.net\/wordpress\/wp-json\/wp\/v2\/comments?post=112216"}],"version-history":[{"count":0,"href":"https:\/\/www.radiopiu.net\/wordpress\/wp-json\/wp\/v2\/posts\/112216\/revisions"}],"wp:featuredmedia":[{"embeddable":true,"href":"https:\/\/www.radiopiu.net\/wordpress\/wp-json\/wp\/v2\/media\/196305"}],"wp:attachment":[{"href":"https:\/\/www.radiopiu.net\/wordpress\/wp-json\/wp\/v2\/media?parent=112216"}],"wp:term":[{"taxonomy":"category","embeddable":true,"href":"https:\/\/www.radiopiu.net\/wordpress\/wp-json\/wp\/v2\/categories?post=112216"},{"taxonomy":"post_tag","embeddable":true,"href":"https:\/\/www.radiopiu.net\/wordpress\/wp-json\/wp\/v2\/tags?post=112216"}],"curies":[{"name":"wp","href":"https:\/\/api.w.org\/{rel}","templated":true}]}}