{"id":112355,"date":"2020-01-09T16:59:23","date_gmt":"2020-01-09T15:59:23","guid":{"rendered":"https:\/\/www.radiopiu.net\/wordpress\/?p=112355"},"modified":"2020-01-09T16:59:50","modified_gmt":"2020-01-09T15:59:50","slug":"giornale-radiopiu-09-gennaio-2020-direttore-mirko-mezzacasa","status":"publish","type":"post","link":"https:\/\/www.radiopiu.net\/wordpress\/giornale-radiopiu-09-gennaio-2020-direttore-mirko-mezzacasa\/","title":{"rendered":"GIORNALE RADIOPIU 09 GENNAIO 2020 DIRETTORE MIRKO MEZZACASA"},"content":{"rendered":"<p>&nbsp;<\/p>\n<p>&nbsp;<\/p>\n<h3>PROVINCIALE 3\u00a0 AGORDO-RIVAMONTE, dal notiziario di ieri<\/h3>\n<p><strong>RIVAMONTE<\/strong> La provinciale collassa, la rotabile mette in evidenza un altro punto critico dopo Corde Mole e Gona ecco un altro problema da &#8221; bus&#8221; e prossimamente &#8220;tacon&#8221;. A pochi chilometri da Agordo, dopo i primi tornanti sopra Ponte Alto. Oggi il sindaco ne parler\u00e0 in un incontro previsto in Municipio.<\/p>\n<p><a class=\"dt-pswp-item\" href=\"https:\/\/www.radiopiu.net\/wordpress\/wp-content\/uploads\/2020\/01\/81318174_459612001349290_6817018658246623232_n.jpg\" data-dt-img-description=\"\" data-large_image_width=\"2048\" data-large_image_height=\"1536\"><img loading=\"lazy\" decoding=\"async\" class=\"alignnone wp-image-112334\" src=\"https:\/\/www.radiopiu.net\/wordpress\/wp-content\/uploads\/2020\/01\/81318174_459612001349290_6817018658246623232_n-300x225.jpg\" alt=\"\" width=\"399\" height=\"299\" srcset=\"https:\/\/www.radiopiu.net\/wordpress\/wp-content\/uploads\/2020\/01\/81318174_459612001349290_6817018658246623232_n-300x225.jpg 300w, https:\/\/www.radiopiu.net\/wordpress\/wp-content\/uploads\/2020\/01\/81318174_459612001349290_6817018658246623232_n-1024x768.jpg 1024w, https:\/\/www.radiopiu.net\/wordpress\/wp-content\/uploads\/2020\/01\/81318174_459612001349290_6817018658246623232_n-768x576.jpg 768w, https:\/\/www.radiopiu.net\/wordpress\/wp-content\/uploads\/2020\/01\/81318174_459612001349290_6817018658246623232_n-1536x1152.jpg 1536w, https:\/\/www.radiopiu.net\/wordpress\/wp-content\/uploads\/2020\/01\/81318174_459612001349290_6817018658246623232_n.jpg 2048w\" sizes=\"auto, (max-width: 399px) 100vw, 399px\" \/><\/a><a class=\"dt-pswp-item\" href=\"https:\/\/www.radiopiu.net\/wordpress\/wp-content\/uploads\/2020\/01\/82321582_536299600315152_7701959165932994560_n.jpg\" data-dt-img-description=\"\" data-large_image_width=\"1536\" data-large_image_height=\"2048\"><img loading=\"lazy\" decoding=\"async\" class=\"alignnone size-medium wp-image-112335\" src=\"https:\/\/www.radiopiu.net\/wordpress\/wp-content\/uploads\/2020\/01\/82321582_536299600315152_7701959165932994560_n-225x300.jpg\" alt=\"\" width=\"225\" height=\"300\" srcset=\"https:\/\/www.radiopiu.net\/wordpress\/wp-content\/uploads\/2020\/01\/82321582_536299600315152_7701959165932994560_n-225x300.jpg 225w, https:\/\/www.radiopiu.net\/wordpress\/wp-content\/uploads\/2020\/01\/82321582_536299600315152_7701959165932994560_n-768x1024.jpg 768w, https:\/\/www.radiopiu.net\/wordpress\/wp-content\/uploads\/2020\/01\/82321582_536299600315152_7701959165932994560_n-1152x1536.jpg 1152w, https:\/\/www.radiopiu.net\/wordpress\/wp-content\/uploads\/2020\/01\/82321582_536299600315152_7701959165932994560_n.jpg 1536w\" sizes=\"auto, (max-width: 225px) 100vw, 225px\" \/><\/a><\/p>\n<p><strong>641 PASSO FEDAIA ROCCA PIETORE<\/strong> da martedi 7 gennaio al 6 marzo senso unico alternato regolato da semaforo per tratti di 30 metri. esclusi sabato e domenica<br \/>\n<strong>203 AGORDINA TAIBON AGORDINO<\/strong> dal 7 al 30 gennaio dalle 7 alle 19 senso unico alternato regolato da semaforo. esclusi festivi e prefestivi<\/p>\n<p><strong>48 DELLO DOLOMITI RIO GERE<\/strong>\u00a0 dalle 8 alle 17 fino al 10 aprile senso unico con semaforo, tratti di 200 metri per lavori posa elettrodotto<\/p>\n<div class=\"im_history_message_wrap\">\n<div class=\"im_message_outer_wrap hasselect\" data-msg-id=\"1361\">\n<div class=\"im_message_wrap clearfix\">\n<div class=\"im_content_message_wrap im_message_out\">\n<div class=\"im_message_body\">\n<div dir=\"auto\"><strong>02 PROVINCIALE VALLE DEL MIS\u00a0<\/strong> localit\u00e0 Pascoli-Val Falcina dalle 7 alle 19 fino al 28 febbraio senso unico alternato con semaforo per istallazione impianti illuminazione<\/div>\n<\/div>\n<\/div>\n<div dir=\"auto\"><\/div>\n<\/div>\n<\/div>\n<\/div>\n<p>&nbsp;<\/p>\n<p>&nbsp;<\/p>\n<p>&nbsp;<\/p>\n<h2><span style=\"color: #ff0000;\">DILLO A RADIO PIU&#8217;&#8230;CHE LO RIPORTA AL SINDACO E AL CONSIGLIO COMUNALE\u00a0<\/span><\/h2>\n<p><strong><a class=\"dt-pswp-item\" href=\"https:\/\/www.radiopiu.net\/wordpress\/wp-content\/uploads\/2020\/01\/baff9e1e-9271-452c-b535-6289ba87e2e4.jpg\" data-dt-img-description=\"\" data-large_image_width=\"2048\" data-large_image_height=\"1024\"><img loading=\"lazy\" decoding=\"async\" class=\" wp-image-112246 alignleft\" src=\"https:\/\/www.radiopiu.net\/wordpress\/wp-content\/uploads\/2020\/01\/baff9e1e-9271-452c-b535-6289ba87e2e4-300x150.jpg\" alt=\"\" width=\"212\" height=\"106\" srcset=\"https:\/\/www.radiopiu.net\/wordpress\/wp-content\/uploads\/2020\/01\/baff9e1e-9271-452c-b535-6289ba87e2e4-300x150.jpg 300w, https:\/\/www.radiopiu.net\/wordpress\/wp-content\/uploads\/2020\/01\/baff9e1e-9271-452c-b535-6289ba87e2e4-1024x512.jpg 1024w, https:\/\/www.radiopiu.net\/wordpress\/wp-content\/uploads\/2020\/01\/baff9e1e-9271-452c-b535-6289ba87e2e4-768x384.jpg 768w, https:\/\/www.radiopiu.net\/wordpress\/wp-content\/uploads\/2020\/01\/baff9e1e-9271-452c-b535-6289ba87e2e4-1536x768.jpg 1536w, https:\/\/www.radiopiu.net\/wordpress\/wp-content\/uploads\/2020\/01\/baff9e1e-9271-452c-b535-6289ba87e2e4.jpg 2048w\" sizes=\"auto, (max-width: 212px) 100vw, 212px\" \/><\/a>TAIBON<\/strong> Ieri abbiamo ricevuto una nota a margine del servizio di Gianni Santomaso sull&#8217;ex molino di Taibon per il quale saranno spesi 500 mila euro dei fondi di confine per creare non si sa bene cosa, forse un negozio in un paese dove esistono pi\u00f9 negozi sfitti che in attivit\u00e0, o forse una seconda sala congressi oltre a quella gi\u00e0 esistente in piazza San Rocco (ex Municipio).<\/p>\n<p><strong>LETTERA FIRMATA.<\/strong><\/p>\n<blockquote><p>\u00a0 &#8220;<em>\u00c8 inutile sistemare fabbricati usufruendo dei fondi di confine se non si hanno idee sul loro futuro utilizzo&#8230; Ci troveremo con un altro After Hour. Pensiamoci insieme per bene e progettiamo l&#8217;uso del denaro per sistemare servizi esistenti che hanno bisogno di manutenzione. Tra l&#8217;altro chi si prenderebbe cura della gestione dello stabile restaurato? <\/em><em>Non si riesce nemmeno a gestire in modo completo il Museo etnografico e ci siamo appena liberati del &#8220;problema&#8221; biblioteca&#8230; se lo sapesse il maestro\u00a0 MarioDiluviani che alla biblioteca ha dedicato parte della sua vita per poi vedere vanificato ogni sforzo su un camion diretto in discarica&#8230;&#8221;<\/em><\/p><\/blockquote>\n<h3>IERI GIANNI SANTOMASO<\/h3>\n<audio class=\"wp-audio-shortcode\" id=\"audio-112355-1\" preload=\"none\" style=\"width: 100%;\" controls=\"controls\"><source type=\"audio\/mpeg\" src=\"https:\/\/www.radiopiu.net\/wordpress\/wp-content\/uploads\/2020\/01\/GIANNI-1.mp3?_=1\" \/><a href=\"https:\/\/www.radiopiu.net\/wordpress\/wp-content\/uploads\/2020\/01\/GIANNI-1.mp3\">https:\/\/www.radiopiu.net\/wordpress\/wp-content\/uploads\/2020\/01\/GIANNI-1.mp3<\/a><\/audio>\n<p>&nbsp;<\/p>\n<p>&nbsp;<\/p>\n<h3>PRIVO DI VITA TRA LE MURA DI CASA A LAMON<\/h3>\n<p><strong>LAMON<\/strong> Un uomo di 39 anni, Fabiano Ruggeri \u00e8 stato ritrovato privo di vita all&#8217;interno della sua abitazione. La porta era sbarrata e cos\u00ec anche gli infissi. L&#8217;operaio, celibe \u00e8 stato ritrovato dai Carabinieri. Solo l&#8217;autopsia disposta dal Pubblico Ministero far\u00e0 chiarezza sulla cause della morte. Indagano i Carabinieri di Feltre.<\/p>\n<p>&nbsp;<\/p>\n<p>&nbsp;<\/p>\n<h3>LADRI A FELTRE, S&#8217;ALZI LA GUARDIA<\/h3>\n<p><strong>FELTRE<\/strong> I Carabinieri di Feltre hanno raccolto la denuncia e indagano circa un furto\u00a0 in abitazione, ieri sera\u00a0 in via Flora. Ignoti hanno approfittato dell&#8217;assenza dei proprietari\u00a0 e dopo aver forzato una porta finestra hanno asportato\u00a0 denaro e monili in oro per circa 200 euro<\/p>\n<p>&nbsp;<\/p>\n<p>&nbsp;<\/p>\n<h3>SCOSSA DI TERREMOTO NEL VICINO FRIULI<\/h3>\n<p><strong>UDINE<\/strong> Lieve scossa di terremoto a Enemonzo al confine con la provincia bellunese. Ieri alle 14.35, magnitudo 2,1 (appena percettibile) profondit\u00e0 8,1 chilometri<\/p>\n<p><a class=\"dt-pswp-item\" href=\"https:\/\/www.radiopiu.net\/wordpress\/wp-content\/uploads\/2020\/01\/bbe30bfd-2dba-46cb-8885-9e8b80b58be8.jpg\" data-dt-img-description=\"\" data-large_image_width=\"1080\" data-large_image_height=\"1520\"><img loading=\"lazy\" decoding=\"async\" class=\"alignnone size-medium wp-image-112394\" src=\"https:\/\/www.radiopiu.net\/wordpress\/wp-content\/uploads\/2020\/01\/bbe30bfd-2dba-46cb-8885-9e8b80b58be8-213x300.jpg\" alt=\"\" width=\"213\" height=\"300\" srcset=\"https:\/\/www.radiopiu.net\/wordpress\/wp-content\/uploads\/2020\/01\/bbe30bfd-2dba-46cb-8885-9e8b80b58be8-213x300.jpg 213w, https:\/\/www.radiopiu.net\/wordpress\/wp-content\/uploads\/2020\/01\/bbe30bfd-2dba-46cb-8885-9e8b80b58be8-728x1024.jpg 728w, https:\/\/www.radiopiu.net\/wordpress\/wp-content\/uploads\/2020\/01\/bbe30bfd-2dba-46cb-8885-9e8b80b58be8-768x1081.jpg 768w, https:\/\/www.radiopiu.net\/wordpress\/wp-content\/uploads\/2020\/01\/bbe30bfd-2dba-46cb-8885-9e8b80b58be8.jpg 1080w\" sizes=\"auto, (max-width: 213px) 100vw, 213px\" \/><\/a><a class=\"dt-pswp-item\" href=\"https:\/\/www.radiopiu.net\/wordpress\/wp-content\/uploads\/2020\/01\/85d35fff-beb1-4a39-ac26-b5c48d4ca28e.jpg\" data-dt-img-description=\"\" data-large_image_width=\"1080\" data-large_image_height=\"1516\"><img loading=\"lazy\" decoding=\"async\" class=\"alignnone size-medium wp-image-112395\" src=\"https:\/\/www.radiopiu.net\/wordpress\/wp-content\/uploads\/2020\/01\/85d35fff-beb1-4a39-ac26-b5c48d4ca28e-214x300.jpg\" alt=\"\" width=\"214\" height=\"300\" srcset=\"https:\/\/www.radiopiu.net\/wordpress\/wp-content\/uploads\/2020\/01\/85d35fff-beb1-4a39-ac26-b5c48d4ca28e-214x300.jpg 214w, https:\/\/www.radiopiu.net\/wordpress\/wp-content\/uploads\/2020\/01\/85d35fff-beb1-4a39-ac26-b5c48d4ca28e-729x1024.jpg 729w, https:\/\/www.radiopiu.net\/wordpress\/wp-content\/uploads\/2020\/01\/85d35fff-beb1-4a39-ac26-b5c48d4ca28e-768x1078.jpg 768w, https:\/\/www.radiopiu.net\/wordpress\/wp-content\/uploads\/2020\/01\/85d35fff-beb1-4a39-ac26-b5c48d4ca28e.jpg 1080w\" sizes=\"auto, (max-width: 214px) 100vw, 214px\" \/><\/a><\/p>\n<p>&nbsp;<\/p>\n<p>&nbsp;<\/p>\n<h3>GIU&#8217; UN&#8217;ALTRA MONGOLFIERA COME SUL MONTE AGUDO<\/h3>\n<p><strong>BELLUNO<\/strong> Anche ieri i grandi palloni hanno sorvolato l&#8217;Agordino sopra il San Sebastiano e si sono incanalati verso la Val Belluna. Anche ieri come nel giorno precedente uno di questi \u00e8 dovuto atterrare in emergenza per le bizze del tempo. La Mongolfiera del Dolomiti Balloon Festival partita da Dobbiaco si \u00e8 adagiata al campo sportivo di Bes. Nessun ferito.<\/p>\n<p>&nbsp;<\/p>\n<p>&nbsp;<\/p>\n<h3>ALLONTANATO DA CASA PER AVER MINACCIATO IL PADRE<\/h3>\n<p><strong>BELLUNO<\/strong> Un 24enne straniero residente a Castion di 24 anni \u00e8 stato allontanato da casa dopo aver minacciato il padre con l&#8217;acetta. La misura cautelare avr\u00e0 una durata di 6 mesi come richiesto dal Pubblico Ministero. L&#8217;indagato \u00e8 stato fermato dalla Polizia chiamata dal padre, il ragazzo era ubriaco. Il genitore in seguito ha ritirato la querela ma il procedimento non si \u00e8 fermato.<\/p>\n<p>&nbsp;<\/p>\n<p>&nbsp;<\/p>\n<h3>L&#8217;ULTIMO SALUTO ALLA PICCOLA GIULIA<\/h3>\n<p><strong>BELLUNO<\/strong> SI svolgeranno domani mattina alle 10.30 i funerali della piccola Giulia, la bimba di 10 anni morta lo scorso venerdi a San Pietro di Cadore in casa della nonna. La famiglia De Bernardin Gole ha scelto per i funerali la chiesa di Baldenich. Le offerte in denaro saranno destinaei ad un progetto per i bambini, la bimba riposer\u00e0 in Comelico ed a San Pietro \u00e8 lutto cittadino.<\/p>\n<p>&nbsp;<\/p>\n<p>&nbsp;<\/p>\n<p>&nbsp;<\/p>\n<h2>IL PRESIDENTE PADRIN DA PAPA FRANCESCO<\/h2>\n<blockquote>\n<h3><em>\u00abLO ASPETTIAMO A BELLUNO PER LA BEATIFICAZIONE DI LUCIANI\u00bb<\/em><\/h3>\n<\/blockquote>\n<p><strong><a class=\"dt-pswp-item\" href=\"https:\/\/www.radiopiu.net\/wordpress\/wp-content\/uploads\/2020\/01\/PHOTO-2020-01-08-11-41-49.jpg\" data-dt-img-description=\"\" data-large_image_width=\"1024\" data-large_image_height=\"768\"><img loading=\"lazy\" decoding=\"async\" class=\" wp-image-112380 alignleft\" src=\"https:\/\/www.radiopiu.net\/wordpress\/wp-content\/uploads\/2020\/01\/PHOTO-2020-01-08-11-41-49-300x225.jpg\" alt=\"\" width=\"247\" height=\"185\" srcset=\"https:\/\/www.radiopiu.net\/wordpress\/wp-content\/uploads\/2020\/01\/PHOTO-2020-01-08-11-41-49-300x225.jpg 300w, https:\/\/www.radiopiu.net\/wordpress\/wp-content\/uploads\/2020\/01\/PHOTO-2020-01-08-11-41-49-768x576.jpg 768w, https:\/\/www.radiopiu.net\/wordpress\/wp-content\/uploads\/2020\/01\/PHOTO-2020-01-08-11-41-49.jpg 1024w\" sizes=\"auto, (max-width: 247px) 100vw, 247px\" \/><\/a>ROMA<\/strong> Il presidente della Provincia di Belluno ha partecipato questa mattina all\u2019Udienza generale del Santo Padre, in Vaticano. Con l\u2019occasione, ha omaggiato il pontefice di uno speciale ricordo della tempesta Vaia, dell\u2019ottobre 2018. Un calendario dell\u2019Avvento scolpito in uno dei tronchi <a class=\"dt-pswp-item\" href=\"https:\/\/www.radiopiu.net\/wordpress\/wp-content\/uploads\/2020\/01\/PHOTO-2020-01-08-11-44-07.jpg\" data-dt-img-description=\"\" data-large_image_width=\"1600\" data-large_image_height=\"1200\"><img loading=\"lazy\" decoding=\"async\" class=\" wp-image-112379 alignright\" src=\"https:\/\/www.radiopiu.net\/wordpress\/wp-content\/uploads\/2020\/01\/PHOTO-2020-01-08-11-44-07-300x225.jpg\" alt=\"\" width=\"252\" height=\"189\" srcset=\"https:\/\/www.radiopiu.net\/wordpress\/wp-content\/uploads\/2020\/01\/PHOTO-2020-01-08-11-44-07-300x225.jpg 300w, https:\/\/www.radiopiu.net\/wordpress\/wp-content\/uploads\/2020\/01\/PHOTO-2020-01-08-11-44-07-1024x768.jpg 1024w, https:\/\/www.radiopiu.net\/wordpress\/wp-content\/uploads\/2020\/01\/PHOTO-2020-01-08-11-44-07-768x576.jpg 768w, https:\/\/www.radiopiu.net\/wordpress\/wp-content\/uploads\/2020\/01\/PHOTO-2020-01-08-11-44-07-1536x1152.jpg 1536w, https:\/\/www.radiopiu.net\/wordpress\/wp-content\/uploads\/2020\/01\/PHOTO-2020-01-08-11-44-07.jpg 1600w\" sizes=\"auto, (max-width: 252px) 100vw, 252px\" \/><\/a>schiantati dal maltempo, con i nomi di tutti i Comuni bellunesi colpiti, opera dello scultore Rudi De Candido, con la collaborazione del calligrafo Floriano Cian e della pittrice Cosetta Olivier. \u00ab\u00c8 stata un\u2019emozione grandissima poter incontrare Papa Francesco per portargli un regalo di rappresentanza della nostra terra &#8211; commenta il presidente Roberto Padrin -. La tempesta Vaia \u00e8 stata un evento eccezionale, assolutamente disastroso. Ma da quella tragedia le nostre comunit\u00e0 si sono subito impegnate per la ricostruzione, e l\u2019omaggio portato al Papa rappresenta proprio questo, un fortissimo segno di rinascita\u00bb. Il calendario dell\u2019Avvento \u00e8 stato consegnato a margine dell\u2019Udienza generale, dal presidente Padrin, accompagnato dal consigliere provinciale Massimo Bortoluzzi, dall\u2019assessore regionale alla cultura Cristiano Corazzari e da una delegazione bellunese. \u00abHo spiegato al Santo Padre il significato e la realizzazione dell\u2019opera, e gli ho detto che lo aspettiamo a Belluno &#8211; prosegue Roberto Padrin -. Mi ha colpito la sua risposta: \u201cPer la beatificazione di Papa Luciani\u201d. Non posso nascondere l\u2019emozione per le sue parole, che ci aprono la speranza di poter ricevere il Papa tra le nostre montagne. Sarebbe una benedizione enorme per tutto il territorio e per tutti i bellunesi\u00bb.<\/p>\n<p><a class=\"dt-pswp-item\" href=\"https:\/\/www.radiopiu.net\/wordpress\/wp-content\/uploads\/2020\/01\/PHOTO-2020-01-08-11-41-49-1.jpg\" data-dt-img-description=\"\" data-large_image_width=\"1024\" data-large_image_height=\"907\"><img loading=\"lazy\" decoding=\"async\" class=\"size-medium wp-image-112383 alignleft\" src=\"https:\/\/www.radiopiu.net\/wordpress\/wp-content\/uploads\/2020\/01\/PHOTO-2020-01-08-11-41-49-1-300x266.jpg\" alt=\"\" width=\"300\" height=\"266\" srcset=\"https:\/\/www.radiopiu.net\/wordpress\/wp-content\/uploads\/2020\/01\/PHOTO-2020-01-08-11-41-49-1-300x266.jpg 300w, https:\/\/www.radiopiu.net\/wordpress\/wp-content\/uploads\/2020\/01\/PHOTO-2020-01-08-11-41-49-1-768x680.jpg 768w, https:\/\/www.radiopiu.net\/wordpress\/wp-content\/uploads\/2020\/01\/PHOTO-2020-01-08-11-41-49-1.jpg 1024w\" sizes=\"auto, (max-width: 300px) 100vw, 300px\" \/><\/a><a class=\"dt-pswp-item\" href=\"https:\/\/www.radiopiu.net\/wordpress\/wp-content\/uploads\/2020\/01\/PHOTO-2020-01-08-11-41-50.jpg\" data-dt-img-description=\"\" data-large_image_width=\"1024\" data-large_image_height=\"970\"><img loading=\"lazy\" decoding=\"async\" class=\"wp-image-112382 alignleft\" src=\"https:\/\/www.radiopiu.net\/wordpress\/wp-content\/uploads\/2020\/01\/PHOTO-2020-01-08-11-41-50-300x284.jpg\" alt=\"\" width=\"279\" height=\"264\" srcset=\"https:\/\/www.radiopiu.net\/wordpress\/wp-content\/uploads\/2020\/01\/PHOTO-2020-01-08-11-41-50-300x284.jpg 300w, https:\/\/www.radiopiu.net\/wordpress\/wp-content\/uploads\/2020\/01\/PHOTO-2020-01-08-11-41-50-768x728.jpg 768w, https:\/\/www.radiopiu.net\/wordpress\/wp-content\/uploads\/2020\/01\/PHOTO-2020-01-08-11-41-50.jpg 1024w\" sizes=\"auto, (max-width: 279px) 100vw, 279px\" \/><\/a><\/p>\n<h2><\/h2>\n<h2><\/h2>\n<h2><\/h2>\n<h2><\/h2>\n<h2><\/h2>\n<h2><\/h2>\n<h2><\/h2>\n<h2><\/h2>\n<h2><\/h2>\n<h2><\/h2>\n<h2><\/h2>\n<h2><\/h2>\n<h2><\/h2>\n<h2><\/h2>\n<h2><\/h2>\n<p>&nbsp;<\/p>\n<p>&nbsp;<\/p>\n<p>&nbsp;<\/p>\n<p>&nbsp;<\/p>\n<p>&nbsp;<\/p>\n<p>&nbsp;<\/p>\n<h2>video del presidente Padrin a margine dell\u2019udienza generale con il Santo Padre.<\/h2>\n<p><iframe loading=\"lazy\" title=\"ROBERTO PADRIN DAL PAPA\" width=\"1200\" height=\"675\" src=\"https:\/\/www.youtube.com\/embed\/cUYaKVFSrO0?feature=oembed\" frameborder=\"0\" allow=\"accelerometer; autoplay; encrypted-media; gyroscope; picture-in-picture\" allowfullscreen><\/iframe><\/p>\n<p>&nbsp;<\/p>\n<p>&nbsp;<\/p>\n<p>&nbsp;<\/p>\n<h3>RIGETTATO IL RICORSO CONTRO IL CONCORSO DELLA REGIONE PER GLI OPERATORI SOCIO-SANITARI<\/h3>\n<p>DALLA RASSEGNA STAMPA DELLE OTTO <em>Fabio Zuglian, segretario generale della Cisl Fp Belluno Treviso <\/em><\/p>\n<audio class=\"wp-audio-shortcode\" id=\"audio-112355-2\" preload=\"none\" style=\"width: 100%;\" controls=\"controls\"><source type=\"audio\/mpeg\" src=\"https:\/\/www.radiopiu.net\/wordpress\/wp-content\/uploads\/2020\/01\/zuglian.mp3?_=2\" \/><a href=\"https:\/\/www.radiopiu.net\/wordpress\/wp-content\/uploads\/2020\/01\/zuglian.mp3\">https:\/\/www.radiopiu.net\/wordpress\/wp-content\/uploads\/2020\/01\/zuglian.mp3<\/a><\/audio>\n<p>&nbsp;<\/p>\n<p><strong><img loading=\"lazy\" decoding=\"async\" class=\"alignleft\" src=\"https:\/\/www.radiopiu.net\/wordpress\/wp-content\/uploads\/2018\/08\/ULSS1-DOLOMITI.jpeg\" width=\"110\" height=\"66\" \/>BELLUNO<\/strong> Operatori socio-sanitari, il maxi concorso \u00e8 valido. Possono tirare un sospiro di sollievo gli oltre tremila lavoratori della sanit\u00e0 veneta che hanno superato il concorso indetto da Azienda Zero lo scorso giugno, risultando idonei all\u2019inserimento nelle graduatorie per l\u2019assunzione in una delle 12 aziende socio-sanitarie del Veneto. Il concorso era stato messo in dubbio per presunte irregolarit\u00e0 da un ricorso presentato da undici candidati che non avevano superato le prove, \u00e8 stata pubblicata la sentenza del Tar del Veneto che rigetta il ricorso, giudicandolo inammissibile e respingendo la domanda risarcitoria.<\/p>\n<blockquote><p><em><a class=\"dt-pswp-item\" href=\"https:\/\/www.radiopiu.net\/wordpress\/wp-content\/uploads\/2018\/07\/xCISL_Bl-Tv_Zuglian.png.pagespeed.ic_.wmGasEFVGR.png\" data-dt-img-description=\"\" data-large_image_width=\"218\" data-large_image_height=\"218\"><img loading=\"lazy\" decoding=\"async\" class=\" wp-image-54307 alignleft\" src=\"https:\/\/www.radiopiu.net\/wordpress\/wp-content\/uploads\/2018\/07\/xCISL_Bl-Tv_Zuglian.png.pagespeed.ic_.wmGasEFVGR.png\" alt=\"\" width=\"128\" height=\"127\" srcset=\"https:\/\/www.radiopiu.net\/wordpress\/wp-content\/uploads\/2018\/07\/xCISL_Bl-Tv_Zuglian.png.pagespeed.ic_.wmGasEFVGR.png 218w, https:\/\/www.radiopiu.net\/wordpress\/wp-content\/uploads\/2018\/07\/xCISL_Bl-Tv_Zuglian.png.pagespeed.ic_.wmGasEFVGR-150x150.png 150w\" sizes=\"auto, (max-width: 128px) 100vw, 128px\" \/><\/a>\u201cSi tratta di un\u2019ottima notizia per gli oltre mille operatori socio-sanitari che avevano passato il concorso e che erano stati inseriti nella graduatoria della Ulss 2 Marca Trevigiana e per i 233 inseriti nella graduatoria della Ulss 1 Dolomiti &#8211; spiega Fabio Zuglian, segretario generale della Cisl Fp Belluno Treviso -. La Cisl Fp si era mobilitata con delle assemblee nel territorio promuovendo gratuitamente per i propri associati un\u2019iniziativa di costituzione in appoggio e sostegno della correttezza formale e sostanziale della procedura concorsuale. La scelta di costituirsi in giudizio da parte di circa 300 operatori sociosanitari risultati idonei al concorso ha sicuramente inciso sul buon esito della vicenda. Finite anche le preoccupazioni per i 135 lavoratori gi\u00e0 assunti dalla Ulss 2 e i 44 che hanno preso servizio presso la Ulss 1 Dolomiti, che avrebbero perso il posto <\/em><\/p><\/blockquote>\n<p>&nbsp;<\/p>\n<p>&nbsp;<\/p>\n<p>&nbsp;<\/p>\n<h3>A CENCENIGHE SONO LE MAMME CHE RISOLVONO I PROBLEMI ALLA MENSA<\/h3>\n<p><span style=\"color: #ff0000;\"><a class=\"dt-pswp-item\" href=\"https:\/\/www.radiopiu.net\/wordpress\/wp-content\/uploads\/2016\/02\/Cencenighe.jpg\" data-dt-img-description=\"\" data-large_image_width=\"260\" data-large_image_height=\"179\"><img loading=\"lazy\" decoding=\"async\" class=\" wp-image-16980 alignleft\" src=\"https:\/\/www.radiopiu.net\/wordpress\/wp-content\/uploads\/2016\/02\/Cencenighe.jpg\" alt=\"\" width=\"211\" height=\"145\" \/><\/a><\/span><\/p>\n<p>&nbsp;<\/p>\n<p>&nbsp;<\/p>\n<p><span style=\"color: #ff0000;\">INTERVENTO DEL SINDACO MAURO SOPPELSA AI MICROFONI DI MATTEO MANFROI<\/span><\/p>\n<p>CENCENIGHE<\/p>\n<p>&nbsp;<\/p>\n<audio class=\"wp-audio-shortcode\" id=\"audio-112355-3\" preload=\"none\" style=\"width: 100%;\" controls=\"controls\"><source type=\"audio\/mpeg\" src=\"https:\/\/www.radiopiu.net\/wordpress\/wp-content\/uploads\/2020\/01\/mauroooo-1.mp3?_=3\" \/><a href=\"https:\/\/www.radiopiu.net\/wordpress\/wp-content\/uploads\/2020\/01\/mauroooo-1.mp3\">https:\/\/www.radiopiu.net\/wordpress\/wp-content\/uploads\/2020\/01\/mauroooo-1.mp3<\/a><\/audio>\n<p>&nbsp;<\/p>\n<p>&nbsp;<\/p>\n<p>&nbsp;<\/p>\n<p>&nbsp;<\/p>\n<blockquote><p><strong><em> ASCA seleziona educatore.<\/em><\/strong><\/p>\n<p><strong>\u00a0AGORDO\u00a0 <\/strong>E\u2019 rinvenibile \u00a0sul sito dell\u2019Azienda <a href=\"http:\/\/www.servizisocialiasca.it\">www.servizisocialiasca.it<\/a>\u00a0 l\u2019avviso relativo alla selezione per: EDUCATORE PROFESSIONALE per la formulazione di una graduatoria di idoneit\u00e0 finalizzata all\u2019inserimento a tempo determinato e indeterminato a tempo pieno e parziale presso la RSA di Agordo<strong>. <\/strong>Il termine ultimo per la presentazione delle candidature \u00e8 fissato entro e non oltre le ore 12.00 del giorno 30 gennaio 2020.<\/p>\n<p>&nbsp;<\/p><\/blockquote>\n<p>&nbsp;<\/p>\n<p>&nbsp;<\/p>\n<h2>VIA ALL&#8217;INVESTIMENTO NEI LOCALI DELLA EX GALLIO<\/h2>\n<p><strong><a class=\"dt-pswp-item\" href=\"https:\/\/www.radiopiu.net\/wordpress\/wp-content\/uploads\/2019\/07\/rivamonte.jpg\" data-dt-img-description=\"\" data-large_image_width=\"1599\" data-large_image_height=\"1200\"><img loading=\"lazy\" decoding=\"async\" class=\" wp-image-93746 alignleft\" src=\"https:\/\/www.radiopiu.net\/wordpress\/wp-content\/uploads\/2019\/07\/rivamonte-300x225.jpg\" alt=\"\" width=\"167\" height=\"125\" srcset=\"https:\/\/www.radiopiu.net\/wordpress\/wp-content\/uploads\/2019\/07\/rivamonte-300x225.jpg 300w, https:\/\/www.radiopiu.net\/wordpress\/wp-content\/uploads\/2019\/07\/rivamonte-768x576.jpg 768w, https:\/\/www.radiopiu.net\/wordpress\/wp-content\/uploads\/2019\/07\/rivamonte-1024x768.jpg 1024w, https:\/\/www.radiopiu.net\/wordpress\/wp-content\/uploads\/2019\/07\/rivamonte.jpg 1599w\" sizes=\"auto, (max-width: 167px) 100vw, 167px\" \/><\/a><\/strong><\/p>\n<p>&nbsp;<\/p>\n<p>&nbsp;<\/p>\n<p><strong>RIVAMONTE<\/strong><\/p>\n<p><strong>DI GIANNI SANTOMASO<\/strong><\/p>\n<audio class=\"wp-audio-shortcode\" id=\"audio-112355-4\" preload=\"none\" style=\"width: 100%;\" controls=\"controls\"><source type=\"audio\/mpeg\" src=\"https:\/\/www.radiopiu.net\/wordpress\/wp-content\/uploads\/2020\/01\/GIANNI-RIVA.mp3?_=4\" \/><a href=\"https:\/\/www.radiopiu.net\/wordpress\/wp-content\/uploads\/2020\/01\/GIANNI-RIVA.mp3\">https:\/\/www.radiopiu.net\/wordpress\/wp-content\/uploads\/2020\/01\/GIANNI-RIVA.mp3<\/a><\/audio>\n<p>&nbsp;<\/p>\n<p>&nbsp;<\/p>\n<p>&nbsp;<\/p>\n<h3>EX MINERARIO C&#8217;E&#8217; POCO DA ESULTARE SE IL 2 GENNAIO E&#8217; STATA CONCESSA LA PROROGA. TRE ANNI DI RITARDO AGGRAPPANDOSI A VAIA. IL COMUNE CHIEDE SOLDI, QUELLI CHE NON SI RIESCONO A SPENDERE<\/h3>\n<p><strong>AGORDO<\/strong><\/p>\n<p><strong>DI GIANNI SANTOMASO<\/strong><\/p>\n<audio class=\"wp-audio-shortcode\" id=\"audio-112355-5\" preload=\"none\" style=\"width: 100%;\" controls=\"controls\"><source type=\"audio\/mpeg\" src=\"https:\/\/www.radiopiu.net\/wordpress\/wp-content\/uploads\/2020\/01\/gianni-FOLLADOR-1.mp3?_=5\" \/><a href=\"https:\/\/www.radiopiu.net\/wordpress\/wp-content\/uploads\/2020\/01\/gianni-FOLLADOR-1.mp3\">https:\/\/www.radiopiu.net\/wordpress\/wp-content\/uploads\/2020\/01\/gianni-FOLLADOR-1.mp3<\/a><\/audio>\n<p>&nbsp;<\/p>\n<p><a class=\"dt-pswp-item\" href=\"https:\/\/www.radiopiu.net\/wordpress\/wp-content\/uploads\/2020\/01\/b2b4d769-bdae-44d9-b9c4-357d6e201b0d.jpg\" data-dt-img-description=\"\" data-large_image_width=\"1600\" data-large_image_height=\"1200\"><img loading=\"lazy\" decoding=\"async\" class=\"alignnone size-medium wp-image-112404\" src=\"https:\/\/www.radiopiu.net\/wordpress\/wp-content\/uploads\/2020\/01\/b2b4d769-bdae-44d9-b9c4-357d6e201b0d-300x225.jpg\" alt=\"\" width=\"300\" height=\"225\" srcset=\"https:\/\/www.radiopiu.net\/wordpress\/wp-content\/uploads\/2020\/01\/b2b4d769-bdae-44d9-b9c4-357d6e201b0d-300x225.jpg 300w, https:\/\/www.radiopiu.net\/wordpress\/wp-content\/uploads\/2020\/01\/b2b4d769-bdae-44d9-b9c4-357d6e201b0d-1024x768.jpg 1024w, https:\/\/www.radiopiu.net\/wordpress\/wp-content\/uploads\/2020\/01\/b2b4d769-bdae-44d9-b9c4-357d6e201b0d-768x576.jpg 768w, https:\/\/www.radiopiu.net\/wordpress\/wp-content\/uploads\/2020\/01\/b2b4d769-bdae-44d9-b9c4-357d6e201b0d-1536x1152.jpg 1536w, https:\/\/www.radiopiu.net\/wordpress\/wp-content\/uploads\/2020\/01\/b2b4d769-bdae-44d9-b9c4-357d6e201b0d.jpg 1600w\" sizes=\"auto, (max-width: 300px) 100vw, 300px\" \/><\/a><a class=\"dt-pswp-item\" href=\"https:\/\/www.radiopiu.net\/wordpress\/wp-content\/uploads\/2020\/01\/fe5a3bf5-3989-4614-8273-10a8840591f7.jpg\" data-dt-img-description=\"\" data-large_image_width=\"1600\" data-large_image_height=\"1200\"><img loading=\"lazy\" decoding=\"async\" class=\"alignnone size-medium wp-image-112403\" src=\"https:\/\/www.radiopiu.net\/wordpress\/wp-content\/uploads\/2020\/01\/fe5a3bf5-3989-4614-8273-10a8840591f7-300x225.jpg\" alt=\"\" width=\"300\" height=\"225\" srcset=\"https:\/\/www.radiopiu.net\/wordpress\/wp-content\/uploads\/2020\/01\/fe5a3bf5-3989-4614-8273-10a8840591f7-300x225.jpg 300w, https:\/\/www.radiopiu.net\/wordpress\/wp-content\/uploads\/2020\/01\/fe5a3bf5-3989-4614-8273-10a8840591f7-1024x768.jpg 1024w, https:\/\/www.radiopiu.net\/wordpress\/wp-content\/uploads\/2020\/01\/fe5a3bf5-3989-4614-8273-10a8840591f7-768x576.jpg 768w, https:\/\/www.radiopiu.net\/wordpress\/wp-content\/uploads\/2020\/01\/fe5a3bf5-3989-4614-8273-10a8840591f7-1536x1152.jpg 1536w, https:\/\/www.radiopiu.net\/wordpress\/wp-content\/uploads\/2020\/01\/fe5a3bf5-3989-4614-8273-10a8840591f7.jpg 1600w\" sizes=\"auto, (max-width: 300px) 100vw, 300px\" \/><\/a><a class=\"dt-pswp-item\" href=\"https:\/\/www.radiopiu.net\/wordpress\/wp-content\/uploads\/2020\/01\/d6adc456-456c-4c1d-a426-b252b8e5e64d.jpg\" data-dt-img-description=\"\" data-large_image_width=\"1600\" data-large_image_height=\"1200\"><img loading=\"lazy\" decoding=\"async\" class=\"alignnone size-medium wp-image-112402\" src=\"https:\/\/www.radiopiu.net\/wordpress\/wp-content\/uploads\/2020\/01\/d6adc456-456c-4c1d-a426-b252b8e5e64d-300x225.jpg\" alt=\"\" width=\"300\" height=\"225\" srcset=\"https:\/\/www.radiopiu.net\/wordpress\/wp-content\/uploads\/2020\/01\/d6adc456-456c-4c1d-a426-b252b8e5e64d-300x225.jpg 300w, https:\/\/www.radiopiu.net\/wordpress\/wp-content\/uploads\/2020\/01\/d6adc456-456c-4c1d-a426-b252b8e5e64d-1024x768.jpg 1024w, https:\/\/www.radiopiu.net\/wordpress\/wp-content\/uploads\/2020\/01\/d6adc456-456c-4c1d-a426-b252b8e5e64d-768x576.jpg 768w, https:\/\/www.radiopiu.net\/wordpress\/wp-content\/uploads\/2020\/01\/d6adc456-456c-4c1d-a426-b252b8e5e64d-1536x1152.jpg 1536w, https:\/\/www.radiopiu.net\/wordpress\/wp-content\/uploads\/2020\/01\/d6adc456-456c-4c1d-a426-b252b8e5e64d.jpg 1600w\" sizes=\"auto, (max-width: 300px) 100vw, 300px\" \/><\/a><a class=\"dt-pswp-item\" href=\"https:\/\/www.radiopiu.net\/wordpress\/wp-content\/uploads\/2020\/01\/4a02e54b-1161-4c63-994a-1178c54c7afb.jpg\" data-dt-img-description=\"\" data-large_image_width=\"1600\" data-large_image_height=\"1200\"><img loading=\"lazy\" decoding=\"async\" class=\"alignnone size-medium wp-image-112401\" src=\"https:\/\/www.radiopiu.net\/wordpress\/wp-content\/uploads\/2020\/01\/4a02e54b-1161-4c63-994a-1178c54c7afb-300x225.jpg\" alt=\"\" width=\"300\" height=\"225\" srcset=\"https:\/\/www.radiopiu.net\/wordpress\/wp-content\/uploads\/2020\/01\/4a02e54b-1161-4c63-994a-1178c54c7afb-300x225.jpg 300w, https:\/\/www.radiopiu.net\/wordpress\/wp-content\/uploads\/2020\/01\/4a02e54b-1161-4c63-994a-1178c54c7afb-1024x768.jpg 1024w, https:\/\/www.radiopiu.net\/wordpress\/wp-content\/uploads\/2020\/01\/4a02e54b-1161-4c63-994a-1178c54c7afb-768x576.jpg 768w, https:\/\/www.radiopiu.net\/wordpress\/wp-content\/uploads\/2020\/01\/4a02e54b-1161-4c63-994a-1178c54c7afb-1536x1152.jpg 1536w, https:\/\/www.radiopiu.net\/wordpress\/wp-content\/uploads\/2020\/01\/4a02e54b-1161-4c63-994a-1178c54c7afb.jpg 1600w\" sizes=\"auto, (max-width: 300px) 100vw, 300px\" \/><\/a><a class=\"dt-pswp-item\" href=\"https:\/\/www.radiopiu.net\/wordpress\/wp-content\/uploads\/2020\/01\/ce3a9688-ac1f-4825-bc3d-059fa1db4ce6.jpg\" data-dt-img-description=\"\" data-large_image_width=\"1600\" data-large_image_height=\"1200\"><img loading=\"lazy\" decoding=\"async\" class=\"alignnone size-medium wp-image-112400\" src=\"https:\/\/www.radiopiu.net\/wordpress\/wp-content\/uploads\/2020\/01\/ce3a9688-ac1f-4825-bc3d-059fa1db4ce6-300x225.jpg\" alt=\"\" width=\"300\" height=\"225\" srcset=\"https:\/\/www.radiopiu.net\/wordpress\/wp-content\/uploads\/2020\/01\/ce3a9688-ac1f-4825-bc3d-059fa1db4ce6-300x225.jpg 300w, https:\/\/www.radiopiu.net\/wordpress\/wp-content\/uploads\/2020\/01\/ce3a9688-ac1f-4825-bc3d-059fa1db4ce6-1024x768.jpg 1024w, https:\/\/www.radiopiu.net\/wordpress\/wp-content\/uploads\/2020\/01\/ce3a9688-ac1f-4825-bc3d-059fa1db4ce6-768x576.jpg 768w, https:\/\/www.radiopiu.net\/wordpress\/wp-content\/uploads\/2020\/01\/ce3a9688-ac1f-4825-bc3d-059fa1db4ce6-1536x1152.jpg 1536w, https:\/\/www.radiopiu.net\/wordpress\/wp-content\/uploads\/2020\/01\/ce3a9688-ac1f-4825-bc3d-059fa1db4ce6.jpg 1600w\" sizes=\"auto, (max-width: 300px) 100vw, 300px\" \/><\/a><a class=\"dt-pswp-item\" href=\"https:\/\/www.radiopiu.net\/wordpress\/wp-content\/uploads\/2020\/01\/5fd9dda3-4993-42e8-9ed4-3a8bc57f3243.jpg\" data-dt-img-description=\"\" data-large_image_width=\"1600\" data-large_image_height=\"1200\"><img loading=\"lazy\" decoding=\"async\" class=\"alignnone size-medium wp-image-112399\" src=\"https:\/\/www.radiopiu.net\/wordpress\/wp-content\/uploads\/2020\/01\/5fd9dda3-4993-42e8-9ed4-3a8bc57f3243-300x225.jpg\" alt=\"\" width=\"300\" height=\"225\" srcset=\"https:\/\/www.radiopiu.net\/wordpress\/wp-content\/uploads\/2020\/01\/5fd9dda3-4993-42e8-9ed4-3a8bc57f3243-300x225.jpg 300w, https:\/\/www.radiopiu.net\/wordpress\/wp-content\/uploads\/2020\/01\/5fd9dda3-4993-42e8-9ed4-3a8bc57f3243-1024x768.jpg 1024w, https:\/\/www.radiopiu.net\/wordpress\/wp-content\/uploads\/2020\/01\/5fd9dda3-4993-42e8-9ed4-3a8bc57f3243-768x576.jpg 768w, https:\/\/www.radiopiu.net\/wordpress\/wp-content\/uploads\/2020\/01\/5fd9dda3-4993-42e8-9ed4-3a8bc57f3243-1536x1152.jpg 1536w, https:\/\/www.radiopiu.net\/wordpress\/wp-content\/uploads\/2020\/01\/5fd9dda3-4993-42e8-9ed4-3a8bc57f3243.jpg 1600w\" sizes=\"auto, (max-width: 300px) 100vw, 300px\" \/><\/a><\/p>\n<p>&nbsp;<\/p>\n<p>&nbsp;<\/p>\n<p>&nbsp;<\/p>\n<p>&nbsp;<\/p>\n<h2>SIMONE GARAVANA DA TAIBON&#8230;.AL GIRO DEL MONDO<\/h2>\n<div id=\"meta\" class=\"style-scope ytd-watch-flexy\">\n<div id=\"meta-contents\" class=\"style-scope ytd-watch-flexy\">\n<div id=\"container\" class=\"style-scope ytd-video-secondary-info-renderer\">\n<div id=\"content\" class=\"style-scope ytd-expander\">\n<blockquote>\n<div id=\"description\" class=\"style-scope ytd-video-secondary-info-renderer\"><strong><a class=\"dt-pswp-item\" href=\"https:\/\/www.radiopiu.net\/wordpress\/wp-content\/uploads\/2020\/01\/78482966_446272369423557_73154597404803072_n.jpg\" data-dt-img-description=\"\" data-large_image_width=\"473\" data-large_image_height=\"462\"><img loading=\"lazy\" decoding=\"async\" class=\"wp-image-112471 alignleft\" src=\"https:\/\/www.radiopiu.net\/wordpress\/wp-content\/uploads\/2020\/01\/78482966_446272369423557_73154597404803072_n-300x293.jpg\" alt=\"\" width=\"215\" height=\"210\" srcset=\"https:\/\/www.radiopiu.net\/wordpress\/wp-content\/uploads\/2020\/01\/78482966_446272369423557_73154597404803072_n-300x293.jpg 300w, https:\/\/www.radiopiu.net\/wordpress\/wp-content\/uploads\/2020\/01\/78482966_446272369423557_73154597404803072_n.jpg 473w\" sizes=\"auto, (max-width: 215px) 100vw, 215px\" \/><\/a><\/strong><\/div>\n<div><\/div>\n<div><\/div>\n<div class=\"style-scope ytd-video-secondary-info-renderer\"><strong>TAIBON<\/strong>\u00a0 &#8220;Ciao a tutti!! Sono un ragazzo di 19 anni che sta facendo il giro del mondo con zaino in spalla, dopo Egitto ed Israele, dopo avventure incredibili, persone fantastiche e paesaggi mozzafiato voglio portarvi con me all&#8217;avventura. Questo \u00e8 il mio primo Vlog e primo video. Spero vi piaccia come piace a me, la qualit\u00e0 non \u00e8 delle migliori, ma vi racconter\u00f2 anche il perch\u00e9 in un video futuro- Ci vediamo, ciao. Per seguire le mie avventure con altri contenuti interessanti&#8230; Facebook \u25cf <a class=\"yt-simple-endpoint style-scope yt-formatted-string\" spellcheck=\"false\" href=\"https:\/\/www.youtube.com\/redirect?event=video_description&amp;redir_token=Ju270idQ5U1apt2kFbfNt0Z4Zhl8MTU3ODYyODg2MEAxNTc4NTQyNDYw&amp;q=https%3A%2F%2Fwww.facebook.com%2FGaravanaS%2F&amp;v=wxKKFKRJ4LM\" target=\"_blank\" rel=\"nofollow noopener noreferrer\">https:\/\/www.facebook.com\/GaravanaS\/<\/a> Instagram \u25cf <a class=\"yt-simple-endpoint style-scope yt-formatted-string\" spellcheck=\"false\" href=\"https:\/\/www.youtube.com\/redirect?event=video_description&amp;redir_token=Ju270idQ5U1apt2kFbfNt0Z4Zhl8MTU3ODYyODg2MEAxNTc4NTQyNDYw&amp;q=https%3A%2F%2Fwww.instagram.com%2Fs.gara%2F&amp;v=wxKKFKRJ4LM\" target=\"_blank\" rel=\"nofollow noopener noreferrer\">https:\/\/www.instagram.com\/s.gara\/&#8221;<\/a><\/div>\n<\/blockquote>\n<div>Simone Garavana \u00e8 un giovane di Taibon che ha deciso di scoprire il mondo, ecco il suo ultimo video dalla Giordania.<\/div>\n<\/div>\n<blockquote>\n<div id=\"always-shown\" class=\"style-scope ytd-metadata-row-container-renderer\"><\/div>\n<\/blockquote>\n<\/div>\n<\/div>\n<\/div>\n<p><iframe loading=\"lazy\" title=\"Entro in Giordania e dormo in un castello!! - VLOG 1\" width=\"1200\" height=\"675\" src=\"https:\/\/www.youtube.com\/embed\/wxKKFKRJ4LM?feature=oembed\" frameborder=\"0\" allow=\"accelerometer; autoplay; encrypted-media; gyroscope; picture-in-picture\" allowfullscreen><\/iframe><\/p>\n<p>&nbsp;<\/p>\n<p>&nbsp;<\/p>\n<p>&nbsp;<\/p>\n<p>&nbsp;<\/p>\n<h3>IL PIANO COMUNALE DI PROTEZIONE CIVILE<\/h3>\n<p><strong><img loading=\"lazy\" decoding=\"async\" class=\"alignleft\" src=\"https:\/\/www.radiopiu.net\/wordpress\/wp-content\/uploads\/2018\/11\/e78976c0-3fc0-40e7-bb41-8c6b14734bd4.jpg\" width=\"94\" height=\"125\" \/>AGORDO<\/strong>\u00a0Vaia non \u00e8 un ricordo lontano, tutt\u2019altro e la paura di un altro uragano come quello di fine ottobre 2018 difficilmente passer\u00e0. Il Comune di Agordo tra pochi giorni presenter\u00e0 il piano comunale di protezione civile opportunamento aggiornato secondo il nuovo codice di protezione civile. Il sindaco Roberto Chissal\u00e8 al proposito intende informare la popolazione sugli scenari di rischio, sulla pianificazione di protezione civile e sulle situazioni di pericolo determinate dai rischi naturali o comunque derivanti dall\u2019attivit\u00e0 dell\u2019uomo e che potrebbero verificarsi sul territorio del Comune. Il piano di protezione civile sar\u00e0 presentato da chi lo ha redatto, ovvero l\u2019ingegner Maurizio Girola, venerdi 10 gennaio alle 20 in sala Don Tamis ad Agordo, incontro aperto a tutta la cittadinanza.<\/p>\n<p><strong>IL SINDACO ROBERTO CHISSALE\u2019<\/strong><\/p>\n<audio class=\"wp-audio-shortcode\" id=\"audio-112355-6\" preload=\"none\" style=\"width: 100%;\" controls=\"controls\"><source type=\"audio\/mpeg\" src=\"https:\/\/www.radiopiu.net\/wordpress\/wp-content\/uploads\/2020\/01\/chissale.mp3?_=6\" \/><a href=\"https:\/\/www.radiopiu.net\/wordpress\/wp-content\/uploads\/2020\/01\/chissale.mp3\">https:\/\/www.radiopiu.net\/wordpress\/wp-content\/uploads\/2020\/01\/chissale.mp3<\/a><\/audio>\n<p>&nbsp;<\/p>\n<p>&nbsp;<\/p>\n<p>&nbsp;<\/p>\n<h3>5 G MINACCIA INVISIBILE? A LA VALLE L&#8217;INCONTRO<\/h3>\n<p><strong><a class=\"dt-pswp-item\" href=\"https:\/\/www.radiopiu.net\/wordpress\/wp-content\/uploads\/2019\/12\/5g-antenna.jpg\" data-dt-img-description=\"\" data-large_image_width=\"1156\" data-large_image_height=\"650\"><img loading=\"lazy\" decoding=\"async\" class=\"size-medium wp-image-110176 alignleft\" src=\"https:\/\/www.radiopiu.net\/wordpress\/wp-content\/uploads\/2019\/12\/5g-antenna-300x169.jpg\" alt=\"\" width=\"300\" height=\"169\" srcset=\"https:\/\/www.radiopiu.net\/wordpress\/wp-content\/uploads\/2019\/12\/5g-antenna-300x169.jpg 300w, https:\/\/www.radiopiu.net\/wordpress\/wp-content\/uploads\/2019\/12\/5g-antenna-1024x576.jpg 1024w, https:\/\/www.radiopiu.net\/wordpress\/wp-content\/uploads\/2019\/12\/5g-antenna-768x432.jpg 768w, https:\/\/www.radiopiu.net\/wordpress\/wp-content\/uploads\/2019\/12\/5g-antenna.jpg 1156w\" sizes=\"auto, (max-width: 300px) 100vw, 300px\" \/><\/a>LA VALLE<\/strong> Come noto ormai da tempo sono due i Comuni Agordini scelti come &#8220;cavie&#8221; per la nuova tegnologia 5G della quale pochi ne sanno qualche cosa. Per questo motivo l&#8217;amministrazione comunale lavallese ha messo in calendario per sabato 18 gennaio alle 20.30 un importante incontro. Una serata sul tema dell&#8217;inquinamento da campi elettromagnetici perch\u00e9 la conoscenza dei rischi per la salute \u00e8 un diritto di tutti. Elettrosmog e 5G il titolo della serata con sottotitolo sibillino &#8220;la minaccia invisibile&#8221;. Ne parler\u00e0 il dottor Achille Sacchi, in sala Valmassoni (ex latteria). Siamo quotidianamente immersi dentro un grande campo magnetico le cui onde influiscono sulla salute, l&#8217;uso del 5G quanto contribuir\u00e0 ad aumentare il rischio? Il dottor Achille Sacchi, esperto di elettrosmog e autore del libro &#8220;inquinamento invisibile&#8221; parler\u00e0 dei rischi di questa forma di inquinamento. L&#8217;incontro \u00e8 organizzato da Comune di La Valle Agordina e Associazione culturale Centro UPM di Belluno, ingresso libero.<\/p>\n<p>&nbsp;<\/p>\n<p>&nbsp;<\/p>\n<h3><\/h3>\n<p>&nbsp;<\/p>\n<p>&nbsp;<\/p>\n<h2>DALLA RASSEGNA STAMPA DI QUESTA MATTINA,\u00a0 IN ONDA TUTTI I GIORNI ALLE 4 E ALLE 6 DEL MATTINO<\/h2>\n<p><span style=\"color: #ff0000;\"><strong>VENETO: al primo posto nella classifica delle Regioni in ambito sanitario, tolto il primato al Piemonte<br \/>\nInoltre a proposito di salute, i dati sull&#8217;influenza in Italia; 286mila italiani a letto.<\/strong><\/span><\/p>\n<audio class=\"wp-audio-shortcode\" id=\"audio-112355-7\" preload=\"none\" style=\"width: 100%;\" controls=\"controls\"><source type=\"audio\/mpeg\" src=\"https:\/\/www.radiopiu.net\/wordpress\/wp-content\/uploads\/2020\/01\/rassegna.mp3?_=7\" \/><a href=\"https:\/\/www.radiopiu.net\/wordpress\/wp-content\/uploads\/2020\/01\/rassegna.mp3\">https:\/\/www.radiopiu.net\/wordpress\/wp-content\/uploads\/2020\/01\/rassegna.mp3<\/a><\/audio>\n<p>&nbsp;<\/p>\n<p>&nbsp;<\/p>\n<p>&nbsp;<\/p>\n<h3>INFLUENZA. NUOVO REPORT VENETO. IN AUMENTO, MA MENO DELLA MEDIA ITALIANA.<\/h3>\n<p><strong>VENEZIA\u00a0<\/strong> Dal 30 dicembre 2019 al 5 gennaio 2020, altri 13.500 veneti si sono messi a letto con l\u2019influenza, portando il totale dall\u2019inizio del monitoraggio a 90.900 persone colpite, pari a un\u2019incidenza di 2,75 casi per mille residenti, in aumento rispetto alla precedente rilevazione, ma ancora inferiore all\u2019incidenza nazionale, attestata a 3,73 casi per mille. Lo attesta il nuovo Rapporto Epidemiologico sull\u2019influenza, elaborato dalla Direzione Prevenzione della Regione e diffuso oggi dall\u2019Assessore alla Sanit\u00e0, Manuela Lanzarin. L\u2019andamento stagionale, che gli esperti reputano simile a quello degli anni scorsi, indica, anche in questo caso come in ogni stagione, nei bambini da 0 a 4 anni la fascia di et\u00e0 pi\u00f9 colpita, con un\u2019incidenza di 4,93 casi ogni mille abitanti. Seguono gli adulti tra 15 e 64 anni (2,84 per mille); i ragazzi tra 5 e 14 anni (2,49); gli ultrasessantacinquenni con 2,07 casi ogni mille. Il monitoraggio segnala la comparsa, per la prima volta quest\u2019anno, di due casi di complicanze (una sindrome da distress acuto e una grave insufficienza respiratoria acuta), una all\u2019Ulss 3 Serenissima e una all\u2019Ulss 2 Marca Trevigiana.<\/p>\n<div class=\"su-document su-u-responsive-media-no\"><iframe loading=\"lazy\" src=\"\/\/docs.google.com\/viewer?embedded=true&url=https:\/\/www.radiopiu.net\/wordpress\/wp-content\/uploads\/2020\/01\/rapporto_influenza_02_2019-20.pdf\" width=\"600\" height=\"800\" class=\"su-document\" title=\"cc\"><\/iframe><\/div>\n<p>&nbsp;<\/p>\n<p>&nbsp;<\/p>\n<p>&nbsp;<\/p>\n<h2>Trasporti, al Veneto oltre 161 milioni per la mobilit\u00e0 sostenibile. D\u2019Inc\u00e0: \u201cRisorse importanti per ambiente e cittadini\u201d<\/h2>\n<p><strong>ROMA<\/strong> \u201cUna risposta importante all\u2019emergenza smog che ha interessato alcuni territori del nostro Paese, come il Veneto, il Piemonte e la Lombardia arriva anche dallo stanziamento di 2,2 miliardi di euro per l\u2019acquisto di nuovi bus ecologici che interessano il trasporto pubblico locale e che riguarder\u00e0 le Regioni italiane. Il Governo conferma ancora una volta l\u2019attenzione nei confronti dell\u2019ambiente e di una mobilit\u00e0 sostenibile che \u00e8 necessaria per migliorare la qualit\u00e0 del nostro Paese e la salute dei cittadini\u201d. Lo afferma Federico D\u2019Inc\u00e0, ministro per i Rapporti con il Parlamento, in seguito all\u2019annuncio dello stanziamento di 2,2 miliardi di euro per l\u2019acquisto di nuovi bus ecologici adibiti al trasporto pubblico locale e alle relative infrastrutture, sulla base delle disposizioni del Piano Strategico Nazionale della Mobilit\u00e0 Sostenibile,adottato dal dpcm proposto dall&#8217;ex ministro Toninelli. \u201cSi tratta di risorse importanti che riguardano anche il Veneto \u2013 prosegue il ministro D\u2019Inc\u00e0, che aggiunge: alla nostra regione, la terza per fondi ricevuti, infatti, arriveranno oltre 161 milioni di euro, che serviranno ad una nuova mobilit\u00e0 green e sostenibile. \u00c8 uno stanziamento importante e desidero ringraziare la ministra dei Trasporti e delle Infrastrutture Paola De Micheli per l\u2019interesse e la sensibilit\u00e0 dimostrata anche in questa occasione nel perseguire gli obiettivi di sostenibilit\u00e0 che il Governo si \u00e8 dato fin dal suo primo giorno di insediamento\u201d. \u201cQuesto intervento \u2013 osserva D\u2019Inc\u00e0 -, assieme alla legge sul Clima recentemente approvata dal Parlamento che contiene numerose misure in favore dell\u2019ambiente e alla previsione di investimenti di 50 miliardi di euro in 15 anni per contrastare i cambiamenti climatici, rappresenta la strada che vogliamo percorrere per una societ\u00e0 che faccia della sostenibilit\u00e0 uno dei pilastri per costruire il futuro, come ci chiedono da mesi migliaia di giovani impegnati in questa importante battaglia\u201d.<\/p>\n<p>&nbsp;<\/p>\n<p>&nbsp;<\/p>\n<p>&nbsp;<\/p>\n<blockquote>\n<h3>IERI SERA IL TWEET\u00a0 DEL MINISTRO FEDERICO D&#8217;INCA&#8217; SULLA LEGGE ELETTORALE<\/h3>\n<p><strong>Raggiunta la quadra sulla #LeggeElettorale. Il punto di partenza \u00e8 un proporzionale con soglia di sbarramento al 5%. Per questo risultato ringrazio le forze di maggioranza che hanno lavorato al tavolo per la stesura del ddl. Col confronto in Aula supereremo le riserve rimaste<\/strong><\/p>\n<p>&nbsp;<\/p><\/blockquote>\n<p>&nbsp;<\/p>\n<p>&nbsp;<\/p>\n<p>&nbsp;<\/p>\n<h3>INCIDENTI STRADALI. ZAIA SCRIVE A PREMIER CONTE<\/h3>\n<blockquote><p><strong><a class=\"dt-pswp-item\" href=\"https:\/\/www.radiopiu.net\/wordpress\/wp-content\/uploads\/2018\/08\/INCIDENTE-ILI.jpeg\" data-dt-img-description=\"\" data-large_image_width=\"1280\" data-large_image_height=\"768\"><img loading=\"lazy\" decoding=\"async\" class=\" wp-image-57056 alignleft\" src=\"https:\/\/www.radiopiu.net\/wordpress\/wp-content\/uploads\/2018\/08\/INCIDENTE-ILI-300x180.jpeg\" alt=\"\" width=\"257\" height=\"154\" srcset=\"https:\/\/www.radiopiu.net\/wordpress\/wp-content\/uploads\/2018\/08\/INCIDENTE-ILI-300x180.jpeg 300w, https:\/\/www.radiopiu.net\/wordpress\/wp-content\/uploads\/2018\/08\/INCIDENTE-ILI-768x461.jpeg 768w, https:\/\/www.radiopiu.net\/wordpress\/wp-content\/uploads\/2018\/08\/INCIDENTE-ILI-1024x614.jpeg 1024w, https:\/\/www.radiopiu.net\/wordpress\/wp-content\/uploads\/2018\/08\/INCIDENTE-ILI.jpeg 1280w\" sizes=\"auto, (max-width: 257px) 100vw, 257px\" \/><\/a>VENEZIA\u00a0<\/strong> Facciamo squadra per rispondere alle tante tragedie della strada con una grande campagna di sensibilizzazione nazionale. E\u2019 questo il senso di una lettera che il Presidente della Regione del Veneto, Luca Zaia, ha inviato oggi al Premier Giuseppe Conte e al Ministro delle Infrastrutture e Trasporti, Paola De Micheli. Nella missiva, il Governatore ricorda che, nel solo Veneto, nel 2018 (e i dati in elaborazione per il 2019 non consentono ottimismo), ci sono state 311 vittime per incidenti stradali, con 19.313 feriti, e fa riferimento alla campagna \u201cOkkio alla Vita\u201d lanciata il 30 dicembre scorso da Spresiano (Treviso) in collaborazione con l\u2019Associazione delle Imprese di Intrattenimento (il Silb), che utilizza immagini forti, come carcasse di auto incidentate piazzate all\u2019esterno delle discoteche a far da monito ai giovani frequentatori. Zaia chiede a Conte sostegno alle iniziative del Silb, ma va oltre: <em>\u201cRitengo \u2013 scrive al Premier e alla De Micheli &#8211; necessaria e urgente la definizione, il finanziamento e la realizzazione di una capillare campagna nazionale, che coinvolga ogni settore del mondo dell\u2019informazione: giornali, televisioni e radio pubbliche e private, il web in ogni sua articolazione. A questo scopo proporr\u00f2 in sede di Conferenza dei Presidenti delle Regioni e delle Province Autonome italiane un diretto coinvolgimento di Regioni e Province, in ipotesi partendo dalla partecipazione a un tavolo tecnico comune con il Governo nazionale ove definire e concordare i contenuti, i mezzi i costi e le modalit\u00e0 di attivazione di quella che si configurerebbe come una vera e propria campagna nazionale salvavita\u201d.<\/em><\/p><\/blockquote>\n<p>&nbsp;<\/p>\n<p>&nbsp;<\/p>\n<p>&nbsp;<\/p>\n<p>&nbsp;<\/p>\n<h3>DIFESA DEL SUOLO A PALAZZO BALBI L&#8217;ASSESSORE BOTTACIN E IL PROFESSOR D\u2019ALPAOS<\/h3>\n<p><strong>VENEZIA<\/strong>\u00a0 Oggi alle 11.30 in sala Pedenin a palazzo Balbi, sede della giunta regionale del Veneto, l\u2019assessore regionale all\u2019ambiente e protezione civile Gianpaolo Bottacin ed il professor Luigi D\u2019Alpaos presenteranno alla stampa il modello di previsione delle piene dei fiumi IMAGe. Si tratta di un modello sviluppato da Regione del Veneto in collaborazione con l\u2019Universit\u00e0 di Padova, che permette di prevedere le piene dei fiumi con l\u2019applicazione di modelli matematici gi\u00e0 testati in occasione, ad esempio della tempesta Vaia.<\/p>\n<p>&nbsp;<\/p>\n<p>&nbsp;<\/p>\n<p>&nbsp;<\/p>\n<h3>RACCOLTA DIFFERENZIATA 25 mila euro al fondo premialit\u00e0 per cittadini e aziende virtuose<\/h3>\n<p><span style=\"font-size: large;\"><b><a class=\"dt-pswp-item\" href=\"https:\/\/www.radiopiu.net\/wordpress\/wp-content\/uploads\/2020\/01\/6fa19c26-0d84-4172-92dc-c6fe2065d875.jpg\" data-dt-img-description=\"\" data-large_image_width=\"2000\" data-large_image_height=\"1500\"><img loading=\"lazy\" decoding=\"async\" class=\"size-medium wp-image-112417 alignleft\" src=\"https:\/\/www.radiopiu.net\/wordpress\/wp-content\/uploads\/2020\/01\/6fa19c26-0d84-4172-92dc-c6fe2065d875-300x225.jpg\" alt=\"\" width=\"300\" height=\"225\" srcset=\"https:\/\/www.radiopiu.net\/wordpress\/wp-content\/uploads\/2020\/01\/6fa19c26-0d84-4172-92dc-c6fe2065d875-300x225.jpg 300w, https:\/\/www.radiopiu.net\/wordpress\/wp-content\/uploads\/2020\/01\/6fa19c26-0d84-4172-92dc-c6fe2065d875-1024x768.jpg 1024w, https:\/\/www.radiopiu.net\/wordpress\/wp-content\/uploads\/2020\/01\/6fa19c26-0d84-4172-92dc-c6fe2065d875-768x576.jpg 768w, https:\/\/www.radiopiu.net\/wordpress\/wp-content\/uploads\/2020\/01\/6fa19c26-0d84-4172-92dc-c6fe2065d875-1536x1152.jpg 1536w, https:\/\/www.radiopiu.net\/wordpress\/wp-content\/uploads\/2020\/01\/6fa19c26-0d84-4172-92dc-c6fe2065d875.jpg 2000w\" sizes=\"auto, (max-width: 300px) 100vw, 300px\" \/><\/a>FELTRE\u00a0 <\/b><\/span><span style=\"color: #000000;\"><span style=\"font-family: Californian FB, serif;\"><span style=\"font-family: Times New Roman, serif;\"><span style=\"font-size: large;\">L&#8217;Amministrazione ha da tempo intrapreso una politica volta a promuovere ulteriormente e favorire l&#8217;utilizzo del Centro di Raccolta Comunale (ecocentro), in quanto questo comporta una riduzione dei costi di raccolta\/trasporto dei rifiuti ed un controllo puntuale della qualit\u00e0 del rifiuto conferito. I rifiuti conferiti vengono infatti controllati dagli operatori dedicati alla gestione del Centro di Raccolta, che allo stesso tempo informano e aiutano i cittadini a una migliore e corretta differenziazione dei rifiuti. Per queste ragioni l&#8217;Amministrazione ha destinato anche per il 2019 una somma al <\/span><\/span><span style=\"font-family: Times New Roman, serif;\"><span style=\"font-size: large;\">Fondo premialit\u00e0 cittadini virtuosi\u201d. <\/span><\/span><\/span><\/span><span style=\"font-size: large; font-family: 'Times New Roman', serif; color: #000000;\">Grazie ad una oculata gestione dell&#8217;Ufficio Nettezza Urbana si sono ottenuti dei risparmi rispetto al bilancio di previsione 2019, con una parte dei quali si \u00e8 arrivati ad individuare la cifra di 25 mila euro, che sar\u00e0 cos\u00ec ripartita: 10.000 euro quale incentivo per le utenze domestiche; 10.000 per le utenze non domestiche; 3.500 per il \u201cRiciclatore Incentivante\u201d situato nell&#8217;area della scuola media \u201cRocca\u201d per le utenze domestiche, erogato \u2013 come di consueto &#8211; in forma di buono-acquisto utilizzabile presso le farmacie; 1.000 euro quale incentivo \u201cRAEE scuola\u201d (che verr\u00e0 assegnato ai tre istituti primi classificati sotto forma di cancelleria e materiale didattico), per scuole che collaborano alla raccolta dei PAED; e infine 500 euro, nell&#8217;ambito dell&#8217;iniziativa \u201cAlbero Riciclone\u201d, a favore delle scuole che partecipano e collaborano all&#8217;iniziativa \u201caddobbando riciclando\u201d, che saranno assegnati attraverso la consegna di oggetti, possibilmente in materiale riciclato.<\/span><\/p>\n<p align=\"JUSTIFY\"><strong>L&#8217;ASSESSORE ADIS ZATTA<\/strong><\/p>\n<audio class=\"wp-audio-shortcode\" id=\"audio-112355-8\" preload=\"none\" style=\"width: 100%;\" controls=\"controls\"><source type=\"audio\/mpeg\" src=\"https:\/\/www.radiopiu.net\/wordpress\/wp-content\/uploads\/2020\/01\/zatta.mp3?_=8\" \/><a href=\"https:\/\/www.radiopiu.net\/wordpress\/wp-content\/uploads\/2020\/01\/zatta.mp3\">https:\/\/www.radiopiu.net\/wordpress\/wp-content\/uploads\/2020\/01\/zatta.mp3<\/a><\/audio>\n<blockquote><p>In questi giorni \u00e8 stata nel frattempo eseguita una mappatura di tutte le campane per la raccolta di carta\/cartone e di plastica\/alluminio per la verifica del corretto funzionamento degli sportelli di apertura e chiusura dei contenitori.\u00a0 Un&#8217;altra utile informazione riguarda, infine, gli orari di apertura straordinaria dell&#8217;ecocentro di via Cavalieri di V. Veneto: a seguito dei modestissimi conferimenti registrati durante il 2019, si \u00e8 deciso di sospendere, almeno per il momento, l&#8217;apertura prevista per la seconda domenica di ogni mese. In futuro, in base alle esigenze che si dovessero manifestare, verranno valutate altre aperture straordinarie<\/p><\/blockquote>\n<p>&nbsp;<\/p>\n<p>&nbsp;<\/p>\n<p>&nbsp;<\/p>\n<h2>IL GRAZIE A FRANCAVILLA LUMINARE PREPARATO E GARBATO<\/h2>\n<blockquote>\n<p align=\"JUSTIFY\"><em><span style=\"font-family: Calibri, sans-serif;\"><span style=\"font-size: medium;\">Il Direttore Generale ha ringraziato il dr. Francavilla per tutta l\u2019attivit\u00e0 svolta nel promuovere il dipartimento di cui era a capo e il centro di riferimento regionale per le patologie connesse ai morsi delle zecche.<\/span><\/span><\/em><\/p>\n<\/blockquote>\n<p align=\"JUSTIFY\"><span style=\"font-family: Calibri, sans-serif;\"><span style=\"font-size: medium;\"><a class=\"dt-pswp-item\" href=\"https:\/\/www.radiopiu.net\/wordpress\/wp-content\/uploads\/2020\/01\/IMG-20200108-WA0001.jpg\" data-dt-img-description=\"\" data-large_image_width=\"1200\" data-large_image_height=\"1600\"><img loading=\"lazy\" decoding=\"async\" class=\"size-medium wp-image-112445 alignleft\" src=\"https:\/\/www.radiopiu.net\/wordpress\/wp-content\/uploads\/2020\/01\/IMG-20200108-WA0001-225x300.jpg\" alt=\"\" width=\"225\" height=\"300\" srcset=\"https:\/\/www.radiopiu.net\/wordpress\/wp-content\/uploads\/2020\/01\/IMG-20200108-WA0001-225x300.jpg 225w, https:\/\/www.radiopiu.net\/wordpress\/wp-content\/uploads\/2020\/01\/IMG-20200108-WA0001-768x1024.jpg 768w, https:\/\/www.radiopiu.net\/wordpress\/wp-content\/uploads\/2020\/01\/IMG-20200108-WA0001-1152x1536.jpg 1152w, https:\/\/www.radiopiu.net\/wordpress\/wp-content\/uploads\/2020\/01\/IMG-20200108-WA0001.jpg 1200w\" sizes=\"auto, (max-width: 225px) 100vw, 225px\" \/><\/a><strong>BELLUNO<\/strong> Il Direttore Generale ha salutato il dottor Ermenegildo Francavilla, Direttore del reparto Malattie Infettive dell\u2019ospedale San Martino, in quiescenza dal 31 dicembre 2019. <\/span><\/span><span style=\"font-family: Calibri, sans-serif;\"><span style=\"font-size: medium;\">Il dr. Francavilla ha lavorato dal\u201994 al 2002 presso l\u2019Unit\u00e0 Operativa di Malattie Infettive dell\u2019Azienda Ospedaliera di Padova. Successivamente ha preso servizio a Belluno dove dal <\/span><\/span><span style=\"font-family: Calibri, sans-serif;\"><span style=\"font-size: medium;\"> 2<\/span><\/span><span style=\"font-family: Calibri, sans-serif;\"><span style=\"font-size: medium;\">002 alla fine del 2019 \u00e8 stato Direttore di struttura complessa presso l\u2019 U.O. Malattie Infettive nonch\u00e9 Direttore del Dipartimento di Area Specialistica dal settembre 2014 al 31\/12\/2019.<\/span><\/span><span style=\"font-size: medium; font-family: Calibri, sans-serif;\">Dal luglio 2017 \u00e8 Presidente del Comitato Etico per la Pratica Clinica dell\u2019ULSS 1. <\/span><span style=\"font-family: Calibri, sans-serif;\"><span style=\"font-size: medium;\">Il dr. Francavilla \u00e8 stato responsabile del Centro di Riferimento Regionale per le malattie trasmesse da zecche di recente istituzione. <\/span><\/span><span style=\"font-size: medium; font-family: Calibri, sans-serif;\">Ha partecipato a numerosi convegni nazionali come relatore e moderatore. <\/span><span style=\"font-family: Calibri, sans-serif;\"><span style=\"font-size: medium;\">E\u2019 stato Responsabile del Presidio Regionale di Riferimento Malattie Rare: M. di Lyme, M. di Hansen, M. di Whipple e coestensore delle Linee Guida Europee per le malattie batteriche trasmesse da zecche. <\/span><\/span><span style=\"font-family: Calibri, sans-serif;\"><span style=\"font-size: medium;\">E\u2019 stato inoltre Membro del Direttivo Nazionale della SIMIT (Societ\u00e0 Italiana Malattie Infettive e Tropicali) dal 2009 al 2011.\u00a0<\/span><\/span><\/p>\n<blockquote>\n<p align=\"JUSTIFY\"><em>\u201c<span style=\"font-family: Calibri, sans-serif;\"><span style=\"font-size: medium;\">La competenza e il garbo con il quale ha diretto le strutture di cui \u00e8 stato responsabile in questi anni rimarranno sempre un esempio positivo all\u2019interno dell\u2019Azienda<\/span><\/span><span style=\"font-family: Calibri, sans-serif;\"><span style=\"font-size: medium;\">\u201d ha concluso il dott. Rasi Caldogno.<\/span><\/span><\/em><\/p>\n<\/blockquote>\n<p>&nbsp;<\/p>\n<p>&nbsp;<\/p>\n<p>&nbsp;<\/p>\n<p>&nbsp;<\/p>\n<p>&nbsp;<\/p>\n<h3>LA BEFANA SUL CAMMELLO DI GIANCARLO CASSOL<\/h3>\n<p><span style=\"font-size: large;\"><a class=\"dt-pswp-item\" href=\"https:\/\/www.radiopiu.net\/wordpress\/wp-content\/uploads\/2020\/01\/CAMMELLO.jpg\" data-dt-img-description=\"\" data-large_image_width=\"1200\" data-large_image_height=\"1600\"><img loading=\"lazy\" decoding=\"async\" class=\"size-medium wp-image-112412 alignleft\" src=\"https:\/\/www.radiopiu.net\/wordpress\/wp-content\/uploads\/2020\/01\/CAMMELLO-225x300.jpg\" alt=\"\" width=\"225\" height=\"300\" srcset=\"https:\/\/www.radiopiu.net\/wordpress\/wp-content\/uploads\/2020\/01\/CAMMELLO-225x300.jpg 225w, https:\/\/www.radiopiu.net\/wordpress\/wp-content\/uploads\/2020\/01\/CAMMELLO-768x1024.jpg 768w, https:\/\/www.radiopiu.net\/wordpress\/wp-content\/uploads\/2020\/01\/CAMMELLO-1152x1536.jpg 1152w, https:\/\/www.radiopiu.net\/wordpress\/wp-content\/uploads\/2020\/01\/CAMMELLO.jpg 1200w\" sizes=\"auto, (max-width: 225px) 100vw, 225px\" \/><\/a>SAN GREGORIO NELLE ALPI Super lavoro per la Befana a San Gregorio nelle Alpi. La mattina la simpatica vecchina ha fatto visita ai bambini della frazione di Paderno e nel pomeriggio \u00e8 salita nel capoluogo distribuendo anche qui i colorati sacchettini pieni di dolciumi. A San Gregorio non \u00e8 arrivata sola, sono arrivati anche tre simpaticissimi Re Magi accompagnati da un cammello in legno e grande \u00e8 stata la felicit\u00e0 dei tanti bambini presenti. Al termine il cammello Mustaf\u00e0 \u00e8 stato trasportato presso il Museo delle Zoche. L\u2019imponente opera dello scultore Giancarlo Cassol di Santa Giustina, ma originario di San Gregorio, \u00e8 il frutto di due anni di lavoro ed \u00e8 in legno di tiglio e pesa circa 240 Kg. L\u2019artista ha voluto donarlo alla Pro Loco, al Museo e alla comunit\u00e0 delle sue origini. Da sottolineare la passione e l\u2019impegno di Giancarlo per San Gregorio, infatti altre sue realizzazioni si trovano presso il Museo delle Zoche e la sede del Gruppo Alpini Gen. Nasci.<\/span><\/p>\n<p>&nbsp;<\/p>\n<p>&nbsp;<\/p>\n<p>&nbsp;<\/p>\n<p>&nbsp;<\/p>\n<p>&nbsp;<\/p>\n<p>&nbsp;<\/p>\n<p>&nbsp;<\/p>\n<h2 style=\"text-align: left;\"><span style=\"color: #ff0000;\">IERI IN TELEVISIONE<\/span><\/h2>\n<h3 style=\"text-align: center;\">RAI: DAL PROGRAMMA UNO MATTINA CONDOTTO DAL NOSTRO ROBERTO POLETTI<\/h3>\n<blockquote>\n<h3 style=\"text-align: center;\"><em>&#8230;DAL BROI DI AGORDO CON IL CAI SEZIONE AGORDINA, DARIO DELL&#8217;OSBEL E ANNA MAGRO<\/em><\/h3>\n<\/blockquote>\n<div style=\"width: 640px;\" class=\"wp-video\"><video class=\"wp-video-shortcode\" id=\"video-112355-1\" width=\"640\" height=\"352\" preload=\"metadata\" controls=\"controls\"><source type=\"video\/mp4\" src=\"https:\/\/www.radiopiu.net\/wordpress\/wp-content\/uploads\/2020\/01\/WhatsApp-Video-2020-01-08-at-11.22.27.mp4?_=1\" \/><a href=\"https:\/\/www.radiopiu.net\/wordpress\/wp-content\/uploads\/2020\/01\/WhatsApp-Video-2020-01-08-at-11.22.27.mp4\">https:\/\/www.radiopiu.net\/wordpress\/wp-content\/uploads\/2020\/01\/WhatsApp-Video-2020-01-08-at-11.22.27.mp4<\/a><\/video><\/div>\n<p>&nbsp;<\/p>\n<p>&nbsp;<\/p>\n<p>&nbsp;<\/p>\n<h2><span style=\"color: #ff0000;\">DILLO A RADIO PIU<\/span><\/h2>\n<p><strong>TAIBON<\/strong> Mario Paganin ci ha scritto: <em>&#8220;Ho letto un articolo di Renato Bona sulle medaglie d&#8217;oro bellunesi al valor militare, pubblicato sul vostro sito radiopiu.it, in cui l&#8217;autore scrive le difficolt\u00e0 di reperire una foto di Ottorino Bressan. Se interessati allego un&#8217;articolo con foto di Ottorino Bressan, tratto da La Domenica Del Corriere N.9 25 Febbraio &#8211; 2 Marzo 1940&#8221;.<\/em> Il nostro grazie a Mario Paganin per l&#8217;attenzione e la sensibilit\u00e0 nel metterci a disposizione la sua chicca d&#8217;archivio (mm)<\/p>\n<p><a class=\"dt-pswp-item\" href=\"https:\/\/www.radiopiu.net\/wordpress\/wp-content\/uploads\/2020\/01\/20200103_100031-scaled-e1578480701706.jpg\" data-dt-img-description=\"\" data-large_image_width=\"2560\" data-large_image_height=\"1244\"><img loading=\"lazy\" decoding=\"async\" class=\"alignnone wp-image-111843 size-large\" src=\"https:\/\/www.radiopiu.net\/wordpress\/wp-content\/uploads\/2020\/01\/20200103_100031-scaled-e1578480701706-1024x498.jpg\" alt=\"\" width=\"1024\" height=\"498\" srcset=\"https:\/\/www.radiopiu.net\/wordpress\/wp-content\/uploads\/2020\/01\/20200103_100031-scaled-e1578480701706-1024x498.jpg 1024w, https:\/\/www.radiopiu.net\/wordpress\/wp-content\/uploads\/2020\/01\/20200103_100031-scaled-e1578480701706-300x146.jpg 300w, https:\/\/www.radiopiu.net\/wordpress\/wp-content\/uploads\/2020\/01\/20200103_100031-scaled-e1578480701706-768x373.jpg 768w, https:\/\/www.radiopiu.net\/wordpress\/wp-content\/uploads\/2020\/01\/20200103_100031-scaled-e1578480701706-1536x746.jpg 1536w, https:\/\/www.radiopiu.net\/wordpress\/wp-content\/uploads\/2020\/01\/20200103_100031-scaled-e1578480701706-2048x995.jpg 2048w\" sizes=\"auto, (max-width: 1024px) 100vw, 1024px\" \/><\/a><\/p>\n<blockquote class=\"wp-embedded-content\" data-secret=\"H3w86UrSV6\"><p><a href=\"https:\/\/www.radiopiu.net\/wordpress\/battaglia-della-catalogna-del-38-loro-allagordino-ottorino-bressan\/\">BATTAGLIA DELLA CATALOGNA\u201d DEL \u201838 : L\u2019ORO ALL\u2019AGORDINO OTTORINO BRESSAN<\/a><\/p><\/blockquote>\n<p><iframe loading=\"lazy\" title=\"&#8220;BATTAGLIA DELLA CATALOGNA\u201d DEL \u201838 : L\u2019ORO ALL\u2019AGORDINO OTTORINO BRESSAN&#8221; &#8212; Radio Pi\u00f9\" class=\"wp-embedded-content\" sandbox=\"allow-scripts\" security=\"restricted\" style=\"position: absolute; clip: rect(1px, 1px, 1px, 1px);\" src=\"https:\/\/www.radiopiu.net\/wordpress\/battaglia-della-catalogna-del-38-loro-allagordino-ottorino-bressan\/embed\/#?secret=H3w86UrSV6\" data-secret=\"H3w86UrSV6\" width=\"600\" height=\"338\" frameborder=\"0\" marginwidth=\"0\" marginheight=\"0\" scrolling=\"no\"><\/iframe><\/p>\n<p>&nbsp;<\/p>\n<blockquote class=\"wp-embedded-content\" data-secret=\"gKLcv9Th4f\"><p><a href=\"https:\/\/www.radiopiu.net\/wordpress\/san-lorenzo-nella-via-la-vignetta-di-belluno-di-renato-bona\/\">SAN LORENZO NELLA VIA LA VIGNETTA DI BELLUNO di RENATO BONA<\/a><\/p><\/blockquote>\n<p><iframe loading=\"lazy\" title=\"&#8220;SAN LORENZO NELLA VIA LA VIGNETTA DI BELLUNO di RENATO BONA&#8221; &#8212; Radio Pi\u00f9\" class=\"wp-embedded-content\" sandbox=\"allow-scripts\" security=\"restricted\" style=\"position: absolute; clip: rect(1px, 1px, 1px, 1px);\" src=\"https:\/\/www.radiopiu.net\/wordpress\/san-lorenzo-nella-via-la-vignetta-di-belluno-di-renato-bona\/embed\/#?secret=gKLcv9Th4f\" data-secret=\"gKLcv9Th4f\" width=\"600\" height=\"338\" frameborder=\"0\" marginwidth=\"0\" marginheight=\"0\" scrolling=\"no\"><\/iframe><\/p>\n<p>&nbsp;<\/p>\n<p>&nbsp;<\/p>\n<h3><a class=\"dt-pswp-item\" href=\"http:\/\/www.radiopiu.net\/wordpress\/wp-content\/uploads\/2018\/09\/appuntamenti.jpeg\" data-dt-img-description=\"\" data-large_image_width=\"800\" data-large_image_height=\"100\"><img loading=\"lazy\" decoding=\"async\" class=\"aligncenter wp-image-61958 size-full\" src=\"http:\/\/www.radiopiu.net\/wordpress\/wp-content\/uploads\/2018\/09\/appuntamenti.jpeg\" alt=\"\" width=\"800\" height=\"100\" srcset=\"https:\/\/www.radiopiu.net\/wordpress\/wp-content\/uploads\/2018\/09\/appuntamenti.jpeg 800w, https:\/\/www.radiopiu.net\/wordpress\/wp-content\/uploads\/2018\/09\/appuntamenti-300x38.jpeg 300w, https:\/\/www.radiopiu.net\/wordpress\/wp-content\/uploads\/2018\/09\/appuntamenti-768x96.jpeg 768w\" sizes=\"auto, (max-width: 800px) 100vw, 800px\" \/><\/a><\/h3>\n<p>&nbsp;<\/p>\n<h3>AL CINEMA ITALIA, 20, 21 22\u00a0 GENNAIO 19.30 E 22 GENNAIO 21.30<\/h3>\n<p><a class=\"dt-pswp-item\" href=\"https:\/\/www.radiopiu.net\/wordpress\/wp-content\/uploads\/2020\/01\/e32a9d42-8dfe-4b23-b64b-2dd5eb1766b5.jpg\" data-dt-img-description=\"\" data-large_image_width=\"1600\" data-large_image_height=\"782\"><img loading=\"lazy\" decoding=\"async\" class=\"alignnone size-medium wp-image-112229\" src=\"https:\/\/www.radiopiu.net\/wordpress\/wp-content\/uploads\/2020\/01\/e32a9d42-8dfe-4b23-b64b-2dd5eb1766b5-300x147.jpg\" alt=\"\" width=\"300\" height=\"147\" srcset=\"https:\/\/www.radiopiu.net\/wordpress\/wp-content\/uploads\/2020\/01\/e32a9d42-8dfe-4b23-b64b-2dd5eb1766b5-300x147.jpg 300w, https:\/\/www.radiopiu.net\/wordpress\/wp-content\/uploads\/2020\/01\/e32a9d42-8dfe-4b23-b64b-2dd5eb1766b5-1024x500.jpg 1024w, https:\/\/www.radiopiu.net\/wordpress\/wp-content\/uploads\/2020\/01\/e32a9d42-8dfe-4b23-b64b-2dd5eb1766b5-768x375.jpg 768w, https:\/\/www.radiopiu.net\/wordpress\/wp-content\/uploads\/2020\/01\/e32a9d42-8dfe-4b23-b64b-2dd5eb1766b5-1536x751.jpg 1536w, https:\/\/www.radiopiu.net\/wordpress\/wp-content\/uploads\/2020\/01\/e32a9d42-8dfe-4b23-b64b-2dd5eb1766b5.jpg 1600w\" sizes=\"auto, (max-width: 300px) 100vw, 300px\" \/><\/a><a class=\"dt-pswp-item\" href=\"https:\/\/www.radiopiu.net\/wordpress\/wp-content\/uploads\/2020\/01\/9ad0a765-5ea2-4906-8b5a-ff6a1cf80edf.jpg\" data-dt-img-description=\"\" data-large_image_width=\"820\" data-large_image_height=\"349\"><img loading=\"lazy\" decoding=\"async\" class=\"alignnone wp-image-112231\" src=\"https:\/\/www.radiopiu.net\/wordpress\/wp-content\/uploads\/2020\/01\/9ad0a765-5ea2-4906-8b5a-ff6a1cf80edf-300x128.jpg\" alt=\"\" width=\"323\" height=\"138\" srcset=\"https:\/\/www.radiopiu.net\/wordpress\/wp-content\/uploads\/2020\/01\/9ad0a765-5ea2-4906-8b5a-ff6a1cf80edf-300x128.jpg 300w, https:\/\/www.radiopiu.net\/wordpress\/wp-content\/uploads\/2020\/01\/9ad0a765-5ea2-4906-8b5a-ff6a1cf80edf-768x327.jpg 768w, https:\/\/www.radiopiu.net\/wordpress\/wp-content\/uploads\/2020\/01\/9ad0a765-5ea2-4906-8b5a-ff6a1cf80edf.jpg 820w\" sizes=\"auto, (max-width: 323px) 100vw, 323px\" \/><\/a><\/p>\n<p>&nbsp;<\/p>\n<p><strong>BELLUNO<\/strong>\u00a0 \u201cRimedi naturali e farmaci: analizziamo insieme le possibili interazioni \u201c\u00e8 il tema del primo gioved\u00ec della salute dell\u2019anno 2020, che si terr\u00e0 questa sera in\u00a0 sala riunioni\u00a0 alle 18 e che vedr\u00e0 relatrici la dott.ssa Marina Coppola, Direttore Farmacia ULSS 1 e la dott.ssa Federica Schievenin, Farmacista Dirigente ospedale di Feltre. L\u2019incontro ha l\u2019obiettivo di sensibilizzare la popolazione ad un uso corretto e sicuro dei rimedi naturali e di evidenziare quali possono essere le possibili interazioni di tali prodotti con i farmaci convenzionali.<\/p>\n<p>&nbsp;<\/p>\n<p><strong>BELLUNO\u00a0<\/strong> Gioved\u00ec 16 gennaio alle 11.30 presso sala conferenze dell\u2019Associazione Bellunesi nel Mondo in via Cavour, 3 verr\u00e0 presentato alla stampa il progetto Botteghe e atelier aziendali \u2013 la lavorazione del legno nella montagna Veneta: patrimonio aziendale, ricchezza del territorio, eredit\u00e0 culturale per le nuove generazioni. Il progetto si pone come obbiettivo la costituzione di una rete fra le aziende partecipanti per la creazione di un \u201cmuseo diffuso del legno\u201d (virtuale e\/o fisico) per incentivare lo sviluppo stesso delle aziende, creare un circuito di conoscenza dei patrimoni territoriali anche in chiave turistica tramite la valorizzazione delle produzioni artistiche e tradizionali di nicchia.<\/p>\n<p>&nbsp;<\/p>\n<p><strong>BELLUNO<\/strong> E\u2019 arrivato alla 27ma edizione il Gran Gal\u00e0 organizzato dall\u2019Accademia e dalla Fisorchestra \u201cG. Rossini\u201d che, come ogni anno, apre una nuova stagione concertistica. L\u2019appuntamento \u00e8 per le 20.45 di sabato 11 gennaio al Teatro Giovanni XXIII di Belluno.<\/p>\n<p>&nbsp;<\/p>\n<p><strong>RIVAMONTE<\/strong> Sabato 11 gennaio alle 20.30 alla casa della Gioventu&#8217; appuntamento con il teatro dei Farsaioli di Soverzene che metteranno in scena &#8220;Rider&#8230;de gusto&#8221;. Serata a favore della chiesa di Tiser a seguito dei danni subiti dalla tempesta vaia<\/p>\n<p>&nbsp;<\/p>\n<p><strong>SAN GREGORIO NELLE ALPI<\/strong> Domenica 12 gennaio festa del gruppo Alpini Generali Nasci.Programma: 9.30 alzabandiera, 11 messa nella Chiesa Arcipretale in ricordo di tutti gli alpini scompasrsi e deposizione di una corona al Monumento ai Caduti. 11.15 nella sede Bruno Bissacot di Donada consegna contributi, aperitivo, votazione per il rinnovo del consiglio direttivo e pranzo sociale aperto anche a familiari e amici al ristorante Da Rosario (tel. Fabio 340 4054493, oppure Espedito 338 8375256, prenotazioni entro giovedi).<\/p>\n<p>&nbsp;<\/p>\n<p><strong>AGORDO<\/strong> Danilo Coppe, perito minerario del Follador torna ad Agordo per relazionare sull&#8217;abbattimento controllato del Ponte Morandi di Genova, spiegher\u00e0 le 10 difficolt\u00e0 per l&#8217;esplosivista. Sabato 18 gennaio alle 10 in sala Don Tamis con ingresso libero. Un evento organizzato dall&#8217;Istituto Umberto Follador di Agordo, dipartimento geotecnico-minerario.<\/p>\n<p>&nbsp;<\/p>\n<p><strong>Le BRETELLE LASCHE PRESENTANO IL QUINTO SPETTACOLO DELLA RASSEGNA TINNIFOLI 2019-2<\/strong>0<\/p>\n<p><strong>BELLUNO<\/strong> In un turbillon di situazioni paradossali, comiche fino al grottesco, i tre attori di questo spettacolo si presentano al pubblico con continui cambi di scena costumi e registri attoriali, sostenuti da una regia originale e piena di spunti. Sabato 25 gennaio alle 20.45 all&#8217;Auditorium Canossiano di Feltre. Titolo &#8220;Questo Otello \u00e8 tutta un&#8217;altra storia&#8221; di A. Motta con la compagnia teatrale Ronzinante Teatro, per tutti di genere comico.<\/p>\n<p>&nbsp;<\/p>\n<blockquote><p>&nbsp;<\/p><\/blockquote>\n<p>&nbsp;<\/p>\n<h2><a class=\"dt-pswp-item\" href=\"http:\/\/www.radiopiu.net\/wordpress\/wp-content\/uploads\/2018\/09\/sport.jpg\" data-dt-img-description=\"\" data-large_image_width=\"800\" data-large_image_height=\"100\"><img loading=\"lazy\" decoding=\"async\" class=\"wp-image-60761 size-full aligncenter\" src=\"http:\/\/www.radiopiu.net\/wordpress\/wp-content\/uploads\/2018\/09\/sport.jpg\" alt=\"\" width=\"800\" height=\"100\" srcset=\"https:\/\/www.radiopiu.net\/wordpress\/wp-content\/uploads\/2018\/09\/sport.jpg 800w, https:\/\/www.radiopiu.net\/wordpress\/wp-content\/uploads\/2018\/09\/sport-300x38.jpg 300w, https:\/\/www.radiopiu.net\/wordpress\/wp-content\/uploads\/2018\/09\/sport-768x96.jpg 768w\" sizes=\"auto, (max-width: 800px) 100vw, 800px\" \/><\/a><\/h2>\n<h3><\/h3>\n<h3>LORENZO BUSIN TERZO ITALIANO SULLA RAMPA DEI CAMPIONI<\/h3>\n<div class=\"entry-content\">\n<p class=\"p1\"><span class=\"s1 photoswipe-wrapper\"><a class=\"dt-pswp-item pspw-wrap-ready\" href=\"https:\/\/www.radiopiu.net\/wordpress\/wp-content\/uploads\/2019\/12\/LORENZO-BUSIN-2019-1.jpeg\" data-dt-img-description=\"\" data-large_image_width=\"1200\" data-large_image_height=\"1600\"><img loading=\"lazy\" decoding=\"async\" class=\"size-medium wp-image-110057 alignright\" src=\"https:\/\/www.radiopiu.net\/wordpress\/wp-content\/uploads\/2019\/12\/LORENZO-BUSIN-2019-1-225x300.jpeg\" sizes=\"auto, (max-width: 225px) 100vw, 225px\" srcset=\"https:\/\/www.radiopiu.net\/wordpress\/wp-content\/uploads\/2019\/12\/LORENZO-BUSIN-2019-1-225x300.jpeg 225w, https:\/\/www.radiopiu.net\/wordpress\/wp-content\/uploads\/2019\/12\/LORENZO-BUSIN-2019-1-768x1024.jpeg 768w, https:\/\/www.radiopiu.net\/wordpress\/wp-content\/uploads\/2019\/12\/LORENZO-BUSIN-2019-1-1152x1536.jpeg 1152w, https:\/\/www.radiopiu.net\/wordpress\/wp-content\/uploads\/2019\/12\/LORENZO-BUSIN-2019-1.jpeg 1200w\" alt=\"\" width=\"225\" height=\"300\" \/><\/a>Con il settimo posto assoluto e terzo italiano in classifica, Lorenzo Busin ha chiuso la \u201cRampa Dei Campioni\u201d, l\u2019evento che inaugurava l\u2019ultima prova del Tour De Ski sull\u2019Alpe del Cermis. Una gara dedicata agli ex campioni del fondo e e gli amatori che ha visto gli atleti percorrere i 10 km sulle erte mozzafiato della pista Olimpia III sul Cermis. L\u2019atleta della Valle del Biois ha chiuso con il tempo di 33\u201917\u201d piazzandosi al settimo posto, a meno di 3\u2019 dal vincitore.<\/span><\/p>\n<p>&nbsp;<\/p>\n<p>&nbsp;<\/p>\n<p>&nbsp;<\/p>\n<p>&nbsp;<\/p>\n<p>&nbsp;<\/p>\n<p class=\"p1\"><strong><span class=\"s1\">LORENZO BUSIN<\/span><\/strong><\/p>\n<\/div>\n<audio class=\"wp-audio-shortcode\" id=\"audio-112355-9\" preload=\"none\" style=\"width: 100%;\" controls=\"controls\"><source type=\"audio\/mpeg\" src=\"https:\/\/www.radiopiu.net\/wordpress\/wp-content\/uploads\/2020\/01\/BUSIN-09-GENNAIO-2020.mp3?_=9\" \/><a href=\"https:\/\/www.radiopiu.net\/wordpress\/wp-content\/uploads\/2020\/01\/BUSIN-09-GENNAIO-2020.mp3\">https:\/\/www.radiopiu.net\/wordpress\/wp-content\/uploads\/2020\/01\/BUSIN-09-GENNAIO-2020.mp3<\/a><\/audio>\n<p>&nbsp;<\/p>\n<p>&nbsp;<\/p>\n<p>&nbsp;<\/p>\n<h3 class=\"p1\"><span class=\"s1\">STASERA LA PRIMA PARTITA DEL QUALIFICATION ROUND IN IHL<\/span><\/h3>\n<p class=\"p1\"><span class=\"s1\"><a class=\"dt-pswp-item\" href=\"https:\/\/www.radiopiu.net\/wordpress\/wp-content\/uploads\/2018\/12\/HOCKEY-BBB.jpg\" data-dt-img-description=\"\" data-large_image_width=\"1920\" data-large_image_height=\"1200\"><img loading=\"lazy\" decoding=\"async\" class=\"size-medium wp-image-70532 alignright\" src=\"https:\/\/www.radiopiu.net\/wordpress\/wp-content\/uploads\/2018\/12\/HOCKEY-BBB-300x188.jpg\" alt=\"\" width=\"300\" height=\"188\" srcset=\"https:\/\/www.radiopiu.net\/wordpress\/wp-content\/uploads\/2018\/12\/HOCKEY-BBB-300x188.jpg 300w, https:\/\/www.radiopiu.net\/wordpress\/wp-content\/uploads\/2018\/12\/HOCKEY-BBB-768x480.jpg 768w, https:\/\/www.radiopiu.net\/wordpress\/wp-content\/uploads\/2018\/12\/HOCKEY-BBB-1024x640.jpg 1024w, https:\/\/www.radiopiu.net\/wordpress\/wp-content\/uploads\/2018\/12\/HOCKEY-BBB.jpg 1920w\" sizes=\"auto, (max-width: 300px) 100vw, 300px\" \/><\/a>Si parte stasera con la prima giornata dedicata alla seconda fase della IHL. Per l\u2019Alleghe \u00e8 arrivato il momento di giocarsi il tutto per tutto nel qualification round, un\u2019andata e ritorno con le altre 4 squadre di bassa classifica per aggiudicarsi uno dei due posti disponibili per i quarti di finale. Si parte subito con un big match al De Toni di Alleghe dove arriva il Val Di Fiemme, una delle pretendenti alla qualificazione assieme al Caldaro. Primo test per la squadra allenata da Matikainen che stasera alle 20:30 dovr\u00e0 dare il massimo per inaugurare al meglio la seconda parte della stagione. Partita che potrete seguire in diretta su Radio Pi\u00f9 all\u2019interno di \u201cHockey Al Punto Giusto\u201d. <\/span><\/p>\n<p>&nbsp;<\/p>\n<p>&nbsp;<\/p>\n<p>&nbsp;<\/p>\n<p>&nbsp;<\/p>\n<h2>dal notiziario del 7 gennaio 2020<\/h2>\n<blockquote class=\"wp-embedded-content\" data-secret=\"Rlysaw8Ka1\"><p><a href=\"https:\/\/www.radiopiu.net\/wordpress\/ufficializzato-il-calendario-del-qualification-round-per-lalleghe\/\">UFFICIALIZZATO IL CALENDARIO DEL QUALIFICATION ROUND PER L\u2019ALLEGHE<\/a><\/p><\/blockquote>\n<p><iframe loading=\"lazy\" title=\"&#8220;UFFICIALIZZATO IL CALENDARIO DEL QUALIFICATION ROUND PER L\u2019ALLEGHE&#8221; &#8212; Radio Pi\u00f9\" class=\"wp-embedded-content\" sandbox=\"allow-scripts\" security=\"restricted\" style=\"position: absolute; clip: rect(1px, 1px, 1px, 1px);\" src=\"https:\/\/www.radiopiu.net\/wordpress\/ufficializzato-il-calendario-del-qualification-round-per-lalleghe\/embed\/#?secret=Rlysaw8Ka1\" data-secret=\"Rlysaw8Ka1\" width=\"600\" height=\"338\" frameborder=\"0\" marginwidth=\"0\" marginheight=\"0\" scrolling=\"no\"><\/iframe><\/p>\n<p>&nbsp;<\/p>\n<p>&nbsp;<\/p>\n<p>&nbsp;<\/p>\n<p>&nbsp;<\/p>\n<h3><a class=\"dt-pswp-item\" href=\"http:\/\/www.radiopiu.net\/wordpress\/wp-content\/uploads\/2018\/09\/WhatsApp-Image-2018-09-20-at-16.04.06.jpeg\" data-dt-img-description=\"\" data-large_image_width=\"800\" data-large_image_height=\"100\"><img loading=\"lazy\" decoding=\"async\" class=\"wp-image-61378 size-full aligncenter\" src=\"http:\/\/www.radiopiu.net\/wordpress\/wp-content\/uploads\/2018\/09\/WhatsApp-Image-2018-09-20-at-16.04.06.jpeg\" alt=\"\" width=\"800\" height=\"100\" srcset=\"https:\/\/www.radiopiu.net\/wordpress\/wp-content\/uploads\/2018\/09\/WhatsApp-Image-2018-09-20-at-16.04.06.jpeg 800w, https:\/\/www.radiopiu.net\/wordpress\/wp-content\/uploads\/2018\/09\/WhatsApp-Image-2018-09-20-at-16.04.06-300x38.jpeg 300w, https:\/\/www.radiopiu.net\/wordpress\/wp-content\/uploads\/2018\/09\/WhatsApp-Image-2018-09-20-at-16.04.06-768x96.jpeg 768w\" sizes=\"auto, (max-width: 800px) 100vw, 800px\" \/><\/a><\/h3>\n<p>&nbsp;<\/p>\n<p><center><b>Giovedi 9<\/b><\/center><b>Tempo atteso: <\/b>Cielo velato o parzialmente velato per la presenza di nubi alte e sottili, pi\u00f9 diffuse al mattino, in attenuazione al pomeriggio. Clima particolarmente mite in quota, con valori di 4\/5\u00b0C al di sopra delle medie sopra i 2000 m, mentre dovrebbe ricrearsi una lieve inversione termica nelle valli, anche persistente nei settori in ombra.<br \/>\n<b>Precipitazioni: <\/b>Assenti (0%)<br \/>\n<b>Temperature: <\/b>In generale aumento in quota, pi\u00f9 sensibile per i valori minimi; nelle valli minime in aumento e massime senza notevoli variazioni o in leggera ripresa, nonostante l&#8217;avvezione pomeridiana d&#8217;aria fresca nei bassi strati. Tale situazione provocher\u00e0 una certa isotermia verticale diurna tra 1500 e 2500 m. Su Prealpi a 1500 m min 1\u00b0C max 5\u00b0C, a 2000 m min 1\u00b0C max 4\u00b0C. Su Dolomiti a 2000 m min 0\u00b0C max 4\u00b0C, a 3000 m min -1\u00b0C max 2\u00b0C.<br \/>\n<b>Venti: <\/b>Nelle valli deboli o molto deboli, salvo nelle zone prealpine vicine alla pianura interessate dalle brezze notturne e mattutine; in quota deboli da nord-ovest nella notte, poi da sud-ovest in giornata, in leggero rinforzo fino a moderati al pomeriggio, a 5-10 km\/h a 2000 m, a 10-15 km\/h a 3000 m.<\/p>\n<hr \/>\n<p><center><b>Venerdi 10<\/b><\/center><b>Tempo atteso: <\/b>Bel tempo, assai pi\u00f9 freddo nei bassi strati per avvezione d&#8217;aria polare continentale da est nord-est sotto i 1800\/2000 m. L&#8217;atmosfera sar\u00e0 di nuovo limpida con ottima visibilit\u00e0.<br \/>\n<b>Precipitazioni: <\/b>Assenti (0%).<br \/>\n<b>Temperature: <\/b>In diminuzione a tutte le quote, maggiormente alle quote medio-basse. In alta quota le massime saranno osservate al mattino e le minime alla sera. Su Prealpi a 1500 m min -2\u00b0C max 2\u00b0C, a 2000 m min -3\u00b0C max 1\u00b0C. Su Dolomiti a 2000 m min -4\u00b0C max 0\u00b0C, a 3000 m min -8\u00b0C max -2\u00b0C.<br \/>\n<b>Venti: <\/b>Nelle valli perlopi\u00f9 deboli di direzione variabile, salvo nelle zone prealpine vicine alla pianura interessate dalle brezze notturne e mattutine; in quota moderati\/tesi da sud-ovest durante la notte, deboli\/moderati da nord-ovest dal pomeriggio in poi, a 5-15 km\/h a 2000 m, a 15-35 km\/h a 3000 m.<\/p>\n<hr \/>\n<p><center><b>Sabato 11<\/b><\/center>Tempo stabile; sole, aria tersa ed ottima visibilit\u00e0. Temperature in ulteriore generale diminuzione. Venti in quota deboli\/moderati da nord-est, nelle valli perlopi\u00f9 deboli di direzione variabile, eccetto locali rinforzi notturni in qualche settore prealpino.<\/p>\n<hr \/>\n<p><center><b>Domenica 12<\/b><\/center>Tempo stabile; sole, aria tersa ed ottima visibilit\u00e0. Temperature in netta ripresa in quota, mentre saranno in calo nelle valli, specie le minime nei fondovalle, dove l&#8217;inversione termica sar\u00e0 crescente (Potrebbe fare pi\u00f9 freddo di notte nel catino bellunese che non sulle cime dolomitiche pi\u00f9 alte). Venti in quota deboli\/moderati da nord nord-est, nelle valli perlopi\u00f9 deboli di direzione variabile, eccetto locali rinforzi notturni in alcuni settori prealpini. Previsore: R.L.Th.<\/p>\n<p>&nbsp;<\/p>\n","protected":false},"excerpt":{"rendered":"<p>&nbsp; &nbsp; PROVINCIALE 3\u00a0 AGORDO-RIVAMONTE, dal notiziario di ieri RIVAMONTE La provinciale collassa, la rotabile mette in evidenza un altro punto critico dopo Corde Mole e Gona ecco un altro problema da &#8221; bus&#8221; e prossimamente &#8220;tacon&#8221;. A pochi chilometri da Agordo, dopo i primi tornanti sopra Ponte Alto. Oggi il sindaco ne parler\u00e0 in&hellip;<\/p>\n","protected":false},"author":1,"featured_media":112456,"comment_status":"closed","ping_status":"closed","sticky":false,"template":"","format":"standard","meta":{"_monsterinsights_skip_tracking":false,"_monsterinsights_sitenote_active":false,"_monsterinsights_sitenote_note":"","_monsterinsights_sitenote_category":0,"footnotes":""},"categories":[86,49],"tags":[],"class_list":["post-112355","post","type-post","status-publish","format-standard","has-post-thumbnail","hentry","category-gr","category-news-18","category-86","category-49","description-off"],"img_url":"https:\/\/www.radiopiu.net\/wordpress\/wp-content\/uploads\/2020\/01\/005821_08012020-1-scaled.jpg","_links":{"self":[{"href":"https:\/\/www.radiopiu.net\/wordpress\/wp-json\/wp\/v2\/posts\/112355","targetHints":{"allow":["GET"]}}],"collection":[{"href":"https:\/\/www.radiopiu.net\/wordpress\/wp-json\/wp\/v2\/posts"}],"about":[{"href":"https:\/\/www.radiopiu.net\/wordpress\/wp-json\/wp\/v2\/types\/post"}],"author":[{"embeddable":true,"href":"https:\/\/www.radiopiu.net\/wordpress\/wp-json\/wp\/v2\/users\/1"}],"replies":[{"embeddable":true,"href":"https:\/\/www.radiopiu.net\/wordpress\/wp-json\/wp\/v2\/comments?post=112355"}],"version-history":[{"count":0,"href":"https:\/\/www.radiopiu.net\/wordpress\/wp-json\/wp\/v2\/posts\/112355\/revisions"}],"wp:featuredmedia":[{"embeddable":true,"href":"https:\/\/www.radiopiu.net\/wordpress\/wp-json\/wp\/v2\/media\/112456"}],"wp:attachment":[{"href":"https:\/\/www.radiopiu.net\/wordpress\/wp-json\/wp\/v2\/media?parent=112355"}],"wp:term":[{"taxonomy":"category","embeddable":true,"href":"https:\/\/www.radiopiu.net\/wordpress\/wp-json\/wp\/v2\/categories?post=112355"},{"taxonomy":"post_tag","embeddable":true,"href":"https:\/\/www.radiopiu.net\/wordpress\/wp-json\/wp\/v2\/tags?post=112355"}],"curies":[{"name":"wp","href":"https:\/\/api.w.org\/{rel}","templated":true}]}}