{"id":112411,"date":"2020-01-08T16:37:06","date_gmt":"2020-01-08T15:37:06","guid":{"rendered":"https:\/\/www.radiopiu.net\/wordpress\/?p=112411"},"modified":"2020-01-08T16:37:06","modified_gmt":"2020-01-08T15:37:06","slug":"la-befana-sul-cammello-di-giancarlo-cassol","status":"publish","type":"post","link":"https:\/\/www.radiopiu.net\/wordpress\/la-befana-sul-cammello-di-giancarlo-cassol\/","title":{"rendered":"LA BEFANA SUL CAMMELLO DI GIANCARLO CASSOL"},"content":{"rendered":"<p align=\"JUSTIFY\"><span style=\"font-size: large;\"><a class=\"dt-pswp-item\" href=\"https:\/\/www.radiopiu.net\/wordpress\/wp-content\/uploads\/2020\/01\/CAMMELLO.jpg\" data-dt-img-description=\"\" data-large_image_width=\"1200\" data-large_image_height=\"1600\"><img loading=\"lazy\" decoding=\"async\" class=\"size-medium wp-image-112412 alignleft\" src=\"https:\/\/www.radiopiu.net\/wordpress\/wp-content\/uploads\/2020\/01\/CAMMELLO-225x300.jpg\" alt=\"\" width=\"225\" height=\"300\" srcset=\"https:\/\/www.radiopiu.net\/wordpress\/wp-content\/uploads\/2020\/01\/CAMMELLO-225x300.jpg 225w, https:\/\/www.radiopiu.net\/wordpress\/wp-content\/uploads\/2020\/01\/CAMMELLO-768x1024.jpg 768w, https:\/\/www.radiopiu.net\/wordpress\/wp-content\/uploads\/2020\/01\/CAMMELLO-1152x1536.jpg 1152w, https:\/\/www.radiopiu.net\/wordpress\/wp-content\/uploads\/2020\/01\/CAMMELLO.jpg 1200w\" sizes=\"auto, (max-width: 225px) 100vw, 225px\" \/><\/a>SAN GREGORIO NELLE ALPI Super lavoro per la Befana a San Gregorio nelle Alpi. La mattina la simpatica vecchina ha fatto visita ai bambini della frazione di Paderno e nel pomeriggio \u00e8 salita nel capoluogo distribuendo anche qui i colorati sacchettini pieni di dolciumi. A San Gregorio non \u00e8 arrivata sola, sono arrivati anche tre simpaticissimi Re Magi accompagnati da un cammello in legno e grande \u00e8 stata la felicit\u00e0 dei tanti bambini presenti. Al termine il cammello Mustaf\u00e0 \u00e8 stato trasportato presso il Museo delle Zoche. L\u2019imponente opera dello scultore Giancarlo Cassol di Santa Giustina, ma originario di San Gregorio, \u00e8 il frutto di due anni di lavoro ed \u00e8 in legno di tiglio e pesa circa 240 Kg. L\u2019artista ha voluto donarlo alla Pro Loco, al Museo e alla comunit\u00e0 delle sue origini. Da sottolineare la passione e l\u2019impegno di Giancarlo per San Gregorio, infatti altre sue realizzazioni si trovano presso il Museo delle Zoche e la sede del Gruppo Alpini Gen. Nasci.<\/span><\/p>\n","protected":false},"excerpt":{"rendered":"<p>SAN GREGORIO NELLE ALPI Super lavoro per la Befana a San Gregorio nelle Alpi. La mattina la simpatica vecchina ha fatto visita ai bambini della frazione di Paderno e nel pomeriggio \u00e8 salita nel capoluogo distribuendo anche qui i colorati sacchettini pieni di dolciumi. A San Gregorio non \u00e8 arrivata sola, sono arrivati anche tre&hellip;<\/p>\n","protected":false},"author":1,"featured_media":112412,"comment_status":"closed","ping_status":"closed","sticky":false,"template":"","format":"standard","meta":{"_monsterinsights_skip_tracking":false,"_monsterinsights_sitenote_active":false,"_monsterinsights_sitenote_note":"","_monsterinsights_sitenote_category":0,"footnotes":""},"categories":[49],"tags":[],"class_list":["post-112411","post","type-post","status-publish","format-standard","has-post-thumbnail","hentry","category-news-18","category-49","description-off"],"img_url":"https:\/\/www.radiopiu.net\/wordpress\/wp-content\/uploads\/2020\/01\/CAMMELLO.jpg","_links":{"self":[{"href":"https:\/\/www.radiopiu.net\/wordpress\/wp-json\/wp\/v2\/posts\/112411","targetHints":{"allow":["GET"]}}],"collection":[{"href":"https:\/\/www.radiopiu.net\/wordpress\/wp-json\/wp\/v2\/posts"}],"about":[{"href":"https:\/\/www.radiopiu.net\/wordpress\/wp-json\/wp\/v2\/types\/post"}],"author":[{"embeddable":true,"href":"https:\/\/www.radiopiu.net\/wordpress\/wp-json\/wp\/v2\/users\/1"}],"replies":[{"embeddable":true,"href":"https:\/\/www.radiopiu.net\/wordpress\/wp-json\/wp\/v2\/comments?post=112411"}],"version-history":[{"count":0,"href":"https:\/\/www.radiopiu.net\/wordpress\/wp-json\/wp\/v2\/posts\/112411\/revisions"}],"wp:featuredmedia":[{"embeddable":true,"href":"https:\/\/www.radiopiu.net\/wordpress\/wp-json\/wp\/v2\/media\/112412"}],"wp:attachment":[{"href":"https:\/\/www.radiopiu.net\/wordpress\/wp-json\/wp\/v2\/media?parent=112411"}],"wp:term":[{"taxonomy":"category","embeddable":true,"href":"https:\/\/www.radiopiu.net\/wordpress\/wp-json\/wp\/v2\/categories?post=112411"},{"taxonomy":"post_tag","embeddable":true,"href":"https:\/\/www.radiopiu.net\/wordpress\/wp-json\/wp\/v2\/tags?post=112411"}],"curies":[{"name":"wp","href":"https:\/\/api.w.org\/{rel}","templated":true}]}}