{"id":112415,"date":"2020-01-08T16:43:02","date_gmt":"2020-01-08T15:43:02","guid":{"rendered":"https:\/\/www.radiopiu.net\/wordpress\/?p=112415"},"modified":"2020-01-08T16:43:02","modified_gmt":"2020-01-08T15:43:02","slug":"raccolta-differenziata-25-mila-euro-al-fondo-premialita-per-cittadini-e-aziende-virtuose","status":"publish","type":"post","link":"https:\/\/www.radiopiu.net\/wordpress\/raccolta-differenziata-25-mila-euro-al-fondo-premialita-per-cittadini-e-aziende-virtuose\/","title":{"rendered":"RACCOLTA DIFFERENZIATA 25 mila euro al fondo premialit\u00e0 per cittadini e aziende virtuose"},"content":{"rendered":"<p align=\"JUSTIFY\"><span style=\"font-size: large;\"><b><a class=\"dt-pswp-item\" href=\"https:\/\/www.radiopiu.net\/wordpress\/wp-content\/uploads\/2020\/01\/6fa19c26-0d84-4172-92dc-c6fe2065d875.jpg\" data-dt-img-description=\"\" data-large_image_width=\"2000\" data-large_image_height=\"1500\"><img loading=\"lazy\" decoding=\"async\" class=\"size-medium wp-image-112417 alignleft\" src=\"https:\/\/www.radiopiu.net\/wordpress\/wp-content\/uploads\/2020\/01\/6fa19c26-0d84-4172-92dc-c6fe2065d875-300x225.jpg\" alt=\"\" width=\"300\" height=\"225\" srcset=\"https:\/\/www.radiopiu.net\/wordpress\/wp-content\/uploads\/2020\/01\/6fa19c26-0d84-4172-92dc-c6fe2065d875-300x225.jpg 300w, https:\/\/www.radiopiu.net\/wordpress\/wp-content\/uploads\/2020\/01\/6fa19c26-0d84-4172-92dc-c6fe2065d875-1024x768.jpg 1024w, https:\/\/www.radiopiu.net\/wordpress\/wp-content\/uploads\/2020\/01\/6fa19c26-0d84-4172-92dc-c6fe2065d875-768x576.jpg 768w, https:\/\/www.radiopiu.net\/wordpress\/wp-content\/uploads\/2020\/01\/6fa19c26-0d84-4172-92dc-c6fe2065d875-1536x1152.jpg 1536w, https:\/\/www.radiopiu.net\/wordpress\/wp-content\/uploads\/2020\/01\/6fa19c26-0d84-4172-92dc-c6fe2065d875.jpg 2000w\" sizes=\"auto, (max-width: 300px) 100vw, 300px\" \/><\/a>FELTRE\u00a0 <\/b><\/span><span style=\"color: #000000;\"><span style=\"font-family: Californian FB, serif;\"><span style=\"font-family: Times New Roman, serif;\"><span style=\"font-size: large;\">L&#8217;Amministrazione ha da tempo intrapreso una politica volta a promuovere ulteriormente e favorire l&#8217;utilizzo del Centro di Raccolta Comunale (ecocentro), in quanto questo comporta una riduzione dei costi di raccolta\/trasporto dei rifiuti ed un controllo puntuale della qualit\u00e0 del rifiuto conferito. I rifiuti conferiti vengono infatti controllati dagli operatori dedicati alla gestione del Centro di Raccolta, che allo stesso tempo informano e aiutano i cittadini a una migliore e corretta differenziazione dei rifiuti. Per queste ragioni l&#8217;Amministrazione ha destinato anche per il 2019 una somma al <\/span><\/span><span style=\"font-family: Times New Roman, serif;\"><span style=\"font-size: large;\">Fondo premialit\u00e0 cittadini virtuosi\u201d. <\/span><\/span><\/span><\/span><span style=\"font-size: large; font-family: 'Times New Roman', serif; color: #000000;\">Grazie ad una oculata gestione dell&#8217;Ufficio Nettezza Urbana si sono ottenuti dei risparmi rispetto al bilancio di previsione 2019, con una parte dei quali si \u00e8 arrivati ad individuare la cifra di 25 mila euro, che sar\u00e0 cos\u00ec ripartita: 10.000 euro quale incentivo per le utenze domestiche; 10.000 per le utenze non domestiche; 3.500 per il \u201cRiciclatore Incentivante\u201d situato nell&#8217;area della scuola media \u201cRocca\u201d per le utenze domestiche, erogato \u2013 come di consueto &#8211; in forma di buono-acquisto utilizzabile presso le farmacie; 1.000 euro quale incentivo \u201cRAEE scuola\u201d (che verr\u00e0 assegnato ai tre istituti primi classificati sotto forma di cancelleria e materiale didattico), per scuole che collaborano alla raccolta dei PAED; e infine 500 euro, nell&#8217;ambito dell&#8217;iniziativa \u201cAlbero Riciclone\u201d, a favore delle scuole che partecipano e collaborano all&#8217;iniziativa \u201caddobbando riciclando\u201d, che saranno assegnati attraverso la consegna di oggetti, possibilmente in materiale riciclato.<\/span><\/p>\n<p align=\"JUSTIFY\"><strong>L&#8217;ASSESSORE ADIS ZATTA<\/strong><\/p>\n<audio class=\"wp-audio-shortcode\" id=\"audio-112415-1\" preload=\"none\" style=\"width: 100%;\" controls=\"controls\"><source type=\"audio\/mpeg\" src=\"https:\/\/www.radiopiu.net\/wordpress\/wp-content\/uploads\/2020\/01\/zatta.mp3?_=1\" \/><a href=\"https:\/\/www.radiopiu.net\/wordpress\/wp-content\/uploads\/2020\/01\/zatta.mp3\">https:\/\/www.radiopiu.net\/wordpress\/wp-content\/uploads\/2020\/01\/zatta.mp3<\/a><\/audio>\n<p align=\"JUSTIFY\">\n<p align=\"JUSTIFY\"><span style=\"color: #000000;\"><span style=\"font-family: Times New Roman, serif;\"><span style=\"font-size: large;\">In questi giorni \u00e8 stata nel frattempo eseguita una mappatura di tutte le campane per la raccolta di carta\/cartone e di plastica\/alluminio per la verifica del corretto funzionamento degli sportelli di apertura e chiusura dei contenitori.\u00a0<\/span><\/span><\/span><span style=\"color: #000000;\"><span style=\"font-family: Times New Roman, serif;\"><span style=\"font-size: large;\"> Un&#8217;altra utile informazione riguarda, infine, gli orari di apertura straordinaria dell&#8217;ecocentro di via Cavalieri di V. Veneto: a seguito dei modestissimi conferimenti registrati durante il 2019, si \u00e8 deciso di sospendere, almeno per il momento, l&#8217;apertura prevista per la seconda domenica di ogni mese. In futuro, in base alle esigenze che si dovessero manifestare, verranno valutate altre aperture straordinarie <\/span><\/span><\/span><\/p>\n","protected":false},"excerpt":{"rendered":"<p>FELTRE\u00a0 L&#8217;Amministrazione ha da tempo intrapreso una politica volta a promuovere ulteriormente e favorire l&#8217;utilizzo del Centro di Raccolta Comunale (ecocentro), in quanto questo comporta una riduzione dei costi di raccolta\/trasporto dei rifiuti ed un controllo puntuale della qualit\u00e0 del rifiuto conferito. I rifiuti conferiti vengono infatti controllati dagli operatori dedicati alla gestione del Centro&hellip;<\/p>\n","protected":false},"author":1,"featured_media":112417,"comment_status":"closed","ping_status":"closed","sticky":false,"template":"","format":"standard","meta":{"_monsterinsights_skip_tracking":false,"_monsterinsights_sitenote_active":false,"_monsterinsights_sitenote_note":"","_monsterinsights_sitenote_category":0,"footnotes":""},"categories":[49],"tags":[],"class_list":["post-112415","post","type-post","status-publish","format-standard","has-post-thumbnail","hentry","category-news-18","category-49","description-off"],"img_url":"https:\/\/www.radiopiu.net\/wordpress\/wp-content\/uploads\/2020\/01\/6fa19c26-0d84-4172-92dc-c6fe2065d875.jpg","_links":{"self":[{"href":"https:\/\/www.radiopiu.net\/wordpress\/wp-json\/wp\/v2\/posts\/112415","targetHints":{"allow":["GET"]}}],"collection":[{"href":"https:\/\/www.radiopiu.net\/wordpress\/wp-json\/wp\/v2\/posts"}],"about":[{"href":"https:\/\/www.radiopiu.net\/wordpress\/wp-json\/wp\/v2\/types\/post"}],"author":[{"embeddable":true,"href":"https:\/\/www.radiopiu.net\/wordpress\/wp-json\/wp\/v2\/users\/1"}],"replies":[{"embeddable":true,"href":"https:\/\/www.radiopiu.net\/wordpress\/wp-json\/wp\/v2\/comments?post=112415"}],"version-history":[{"count":0,"href":"https:\/\/www.radiopiu.net\/wordpress\/wp-json\/wp\/v2\/posts\/112415\/revisions"}],"wp:featuredmedia":[{"embeddable":true,"href":"https:\/\/www.radiopiu.net\/wordpress\/wp-json\/wp\/v2\/media\/112417"}],"wp:attachment":[{"href":"https:\/\/www.radiopiu.net\/wordpress\/wp-json\/wp\/v2\/media?parent=112415"}],"wp:term":[{"taxonomy":"category","embeddable":true,"href":"https:\/\/www.radiopiu.net\/wordpress\/wp-json\/wp\/v2\/categories?post=112415"},{"taxonomy":"post_tag","embeddable":true,"href":"https:\/\/www.radiopiu.net\/wordpress\/wp-json\/wp\/v2\/tags?post=112415"}],"curies":[{"name":"wp","href":"https:\/\/api.w.org\/{rel}","templated":true}]}}