{"id":112470,"date":"2020-01-09T05:05:55","date_gmt":"2020-01-09T04:05:55","guid":{"rendered":"https:\/\/www.radiopiu.net\/wordpress\/?p=112470"},"modified":"2020-01-09T05:05:55","modified_gmt":"2020-01-09T04:05:55","slug":"simone-garavana-da-taibon-al-giro-del-mondo","status":"publish","type":"post","link":"https:\/\/www.radiopiu.net\/wordpress\/simone-garavana-da-taibon-al-giro-del-mondo\/","title":{"rendered":"SIMONE GARAVANA DA TAIBON&#8230;.AL GIRO DEL MONDO"},"content":{"rendered":"<div id=\"meta\" class=\"style-scope ytd-watch-flexy\">\n<div id=\"meta-contents\" class=\"style-scope ytd-watch-flexy\">\n<div id=\"container\" class=\"style-scope ytd-video-secondary-info-renderer\">\n<div id=\"content\" class=\"style-scope ytd-expander\">\n<blockquote>\n<div id=\"description\" class=\"style-scope ytd-video-secondary-info-renderer\"><strong>TAIBON<\/strong>\u00a0 &#8220;Ciao a tutti!! Sono un ragazzo di 19 anni che sta facendo il giro del mondo con zaino in spalla, dopo Egitto ed Israele, dopo avventure incredibili, persone fantastiche e paesaggi mozzafiato voglio portarvi con me all&#8217;avventura. Questo \u00e8 il mio primo Vlog e primo video. Spero vi piaccia come piace a me, la qualit\u00e0 non \u00e8 delle migliori, ma vi racconter\u00f2 anche il perch\u00e9 in un video futuro&#x1f44a;&#x1f601; Ci vediamo, ciao. Per seguire le mie avventure con altri contenuti interessanti&#8230; Facebook \u25cf <a class=\"yt-simple-endpoint style-scope yt-formatted-string\" spellcheck=\"false\" href=\"https:\/\/www.youtube.com\/redirect?event=video_description&amp;redir_token=Ju270idQ5U1apt2kFbfNt0Z4Zhl8MTU3ODYyODg2MEAxNTc4NTQyNDYw&amp;q=https%3A%2F%2Fwww.facebook.com%2FGaravanaS%2F&amp;v=wxKKFKRJ4LM\" target=\"_blank\" rel=\"nofollow noopener noreferrer\">https:\/\/www.facebook.com\/GaravanaS\/<\/a> Instagram \u25cf <a class=\"yt-simple-endpoint style-scope yt-formatted-string\" spellcheck=\"false\" href=\"https:\/\/www.youtube.com\/redirect?event=video_description&amp;redir_token=Ju270idQ5U1apt2kFbfNt0Z4Zhl8MTU3ODYyODg2MEAxNTc4NTQyNDYw&amp;q=https%3A%2F%2Fwww.instagram.com%2Fs.gara%2F&amp;v=wxKKFKRJ4LM\" target=\"_blank\" rel=\"nofollow noopener noreferrer\">https:\/\/www.instagram.com\/s.gara\/&#8221;<\/a><\/div>\n<\/blockquote>\n<div>Simone Garavana \u00e8 un giovane di Taibon che ha deciso di scoprire il mondo, ecco il suo ultimo video dalla Giordania.<\/div>\n<\/div>\n<blockquote>\n<div id=\"always-shown\" class=\"style-scope ytd-metadata-row-container-renderer\"><\/div>\n<\/blockquote>\n<\/div>\n<\/div>\n<\/div>\n<p><iframe loading=\"lazy\" title=\"Entro in Giordania e dormo in un castello!! - VLOG 1\" width=\"1200\" height=\"675\" src=\"https:\/\/www.youtube.com\/embed\/wxKKFKRJ4LM?feature=oembed\" frameborder=\"0\" allow=\"accelerometer; autoplay; encrypted-media; gyroscope; picture-in-picture\" allowfullscreen><\/iframe><\/p>\n","protected":false},"excerpt":{"rendered":"<p>TAIBON\u00a0 &#8220;Ciao a tutti!! Sono un ragazzo di 19 anni che sta facendo il giro del mondo con zaino in spalla, dopo Egitto ed Israele, dopo avventure incredibili, persone fantastiche e paesaggi mozzafiato voglio portarvi con me all&#8217;avventura. Questo \u00e8 il mio primo Vlog e primo video. Spero vi piaccia come piace a me, la&hellip;<\/p>\n","protected":false},"author":1,"featured_media":112471,"comment_status":"closed","ping_status":"closed","sticky":false,"template":"","format":"standard","meta":{"_monsterinsights_skip_tracking":false,"_monsterinsights_sitenote_active":false,"_monsterinsights_sitenote_note":"","_monsterinsights_sitenote_category":0,"footnotes":""},"categories":[104,2],"tags":[],"class_list":["post-112470","post","type-post","status-publish","format-standard","has-post-thumbnail","hentry","category-evidenza_3","category-news","category-104","category-2","description-off"],"img_url":"https:\/\/www.radiopiu.net\/wordpress\/wp-content\/uploads\/2020\/01\/78482966_446272369423557_73154597404803072_n.jpg","_links":{"self":[{"href":"https:\/\/www.radiopiu.net\/wordpress\/wp-json\/wp\/v2\/posts\/112470","targetHints":{"allow":["GET"]}}],"collection":[{"href":"https:\/\/www.radiopiu.net\/wordpress\/wp-json\/wp\/v2\/posts"}],"about":[{"href":"https:\/\/www.radiopiu.net\/wordpress\/wp-json\/wp\/v2\/types\/post"}],"author":[{"embeddable":true,"href":"https:\/\/www.radiopiu.net\/wordpress\/wp-json\/wp\/v2\/users\/1"}],"replies":[{"embeddable":true,"href":"https:\/\/www.radiopiu.net\/wordpress\/wp-json\/wp\/v2\/comments?post=112470"}],"version-history":[{"count":0,"href":"https:\/\/www.radiopiu.net\/wordpress\/wp-json\/wp\/v2\/posts\/112470\/revisions"}],"wp:featuredmedia":[{"embeddable":true,"href":"https:\/\/www.radiopiu.net\/wordpress\/wp-json\/wp\/v2\/media\/112471"}],"wp:attachment":[{"href":"https:\/\/www.radiopiu.net\/wordpress\/wp-json\/wp\/v2\/media?parent=112470"}],"wp:term":[{"taxonomy":"category","embeddable":true,"href":"https:\/\/www.radiopiu.net\/wordpress\/wp-json\/wp\/v2\/categories?post=112470"},{"taxonomy":"post_tag","embeddable":true,"href":"https:\/\/www.radiopiu.net\/wordpress\/wp-json\/wp\/v2\/tags?post=112470"}],"curies":[{"name":"wp","href":"https:\/\/api.w.org\/{rel}","templated":true}]}}