{"id":112610,"date":"2020-01-10T08:36:08","date_gmt":"2020-01-10T07:36:08","guid":{"rendered":"https:\/\/www.radiopiu.net\/wordpress\/?p=112610"},"modified":"2020-01-10T08:36:08","modified_gmt":"2020-01-10T07:36:08","slug":"stasera-leclisse-di-luna-di-claudio-pra","status":"publish","type":"post","link":"https:\/\/www.radiopiu.net\/wordpress\/stasera-leclisse-di-luna-di-claudio-pra\/","title":{"rendered":"STASERA L&#8217;ECLISSE DI LUNA di CLAUDIO PRA"},"content":{"rendered":"<p><a class=\"dt-pswp-item\" href=\"https:\/\/www.radiopiu.net\/wordpress\/wp-content\/uploads\/2020\/01\/WhatsApp-Image-2020-01-10-at-07.55.53.jpeg\" data-dt-img-description=\"\" data-large_image_width=\"1080\" data-large_image_height=\"1427\"><img loading=\"lazy\" decoding=\"async\" class=\"size-medium wp-image-112611 alignleft\" src=\"https:\/\/www.radiopiu.net\/wordpress\/wp-content\/uploads\/2020\/01\/WhatsApp-Image-2020-01-10-at-07.55.53-227x300.jpeg\" alt=\"\" width=\"227\" height=\"300\" srcset=\"https:\/\/www.radiopiu.net\/wordpress\/wp-content\/uploads\/2020\/01\/WhatsApp-Image-2020-01-10-at-07.55.53-227x300.jpeg 227w, https:\/\/www.radiopiu.net\/wordpress\/wp-content\/uploads\/2020\/01\/WhatsApp-Image-2020-01-10-at-07.55.53-775x1024.jpeg 775w, https:\/\/www.radiopiu.net\/wordpress\/wp-content\/uploads\/2020\/01\/WhatsApp-Image-2020-01-10-at-07.55.53-768x1015.jpeg 768w, https:\/\/www.radiopiu.net\/wordpress\/wp-content\/uploads\/2020\/01\/WhatsApp-Image-2020-01-10-at-07.55.53.jpeg 1080w\" sizes=\"auto, (max-width: 227px) 100vw, 227px\" \/><\/a>Stasera eclisse penombrale parziale di Luna, con il nostro satellite che si immerge per quasi il 90% nella penombra terrestre. Un eclisse penombrale \u00e8 poco spettacolare, ed in questo caso quel che sar\u00e0 possibile osservare \u00e8 un leggerissimo oscuramento, specie del lumbo lunare pi\u00f9 basso, alle 20.10, momento del massimo dell&#8217;eclisse.<\/p>\n","protected":false},"excerpt":{"rendered":"<p>Stasera eclisse penombrale parziale di Luna, con il nostro satellite che si immerge per quasi il 90% nella penombra terrestre. Un eclisse penombrale \u00e8 poco spettacolare, ed in questo caso quel che sar\u00e0 possibile osservare \u00e8 un leggerissimo oscuramento, specie del lumbo lunare pi\u00f9 basso, alle 20.10, momento del massimo dell&#8217;eclisse.<\/p>\n","protected":false},"author":1,"featured_media":112611,"comment_status":"closed","ping_status":"closed","sticky":false,"template":"","format":"standard","meta":{"_monsterinsights_skip_tracking":false,"_monsterinsights_sitenote_active":false,"_monsterinsights_sitenote_note":"","_monsterinsights_sitenote_category":0,"footnotes":""},"categories":[49],"tags":[],"class_list":["post-112610","post","type-post","status-publish","format-standard","has-post-thumbnail","hentry","category-news-18","category-49","description-off"],"img_url":"https:\/\/www.radiopiu.net\/wordpress\/wp-content\/uploads\/2020\/01\/WhatsApp-Image-2020-01-10-at-07.55.53.jpeg","_links":{"self":[{"href":"https:\/\/www.radiopiu.net\/wordpress\/wp-json\/wp\/v2\/posts\/112610","targetHints":{"allow":["GET"]}}],"collection":[{"href":"https:\/\/www.radiopiu.net\/wordpress\/wp-json\/wp\/v2\/posts"}],"about":[{"href":"https:\/\/www.radiopiu.net\/wordpress\/wp-json\/wp\/v2\/types\/post"}],"author":[{"embeddable":true,"href":"https:\/\/www.radiopiu.net\/wordpress\/wp-json\/wp\/v2\/users\/1"}],"replies":[{"embeddable":true,"href":"https:\/\/www.radiopiu.net\/wordpress\/wp-json\/wp\/v2\/comments?post=112610"}],"version-history":[{"count":0,"href":"https:\/\/www.radiopiu.net\/wordpress\/wp-json\/wp\/v2\/posts\/112610\/revisions"}],"wp:featuredmedia":[{"embeddable":true,"href":"https:\/\/www.radiopiu.net\/wordpress\/wp-json\/wp\/v2\/media\/112611"}],"wp:attachment":[{"href":"https:\/\/www.radiopiu.net\/wordpress\/wp-json\/wp\/v2\/media?parent=112610"}],"wp:term":[{"taxonomy":"category","embeddable":true,"href":"https:\/\/www.radiopiu.net\/wordpress\/wp-json\/wp\/v2\/categories?post=112610"},{"taxonomy":"post_tag","embeddable":true,"href":"https:\/\/www.radiopiu.net\/wordpress\/wp-json\/wp\/v2\/tags?post=112610"}],"curies":[{"name":"wp","href":"https:\/\/api.w.org\/{rel}","templated":true}]}}