{"id":112654,"date":"2020-01-10T17:13:03","date_gmt":"2020-01-10T16:13:03","guid":{"rendered":"https:\/\/www.radiopiu.net\/wordpress\/?p=112654"},"modified":"2020-01-10T17:13:43","modified_gmt":"2020-01-10T16:13:43","slug":"112654-2","status":"publish","type":"post","link":"https:\/\/www.radiopiu.net\/wordpress\/112654-2\/","title":{"rendered":"TARIFFAZIONE PUNTUALE AL VIA DAL 2020"},"content":{"rendered":"<h3><\/h3>\n<blockquote><p><em>Novit\u00e0 e agevolazioni per famiglie con neonati e anziani<\/em><\/p><\/blockquote>\n<p><b><a class=\"dt-pswp-item\" href=\"https:\/\/www.radiopiu.net\/wordpress\/wp-content\/uploads\/2020\/01\/WhatsApp-Image-2020-01-10-at-15.26.10.jpeg\" data-dt-img-description=\"\" data-large_image_width=\"1599\" data-large_image_height=\"1200\"><img loading=\"lazy\" decoding=\"async\" class=\"wp-image-112636 alignleft\" src=\"https:\/\/www.radiopiu.net\/wordpress\/wp-content\/uploads\/2020\/01\/WhatsApp-Image-2020-01-10-at-15.26.10-300x225.jpeg\" alt=\"\" width=\"216\" height=\"162\" srcset=\"https:\/\/www.radiopiu.net\/wordpress\/wp-content\/uploads\/2020\/01\/WhatsApp-Image-2020-01-10-at-15.26.10-300x225.jpeg 300w, https:\/\/www.radiopiu.net\/wordpress\/wp-content\/uploads\/2020\/01\/WhatsApp-Image-2020-01-10-at-15.26.10-1024x768.jpeg 1024w, https:\/\/www.radiopiu.net\/wordpress\/wp-content\/uploads\/2020\/01\/WhatsApp-Image-2020-01-10-at-15.26.10-768x576.jpeg 768w, https:\/\/www.radiopiu.net\/wordpress\/wp-content\/uploads\/2020\/01\/WhatsApp-Image-2020-01-10-at-15.26.10-1536x1153.jpeg 1536w, https:\/\/www.radiopiu.net\/wordpress\/wp-content\/uploads\/2020\/01\/WhatsApp-Image-2020-01-10-at-15.26.10.jpeg 1599w\" sizes=\"auto, (max-width: 216px) 100vw, 216px\" \/><\/a>BELLUNO <\/b>La tariffazione puntuale per la raccolta dei rifiuti nel Comune di Belluno entrer\u00e0 a regime nel corso del 2020; nel frattempo, si tarer\u00e0 il sistema e verranno messi a punto incentivi e soluzioni per alcune situazioni particolari. Inoltre, sar\u00e0 avviata una campagna informativa tra i cittadini, e solo al termine di questa si proceder\u00e0 con l&#8217;introduzione della tariffazione puntuale. Un punto fermo: con il nuovo sistema di tariffazione, entrato in vigore per legge nazionale, se si continuer\u00e0 a ben differenziare non ci sar\u00e0 alcun aumento in bolletta. Anzi, se i risultati della raccolta differenziata dovessero migliorare, questo lavoro si potrebbe tradurre in un&#8217;ulteriore riduzione dei costi complessivi di sistema. <strong>La nuova tariffazione <\/strong>Per la maggior parte degli utenti la bolletta non salir\u00e0, per evitare gli aumenti sar\u00e0 sufficiente differenziare bene i rifiuti, il nuovo sistema si basa su due parti: una prima quota, fissa, sar\u00e0 calcolata sui metri quadri dell&#8217;abitazione e sul numero di membri del nucleo familiare, e una seconda variabile. La parte variabile sar\u00e0 conteggiata sugli svuotamenti della calotta o del bidone. Per monitorare il numero di svuotamenti gi\u00e0 effettuati, sar\u00e0 possibile da subito accedere al portale di Bellunum. <strong>La sperimentazione <\/strong>I primi mesi del 2020 serviranno come periodo di prova per tarare al meglio il servizio. Al termine della sperimentazione inizier\u00e0 il conteggio effettivo con il metodo approvato a fine anno dall&#8217;amministrazione comunale\u00bb. <strong>Pannolini\u00a0<\/strong>Per ogni bambino sotto i tre anni presente nel nucleo familiare verranno assegnati degli svuotamenti aggiuntivi di calotta alla settimana. Restano sempre validi anche gli incentivi, richiedibili a Bellunum, per l&#8217;acquisto dei pannolini lavabili.<\/p>\n<p>IL SINDACO JACOPO MASSARO<\/p>\n<audio class=\"wp-audio-shortcode\" id=\"audio-112654-1\" preload=\"none\" style=\"width: 100%;\" controls=\"controls\"><source type=\"audio\/mpeg\" src=\"https:\/\/www.radiopiu.net\/wordpress\/wp-content\/uploads\/2020\/01\/jacopo-massaro.mp3?_=1\" \/><a href=\"https:\/\/www.radiopiu.net\/wordpress\/wp-content\/uploads\/2020\/01\/jacopo-massaro.mp3\">https:\/\/www.radiopiu.net\/wordpress\/wp-content\/uploads\/2020\/01\/jacopo-massaro.mp3<\/a><\/audio>\n<p>&nbsp;<\/p>\n<p>&nbsp;<\/p>\n","protected":false},"excerpt":{"rendered":"<p>Novit\u00e0 e agevolazioni per famiglie con neonati e anziani BELLUNO La tariffazione puntuale per la raccolta dei rifiuti nel Comune di Belluno entrer\u00e0 a regime nel corso del 2020; nel frattempo, si tarer\u00e0 il sistema e verranno messi a punto incentivi e soluzioni per alcune situazioni particolari. Inoltre, sar\u00e0 avviata una campagna informativa tra i&hellip;<\/p>\n","protected":false},"author":1,"featured_media":112637,"comment_status":"closed","ping_status":"closed","sticky":false,"template":"","format":"standard","meta":{"_monsterinsights_skip_tracking":false,"_monsterinsights_sitenote_active":false,"_monsterinsights_sitenote_note":"","_monsterinsights_sitenote_category":0,"footnotes":""},"categories":[49],"tags":[],"class_list":["post-112654","post","type-post","status-publish","format-standard","has-post-thumbnail","hentry","category-news-18","category-49","description-off"],"img_url":"https:\/\/www.radiopiu.net\/wordpress\/wp-content\/uploads\/2020\/01\/WhatsApp-Image-2020-01-10-at-15.26.11.jpeg","_links":{"self":[{"href":"https:\/\/www.radiopiu.net\/wordpress\/wp-json\/wp\/v2\/posts\/112654","targetHints":{"allow":["GET"]}}],"collection":[{"href":"https:\/\/www.radiopiu.net\/wordpress\/wp-json\/wp\/v2\/posts"}],"about":[{"href":"https:\/\/www.radiopiu.net\/wordpress\/wp-json\/wp\/v2\/types\/post"}],"author":[{"embeddable":true,"href":"https:\/\/www.radiopiu.net\/wordpress\/wp-json\/wp\/v2\/users\/1"}],"replies":[{"embeddable":true,"href":"https:\/\/www.radiopiu.net\/wordpress\/wp-json\/wp\/v2\/comments?post=112654"}],"version-history":[{"count":0,"href":"https:\/\/www.radiopiu.net\/wordpress\/wp-json\/wp\/v2\/posts\/112654\/revisions"}],"wp:featuredmedia":[{"embeddable":true,"href":"https:\/\/www.radiopiu.net\/wordpress\/wp-json\/wp\/v2\/media\/112637"}],"wp:attachment":[{"href":"https:\/\/www.radiopiu.net\/wordpress\/wp-json\/wp\/v2\/media?parent=112654"}],"wp:term":[{"taxonomy":"category","embeddable":true,"href":"https:\/\/www.radiopiu.net\/wordpress\/wp-json\/wp\/v2\/categories?post=112654"},{"taxonomy":"post_tag","embeddable":true,"href":"https:\/\/www.radiopiu.net\/wordpress\/wp-json\/wp\/v2\/tags?post=112654"}],"curies":[{"name":"wp","href":"https:\/\/api.w.org\/{rel}","templated":true}]}}