{"id":112719,"date":"2020-01-11T09:41:25","date_gmt":"2020-01-11T08:41:25","guid":{"rendered":"https:\/\/www.radiopiu.net\/wordpress\/?p=112719"},"modified":"2020-01-11T09:47:39","modified_gmt":"2020-01-11T08:47:39","slug":"lettera-a-mountain-wilderness-di-lucia-farenzena-presidente-consorzio-operatori-turistici-rocca-pietore-marmolada","status":"publish","type":"post","link":"https:\/\/www.radiopiu.net\/wordpress\/lettera-a-mountain-wilderness-di-lucia-farenzena-presidente-consorzio-operatori-turistici-rocca-pietore-marmolada\/","title":{"rendered":"LETTERA A MOUNTAIN WILDERNESS, di Lucia Farenzena presidente consorzio operatori turistici Rocca Pietore\/Marmolada"},"content":{"rendered":"<p>A seguito della vicenda sulla possibilit\u00e0 di un nuovo collegamento sciistico Cortina-Arabba, mi vedo costretta a scrivervi. Questo perch\u00e9 \u00e8 l&#8217;ennesima fonte di manifestazione di scarso rispetto che viene dimostrata nei confronti delle persone. Non entro nel merito dell\u2019argomento, perch\u00e9 ognuno ha la facolt\u00e0 di avere la propria idea, entro nel merito dell\u2019atteggiamento dei vostri esponenti e dei vostri sostenitori. Sono abbastanza rammaricata nel leggere, ormai di sovente, che noi persone che viviamo in montagna siamo una sorta di poveretti incapaci mentalmente di discernere il giusto dallo sbagliato. Leggere certe affermazioni che ci danno sostanzialmente dei minus, mi fa rimanere male, la costanza di questo diventa alquanto fastidiosa. Secondo voi \u00e8 corretto? Mi domando se screditare chi ogni girono vive con non poche difficolt\u00e0 i teritori, sia una cosa che vada in linea con gli elevati valori che difendete. Tutela dell\u2019ambiente ma non le persone, perch\u00e9 da quanto emerge, le persone sono un negativo accessorio ai territori di montagna. Non \u00e8 venire due giorni, farsi foto, metterle sui social, prendere like che fa capire cosa significhi vivere in montagna, pontificando su come dovremmo vivere. Buon senso e sensibilit\u00e0 prevedono che se sposo una causa, convinto che sia giusta, la condivido con chi \u00e8 in loco. Organizzo incontri con queste persone per capire veramente come stanno le cose, per proporre. Invece, noi <em>poraccy<\/em> che viviamo tra quattro crode, veniamo considerati da quanto traspare dai numerosissimi commenti una sorta di cartone animato, indiani in via di estinzione. Se tanto ci sono soluzioni, idee, perch\u00e9 nessuno ha mai incontrato le persone per esporle? Perch\u00e9 nessuno vive la montagna 365 giorni l\u2019anno e soprattutto vive di turismo? Permettetemi di sottolineare come questo pontificare da lontano senza avere cognizione di cosa sia vivere e lavorare in montagna non concede quella credibilit\u00e0 che si cerca di vantare. Qui non \u00e8 questione di fare o non fare impianti, qui il punto \u00e8 pi\u00f9 alto in valore ed \u00e8 il rispetto. Contrariamente a quanto viene asserito, ci sono persone TITOLATE in quanto elette regolarmente dai loro cittadini, che stanno manifestando la loro contrariet\u00e0. Guarda caso, persone che anche lavorano nel turismo. Sostenibilit\u00e0, rispetto per l\u2019ambiente e sviluppo devono andare di pari passo, ma nonostante siamo degli sprovveduti, al momento quelli che vanno a letto con 3 cm di smog sulla pelle non siamo noi, che nella nostra presunta scelleratezza abbiamo la fortuna di vivere in un ambiente PULITO. Se tanto si ama la montagna, dovrebbe essere fatto anche con chi ci vive, senza puntare costantemente il dito. Si, perch\u00e9 questo viene fatto a nome vostro e in nome delle vostre cause. Non ho mai visto nessuno arrivare qui, fare un incontro pubblico, portare dati, numeri, segnatamente concrete soluzioni. Il turismo slow, e quant\u2019altro sar\u00e0 il futuro, questo lo sappiamo anche noi poveri sprovveduti Montanari, peccato per\u00f2 che nel frattempo vorremmo anche vivere, e al momento lo sci rappresenta una voce importante di bilancio. Questo indipendentemente dall&#8217;argomento del nuovo collegamento. Invece di smobilitare l\u2019UNESCO, cerchiamo di smobilitare l&#8217;umanit\u00e0 interiore e di scendere dal piedistallo. Cerchiamo di CONDIVIDERE e non di imporre. Perch\u00e9 vedete, le offese, i pregiudizi, il costante additare non sono certo cose nobili come gli ideali che promuovete. Diventa triste leggere i molti commenti. Si potrebbero anche ignorare se fossero sporadici, ma qui si va continuamente a colpire un principio internazionalmente sancito, quello dell&#8217;autodeterminazione dei popoli.Ci vediamo imporre uno stile di vita che sta negli altrui sogni e che ha una scarsa aderenza con la realt\u00e0, ma soprattutto con l&#8217;attuale sostenibilit\u00e0. Il perpetrarsi del giudizio su di noi, fa quasi supporre che sia proprio quello che tutti pensano a livello della vostra Associazione. Difendere l\u2019ambiente \u00e8 una cosa sacrosanta, sminuire i sacrifici altrui \u00e8 decisamente poco nobile. Noi, come voi, siamo persone e semplicemente per questo motivo andiamo rispettate non etichettate.<\/p>\n<blockquote><p><em>Fiduciosa di una vostra presa di posizione in merito,<\/em><br \/>\n<em>distinti saluti.<\/em><br \/>\n<em>Lucia Farenzena<\/em><\/p><\/blockquote>\n<p><strong>I POST CHE FANNO ARRABBIARE<\/strong> <strong><span style=\"color: #0000ff;\"><a style=\"color: #0000ff;\" href=\"https:\/\/www.facebook.com\/1600429884\/posts\/10218758780472861\/?d=n\">clicca qui\u00a0<\/a><\/span><\/strong><\/p>\n","protected":false},"excerpt":{"rendered":"<p>A seguito della vicenda sulla possibilit\u00e0 di un nuovo collegamento sciistico Cortina-Arabba, mi vedo costretta a scrivervi. Questo perch\u00e9 \u00e8 l&#8217;ennesima fonte di manifestazione di scarso rispetto che viene dimostrata nei confronti delle persone. Non entro nel merito dell\u2019argomento, perch\u00e9 ognuno ha la facolt\u00e0 di avere la propria idea, entro nel merito dell\u2019atteggiamento dei vostri&hellip;<\/p>\n","protected":false},"author":1,"featured_media":0,"comment_status":"closed","ping_status":"closed","sticky":false,"template":"","format":"standard","meta":{"_monsterinsights_skip_tracking":false,"_monsterinsights_sitenote_active":false,"_monsterinsights_sitenote_note":"","_monsterinsights_sitenote_category":0,"footnotes":""},"categories":[51,49],"tags":[],"class_list":["post-112719","post","type-post","status-publish","format-standard","hentry","category-evidenza-top","category-news-18","category-51","category-49","description-off"],"img_url":false,"_links":{"self":[{"href":"https:\/\/www.radiopiu.net\/wordpress\/wp-json\/wp\/v2\/posts\/112719","targetHints":{"allow":["GET"]}}],"collection":[{"href":"https:\/\/www.radiopiu.net\/wordpress\/wp-json\/wp\/v2\/posts"}],"about":[{"href":"https:\/\/www.radiopiu.net\/wordpress\/wp-json\/wp\/v2\/types\/post"}],"author":[{"embeddable":true,"href":"https:\/\/www.radiopiu.net\/wordpress\/wp-json\/wp\/v2\/users\/1"}],"replies":[{"embeddable":true,"href":"https:\/\/www.radiopiu.net\/wordpress\/wp-json\/wp\/v2\/comments?post=112719"}],"version-history":[{"count":0,"href":"https:\/\/www.radiopiu.net\/wordpress\/wp-json\/wp\/v2\/posts\/112719\/revisions"}],"wp:attachment":[{"href":"https:\/\/www.radiopiu.net\/wordpress\/wp-json\/wp\/v2\/media?parent=112719"}],"wp:term":[{"taxonomy":"category","embeddable":true,"href":"https:\/\/www.radiopiu.net\/wordpress\/wp-json\/wp\/v2\/categories?post=112719"},{"taxonomy":"post_tag","embeddable":true,"href":"https:\/\/www.radiopiu.net\/wordpress\/wp-json\/wp\/v2\/tags?post=112719"}],"curies":[{"name":"wp","href":"https:\/\/api.w.org\/{rel}","templated":true}]}}