{"id":112768,"date":"2020-01-13T06:07:58","date_gmt":"2020-01-13T05:07:58","guid":{"rendered":"https:\/\/www.radiopiu.net\/wordpress\/?p=112768"},"modified":"2020-01-13T17:21:07","modified_gmt":"2020-01-13T16:21:07","slug":"giornale-radiopiu-13-gennaio-2020-direttore-mirko-mezzacasa","status":"publish","type":"post","link":"https:\/\/www.radiopiu.net\/wordpress\/giornale-radiopiu-13-gennaio-2020-direttore-mirko-mezzacasa\/","title":{"rendered":"GIORNALE RADIOPIU 13 GENNAIO 2020 DIRETTORE MIRKO MEZZACASA"},"content":{"rendered":"<h3>ACQUA INQUINATA A LA VALLE, DISSERVIZI A FELTRE PER LAVORI<\/h3>\n<p><span style=\"color: #800000;\"><span style=\"color: #000000;\"><strong>LA VALLE AGORDINA<\/strong><\/span> nelle LOCALITA&#8217; RONCHE, RONCHET, NOACH, LE CAMPE e CANCELLADE l&#8217;acqua erogata dall&#8217;acquedotto non \u00e8 potabile e pu\u00f2 essere usata per scopi alimentari SOLO PREVIA bollitura. GSP ha, comunque, gi\u00e0 adottato le necessarie misure per la disinfezione dell&#8217;acqua presente nei serbatoi <span style=\"font-family: Arial, sans-serif;\"><a class=\"dt-pswp-item\" href=\"https:\/\/www.radiopiu.net\/wordpress\/wp-content\/uploads\/2015\/06\/bimgsp.jpg\" data-dt-img-description=\"\" data-large_image_width=\"300\" data-large_image_height=\"168\"><img loading=\"lazy\" decoding=\"async\" class=\" wp-image-6703 alignleft\" src=\"https:\/\/www.radiopiu.net\/wordpress\/wp-content\/uploads\/2015\/06\/bimgsp-300x168.jpg\" alt=\"\" width=\"130\" height=\"73\" \/><\/a><\/span>e nella rete idrica con l&#8217;aggiunta di cloro. Ulteriori informazioni saranno fornite nei prossimi giorni<\/span><\/p>\n<p><span style=\"font-family: Arial, sans-serif;\"><strong>FELTRE<\/strong> <span style=\"color: #800000;\">Oggi disservizi fino a fine lavori,\u00a0 verr\u00e0 eseguito un intervento di manutenzione all\u2019acquedotto della Val Canzoi. Sar\u00e0, pertanto, sospesa l\u2019erogazione dell\u2019acqua in tutto comune di Cesiomaggiore (escluse le frazioni di Soranzen, Fianema, Menin e Pullir), mentre potrebbero verificarsi interruzioni a Feltre nelle localit\u00e0 di Anzu\u2019, Canal, Celarda, Col Fiorito, Nemeggio, Pont, Sanzan, Villapaiera e Zona Industriale, Casonetto (e laterali) e in via Belvedere<\/span><\/span><\/p>\n<p>&nbsp;<\/p>\n<p>&nbsp;<\/p>\n<p>&nbsp;<\/p>\n<p>&nbsp;<\/p>\n<p>&nbsp;<\/p>\n<h3>DA OGGI SULLE STRADE DELL&#8217;AGORDINO, DIVIETI DI TRANSITO E SENSO UNICO<\/h3>\n<p><strong><a class=\"dt-pswp-item\" href=\"https:\/\/www.radiopiu.net\/wordpress\/wp-content\/uploads\/2020\/01\/8550d617-ce67-49f8-a961-a4f5f6c0c2bb.jpg\" data-dt-img-description=\"\" data-large_image_width=\"788\" data-large_image_height=\"1599\"><img loading=\"lazy\" decoding=\"async\" class=\"size-medium wp-image-112658 alignleft\" src=\"https:\/\/www.radiopiu.net\/wordpress\/wp-content\/uploads\/2020\/01\/8550d617-ce67-49f8-a961-a4f5f6c0c2bb-148x300.jpg\" alt=\"\" width=\"148\" height=\"300\" srcset=\"https:\/\/www.radiopiu.net\/wordpress\/wp-content\/uploads\/2020\/01\/8550d617-ce67-49f8-a961-a4f5f6c0c2bb-148x300.jpg 148w, https:\/\/www.radiopiu.net\/wordpress\/wp-content\/uploads\/2020\/01\/8550d617-ce67-49f8-a961-a4f5f6c0c2bb-505x1024.jpg 505w, https:\/\/www.radiopiu.net\/wordpress\/wp-content\/uploads\/2020\/01\/8550d617-ce67-49f8-a961-a4f5f6c0c2bb-768x1558.jpg 768w, https:\/\/www.radiopiu.net\/wordpress\/wp-content\/uploads\/2020\/01\/8550d617-ce67-49f8-a961-a4f5f6c0c2bb-757x1536.jpg 757w, https:\/\/www.radiopiu.net\/wordpress\/wp-content\/uploads\/2020\/01\/8550d617-ce67-49f8-a961-a4f5f6c0c2bb.jpg 788w\" sizes=\"auto, (max-width: 148px) 100vw, 148px\" \/><\/a><\/strong><\/p>\n<p><strong>346 San Pellegrino a Canale d&#8217; Agordo <\/strong>loc. La Mora da oggi al 29 febbraio senso unico con semaforo anche sabato e domenica,<\/p>\n<p>&nbsp;<\/p>\n<p>&nbsp;<\/p>\n<p><strong>PROVINCIALE 563 DI SALESEI, LIVINALLONGO DEL COL DI LANA<\/strong> DAL 13 GENNAIO AL 24 (ESCLUSI SABATO E DOMENICA) dalle 9 alle 17 interdizione totale al traffico, nei rimanenti periodi senso unico alternato per taglio alberi in localit\u00e0 Pian di Salesei e Salesei<\/p>\n<p>&nbsp;<\/p>\n<p>&nbsp;<\/p>\n<p>&nbsp;<\/p>\n<p>&nbsp;<\/p>\n<p>&nbsp;<\/p>\n<p>&nbsp;<\/p>\n<p>&nbsp;<\/p>\n<h3>SCARTI DI MACELLERIA ABBANDONATI<\/h3>\n<p><strong><a class=\"dt-pswp-item\" href=\"https:\/\/www.radiopiu.net\/wordpress\/wp-content\/uploads\/2020\/01\/20200112_082650-scaled.jpg\" data-dt-img-description=\"\" data-large_image_width=\"1920\" data-large_image_height=\"2560\"><img loading=\"lazy\" decoding=\"async\" class=\"size-medium wp-image-112765 alignleft\" src=\"https:\/\/www.radiopiu.net\/wordpress\/wp-content\/uploads\/2020\/01\/20200112_082650-225x300.jpg\" alt=\"\" width=\"225\" height=\"300\" srcset=\"https:\/\/www.radiopiu.net\/wordpress\/wp-content\/uploads\/2020\/01\/20200112_082650-225x300.jpg 225w, https:\/\/www.radiopiu.net\/wordpress\/wp-content\/uploads\/2020\/01\/20200112_082650-768x1024.jpg 768w, https:\/\/www.radiopiu.net\/wordpress\/wp-content\/uploads\/2020\/01\/20200112_082650-1152x1536.jpg 1152w, https:\/\/www.radiopiu.net\/wordpress\/wp-content\/uploads\/2020\/01\/20200112_082650-1536x2048.jpg 1536w, https:\/\/www.radiopiu.net\/wordpress\/wp-content\/uploads\/2020\/01\/20200112_082650-scaled.jpg 1920w\" sizes=\"auto, (max-width: 225px) 100vw, 225px\" \/><\/a><\/strong><\/p>\n<p>&nbsp;<\/p>\n<p>&nbsp;<\/p>\n<p>&nbsp;<\/p>\n<p><strong>TAIBON<\/strong> La foto scattata in localit\u00e0 Nogarola poco oltre l&#8217;azienda Pramaor &#8211; Blackfin evidenzia la scelta dell&#8217;ignoto di abbandonare a lato strada scarti di macelleria. La strada\u00a0 porta all&#8217;importante attivit\u00e0 della zona (Mobilificio Ben)\u00a0 ed \u00e8 anche tratto di ciclabile che porta a Listolade, nelle stagioni pi\u00f9 fredde trafficata strada pedonale. Non \u00e8 uno spettacolo edificante questo inspiegabile gesto di incivilt\u00e0.<\/p>\n<p>&nbsp;<\/p>\n<p>&nbsp;<\/p>\n<p>&nbsp;<\/p>\n<p>&nbsp;<\/p>\n<p>&nbsp;<\/p>\n<p>&nbsp;<\/p>\n<p>&nbsp;<\/p>\n<p>&nbsp;<\/p>\n<p>&nbsp;<\/p>\n<h3>LUXOTTICA SOLIDALE CON L&#8217;AUSTRALIA DEVASTATA DAL FUOCO<\/h3>\n<p><strong><img loading=\"lazy\" decoding=\"async\" class=\"alignleft\" src=\"https:\/\/www.radiopiu.net\/wordpress\/wp-content\/uploads\/2018\/05\/luxottica.jpg\" width=\"154\" height=\"131\" \/>AGORDO<\/strong> Luxottica ha donato 100 mila dollari alla Croce Rossa Australiana in seguito all&#8217;emergenza per l&#8217;incendio che continua a bruciare in diverse parti\u00a0 del paese &#8220;I nostri pensieri\u00a0 &#8211; si legge nella nota ufficiale &#8211; vanno a tuttI coloro che sono coinvolti.Stiamo inoltre collaborando con le autorit\u00e0 antincendio locali per fornire colliri lubrificanti a coloro che si trovano nelle aree colpite. La strada per il recupero delle comunit\u00e0\u00a0 \u00e8 lunga\u00bb, concludono. Per avere maggiori informazioni su come aiutare <a href=\"https:\/\/www.redcross.org.au\/campaigns\/disaster-relief-and-recovery-donate?fbclid=IwAR0HiySvzd8BXPmGJASCWIJ__FZ9zJz2DULtSm0ww4xmCOLwStZ_dUW0Wug\" target=\"_blank\" rel=\"noopener noreferrer\">clicca qui<\/a>\u00a0e\u00a0<a href=\"https:\/\/www.wires.org.au\/blog\/emergency-donations-to-help-wildlife?fbclid=IwAR3D5QH9BlS9HR_p5SXoi2wIlNH0M1-E3o_ci0Svg91563WLqAcSz_L82Rg\" target=\"_blank\" rel=\"noopener noreferrer\">qui<\/a>.<\/p>\n<p>&nbsp;<\/p>\n<p>&nbsp;<\/p>\n<p>&nbsp;<\/p>\n<p>&nbsp;<\/p>\n<h3><strong>SFRATTATI DALL&#8217;HOTEL DI CORTINA <\/strong><\/h3>\n<p><strong>CORTINA<\/strong> Sport Hotel Pocol\u00a0 sotto sequestro e i clienti sfrattati. Una brutta avventura per i turisti cacciati dalle loro stanze dall&#8217;ufficiale giudiziario incaricato dal tribunale di Belluno con l&#8217;aiuto dei Carabinieri. L&#8217;operazione ieri a mezzogiorno.\u00a0 Si \u00e8 trattato di uno sfratto esecutivo\u00a0 dovuto a mancati pagamenti che andavano avanti presumibilmente da\u00a0 tempo. Difficile ipotizzare una possibile data di riapertura.<\/p>\n<p>&nbsp;<\/p>\n<p>&nbsp;<\/p>\n<p>&nbsp;<\/p>\n<h3>INCIDENTE SULLE PISTE DA SCI<\/h3>\n<p><strong>BELLUNO.\u00a0 <\/strong>Meglio del solito ieri. Il primo intervento \u00e8 avvenuto dopo le 14 sulle Tofane a Cortina, dove I.T., una donna di 52 anni di Verona, cadendo in pista ha riportato un trauma alla colonna lombare: le sue condizioni non destavano particolare preoccupazione.Un secondo intervento a Padola,\u00a0 per una sessantacinquenne P.M.U.\u00a0 che sciando si \u00e8 procurata una frattura alla gamba. Sulle strade soliti problemi di coda al rientro tra il Cadore e il Longaronese<\/p>\n<p>&nbsp;<\/p>\n<p>&nbsp;<\/p>\n<p>&nbsp;<\/p>\n<p>&nbsp;<\/p>\n<h3>LEGGE REGIONALE SUGLI ORARI DELLE SALE SLOT, REGOLE UGUALI PER TUTTI<\/h3>\n<p><strong><a class=\"dt-pswp-item\" href=\"https:\/\/www.radiopiu.net\/wordpress\/wp-content\/uploads\/2018\/04\/AZZARDOD.jpg\" data-dt-img-description=\"\" data-large_image_width=\"558\" data-large_image_height=\"480\"><img loading=\"lazy\" decoding=\"async\" class=\" wp-image-46268 alignleft\" src=\"https:\/\/www.radiopiu.net\/wordpress\/wp-content\/uploads\/2018\/04\/AZZARDOD-300x258.jpg\" alt=\"\" width=\"184\" height=\"158\" srcset=\"https:\/\/www.radiopiu.net\/wordpress\/wp-content\/uploads\/2018\/04\/AZZARDOD-300x258.jpg 300w, https:\/\/www.radiopiu.net\/wordpress\/wp-content\/uploads\/2018\/04\/AZZARDOD.jpg 558w\" sizes=\"auto, (max-width: 184px) 100vw, 184px\" \/><\/a>BELLUNO <\/strong>Pubblicata\u00a0 la delibera regionale che attua la legge regionale sulle sale slot, che comprende anche i paletti per gli orari di esercizio delle attivit\u00e0: una notizia che viene accolta con soddisfazione dal Sindaco di Belluno, Jacopo Massaro.\u00a0Per i sindaci, grazie alla presenza di questo provvedimento, scatta infatti la possibilit\u00e0 di regolare in maniera uniforme e pi\u00f9 efficace l&#8217;attivit\u00e0 oraria delle sale slot sui propri territori con un&#8217;ordinanza, in aggiunta alle tre fasce (7.00-9-00; 13.00-15.00; 18.00-20.00) individuate della legge regionale. Da oggi, quindi, con la collaborazione della segreteria generale e dell&#8217;avvocatura civica, il comune capoluogo inizier\u00e0 il lavoro di stesura del provvedimento: <em>\u00abBelluno avr\u00e0 il ruolo di capofila in questo progetto di collaborazione per omogeneizzare le norme sul territorio<\/em> dichiara Massaro.<\/p>\n<p><strong>IL SINDACO DI BELLUNO JACOPO MASSARO<\/strong><\/p>\n<audio class=\"wp-audio-shortcode\" id=\"audio-112768-1\" preload=\"none\" style=\"width: 100%;\" controls=\"controls\"><source type=\"audio\/mpeg\" src=\"https:\/\/www.radiopiu.net\/wordpress\/wp-content\/uploads\/2020\/01\/Massaro-Legge-orari-sale-slot.mp3?_=1\" \/><a href=\"https:\/\/www.radiopiu.net\/wordpress\/wp-content\/uploads\/2020\/01\/Massaro-Legge-orari-sale-slot.mp3\">https:\/\/www.radiopiu.net\/wordpress\/wp-content\/uploads\/2020\/01\/Massaro-Legge-orari-sale-slot.mp3<\/a><\/audio>\n<p>&nbsp;<\/p>\n<p>&nbsp;<\/p>\n<p>&nbsp;<\/p>\n<h2><span style=\"color: #ff0000;\">LA LETTERA, DILLO A RADIOPIU&#8217;<\/span><\/h2>\n<blockquote><p><em><a class=\"dt-pswp-item\" href=\"https:\/\/www.radiopiu.net\/wordpress\/wp-content\/uploads\/2016\/01\/CENCENIGHE.jpg\" data-dt-img-description=\"\" data-large_image_width=\"600\" data-large_image_height=\"600\"><img loading=\"lazy\" decoding=\"async\" class=\"wp-image-15461 alignleft\" src=\"https:\/\/www.radiopiu.net\/wordpress\/wp-content\/uploads\/2016\/01\/CENCENIGHE-300x300.jpg\" alt=\"\" width=\"137\" height=\"137\" \/><\/a>Siamo i collaboratori scolastici a tempo indeterminato dell&#8217;Istituto Comprensivo di Cencenighe Agordino, vorremmo spendere due parole per un chiarimento sulla questione &#8220;mensa scolastica&#8221;, riportata recentemente all&#8217;attenzione dal Sindaco del Comune di Cencenighe Agordino. Come detto da lui stesso, il servizio mensa NON fa parte del mansionario del collaboratore scolastico (vedi contratto nazionale), ma \u00e8 un servizio a carico del Comune. Noi questo servizio lo abbiamo svolto per quasi un ventennio, percependo un piccolissimo salario accessorio, con la cos\u00ec detta funzione mista (una collaborazione tra scuola e Comune se si trova un accordo). Per fare chiarezza , nessuno di noi si \u00e8 rifiutato come esposto da Soppelsa nel recente Consiglio Comunale e in una precedente intervista rilasciata a Radiopi\u00f9, di svolgere questa mansione, ma come detto, abbiamo semplicemente smesso di dare la nostra disponibilit\u00e0 a svolgere tale servizio che NON ci compete. Per puntualizzare, il servizio mensa non si esaurisce con il solo scodellamento del cibo ,ma precedentemente serve preparare la sala, apparecchiare tavoli, condire il cibo fornito dal catering quindi servire il pranzo, lavare teglie e tavoli, questo per due volte visto che il servizio mensa si svolge su due turni, finendo il tutto con la pulizia della sala da pranzo. Dalle parole del Sindaco sembra si tratti di un lavoretto di poco conto ma cos\u00ec non \u00e8. Si fa inoltre presente che nelle scuole dell&#8217;infanzia dei Comuni di Falcade, Vallada e San Tomaso il servizio mensa \u00e8 sempre stato gestito autonomamente dai Comuni con personale proprio. Crediamo sia doveroso questo chiarimento, onde evitare che l&#8217;opinione pubblica si faccia un&#8217;idea di molto errata di noi collaboratori scolastici, che quotidianamente ci impegniamo nel nostro lavoro, stante la continua diminuzione annuale di detto personale, con i servizi ed i plessi scolastici che comunque rimangono invariati e svolgendo da sempre anche compiti che esulano dal nostro mansionario.<\/em><\/p><\/blockquote>\n<p><strong>L&#8217;INTERVENTO DEL SINDACO MAURO SOPPELSA DAL NOTIZIARIO DEL 3 DICEMBRE\u00a0<\/strong><\/p>\n<audio class=\"wp-audio-shortcode\" id=\"audio-112768-2\" preload=\"none\" style=\"width: 100%;\" controls=\"controls\"><source type=\"audio\/mpeg\" src=\"https:\/\/www.radiopiu.net\/wordpress\/wp-content\/uploads\/2020\/01\/mauroooo-1.mp3?_=2\" \/><a href=\"https:\/\/www.radiopiu.net\/wordpress\/wp-content\/uploads\/2020\/01\/mauroooo-1.mp3\">https:\/\/www.radiopiu.net\/wordpress\/wp-content\/uploads\/2020\/01\/mauroooo-1.mp3<\/a><\/audio>\n<blockquote><p>&nbsp;<\/p><\/blockquote>\n<p>&nbsp;<\/p>\n<p>&nbsp;<\/p>\n<h3>IERI IN TELEVISIONE, LA VALLE DI SAN LUCANO CON FABIO TONCELLI<\/h3>\n<blockquote><p><em>La tempesta vaia puo&#8217; offuscare la bellezza ma non farla sparire<\/em><\/p><\/blockquote>\n<p>Kilimangiaro di Raitre la nuova avventura del &#8220;Cacciatore di Paesaggi&#8221; si svolge in Veneto, fra le Dolomiti Bellunesi, terra di escursioni privilegiate dello scrittore Dino Buzzati. <em>&#8220;E un po&#8217; seguendo anche le sue tracce, partendo da Taibon Agordino, mi sono addentrato nella profonda e poco conosciuta Valle di San Lucano. Un viaggio pieno di sorprese. Buzzati ha scritto che \u00e8 uno dei luoghi pi\u00f9 bizzarri della terra&#8230;aveva ragione. Bizzarro e meraviglioso&#8221;\u00a0\u00a0<\/em><\/p>\n<p>link programma <span style=\"color: #0000ff;\"><a style=\"color: #0000ff;\" href=\"https:\/\/www.raiplay.it\/video\/2020\/01\/il-cacciatore-di-paesaggi-veneto---kilimangiaro-264e1acb-502e-4546-b978-a62fc4b6a161.html\">CLICCA QUI<\/a><\/span><\/p>\n<p>&nbsp;<\/p>\n<p>&nbsp;<\/p>\n<p>&nbsp;<\/p>\n<p>&nbsp;<\/p>\n<p>&nbsp;<\/p>\n<h2>E QUESTA SERA FRANCO ROCCON A QUARTA REPUBBLICA<\/h2>\n<blockquote><p><em>parler\u00e0 dal canale Rete4 mentre venerd\u00ec 17 su Rai3.\u00a0\u00a0<\/em><\/p><\/blockquote>\n<p><strong>DALLA RASSEGNA STAMPA DELLE OTTO<\/strong><\/p>\n<div>\n<audio class=\"wp-audio-shortcode\" id=\"audio-112768-3\" preload=\"none\" style=\"width: 100%;\" controls=\"controls\"><source type=\"audio\/mpeg\" src=\"https:\/\/www.radiopiu.net\/wordpress\/wp-content\/uploads\/2020\/01\/franco\u00f9.mp3?_=3\" \/><a href=\"https:\/\/www.radiopiu.net\/wordpress\/wp-content\/uploads\/2020\/01\/franco\u00f9.mp3\">https:\/\/www.radiopiu.net\/wordpress\/wp-content\/uploads\/2020\/01\/franco\u00f9.mp3<\/a><\/audio>\n<p>&nbsp;<\/p>\n<\/div>\n<div>\n<p><a class=\"dt-pswp-item\" href=\"https:\/\/www.radiopiu.net\/wordpress\/wp-content\/uploads\/2018\/06\/Roccon-Franco.jpg\" data-dt-img-description=\"\" data-large_image_width=\"402\" data-large_image_height=\"483\"><img loading=\"lazy\" decoding=\"async\" class=\"wp-image-52102 alignleft\" src=\"https:\/\/www.radiopiu.net\/wordpress\/wp-content\/uploads\/2018\/06\/Roccon-Franco-250x300.jpg\" alt=\"\" width=\"195\" height=\"234\" srcset=\"https:\/\/www.radiopiu.net\/wordpress\/wp-content\/uploads\/2018\/06\/Roccon-Franco-250x300.jpg 250w, https:\/\/www.radiopiu.net\/wordpress\/wp-content\/uploads\/2018\/06\/Roccon-Franco.jpg 402w\" sizes=\"auto, (max-width: 195px) 100vw, 195px\" \/><\/a>Si parler\u00e0 del Bellunese, questa sera in tv. Un intervento del presidente di Belluno e del Veneto di Usarci \u2013 Unione sindacati agenti e rappresentanti di commercio \u2013 Franco Roccon all\u2019interno della trasmissione di Rete4 \u201cQuarta Repubblica\u201d condotta da Nicola Porro porter\u00e0 all\u2019attenzione di milioni di italiani la moria delle piccole attivit\u00e0 in provincia e in Italia. Il problema verr\u00e0 collegato alla conseguente difficolt\u00e0 vissuta in questo momento dagli agenti di commercio. \u201cNaturalmente \u2013 spiega Roccon \u2013 la chiusura di tante botteghe ha ricadute anche sulla nostra categoria. In provincia di Belluno sono stati chiusi 40 negozi, con danni per tutti i professionisti legati al commercio. Quando muore un\u2019attivit\u00e0 ne risente tutto l\u2019indotto. Ne ho parlato con Porro e ne ho parlato anche con la troupe di Mi manda Rai3\u201d.<\/p>\n<p>&nbsp;<\/p>\n<\/div>\n<p>&nbsp;<\/p>\n<p>&nbsp;<\/p>\n<p>&nbsp;<\/p>\n<p>&nbsp;<\/p>\n<h2>PRESENTAZIONE DEL PIANO DI PROTEZIONE CIVILE<\/h2>\n<p>di GIANNI SANTOMASO<\/p>\n<audio class=\"wp-audio-shortcode\" id=\"audio-112768-4\" preload=\"none\" style=\"width: 100%;\" controls=\"controls\"><source type=\"audio\/mpeg\" src=\"https:\/\/www.radiopiu.net\/wordpress\/wp-content\/uploads\/2020\/01\/gianni-protezione.mp3?_=4\" \/><a href=\"https:\/\/www.radiopiu.net\/wordpress\/wp-content\/uploads\/2020\/01\/gianni-protezione.mp3\">https:\/\/www.radiopiu.net\/wordpress\/wp-content\/uploads\/2020\/01\/gianni-protezione.mp3<\/a><\/audio>\n<p>&nbsp;<\/p>\n<div dir=\"auto\">\n<p><strong>NELLA DIRETTA<\/strong>: I rischi idraulico e idrogeologico, in caso di calamit\u00e0 naturale individuati i punti di raccolta a Tamonich e Valcozzena ma anche nelle frazioni Pragrande, da Rif a Farenzena e fino a Giove e Veran Crostolin . Un documento che dopo le osservazioni e le integrazioni proposte dai cittadini passer\u00e0 in consiglio comunale per diventare ufficialmente operativo e dettare le linee guida in caso di emergenza<\/p>\n<div id=\"fb-root\"><\/div>\n<p><script async=\"1\" defer=\"1\" crossorigin=\"anonymous\" src=\"https:\/\/connect.facebook.net\/it_IT\/sdk.js#xfbml=1&amp;version=v6.0\"><\/script><\/p>\n<div class=\"fb-video\" data-href=\"https:\/\/www.facebook.com\/Mirkomezziano\/videos\/2563082120641225\/\" data-width=\"1200\">\n<blockquote cite=\"https:\/\/www.facebook.com\/Mirkomezziano\/videos\/2563082120641225\/\" class=\"fb-xfbml-parse-ignore\"><p><a href=\"https:\/\/www.facebook.com\/Mirkomezziano\/videos\/2563082120641225\/\"><\/a><\/p>\n<p>AGORDO Presentazione piano protezione civileAGORDO Il Comune di Agordo presenta il nuovo piano comunale di protezione civile opportunamento aggiornato, presentato da chi lo ha redatto, ovvero l\u2019ingegner Maurizio Girola<\/p>\n<p>Pubblicato da <a href=\"https:\/\/www.facebook.com\/Mirkomezziano\">Mezzacasa Mirkobis Mirko<\/a> su Venerd\u00ec 10 gennaio 2020<\/p><\/blockquote>\n<\/div>\n<p>&nbsp;<\/p>\n<\/div>\n<div dir=\"auto\"><\/div>\n<blockquote>\n<div dir=\"auto\"><\/div>\n<\/blockquote>\n<div dir=\"auto\">\n<h3>TAGLIO DEL NASTRO A CORTINA D&#8217;AMPEZZO PER LA NUOVA PISTA LINO LACEDELLI<\/h3>\n<blockquote>\n<h3><em>La nuovissima pista \u201cLino Lacedelli\u201d, la prima pubblica in Italia dedicata agli allenamenti delle squadre agonistiche, soddisfa cos\u00ec le esigenze degli sci club di Cortina e di tutte le aree limitrofe<\/em><\/h3>\n<\/blockquote>\n<p><strong><a class=\"dt-pswp-item\" href=\"https:\/\/www.radiopiu.net\/wordpress\/wp-content\/uploads\/2020\/01\/19766d03-96c8-461f-b175-28145f00156a.jpeg\" data-dt-img-description=\"\" data-large_image_width=\"1600\" data-large_image_height=\"1200\"><img loading=\"lazy\" decoding=\"async\" class=\" wp-image-112830 alignleft\" src=\"https:\/\/www.radiopiu.net\/wordpress\/wp-content\/uploads\/2020\/01\/19766d03-96c8-461f-b175-28145f00156a-300x225.jpeg\" alt=\"\" width=\"163\" height=\"122\" srcset=\"https:\/\/www.radiopiu.net\/wordpress\/wp-content\/uploads\/2020\/01\/19766d03-96c8-461f-b175-28145f00156a-300x225.jpeg 300w, https:\/\/www.radiopiu.net\/wordpress\/wp-content\/uploads\/2020\/01\/19766d03-96c8-461f-b175-28145f00156a-1024x768.jpeg 1024w, https:\/\/www.radiopiu.net\/wordpress\/wp-content\/uploads\/2020\/01\/19766d03-96c8-461f-b175-28145f00156a-768x576.jpeg 768w, https:\/\/www.radiopiu.net\/wordpress\/wp-content\/uploads\/2020\/01\/19766d03-96c8-461f-b175-28145f00156a-1536x1152.jpeg 1536w, https:\/\/www.radiopiu.net\/wordpress\/wp-content\/uploads\/2020\/01\/19766d03-96c8-461f-b175-28145f00156a.jpeg 1600w\" sizes=\"auto, (max-width: 163px) 100vw, 163px\" \/><\/a>CORTINA\u00a0<\/strong> &#8220;Lacedelli Experience&#8221;: \u00e8 stato questo il titolo scelto per il secondo grande appuntamento del week end che vede Cortina d&#8217;Ampezzo sotto i riflettori per la consegna ufficiale alla cittadinanza degli interventi strategici per l&#8217;organizzazione delle Finali di Coppa del Mondo di sci alpino del prossimo marzo e dei Mondiali del 2021. Un evento nell&#8217;evento dunque per battezzare la nuova iconica pista delle 5 Torri \u201cLino Lacedelli\u201d, alla presenza del Sindaco Gianpietro Ghedina, di Luigivalerio Sant\u2019Andrea, Commissario di Governo per il progetto sportivo Cortina 2021, di Alessandro Benetton, Presidente di Fondazione Cortina 2021, di Marco Zardini, Presidente del Consorzio Impianti a Fune di Cortina e di Impianti Averau, della famiglia Lacedelli, e di Alberto Ghezze, Responsabile area sportiva di Fondazione Cortina 2021. La nuova pista \u00e8 dedicata alla memoria del grande Lino Lacedelli, lo Scoiattolo di Cortina che il 31 luglio 1954 raggiungeva il sogno di tutti gli alpinisti\u2013 il K2, coi suoi 8609 metri \u2013 cambiando per sempre la storia dell\u2019alpinismo e della montagna stessa. Lacedelli \u00e8 stato il primo presidente della Societ\u00e0 Impianti Averau, voluta dall\u2019alpinista ampezzano insieme ad altre 11 guide alpine, che quest\u2019anno festeggia i 50 anni dalla sua fondazione.<\/p>\n<p>&nbsp;<\/p>\n<\/div>\n<div dir=\"auto\"><\/div>\n<p>&nbsp;<\/p>\n<h2>TURISMO IN VALBELLUNA? SI PUO&#8217; QUANDO LE BELLEZZE NON MANCANO. IL PERCORSO DI FORMAZIONE<\/h2>\n<p><strong><a class=\"dt-pswp-item\" href=\"https:\/\/www.radiopiu.net\/wordpress\/wp-content\/uploads\/2018\/08\/grotta-azzurra.jpg\" data-dt-img-description=\"\" data-large_image_width=\"483\" data-large_image_height=\"450\"><img loading=\"lazy\" decoding=\"async\" class=\"wp-image-56942 alignleft\" src=\"https:\/\/www.radiopiu.net\/wordpress\/wp-content\/uploads\/2018\/08\/grotta-azzurra-300x280.jpg\" alt=\"\" width=\"196\" height=\"183\" srcset=\"https:\/\/www.radiopiu.net\/wordpress\/wp-content\/uploads\/2018\/08\/grotta-azzurra-300x280.jpg 300w, https:\/\/www.radiopiu.net\/wordpress\/wp-content\/uploads\/2018\/08\/grotta-azzurra.jpg 483w\" sizes=\"auto, (max-width: 196px) 100vw, 196px\" \/><\/a><\/strong><\/p>\n<p>&nbsp;<\/p>\n<p>&nbsp;<\/p>\n<p><strong>BORGOVALBELLUNA\u00a0<\/strong><\/p>\n<p><strong>DI DAMIANO TORMEN<\/strong><\/p>\n<audio class=\"wp-audio-shortcode\" id=\"audio-112768-5\" preload=\"none\" style=\"width: 100%;\" controls=\"controls\"><source type=\"audio\/mpeg\" src=\"https:\/\/www.radiopiu.net\/wordpress\/wp-content\/uploads\/2020\/01\/turismo-a-borgo-1.mp3?_=5\" \/><a href=\"https:\/\/www.radiopiu.net\/wordpress\/wp-content\/uploads\/2020\/01\/turismo-a-borgo-1.mp3\">https:\/\/www.radiopiu.net\/wordpress\/wp-content\/uploads\/2020\/01\/turismo-a-borgo-1.mp3<\/a><\/audio>\n<p>&nbsp;<\/p>\n<p>&nbsp;<\/p>\n<p>&nbsp;<\/p>\n<h2>PUR SENZA NEVE IL NEVEGAL FA IL PIENO DI GENTE<\/h2>\n<p><strong><a class=\"dt-pswp-item\" href=\"https:\/\/www.radiopiu.net\/wordpress\/wp-content\/uploads\/2019\/10\/paesaggio-innevato-dellalpe_del_nevegal.jpg\" data-dt-img-description=\"\" data-large_image_width=\"1024\" data-large_image_height=\"400\"><img loading=\"lazy\" decoding=\"async\" class=\"size-medium wp-image-104502 alignleft\" src=\"https:\/\/www.radiopiu.net\/wordpress\/wp-content\/uploads\/2019\/10\/paesaggio-innevato-dellalpe_del_nevegal-300x117.jpg\" alt=\"\" width=\"300\" height=\"117\" srcset=\"https:\/\/www.radiopiu.net\/wordpress\/wp-content\/uploads\/2019\/10\/paesaggio-innevato-dellalpe_del_nevegal-300x117.jpg 300w, https:\/\/www.radiopiu.net\/wordpress\/wp-content\/uploads\/2019\/10\/paesaggio-innevato-dellalpe_del_nevegal-768x300.jpg 768w, https:\/\/www.radiopiu.net\/wordpress\/wp-content\/uploads\/2019\/10\/paesaggio-innevato-dellalpe_del_nevegal.jpg 1024w\" sizes=\"auto, (max-width: 300px) 100vw, 300px\" \/><\/a><\/strong><\/p>\n<p>&nbsp;<\/p>\n<p><strong>BELLUNO\u00a0<\/strong><\/p>\n<p><strong>DI DAMIANO TORMEN<\/strong><\/p>\n<audio class=\"wp-audio-shortcode\" id=\"audio-112768-6\" preload=\"none\" style=\"width: 100%;\" controls=\"controls\"><source type=\"audio\/mpeg\" src=\"https:\/\/www.radiopiu.net\/wordpress\/wp-content\/uploads\/2020\/01\/nevegal-1.mp3?_=6\" \/><a href=\"https:\/\/www.radiopiu.net\/wordpress\/wp-content\/uploads\/2020\/01\/nevegal-1.mp3\">https:\/\/www.radiopiu.net\/wordpress\/wp-content\/uploads\/2020\/01\/nevegal-1.mp3<\/a><\/audio>\n<p>&nbsp;<\/p>\n<p>&nbsp;<\/p>\n<p>&nbsp;<\/p>\n<h3>LA NOTIZIA PIU&#8217; CLICCATA DEL FINE SETTIMANA, LA LETTERA A MW DI LUCIA FARENZENA PRESIDENTE CONSORZIO OPERATORI TURISTICI ROCCA PIETORE-MARMOLADA<\/h3>\n<blockquote class=\"wp-embedded-content\" data-secret=\"IEL3SWsojg\"><p><a href=\"https:\/\/www.radiopiu.net\/wordpress\/lettera-a-mountain-wilderness-di-lucia-farenzena-presidente-consorzio-operatori-turistici-rocca-pietore-marmolada\/\">LETTERA A MOUNTAIN WILDERNESS, di Lucia Farenzena presidente consorzio operatori turistici Rocca Pietore\/Marmolada<\/a><\/p><\/blockquote>\n<p><iframe loading=\"lazy\" title=\"&#8220;LETTERA A MOUNTAIN WILDERNESS, di Lucia Farenzena presidente consorzio operatori turistici Rocca Pietore\/Marmolada&#8221; &#8212; Radio Pi\u00f9\" class=\"wp-embedded-content\" sandbox=\"allow-scripts\" security=\"restricted\" style=\"position: absolute; clip: rect(1px, 1px, 1px, 1px);\" src=\"https:\/\/www.radiopiu.net\/wordpress\/lettera-a-mountain-wilderness-di-lucia-farenzena-presidente-consorzio-operatori-turistici-rocca-pietore-marmolada\/embed\/#?secret=IEL3SWsojg\" data-secret=\"IEL3SWsojg\" width=\"600\" height=\"338\" frameborder=\"0\" marginwidth=\"0\" marginheight=\"0\" scrolling=\"no\"><\/iframe><\/p>\n<p>&nbsp;<\/p>\n<p>&nbsp;<\/p>\n<p>&nbsp;<\/p>\n<h3>RIAPERTA VIA MIARI PARTE IMPORTANTE DELLA VIABILITA&#8217; CITTADINA<\/h3>\n<p style=\"text-align: left;\"><strong> <a class=\"dt-pswp-item\" href=\"https:\/\/www.radiopiu.net\/wordpress\/wp-content\/uploads\/2020\/01\/Frana-Via-Miari-Novembre-2019-1.jpg\" data-dt-img-description=\"\" data-large_image_width=\"1200\" data-large_image_height=\"1600\"><img loading=\"lazy\" decoding=\"async\" class=\" wp-image-112771 alignleft\" src=\"https:\/\/www.radiopiu.net\/wordpress\/wp-content\/uploads\/2020\/01\/Frana-Via-Miari-Novembre-2019-1-225x300.jpg\" alt=\"\" width=\"184\" height=\"245\" srcset=\"https:\/\/www.radiopiu.net\/wordpress\/wp-content\/uploads\/2020\/01\/Frana-Via-Miari-Novembre-2019-1-225x300.jpg 225w, https:\/\/www.radiopiu.net\/wordpress\/wp-content\/uploads\/2020\/01\/Frana-Via-Miari-Novembre-2019-1-768x1024.jpg 768w, https:\/\/www.radiopiu.net\/wordpress\/wp-content\/uploads\/2020\/01\/Frana-Via-Miari-Novembre-2019-1-1152x1536.jpg 1152w, https:\/\/www.radiopiu.net\/wordpress\/wp-content\/uploads\/2020\/01\/Frana-Via-Miari-Novembre-2019-1.jpg 1200w\" sizes=\"auto, (max-width: 184px) 100vw, 184px\" \/><\/a>BELLUNO <\/strong>\u00c8 stata riaperta nella serata di ieri, venerd\u00ec 10 gennaio, Via Miari, chiusa dall&#8217;ultima ondata di maltempo dello scorso novembre. Per i lavori eseguiti la spesa \u00e8 stata di poco superiore ai 9mila euro: <em>\u00ab\u00c8 stato necessario rimuovere dal versante tutto il materiale smosso dalla frana superficiale, &#8211; spiega l&#8217;assessore ai lavori pubblici, Biagio Giannone \u2013 per poi passare alla rimozione dei detriti che occupavano la carreggiata e sostituire la rete paramassi, piegata dal peso di rami, fango e sassi scesi a valle. Una volta ultimate queste operazioni, infine, si \u00e8 potuta effettuare la necessaria verifica della sicurezza e della tenuta del versante\u00bb<\/em><strong><em>.<\/em><\/strong><\/p>\n<p>&nbsp;<\/p>\n<p>&nbsp;<\/p>\n<p>&nbsp;<\/p>\n<p>&nbsp;<\/p>\n<p>&nbsp;<\/p>\n<p>&nbsp;<\/p>\n<h3>IN ALPAGO INVESTIMENTI SULLA VIABILITA&#8217; ED EDIFICI SCOLASTICI<\/h3>\n<p><strong><a class=\"dt-pswp-item\" href=\"https:\/\/www.radiopiu.net\/wordpress\/wp-content\/uploads\/2020\/01\/Lavori-Alpago-1.png\" data-dt-img-description=\"\" data-large_image_width=\"1920\" data-large_image_height=\"1080\"><img loading=\"lazy\" decoding=\"async\" class=\" wp-image-112773 alignleft\" src=\"https:\/\/www.radiopiu.net\/wordpress\/wp-content\/uploads\/2020\/01\/Lavori-Alpago-1-300x169.png\" alt=\"\" width=\"234\" height=\"132\" srcset=\"https:\/\/www.radiopiu.net\/wordpress\/wp-content\/uploads\/2020\/01\/Lavori-Alpago-1-300x169.png 300w, https:\/\/www.radiopiu.net\/wordpress\/wp-content\/uploads\/2020\/01\/Lavori-Alpago-1-1024x576.png 1024w, https:\/\/www.radiopiu.net\/wordpress\/wp-content\/uploads\/2020\/01\/Lavori-Alpago-1-768x432.png 768w, https:\/\/www.radiopiu.net\/wordpress\/wp-content\/uploads\/2020\/01\/Lavori-Alpago-1-1536x864.png 1536w, https:\/\/www.radiopiu.net\/wordpress\/wp-content\/uploads\/2020\/01\/Lavori-Alpago-1.png 1920w\" sizes=\"auto, (max-width: 234px) 100vw, 234px\" \/><\/a>ALPAGO<\/strong> Un capitolo importante del bilancio previsione approvato dal consiglio comunale di Alpago qualche giorno fa riguarda i lavori pubblici in programma nei prossimi mesi. Su fronte della viabilit\u00e0, trova posto uno stanziamento di 100 mila euro (somma che dovrebbe peraltro essere raddoppiata in sede di consuntivo) per l&#8217;avvio dell&#8217;asfaltatura di alcune tra le principali strade comunali. Nei prossimi mesi, presumibilmente entro l\u2019estate, \u00e8 inoltre programmata la conclusione di un&#8217;altra importante arteria della viabilit\u00e0, ovvero la nuova strada di collegamento Pieve-Plois. Un capitolo estremamente corposo del bilancio comunale riguarda poi gli edifici scolastici. Nel previsionale, anzitutto, l&#8217;avvio della progettazione esecutiva della Scuola Media di Puos, per la quale sar\u00e0 contratto un muto di 1,6 milioni di euro.\u00a0 A Puos trover\u00e0 cos\u00ec posto il nuovo polo scolastico delle medie, mentre Farra ospiter\u00e0 quello della materna e delle elementari; al riguardo la conclusione per la nuova scuola dell&#8217;infanzia \u00e8 previsto per il prossimo mese di agosto. Per il solo 2020 sono programmati lavori per 1.240.000 euro. Un progetto importante riguarda, poi, le strutture municipali. Il programma prevede che il municipio di Puos venga reso operativo nel corso del 2020 con il trasferimento del personale dell\u2019area finanziaria e tecnica; a Farra resteranno lo sportello polifunzionale, l\u2019ufficio tributi e la sede dell&#8217;Unione Montana, mentre il municipio di Pieve, dove rester\u00e0 lo sportello polifunzionale, ospiter\u00e0 anche lo spazio museale permanente con i reperti archeologici dell&#8217;area di Pian de la Gnela.<\/p>\n<p>&nbsp;<\/p>\n<p>&nbsp;<\/p>\n<h3>AL LICEO LOLLINO SCUOLA SEMPRE APERTA<\/h3>\n<p><strong>BELLUNO \u00a0<\/strong>Il Liceo Lollino Classico e Scientifico ha deciso di aprire le proprie porte non solo per il tradizionale appuntamento di Scuola Aperta, ma anche tutti i pomeriggi di marted\u00ec, mercoled\u00ec e gioved\u00ec. \u00a0Sabato 18 gennaio 2020, dalle 15 alle 18, nei locali di piazza Santa Maria dei Battuti, gli insegnanti\u00a0 e gli studenti presenteranno gli indirizzi classico e scientifico e offriranno agli studenti delle scuole secondarie di primo grado la possibilit\u00e0 di frequentare i laboratori di fisica, matematica, scienze, inglese, latino e greco, per comprendere meglio quale indirizzo di studi intraprendere. Ogni marted\u00ec, mercoled\u00ec e gioved\u00ec dalle 14 alle 16, ci sar\u00e0 la possibilit\u00e0 di avere un colloquio pi\u00f9 approfondito.\u00a0La proposta del Liceo Lollino Classico e Scientifico comprende anche la settimana corta per il biennio, i moduli di inglese per le scienze e l&#8217;informatica, il potenziamento dell\u2019Inglese per le certificazioni, il corso di tecniche dell&#8217;informazione, la preparazione ai test universitari.<\/p>\n<p>&nbsp;<\/p>\n<p>&nbsp;<\/p>\n<h2>I RACCONTI DI PAOLO SOPPELSA QUINTA PUNTATA<\/h2>\n<h3>BRAMITI DI OTTOBRE<\/h3>\n<p>audio<\/p>\n<audio class=\"wp-audio-shortcode\" id=\"audio-112768-7\" preload=\"none\" style=\"width: 100%;\" controls=\"controls\"><source type=\"audio\/mpeg\" src=\"https:\/\/www.radiopiu.net\/wordpress\/wp-content\/uploads\/2020\/01\/paolo-bramiti.mp3?_=7\" \/><a href=\"https:\/\/www.radiopiu.net\/wordpress\/wp-content\/uploads\/2020\/01\/paolo-bramiti.mp3\">https:\/\/www.radiopiu.net\/wordpress\/wp-content\/uploads\/2020\/01\/paolo-bramiti.mp3<\/a><\/audio>\n<p>&nbsp;<\/p>\n<p><a class=\"dt-pswp-item\" href=\"https:\/\/www.radiopiu.net\/wordpress\/wp-content\/uploads\/2020\/01\/a520dd05-f160-4465-8e2b-c4cda8514e04.jpg\" data-dt-img-description=\"\" data-large_image_width=\"1600\" data-large_image_height=\"1200\"><img loading=\"lazy\" decoding=\"async\" class=\" wp-image-112792 alignleft\" src=\"https:\/\/www.radiopiu.net\/wordpress\/wp-content\/uploads\/2020\/01\/a520dd05-f160-4465-8e2b-c4cda8514e04-300x225.jpg\" alt=\"\" width=\"216\" height=\"162\" srcset=\"https:\/\/www.radiopiu.net\/wordpress\/wp-content\/uploads\/2020\/01\/a520dd05-f160-4465-8e2b-c4cda8514e04-300x225.jpg 300w, https:\/\/www.radiopiu.net\/wordpress\/wp-content\/uploads\/2020\/01\/a520dd05-f160-4465-8e2b-c4cda8514e04-1024x768.jpg 1024w, https:\/\/www.radiopiu.net\/wordpress\/wp-content\/uploads\/2020\/01\/a520dd05-f160-4465-8e2b-c4cda8514e04-768x576.jpg 768w, https:\/\/www.radiopiu.net\/wordpress\/wp-content\/uploads\/2020\/01\/a520dd05-f160-4465-8e2b-c4cda8514e04-1536x1152.jpg 1536w, https:\/\/www.radiopiu.net\/wordpress\/wp-content\/uploads\/2020\/01\/a520dd05-f160-4465-8e2b-c4cda8514e04.jpg 1600w\" sizes=\"auto, (max-width: 216px) 100vw, 216px\" \/><\/a>Era la prima domenica di ottobre. Trascorsi quella giornata girovagando sul monte godendomi il piacevole tepore d\u2019inizio autunno. Tutto era perfetto quel giorno: il cielo di un azzurro intenso ed il bosco che iniziava a vestirsi con il suo abito pi\u00f9 colorato. Chiusi la porta del tabi\u00e0 quando il sole era andato a nascondersi dietro alla cima di Pape. Caricai lo zaino in spalla e mi avviai lungo il sentiero che mi avrebbe portato fin sulla provinciale. Camminavo da pochi di minuti quando mi fermai al primo bivio del percorso. C\u2019era un gran silenzio e le cime dei larici erano mosse da un vento leggero. Il sesto senso stava facendo il suo lavoro e mi suggeriva di fermarmi proprio in quel punto. E cos\u00ec, mentre guardavo la parete del Pelsa ancora illuminata dal sole, un urlo improvviso, gutturale e lacerante ruppe il silenzio del bosco. Era il bramito del cervo. Un suono potente, primordiale ed affascinante. Il re della foresta era a poche decine di metri da me, ma non riuscivo a vederlo fra gli alberi. Sentivo il suo muovere nervoso, lo spezzarsi dei rami a terra ed il fruscio delle foglie che calpestava. Lui sicuramente mi avr\u00e0 visto, pensai. Rimasi immobile per qualche minuto ad ascoltare quei versi impressionanti. Mi vennero in mente i dinosauri, forse la loro voce poteva assomigliare a quella dei cervi in amore. Chiss\u00e0. Ero da solo in un bosco che andava incupendosi minuto dopo minuto con un cervo urlante a poche decine di metri. Eppure non avevo paura. Ero affascinato da questo grande spettacolo che la natura in quel momento mi stava offrendo. Poi ricominciai a scendere, sempre accompagnato dal potente bramito del re dei boschi. Arrivai alla macchina quando ormai i boschi del Pelsa erano in ombra. Solo le creste sommitali erano ancora illuminate dagli ultimi raggi del sole. Con calma mi slacciai gli scarponi mentre Ghisel, aldil\u00e0 della valle, entrava nell\u2019oscurit\u00e0 della sera. La penombra port\u00f2 nuovi bramiti che provenivano dai costoni sopra Colaz. Stetti ancora un po\u2019 ad ascoltare, poi salii in macchina. Era quasi notte e le montagne erano divenute sagome scure che andavano a confondersi con il cielo ormai buio. Salutai i miei boschi. Li avrei rivisti la domenica successiva. Per riascoltare i bramiti, invece, avrei dovuto attendere un anno.<\/p>\n<p>&nbsp;<\/p>\n<p>&nbsp;<\/p>\n<blockquote class=\"wp-embedded-content\" data-secret=\"PBA0H8Rikr\"><p><a href=\"https:\/\/www.radiopiu.net\/wordpress\/bonaventura-maresio-inquisitore-del-parente-giulio-poi-giustiziato-per-eresia-dallinquisizione-romana-di-renato-bona\/\">BONAVENTURA MARESIO: INQUISITORE DEL PARENTE GIULIO, POI GIUSTIZIATO PER ERESIA DALL\u2019INQUISIZIONE ROMANA di RENATO BONA<\/a><\/p><\/blockquote>\n<p><iframe loading=\"lazy\" title=\"&#8220;BONAVENTURA MARESIO: INQUISITORE DEL PARENTE GIULIO, POI GIUSTIZIATO PER ERESIA DALL\u2019INQUISIZIONE ROMANA di RENATO BONA&#8221; &#8212; Radio Pi\u00f9\" class=\"wp-embedded-content\" sandbox=\"allow-scripts\" security=\"restricted\" style=\"position: absolute; clip: rect(1px, 1px, 1px, 1px);\" src=\"https:\/\/www.radiopiu.net\/wordpress\/bonaventura-maresio-inquisitore-del-parente-giulio-poi-giustiziato-per-eresia-dallinquisizione-romana-di-renato-bona\/embed\/#?secret=PBA0H8Rikr\" data-secret=\"PBA0H8Rikr\" width=\"600\" height=\"338\" frameborder=\"0\" marginwidth=\"0\" marginheight=\"0\" scrolling=\"no\"><\/iframe><\/p>\n<p>&nbsp;<\/p>\n<p>&nbsp;<\/p>\n<p>&nbsp;<\/p>\n<h3>SPECIALE SETTIMANA, TERZA STAGIONE. SABATO 10.30 E 1900, DOMENICA 12.30<\/h3>\n<blockquote class=\"wp-embedded-content\" data-secret=\"pRRqQnv8nC\"><p><a href=\"https:\/\/www.radiopiu.net\/wordpress\/rassegna-stampa-di-gianni-santomaso\/\">Rassegna stampa da l&#8217;amico del popolo &#8211; di Gianni Santomaso<\/a><\/p><\/blockquote>\n<p><iframe loading=\"lazy\" title=\"&#8220;Rassegna stampa da l&#8217;amico del popolo &#8211; di Gianni Santomaso&#8221; &#8212; Radio Pi\u00f9\" class=\"wp-embedded-content\" sandbox=\"allow-scripts\" security=\"restricted\" style=\"position: absolute; clip: rect(1px, 1px, 1px, 1px);\" src=\"https:\/\/www.radiopiu.net\/wordpress\/rassegna-stampa-di-gianni-santomaso\/embed\/#?secret=pRRqQnv8nC\" data-secret=\"pRRqQnv8nC\" width=\"600\" height=\"338\" frameborder=\"0\" marginwidth=\"0\" marginheight=\"0\" scrolling=\"no\"><\/iframe><\/p>\n<p>&nbsp;<\/p>\n<p>&nbsp;<\/p>\n<p>&nbsp;<\/p>\n<h3>SPECIALE INTERVISTA A PIERANTONIO ZANCHETTA<\/h3>\n<blockquote class=\"wp-embedded-content\" data-secret=\"tb6CkAzC7a\"><p><a href=\"https:\/\/www.radiopiu.net\/wordpress\/dalle-dolomiti-simbolo-di-vaia-al-vaticano-simbolo-della-cristianita\/\">DALLE DOLOMITI  SIMBOLO DI VAIA AL VATICANO  SIMBOLO DELLA CRISTIANITA&#8217;<\/a><\/p><\/blockquote>\n<p><iframe loading=\"lazy\" title=\"&#8220;DALLE DOLOMITI  SIMBOLO DI VAIA AL VATICANO  SIMBOLO DELLA CRISTIANITA&#8217;&#8221; &#8212; Radio Pi\u00f9\" class=\"wp-embedded-content\" sandbox=\"allow-scripts\" security=\"restricted\" style=\"position: absolute; clip: rect(1px, 1px, 1px, 1px);\" src=\"https:\/\/www.radiopiu.net\/wordpress\/dalle-dolomiti-simbolo-di-vaia-al-vaticano-simbolo-della-cristianita\/embed\/#?secret=tb6CkAzC7a\" data-secret=\"tb6CkAzC7a\" width=\"600\" height=\"338\" frameborder=\"0\" marginwidth=\"0\" marginheight=\"0\" scrolling=\"no\"><\/iframe><\/p>\n<p>&nbsp;<\/p>\n<p>&nbsp;<\/p>\n<p>&nbsp;<\/p>\n<p>&nbsp;<\/p>\n<h3>QUINTO CORSO DI FORMAZIONE PER VOLONTARI PETTIROSSO AGORDINO<\/h3>\n<p><strong><a class=\"dt-pswp-item\" href=\"https:\/\/www.radiopiu.net\/wordpress\/wp-content\/uploads\/2015\/09\/cucc-pettirosso-15.jpg\" data-dt-img-description=\"\" data-large_image_width=\"400\" data-large_image_height=\"200\"><img loading=\"lazy\" decoding=\"async\" class=\"wp-image-9914 alignleft\" src=\"https:\/\/www.radiopiu.net\/wordpress\/wp-content\/uploads\/2015\/09\/cucc-pettirosso-15-300x150.jpg\" alt=\"\" width=\"234\" height=\"117\" \/><\/a>CENCENIGHE<\/strong> &#8220;Prendersi cura quando non si pu\u00f2 guarire&#8221; \u00e8 il titolo dell&#8217;iniziativa di Pettirosso Agordino, il quinto corso per volontari che inizier\u00e0 giovedi 30 gennaio con la serata di presentazione del corso presso la sala culturale al Nof Filo&#8217; di Cencenighe. Nella prima serata interverranno Sonia d&#8217;Agostini presidente dell&#8217;associazione Pettirosso, la dottoressa Ileana Corazzin medico geriatra e la dottoressa Laura Miana psicologa dell&#8217;associazione. Le lezioni saranno poi previste al giovedi, dal 6 febbraio al 16 aprile, sono aperti a tutta la popolazione gratuitamente. Per chi vuole diventare volontario dovr\u00e0 frequentare almeno 8 incontri. Dopo il percorso formativo verr\u00e0 richiesto un periodo di tirocinio in una struttura Rsa, Hospice e a domicilio.<\/p>\n<p>&nbsp;<\/p>\n<div dir=\"auto\"><\/div>\n<div dir=\"auto\"><\/div>\n<div dir=\"auto\">\n<h2><span style=\"color: #ff0000;\">SPECIALE CGIA MESTRE, FINE SETTIMANA\u00a0<\/span><\/h2>\n<blockquote class=\"wp-embedded-content\" data-secret=\"tbSJIZa0tR\"><p><a href=\"https:\/\/www.radiopiu.net\/wordpress\/zabeo-cgia-i-descolarizzati-sono-10-volte-in-piu-dei-cervelli-in-fuga\/\">ZABEO (CGIA): &#8220;I DESCOLARIZZATI SONO 10 VOLTE IN PIU\u2019 DEI CERVELLI IN FUGA\u201d<\/a><\/p><\/blockquote>\n<p><iframe loading=\"lazy\" title=\"&#8220;ZABEO (CGIA): &#8220;I DESCOLARIZZATI SONO 10 VOLTE IN PIU\u2019 DEI CERVELLI IN FUGA\u201d&#8221; &#8212; Radio Pi\u00f9\" class=\"wp-embedded-content\" sandbox=\"allow-scripts\" security=\"restricted\" style=\"position: absolute; clip: rect(1px, 1px, 1px, 1px);\" src=\"https:\/\/www.radiopiu.net\/wordpress\/zabeo-cgia-i-descolarizzati-sono-10-volte-in-piu-dei-cervelli-in-fuga\/embed\/#?secret=tbSJIZa0tR\" data-secret=\"tbSJIZa0tR\" width=\"600\" height=\"338\" frameborder=\"0\" marginwidth=\"0\" marginheight=\"0\" scrolling=\"no\"><\/iframe><\/p>\n<p>&nbsp;<\/p>\n<\/div>\n<p>&nbsp;<\/p>\n<h3 dir=\"auto\"><\/h3>\n<h3 dir=\"auto\">IL GIRO DEL MONDO CON SIMONE GARAVANA. VLOG3\u00a0 &#8211; A PETRA<\/h3>\n<p><iframe loading=\"lazy\" title=\"Alla scoperta di PETRA - VLOG 3\" width=\"1200\" height=\"675\" src=\"https:\/\/www.youtube.com\/embed\/suumc9PEbFk?start=27&#038;feature=oembed\" frameborder=\"0\" allow=\"accelerometer; autoplay; encrypted-media; gyroscope; picture-in-picture\" allowfullscreen><\/iframe><\/p>\n<div dir=\"auto\"><\/div>\n<div dir=\"auto\"><\/div>\n<div dir=\"auto\"><\/div>\n<blockquote>\n<div data-offset-key=\"c2um1-0-0\"><\/div>\n<\/blockquote>\n<div dir=\"auto\">\n<div class=\"\" data-block=\"true\" data-editor=\"caie0\" data-offset-key=\"c2um1-0-0\">\n<div data-offset-key=\"c2um1-0-0\"><\/div>\n<div data-offset-key=\"c2um1-0-0\"><\/div>\n<div class=\"_1mf _1mj\" data-offset-key=\"c2um1-0-0\"><strong>NUOVO CANALE RADIOPIU SU TELEGRAM ISCRIZIONE GRATUITA<\/strong><\/div>\n<\/div>\n<div class=\"\" data-block=\"true\" data-editor=\"caie0\" data-offset-key=\"5n5nl-0-0\">\n<blockquote>\n<div data-offset-key=\"5n5nl-0-0\"><a class=\"dt-pswp-item\" href=\"https:\/\/www.radiopiu.net\/wordpress\/wp-content\/uploads\/2017\/04\/MyRadioPiu_miaidea.png\" data-dt-img-description=\"\" data-large_image_width=\"483\" data-large_image_height=\"374\"><img loading=\"lazy\" decoding=\"async\" class=\"wp-image-30709 alignleft\" src=\"https:\/\/www.radiopiu.net\/wordpress\/wp-content\/uploads\/2017\/04\/MyRadioPiu_miaidea-300x232.png\" alt=\"\" width=\"167\" height=\"129\" \/><\/a>Il canale creato su Telgram andr\u00e0 a sostituire i gruppi whatsup, a breve inizier\u00e0 l&#8217;aggiornamento. In questo gruppo ogni giorno viene pubblicato il GIORNALE RADIOPIU il giornale radio_sito in onda alla radio ogni giorno dal lunedi al sabato nelle edizioni delle 9.30 GR MATTINA, 12.30 GIORNALE RADIO PRINCIPALE, 14.30 GR PRIMO POMERIGGIO, 16.30 GR POMERIGGIO 18.30 GR SERA e il GIORNALE DELLA MEZZANOTTE\u00a0 Inoltre in questo canale vengono linkate in tempo reale le notizie che vengono pubblicate sul sito <a href=\"http:\/\/www.radiopiu.net\/\" target=\"_blank\" rel=\"noopener noreferrer\">www.radiopiu.net<\/a> e i podcast delle rubriche in onda al mattino 10.30 REPORTER, e negli approfondimenti del pomeriggio 15.10 CARPE DIEM.<\/div>\n<\/blockquote>\n<\/div>\n<\/div>\n<p>&nbsp;<\/p>\n<p>&nbsp;<\/p>\n<p>&nbsp;<\/p>\n<p><a class=\"dt-pswp-item\" href=\"https:\/\/www.radiopiu.net\/wordpress\/wp-content\/uploads\/2018\/09\/viabilita.jpeg\" data-dt-img-description=\"\" data-large_image_width=\"800\" data-large_image_height=\"100\"><img loading=\"lazy\" decoding=\"async\" class=\"alignnone wp-image-61954 size-full\" src=\"https:\/\/www.radiopiu.net\/wordpress\/wp-content\/uploads\/2018\/09\/viabilita.jpeg\" alt=\"\" width=\"800\" height=\"100\" srcset=\"https:\/\/www.radiopiu.net\/wordpress\/wp-content\/uploads\/2018\/09\/viabilita.jpeg 800w, https:\/\/www.radiopiu.net\/wordpress\/wp-content\/uploads\/2018\/09\/viabilita-300x38.jpeg 300w, https:\/\/www.radiopiu.net\/wordpress\/wp-content\/uploads\/2018\/09\/viabilita-768x96.jpeg 768w\" sizes=\"auto, (max-width: 800px) 100vw, 800px\" \/><\/a><\/p>\n<p>&nbsp;<\/p>\n<p><strong>346 SAN PELLEGRINO A CANALE D&#8217;AGORDO <\/strong>La Mora dal 13 gennaio al 29 febbraio senso unico con semaforo anche sabato e domenica<\/p>\n<p><strong>203 AGORDINA, LOCALITA&#8217; LA MUDA<\/strong> DAL 13 GENNAIO AL 31 MARZO ESCLUSI FESTIVI E PREFESTIVI DALLE 7.30 ALLE 8.30 E DALLE 16.30 ALLE 17.30 SENSO UNICO ALTE<a class=\"dt-pswp-item\" href=\"https:\/\/www.radiopiu.net\/wordpress\/wp-content\/uploads\/2020\/01\/8550d617-ce67-49f8-a961-a4f5f6c0c2bb.jpg\" data-dt-img-description=\"\" data-large_image_width=\"788\" data-large_image_height=\"1599\"><img loading=\"lazy\" decoding=\"async\" class=\"size-medium wp-image-112658 alignleft\" src=\"https:\/\/www.radiopiu.net\/wordpress\/wp-content\/uploads\/2020\/01\/8550d617-ce67-49f8-a961-a4f5f6c0c2bb-148x300.jpg\" alt=\"\" width=\"148\" height=\"300\" srcset=\"https:\/\/www.radiopiu.net\/wordpress\/wp-content\/uploads\/2020\/01\/8550d617-ce67-49f8-a961-a4f5f6c0c2bb-148x300.jpg 148w, https:\/\/www.radiopiu.net\/wordpress\/wp-content\/uploads\/2020\/01\/8550d617-ce67-49f8-a961-a4f5f6c0c2bb-505x1024.jpg 505w, https:\/\/www.radiopiu.net\/wordpress\/wp-content\/uploads\/2020\/01\/8550d617-ce67-49f8-a961-a4f5f6c0c2bb-768x1558.jpg 768w, https:\/\/www.radiopiu.net\/wordpress\/wp-content\/uploads\/2020\/01\/8550d617-ce67-49f8-a961-a4f5f6c0c2bb-757x1536.jpg 757w, https:\/\/www.radiopiu.net\/wordpress\/wp-content\/uploads\/2020\/01\/8550d617-ce67-49f8-a961-a4f5f6c0c2bb.jpg 788w\" sizes=\"auto, (max-width: 148px) 100vw, 148px\" \/><\/a>RNATO CON MOVIERI O SEMAFORI<\/p>\n<p><strong>PROVINCIALE 20 VAL FIORENTINA\u00a0<\/strong> LOCALITA&#8217; SOLATOR\u00a0 DAL 13 GENNAIO AL 29 MAGGIO (COMPRESI FESTIVI E PREFESTIVI) SENSO UNICO ALTERNATO REGOLATO DA SEMAFORO O MOVIERI PER ADEGUAMENTO CARREGGIATA<\/p>\n<p><strong>PROVINCIALE 563 DI SALESEI, LIVINALLONGO DEL COL DI LANA<\/strong> DAL 13 GENNAIO AL 24 (ESCLUSI SABATO E DOMENICA) dalle 9 alle 17 interdizione totale al traffico, nei rimanenti periodi senso unico alternato per taglio alberi in localit\u00e0 Pian di Salesei e Salesei<\/p>\n<p><strong>641 PASSO FEDAIA ROCCA PIETORE<\/strong> da martedi 7 gennaio al 6 marzo senso unico alternato regolato da semaforo per tratti di 30 metri. esclusi sabato e domenica<br \/>\n<strong>203 AGORDINA TAIBON AGORDINO<\/strong> dal 7 al 30 gennaio dalle 7 alle 19 senso unico alternato regolato da semaforo. esclusi festivi e prefestivi<\/p>\n<p><strong>48 DELLO DOLOMITI RIO GERE<\/strong>\u00a0 dalle 8 alle 17 fino al 10 aprile senso unico con semaforo, tratti di 200 metri per lavori posa elettrodotto<\/p>\n<div class=\"im_history_message_wrap\">\n<div class=\"im_message_outer_wrap hasselect\" data-msg-id=\"1361\">\n<div class=\"im_message_wrap clearfix\">\n<div class=\"im_content_message_wrap im_message_out\">\n<div class=\"im_message_body\">\n<div dir=\"auto\"><strong>02 PROVINCIALE VALLE DEL MIS\u00a0<\/strong> localit\u00e0 Pascoli-Val Falcina dalle 7 alle 19 fino al 28 febbraio senso unico alternato con semaforo per istallazione impianti illuminazione<\/div>\n<\/div>\n<\/div>\n<\/div>\n<\/div>\n<\/div>\n<p>&nbsp;<\/p>\n<p>&nbsp;<\/p>\n<p>&nbsp;<\/p>\n<p>&nbsp;<\/p>\n<div data-offset-key=\"5n5nl-0-0\">\n<h3><a class=\"dt-pswp-item\" href=\"http:\/\/www.radiopiu.net\/wordpress\/wp-content\/uploads\/2018\/09\/appuntamenti.jpeg\" data-dt-img-description=\"\" data-large_image_width=\"800\" data-large_image_height=\"100\"><img loading=\"lazy\" decoding=\"async\" class=\"aligncenter wp-image-61958 size-full\" src=\"http:\/\/www.radiopiu.net\/wordpress\/wp-content\/uploads\/2018\/09\/appuntamenti.jpeg\" alt=\"\" width=\"800\" height=\"100\" srcset=\"https:\/\/www.radiopiu.net\/wordpress\/wp-content\/uploads\/2018\/09\/appuntamenti.jpeg 800w, https:\/\/www.radiopiu.net\/wordpress\/wp-content\/uploads\/2018\/09\/appuntamenti-300x38.jpeg 300w, https:\/\/www.radiopiu.net\/wordpress\/wp-content\/uploads\/2018\/09\/appuntamenti-768x96.jpeg 768w\" sizes=\"auto, (max-width: 800px) 100vw, 800px\" \/><\/a><\/h3>\n<p>&nbsp;<\/p>\n<h3><a class=\"dt-pswp-item\" href=\"https:\/\/www.radiopiu.net\/wordpress\/wp-content\/uploads\/2020\/01\/e32a9d42-8dfe-4b23-b64b-2dd5eb1766b5.jpg\" data-dt-img-description=\"\" data-large_image_width=\"1600\" data-large_image_height=\"782\"><img loading=\"lazy\" decoding=\"async\" class=\"wp-image-112229 alignleft\" src=\"https:\/\/www.radiopiu.net\/wordpress\/wp-content\/uploads\/2020\/01\/e32a9d42-8dfe-4b23-b64b-2dd5eb1766b5-300x147.jpg\" alt=\"\" width=\"229\" height=\"112\" srcset=\"https:\/\/www.radiopiu.net\/wordpress\/wp-content\/uploads\/2020\/01\/e32a9d42-8dfe-4b23-b64b-2dd5eb1766b5-300x147.jpg 300w, https:\/\/www.radiopiu.net\/wordpress\/wp-content\/uploads\/2020\/01\/e32a9d42-8dfe-4b23-b64b-2dd5eb1766b5-1024x500.jpg 1024w, https:\/\/www.radiopiu.net\/wordpress\/wp-content\/uploads\/2020\/01\/e32a9d42-8dfe-4b23-b64b-2dd5eb1766b5-768x375.jpg 768w, https:\/\/www.radiopiu.net\/wordpress\/wp-content\/uploads\/2020\/01\/e32a9d42-8dfe-4b23-b64b-2dd5eb1766b5-1536x751.jpg 1536w, https:\/\/www.radiopiu.net\/wordpress\/wp-content\/uploads\/2020\/01\/e32a9d42-8dfe-4b23-b64b-2dd5eb1766b5.jpg 1600w\" sizes=\"auto, (max-width: 229px) 100vw, 229px\" \/><\/a><\/h3>\n<h3><\/h3>\n<h3>La Val che Urla sar\u00e0 in programmazione al cinema Dolomiti di Falcade il 17 18 e 19 gennaio Al Cinema Italia di Belluno il\u00a0 20, 21 22\u00a0 GENNAIO<\/h3>\n<\/div>\n<p>&nbsp;<\/p>\n<p>&nbsp;<\/p>\n<p><strong>BELLUNO<\/strong> Oggi alle 18.30 alla Mondadori Bookstore, via Mezzaterra, incontro con Silvia Piccollo e Clementina Mankenda Cumonidioko \u00a0per parlare insieme di \u201cL\u2019uomo dal cuore bambino\u201d edizioni Ultima Spiaggia.<\/p>\n<blockquote><p><em>\u201cIl libro, nato dall&#8217;immane onda emotiva e dal flusso di pensieri sgorgati nell&#8217;autrice in seguito alla scomparsa del compagno di vita e dall&#8217;esigenza di elaborarne il ricordo, ripercorre le tappe di un&#8217;intensa e coinvolgente storia d&#8217;amore. Dal racconto emerge l&#8217;immagine di un uomo generoso, sempre animato da esclusive passioni ed inarrestabili entusiasmi, che ha trasformato le proprie inquietudini in occasioni di conoscenza. La generosa apertura di Renzo ha compiuto persino il miracolo di alimentare, grazie all&#8217;incontro fortuito ma non casuale con una donna africana, Mankenda Kumonidioko (Clementina per gli italiani), l&#8217;avvio di un&#8217;iniziativa benefica che ha permesso di creare in Burkina Faso una scuola che ospita 240 bambini dalla nascita agli 8 anni, intitolata a Renzo Bez. A questa Garderie sociale vanno i proventi per la vendita del libro.<\/em><\/p><\/blockquote>\n<p>&nbsp;<\/p>\n<p>&nbsp;<\/p>\n<p><strong>AGORDO<\/strong> La sezione del Cai Armando Tama Da Roit organizza un corso base di sci alpinismo. Presentazione e iscrizioni giovedi 16 gennaio dalle 20.30 in sede (municipio di Agordo, piano terra entrata nord). Il corso \u00e8 aperto a quanti vogliono avvicinarsi a questo sport che permette la conoscenza dell&#8217;ambiente montano in veste invernale, imparando a praticarlo con sicurezza. Sono necessari un buon allenamento e una buona conoscenza delle tecniche di sci in pista.<\/p>\n<p>&nbsp;<\/p>\n<p><strong>BELLUNO\u00a0<\/strong> Gioved\u00ec 16 gennaio alle 11.30 presso sala conferenze dell\u2019Associazione Bellunesi nel Mondo in via Cavour, 3 verr\u00e0 presentato alla stampa il progetto Botteghe e atelier aziendali \u2013 la lavorazione del legno nella montagna Veneta: patrimonio aziendale, ricchezza del territorio, eredit\u00e0 culturale per le nuove generazioni. Il progetto si pone come obbiettivo la costituzione di una rete fra le aziende partecipanti per la creazione di un \u201cmuseo diffuso del legno\u201d (virtuale e\/o fisico) per incentivare lo sviluppo stesso delle aziende, creare un circuito di conoscenza dei patrimoni territoriali anche in chiave turistica tramite la valorizzazione delle produzioni artistiche e tradizionali di nicchia.<\/p>\n<p>&nbsp;<\/p>\n<p><strong>BELLUNO<\/strong> venerd\u00ec 17 gennaio alle 18.30 Davide Rondoni, poeta, editorialista e saggista, sar\u00e0 presente nell&#8217;aula magna del Liceo Lollino Classico e Scientifico, in concomitanza con la notte nazionale dei licei classici. L&#8217;evento \u00e8 organizzato dal Liceo Lollino Classico e Scientifico e dall&#8217;Associazione Amici del Liceo Lollino.<\/p>\n<p>&nbsp;<\/p>\n<p><strong>FALCADE<\/strong> Venerdi alle 10.00 nella Chiesa di Sappade,\u00a0 Santa Messa in occasione di San Antonio. Alla presenza delle autorit\u00e0 verr\u00e0 poi deposta una targa per i 500 anni della chiesa .Come sempre alla Piccola Baita a partire dalle 12 in occasione del Santo Patrono verranno proposti i piatti della tradizione<\/p>\n<p>&nbsp;<\/p>\n<div data-offset-key=\"5n5nl-0-0\">\n<p><strong>LA VALLE<\/strong> L&#8217;amministrazione comunale lavallese ha messo in calendario per sabato 18 gennaio alle 20.30 in sala Valmassoi (ex latteria) un importante incontro. Una serata sul tema dell&#8217;inquinamento da campi elettromagnetici\u00a0 con Il dottor Achille Sacchi, esperto di elettrosmog e autore del libro &#8220;inquinamento invisibile&#8221;.<\/p>\n<\/div>\n<p>&nbsp;<\/p>\n<div data-offset-key=\"5n5nl-0-0\">\n<p><strong>AGORDO<\/strong> Danilo Coppe, perito minerario del Follador torna ad Agordo per relazionare sull&#8217;abbattimento controllato del Ponte Morandi di Genova, spiegher\u00e0 le 10 difficolt\u00e0 per l&#8217;esplosivista. Sabato 18 gennaio alle 10 in sala Don Tamis con ingresso libero. Un evento organizzato dall&#8217;Istituto Umberto Follador di Agordo, dipartimento geotecnico-minerario.<\/p>\n<p>&nbsp;<\/p>\n<p><strong>ALLEGHE<\/strong> Domenica 19 gennaio escursione con le ciaspe da Zopp\u00e8 di Cadore al Rifugio Venezia con Il Cai sezione di Caprile, accompagnatrice Gabriella Bellenzier. Ritrovo sede Cai alle 7.30, partecipazione gratuita ai soci Cai, 10 euro non soci. Iscrizioni entro giovedi 16 al 328 5384339<\/p>\n<\/div>\n<p>&nbsp;<\/p>\n<p><strong>CENCENIGHE<\/strong> L&#8217;amministrazione comunale, Proloco e associazioni di Cencenighe organizzano la Sagra di Sant&#8217;Antone 2020. Nei giorni 17, 18 e 19 gennaio. Venerdi 17: 11 messa in chiesa con Don Gabriele Bernardi; 12 pranzo al Nof Filo&#8217; ospiti i nonni, pomeriggio di intrattenimento e consegna riconoscimenti per Cencenighe e i suoi presepi (info 0437 591549) Sabato 18 gennaio: dalle 21 serata da ballo con Cristian Group. Domenica 19: dalle 14 torneo di scarabocio, iscrizioni alla proloco o prima dell&#8217;inizio del torneo.<\/p>\n<p>&nbsp;<\/p>\n<p><strong>BELLUNO<\/strong> In un turbillon di situazioni paradossali, comiche fino al grottesco, i tre attori di questo spettacolo si presentano al pubblico con continui cambi di scena costumi e registri attoriali, sostenuti da una regia originale e piena di spunti. Sabato 25 gennaio alle 20.45 all&#8217;Auditorium Canossiano di Feltre. Titolo &#8220;Questo Otello \u00e8 tutta un&#8217;altra storia&#8221; di A. Motta con la compagnia teatrale Ronzinante Teatro, per tutti di genere comico.<\/p>\n<p>&nbsp;<\/p>\n<p>&nbsp;<\/p>\n<p>&nbsp;<\/p>\n<h2><a class=\"dt-pswp-item\" href=\"http:\/\/www.radiopiu.net\/wordpress\/wp-content\/uploads\/2018\/09\/sport.jpg\" data-dt-img-description=\"\" data-large_image_width=\"800\" data-large_image_height=\"100\"><img loading=\"lazy\" decoding=\"async\" class=\"wp-image-60761 size-full aligncenter\" src=\"http:\/\/www.radiopiu.net\/wordpress\/wp-content\/uploads\/2018\/09\/sport.jpg\" alt=\"\" width=\"800\" height=\"100\" srcset=\"https:\/\/www.radiopiu.net\/wordpress\/wp-content\/uploads\/2018\/09\/sport.jpg 800w, https:\/\/www.radiopiu.net\/wordpress\/wp-content\/uploads\/2018\/09\/sport-300x38.jpg 300w, https:\/\/www.radiopiu.net\/wordpress\/wp-content\/uploads\/2018\/09\/sport-768x96.jpg 768w\" sizes=\"auto, (max-width: 800px) 100vw, 800px\" \/><\/a><\/h2>\n<h3><\/h3>\n<h1>CALCIO HOCKEY E VOLLEY&#8230;IL FINE SETTIMANA<\/h1>\n<blockquote>\n<h2 class=\"p1\"><span class=\"s1\" style=\"color: #ff0000;\"><b>CALCIO<\/b><\/span><\/h2>\n<\/blockquote>\n<p class=\"p1\"><span class=\"s1\"><b>PRIMA CATEGORIA<\/b><\/span><\/p>\n<p class=\"p1\"><span class=\"s1\">FIORI BARP MAS &#8211; SANTALUCIA SUSEGANA 4-1<\/span><span class=\"s1\">GOL: 2 Da Silva, 2 Saine<\/span><\/p>\n<p class=\"p1\"><span class=\"s1\">Il Fiori Barp incamera i primi 3 punti del 2020 vincendo il big match contro il Santalucia Susegana. La squadra di De Battista parte in sordina ma poi ingrana la marcia giusta per calare il poker e conquistare la quarta posizione della classifica di Prima Categoria.<\/span><span class=\"s1\">Il Santalucia parte bene e mette in difficolt\u00e0 il Fiori Barp gia nei primi minuti. Due le conclusioni della compagine trevigiana nei primi 5\u2019 e portiere sedicense costretto subito a fare dei miracoli. I padroni di casa passano in vantaggio alla prima vera azione della partita. Pallone che arriva a Da Silva che dalla distanza sorprende il portiere avversario. La squadra di De Battista incomincia ad ingranare e al 29\u2019 arriva il raddoppio. Palla in area spizzata di testa da Masoch che termina sui piedi di Saine che insacca. Nella ripresa il Fiori Barp sembra avere in mano la partita che nel giro di pochi minuti spreca l\u2019occasione di chiudere definitivamente il match. Saine sigla la doppietta personale poco dopo. Sedicensi che calano il poker al 60\u2019 quando Da Silva prima colpisce il palo poi ribatte in rete. Trevigiani che, dopo una bella azione, sigla la rete della bandiera al 75\u2019. <\/span><\/p>\n<p class=\"p1\"><span class=\"s1\"><b>ALLIEVI REGIONALI <\/b><\/span>UNION SAN GIORGIO &#8211; CASSOLA 1-0<\/p>\n<p class=\"p1\"><span class=\"s1\">Dopo il pareggio di 7 giorni fa contro la prima della classe, il San Giorgio incamera i primi 3 punti del 2020 con una vittoria di misura contro il Cassola. La squadra sedicense termina la prima frazione di gioco a reti inviolate e nella ripresa trova il gol vittoria con Marcon. Bella prestazione della squadra allenata da Tormen che con i suoi 12 punti entrano in zona playout del campionato regionale Allievi.<\/span><\/p>\n<blockquote>\n<h2 class=\"p1\"><span class=\"s1\" style=\"color: #ff0000;\"><b>HOCKEY<\/b><\/span><\/h2>\n<\/blockquote>\n<p class=\"p1\"><span class=\"s1\"><b>ITALIAN HOCKEY LEAGUE <\/b><\/span><span class=\"s1\">ALLEGHE TURNO DI RIPOSO<\/span><\/p>\n<p class=\"p1\"><span class=\"s1\"><b>UNDER 19 <\/b><\/span><span class=\"s1\">ALLEGHE &#8211; VALPUSTERIA 1-6 <\/span><span class=\"s1\">PARZIALI: 1-2, 0-3, 0-1 <\/span><span class=\"s1\">GOL ALLEGHE: pt. Dariz<\/span><\/p>\n<p class=\"p1\"><span class=\"s1\">l\u2019Alleghe under 19 cade in casa contro il Valpusteria. La squadra allenata da Matikainen non riesce a contenere le incursioni degli altoatesini e crolla nel drittel centrale cosegnando i 3 punti agli avversari. Il Valpusteria mette subito le carte in regola e dopo 8\u2019 di gioco si trova in vantaggio per 2 a 0. Alleghesi che reagiscono e accorciano le distanze con Dariz. Seconda frazione ancora con gli altoatesini che sembrano avere una marcia in pi\u00f9 e alleghesi che subiscono la terza marcatura dopo neanche un minuto di gioco. I pusteresi calano il poker a met\u00e0 partita e subito dopo chiudono definitivamente la contesa. Ospiti che nel terzo tempo trovano la sesta rete definitiva. <\/span><\/p>\n<p class=\"p1\"><span class=\"s1\"><b>UNDER 17 <\/b><\/span>FASSA\/ALLEGHE &#8211; VALLI DEL NOCE 0-7 <span class=\"s1\">PARZIALI: 0-3, 0-1, 0-3<\/span><\/p>\n<p class=\"p1\"><span class=\"s1\">Brutta sconfitta in casa per il Fassa\/Aleghe under 17 che subisce un Valli Del Noce che prende in mano la partita dall\u2019inizio alla fine. Primo tempo con gli altoatesini in vantaggio 3 a 0. Nel drittel centrale continuano a spingere gli ospiti e calano il poker. Terza frazione giocata alla pari ma il Valli Del Noce chiude la sfida mettendo a segno altre 3 marcature<\/span><\/p>\n<p class=\"p1\"><span class=\"s1\"><b>UNDER 15 \/ COPPA ITALIA <\/b><\/span><span class=\"s1\">YOUNG LIONS LANA &#8211; ALLEGHE 12-2<\/span><\/p>\n<p class=\"p1\"><span class=\"s1\">Ancora una sconfitta in Coppa Italia per l\u2019Alleghe under 15 che non riesce a difendersi come si deve. Gli Young Lions Lana vincono con facilit\u00e0 dopo un primo tempo giocato alla pari. Crollo alleghese negli ultimi 40\u2019 di gioco e vittoria facile per gli altoatesini. <\/span><\/p>\n<p class=\"p1\"><span class=\"s1\"><b>UNDER 13 \/ DOLOMITI CUP <\/b><\/span><span class=\"s1\">VALRENDENA &#8211; ALLEGHE\/ALTA BADIA 3-15<\/span><\/p>\n<p class=\"p1\"><span class=\"s1\">Vittoria indiscussa per i pi\u00f9 giovani dell\u2019Alleghe Hockey che contro il Valrendena siglano 15 gol subendone solo 3. Match a senso unico con gli agordini che mettono il risultato al sicuro quasi subito. 3 punti in saccoccia e prima posizione in classifica con il Caldaro.<\/span><\/p>\n<blockquote>\n<h2 class=\"p1\"><span class=\"s1\" style=\"color: #ff0000;\"><b>VOLLEY<\/b><\/span><\/h2>\n<\/blockquote>\n<p class=\"p1\"><span class=\"s1\"><b>CAMPIONATO TERZA DIVISIONE <\/b><\/span><span class=\"s1\">ALITUS VOLLEY &#8211; VOLLEY CLUB AGORDINO 0-3 <\/span><span class=\"s1\">PARZIALI: 14-25, 16-25, 15-25<\/span><\/p>\n<p class=\"p1\"><span class=\"s1\">Inizia nel migliore dei modi il 2020 della prima squadra del Volley Club Agordino che in terra trevigiana centra un 3 a 0 perfetto contro l\u2019Alitus. 3 parziali praticamente in fotocopia per la squadra allenata da de Nardin che torna a casa con 3 punti importanti che valgono il momentaneo secondo posto della classifica. <\/span><\/p>\n<p class=\"p1\"><span class=\"s1\"><b>UNDER 16 TERZA DIVISIONE <\/b><\/span><span class=\"s1\">VOLLEY CLUB AGORDINO &#8211; MEDUNA 0-3 <\/span><span class=\"s1\">PARZIALI: 18-25, 8-25, 12-25<\/span><\/p>\n<p class=\"p1\"><span class=\"s1\">Al Palarova di Agordo l\u2019under 16 del Volley Club Agordino perde la prima partita dell\u2019anno. La squadra agordina non \u00e8 riuscita a tenere il passo del Meduna che, specialmente nel secondo e terzo set, non ha avuto piet\u00e0 delle padrone di casa. 0 punti per le ragazze di Agordo nella partita che ha inaugurato il campionato di Terza Divisione Under 16.<\/span><\/p>\n<p>&nbsp;<\/p>\n<h1><\/h1>\n<h1 class=\"p1\"><span class=\"s1\">TORNEO AGORDINO DI HOCKEY, LA SECONDA PARTITA<\/span><\/h1>\n<p class=\"p1\"><span class=\"s1\"><a class=\"dt-pswp-item\" href=\"https:\/\/www.radiopiu.net\/wordpress\/wp-content\/uploads\/2019\/12\/TORNEO-AGORDINO-HOCKEY-2020-OK.jpg\" data-dt-img-description=\"\" data-large_image_width=\"1125\" data-large_image_height=\"596\"><img loading=\"lazy\" decoding=\"async\" class=\"size-medium wp-image-110984 alignright\" src=\"https:\/\/www.radiopiu.net\/wordpress\/wp-content\/uploads\/2019\/12\/TORNEO-AGORDINO-HOCKEY-2020-OK-300x159.jpg\" alt=\"\" width=\"300\" height=\"159\" srcset=\"https:\/\/www.radiopiu.net\/wordpress\/wp-content\/uploads\/2019\/12\/TORNEO-AGORDINO-HOCKEY-2020-OK-300x159.jpg 300w, https:\/\/www.radiopiu.net\/wordpress\/wp-content\/uploads\/2019\/12\/TORNEO-AGORDINO-HOCKEY-2020-OK-1024x542.jpg 1024w, https:\/\/www.radiopiu.net\/wordpress\/wp-content\/uploads\/2019\/12\/TORNEO-AGORDINO-HOCKEY-2020-OK-768x407.jpg 768w, https:\/\/www.radiopiu.net\/wordpress\/wp-content\/uploads\/2019\/12\/TORNEO-AGORDINO-HOCKEY-2020-OK.jpg 1125w\" sizes=\"auto, (max-width: 300px) 100vw, 300px\" \/><\/a>CANALE &#8211; AMATORI ALLEGHE 2-3 (RIG. 0-2)<\/span><\/p>\n<p class=\"p1\"><span class=\"s1\">PARZIALI: 0-1, 0-1, 2-1<\/span><\/p>\n<p class=\"p1\"><span class=\"s1\">GOL: pt. Daniele Veggiato. st. Patrick De Toni. tt. Emil Tancon, Daniele Veggiato, Igor Busin<\/span><\/p>\n<p class=\"p1\"><span class=\"s1\">L\u2019Amatori Alleghe incamera i primi punti della stagione al Conaggia di La Valle battendo il Canale nei tempi regolamentari e ai rigori. Bella prova degli alleghesi che con la doppietta di Daniele Veggiato e il gol di De Toni superano la squadra della Valle del Biois che si \u00e8 svegliata troppo tardi per capovolgere il risultato. <\/span><\/p>\n<p>&nbsp;<\/p>\n<p>&nbsp;<\/p>\n<p>&nbsp;<\/p>\n<h2>DUE AGORDINI NEL BELLUNO GIOVANISSIMI<\/h2>\n<p class=\"p1\"><span class=\"s1\"><strong><a class=\"dt-pswp-item\" href=\"https:\/\/www.radiopiu.net\/wordpress\/wp-content\/uploads\/2020\/01\/TOMMASO-MARCON-BELLUNO-CALCIO.jpeg\" data-dt-img-description=\"\" data-large_image_width=\"1066\" data-large_image_height=\"1600\"><img loading=\"lazy\" decoding=\"async\" class=\"size-medium wp-image-112756 alignleft\" src=\"https:\/\/www.radiopiu.net\/wordpress\/wp-content\/uploads\/2020\/01\/TOMMASO-MARCON-BELLUNO-CALCIO-200x300.jpeg\" alt=\"\" width=\"200\" height=\"300\" srcset=\"https:\/\/www.radiopiu.net\/wordpress\/wp-content\/uploads\/2020\/01\/TOMMASO-MARCON-BELLUNO-CALCIO-200x300.jpeg 200w, https:\/\/www.radiopiu.net\/wordpress\/wp-content\/uploads\/2020\/01\/TOMMASO-MARCON-BELLUNO-CALCIO-682x1024.jpeg 682w, https:\/\/www.radiopiu.net\/wordpress\/wp-content\/uploads\/2020\/01\/TOMMASO-MARCON-BELLUNO-CALCIO-768x1153.jpeg 768w, https:\/\/www.radiopiu.net\/wordpress\/wp-content\/uploads\/2020\/01\/TOMMASO-MARCON-BELLUNO-CALCIO-1023x1536.jpeg 1023w, https:\/\/www.radiopiu.net\/wordpress\/wp-content\/uploads\/2020\/01\/TOMMASO-MARCON-BELLUNO-CALCIO.jpeg 1066w\" sizes=\"auto, (max-width: 200px) 100vw, 200px\" \/><\/a><\/strong><\/span><\/p>\n<p>&nbsp;<\/p>\n<p>&nbsp;<\/p>\n<p class=\"p1\"><span class=\"s1\"><strong>BELLUNO<\/strong> La squadra del capoluogo continua a pescare giovani agordini. Dopo Riccardo Broglio nella juniores, altri due giovani leve dell\u2019Agordina Calcio hanno fatto il loro esordio con la squadra Giovanissimi del Belluno Calcio. Etienne Mezzacasa, ragazzo di Taibon che negli ultimi anni ha fatto vedere delle buone cose anche nel campionato Agordino di calcio. Assieme a Mezzacasa, al Belluno Giovanissimi ha iniziato la sua avventura anche Tommaso Marcon (nella foto) di La Valle. Per entrambi le prime esperienze con l\u2019Agordina Calcio prima essere scelti per il campionato regionale del Belluno.<\/span><\/p>\n<p>&nbsp;<\/p>\n<p class=\"p1\"><strong><span class=\"s1\">TOMMASO MARCON<\/span><\/strong><\/p>\n<audio class=\"wp-audio-shortcode\" id=\"audio-112768-8\" preload=\"none\" style=\"width: 100%;\" controls=\"controls\"><source type=\"audio\/mpeg\" src=\"https:\/\/www.radiopiu.net\/wordpress\/wp-content\/uploads\/2020\/01\/TOMMASO-MARCON.mp3?_=8\" \/><a href=\"https:\/\/www.radiopiu.net\/wordpress\/wp-content\/uploads\/2020\/01\/TOMMASO-MARCON.mp3\">https:\/\/www.radiopiu.net\/wordpress\/wp-content\/uploads\/2020\/01\/TOMMASO-MARCON.mp3<\/a><\/audio>\n<p>&nbsp;<\/p>\n<p>&nbsp;<\/p>\n<p>&nbsp;<\/p>\n<p>&nbsp;<\/p>\n<h3><a class=\"dt-pswp-item\" href=\"http:\/\/www.radiopiu.net\/wordpress\/wp-content\/uploads\/2018\/09\/WhatsApp-Image-2018-09-20-at-16.04.06.jpeg\" data-dt-img-description=\"\" data-large_image_width=\"800\" data-large_image_height=\"100\"><img loading=\"lazy\" decoding=\"async\" class=\"wp-image-61378 size-full aligncenter\" src=\"http:\/\/www.radiopiu.net\/wordpress\/wp-content\/uploads\/2018\/09\/WhatsApp-Image-2018-09-20-at-16.04.06.jpeg\" alt=\"\" width=\"800\" height=\"100\" srcset=\"https:\/\/www.radiopiu.net\/wordpress\/wp-content\/uploads\/2018\/09\/WhatsApp-Image-2018-09-20-at-16.04.06.jpeg 800w, https:\/\/www.radiopiu.net\/wordpress\/wp-content\/uploads\/2018\/09\/WhatsApp-Image-2018-09-20-at-16.04.06-300x38.jpeg 300w, https:\/\/www.radiopiu.net\/wordpress\/wp-content\/uploads\/2018\/09\/WhatsApp-Image-2018-09-20-at-16.04.06-768x96.jpeg 768w\" sizes=\"auto, (max-width: 800px) 100vw, 800px\" \/><\/a><\/h3>\n<p>&nbsp;<\/p>\n<p><center><b>Lunedi 13<\/b><\/center><b>Tempo atteso: <\/b>Spazi di sereno anche ampi, ma alternati a passaggi di nubi alte.<br \/>\n<b>Precipitazioni: <\/b>Assenti (0%).<br \/>\n<b>Temperature: <\/b>Minime pressoch\u00e8 stazionarie, o in aumento al pi\u00f9 moderato sul Bellunese; massime in lieve calo; sulle Prealpi a 1500 m minima -1 gradi e massima 4, a 2000 m minima -2 e massima 4; sulle Dolomiti a 2000 m minima -2 gradi e massima 4, a 3000 m minima -4 e massima -1.<br \/>\n<b>Venti: <\/b>Nelle valli, deboli di direzione variabile; in quota da deboli a moderati, dai quadranti sud-occidentali, fino a 5-10 km\/h a 2000 m e 10-20 km\/h a 3000 m.<\/p>\n<hr \/>\n<p><center><b>Martedi 14<\/b><\/center><b>Tempo atteso: <\/b>Cielo da poco a parzialmente nuvoloso, con spazi di sereno anche ampi alternati a qualche nube alta, oltre a possibili locali nubi basse sulle zone prealpine.<br \/>\n<b>Precipitazioni: <\/b>Assenti (0%).<br \/>\n<b>Temperature: <\/b>Calo perlopi\u00f9 contenuto, specie riguardo alle massime, mentre le minime potranno anche far registrare qualche lieve controtendenza in alta quota; sulle Prealpi a 1500 m minima -1 gradi e massima 0, a 2000 m minima -3 e massima 0; sulle Dolomiti a 2000 m minima -2 gradi e massima 2, a 3000 m minima -3 e massima -1.<br \/>\n<b>Venti: <\/b>Nelle valli, deboli di direzione variabile; in quota nelle prime ore moderati e poi deboli, perlopi\u00f9 dai quadranti occidentali, fino a 5-10 km\/h a 2000 m e 5-15 km\/h a 3000 m.<\/p>\n<hr \/>\n<p><center><b>Mercoledi 15<\/b><\/center>Cielo in prevalenza poco nuvoloso, ma con maggiori spazi di sereno sulle Dolomiti e alcuni probabili addensamenti di nubi basse sulle zone prealpine; per le temperature prevarr\u00e0 un aumento, al pi\u00f9 moderato.<\/p>\n<hr \/>\n<p><center><b>Giovedi 16<\/b><\/center>Cielo sereno, salvo locali modesti annuvolamenti pi\u00f9 probabili nelle prime ore sulle zone prealpine; le temperature minime subiranno contenute variazioni di carattere locale, le massime aumenteranno. Previsore: AB.<\/p>\n<p>&nbsp;<\/p>\n","protected":false},"excerpt":{"rendered":"<p>ACQUA INQUINATA A LA VALLE, DISSERVIZI A FELTRE PER LAVORI LA VALLE AGORDINA nelle LOCALITA&#8217; RONCHE, RONCHET, NOACH, LE CAMPE e CANCELLADE l&#8217;acqua erogata dall&#8217;acquedotto non \u00e8 potabile e pu\u00f2 essere usata per scopi alimentari SOLO PREVIA bollitura. GSP ha, comunque, gi\u00e0 adottato le necessarie misure per la disinfezione dell&#8217;acqua presente nei serbatoi e nella&hellip;<\/p>\n","protected":false},"author":1,"featured_media":112771,"comment_status":"closed","ping_status":"closed","sticky":false,"template":"","format":"standard","meta":{"_monsterinsights_skip_tracking":false,"_monsterinsights_sitenote_active":false,"_monsterinsights_sitenote_note":"","_monsterinsights_sitenote_category":0,"footnotes":""},"categories":[51,86],"tags":[],"class_list":["post-112768","post","type-post","status-publish","format-standard","has-post-thumbnail","hentry","category-evidenza-top","category-gr","category-51","category-86","description-off"],"img_url":"https:\/\/www.radiopiu.net\/wordpress\/wp-content\/uploads\/2020\/01\/Frana-Via-Miari-Novembre-2019-1.jpg","_links":{"self":[{"href":"https:\/\/www.radiopiu.net\/wordpress\/wp-json\/wp\/v2\/posts\/112768","targetHints":{"allow":["GET"]}}],"collection":[{"href":"https:\/\/www.radiopiu.net\/wordpress\/wp-json\/wp\/v2\/posts"}],"about":[{"href":"https:\/\/www.radiopiu.net\/wordpress\/wp-json\/wp\/v2\/types\/post"}],"author":[{"embeddable":true,"href":"https:\/\/www.radiopiu.net\/wordpress\/wp-json\/wp\/v2\/users\/1"}],"replies":[{"embeddable":true,"href":"https:\/\/www.radiopiu.net\/wordpress\/wp-json\/wp\/v2\/comments?post=112768"}],"version-history":[{"count":0,"href":"https:\/\/www.radiopiu.net\/wordpress\/wp-json\/wp\/v2\/posts\/112768\/revisions"}],"wp:featuredmedia":[{"embeddable":true,"href":"https:\/\/www.radiopiu.net\/wordpress\/wp-json\/wp\/v2\/media\/112771"}],"wp:attachment":[{"href":"https:\/\/www.radiopiu.net\/wordpress\/wp-json\/wp\/v2\/media?parent=112768"}],"wp:term":[{"taxonomy":"category","embeddable":true,"href":"https:\/\/www.radiopiu.net\/wordpress\/wp-json\/wp\/v2\/categories?post=112768"},{"taxonomy":"post_tag","embeddable":true,"href":"https:\/\/www.radiopiu.net\/wordpress\/wp-json\/wp\/v2\/tags?post=112768"}],"curies":[{"name":"wp","href":"https:\/\/api.w.org\/{rel}","templated":true}]}}