{"id":112804,"date":"2020-01-12T23:55:20","date_gmt":"2020-01-12T22:55:20","guid":{"rendered":"https:\/\/www.radiopiu.net\/wordpress\/?p=112804"},"modified":"2020-01-12T18:38:45","modified_gmt":"2020-01-12T17:38:45","slug":"bonaventura-maresio-inquisitore-del-parente-giulio-poi-giustiziato-per-eresia-dallinquisizione-romana-di-renato-bona","status":"publish","type":"post","link":"https:\/\/www.radiopiu.net\/wordpress\/bonaventura-maresio-inquisitore-del-parente-giulio-poi-giustiziato-per-eresia-dallinquisizione-romana-di-renato-bona\/","title":{"rendered":"BONAVENTURA MARESIO: INQUISITORE DEL PARENTE GIULIO, POI GIUSTIZIATO PER ERESIA DALL\u2019INQUISIZIONE ROMANA di RENATO BONA"},"content":{"rendered":"<div class=\"_4po6\">\n<div class=\"_4po7\"><\/div>\n<\/div>\n<div class=\"_4po8\">\n<div class=\"_4po9\">\n<div class=\"_4tdt _ua1\">\n<div class=\"_31o4\">\n<div class=\"_6--1\" aria-hidden=\"true\"><\/div>\n<\/div>\n<\/div>\n<div class=\"_4tdt _ua0\">\n<div class=\"_ua2\">\n<div class=\"_4tdv\">\n<div class=\"_5wd4 _1nc6 _2_-t\">\n<div class=\"._1dlq _h8t\">\n<div class=\"_5wd9 direction_ltr clearfix\" data-tooltip-content=\"Venerd\u00ec 18:14\" data-hover=\"tooltip\" data-tooltip-position=\"right\"><\/div>\n<\/div>\n<\/div>\n<\/div>\n<\/div>\n<\/div>\n<div class=\"_4tdt _ua0\">\n<div class=\"_ua2\">\n<div class=\"_4tdv\">\n<div class=\"_5wd4 _1nc6 _2_-t\">\n<div class=\"._1dlq _h8t\">\n<div class=\"_5wd9 direction_ltr clearfix\" data-tooltip-content=\"Sabato 5:35\" data-hover=\"tooltip\" data-tooltip-position=\"right\">\n<div class=\"_3e7u _16ys _n4o _1a6y  _6dm2\" data-testid=\"attachment_root\">\n<div class=\"_3_om _3cpq\">\n<div>\n<div class=\"_49or _310t clearfix\">\n<div class=\"\">\n<div class=\"_42ef\">\n<div>\n<div class=\"__6j\">\n<div class=\"__6m\">\u201cMaresio Bonaventura (1526-1580). Frate dei Minori conventuali (l\u2019Ordine \u00e8 un istituto religioso di diritto pontificio; i frati di questo ordine mendicante, detti francescani conventuali, pospongono al loro nome la sigla Ofm Conv; il fondatore fu Francesco d\u2019Assisi nel 1525), letterato, teologo e poeta. Fu eletto provinciale dell\u2019Ordine per i suoi meriti nel riordino di vari conventi in Polonia\u201d. Cos\u00ec si pu\u00f2 leggere in \u201cToponomastica di Belluno\u201d, pubblicazione edita dal Comune nel 1990, a proposito dell\u2019intitolazione di una via, in zona Mussoi, al nome del personaggio di cui ci occupiamo. Che \u00e8 stato frate francescano conventuale ed inquisitore del XVI secolo, partecip\u00f2 al Concilio di Trento in qualit\u00e0 di assistente teologo del generale del suo Ordine, Antonio de\u2019 Sapienti, e fu oltre che Visitatore apostolico in Polonia per conto del suo Ordine, il secondo Inquisitore di Belluno essendo subentrato nel 1566 a Domenico Fortunato, e rest\u00f2 in carica per la bellezza di 40 anni! Prescindendo dalle sue qualit\u00e0 di letterato, teologo e poeta ci occupiamo di lui per la singolare vicenda che lo vide protagonista nei confronti del parente, il francescano Giulio Maresio (Belluno 1522-Roma 1 ottobre 1567), che da Bonaventura fu inquisito e, dopo un altro procedimento, stavolta dell\u2019Inquisizione romana, venne condannato a morte per eresia e giustiziato. A proposito di Giulio, la libera enciclopedia Wikipedia ricorda che \u201cNato in una famiglia colta e benestante, dal 1530 studi\u00f2 a Bologna sotto il teologo francescano Domenico Fortunato il quale, segretamente aderente alle dottrine riformate, gli fece conoscere testi di autori protestanti come Lutero e Melantone\u201d. Giulio Maresio si trasfer\u00ec a Padova nel 1540 per studiare teologia con i docenti Francesco Capodilista e Giovanni Lippomano e prosegu\u00ec l\u2019approfondimento delle dottrine protestanti. Una sua lettera compromettente (copia della Postilla di Antonio Corvino), inviata nel 1546 al fratello sacerdote Francesco, fin\u00ec nelle mani proprio del suo insegnante di ginnasio Domenico Fortunato, nel frattempo nominato inquisitore, il quale tuttavia non apr\u00ec alcuna inchiesta a suo carico. E proprio a Fortunato il Maresio successe come guardiano del convento francescano di San Pietro di Belluno, dove era tornato, prendendovi i voti, dopo la laurea in teologia conseguita a Padova il 17 marzo 1550. Qui fu scoperta la sua eresia e il Maresio and\u00f2 a giustificarsi a Roma, da dove il cardinale Bernardino Maffei lo rimand\u00f2 all&#8217;Inquisizione di Venezia per esservi processato. Riconosciuto colpevole di negare il purgatorio, il libero arbitrio e l&#8217;efficacia delle opere, abiur\u00f2 il 31 dicembre 1551 e fu confinato per cinque anni nel convento di San Pietro di Cracovia. Ancora: nel 1556 conobbe il francescano Francesco Lismanini, confessore della regina di Polonia, Bona Sforza, ma da tempo convertito al calvinismo: Maresio abbandon\u00f2 il saio e, con l&#8217;aiuto economico del Lismanini, part\u00ec per Zurigo dove avrebbe potuto meglio approfondire le dottrine riformate. Qui conobbe molti esuli italiani, come Lelio Socini, Bernardino Ochino, Pietro Martire Vermigli e Giorgio Biandrata. Nel 1558, alla notizia della morte del padre, il Maresio decise di ritornare a Cracovia per rientrare nel proprio Ordine religioso e potere poi far ritorno a Belluno. A questo scopo present\u00f2 al nunzio in Polonia Berardo Bongiovanni un memoriale nel quale giustificava i suoi sbandamenti nella fede cattolica con l&#8217;istruzione eterodossa ricevuta nella prima giovent\u00f9 dal teologo Fortunato. Assolto dal nunzio il 17 agosto 1560, dovette tuttavia rimanere nel convento di Cracovia. Quando, sei anni dopo, ottenne il permesso di rientrare in Italia, fu arrestato: l&#8217;inquisitore di Belluno che lo accus\u00f2 di eresia era il suo parente Bonaventura Maresio (attivo anche nel processo Colotto a Feltre e nel 1600 \u00e8 documentata una sua lettera di istruzioni al tribunale feltrino. La data effettiva di affidamento della competenza sulla diocesi di Feltre non \u00e8 conosciuta. La sede inquisitoriale di Belluno fu soppressa il 28 luglio 1806 con decreto vicereale del Regno d&#8217;Italia) che contestava tra l\u2019altro il possesso di testi di teologia di Lutero, Melantone, Calvino, Guillaume Postel, ma anche di libri di cultura umanistica che avevano per\u00f2 il torto di essere commentati da personalit\u00e0 della Riforma, quali l&#8217;Hebreae gramaticae compendium di Francesco Stancaro, le Annotationes in Horatium di Heinrich Glarean e i Commentaria in Georgicam di Jodocus Willich. Il processo fu avocato dall&#8217;Inquisizione romana, che si oppose alle richieste della Repubblica veneziana di far processare il Maresio dalla propria Inquisizione. A Roma era in corso il giudizio contro Pietro Carnesecchi ed entrambi gli imputati ebbero la sorte di essere processati dagli stessi giudici, i cardinali Bernardino Scotti, Scipione Rebiba, Francisco Pacheco e Gianfrancesco Gambara, che il 21 settembre 1567 emisero eguale condanna di morte. Al Maresio fu contestato di negare la presenza reale di Cristo nell&#8217;eucaristia e il primato papale oltre, come nel primo processo, il purgatorio, il libero arbitrio e l&#8217;efficacia delle opere. Davanti al ponte Sant&#8217;Angelo fu allestito il patibolo e il 1. ottobre 1567 Maresio e Carnesecchi furono decapitati, i cadaveri bruciati e le ceneri disperse nel Tevere. Secondo l\u2019ambasciatore veneziano Paolo Tiepolo, Maresio \u201cmor\u00ec assai disposto, confessato e comunicato\u201d.<\/div>\n<div>\n\n\t\t\t<style type='text\/css'>\n\t\t\t\t#gallery-1 {\n\t\t\t\t\tmargin: auto;\n\t\t\t\t}\n\t\t\t\t#gallery-1 .gallery-item {\n\t\t\t\t\tfloat: left;\n\t\t\t\t\tmargin-top: 10px;\n\t\t\t\t\ttext-align: center;\n\t\t\t\t\twidth: 33%;\n\t\t\t\t}\n\t\t\t\t#gallery-1 img {\n\t\t\t\t\tborder: 2px solid #cfcfcf;\n\t\t\t\t}\n\t\t\t\t#gallery-1 .gallery-caption {\n\t\t\t\t\tmargin-left: 0;\n\t\t\t\t}\n\t\t\t\t\/* see gallery_shortcode() in wp-includes\/media.php *\/\n\t\t\t<\/style>\n\t\t<div id='gallery-1' class='dt-gallery-container gallery galleryid-112804 gallery-columns-3 gallery-size-thumbnail'><dl class='gallery-item'>\n\t\t\t\t<dt class='gallery-icon landscape'>\n\t\t\t\t\t<a class=\"rollover\" href='https:\/\/www.radiopiu.net\/wordpress\/bonaventura-maresio-inquisitore-del-parente-giulio-poi-giustiziato-per-eresia-dallinquisizione-romana-di-renato-bona\/81886761_1243266189205750_4267529163717476352_n\/'><img loading=\"lazy\" decoding=\"async\" width=\"150\" height=\"150\" src=\"https:\/\/www.radiopiu.net\/wordpress\/wp-content\/uploads\/2020\/01\/81886761_1243266189205750_4267529163717476352_n-150x150.jpg\" class=\"attachment-thumbnail size-thumbnail\" alt=\"\" \/><\/a>\n\t\t\t\t<\/dt><\/dl><dl class='gallery-item'>\n\t\t\t\t<dt class='gallery-icon landscape'>\n\t\t\t\t\t<a class=\"rollover\" href='https:\/\/www.radiopiu.net\/wordpress\/bonaventura-maresio-inquisitore-del-parente-giulio-poi-giustiziato-per-eresia-dallinquisizione-romana-di-renato-bona\/81532554_591550511634301_5257298677659074560_n\/'><img loading=\"lazy\" decoding=\"async\" width=\"150\" height=\"150\" src=\"https:\/\/www.radiopiu.net\/wordpress\/wp-content\/uploads\/2020\/01\/81532554_591550511634301_5257298677659074560_n-150x150.jpg\" class=\"attachment-thumbnail size-thumbnail\" alt=\"\" \/><\/a>\n\t\t\t\t<\/dt><\/dl><dl class='gallery-item'>\n\t\t\t\t<dt class='gallery-icon portrait'>\n\t\t\t\t\t<a class=\"rollover\" href='https:\/\/www.radiopiu.net\/wordpress\/bonaventura-maresio-inquisitore-del-parente-giulio-poi-giustiziato-per-eresia-dallinquisizione-romana-di-renato-bona\/82181676_494054868185699_7838963752182480896_n\/'><img loading=\"lazy\" decoding=\"async\" width=\"150\" height=\"150\" src=\"https:\/\/www.radiopiu.net\/wordpress\/wp-content\/uploads\/2020\/01\/82181676_494054868185699_7838963752182480896_n-150x150.jpg\" class=\"attachment-thumbnail size-thumbnail\" alt=\"\" \/><\/a>\n\t\t\t\t<\/dt><\/dl><br style=\"clear: both\" \/><dl class='gallery-item'>\n\t\t\t\t<dt class='gallery-icon landscape'>\n\t\t\t\t\t<a class=\"rollover\" href='https:\/\/www.radiopiu.net\/wordpress\/bonaventura-maresio-inquisitore-del-parente-giulio-poi-giustiziato-per-eresia-dallinquisizione-romana-di-renato-bona\/82544847_475189490045866_8025421111569154048_n\/'><img loading=\"lazy\" decoding=\"async\" width=\"150\" height=\"150\" src=\"https:\/\/www.radiopiu.net\/wordpress\/wp-content\/uploads\/2020\/01\/82544847_475189490045866_8025421111569154048_n-150x150.jpg\" class=\"attachment-thumbnail size-thumbnail\" alt=\"\" \/><\/a>\n\t\t\t\t<\/dt><\/dl><dl class='gallery-item'>\n\t\t\t\t<dt class='gallery-icon landscape'>\n\t\t\t\t\t<a class=\"rollover\" href='https:\/\/www.radiopiu.net\/wordpress\/bonaventura-maresio-inquisitore-del-parente-giulio-poi-giustiziato-per-eresia-dallinquisizione-romana-di-renato-bona\/82232795_2501778513429575_1056302890978639872_n\/'><img loading=\"lazy\" decoding=\"async\" width=\"150\" height=\"150\" src=\"https:\/\/www.radiopiu.net\/wordpress\/wp-content\/uploads\/2020\/01\/82232795_2501778513429575_1056302890978639872_n-150x150.jpg\" class=\"attachment-thumbnail size-thumbnail\" alt=\"\" srcset=\"https:\/\/www.radiopiu.net\/wordpress\/wp-content\/uploads\/2020\/01\/82232795_2501778513429575_1056302890978639872_n-150x150.jpg 150w, https:\/\/www.radiopiu.net\/wordpress\/wp-content\/uploads\/2020\/01\/82232795_2501778513429575_1056302890978639872_n-300x300.jpg 300w, https:\/\/www.radiopiu.net\/wordpress\/wp-content\/uploads\/2020\/01\/82232795_2501778513429575_1056302890978639872_n-768x767.jpg 768w, https:\/\/www.radiopiu.net\/wordpress\/wp-content\/uploads\/2020\/01\/82232795_2501778513429575_1056302890978639872_n.jpg 960w\" sizes=\"auto, (max-width: 150px) 100vw, 150px\" \/><\/a>\n\t\t\t\t<\/dt><\/dl>\n\t\t\t\t<br style='clear: both' \/>\n\t\t\t<\/div>\n\n<\/div>\n<div><\/div>\n<div><\/div>\n<div class=\"__6m\">NELLE FOTO (Renato Bona, sito: capgenofmc.org e Wikipedia): la sessione 202 del capitolo generale; la via che a Belluno porta il nome di Maresio; la targa con l\u2019intitolazione; convento e basilica dei santissimi apostoli a Roma, sede dell\u2019Ordine dei frati minori conventuali; inizio del Concilio di Trento del 1545 cui partecip\u00f2 Bonaventura.<\/div>\n<\/div>\n<\/div>\n<\/div>\n<\/div>\n<\/div>\n<\/div>\n<\/div>\n<\/div>\n<\/div>\n<\/div>\n<\/div>\n<\/div>\n<\/div>\n<\/div>\n<\/div>\n<\/div>\n","protected":false},"excerpt":{"rendered":"<p>\u201cMaresio Bonaventura (1526-1580). Frate dei Minori conventuali (l\u2019Ordine \u00e8 un istituto religioso di diritto pontificio; i frati di questo ordine mendicante, detti francescani conventuali, pospongono al loro nome la sigla Ofm Conv; il fondatore fu Francesco d\u2019Assisi nel 1525), letterato, teologo e poeta. Fu eletto provinciale dell\u2019Ordine per i suoi meriti nel riordino di vari&hellip;<\/p>\n","protected":false},"author":1,"featured_media":112808,"comment_status":"closed","ping_status":"closed","sticky":false,"template":"","format":"standard","meta":{"_monsterinsights_skip_tracking":false,"_monsterinsights_sitenote_active":false,"_monsterinsights_sitenote_note":"","_monsterinsights_sitenote_category":0,"footnotes":""},"categories":[49],"tags":[],"class_list":["post-112804","post","type-post","status-publish","format-standard","has-post-thumbnail","hentry","category-news-18","category-49","description-off"],"img_url":"https:\/\/www.radiopiu.net\/wordpress\/wp-content\/uploads\/2020\/01\/81532554_591550511634301_5257298677659074560_n.jpg","_links":{"self":[{"href":"https:\/\/www.radiopiu.net\/wordpress\/wp-json\/wp\/v2\/posts\/112804","targetHints":{"allow":["GET"]}}],"collection":[{"href":"https:\/\/www.radiopiu.net\/wordpress\/wp-json\/wp\/v2\/posts"}],"about":[{"href":"https:\/\/www.radiopiu.net\/wordpress\/wp-json\/wp\/v2\/types\/post"}],"author":[{"embeddable":true,"href":"https:\/\/www.radiopiu.net\/wordpress\/wp-json\/wp\/v2\/users\/1"}],"replies":[{"embeddable":true,"href":"https:\/\/www.radiopiu.net\/wordpress\/wp-json\/wp\/v2\/comments?post=112804"}],"version-history":[{"count":0,"href":"https:\/\/www.radiopiu.net\/wordpress\/wp-json\/wp\/v2\/posts\/112804\/revisions"}],"wp:featuredmedia":[{"embeddable":true,"href":"https:\/\/www.radiopiu.net\/wordpress\/wp-json\/wp\/v2\/media\/112808"}],"wp:attachment":[{"href":"https:\/\/www.radiopiu.net\/wordpress\/wp-json\/wp\/v2\/media?parent=112804"}],"wp:term":[{"taxonomy":"category","embeddable":true,"href":"https:\/\/www.radiopiu.net\/wordpress\/wp-json\/wp\/v2\/categories?post=112804"},{"taxonomy":"post_tag","embeddable":true,"href":"https:\/\/www.radiopiu.net\/wordpress\/wp-json\/wp\/v2\/tags?post=112804"}],"curies":[{"name":"wp","href":"https:\/\/api.w.org\/{rel}","templated":true}]}}