{"id":112822,"date":"2020-01-13T05:13:05","date_gmt":"2020-01-13T04:13:05","guid":{"rendered":"https:\/\/www.radiopiu.net\/wordpress\/?p=112822"},"modified":"2020-01-13T05:13:05","modified_gmt":"2020-01-13T04:13:05","slug":"questa-sera-franco-roccon-a-quarta-repubblica","status":"publish","type":"post","link":"https:\/\/www.radiopiu.net\/wordpress\/questa-sera-franco-roccon-a-quarta-repubblica\/","title":{"rendered":"QUESTA SERA FRANCO ROCCON A QUARTA REPUBBLICA"},"content":{"rendered":"<p>&nbsp;<\/p>\n<p>&nbsp;<\/p>\n<h2><\/h2>\n<blockquote><p><em>parler\u00e0 dal canale Rete4 mentre venerd\u00ec 17 su Rai3.\u00a0\u00a0<\/em><\/p><\/blockquote>\n<p><strong>DALLA RASSEGNA STAMPA DELLE OTTO<\/strong><\/p>\n<div>\n<audio class=\"wp-audio-shortcode\" id=\"audio-112822-1\" preload=\"none\" style=\"width: 100%;\" controls=\"controls\"><source type=\"audio\/mpeg\" src=\"https:\/\/www.radiopiu.net\/wordpress\/wp-content\/uploads\/2020\/01\/franco\u00f9.mp3?_=1\" \/><a href=\"https:\/\/www.radiopiu.net\/wordpress\/wp-content\/uploads\/2020\/01\/franco\u00f9.mp3\">https:\/\/www.radiopiu.net\/wordpress\/wp-content\/uploads\/2020\/01\/franco\u00f9.mp3<\/a><\/audio>\n<\/div>\n<div>\n<p><a class=\"dt-pswp-item\" href=\"https:\/\/www.radiopiu.net\/wordpress\/wp-content\/uploads\/2018\/06\/Roccon-Franco.jpg\" data-dt-img-description=\"\" data-large_image_width=\"402\" data-large_image_height=\"483\"><img loading=\"lazy\" decoding=\"async\" class=\"wp-image-52102 alignleft\" src=\"https:\/\/www.radiopiu.net\/wordpress\/wp-content\/uploads\/2018\/06\/Roccon-Franco-250x300.jpg\" alt=\"\" width=\"195\" height=\"234\" srcset=\"https:\/\/www.radiopiu.net\/wordpress\/wp-content\/uploads\/2018\/06\/Roccon-Franco-250x300.jpg 250w, https:\/\/www.radiopiu.net\/wordpress\/wp-content\/uploads\/2018\/06\/Roccon-Franco.jpg 402w\" sizes=\"auto, (max-width: 195px) 100vw, 195px\" \/><\/a>Si parler\u00e0 del Bellunese, questa sera in tv. Un intervento del presidente di Belluno e del Veneto di Usarci \u2013 Unione sindacati agenti e rappresentanti di commercio \u2013 Franco Roccon all\u2019interno della trasmissione di Rete4 \u201cQuarta Repubblica\u201d condotta da Nicola Porro porter\u00e0 all\u2019attenzione di milioni di italiani la moria delle piccole attivit\u00e0 in provincia e in Italia. Il problema verr\u00e0 collegato alla conseguente difficolt\u00e0 vissuta in questo momento dagli agenti di commercio. \u201cNaturalmente \u2013 spiega Roccon \u2013 la chiusura di tante botteghe ha ricadute anche sulla nostra categoria. In provincia di Belluno sono stati chiusi 40 negozi, con danni per tutti i professionisti legati al commercio. Quando muore un\u2019attivit\u00e0 ne risente tutto l\u2019indotto. Ne ho parlato con Porro e ne ho parlato anche con la troupe di Mi manda Rai3\u201d.<\/p>\n<p>&nbsp;<\/p>\n<\/div>\n","protected":false},"excerpt":{"rendered":"<p>&nbsp; &nbsp; parler\u00e0 dal canale Rete4 mentre venerd\u00ec 17 su Rai3.\u00a0\u00a0 DALLA RASSEGNA STAMPA DELLE OTTO Si parler\u00e0 del Bellunese, questa sera in tv. Un intervento del presidente di Belluno e del Veneto di Usarci \u2013 Unione sindacati agenti e rappresentanti di commercio \u2013 Franco Roccon all\u2019interno della trasmissione di Rete4 \u201cQuarta Repubblica\u201d condotta da&hellip;<\/p>\n","protected":false},"author":1,"featured_media":52102,"comment_status":"closed","ping_status":"closed","sticky":false,"template":"","format":"standard","meta":{"_monsterinsights_skip_tracking":false,"_monsterinsights_sitenote_active":false,"_monsterinsights_sitenote_note":"","_monsterinsights_sitenote_category":0,"footnotes":""},"categories":[51,49],"tags":[],"class_list":["post-112822","post","type-post","status-publish","format-standard","has-post-thumbnail","hentry","category-evidenza-top","category-news-18","category-51","category-49","description-off"],"img_url":"https:\/\/www.radiopiu.net\/wordpress\/wp-content\/uploads\/2018\/06\/Roccon-Franco.jpg","_links":{"self":[{"href":"https:\/\/www.radiopiu.net\/wordpress\/wp-json\/wp\/v2\/posts\/112822","targetHints":{"allow":["GET"]}}],"collection":[{"href":"https:\/\/www.radiopiu.net\/wordpress\/wp-json\/wp\/v2\/posts"}],"about":[{"href":"https:\/\/www.radiopiu.net\/wordpress\/wp-json\/wp\/v2\/types\/post"}],"author":[{"embeddable":true,"href":"https:\/\/www.radiopiu.net\/wordpress\/wp-json\/wp\/v2\/users\/1"}],"replies":[{"embeddable":true,"href":"https:\/\/www.radiopiu.net\/wordpress\/wp-json\/wp\/v2\/comments?post=112822"}],"version-history":[{"count":0,"href":"https:\/\/www.radiopiu.net\/wordpress\/wp-json\/wp\/v2\/posts\/112822\/revisions"}],"wp:featuredmedia":[{"embeddable":true,"href":"https:\/\/www.radiopiu.net\/wordpress\/wp-json\/wp\/v2\/media\/52102"}],"wp:attachment":[{"href":"https:\/\/www.radiopiu.net\/wordpress\/wp-json\/wp\/v2\/media?parent=112822"}],"wp:term":[{"taxonomy":"category","embeddable":true,"href":"https:\/\/www.radiopiu.net\/wordpress\/wp-json\/wp\/v2\/categories?post=112822"},{"taxonomy":"post_tag","embeddable":true,"href":"https:\/\/www.radiopiu.net\/wordpress\/wp-json\/wp\/v2\/tags?post=112822"}],"curies":[{"name":"wp","href":"https:\/\/api.w.org\/{rel}","templated":true}]}}