{"id":112828,"date":"2020-01-13T05:23:37","date_gmt":"2020-01-13T04:23:37","guid":{"rendered":"https:\/\/www.radiopiu.net\/wordpress\/?p=112828"},"modified":"2020-01-13T05:23:37","modified_gmt":"2020-01-13T04:23:37","slug":"comprensivo-di-cencenighe-la-parola-ai-collaboratori-scolastici-sul-servizio-mensa","status":"publish","type":"post","link":"https:\/\/www.radiopiu.net\/wordpress\/comprensivo-di-cencenighe-la-parola-ai-collaboratori-scolastici-sul-servizio-mensa\/","title":{"rendered":"COMPRENSIVO DI CENCENIGHE, LA PAROLA AI COLLABORATORI SCOLASTICI SUL SERVIZIO MENSA"},"content":{"rendered":"<h2><span style=\"color: #ff0000;\">LA LETTERA, DILLO A RADIOPIU&#8217;<\/span><\/h2>\n<blockquote><p><em><a class=\"dt-pswp-item\" href=\"https:\/\/www.radiopiu.net\/wordpress\/wp-content\/uploads\/2016\/01\/CENCENIGHE.jpg\" data-dt-img-description=\"\" data-large_image_width=\"600\" data-large_image_height=\"600\"><img loading=\"lazy\" decoding=\"async\" class=\"wp-image-15461 alignleft\" src=\"https:\/\/www.radiopiu.net\/wordpress\/wp-content\/uploads\/2016\/01\/CENCENIGHE-300x300.jpg\" alt=\"\" width=\"192\" height=\"192\" \/><\/a>Siamo i collaboratori scolastici a tempo indeterminato dell&#8217;Istituto Comprensivo di Cencenighe Agordino, vorremmo spendere due parole per un chiarimento sulla questione &#8220;mensa scolastica&#8221;, riportata recentemente all&#8217;attenzione dal Sindaco del Comune di Cencenighe Agordino. Come detto da lui stesso, il servizio mensa NON fa parte del mansionario del collaboratore scolastico (vedi contratto nazionale), ma \u00e8 un servizio a carico del Comune. Noi questo servizio lo abbiamo svolto per quasi un ventennio, percependo un piccolissimo salario accessorio, con la cos\u00ec detta funzione mista (una collaborazione tra scuola e Comune se si trova un accordo). Per fare chiarezza , nessuno di noi si \u00e8 rifiutato come esposto da Soppelsa nel recente Consiglio Comunale e in una precedente intervista rilasciata a Radiopi\u00f9, di svolgere questa mansione, ma come detto, abbiamo semplicemente smesso di dare la nostra disponibilit\u00e0 a svolgere tale servizio che NON ci compete. Per puntualizzare, il servizio mensa non si esaurisce con il solo scodellamento del cibo ,ma precedentemente serve preparare la sala, apparecchiare tavoli, condire il cibo fornito dal catering quindi servire il pranzo, lavare teglie e tavoli, questo per due volte visto che il servizio mensa si svolge su due turni, finendo il tutto con la pulizia della sala da pranzo. Dalle parole del Sindaco sembra si tratti di un lavoretto di poco conto ma cos\u00ec non \u00e8. Si fa inoltre presente che nelle scuole dell&#8217;infanzia dei Comuni di Falcade, Vallada e San Tomaso il servizio mensa \u00e8 sempre stato gestito autonomamente dai Comuni con personale proprio. Crediamo sia doveroso questo chiarimento, onde evitare che l&#8217;opinione pubblica si faccia un&#8217;idea di molto errata di noi collaboratori scolastici, che quotidianamente ci impegnamo nel nostro lavoro, stante la continua diminuzione annuale di detto personale, con i servizi ed i plessi scolastici che comunque rimangono invariati e svolgendo da sempre anche compiti che esulano dal nostro mansionario.<\/em><\/p><\/blockquote>\n<p>&nbsp;<\/p>\n<p><strong>L&#8217;INTERVENTO DEL SINDACO MAURO SOPPELSA DAL NOTIZIARIO DEL 3 DICEMBRE\u00a0<\/strong><\/p>\n<audio class=\"wp-audio-shortcode\" id=\"audio-112828-1\" preload=\"none\" style=\"width: 100%;\" controls=\"controls\"><source type=\"audio\/mpeg\" src=\"https:\/\/www.radiopiu.net\/wordpress\/wp-content\/uploads\/2020\/01\/mauroooo-1.mp3?_=1\" \/><a href=\"https:\/\/www.radiopiu.net\/wordpress\/wp-content\/uploads\/2020\/01\/mauroooo-1.mp3\">https:\/\/www.radiopiu.net\/wordpress\/wp-content\/uploads\/2020\/01\/mauroooo-1.mp3<\/a><\/audio>\n<blockquote><p>&nbsp;<\/p><\/blockquote>\n<p>&nbsp;<\/p>\n","protected":false},"excerpt":{"rendered":"<p>LA LETTERA, DILLO A RADIOPIU&#8217; Siamo i collaboratori scolastici a tempo indeterminato dell&#8217;Istituto Comprensivo di Cencenighe Agordino, vorremmo spendere due parole per un chiarimento sulla questione &#8220;mensa scolastica&#8221;, riportata recentemente all&#8217;attenzione dal Sindaco del Comune di Cencenighe Agordino. Come detto da lui stesso, il servizio mensa NON fa parte del mansionario del collaboratore scolastico (vedi&hellip;<\/p>\n","protected":false},"author":1,"featured_media":0,"comment_status":"closed","ping_status":"closed","sticky":false,"template":"","format":"standard","meta":{"_monsterinsights_skip_tracking":false,"_monsterinsights_sitenote_active":false,"_monsterinsights_sitenote_note":"","_monsterinsights_sitenote_category":0,"footnotes":""},"categories":[51,49],"tags":[],"class_list":["post-112828","post","type-post","status-publish","format-standard","hentry","category-evidenza-top","category-news-18","category-51","category-49","description-off"],"img_url":false,"_links":{"self":[{"href":"https:\/\/www.radiopiu.net\/wordpress\/wp-json\/wp\/v2\/posts\/112828","targetHints":{"allow":["GET"]}}],"collection":[{"href":"https:\/\/www.radiopiu.net\/wordpress\/wp-json\/wp\/v2\/posts"}],"about":[{"href":"https:\/\/www.radiopiu.net\/wordpress\/wp-json\/wp\/v2\/types\/post"}],"author":[{"embeddable":true,"href":"https:\/\/www.radiopiu.net\/wordpress\/wp-json\/wp\/v2\/users\/1"}],"replies":[{"embeddable":true,"href":"https:\/\/www.radiopiu.net\/wordpress\/wp-json\/wp\/v2\/comments?post=112828"}],"version-history":[{"count":0,"href":"https:\/\/www.radiopiu.net\/wordpress\/wp-json\/wp\/v2\/posts\/112828\/revisions"}],"wp:attachment":[{"href":"https:\/\/www.radiopiu.net\/wordpress\/wp-json\/wp\/v2\/media?parent=112828"}],"wp:term":[{"taxonomy":"category","embeddable":true,"href":"https:\/\/www.radiopiu.net\/wordpress\/wp-json\/wp\/v2\/categories?post=112828"},{"taxonomy":"post_tag","embeddable":true,"href":"https:\/\/www.radiopiu.net\/wordpress\/wp-json\/wp\/v2\/tags?post=112828"}],"curies":[{"name":"wp","href":"https:\/\/api.w.org\/{rel}","templated":true}]}}