{"id":112885,"date":"2020-01-14T05:32:01","date_gmt":"2020-01-14T04:32:01","guid":{"rendered":"https:\/\/www.radiopiu.net\/wordpress\/?p=112885"},"modified":"2020-01-14T13:04:13","modified_gmt":"2020-01-14T12:04:13","slug":"giornale-radiopiu-14-gennaio-2020-direttore-mirko-mezzacasa","status":"publish","type":"post","link":"https:\/\/www.radiopiu.net\/wordpress\/giornale-radiopiu-14-gennaio-2020-direttore-mirko-mezzacasa\/","title":{"rendered":"GIORNALE RADIOPIU 14 GENNAIO 2020 DIRETTORE MIRKO MEZZACASA"},"content":{"rendered":"<p>&nbsp;<\/p>\n<h3>ACQUA INQUINATA A LA VALLE<\/h3>\n<p><span style=\"color: #800000;\"><span style=\"color: #000000;\"><strong>LA VALLE AGORDINA<\/strong><\/span> nelle LOCALITA&#8217; RONCHE, RONCHET, NOACH, LE CAMPE e CANCELLADE l&#8217;acqua erogata dall&#8217;acquedotto non \u00e8 potabile e pu\u00f2 essere usata per scopi alimentari SOLO PREVIA bollitura. GSP ha, comunque, gi\u00e0 adottato le necessarie misure per la disinfezione dell&#8217;acqua presente nei serbatoi <span style=\"font-family: Arial, sans-serif;\"><a class=\"dt-pswp-item\" href=\"https:\/\/www.radiopiu.net\/wordpress\/wp-content\/uploads\/2015\/06\/bimgsp.jpg\" data-dt-img-description=\"\" data-large_image_width=\"300\" data-large_image_height=\"168\"><img loading=\"lazy\" decoding=\"async\" class=\" wp-image-6703 alignleft\" src=\"https:\/\/www.radiopiu.net\/wordpress\/wp-content\/uploads\/2015\/06\/bimgsp-300x168.jpg\" alt=\"\" width=\"130\" height=\"73\" \/><\/a><\/span>e nella rete idrica con l&#8217;aggiunta di cloro. Ulteriori informazioni saranno fornite nei prossimi giorni<\/span><\/p>\n<p>&nbsp;<\/p>\n<p>&nbsp;<\/p>\n<p>&nbsp;<\/p>\n<p>&nbsp;<\/p>\n<p><strong>PROVINCIALE 563 DI SALESEI, LIVINALLONGO DEL COL DI LANA<\/strong> DAL 13 GENNAIO AL 24 (ESCLUSI SABATO E DOMENICA) dalle 9 alle 17 interdizione totale al traffico, nei rimanenti periodi senso unico alternato per taglio alberi in localit\u00e0 Pian di Salesei e Salesei<\/p>\n<p><strong>REGIONALE 203 AGORDINA, LA MUDA COMUNE DI LA VALLE AGORDINA<\/strong>, FINO AL 31 MARZO SENSO UNICO ALTERNATO REGOLATO DA SEMAFORO O MOVIERI, ESCLUSI SABATO E DOMENICA &#8211; FESTIVI E PREFESTIVI.<\/p>\n<p>&nbsp;<\/p>\n<p>&nbsp;<\/p>\n<p>&nbsp;<\/p>\n<h3>HANNO RUBATO 4000 EURO AGLI ALPINI&#8230;<\/h3>\n<p><strong><img loading=\"lazy\" decoding=\"async\" class=\"alignleft\" src=\"https:\/\/www.radiopiu.net\/wordpress\/wp-content\/uploads\/2018\/10\/ana-alpini.png\" width=\"91\" height=\"91\" \/>FELTRE<\/strong> Ancora furti a feltre, di quelli che fanno pi\u00f9 male perch\u00e9 \u00e8 stata colpita un&#8217;associazione di volontariato che al territorio ed alla sua gente ha fatto solo del bene, parliamo degli alpini in congedo della sezione di via Mezzaterra. Ignoti si sono introdotti all&#8217;interno della sede e hanno rubato 4000 euro da una cassetta metallica. Non ci sarebbero segni di effrazione, indagano i Carabinieri<\/p>\n<p>&nbsp;<\/p>\n<p>&nbsp;<\/p>\n<p>&nbsp;<\/p>\n<p>&nbsp;<\/p>\n<p>&nbsp;<\/p>\n<h3>VIOLENZE TRA LE MURA DOMESTICHE, CONDANNATO<\/h3>\n<p><strong>BELLUNO <\/strong>Un napoletano 32enne di Castellamare di Stabia \u00e8 stato condannato a 2 anni di reclusione con l&#8217;accusa di maltrattamenti in famiglia. Lo ha denunciato una 23enne agordina stufa di sentirsi minacciare quasi quotidianamente. L&#8217;uomo dovr\u00e0 risarcire la vittima con 4 mila euro. Per il difensore si trattava di litigi occasionali, non dello stesso parere il giudice Angela Feletto che ha optato per la strada della condanna.<\/p>\n<p>&nbsp;<\/p>\n<p>&nbsp;<\/p>\n<h3><\/h3>\n<h3>DORMIVA IN AUTO,\u00a0 CONDANNATO PER GUIDA IN STATO DI EBBREZZA<\/h3>\n<p><strong>LONGARONE<\/strong> Un bellunese residente ad Erto Casso \u00e8 stato condannato a sei mesi di arresto e 2 mila euro di multa, la patente \u00e8 invece stata sospesa per un anno. L&#8217;uomo aveva accostato l&#8217;auto lungo la 51 di Alemagna e si era messo a dormire, fino all&#8217;arrivo dei Carabinieri ai quali anzich\u00e9 porgere la patente ha offerto caramelle e telefono senza spegnere l&#8217;auto. Erano le 5 del mattino quando l&#8217;uomo \u00e8 stato svegliato, 1,74 il responso dell&#8217;alcooltest, di qui il decreto di condanna a 7750 euro rifiutato dall&#8217;ertano che ha preferito il processo. Il pubblico Ministero aveva chiesto 10 mesi e 3 mila euro di multa, il difensore si \u00e8 battuto\u00a0 per l&#8217;assoluzione e ora \u00e8 pronto per l&#8217;appello.<\/p>\n<p>&nbsp;<\/p>\n<p>&nbsp;<\/p>\n<p>&nbsp;<\/p>\n<h3>INCIDENTE AD ARABBA SI E&#8217; TEMUTO IL PEGGIO PER LA BIMBA<\/h3>\n<p><strong>LIVINALLONGO<\/strong> Una bambina di 8 anni di nazionalit\u00e0 russa \u00e8 caduta in pista a Passo Campolongo, \u00e8 stata portata all&#8217;ospedale San Martino e qui trattenuta in osservazione. Si \u00e8 trattato di una caduta autonoma, la bimba si \u00e8 procurata traumi alla colonna dorsale e trauma cranico, non \u00e8 in pericolo di vita. Una 17enne \u00e8 invece caduta sulla pista Carpazza sempre ad Arabba, per lei solo tanta paura e una visita all&#8217;ospedale da dove \u00e8 gi\u00e0 stata dimessa.<\/p>\n<h3><\/h3>\n<p>&nbsp;<\/p>\n<p>&nbsp;<\/p>\n<h3>DI NUOVO IL LUPO, BANCHETTO TRA LE MURA DELLA STALLA<\/h3>\n<p><strong>PONTE NELLE ALPI<\/strong>\u00a0 Il lupo ha colpito di nuovo, ha scelto una stalla a Canevoi in pieno centro abitato. L&#8217;altro notte la predazione in un&#8217;azienda dove si contano i danni per le due pecore sbranate. \u00a0Il sindaco Paolo Vendramini chiede un intervento concreto contro il problema-lupo da parte di Provincia e Regione.<\/p>\n<p>&nbsp;<\/p>\n<p>&nbsp;<\/p>\n<p>&nbsp;<\/p>\n<p>&nbsp;<\/p>\n<h3>LIEVE APPENA PERCETTIBILE MA PUR SEMPRE UNA SCOSSA<\/h3>\n<p><strong>PORDENONE<\/strong> Al confine tra Friuli e Veneto la terra continua a tremare. Ieri una lievissima scossa magnitudo 1,6 nel pordenonese<\/p>\n<p><a class=\"dt-pswp-item\" href=\"https:\/\/www.radiopiu.net\/wordpress\/wp-content\/uploads\/2020\/01\/67cc745b-ad27-4d99-8db4-c35b1b2840ce.jpg\" data-dt-img-description=\"\" data-large_image_width=\"720\" data-large_image_height=\"275\"><img loading=\"lazy\" decoding=\"async\" class=\"alignnone size-medium wp-image-112963\" src=\"https:\/\/www.radiopiu.net\/wordpress\/wp-content\/uploads\/2020\/01\/67cc745b-ad27-4d99-8db4-c35b1b2840ce-300x115.jpg\" alt=\"\" width=\"300\" height=\"115\" srcset=\"https:\/\/www.radiopiu.net\/wordpress\/wp-content\/uploads\/2020\/01\/67cc745b-ad27-4d99-8db4-c35b1b2840ce-300x115.jpg 300w, https:\/\/www.radiopiu.net\/wordpress\/wp-content\/uploads\/2020\/01\/67cc745b-ad27-4d99-8db4-c35b1b2840ce.jpg 720w\" sizes=\"auto, (max-width: 300px) 100vw, 300px\" \/><\/a><\/p>\n<p>&nbsp;<\/p>\n<p>&nbsp;<\/p>\n<p>&nbsp;<\/p>\n<h3>SICUREZZA STRADALE: AL VIA UNA SERIE DI INIZIATIVE PER RENDERE PIU\u2019 SICURA LA CIRCOLAZIONE LUNGO LE STRADE BELLUNESI<\/h3>\n<p><strong><a class=\"dt-pswp-item\" href=\"https:\/\/www.radiopiu.net\/wordpress\/wp-content\/uploads\/2019\/05\/incidente-levego.jpg\" data-dt-img-description=\"\" data-large_image_width=\"1280\" data-large_image_height=\"960\"><img loading=\"lazy\" decoding=\"async\" class=\"size-medium wp-image-85747 alignleft\" src=\"https:\/\/www.radiopiu.net\/wordpress\/wp-content\/uploads\/2019\/05\/incidente-levego-300x225.jpg\" alt=\"\" width=\"300\" height=\"225\" srcset=\"https:\/\/www.radiopiu.net\/wordpress\/wp-content\/uploads\/2019\/05\/incidente-levego-300x225.jpg 300w, https:\/\/www.radiopiu.net\/wordpress\/wp-content\/uploads\/2019\/05\/incidente-levego-768x576.jpg 768w, https:\/\/www.radiopiu.net\/wordpress\/wp-content\/uploads\/2019\/05\/incidente-levego-1024x768.jpg 1024w, https:\/\/www.radiopiu.net\/wordpress\/wp-content\/uploads\/2019\/05\/incidente-levego.jpg 1280w\" sizes=\"auto, (max-width: 300px) 100vw, 300px\" \/><\/a>BELLUNO<\/strong>\u00a0 \u00a0Incidenti in leggero calo nel bellunese ma attenzione massima al fenomeno da parte di tutte le Istituzioni coinvolte: \u00e8 questo l\u2019esito del tavolo presieduto oggi, a Palazzo dei Rettori, dal Prefetto, Adriana Cogode, nell\u2019ambito dell\u2019Osservatorio Provinciale sull\u2019incidentalit\u00e0 stradale, con la partecipazione del Sindaco di Belluno, Jacopo Massaro, del Consigliere Provinciale, Massimo Bortoluzzi, dei rappresentanti delle Forze di Polizia, dei Vigili del Fuoco, della Motorizzazione Civile, dell\u2019Ufficio Scolastico Territoriale, di Anas e Veneto Strade. In particolare, sono stati esaminati i dati sull\u2019incidentalit\u00e0 in provincia che, nel 1^ semestre 2019, hanno registrato un calo dei sinistri \u2013 rispetto allo stesso periodo del 2018 \u2013 pari al 21,6% (174 incidenti rispetto ai 222 del primo semestre 2018) cui \u00e8 corrisposta una diminuzione del numero dei morti e dei feriti (in calo, rispettivamente del 40% e 18,7%). Analogo trend si rileva anche per il secondo semestre dello scorso anno, sebbene la rilevazione statistica debba ancora essere validata. \u00a0A fronte del dato positivo relativo ai sinistri, il 2019 ha segnato un deciso aumento del numero delle sospensioni e revoche di patenti disposte dalla Prefettura a seguito di violazioni del codice della strada, passate dalle 477 del 2018 (425 sospensioni e 52 revoche) alle 638 del 2019 (572 sospensioni e 66 revoche). La violazione pi\u00f9 ricorrente \u00e8 stata quella relativa alla guida in stato di ebbrezza (213 casi nel 2018, 274 nel 2019). Sulla base dell\u2019analisi condotta durante la riunione, i presenti hanno concordato sull\u2019esigenza di individuare un sistema di interventi e di azioni integrate e coordinate volte a migliorare e incrementare la prevenzione e il controllo lungo la viabilit\u00e0 bellunese, tenuto anche conto della recente direttiva del Ministro dell\u2019Interno in materia.\u00a0 In questo contesto, il Prefetto ha proposto a tutti i presenti, che hanno manifestato la propria disponibilit\u00e0, la definizione di una specifica intesa avente le seguenti finalit\u00e0:\u00a0 sensibilizzare la comunit\u00e0 bellunese, e in particolare le giovani generazioni, sul tema della sicurezza stradale e sull\u2019importanza di tenere comportamenti corretti alla guida;\u00a0 consolidare la partecipazione stabile di pi\u00f9 amministrazioni e di organismi privati alla definizione ed all\u2019attuazione di progetti multisettoriali di prevenzione e contrasto del fenomeno della incidentalit\u00e0 stradale;\u00a0 organizzare iniziative ed attivit\u00e0 di prevenzione, anche attraverso campagne di comunicazione, per prevenire il fenomeno della guida in stato di ebbrezza o sotto l\u2019effetto di sostanze stupefacenti;\u00a0 rafforzare l\u2019attivit\u00e0 coordinata di controllo da parte di tutti i soggetti aventi compiti di polizia stradale; \u00a0 operare una mappatura della viabilit\u00e0 provinciale al fine di individuarne i punti pi\u00f9 critici, specie per gli utenti della strada pi\u00f9 \u201cdeboli\u201d (ad esempio: pedoni e ciclisti);\u00a0 avviare il monitoraggio degli incidenti stradali che avvengono in orario di lavoro, con particolare riferimento alle attivit\u00e0 di autotrasporto, al fine di verificare l\u2019esistenza di eventuali correlazioni tra incidentalit\u00e0 e mancato rispetto di norme attinenti alla circolazione stradale o alla sicurezza del lavoratore; sensibilizzare adeguatamente le organizzazioni datoriali di settore affinch\u00e8 vengano intensificati le attivit\u00e0 di informazione e formazione delle maestranze;creare un sistema di raccolta ed elaborazione dati ad uso comune L\u2019intesa, che sar\u00e0 formalizzata a breve, sar\u00e0 aperta alla partecipazione di tutti gli altri attori istituzionali a vario titolo interessati dalla problematica, anche sulla base delle esigenze che dovessero manifestarsi nell\u2019ambito dei lavori dell\u2019Osservatorio provinciale che proseguir\u00e0 nella propria azione di monitoraggio.<\/p>\n<p>&nbsp;<\/p>\n<p>&nbsp;<\/p>\n<p>&nbsp;<\/p>\n<h3>VINCOLI COMELICO \u2013 BERTON: \u00abBENE I RICORSI DELLA REGIONE, UNICA SOLUZIONE AL FALLIMENTO DELLA VIA POLITICA\u00bb<\/h3>\n<p><strong><a class=\"dt-pswp-item\" href=\"https:\/\/www.radiopiu.net\/wordpress\/wp-content\/uploads\/2020\/01\/Lorraine_Berton.jpg\" data-dt-img-description=\"\" data-large_image_width=\"767\" data-large_image_height=\"768\"><img loading=\"lazy\" decoding=\"async\" class=\"wp-image-112912 alignleft\" src=\"https:\/\/www.radiopiu.net\/wordpress\/wp-content\/uploads\/2020\/01\/Lorraine_Berton-300x300.jpg\" alt=\"\" width=\"147\" height=\"147\" srcset=\"https:\/\/www.radiopiu.net\/wordpress\/wp-content\/uploads\/2020\/01\/Lorraine_Berton-300x300.jpg 300w, https:\/\/www.radiopiu.net\/wordpress\/wp-content\/uploads\/2020\/01\/Lorraine_Berton-150x150.jpg 150w, https:\/\/www.radiopiu.net\/wordpress\/wp-content\/uploads\/2020\/01\/Lorraine_Berton.jpg 767w\" sizes=\"auto, (max-width: 147px) 100vw, 147px\" \/><\/a>BELLUNO<\/strong>\u00a0 <em>\u00abBene fa la Regione a porre la questione dei vincoli sul Comelico anche dal punto di vista costituzionale e non solo amministrativo. Su questo fronte va perseguita ogni strada di fronte al fallimento della via politica\u00bb.<\/em> A dirlo, commentando le azioni annunciate dal governatore del Veneto Luca Zaia, \u00e8 la presidente di Confindustria Belluno Dolomiti Lorraine Berton. <em>\u00ab\u00c8 amaro doverlo ammettere, ma un intero territorio \u00e8 rimasto inascoltato, nonostante tutti i livelli istituzionali, la stragrande maggioranza dei residenti, le categorie abbiano dimostrato unione di intenti e compattezza come raramente avviene\u00bb. \u00abIn ogni caso, bisogna continuare a insistere\u00bb<\/em>, rimarca Berton<em>, \u00absollevando la questione in ogni Tavolo, in ogni sede istituzionale e politica. Dal canto mio, porter\u00f2 la questione Comelico il 28 gennaio prossimo in occasione dell\u2019Assemblea generale di Confindustria. Se vogliamo parlare di Olimpiadi e rilancio della provincia, ogni angolo di questo territorio deve avere opportunit\u00e0 di crescita e di sviluppo. In questo momento, il Comelico \u00e8 tra i territori pi\u00f9 fragili e va sostenuto con ogni mezzo\u00bb.<\/em><\/p>\n<p>&nbsp;<\/p>\n<p>&nbsp;<\/p>\n<p>&nbsp;<\/p>\n<p>&nbsp;<\/p>\n<h3>PARCO GIOCHI DI FALCADE VERSO L&#8217;APPALTO, MA NON PER CAVIOLA<\/h3>\n<div dir=\"auto\"><strong><a class=\"dt-pswp-item\" href=\"https:\/\/www.radiopiu.net\/wordpress\/wp-content\/uploads\/2020\/01\/download.jpg\" data-dt-img-description=\"\" data-large_image_width=\"259\" data-large_image_height=\"194\"><img loading=\"lazy\" decoding=\"async\" class=\"size-full wp-image-112783 alignleft\" src=\"https:\/\/www.radiopiu.net\/wordpress\/wp-content\/uploads\/2020\/01\/download.jpg\" alt=\"\" width=\"259\" height=\"194\" \/><\/a><\/strong><\/div>\n<div dir=\"auto\"><\/div>\n<div dir=\"auto\"><\/div>\n<div dir=\"auto\"><\/div>\n<div dir=\"auto\"><\/div>\n<div dir=\"auto\"><\/div>\n<div dir=\"auto\"><strong>FALCADE<\/strong><\/div>\n<div dir=\"auto\"><\/div>\n<div dir=\"auto\"><\/div>\n<div dir=\"auto\"><\/div>\n<div dir=\"auto\"><\/div>\n<div dir=\"auto\"><strong>DI GIANNI SANTOMASO\u00a0<\/strong><\/div>\n<div dir=\"auto\">\n<audio class=\"wp-audio-shortcode\" id=\"audio-112885-1\" preload=\"none\" style=\"width: 100%;\" controls=\"controls\"><source type=\"audio\/mpeg\" src=\"https:\/\/www.radiopiu.net\/wordpress\/wp-content\/uploads\/2020\/01\/gianni-falcade.mp3?_=1\" \/><a href=\"https:\/\/www.radiopiu.net\/wordpress\/wp-content\/uploads\/2020\/01\/gianni-falcade.mp3\">https:\/\/www.radiopiu.net\/wordpress\/wp-content\/uploads\/2020\/01\/gianni-falcade.mp3<\/a><\/audio>\n<\/div>\n<div dir=\"auto\"><\/div>\n<p>&nbsp;<\/p>\n<p>&nbsp;<\/p>\n<p>&nbsp;<\/p>\n<h3>30 MILA EURO CONTRO LO SPOPOLAMENTO, BONUS BEBE&#8217; E SISTEMAZIONE DELLE STRUTTURE SPORTIVE<\/h3>\n<p><strong><a class=\"dt-pswp-item\" href=\"https:\/\/www.radiopiu.net\/wordpress\/wp-content\/uploads\/2020\/01\/download-1.jpg\" data-dt-img-description=\"\" data-large_image_width=\"259\" data-large_image_height=\"194\"><img loading=\"lazy\" decoding=\"async\" class=\" wp-image-112909 alignleft\" src=\"https:\/\/www.radiopiu.net\/wordpress\/wp-content\/uploads\/2020\/01\/download-1.jpg\" alt=\"\" width=\"180\" height=\"135\" \/><\/a>CALALZO<\/strong> \u201cNuovi nati e impianti sportivi: anche cos\u00ec vogliamo combattere lo spopolamento\u201d: questo lo spirito del sindaco di Calalzo, Luca De Carlo, che con la sua giunta comunale ha deliberato nei giorni scorsi il Bonus beb\u00e8 per i nuovi nati nel 2019 e un rimborso per i lavori di sistemazione al campo sportivo, per una somma che sfiora i 30mila euro. 4.640 euro saranno destinati al Bonus beb\u00e8 2019 per i 16 nuovi nati nello scorso anno che risiedono nel territorio comunale,\u00a0 contributo di 290 euro ad ogni famiglia.\u00a0 Pi\u00f9 sostanzioso, 24mila euro, il contributo concesso alla societ\u00e0 sportiva FC Cadore 1919 per interventi di manutenzione ordinaria e straordinaria al magazzino e ai bagni dell&#8217;impianto sportivo comunale \u201cAgostino Lozza\u201d, in concessione alla societ\u00e0 sportiva fino al 2025. I lavori saranno eseguiti dal FC Cadore 1919 e rimborsati dal Comune di Calalzo di Cadore dietro presentazione di documentazione giustificativa.<\/p>\n<blockquote><p><em>\u201cSe vogliamo mantenere la gente in montagna, bisogna offrire loro opportunit\u00e0 e servizi\u201d, conclude De Carlo. \u201cCome piccolo comune, pensiamo che dare un sostegno alle famiglie in occasione di una nascita e mantenere attivo e funzionale un impianto sportivo siano due strumenti utili per trattenere i pi\u00f9 giovani in montagna&#8221;.<\/em><\/p><\/blockquote>\n<p>&nbsp;<\/p>\n<p>&nbsp;<\/p>\n<p>&nbsp;<\/p>\n<p>&nbsp;<\/p>\n<p>&nbsp;<\/p>\n<p>&nbsp;<\/p>\n<h2>MUNICIPIO E PATTINAGGIO, VIA AI CANTIERI IN MUNICIPIO E ALLA PISTA DI PATTINAGGIO<\/h2>\n<p><a class=\"dt-pswp-item\" href=\"https:\/\/www.radiopiu.net\/wordpress\/wp-content\/uploads\/2019\/05\/SAN-TOMASO-MORENO-DE-VAL.jpeg\" data-dt-img-description=\"\" data-large_image_width=\"320\" data-large_image_height=\"320\"><img loading=\"lazy\" decoding=\"async\" class=\"wp-image-86478 alignleft\" src=\"https:\/\/www.radiopiu.net\/wordpress\/wp-content\/uploads\/2019\/05\/SAN-TOMASO-MORENO-DE-VAL-300x300.jpeg\" alt=\"\" width=\"205\" height=\"205\" srcset=\"https:\/\/www.radiopiu.net\/wordpress\/wp-content\/uploads\/2019\/05\/SAN-TOMASO-MORENO-DE-VAL-300x300.jpeg 300w, https:\/\/www.radiopiu.net\/wordpress\/wp-content\/uploads\/2019\/05\/SAN-TOMASO-MORENO-DE-VAL-150x150.jpeg 150w, https:\/\/www.radiopiu.net\/wordpress\/wp-content\/uploads\/2019\/05\/SAN-TOMASO-MORENO-DE-VAL.jpeg 320w\" sizes=\"auto, (max-width: 205px) 100vw, 205px\" \/><\/a><\/p>\n<p>&nbsp;<\/p>\n<p>&nbsp;<\/p>\n<p>&nbsp;<\/p>\n<p>&nbsp;<\/p>\n<p>&nbsp;<\/p>\n<p>&nbsp;<\/p>\n<p>&nbsp;<\/p>\n<p>SAN TOMASO<\/p>\n<p><strong>DI GIANNI SANTOMASO<\/strong><\/p>\n<audio class=\"wp-audio-shortcode\" id=\"audio-112885-2\" preload=\"none\" style=\"width: 100%;\" controls=\"controls\"><source type=\"audio\/mpeg\" src=\"https:\/\/www.radiopiu.net\/wordpress\/wp-content\/uploads\/2020\/01\/SANTOMASO.mp3?_=2\" \/><a href=\"https:\/\/www.radiopiu.net\/wordpress\/wp-content\/uploads\/2020\/01\/SANTOMASO.mp3\">https:\/\/www.radiopiu.net\/wordpress\/wp-content\/uploads\/2020\/01\/SANTOMASO.mp3<\/a><\/audio>\n<p>&nbsp;<\/p>\n<p>&nbsp;<\/p>\n<p>&nbsp;<\/p>\n<p>&nbsp;<\/p>\n<h3>PISCINA E SPES ARENA, NUOVE ENERGIE PER UN RISPARMIO DI 5 MILA EURO<\/h3>\n<p><strong><a class=\"dt-pswp-item\" href=\"https:\/\/www.radiopiu.net\/wordpress\/wp-content\/uploads\/2018\/08\/Portacicche-Piscina.jpeg\" data-dt-img-description=\"\" data-large_image_width=\"945\" data-large_image_height=\"1260\"><img loading=\"lazy\" decoding=\"async\" class=\" wp-image-56134 alignleft\" src=\"https:\/\/www.radiopiu.net\/wordpress\/wp-content\/uploads\/2018\/08\/Portacicche-Piscina-225x300.jpeg\" alt=\"\" width=\"104\" height=\"138\" srcset=\"https:\/\/www.radiopiu.net\/wordpress\/wp-content\/uploads\/2018\/08\/Portacicche-Piscina-225x300.jpeg 225w, https:\/\/www.radiopiu.net\/wordpress\/wp-content\/uploads\/2018\/08\/Portacicche-Piscina-768x1024.jpeg 768w, https:\/\/www.radiopiu.net\/wordpress\/wp-content\/uploads\/2018\/08\/Portacicche-Piscina.jpeg 945w\" sizes=\"auto, (max-width: 104px) 100vw, 104px\" \/><\/a>BELLUNO<\/strong> Nuovi impianti energetici, pi\u00f9 sostenibili e che consentono importanti risparmi economici, alla piscina e alla Spes Arena: diversi gli interventi, pi\u00f9 o meno visibili, che a fronte di un investimento di circa 230mila euro hanno gi\u00e0 iniziato a portare i primi risparmi. <strong>Caldaia a condensazione <\/strong>Il primo intervento, e il pi\u00f9 \u201cvisibile\u201d, \u00e8 certamente l&#8217;installazione della caldaia a condensazione in piscina, che \u00e8 andata a sostituire quella precedente a metano. Non \u00e8 infatti sfuggita ai passanti e agli utenti della piscina la colonna di fumo che, soprattutto nelle giornate pi\u00f9 fredde, nelle ore di attivit\u00e0 si vede levarsi dall&#8217;impianto:\u00a0 non si tratta di fumo da combustione, ma di semplice vapore acqueo. La nuova caldaia, oltre a ridurre notevolmente le emissioni in atmosfera, ha gi\u00e0 portato importanti risparmi economici legati al ridotto consumo di gas metano sono stati risparmiati oltre 14mila metri cubi di gas, pari a circa 5mila euro totali nei cinque mesi di attivit\u00e0. <strong>Pannelli solari alla Spes Arena <\/strong>Altro intervento importante \u00e8 stata l&#8217;installazione di pannelli solari sula terrazza della Spes Arena: questo impianto consentir\u00e0 alla struttura di essere autonoma durante tutti i mesi estivi.<\/p>\n\n\t\t\t<style type='text\/css'>\n\t\t\t\t#gallery-1 {\n\t\t\t\t\tmargin: auto;\n\t\t\t\t}\n\t\t\t\t#gallery-1 .gallery-item {\n\t\t\t\t\tfloat: left;\n\t\t\t\t\tmargin-top: 10px;\n\t\t\t\t\ttext-align: center;\n\t\t\t\t\twidth: 33%;\n\t\t\t\t}\n\t\t\t\t#gallery-1 img {\n\t\t\t\t\tborder: 2px solid #cfcfcf;\n\t\t\t\t}\n\t\t\t\t#gallery-1 .gallery-caption {\n\t\t\t\t\tmargin-left: 0;\n\t\t\t\t}\n\t\t\t\t\/* see gallery_shortcode() in wp-includes\/media.php *\/\n\t\t\t<\/style>\n\t\t<div id='gallery-1' class='dt-gallery-container gallery galleryid-112885 gallery-columns-3 gallery-size-thumbnail'><dl class='gallery-item'>\n\t\t\t\t<dt class='gallery-icon portrait'>\n\t\t\t\t\t<a class=\"rollover\" href='https:\/\/www.radiopiu.net\/wordpress\/piscina-e-spes-arena-nuove-energie-per-un-risparmio-di-5-mila-euro\/vapore-impianto-piscina-1\/'><img loading=\"lazy\" decoding=\"async\" width=\"150\" height=\"150\" src=\"https:\/\/www.radiopiu.net\/wordpress\/wp-content\/uploads\/2020\/01\/Vapore-impianto-piscina-1-150x150.jpeg\" class=\"attachment-thumbnail size-thumbnail\" alt=\"\" \/><\/a>\n\t\t\t\t<\/dt><\/dl><dl class='gallery-item'>\n\t\t\t\t<dt class='gallery-icon portrait'>\n\t\t\t\t\t<a class=\"rollover\" href='https:\/\/www.radiopiu.net\/wordpress\/piscina-e-spes-arena-nuove-energie-per-un-risparmio-di-5-mila-euro\/stanza-di-manovra-impianto-piscina\/'><img loading=\"lazy\" decoding=\"async\" width=\"150\" height=\"150\" src=\"https:\/\/www.radiopiu.net\/wordpress\/wp-content\/uploads\/2020\/01\/Stanza-di-manovra-impianto-piscina-150x150.jpeg\" class=\"attachment-thumbnail size-thumbnail\" alt=\"\" \/><\/a>\n\t\t\t\t<\/dt><\/dl><dl class='gallery-item'>\n\t\t\t\t<dt class='gallery-icon landscape'>\n\t\t\t\t\t<a class=\"rollover\" href='https:\/\/www.radiopiu.net\/wordpress\/piscina-e-spes-arena-nuove-energie-per-un-risparmio-di-5-mila-euro\/vapore-impianto-piscina-2\/'><img loading=\"lazy\" decoding=\"async\" width=\"150\" height=\"150\" src=\"https:\/\/www.radiopiu.net\/wordpress\/wp-content\/uploads\/2020\/01\/Vapore-impianto-piscina-2-150x150.jpeg\" class=\"attachment-thumbnail size-thumbnail\" alt=\"\" \/><\/a>\n\t\t\t\t<\/dt><\/dl><br style=\"clear: both\" \/>\n\t\t\t<\/div>\n\n<p>&nbsp;<\/p>\n<p>&nbsp;<\/p>\n<p>&nbsp;<\/p>\n<h3>LE PRECISAZIONI DELLA ULSS1 ALLE DICHIARAZIONI LETTE IERI SULLA STAMPA<\/h3>\n<p><strong>BELLUNO<\/strong><\/p>\n<p><strong><a class=\"dt-pswp-item\" href=\"https:\/\/www.radiopiu.net\/wordpress\/wp-content\/uploads\/2018\/06\/logo_Ulss1-Belluno.jpg\" data-dt-img-description=\"\" data-large_image_width=\"190\" data-large_image_height=\"190\"><img loading=\"lazy\" decoding=\"async\" class=\" wp-image-50742 alignleft\" src=\"https:\/\/www.radiopiu.net\/wordpress\/wp-content\/uploads\/2018\/06\/logo_Ulss1-Belluno.jpg\" alt=\"\" width=\"136\" height=\"136\" srcset=\"https:\/\/www.radiopiu.net\/wordpress\/wp-content\/uploads\/2018\/06\/logo_Ulss1-Belluno.jpg 190w, https:\/\/www.radiopiu.net\/wordpress\/wp-content\/uploads\/2018\/06\/logo_Ulss1-Belluno-150x150.jpg 150w\" sizes=\"auto, (max-width: 136px) 100vw, 136px\" \/><\/a>Ospedali di Comunit\u00e0 <\/strong>Le strutture intermedie sono in corso di attivazione, secondo un preciso cronoprogramma che si sta rispettando e che si concluder\u00e0 a dicembre 2020, compatibilmente con i lavori di ristrutturazione che interessano gli ospedali di Agordo e Lamon. Gli ospedali di Comunit\u00e0 di Auronzo, Alano e 4 posti letto ad Agordo sono gi\u00e0 attivi.\u00a0 <strong>Rispetto dei tempi di attesa <\/strong>\u00a0Secondo gli ultimi dati disponibili, aggiornati ad ottobre, l\u2019Ulss Dolomiti riesce ad offrire ai cittadini un appuntamento per le prestazioni richieste in classe B (10 giorni) e in classe D (30 giorni. Il CUP \u00e8 sempre impegnato per venire incontro alle esigenze, anche geografiche, dei singoli assistiti.\u00a0 La libera professione viene svolta dai medici fuori orario di servizio, in via residuale e con canali di accesso distinti da quelli istituzionali. <strong>Ospedale di Cortina e posti letto <\/strong>Le decisioni riguardanti la gestione dell\u2019Ospedale di Cortina derivano da precise e ponderate scelte programmatorie adottate dalla regione Veneto. La sperimentazione avviata nel 2002 ha dato un esito chiaro: non \u00e8 sostenibile una gestione pubblica di una struttura di quel tipo a Cortina.\u00a0 <strong>Carenza di medici <\/strong><em>\u00a0\u00abQuesta Direzione usa ed user\u00e0 ogni strumento lecito e possibile per garantire i servizi sanitari presenti in tutti e 5 gli ospedali della provincia. L\u2019ANAAO propone, ed \u00e8 una richiesta irricevibile in quanto comporterebbe un taglio dei servizi ai cittadini, di ridimensionare gli ospedali nodi di rete ma non \u00e8 questa la volont\u00e0 della Regione Veneto e della Ulss Dolomiti\u00bb<\/em>, spiega il Direttore Generale Adriano Rasi Caldogno,<em> \u00abNon c\u2019\u00e8 nessuna intenzione di privatizzare, l\u2019investimento nella sanit\u00e0 pubblica \u00e8 concreto e assai rilevante\u00bb.<\/em><\/p>\n<p>&nbsp;<\/p>\n<p>&nbsp;<\/p>\n<p>&nbsp;<\/p>\n<p>&nbsp;<\/p>\n<h3>CONVENZIONE ULSS1 DOLOMITI-ASSOCIAZIONE MARGHERITA<\/h3>\n<p><strong>BELLUNO\u00a0<\/strong> E&#8217; stata adottata la deliberazione per procedere al rinnovo della Convenzione con l\u2019Associazione Fenice Margherita di Belluno per l\u2019anno 2020.\u00a0 Presso l\u2019ULSS 1 Dolomiti sono attivi &#8211; nei distretti di Belluno e Feltre &#8211; due Centri di 1\u00b0 livello, con il compito di effettuare la prima diagnosi, interventi psicoeducativi e di cura sia dal punto di vista alimentare che psicologico, di motivazione al trattamento in regime ambulatoriale. \u201cIl progetto del pasto assistito\u201d, avviato nell\u2019ULSS 1 con il supporto dell\u2019associazione Fenice Margherita \u00e8 stato ritenuto terapeutico,\u00a0 ha coinvolto una decina di ragazzi per un totale di 40 pasti. La Convenzione prevede che per il 2020 l\u2019Associazione dar\u00e0 disponibilit\u00e0 dello psicologo per il supporto del progetto, assumendosene l\u2019onere,\u00a0 l\u2019Azienda metter\u00e0 a disposizione i locali per gli incontri. L\u2019ULSS 1 Dolomiti si impegna a favorire la conoscenza da parte degli utenti e dei loro familiari delle iniziative svolte o promosse dall\u2019Associazione e a segnalare agli utenti che richiedessero un ulteriore supporto sociale, la possibilit\u00e0 di avvalersi del sostegno dell&#8217;Associazione.<\/p>\n<p>&nbsp;<\/p>\n<p>&nbsp;<\/p>\n<p>&nbsp;<\/p>\n<p>&nbsp;<\/p>\n<p>&nbsp;<\/p>\n<h3>IERI SERA FRANCO ROCCON (USARCI) SU RETE 4 A QUARTA REPUBBLICA, L&#8217;INTERVENTO<\/h3>\n<blockquote>\n<div><a class=\"dt-pswp-item\" href=\"https:\/\/www.radiopiu.net\/wordpress\/wp-content\/uploads\/2020\/01\/WhatsApp-Image-2020-01-14-at-04.57.08.jpeg\" data-dt-img-description=\"\" data-large_image_width=\"1599\" data-large_image_height=\"1200\"><img loading=\"lazy\" decoding=\"async\" class=\" wp-image-112954 alignleft\" src=\"https:\/\/www.radiopiu.net\/wordpress\/wp-content\/uploads\/2020\/01\/WhatsApp-Image-2020-01-14-at-04.57.08-300x225.jpeg\" alt=\"\" width=\"240\" height=\"180\" srcset=\"https:\/\/www.radiopiu.net\/wordpress\/wp-content\/uploads\/2020\/01\/WhatsApp-Image-2020-01-14-at-04.57.08-300x225.jpeg 300w, https:\/\/www.radiopiu.net\/wordpress\/wp-content\/uploads\/2020\/01\/WhatsApp-Image-2020-01-14-at-04.57.08-1024x768.jpeg 1024w, https:\/\/www.radiopiu.net\/wordpress\/wp-content\/uploads\/2020\/01\/WhatsApp-Image-2020-01-14-at-04.57.08-768x576.jpeg 768w, https:\/\/www.radiopiu.net\/wordpress\/wp-content\/uploads\/2020\/01\/WhatsApp-Image-2020-01-14-at-04.57.08-1536x1153.jpeg 1536w, https:\/\/www.radiopiu.net\/wordpress\/wp-content\/uploads\/2020\/01\/WhatsApp-Image-2020-01-14-at-04.57.08.jpeg 1599w\" sizes=\"auto, (max-width: 240px) 100vw, 240px\" \/><\/a>BELLUNO\u00a0 <strong><span style=\"font-family: Verdana, sans-serif;\"><span style=\"font-size: small;\">Una tassazione soft per le botteghe di montagna e dei piccoli paesi. \u00c8 la proposta formulata dal presidente Usarci &#8211; Unione sindacati agenti e rappresentanti di commercio \u2013 di Belluno e del Veneto Franco Roccon. Il numero uno degli agenti di commercio ha spiegato la sua idea ieri sera (questa sera) all&#8217;interno della trasmissione \u201cQuarta Repubblica\u201d condotta da Nicola Porro e la ribadir\u00e0 venerd\u00ec 17 alle 10 all&#8217;interno del programma \u201cMi manda Rai3\u201d. Ha intenzione di inviare una lettera al Governo per sottoporla anche all&#8217;attenzione delle stanze di bottoni della Capitale e la presenter\u00e0 anche ai parlamentari bellunesi. \u201cSi deve decidere una tassazione fissa per i piccoli negozi, indipendente dal reddito e dal guadagno \u2013 spiega -. Per esempio 3 mila euro l&#8217;anno, insomma un sistema in cui le tasse vengono pagate con un forfait. Certo, serve decidere i criteri per cui concedere questo aiuto, per esempio per le attivit\u00e0 sopra una certa quota e per quelle in paesi con poche migliaia di abitanti. In questo modo non servirebbe adeguarsi allo scontrino elettronico, che gi\u00e0 di per s\u00e9 rappresenta una spesa, ne avere un commercialista e tutto sarebbe pi\u00f9 semplice e sostenibile\u201d. La proposta, se attuata, andrebbe a salvare le tante piccole attivit\u00e0 sparse nelle Terre alte bellunesi ma non solo, fermando di conseguenza anche lo spopolamento e la disoccupazione. \u201cA dicembre nel Bellunese sono stati chiusi 40 negozi su 1800 totali \u2013 conclude -. In ambito nazionale ci sono un milione e 200 mila frazioni sotto i mille abitanti e di queste circa la met\u00e0 ha un negozio. Inoltre in molte frazioni come nei rifugi alpini non c\u2019\u00e8 linea telefonica n\u00e8 internet, per cui gioco forza diventa difficile inviare all\u2019Agenzia delle entrate lo scontrino\u201d. Roccon ne parler\u00e0 con i rappresentati bellunesi a Roma, nella speranza che la sua idea trovi qualcuno che la porti avanti e la faccia attuare.\u00a0<\/span><\/span><\/strong><\/div>\n<\/blockquote>\n<p>&nbsp;<\/p>\n<p>&nbsp;<\/p>\n<p>&nbsp;<\/p>\n<p>&nbsp;<\/p>\n<h2>CONFERIMENTI SCORRETTI NELLE ISOLE ECOLOGICHE, VIA AL GIRO DI VITE<\/h2>\n<p><strong><a class=\"dt-pswp-item\" href=\"https:\/\/www.radiopiu.net\/wordpress\/wp-content\/uploads\/2018\/03\/220px-Municipio_Santa_Giustina.jpg\" data-dt-img-description=\"\" data-large_image_width=\"220\" data-large_image_height=\"165\"><img loading=\"lazy\" decoding=\"async\" class=\"alignnone size-full wp-image-44829\" src=\"https:\/\/www.radiopiu.net\/wordpress\/wp-content\/uploads\/2018\/03\/220px-Municipio_Santa_Giustina.jpg\" alt=\"\" width=\"220\" height=\"165\" \/><\/a><\/strong><\/p>\n<p><strong>SANTA GIUSTINA\u00a0<\/strong><\/p>\n<p><strong>di DAMIANO TORMEN\u00a0<\/strong><\/p>\n<audio class=\"wp-audio-shortcode\" id=\"audio-112885-3\" preload=\"none\" style=\"width: 100%;\" controls=\"controls\"><source type=\"audio\/mpeg\" src=\"https:\/\/www.radiopiu.net\/wordpress\/wp-content\/uploads\/2020\/01\/damiano-santa\u00f9.mp3?_=3\" \/><a href=\"https:\/\/www.radiopiu.net\/wordpress\/wp-content\/uploads\/2020\/01\/damiano-santa\u00f9.mp3\">https:\/\/www.radiopiu.net\/wordpress\/wp-content\/uploads\/2020\/01\/damiano-santa\u00f9.mp3<\/a><\/audio>\n<p>&nbsp;<\/p>\n<p>&nbsp;<\/p>\n<p>&nbsp;<\/p>\n<p>&nbsp;<\/p>\n<h3>SAFILO GIOVEDI AL MISE E MANIFESTAZIONE IN PIAZZA<\/h3>\n<p><strong>LONGARONE<\/strong> E&#8217; programmato per giovedi al Ministero dello Sviluppo Economico il vertice per affrontare con decisione il problema della Safilo e dei 700 esuberi previsti dall&#8217;azienda longaronese. Davanti al Ministero arriveranno anche decine di delegati e lavoratori delle sedi di Longarone, Martignacco, Padova e Santa Maria di Sala e s&#8217;alzer\u00e0 la protesta.<\/p>\n<p>&nbsp;<\/p>\n<p>&nbsp;<\/p>\n<p>&nbsp;<\/p>\n<h3>CONCLUSO IL SECONDO CORSO DI ECOGRAFIA CLINICA<\/h3>\n<p><strong>FELTRE. <\/strong>Hanno partecipato al corso i medici di\u00a0 Medicina, Geriatria, Pneumologia, Pronto Soccorso e Radiologia. Oggi l\u2019impiego dell\u2019ecografia clinica ha un riconoscimento globale.\u00a0 Si tratta di utilizzare, nel corso della valutazione medica al letto del malato, l&#8217;esame ecografico. E&#8217; un accertamento che, impiegando gli ultrasuoni e quindi senza esporre il paziente a rischio permette di visualizzare gli organi interni e di valutarne la misura ed il funzionamento nel contesto dell&#8217;esame obiettivo e dell&#8217;anamnesi.\u00a0 Questo consente di perfezionare &#8220;a tempo zero&#8221; la diagnosi ed il trattamento delle malattie integrando l&#8217;utilizzo delle pi\u00f9 attuali metodologie mediche con la migliore tecnologia biomedica.<\/p>\n<blockquote><p><em>\u00abL\u2019obiettivo del corso\u00a0 -dice Livio Simioni direttore del dipartimento area medica &#8211; era quello di addestrare all\u2019impiego dell\u2019ecografia clinica i dirigenti medici ospedalieri. Il corso \u00e8 riconosciuto per ECM nella formula di FSC. C&#8217;\u00e8 grande soddisfazione da parte mia per la presenza al corso e per il gradimento dimostrato\u00bb\u00a0<\/em><\/p><\/blockquote>\n<p>&nbsp;<\/p>\n<p>&nbsp;<\/p>\n<p>&nbsp;<\/p>\n<p>&nbsp;<\/p>\n<h3>VALLE DEL BIOIS IL 2 FEBBRAIO A LINEA BIANCA, APPUNTAMENTO PER INNAMORATI<\/h3>\n<p><strong><a class=\"dt-pswp-item\" href=\"https:\/\/www.radiopiu.net\/wordpress\/wp-content\/uploads\/2020\/01\/download-3.jpg\" data-dt-img-description=\"\" data-large_image_width=\"299\" data-large_image_height=\"169\"><img loading=\"lazy\" decoding=\"async\" class=\"wp-image-112932 alignleft\" src=\"https:\/\/www.radiopiu.net\/wordpress\/wp-content\/uploads\/2020\/01\/download-3.jpg\" alt=\"\" width=\"149\" height=\"84\" \/><\/a>BELLUNO<\/strong> Dolomiti in televisione, continua il buon momento per la nostra montagna. Dopo il servizio dal Broi di Agordo su Uno Mattina in occasione dei pavaroi e dopo la trasmissione Kilimangiaro dalla Valle di San Lucano l&#8217;Agordino\u00a0 <strong><a class=\"dt-pswp-item\" href=\"https:\/\/www.radiopiu.net\/wordpress\/wp-content\/uploads\/2018\/04\/Giuliano-Vantaggi-1.jpg\" data-dt-img-description=\"\" data-large_image_width=\"240\" data-large_image_height=\"320\"><img loading=\"lazy\" decoding=\"async\" class=\"wp-image-46272 alignright\" src=\"https:\/\/www.radiopiu.net\/wordpress\/wp-content\/uploads\/2018\/04\/Giuliano-Vantaggi-1-225x300.jpg\" alt=\"\" width=\"104\" height=\"139\" srcset=\"https:\/\/www.radiopiu.net\/wordpress\/wp-content\/uploads\/2018\/04\/Giuliano-Vantaggi-1-225x300.jpg 225w, https:\/\/www.radiopiu.net\/wordpress\/wp-content\/uploads\/2018\/04\/Giuliano-Vantaggi-1.jpg 240w\" sizes=\"auto, (max-width: 104px) 100vw, 104px\" \/><\/a><\/strong>ritorna sulle reti Rai con la trasmissione Linea Bianca i cui operatori e giornalisti ieri erano in Valle del Biois per realizzare un servizio sul circuito Falcade-San Pellegrino ma anche Agordo e la cima del Civetta. Con la troupe della Rai anche il direttore Dmo Giuliano Vantaggi.<\/p>\n<audio class=\"wp-audio-shortcode\" id=\"audio-112885-4\" preload=\"none\" style=\"width: 100%;\" controls=\"controls\"><source type=\"audio\/mpeg\" src=\"https:\/\/www.radiopiu.net\/wordpress\/wp-content\/uploads\/2020\/01\/giuliano-vantaggi-linea-bianca-1.mp3?_=4\" \/><a href=\"https:\/\/www.radiopiu.net\/wordpress\/wp-content\/uploads\/2020\/01\/giuliano-vantaggi-linea-bianca-1.mp3\">https:\/\/www.radiopiu.net\/wordpress\/wp-content\/uploads\/2020\/01\/giuliano-vantaggi-linea-bianca-1.mp3<\/a><\/audio>\n<p>&nbsp;<\/p>\n<p>&nbsp;<\/p>\n<p>&nbsp;<\/p>\n<h3>IL GRAZIE DI DON FABIANO PER LA PARTECIPAZIONE E I CONTRIBUTI PER LA CHIESA DI TISER<\/h3>\n<p><b>RIVAMONTE\u00a0<\/b> Sala gremita sabato\u00a0 per la compagnia teatrale dei Farsaioli di Soverzene che si \u00e8 esibita con la commedia &#8220;Rider&#8230; de gusto&#8221; a Rivamonte. Le offerte sosterranno le spese per la sistemazione della chiesa di Tiser danneggiata da Vaia.<\/p>\n<p>&nbsp;<\/p>\n<p>&nbsp;<\/p>\n<p>&nbsp;<\/p>\n<h3>PER GLI UNDER 25 AL VIA WORKSHOP DI CO-PROGETTAZIONE<\/h3>\n<blockquote><p><em>DALLA RASSEGNA STAMPA DELLE OTTO L&#8217;ASSESSORE GIORGIA LI CASTRI<\/em><\/p><\/blockquote>\n<audio class=\"wp-audio-shortcode\" id=\"audio-112885-5\" preload=\"none\" style=\"width: 100%;\" controls=\"controls\"><source type=\"audio\/mpeg\" src=\"https:\/\/www.radiopiu.net\/wordpress\/wp-content\/uploads\/2020\/01\/GIORGIA-1.mp3?_=5\" \/><a href=\"https:\/\/www.radiopiu.net\/wordpress\/wp-content\/uploads\/2020\/01\/GIORGIA-1.mp3\">https:\/\/www.radiopiu.net\/wordpress\/wp-content\/uploads\/2020\/01\/GIORGIA-1.mp3<\/a><\/audio>\n<p>&nbsp;<\/p>\n<p><strong><a class=\"dt-pswp-item\" href=\"https:\/\/www.radiopiu.net\/wordpress\/wp-content\/uploads\/2020\/01\/download-2.jpg\" data-dt-img-description=\"\" data-large_image_width=\"300\" data-large_image_height=\"168\"><img loading=\"lazy\" decoding=\"async\" class=\" wp-image-112916 alignleft\" src=\"https:\/\/www.radiopiu.net\/wordpress\/wp-content\/uploads\/2020\/01\/download-2.jpg\" alt=\"\" width=\"176\" height=\"98\" \/><\/a>FELTRE<\/strong> Il Comune di Feltre e l&#8217;Area Europa del Comitato d&#8217;Intesa\/CSV Belluno, al fine di promuovere la creativit\u00e0 e la partecipazione attiva dei giovani, organizzano un workshop di co-progettazione aperto ai giovani under 25 del territorio, volto alla costruzione condivisa di azioni solidali innovative. Due gli incontri in programma, che si terranno nelle giornate di sabato 1 e 15 febbraio presso la sede del CSV di Feltre dalle ore 15.00 alle ore 19.00. Nel corso delle due giornate di laboratorio i partecipanti, divisi in gruppi di lavoro, saranno supportati dalla dottoressa Laura De Riz nell&#8217;ideazione di proposte specifiche, che saranno poi finanziate, al termine del percorso, concretizzandosi in progetti esecutivi nell&#8217;arco della prossima primavera. La partecipazione al workshop \u00e8 gratuita, previa iscrizione al seguente indirizzo email entro e non oltre la giornata di luned\u00ec 27 gennaio: europa@csvbelluno.it.<\/p>\n<blockquote><p>&nbsp;<\/p><\/blockquote>\n<p>&nbsp;<\/p>\n<p>&nbsp;<\/p>\n<h3>APERTE LE ISCRIZIONI AL CORSO PER MANUTENTORE 4.0<\/h3>\n<p><strong><a class=\"dt-pswp-item\" href=\"https:\/\/www.radiopiu.net\/wordpress\/wp-content\/uploads\/2019\/11\/gli-allievi-del-primo-anno-alle-prese-con-Illustrator.jpg\" data-dt-img-description=\"\" data-large_image_width=\"1280\" data-large_image_height=\"960\"><img loading=\"lazy\" decoding=\"async\" class=\"wp-image-107343 alignleft\" src=\"https:\/\/www.radiopiu.net\/wordpress\/wp-content\/uploads\/2019\/11\/gli-allievi-del-primo-anno-alle-prese-con-Illustrator-300x225.jpg\" alt=\"\" width=\"151\" height=\"113\" srcset=\"https:\/\/www.radiopiu.net\/wordpress\/wp-content\/uploads\/2019\/11\/gli-allievi-del-primo-anno-alle-prese-con-Illustrator-300x225.jpg 300w, https:\/\/www.radiopiu.net\/wordpress\/wp-content\/uploads\/2019\/11\/gli-allievi-del-primo-anno-alle-prese-con-Illustrator-768x576.jpg 768w, https:\/\/www.radiopiu.net\/wordpress\/wp-content\/uploads\/2019\/11\/gli-allievi-del-primo-anno-alle-prese-con-Illustrator-1024x768.jpg 1024w, https:\/\/www.radiopiu.net\/wordpress\/wp-content\/uploads\/2019\/11\/gli-allievi-del-primo-anno-alle-prese-con-Illustrator.jpg 1280w\" sizes=\"auto, (max-width: 151px) 100vw, 151px\" \/><\/a>LONGARONE<\/strong> \u00a0Sono aperte le iscrizioni al percorso a qualifica per la figura professionale \u201cManutentore di macchine\/impianti\/sistemi di automazione 4.0 per il settore occhialeria\u201d, promosso dall\u2019Area Formazione di Certottica e destinato a 12 persone non occupate e in possesso almeno di diploma o attestato di qualifica coerente con il profilo. Il corso \u00e8 destinato a 12 disoccupati\/inoccupati di entrambi i sessi in possesso almeno di diploma o attestato di qualifica professionale.\u00a0Le selezioni sono fissate per il 22 gennaio: invitiamo tutti gli interessati a consultare il sito www.certottica.it per approfondire tutti i dettagli e a contattare l\u2019Area Formazione di Certottica (formazione@certottica.it, 0437 573157) per ogni ulteriore informazione.<\/p>\n<p>&nbsp;<\/p>\n<p>&nbsp;<\/p>\n<p>&nbsp;<\/p>\n<p>&nbsp;<\/p>\n<h3>FRECCIA NEL CIELO NEL GIORNO DELL&#8217;INAUGURAZIONE CON GLI SCATTI DI LUCA ZANFRON<\/h3>\n<h3><em>La nuovissima pista \u201cLino Lacedelli\u201d, la prima pubblica in Italia dedicata agli allenamenti delle squadre agonistiche, soddisfa cos\u00ec le esigenze degli sci club di Cortina e di tutte le aree limitrofe<\/em><\/h3>\n<p><strong>CORTINA<\/strong><\/p>\n\n\t\t\t<style type='text\/css'>\n\t\t\t\t#gallery-2 {\n\t\t\t\t\tmargin: auto;\n\t\t\t\t}\n\t\t\t\t#gallery-2 .gallery-item {\n\t\t\t\t\tfloat: left;\n\t\t\t\t\tmargin-top: 10px;\n\t\t\t\t\ttext-align: center;\n\t\t\t\t\twidth: 33%;\n\t\t\t\t}\n\t\t\t\t#gallery-2 img {\n\t\t\t\t\tborder: 2px solid #cfcfcf;\n\t\t\t\t}\n\t\t\t\t#gallery-2 .gallery-caption {\n\t\t\t\t\tmargin-left: 0;\n\t\t\t\t}\n\t\t\t\t\/* see gallery_shortcode() in wp-includes\/media.php *\/\n\t\t\t<\/style>\n\t\t<div id='gallery-2' class='dt-gallery-container gallery galleryid-112885 gallery-columns-3 gallery-size-thumbnail'><dl class='gallery-item'>\n\t\t\t\t<dt class='gallery-icon landscape'>\n\t\t\t\t\t<a class=\"rollover\" href='https:\/\/www.radiopiu.net\/wordpress\/giornale-radiopiu-14-gennaio-2020-direttore-mirko-mezzacasa\/0add9e09-02f5-4e82-8bd4-58612eaac729\/'><img loading=\"lazy\" decoding=\"async\" width=\"150\" height=\"150\" src=\"https:\/\/www.radiopiu.net\/wordpress\/wp-content\/uploads\/2020\/01\/0add9e09-02f5-4e82-8bd4-58612eaac729-150x150.jpg\" class=\"attachment-thumbnail size-thumbnail\" alt=\"\" \/><\/a>\n\t\t\t\t<\/dt><\/dl><dl class='gallery-item'>\n\t\t\t\t<dt class='gallery-icon landscape'>\n\t\t\t\t\t<a class=\"rollover\" href='https:\/\/www.radiopiu.net\/wordpress\/giornale-radiopiu-14-gennaio-2020-direttore-mirko-mezzacasa\/28cb4a6a-9257-4dcf-912c-6af0b30d5e71\/'><img loading=\"lazy\" decoding=\"async\" width=\"150\" height=\"150\" src=\"https:\/\/www.radiopiu.net\/wordpress\/wp-content\/uploads\/2020\/01\/28cb4a6a-9257-4dcf-912c-6af0b30d5e71-150x150.jpg\" class=\"attachment-thumbnail size-thumbnail\" alt=\"\" \/><\/a>\n\t\t\t\t<\/dt><\/dl><dl class='gallery-item'>\n\t\t\t\t<dt class='gallery-icon landscape'>\n\t\t\t\t\t<a class=\"rollover\" href='https:\/\/www.radiopiu.net\/wordpress\/giornale-radiopiu-14-gennaio-2020-direttore-mirko-mezzacasa\/ec38ed9d-215e-4d93-9d8f-c0383a9ad140\/'><img loading=\"lazy\" decoding=\"async\" width=\"150\" height=\"150\" src=\"https:\/\/www.radiopiu.net\/wordpress\/wp-content\/uploads\/2020\/01\/ec38ed9d-215e-4d93-9d8f-c0383a9ad140-150x150.jpg\" class=\"attachment-thumbnail size-thumbnail\" alt=\"\" \/><\/a>\n\t\t\t\t<\/dt><\/dl><br style=\"clear: both\" \/>\n\t\t\t<\/div>\n\n<p>&nbsp;<\/p>\n<p>&nbsp;<\/p>\n<h3><span style=\"color: #ff0000;\">OGGI SUL CORRIERE DELLE ALPI\u00a0<\/span><\/h3>\n<p><strong>ROCCA PIETORE<\/strong> Malga Laste, il regno dei Dorigo dove il formaggio \u00e8 da premio. A 1868 metri sul livello del mare a 64 chilometri da Belluno si pu\u00f2 vivere fra le nuvole. Ezio e Diego Dorigo lo fanno per due stagioni all&#8217;anno da 30 anni per lavoro e vocazione. Il giornale bellunese \u00e8 stato in malga e ne ha parlato con i Dorigo presentando i loro prodotti e ricordando i tanti riconoscimenti.<\/p>\n<p>&nbsp;<\/p>\n<p>&nbsp;<\/p>\n<p>&nbsp;<\/p>\n<p>&nbsp;<\/p>\n<h3><span style=\"color: #ff0000;\">E IERI ALLA RADIO&#8230;.<\/span><\/h3>\n<blockquote class=\"wp-embedded-content\" data-secret=\"fvSHZD2k9G\"><p><a href=\"https:\/\/www.radiopiu.net\/wordpress\/comprensivo-di-cencenighe-la-parola-ai-collaboratori-scolastici-sul-servizio-mensa\/\">COMPRENSIVO DI CENCENIGHE, LA PAROLA AI COLLABORATORI SCOLASTICI SUL SERVIZIO MENSA<\/a><\/p><\/blockquote>\n<p><iframe loading=\"lazy\" title=\"&#8220;COMPRENSIVO DI CENCENIGHE, LA PAROLA AI COLLABORATORI SCOLASTICI SUL SERVIZIO MENSA&#8221; &#8212; Radio Pi\u00f9\" class=\"wp-embedded-content\" sandbox=\"allow-scripts\" security=\"restricted\" style=\"position: absolute; clip: rect(1px, 1px, 1px, 1px);\" src=\"https:\/\/www.radiopiu.net\/wordpress\/comprensivo-di-cencenighe-la-parola-ai-collaboratori-scolastici-sul-servizio-mensa\/embed\/#?secret=fvSHZD2k9G\" data-secret=\"fvSHZD2k9G\" width=\"600\" height=\"338\" frameborder=\"0\" marginwidth=\"0\" marginheight=\"0\" scrolling=\"no\"><\/iframe><\/p>\n<p>&nbsp;<\/p>\n<p>&nbsp;<\/p>\n<p>&nbsp;<\/p>\n<p>&nbsp;<\/p>\n<p>&nbsp;<\/p>\n<h3>5 G MINACCIA INVISIBILE? A LA VALLE L&#8217;INCONTRO<\/h3>\n<p><strong><a class=\"dt-pswp-item\" href=\"https:\/\/www.radiopiu.net\/wordpress\/wp-content\/uploads\/2019\/12\/5g-antenna.jpg\" data-dt-img-description=\"\" data-large_image_width=\"1156\" data-large_image_height=\"650\"><img loading=\"lazy\" decoding=\"async\" class=\"size-medium wp-image-110176 alignleft\" src=\"https:\/\/www.radiopiu.net\/wordpress\/wp-content\/uploads\/2019\/12\/5g-antenna-300x169.jpg\" alt=\"\" width=\"300\" height=\"169\" srcset=\"https:\/\/www.radiopiu.net\/wordpress\/wp-content\/uploads\/2019\/12\/5g-antenna-300x169.jpg 300w, https:\/\/www.radiopiu.net\/wordpress\/wp-content\/uploads\/2019\/12\/5g-antenna-1024x576.jpg 1024w, https:\/\/www.radiopiu.net\/wordpress\/wp-content\/uploads\/2019\/12\/5g-antenna-768x432.jpg 768w, https:\/\/www.radiopiu.net\/wordpress\/wp-content\/uploads\/2019\/12\/5g-antenna.jpg 1156w\" sizes=\"auto, (max-width: 300px) 100vw, 300px\" \/><\/a>LA VALLE<\/strong> Come noto ormai da tempo sono due i Comuni Agordini scelti come &#8220;cavie&#8221; per la nuova tegnologia 5G della quale pochi ne sanno qualche cosa. Per questo motivo l&#8217;amministrazione comunale lavallese ha messo in calendario per sabato 18 gennaio alle 20.30 un importante incontro. Una serata sul tema dell&#8217;inquinamento da campi elettromagnetici perch\u00e9 la conoscenza dei rischi per la salute \u00e8 un diritto di tutti. Elettrosmog e 5G il titolo della serata con sottotitolo sibillino &#8220;la minaccia invisibile&#8221;. Ne parler\u00e0 il dottor Achille Sacchi, in sala Valmassoni (ex latteria). Siamo quotidianamente immersi dentro un grande campo magnetico le cui onde influiscono sulla salute, l&#8217;uso del 5G quanto contribuir\u00e0 ad aumentare il rischio? Il dottor Achille Sacchi, esperto di elettrosmog e autore del libro &#8220;inquinamento invisibile&#8221; parler\u00e0 dei rischi di questa forma di inquinamento. L&#8217;incontro \u00e8 organizzato da Comune di La Valle Agordina e Associazione culturale Centro UPM di Belluno, ingresso libero.<\/p>\n<p>&nbsp;<\/p>\n<p>&nbsp;<\/p>\n<p>&nbsp;<\/p>\n<p>&nbsp;<\/p>\n<p>&nbsp;<\/p>\n<p>&nbsp;<\/p>\n<blockquote>\n<h3><strong>OCCHI BELLI, CONTROLLO GRATUITO DELLA VISTA<\/strong><\/h3>\n<p><strong><a class=\"dt-pswp-item\" href=\"https:\/\/www.radiopiu.net\/wordpress\/wp-content\/uploads\/2019\/12\/f6c6493f-d5ae-4360-93f1-55d2398e750b.jpg\" data-dt-img-description=\"\" data-large_image_width=\"900\" data-large_image_height=\"1600\"><img loading=\"lazy\" decoding=\"async\" class=\"wp-image-111442 alignleft\" src=\"https:\/\/www.radiopiu.net\/wordpress\/wp-content\/uploads\/2019\/12\/f6c6493f-d5ae-4360-93f1-55d2398e750b-169x300.jpg\" alt=\"\" width=\"109\" height=\"194\" srcset=\"https:\/\/www.radiopiu.net\/wordpress\/wp-content\/uploads\/2019\/12\/f6c6493f-d5ae-4360-93f1-55d2398e750b-169x300.jpg 169w, https:\/\/www.radiopiu.net\/wordpress\/wp-content\/uploads\/2019\/12\/f6c6493f-d5ae-4360-93f1-55d2398e750b-576x1024.jpg 576w, https:\/\/www.radiopiu.net\/wordpress\/wp-content\/uploads\/2019\/12\/f6c6493f-d5ae-4360-93f1-55d2398e750b-768x1365.jpg 768w, https:\/\/www.radiopiu.net\/wordpress\/wp-content\/uploads\/2019\/12\/f6c6493f-d5ae-4360-93f1-55d2398e750b-864x1536.jpg 864w, https:\/\/www.radiopiu.net\/wordpress\/wp-content\/uploads\/2019\/12\/f6c6493f-d5ae-4360-93f1-55d2398e750b.jpg 900w\" sizes=\"auto, (max-width: 109px) 100vw, 109px\" \/><\/a>ALLEGHE Sabato 18 gennaio dalle 14.30 alle 17.30 e domenica 19 dalle 9 alle 12 e dalle 14 alle 17 alle scuole elementari di Alleghe i medici oculisti e ortottisti dell&#8217;ospedale di Castelfranco Veneto e Montebelluna danno la possibilit\u00e0 a tutti i bambini fino a 13 anni di eseguire uno screening per la prevenzione dello strabismo ed ambliopia, occasione unica e gratuita per ottenere una valutazione preliminare.\u00a0<\/strong><\/p>\n<p>Negli anni scorsi del periodo invernale in concomitanza con la settimana bianca degli sciatori ciechi e ipovedenti che si svolgeva nell&#8217;Agordino, il Comune di Alleghe in collaborazione con L&#8217;Unione Italiana Ciechi e Ipovedenti, ma soprattutto con collaborazione con l&#8217;unit\u00e0 oculistica dell&#8217;Ospedale di Castelfranco Veneto, avevo promosso una giornata di sensibilizzazione per la prevenzione del glaucoma e la valutazione della presenza o meno della cataratta. La popolazione era stata invitata ad intervenire presso l&#8217;ambulatorio, in 13 anni si sono svolte le giornate con questo numero di visitatori: 157 (2007), 121 (2008), 124 (2009), 171 (2010), 174 (2011). 168 (2012), 97 (2013), 84 (2014), 121 (2015), 105 (2016), 106 (2017), 106 (2018), 83 (2019). Nel 2020 a differenza degli anni scorsi la giornata sar\u00e0 dedicata all&#8217;infanzia, verranno valutati tutti i minori dai 3 ai 13 anni.<\/p><\/blockquote>\n<p>&nbsp;<\/p>\n<p>&nbsp;<\/p>\n<p>&nbsp;<\/p>\n<h3>VENERDI A MEL\u00a0 MARCO COSIMO SCARCELLI<\/h3>\n<p><strong>BORGOVALBELLUNA<\/strong> &#8220;Venerd\u00ec 17 gennaio 2020 dalle ore 18:30 alle 20:00 a Mel, Sala delle Contesse, avr\u00e0 luogo il terzo incontro del ciclo di appuntamenti \u201cPer fortuna siamo tutti genitori imperfetti\u201d dedicati a chi \u00e8 stato figlio e\/o ha dei figli. Il titolo della serata \u00e8: &#8220;Giochi, cellulari e tablet: relazioni virtuali per cervelli in disarmo&#8221;. Le tecnologie non vanno criminalizzate, ma l\u2019esperienza digitale dei figli deve passare da una partecipazione educativa dei genitori. Ne parleremo con Marco Cosimo Scarcelli, ricercatore responsabile della Laurea Magistrale del Dipartimento di Comunicazione dello IUSVE e responsabile aggregato di Sociologia dei Media, UNIPD. Durante gli incontri \u00e8 previsto un servizio di babysitteraggio (prenotazioni entro mercoled\u00ec 15 gennaio al numero 3464981883)&#8221;<\/p>\n<p>&nbsp;<\/p>\n<p>&nbsp;<\/p>\n<p>&nbsp;<\/p>\n<h3>QUINTO CORSO DI FORMAZIONE PER VOLONTARI PETTIROSSO AGORDINO<\/h3>\n<p><strong><a class=\"dt-pswp-item\" href=\"https:\/\/www.radiopiu.net\/wordpress\/wp-content\/uploads\/2015\/09\/cucc-pettirosso-15.jpg\" data-dt-img-description=\"\" data-large_image_width=\"400\" data-large_image_height=\"200\"><img loading=\"lazy\" decoding=\"async\" class=\"wp-image-9914 alignleft\" src=\"https:\/\/www.radiopiu.net\/wordpress\/wp-content\/uploads\/2015\/09\/cucc-pettirosso-15-300x150.jpg\" alt=\"\" width=\"234\" height=\"117\" \/><\/a>CENCENIGHE<\/strong> &#8220;Prendersi cura quando non si pu\u00f2 guarire&#8221; \u00e8 il titolo dell&#8217;iniziativa di Pettirosso Agordino, il quinto corso per volontari che inizier\u00e0 giovedi 30 gennaio con la serata di presentazione del corso presso la sala culturale al Nof Filo&#8217; di Cencenighe. Nella prima serata interverranno Sonia d&#8217;Agostini presidente dell&#8217;associazione Pettirosso, la dottoressa Ileana Corazzin medico geriatra e la dottoressa Laura Miana psicologa dell&#8217;associazione. Le lezioni saranno poi previste al giovedi, dal 6 febbraio al 16 aprile, sono aperti a tutta la popolazione gratuitamente. Per chi vuole diventare volontario dovr\u00e0 frequentare almeno 8 incontri. Dopo il percorso formativo verr\u00e0 richiesto un periodo di tirocinio in una struttura Rsa, Hospice e a domicilio.<\/p>\n<p>&nbsp;<\/p>\n<p>&nbsp;<\/p>\n<p>&nbsp;<\/p>\n<h3>CORSO DI ALFABETIZZAZIONE CORALE (lettura intonata e percezione ritmica), VOCALIT\u00c0 E PRATICA CORALE<\/h3>\n<p><strong>AGORDO<\/strong> ASAC Veneto propone una nuova iniziativa che, su base provinciale, verr\u00e0 realizzata in varie localit\u00e0 venete. L\u2019iniziativa \u00e8 dedicata direttamente ai cori, gruppi di coristi o singoli coristi e vuole affrontare con l\u2019ausilio selezionati ed esperti musicisti le tematiche pi\u00f9 importanti del cantare in coro. Questo primo corso bellunese, in base alle richieste giunte dal territorio, si svolger\u00e0 ad Agordo da febbraio a giugno 2020. Le quote di iscrizione saranno le seguenti: Quota intero corso soci ASAC 75\u20ac a partecipante.\u00a0 Quota intero corso non soci ASAC 90\u20ac a partecipante.\u00a0 L\u2019iscrizione dovr\u00e0 essere effettuata on-line entro il 5 febbraio 2020. Il link per l\u2019iscrizione \u00e8 il seguente: https:\/\/form.jotform.com\/200055383149350<\/p>\n<p>&nbsp;<\/p>\n<p>&nbsp;<\/p>\n<p>&nbsp;<\/p>\n<h3><span style=\"color: #ff0000;\">IERI ALLA RADIO<\/span>&#8230; E DA IERI IN PODCAST SUL SITO INTERNET<\/h3>\n<p><strong><a class=\"dt-pswp-item\" href=\"https:\/\/www.radiopiu.net\/wordpress\/wp-content\/uploads\/2020\/01\/dueminuti-banner.jpg\" data-dt-img-description=\"\" data-large_image_width=\"600\" data-large_image_height=\"200\"><img loading=\"lazy\" decoding=\"async\" class=\" wp-image-112887 alignleft\" src=\"https:\/\/www.radiopiu.net\/wordpress\/wp-content\/uploads\/2020\/01\/dueminuti-banner-300x100.jpg\" alt=\"\" width=\"195\" height=\"65\" srcset=\"https:\/\/www.radiopiu.net\/wordpress\/wp-content\/uploads\/2020\/01\/dueminuti-banner-300x100.jpg 300w, https:\/\/www.radiopiu.net\/wordpress\/wp-content\/uploads\/2020\/01\/dueminuti-banner.jpg 600w\" sizes=\"auto, (max-width: 195px) 100vw, 195px\" \/><\/a>TAIBON<\/strong> Da anni Radio Piu&#8217; trasmette la rubrica quotidiana &#8220;Due minuti un libro&#8221;, da questa settimana lo speciale giornaliero trova spazio dal lunedi al sabato nella rubrica del sito internet RADIOPIU.NET<\/p>\n<blockquote class=\"wp-embedded-content\" data-secret=\"FIh0ihDm0u\"><p><a href=\"https:\/\/www.radiopiu.net\/wordpress\/due-minuti-un-libro\/\">Due minuti un libro<\/a><\/p><\/blockquote>\n<p><iframe loading=\"lazy\" title=\"&#8220;Due minuti un libro&#8221; &#8212; Radio Pi\u00f9\" class=\"wp-embedded-content\" sandbox=\"allow-scripts\" security=\"restricted\" style=\"position: absolute; clip: rect(1px, 1px, 1px, 1px);\" src=\"https:\/\/www.radiopiu.net\/wordpress\/due-minuti-un-libro\/embed\/#?secret=FIh0ihDm0u\" data-secret=\"FIh0ihDm0u\" width=\"600\" height=\"338\" frameborder=\"0\" marginwidth=\"0\" marginheight=\"0\" scrolling=\"no\"><\/iframe><\/p>\n<p>&nbsp;<\/p>\n<p>&nbsp;<\/p>\n<p>&nbsp;<\/p>\n<p>&nbsp;<\/p>\n<h3><span style=\"color: #ff0000;\">IERI ALLA RADIO<\/span>&#8230; 007 IN CONDOTTA LA NUOVA PUNTATA CON LA PROF. MARIA ROSA SALMAZO,<\/h3>\n<h3><a class=\"dt-pswp-item\" href=\"https:\/\/www.radiopiu.net\/wordpress\/wp-content\/uploads\/2020\/01\/child-3194977_1280.jpg\" data-dt-img-description=\"\" data-large_image_width=\"1280\" data-large_image_height=\"853\"><img loading=\"lazy\" decoding=\"async\" class=\"alignnone size-medium wp-image-112844\" src=\"https:\/\/www.radiopiu.net\/wordpress\/wp-content\/uploads\/2020\/01\/child-3194977_1280-300x200.jpg\" alt=\"\" width=\"300\" height=\"200\" srcset=\"https:\/\/www.radiopiu.net\/wordpress\/wp-content\/uploads\/2020\/01\/child-3194977_1280-300x200.jpg 300w, https:\/\/www.radiopiu.net\/wordpress\/wp-content\/uploads\/2020\/01\/child-3194977_1280-1024x682.jpg 1024w, https:\/\/www.radiopiu.net\/wordpress\/wp-content\/uploads\/2020\/01\/child-3194977_1280-768x512.jpg 768w, https:\/\/www.radiopiu.net\/wordpress\/wp-content\/uploads\/2020\/01\/child-3194977_1280.jpg 1280w\" sizes=\"auto, (max-width: 300px) 100vw, 300px\" \/><\/a>di Claudio Fontanive<\/h3>\n<audio class=\"wp-audio-shortcode\" id=\"audio-112885-6\" preload=\"none\" style=\"width: 100%;\" controls=\"controls\"><source type=\"audio\/mpeg\" src=\"https:\/\/www.radiopiu.net\/wordpress\/wp-content\/uploads\/2020\/01\/007-condotta-13-gennaio.mp3?_=6\" \/><a href=\"https:\/\/www.radiopiu.net\/wordpress\/wp-content\/uploads\/2020\/01\/007-condotta-13-gennaio.mp3\">https:\/\/www.radiopiu.net\/wordpress\/wp-content\/uploads\/2020\/01\/007-condotta-13-gennaio.mp3<\/a><\/audio>\n<p>&nbsp;<\/p>\n<p>&nbsp;<\/p>\n<p>&nbsp;<\/p>\n<p>&nbsp;<\/p>\n<p>&nbsp;<\/p>\n<h3><span style=\"color: #ff0000;\">IERI ALLA RADIO<\/span>&#8230;\u00a0 SALUTE E SOCIETA&#8217; IL PROGRAMMA DEL LUNEDI ALLE 13.10 E 20.10<\/h3>\n<p>Edizione speciale dedicata al congresso americano sullo studio delle malattie del fegato AASLD a Boston. Focus su Epatite C e NAFLD (Steatosi epatica non alcolica).<\/p>\n<blockquote class=\"wp-embedded-content\" data-secret=\"1O1IVBG9Xh\"><p><a href=\"https:\/\/www.radiopiu.net\/wordpress\/malattie-del-fegato-aasld-a-boston\/\">Malattie del fegato AASLD a Boston<\/a><\/p><\/blockquote>\n<p><iframe loading=\"lazy\" title=\"&#8220;Malattie del fegato AASLD a Boston&#8221; &#8212; Radio Pi\u00f9\" class=\"wp-embedded-content\" sandbox=\"allow-scripts\" security=\"restricted\" style=\"position: absolute; clip: rect(1px, 1px, 1px, 1px);\" src=\"https:\/\/www.radiopiu.net\/wordpress\/malattie-del-fegato-aasld-a-boston\/embed\/#?secret=1O1IVBG9Xh\" data-secret=\"1O1IVBG9Xh\" width=\"600\" height=\"338\" frameborder=\"0\" marginwidth=\"0\" marginheight=\"0\" scrolling=\"no\"><\/iframe><\/p>\n<p>&nbsp;<\/p>\n<p>&nbsp;<\/p>\n<p>&nbsp;<\/p>\n<p>&nbsp;<\/p>\n<div class=\"\" data-block=\"true\" data-editor=\"caie0\" data-offset-key=\"c2um1-0-0\">\n<div class=\"_1mf _1mj\" data-offset-key=\"c2um1-0-0\"><strong>NUOVO CANALE RADIOPIU SU TELEGRAM ISCRIZIONE GRATUITA<\/strong><\/div>\n<\/div>\n<div class=\"\" data-block=\"true\" data-editor=\"caie0\" data-offset-key=\"5n5nl-0-0\">\n<blockquote>\n<div data-offset-key=\"5n5nl-0-0\"><a class=\"dt-pswp-item\" href=\"https:\/\/www.radiopiu.net\/wordpress\/wp-content\/uploads\/2017\/04\/MyRadioPiu_miaidea.png\" data-dt-img-description=\"\" data-large_image_width=\"483\" data-large_image_height=\"374\"><img loading=\"lazy\" decoding=\"async\" class=\"wp-image-30709 alignleft\" src=\"https:\/\/www.radiopiu.net\/wordpress\/wp-content\/uploads\/2017\/04\/MyRadioPiu_miaidea-300x232.png\" alt=\"\" width=\"167\" height=\"129\" \/><\/a>Il canale creato su Telgram andr\u00e0 a sostituire i gruppi whatsApp, a breve inizier\u00e0 l&#8217;aggiornamento. In questo gruppo ogni giorno viene pubblicato il GIORNALE RADIOPIU il giornale radio_sito in onda alla radio ogni giorno dal lunedi al sabato nelle edizioni delle 9.30 GR MATTINA, 12.30 GIORNALE RADIO PRINCIPALE, 14.30 GR PRIMO POMERIGGIO, 16.30 GR POMERIGGIO 18.30 GR SERA e il GIORNALE DELLA MEZZANOTTE\u00a0 Inoltre in questo canale vengono linkate in tempo reale le notizie che vengono pubblicate sul sito <a href=\"http:\/\/www.radiopiu.net\/\" target=\"_blank\" rel=\"noopener noreferrer\">www.radiopiu.net<\/a> e i podcast delle rubriche in onda al mattino 10.30 REPORTER, e negli approfondimenti del pomeriggio 15.10 CARPE DIEM.<\/div>\n<\/blockquote>\n<\/div>\n<div data-offset-key=\"5n5nl-0-0\"><\/div>\n<div data-offset-key=\"5n5nl-0-0\"><\/div>\n<div data-offset-key=\"5n5nl-0-0\">\n<p>&nbsp;<\/p>\n<\/div>\n<p>&nbsp;<\/p>\n<p>&nbsp;<\/p>\n<p>&nbsp;<\/p>\n<div data-offset-key=\"5n5nl-0-0\">\n<p><a class=\"dt-pswp-item\" href=\"https:\/\/www.radiopiu.net\/wordpress\/wp-content\/uploads\/2018\/09\/viabilita.jpeg\" data-dt-img-description=\"\" data-large_image_width=\"800\" data-large_image_height=\"100\"><img loading=\"lazy\" decoding=\"async\" class=\"alignnone wp-image-61954 size-full\" src=\"https:\/\/www.radiopiu.net\/wordpress\/wp-content\/uploads\/2018\/09\/viabilita.jpeg\" alt=\"\" width=\"800\" height=\"100\" srcset=\"https:\/\/www.radiopiu.net\/wordpress\/wp-content\/uploads\/2018\/09\/viabilita.jpeg 800w, https:\/\/www.radiopiu.net\/wordpress\/wp-content\/uploads\/2018\/09\/viabilita-300x38.jpeg 300w, https:\/\/www.radiopiu.net\/wordpress\/wp-content\/uploads\/2018\/09\/viabilita-768x96.jpeg 768w\" sizes=\"auto, (max-width: 800px) 100vw, 800px\" \/><\/a><\/p>\n<p>&nbsp;<\/p>\n<p><strong>346 SAN PELLEGRINO A CANALE D&#8217;AGORDO <\/strong>La Mora dal 13 gennaio al 29 febbraio senso unico con semaforo anche sabato e domenica<\/p>\n<p><strong>203 AGORDINA, LOCALITA&#8217; LA MUDA<\/strong> DAL 13 GENNAIO AL 31 MARZO ESCLUSI FESTIVI E PREFESTIVI DALLE 7.30 ALLE 8.30 E DALLE 16.30 ALLE 17.30 SENSO UNICO ALTE<a class=\"dt-pswp-item\" href=\"https:\/\/www.radiopiu.net\/wordpress\/wp-content\/uploads\/2020\/01\/8550d617-ce67-49f8-a961-a4f5f6c0c2bb.jpg\" data-dt-img-description=\"\" data-large_image_width=\"788\" data-large_image_height=\"1599\"><img loading=\"lazy\" decoding=\"async\" class=\"size-medium wp-image-112658 alignleft\" src=\"https:\/\/www.radiopiu.net\/wordpress\/wp-content\/uploads\/2020\/01\/8550d617-ce67-49f8-a961-a4f5f6c0c2bb-148x300.jpg\" alt=\"\" width=\"148\" height=\"300\" srcset=\"https:\/\/www.radiopiu.net\/wordpress\/wp-content\/uploads\/2020\/01\/8550d617-ce67-49f8-a961-a4f5f6c0c2bb-148x300.jpg 148w, https:\/\/www.radiopiu.net\/wordpress\/wp-content\/uploads\/2020\/01\/8550d617-ce67-49f8-a961-a4f5f6c0c2bb-505x1024.jpg 505w, https:\/\/www.radiopiu.net\/wordpress\/wp-content\/uploads\/2020\/01\/8550d617-ce67-49f8-a961-a4f5f6c0c2bb-768x1558.jpg 768w, https:\/\/www.radiopiu.net\/wordpress\/wp-content\/uploads\/2020\/01\/8550d617-ce67-49f8-a961-a4f5f6c0c2bb-757x1536.jpg 757w, https:\/\/www.radiopiu.net\/wordpress\/wp-content\/uploads\/2020\/01\/8550d617-ce67-49f8-a961-a4f5f6c0c2bb.jpg 788w\" sizes=\"auto, (max-width: 148px) 100vw, 148px\" \/><\/a>RNATO CON MOVIERI O SEMAFORI<\/p>\n<p><strong>PROVINCIALE 20 VAL FIORENTINA\u00a0<\/strong> LOCALITA&#8217; SOLATOR\u00a0 DAL 13 GENNAIO AL 29 MAGGIO (COMPRESI FESTIVI E PREFESTIVI) SENSO UNICO ALTERNATO REGOLATO DA SEMAFORO O MOVIERI PER ADEGUAMENTO CARREGGIATA<\/p>\n<p><strong>PROVINCIALE 563 DI SALESEI, LIVINALLONGO DEL COL DI LANA<\/strong> DAL 13 GENNAIO AL 24 (ESCLUSI SABATO E DOMENICA) dalle 9 alle 17 interdizione totale al traffico, nei rimanenti periodi senso unico alternato per taglio alberi in localit\u00e0 Pian di Salesei e Salesei<\/p>\n<p><strong>641 PASSO FEDAIA ROCCA PIETORE<\/strong> da martedi 7 gennaio al 6 marzo senso unico alternato regolato da semaforo per tratti di 30 metri. esclusi sabato e domenica<br \/>\n<strong>203 AGORDINA TAIBON AGORDINO<\/strong> dal 7 al 30 gennaio dalle 7 alle 19 senso unico alternato regolato da semaforo. esclusi festivi e prefestivi<\/p>\n<p><strong>48 DELLO DOLOMITI RIO GERE<\/strong>\u00a0 dalle 8 alle 17 fino al 10 aprile senso unico con semaforo, tratti di 200 metri per lavori posa elettrodotto<\/p>\n<div class=\"im_history_message_wrap\">\n<div class=\"im_message_outer_wrap hasselect\" data-msg-id=\"1361\">\n<div class=\"im_message_wrap clearfix\">\n<div class=\"im_content_message_wrap im_message_out\">\n<div class=\"im_message_body\">\n<div dir=\"auto\"><strong>02 PROVINCIALE VALLE DEL MIS\u00a0<\/strong> localit\u00e0 Pascoli-Val Falcina dalle 7 alle 19 fino al 28 febbraio senso unico alternato con semaforo per istallazione impianti illuminazione<\/div>\n<\/div>\n<\/div>\n<\/div>\n<\/div>\n<\/div>\n<p>&nbsp;<\/p>\n<p>&nbsp;<\/p>\n<p>&nbsp;<\/p>\n<\/div>\n<p>&nbsp;<\/p>\n<p>&nbsp;<\/p>\n<p>&nbsp;<\/p>\n<div data-offset-key=\"5n5nl-0-0\">\n<div data-offset-key=\"5n5nl-0-0\">\n<h3><a class=\"dt-pswp-item\" href=\"http:\/\/www.radiopiu.net\/wordpress\/wp-content\/uploads\/2018\/09\/appuntamenti.jpeg\" data-dt-img-description=\"\" data-large_image_width=\"800\" data-large_image_height=\"100\"><img loading=\"lazy\" decoding=\"async\" class=\"aligncenter wp-image-61958 size-full\" src=\"http:\/\/www.radiopiu.net\/wordpress\/wp-content\/uploads\/2018\/09\/appuntamenti.jpeg\" alt=\"\" width=\"800\" height=\"100\" srcset=\"https:\/\/www.radiopiu.net\/wordpress\/wp-content\/uploads\/2018\/09\/appuntamenti.jpeg 800w, https:\/\/www.radiopiu.net\/wordpress\/wp-content\/uploads\/2018\/09\/appuntamenti-300x38.jpeg 300w, https:\/\/www.radiopiu.net\/wordpress\/wp-content\/uploads\/2018\/09\/appuntamenti-768x96.jpeg 768w\" sizes=\"auto, (max-width: 800px) 100vw, 800px\" \/><\/a><\/h3>\n<p>&nbsp;<\/p>\n<h3><a class=\"dt-pswp-item\" href=\"https:\/\/www.radiopiu.net\/wordpress\/wp-content\/uploads\/2020\/01\/e32a9d42-8dfe-4b23-b64b-2dd5eb1766b5.jpg\" data-dt-img-description=\"\" data-large_image_width=\"1600\" data-large_image_height=\"782\"><img loading=\"lazy\" decoding=\"async\" class=\"wp-image-112229 alignleft\" src=\"https:\/\/www.radiopiu.net\/wordpress\/wp-content\/uploads\/2020\/01\/e32a9d42-8dfe-4b23-b64b-2dd5eb1766b5-300x147.jpg\" alt=\"\" width=\"229\" height=\"112\" srcset=\"https:\/\/www.radiopiu.net\/wordpress\/wp-content\/uploads\/2020\/01\/e32a9d42-8dfe-4b23-b64b-2dd5eb1766b5-300x147.jpg 300w, https:\/\/www.radiopiu.net\/wordpress\/wp-content\/uploads\/2020\/01\/e32a9d42-8dfe-4b23-b64b-2dd5eb1766b5-1024x500.jpg 1024w, https:\/\/www.radiopiu.net\/wordpress\/wp-content\/uploads\/2020\/01\/e32a9d42-8dfe-4b23-b64b-2dd5eb1766b5-768x375.jpg 768w, https:\/\/www.radiopiu.net\/wordpress\/wp-content\/uploads\/2020\/01\/e32a9d42-8dfe-4b23-b64b-2dd5eb1766b5-1536x751.jpg 1536w, https:\/\/www.radiopiu.net\/wordpress\/wp-content\/uploads\/2020\/01\/e32a9d42-8dfe-4b23-b64b-2dd5eb1766b5.jpg 1600w\" sizes=\"auto, (max-width: 229px) 100vw, 229px\" \/><\/a><\/h3>\n<h3>La Val che Urla sar\u00e0 in programmazione al cinema Dolomiti di Falcade il 17 (21) 18 (21) e 19 gennaio (21 E 15 ) Al Cinema Italia di Belluno il\u00a0 20, 21 22\u00a0 GENNAIO, l&#8217;8 febbraio a CORTINA<\/h3>\n<\/div>\n<p>&nbsp;<\/p>\n<p><strong>AGORDO<\/strong> La sezione del Cai Armando Tama Da Roit organizza un corso base di sci alpinismo. Presentazione e iscrizioni giovedi\u00a0 dalle 20.30 in sede (municipio di Agordo, piano terra entrata nord). Il corso \u00e8 aperto a quanti vogliono avvicinarsi a questo sport che permette la conoscenza dell&#8217;ambiente montano in veste invernale, imparando a praticarlo con sicurezza. Sono necessari un buon allenamento e una buona conoscenza delle tecniche di sci in pista.<\/p>\n<p>&nbsp;<\/p>\n<p><strong>BELLUNO\u00a0<\/strong> Gioved\u00ec alle 11.30 presso sala conferenze dell\u2019Associazione Bellunesi nel Mondo in via Cavour, 3 verr\u00e0 presentato alla stampa il progetto Botteghe e atelier aziendali \u2013 la lavorazione del legno nella montagna Veneta: patrimonio aziendale, ricchezza del territorio, eredit\u00e0 culturale per le nuove generazioni. Il progetto si pone come obbiettivo la costituzione di una rete fra le aziende partecipanti per la creazione di un \u201cmuseo diffuso del legno\u201d (virtuale e\/o fisico) per incentivare lo sviluppo stesso delle aziende, creare un circuito di conoscenza dei patrimoni territoriali anche in chiave turistica tramite la valorizzazione delle produzioni artistiche e tradizionali di nicchia.<\/p>\n<p>&nbsp;<\/p>\n<p><strong>BELLUNO<\/strong> venerd\u00ec\u00a0 alle 18.30 Davide Rondoni, poeta, editorialista e saggista, sar\u00e0 presente nell&#8217;aula magna del Liceo Lollino Classico e Scientifico, in concomitanza con la notte nazionale dei licei classici. L&#8217;evento \u00e8 organizzato dal Liceo Lollino Classico e Scientifico e dall&#8217;Associazione Amici del Liceo Lollino.<\/p>\n<p>&nbsp;<\/p>\n<p><strong>FALCADE<\/strong> Venerdi alle 10.00 nella Chiesa di Sappade,\u00a0 Santa Messa in occasione di San Antonio. Alla presenza delle autorit\u00e0 verr\u00e0 poi deposta una targa per i 500 anni della chiesa .Come sempre alla Piccola Baita a partire dalle 12 in occasione del Santo Patrono verranno proposti i piatti della tradizione<\/p>\n<p>&nbsp;<\/p>\n<div data-offset-key=\"5n5nl-0-0\">\n<p><strong>LA VALLE<\/strong> L&#8217;amministrazione comunale lavallese ha messo in calendario per sabato alle 20.30 in sala Valmassoi (ex latteria) un importante incontro. Una serata sul tema dell&#8217;inquinamento da campi elettromagnetici\u00a0 con Il dottor Achille Sacchi, esperto di elettrosmog e autore del libro &#8220;inquinamento invisibile&#8221;.<\/p>\n<\/div>\n<p>&nbsp;<\/p>\n<div data-offset-key=\"5n5nl-0-0\">\n<p><strong>AGORDO<\/strong> Danilo Coppe, perito minerario del Follador torna ad Agordo per relazionare sull&#8217;abbattimento controllato del Ponte Morandi di Genova, spiegher\u00e0 le 10 difficolt\u00e0 per l&#8217;esplosivista. Sabato alle 10 in sala Don Tamis con ingresso libero. Un evento organizzato dall&#8217;Istituto Umberto Follador di Agordo, dipartimento geotecnico-minerario.<\/p>\n<p>&nbsp;<\/p>\n<p><strong>ALLEGHE<\/strong> Domenica escursione con le ciaspe da Zopp\u00e8 di Cadore al Rifugio Venezia con Il Cai sezione di Caprile, accompagnatrice Gabriella Bellenzier. Ritrovo sede Cai alle 7.30, partecipazione gratuita ai soci Cai, 10 euro non soci. Iscrizioni entro giovedi 16 al 328 5384339<\/p>\n<\/div>\n<p>&nbsp;<\/p>\n<p><strong>CENCENIGHE<\/strong> L&#8217;amministrazione comunale, Proloco e associazioni di Cencenighe organizzano la Sagra di Sant&#8217;Antone 2020. Nei giorni 17, 18 e 19 gennaio. Venerdi 17: 11 messa in chiesa con Don Gabriele Bernardi; 12 pranzo al Nof Filo&#8217; ospiti i nonni, pomeriggio di intrattenimento e consegna riconoscimenti per Cencenighe e i suoi presepi (info 0437 591549) Sabato 18 gennaio: dalle 21 serata da ballo con Cristian Group. Domenica 19: dalle 14 torneo di scarabocio, iscrizioni alla proloco o prima dell&#8217;inizio del torneo.<\/p>\n<p>&nbsp;<\/p>\n<p>&nbsp;<\/p>\n<p>&nbsp;<\/p>\n<h2><a class=\"dt-pswp-item\" href=\"http:\/\/www.radiopiu.net\/wordpress\/wp-content\/uploads\/2018\/09\/sport.jpg\" data-dt-img-description=\"\" data-large_image_width=\"800\" data-large_image_height=\"100\"><img loading=\"lazy\" decoding=\"async\" class=\"wp-image-60761 size-full aligncenter\" src=\"http:\/\/www.radiopiu.net\/wordpress\/wp-content\/uploads\/2018\/09\/sport.jpg\" alt=\"\" width=\"800\" height=\"100\" srcset=\"https:\/\/www.radiopiu.net\/wordpress\/wp-content\/uploads\/2018\/09\/sport.jpg 800w, https:\/\/www.radiopiu.net\/wordpress\/wp-content\/uploads\/2018\/09\/sport-300x38.jpg 300w, https:\/\/www.radiopiu.net\/wordpress\/wp-content\/uploads\/2018\/09\/sport-768x96.jpg 768w\" sizes=\"auto, (max-width: 800px) 100vw, 800px\" \/><\/a><\/h2>\n<h3><\/h3>\n<\/div>\n<h3>HOCKEY: DOPO UN GRAVE INCIDENTE I RED MUSS ABBANDONANO IL TORNEO AGORDINO<\/h3>\n<p><strong><a class=\"dt-pswp-item\" href=\"https:\/\/www.radiopiu.net\/wordpress\/wp-content\/uploads\/2019\/12\/TORNEO-AGORDINO-HOCKEY-2020-OK.jpg\" data-dt-img-description=\"\" data-large_image_width=\"1125\" data-large_image_height=\"596\"><img loading=\"lazy\" decoding=\"async\" class=\" wp-image-110984 alignleft\" src=\"https:\/\/www.radiopiu.net\/wordpress\/wp-content\/uploads\/2019\/12\/TORNEO-AGORDINO-HOCKEY-2020-OK-300x159.jpg\" alt=\"\" width=\"238\" height=\"126\" srcset=\"https:\/\/www.radiopiu.net\/wordpress\/wp-content\/uploads\/2019\/12\/TORNEO-AGORDINO-HOCKEY-2020-OK-300x159.jpg 300w, https:\/\/www.radiopiu.net\/wordpress\/wp-content\/uploads\/2019\/12\/TORNEO-AGORDINO-HOCKEY-2020-OK-1024x542.jpg 1024w, https:\/\/www.radiopiu.net\/wordpress\/wp-content\/uploads\/2019\/12\/TORNEO-AGORDINO-HOCKEY-2020-OK-768x407.jpg 768w, https:\/\/www.radiopiu.net\/wordpress\/wp-content\/uploads\/2019\/12\/TORNEO-AGORDINO-HOCKEY-2020-OK.jpg 1125w\" sizes=\"auto, (max-width: 238px) 100vw, 238px\" \/><\/a>FELTRE<\/strong> Il presidente dell&#8217; Hockey Club Redmuss, Paolo Pontil Fabbro ha ufficializzato l&#8217;uscita di scena del sodalizio feltrino dal torneo agordino di hockey su ghiaccio al quale ha sempre partecipato. Una presa di posizione quella dei feltrini in seguito a quanto accaduto nell&#8217;incontro con\u00a0 l\u2019USG La Valle. Nel corso della partita un giocatore feltrino\u00a0 \u00e8 finito in ospedale con trauma cranico commotivo e due fratture (frattura composta verticale lungo la parete posteriore del seno mascellare di sinistra e frattura composta a decorso obliquo in corrispondenza della porzione medio-posteriore della parete laterale della cavit\u00e0 orbitaria sinistra). Il presidente della squadra feltrina racconta che l&#8217;episodio \u00e8 avvenuto lontano dall\u2019azione di gioco. <em>&#8220;Il nostro giocatore &#8211; dice &#8211;\u00a0 \u00e8 stato vittima di un intervento violento che, proprio perch\u00e8 non inserito in una fase di gioco ma appunto concretizzatosi a disco lontano, consideriamo &#8220;vile&#8221; e nulla ha a che vedere con il nostro sport&#8221;. <\/em>Lo sfogo della societ\u00e0 non finisce qui, continua facendo riferimento all&#8217;atteggiamento della squadra lavallese che non avrebbe condannato\u00a0il gesto del proprio giocatore ponendolo difronte alle\u00a0 proprie responsabilit\u00e0 <em>&#8220;I giocatori e dirigenti del La Valle &#8211; continua Paolo Pontil Fabbro &#8211;\u00a0 hanno minimizzato il tutto e coperto il responsabile fino al giorno dopo. Un atteggiamento di omert\u00e0 che ci ha deluso e amareggiato&#8221;.\u00a0<\/em>Da Feltre piovono le critiche anche verso gli organizzatori del Torneo\u00a0 per\u00a0 non aver preso provvedimenti in merito all\u2019episodio leggittimando la possibilit\u00e0 che chiunque, lontano dall\u2019azione di gioco e senza disco, possa agire in maniera tale da causare conseguenze come quelle riportate dal giocatore feltrino.<em> &#8220;Per non parlare della mancanza di assistenza sanitaria alle partite &#8211; continua il presidente nel suo atto d&#8217;accusa &#8211;\u00a0 siamo amareggiati nell\u2019abbandonare il torneo; ma essendo questo un torneo amatoriale, dove partecipa gente che vuole divertirsi e che il giorno dopo \u00e8 al lavoro o comunque ha famiglia, riteniamo assurdo l\u2019episodio, le sue conseguenze, i mancati provvedimenti. Un torneo dove il regolamento vieta le cariche ma che di fatto consente che possa essere spedito in ospedale un giocatore, in seguito ad un episodio avvenuto lontano dal gioco. Il tutto, senza nessun provvedimento nei confronti della squadra e\/o del singolo responsabile, autore del gesto&#8221;.<\/em><\/p>\n<p>&nbsp;<\/p>\n<p>&nbsp;<\/p>\n<p><strong>IN MERITO ALL\u2019EPISODIO LE PRECISAZIONI DI MANFREDI DE BERNARDO ORGANIZZATORE DA SETTE ANNI DEL TORNEO AGORDINO\u00a0<\/strong><\/p>\n<audio class=\"wp-audio-shortcode\" id=\"audio-112885-7\" preload=\"none\" style=\"width: 100%;\" controls=\"controls\"><source type=\"audio\/mpeg\" src=\"https:\/\/www.radiopiu.net\/wordpress\/wp-content\/uploads\/2020\/01\/MANFREDI-FELTRE-RITIRATO.mp3?_=7\" \/><a href=\"https:\/\/www.radiopiu.net\/wordpress\/wp-content\/uploads\/2020\/01\/MANFREDI-FELTRE-RITIRATO.mp3\">https:\/\/www.radiopiu.net\/wordpress\/wp-content\/uploads\/2020\/01\/MANFREDI-FELTRE-RITIRATO.mp3<\/a><\/audio>\n<p>&nbsp;<\/p>\n<p>&nbsp;<\/p>\n<h3>HOCKEY, INCIDENTE FELTRE-LA VALLE LE PRECISAZIONI DELLA SOCIETA&#8217; AGORDINA<\/h3>\n<blockquote><p><em>La societ\u00e0 del La Valle interviene nella questione resa nota ieri dai Red Muss Feltre. Lo fa con un documento a firma della presidente\u00a0 Alessandra De Zaiacomo<\/em><\/p><\/blockquote>\n<p>L\u2019Unione Sportiva Ghiaccio La Valle si dichiara fortemente dispiaciuta per il fatto avvenuto durante la partita del Torneo Agordino di Hockey disputata a La Valle la sera del 10 gennaio 2020. Non possiamo credere che il nostro giocatore abbia agito volontariamente contro l\u2019avversario o che vi sia stata intenzionalit\u00e0 nel recargli danno e fargli del male; riteniamo invece che sul campo di gioco si sia verificato uno scontro accidentale che ha avuto purtroppo serie conseguenze per il giocatore dei Red Muss Feltre. Non accettiamo le accuse di atteggiamento omertoso che ci sono state rivolte dal Presidente Pontil in quanto nulla c\u2019era da coprire. Sosteniamo che la gravit\u00e0 delle conseguenze riportate dal giocatore feltrino sia emersa in modo chiaro solo il mattino seguente la competizione; a quel punto il nostro giocatore, coinvolto nell\u2019incidente, ha contattato privatamente l\u2019avversario per sincerarsi delle sue condizioni, porgere le proprie scuse ed esprimere tutta la sua vicinanza. Ci teniamo comunque a precisare che, la sera stessa, pi\u00f9 persone dell\u2019USG La Valle, in primis l\u2019allenatore, si sono preoccupate delle condizioni del giocatore infortunato che aveva subito lasciato il campo di gioco, recandosi nello spogliatoio e parlando direttamente con lui, consigliando anche l\u2019opportunit\u00e0 di una visita di controllo. Ricordiamo inoltre che l\u2019hockey si gioca a tutto campo, pertanto scontri tra giocatori che si riposizionano possono verificarsi anche fuori dalla zona dove si trova il disco.<br \/>\nQuesti fatti, e tutte le polemiche che ne sono seguite, hanno amareggiato e deluso anche noi; ci dispiace che la squadra del Feltre abbia deciso di abbandonare il Torneo e che i gi\u00e0 ottimi rapporti instaurati nel tempo tra le due societ\u00e0 risultino in tal modo compromessi. Ancor pi\u00f9 importante, porgiamo nuovamente al giocatore dei Red Muss i nostri sentiti auguri di una pronta e completa guarigione.<\/p>\n<p>&nbsp;<\/p>\n<p>&nbsp;<\/p>\n<h3>TORNEO AGORDINO DI HOCKEY&#8230;IL PUNTO DOPO IL RITIRO DEL FELTRE<\/h3>\n<p>Si sono concluse le prime 3 partite del Torneo Agordino di Hockey e gli organizzatori fanno il punto della situazione dopo le prime giornate.<\/p>\n<p><strong>IL RIASSUNTO DI MANFREDI DE BERNARDO<\/strong><\/p>\n<audio class=\"wp-audio-shortcode\" id=\"audio-112885-8\" preload=\"none\" style=\"width: 100%;\" controls=\"controls\"><source type=\"audio\/mpeg\" src=\"https:\/\/www.radiopiu.net\/wordpress\/wp-content\/uploads\/2020\/01\/MANFREDI-PARTITE.mp3?_=8\" \/><a href=\"https:\/\/www.radiopiu.net\/wordpress\/wp-content\/uploads\/2020\/01\/MANFREDI-PARTITE.mp3\">https:\/\/www.radiopiu.net\/wordpress\/wp-content\/uploads\/2020\/01\/MANFREDI-PARTITE.mp3<\/a><\/audio>\n<p>&nbsp;<\/p>\n<p>&nbsp;<\/p>\n<p>&nbsp;<\/p>\n<p>&nbsp;<\/p>\n<h3>DA MERCOLEDI SI APRONO LE ISCRIZIONI PER LA PROSSIMA TRANS CIVETTA<\/h3>\n<blockquote><p><em><span style=\"font-family: verdana, sans-serif;\"><b>L&#8217;appuntamento, giunto alla 40. edizione, \u00e8 in programma per domenica 19 luglio<\/b><\/span><\/em><\/p><\/blockquote>\n<p><span style=\"font-family: verdana, sans-serif;\"><strong><a class=\"dt-pswp-item\" href=\"https:\/\/www.radiopiu.net\/wordpress\/wp-content\/uploads\/2020\/01\/\u00a9Ticomunicazione_105-TRANSCIVETTA-KARPOS-2019.jpg\" data-dt-img-description=\"\" data-large_image_width=\"1900\" data-large_image_height=\"1267\"><img loading=\"lazy\" decoding=\"async\" class=\" wp-image-112920 alignleft\" src=\"https:\/\/www.radiopiu.net\/wordpress\/wp-content\/uploads\/2020\/01\/\u00a9Ticomunicazione_105-TRANSCIVETTA-KARPOS-2019-300x200.jpg\" alt=\"\" width=\"176\" height=\"117\" srcset=\"https:\/\/www.radiopiu.net\/wordpress\/wp-content\/uploads\/2020\/01\/\u00a9Ticomunicazione_105-TRANSCIVETTA-KARPOS-2019-300x200.jpg 300w, https:\/\/www.radiopiu.net\/wordpress\/wp-content\/uploads\/2020\/01\/\u00a9Ticomunicazione_105-TRANSCIVETTA-KARPOS-2019-1024x683.jpg 1024w, https:\/\/www.radiopiu.net\/wordpress\/wp-content\/uploads\/2020\/01\/\u00a9Ticomunicazione_105-TRANSCIVETTA-KARPOS-2019-768x512.jpg 768w, https:\/\/www.radiopiu.net\/wordpress\/wp-content\/uploads\/2020\/01\/\u00a9Ticomunicazione_105-TRANSCIVETTA-KARPOS-2019-1536x1024.jpg 1536w, https:\/\/www.radiopiu.net\/wordpress\/wp-content\/uploads\/2020\/01\/\u00a9Ticomunicazione_105-TRANSCIVETTA-KARPOS-2019.jpg 1900w\" sizes=\"auto, (max-width: 176px) 100vw, 176px\" \/><\/a>ALLEGHE<\/strong> Da mercoled\u00ec 15 gennaio \u00e8 possibile aderire all\u2019evento della corsa in montagna, classica a coppie giunta alla <a href=\"http:\/\/40.ma\">40.ma<\/a> edizione, che si svolger\u00e0 domenica 19 luglio sul tracciato di 23 chilometri tra Listolade e i Piani di Pezz\u00e8. <\/span><span style=\"font-family: verdana, sans-serif;\">Andando sul sito ufficiale della manifestazione, <a href=\"http:\/\/www.transcivetta.com\">www.transcivetta.com<\/a>, sar\u00e0 possibile scaricare il modulo che consentir\u00e0 di perfezionare la propria adesione. Per chi si iscriver\u00e0 entro il 31 marzo, il costo di adesione \u00e8 fissato in 80 euro a coppia mentre per le coppie che si iscriveranno dall\u2019 1 aprile scatter\u00e0 una maggiorazione: 90 euro. Le iscrizioni si chiuderanno l&#8217;1 luglio o, in ogni caso, al raggiungimento delle mille coppie. <\/span><span style=\"font-family: verdana, sans-serif;\">Come gi\u00e0 per le ultime stagioni, anche per l\u2019edizione 2020 ci sar\u00e0 una doppia possibilit\u00e0 di partecipazione alla gara: versione agonistica oppure versione non agonistica. La prova agonistica, per la quale sar\u00e0 redatta una classifica ufficiale, prevede che i concorrenti al momento dell\u2019iscrizione presentino un attestato medico sportivo dedicato all\u2019attivit\u00e0 agonistica. La coppia pu\u00f2 in alternativa iscriversi alla manifestazione \u201cnon competitiva\u201d: in questo caso avr\u00e0 diritto a tutti i servizi dell\u2019evento, ad esclusione della presenza nella classifica agonistica. Verr\u00e0 comunque stilato un documento relativo alla \u201cnon competitiva\u201d, in ordine di pettorale, con i tempi rilevati all\u2019arrivo. <\/span><span style=\"font-family: verdana, sans-serif;\">Per tutte le informazioni: <a href=\"http:\/\/www.transcivetta.com\">www.transcivetta.com<\/a><\/span><\/p>\n<p>&nbsp;<\/p>\n<p>&nbsp;<\/p>\n<p>&nbsp;<\/p>\n<p>&nbsp;<\/p>\n<h3><a class=\"dt-pswp-item\" href=\"http:\/\/www.radiopiu.net\/wordpress\/wp-content\/uploads\/2018\/09\/WhatsApp-Image-2018-09-20-at-16.04.06.jpeg\" data-dt-img-description=\"\" data-large_image_width=\"800\" data-large_image_height=\"100\"><img loading=\"lazy\" decoding=\"async\" class=\"wp-image-61378 size-full aligncenter\" src=\"http:\/\/www.radiopiu.net\/wordpress\/wp-content\/uploads\/2018\/09\/WhatsApp-Image-2018-09-20-at-16.04.06.jpeg\" alt=\"\" width=\"800\" height=\"100\" srcset=\"https:\/\/www.radiopiu.net\/wordpress\/wp-content\/uploads\/2018\/09\/WhatsApp-Image-2018-09-20-at-16.04.06.jpeg 800w, https:\/\/www.radiopiu.net\/wordpress\/wp-content\/uploads\/2018\/09\/WhatsApp-Image-2018-09-20-at-16.04.06-300x38.jpeg 300w, https:\/\/www.radiopiu.net\/wordpress\/wp-content\/uploads\/2018\/09\/WhatsApp-Image-2018-09-20-at-16.04.06-768x96.jpeg 768w\" sizes=\"auto, (max-width: 800px) 100vw, 800px\" \/><\/a><\/h3>\n<p>&nbsp;<\/p>\n<p><center><b>Martedi 14<\/b><\/center><b>Tempo atteso: <\/b>Al primo mattino cielo sereno, poi transito di temporanee sottili nubi alte di poco conto. Dalle ore centrali in poi tempo di nuovo ben soleggiato. Clima un po&#8217; pi\u00f9 freddo a tutte le quote rispetto a luned\u00ec, persiste l&#8217;inversione termica nelle valli.<br \/>\n<b>Precipitazioni: <\/b>Assenti (0%).<br \/>\n<b>Temperature: <\/b>In generale calo ovunque, specie le massime a bassa quota. Sono previste punte di 3\/5\u00b0C nelle conche prealpine, di 2\/3\u00b0C a 1000\/1200 m, localmente fino a 4\/5\u00b0C alle stesse quote sulle Prealpi, mentre il clima rimarr\u00e0 assai freddo nelle valli in ombra (spesso sotto 0\u00b0C). L&#8217;avvezione fredda nei bassi strati provocher\u00e0 una grande isotermia verticale tra 1500 e 3000 m. Sulle Prealpi a 1500 m minima -3\u00b0C e massima -1\u00b0C, a 2000 m minima -3\u00b0C e massima -2\u00b0C; sulle Dolomiti a 2000 m minima -4\u00b0C e massima -2\u00b0C, a 3000 m minima -4\u00b0C e massima -1\u00b0C.<br \/>\n<b>Venti: <\/b>Nelle valli, deboli di direzione variabile; in quota nelle prime ore moderati e poi deboli, perlopi\u00f9 dai quadranti occidentali oltre i 2500 m e da est sud-est attorno ai 1500 m, a 5-10 km\/h a 2000 m e 5-15 km\/h a 3000 m.<\/p>\n<hr \/>\n<p><center><b>Mercoledi 15<\/b><\/center><b>Tempo atteso: <\/b>Tempo ben soleggiato per gran parte della giornata. Le uniche insidie saranno legate al sopraggiungere di nubi alte tra il tardo pomeriggio e la sera e l&#8217;eventuale formazione di foschie o nebbie nelle ore pi\u00f9 fredde nel catino bellunese. Clima assai pi\u00f9 mite in quota, ancora freddo con inversione termica nelle valli.<br \/>\n<b>Precipitazioni: <\/b>Assenti (0%).<br \/>\n<b>Temperature: <\/b>In generale aumento in alta quota e senza notevoli variazioni nelle valli. Come per il giorno precedente si avr\u00e0 una grande isoltermia verticale tra 1500 e 3000 m. Sulle Prealpi a 1500 m minima -2\u00b0C e massima 0\u00b0C, a 2000 m minima -2\u00b0C e massima 0\u00b0C; sulle Dolomiti a 2000 m minima -2\u00b0C e massima 0\u00b0C, a 3000 m minima 0\u00b0C e massima 1\u00b0C.<br \/>\n<b>Venti: <\/b>Nelle valli, deboli di direzione variabile, con locali rinforzi per brezze di monte su alcuni settori prealpini a ridosso della pedemontana; in quota da deboli a moderati da sud-ovest, a 5-10 km\/h a 2000 m e 10-25 km\/h a 3000 m.<\/p>\n<hr \/>\n<p><center><b>Giovedi 16<\/b><\/center>Qualche tratto soleggiato e presenza di nubi alte e medio-alte, a tratti estese, specie dalle ore centrali in poi. Temperature in generale aumento, eccetto le massime in quota, che dovrebbero subire una lieve flessione. Venti in quota perlopi\u00f9 deboli da sud-est al mattino e da sud-ovest al pomeriggio, nelle valli deboli di direzione variabile.<\/p>\n<hr \/>\n<p><center><b>Venerdi 17<\/b><\/center>Tempo ben soleggiato e stabile, con aria nitida ed ottima visibilit\u00e0 a tutte le quote. Temperature in leggero calo a tutte le quote. In quota venti deboli dai quadranti meridionali; deboli di direzione variabile nelle valli, eccetto qualche rinforzo per brezze di monte su alcuni settori prealpini. Previsore: R.L.Th.<\/p>\n","protected":false},"excerpt":{"rendered":"<p>&nbsp; ACQUA INQUINATA A LA VALLE LA VALLE AGORDINA nelle LOCALITA&#8217; RONCHE, RONCHET, NOACH, LE CAMPE e CANCELLADE l&#8217;acqua erogata dall&#8217;acquedotto non \u00e8 potabile e pu\u00f2 essere usata per scopi alimentari SOLO PREVIA bollitura. GSP ha, comunque, gi\u00e0 adottato le necessarie misure per la disinfezione dell&#8217;acqua presente nei serbatoi e nella rete idrica con l&#8217;aggiunta&hellip;<\/p>\n","protected":false},"author":1,"featured_media":112896,"comment_status":"closed","ping_status":"closed","sticky":false,"template":"","format":"standard","meta":{"_monsterinsights_skip_tracking":false,"_monsterinsights_sitenote_active":false,"_monsterinsights_sitenote_note":"","_monsterinsights_sitenote_category":0,"footnotes":""},"categories":[1,51,86,49],"tags":[],"class_list":["post-112885","post","type-post","status-publish","format-standard","has-post-thumbnail","hentry","category-senza-categoria","category-evidenza-top","category-gr","category-news-18","category-1","category-51","category-86","category-49","description-off"],"img_url":"https:\/\/www.radiopiu.net\/wordpress\/wp-content\/uploads\/2020\/01\/0add9e09-02f5-4e82-8bd4-58612eaac729.jpg","_links":{"self":[{"href":"https:\/\/www.radiopiu.net\/wordpress\/wp-json\/wp\/v2\/posts\/112885","targetHints":{"allow":["GET"]}}],"collection":[{"href":"https:\/\/www.radiopiu.net\/wordpress\/wp-json\/wp\/v2\/posts"}],"about":[{"href":"https:\/\/www.radiopiu.net\/wordpress\/wp-json\/wp\/v2\/types\/post"}],"author":[{"embeddable":true,"href":"https:\/\/www.radiopiu.net\/wordpress\/wp-json\/wp\/v2\/users\/1"}],"replies":[{"embeddable":true,"href":"https:\/\/www.radiopiu.net\/wordpress\/wp-json\/wp\/v2\/comments?post=112885"}],"version-history":[{"count":0,"href":"https:\/\/www.radiopiu.net\/wordpress\/wp-json\/wp\/v2\/posts\/112885\/revisions"}],"wp:featuredmedia":[{"embeddable":true,"href":"https:\/\/www.radiopiu.net\/wordpress\/wp-json\/wp\/v2\/media\/112896"}],"wp:attachment":[{"href":"https:\/\/www.radiopiu.net\/wordpress\/wp-json\/wp\/v2\/media?parent=112885"}],"wp:term":[{"taxonomy":"category","embeddable":true,"href":"https:\/\/www.radiopiu.net\/wordpress\/wp-json\/wp\/v2\/categories?post=112885"},{"taxonomy":"post_tag","embeddable":true,"href":"https:\/\/www.radiopiu.net\/wordpress\/wp-json\/wp\/v2\/tags?post=112885"}],"curies":[{"name":"wp","href":"https:\/\/api.w.org\/{rel}","templated":true}]}}