{"id":112938,"date":"2020-01-13T23:59:33","date_gmt":"2020-01-13T22:59:33","guid":{"rendered":"https:\/\/www.radiopiu.net\/wordpress\/?p=112938"},"modified":"2020-01-14T09:42:39","modified_gmt":"2020-01-14T08:42:39","slug":"torneo-agordino-di-hockey-il-punto-dopo-il-ritiro-del-feltre","status":"publish","type":"post","link":"https:\/\/www.radiopiu.net\/wordpress\/torneo-agordino-di-hockey-il-punto-dopo-il-ritiro-del-feltre\/","title":{"rendered":"TORNEO AGORDINO DI HOCKEY&#8230;IL PUNTO DOPO IL RITIRO DEL FELTRE"},"content":{"rendered":"<p>&nbsp;<\/p>\n<p>Si sono concluse le prime 3 partite del Torneo Agordino di Hockey e gli organizzatori fanno il punto della situazione dopo le prime giornate.<\/p>\n<p><strong>IL RIASSUNTO DI MANFREDI DE BERNARDO<\/strong><\/p>\n<audio class=\"wp-audio-shortcode\" id=\"audio-112938-1\" preload=\"none\" style=\"width: 100%;\" controls=\"controls\"><source type=\"audio\/mpeg\" src=\"https:\/\/www.radiopiu.net\/wordpress\/wp-content\/uploads\/2020\/01\/MANFREDI-PARTITE.mp3?_=1\" \/><a href=\"https:\/\/www.radiopiu.net\/wordpress\/wp-content\/uploads\/2020\/01\/MANFREDI-PARTITE.mp3\">https:\/\/www.radiopiu.net\/wordpress\/wp-content\/uploads\/2020\/01\/MANFREDI-PARTITE.mp3<\/a><\/audio>\n<p>&nbsp;<\/p>\n<p>&nbsp;<\/p>\n<p><span style=\"color: #ff0000;\">Nelle ultime ore per\u00f2 \u00e8 arrivata la notizia che la squadra dei Red Muss Feltre ha deciso di ritirarsi dal torneo dopo un grave incidente avvenuto nella partita inaugurale contro il La Valle.<\/span><\/p>\n<p>&nbsp;<\/p>\n<p>&nbsp;<\/p>\n<h2>HOCKEY: DOPO UN GRAVE INCIDENTE I RED MUSS FELTRE ABBANDONANO IL TORNEO AGORDINO<\/h2>\n<p><a class=\"dt-pswp-item\" href=\"https:\/\/www.radiopiu.net\/wordpress\/wp-content\/uploads\/2019\/12\/TORNEO-AGORDINO-HOCKEY-2020-OK.jpg\" data-dt-img-description=\"\" data-large_image_width=\"1125\" data-large_image_height=\"596\"><img loading=\"lazy\" decoding=\"async\" class=\"size-medium wp-image-110984 alignright\" src=\"https:\/\/www.radiopiu.net\/wordpress\/wp-content\/uploads\/2019\/12\/TORNEO-AGORDINO-HOCKEY-2020-OK-300x159.jpg\" alt=\"\" width=\"300\" height=\"159\" srcset=\"https:\/\/www.radiopiu.net\/wordpress\/wp-content\/uploads\/2019\/12\/TORNEO-AGORDINO-HOCKEY-2020-OK-300x159.jpg 300w, https:\/\/www.radiopiu.net\/wordpress\/wp-content\/uploads\/2019\/12\/TORNEO-AGORDINO-HOCKEY-2020-OK-1024x542.jpg 1024w, https:\/\/www.radiopiu.net\/wordpress\/wp-content\/uploads\/2019\/12\/TORNEO-AGORDINO-HOCKEY-2020-OK-768x407.jpg 768w, https:\/\/www.radiopiu.net\/wordpress\/wp-content\/uploads\/2019\/12\/TORNEO-AGORDINO-HOCKEY-2020-OK.jpg 1125w\" sizes=\"auto, (max-width: 300px) 100vw, 300px\" \/><\/a><strong>FELTRE<\/strong> Il presidente dell&#8217; Hockey Club Redmuss, Paolo Pontil Fabbro ha ufficializzato l&#8217;uscita di scena del sodalizio feltrino dal torneo agordino di hockey su ghiaccio al quale ha sempre partecipato. Una presa di posizione quella dei feltrini in seguito a quando accaduto nell&#8217;incontro con\u00a0 l\u2019USG La Valle. Nel corso della partita un giocatore feltrino\u00a0 \u00e8 finito in ospedale con trauma cranico commotivo e due fratture (frattura composta verticale lungo la parete posteriore del seno mascellare di sinistra e frattura composta a decorso obliquo in corrispondenza della porzione medio-posteriore della parete laterale della cavit\u00e0 orbitaria sinistra). Il presidente della squadra feltrina racconta che l&#8217;episodio \u00e8 avvenuto lontano dall\u2019azione di gioco. &#8220;Il nostro giocatore &#8211; dice &#8211;\u00a0 \u00e8 stato vittima di un intervento violento che, proprio perch\u00e8 non inserito in una fase di gioco ma appunto concretizzatosi a disco lontano, consideriamo &#8220;vile&#8221; e nulla ha a che vedere con il nostro sport&#8221;. Lo sfogo della societ\u00e0 non finisce qui, continua facendo riferimento all&#8217;atteggiamento della squadra lavallese che non avrebbe condannato\u00a0il gesto del proprio giocatore ponendolo difronte alle\u00a0 proprie responsabilit\u00e0 &#8220;I giocatori e dirigenti del La Valle &#8211; continua Paolo Pontil Fabbro &#8211;\u00a0 hanno minimizzato il tutto e coperto il responsabile fino al giorno dopo. Un atteggiamento di omert\u00e0 che ci ha deluso e amareggiato&#8221;.\u00a0Da Feltre piovono le critiche anche verso gli organizzatori del Torneo\u00a0 per\u00a0 non aver preso provvedimenti in merito all\u2019episodio leggittimando la possibilit\u00e0 che chiunque, lontano dall\u2019azione di gioco e senza disco, possa agire in maniera tale da causare conseguenze come quelle riportate dal giocatore feltrino. &#8220;Per non parlare della mancanza di assistenza sanitaria alle partite &#8211; continua il presidente nel suo atto d&#8217;accusa &#8211;\u00a0 siamo amareggiati nell\u2019abbandonare il torneo; ma essendo questo un torneo amatoriale, dove partecipa gente che vuole divertirsi e che il giorno dopo \u00e8 al lavoro o comunque ha famiglia, riteniamo assurdo l\u2019episodio, le sue conseguenze, i mancati provvedimenti. Un torneo dove il regolamento vieta le cariche ma che di fatto consente che possa essere spedito in ospedale un giocatore, in seguito ad un episodio avvenuto lontano dal gioco. Il tutto, senza nessun provvedimento nei confronti della squadra e\/o del singolo responsabile, autore del gesto&#8221;.<\/p>\n<p>&nbsp;<\/p>\n<p><strong>IN MERITO ALL&#8217;EPISODIO LE PRECISAZIONI DI MANFREDI DE BERNARDO<\/strong><\/p>\n<audio class=\"wp-audio-shortcode\" id=\"audio-112938-2\" preload=\"none\" style=\"width: 100%;\" controls=\"controls\"><source type=\"audio\/mpeg\" src=\"https:\/\/www.radiopiu.net\/wordpress\/wp-content\/uploads\/2020\/01\/MANFREDI-FELTRE-RITIRATO.mp3?_=2\" \/><a href=\"https:\/\/www.radiopiu.net\/wordpress\/wp-content\/uploads\/2020\/01\/MANFREDI-FELTRE-RITIRATO.mp3\">https:\/\/www.radiopiu.net\/wordpress\/wp-content\/uploads\/2020\/01\/MANFREDI-FELTRE-RITIRATO.mp3<\/a><\/audio>\n<p>&nbsp;<\/p>\n<h3>HOCKEY, INCIDENTE FELTRE-LA VALLE LE PRECISAZIONI DELLA SOCIETA&#8217; AGORDINA<\/h3>\n<blockquote><p><em>La societ\u00e0 del La Valle interviene nella questione resa nota ieri dai Red Muss Feltre. Lo fa con un documento a firma della presidente\u00a0 Alessandra De Zaiacomo<\/em><\/p><\/blockquote>\n<p>L\u2019Unione Sportiva Ghiaccio La Valle si dichiara fortemente dispiaciuta per il fatto avvenuto durante la partita del Torneo Agordino di Hockey disputata a La Valle la sera del 10 gennaio 2020. Non possiamo credere che il nostro giocatore abbia agito volontariamente contro l\u2019avversario o che vi sia stata intenzionalit\u00e0 nel recargli danno e fargli del male; riteniamo invece che sul campo di gioco si sia verificato uno scontro accidentale che ha avuto purtroppo serie conseguenze per il giocatore dei Red Muss Feltre. Non accettiamo le accuse di atteggiamento omertoso che ci sono state rivolte dal Presidente Pontil in quanto nulla c\u2019era da coprire. Sosteniamo che la gravit\u00e0 delle conseguenze riportate dal giocatore feltrino sia emersa in modo chiaro solo il mattino seguente la competizione; a quel punto il nostro giocatore, coinvolto nell\u2019incidente, ha contattato privatamente l\u2019avversario per sincerarsi delle sue condizioni, porgere le proprie scuse ed esprimere tutta la sua vicinanza. Ci teniamo comunque a precisare che, la sera stessa, pi\u00f9 persone dell\u2019USG La Valle, in primis l\u2019allenatore, si sono preoccupate delle condizioni del giocatore infortunato che aveva subito lasciato il campo di gioco, recandosi nello spogliatoio e parlando direttamente con lui, consigliando anche l\u2019opportunit\u00e0 di una visita di controllo. Ricordiamo inoltre che l\u2019hockey si gioca a tutto campo, pertanto scontri tra giocatori che si riposizionano possono verificarsi anche fuori dalla zona dove si trova il disco.<br \/>\nQuesti fatti, e tutte le polemiche che ne sono seguite, hanno amareggiato e deluso anche noi; ci dispiace che la squadra del Feltre abbia deciso di abbandonare il Torneo e che i gi\u00e0 ottimi rapporti instaurati nel tempo tra le due societ\u00e0 risultino in tal modo compromessi. Ancor pi\u00f9 importante, porgiamo nuovamente al giocatore dei Red Muss i nostri sentiti auguri di una pronta e completa guarigione.<\/p>\n","protected":false},"excerpt":{"rendered":"<p>&nbsp; Si sono concluse le prime 3 partite del Torneo Agordino di Hockey e gli organizzatori fanno il punto della situazione dopo le prime giornate. IL RIASSUNTO DI MANFREDI DE BERNARDO &nbsp; &nbsp; Nelle ultime ore per\u00f2 \u00e8 arrivata la notizia che la squadra dei Red Muss Feltre ha deciso di ritirarsi dal torneo dopo&hellip;<\/p>\n","protected":false},"author":4,"featured_media":71463,"comment_status":"closed","ping_status":"closed","sticky":false,"template":"","format":"standard","meta":{"_monsterinsights_skip_tracking":false,"_monsterinsights_sitenote_active":false,"_monsterinsights_sitenote_note":"","_monsterinsights_sitenote_category":0,"footnotes":""},"categories":[104,49,72],"tags":[],"class_list":["post-112938","post","type-post","status-publish","format-standard","has-post-thumbnail","hentry","category-evidenza_3","category-news-18","category-sport","category-104","category-49","category-72","description-off"],"img_url":"https:\/\/www.radiopiu.net\/wordpress\/wp-content\/uploads\/2019\/01\/AE7A9D38-59B1-49C9-9B49-6662F54D0440.jpeg","_links":{"self":[{"href":"https:\/\/www.radiopiu.net\/wordpress\/wp-json\/wp\/v2\/posts\/112938","targetHints":{"allow":["GET"]}}],"collection":[{"href":"https:\/\/www.radiopiu.net\/wordpress\/wp-json\/wp\/v2\/posts"}],"about":[{"href":"https:\/\/www.radiopiu.net\/wordpress\/wp-json\/wp\/v2\/types\/post"}],"author":[{"embeddable":true,"href":"https:\/\/www.radiopiu.net\/wordpress\/wp-json\/wp\/v2\/users\/4"}],"replies":[{"embeddable":true,"href":"https:\/\/www.radiopiu.net\/wordpress\/wp-json\/wp\/v2\/comments?post=112938"}],"version-history":[{"count":0,"href":"https:\/\/www.radiopiu.net\/wordpress\/wp-json\/wp\/v2\/posts\/112938\/revisions"}],"wp:featuredmedia":[{"embeddable":true,"href":"https:\/\/www.radiopiu.net\/wordpress\/wp-json\/wp\/v2\/media\/71463"}],"wp:attachment":[{"href":"https:\/\/www.radiopiu.net\/wordpress\/wp-json\/wp\/v2\/media?parent=112938"}],"wp:term":[{"taxonomy":"category","embeddable":true,"href":"https:\/\/www.radiopiu.net\/wordpress\/wp-json\/wp\/v2\/categories?post=112938"},{"taxonomy":"post_tag","embeddable":true,"href":"https:\/\/www.radiopiu.net\/wordpress\/wp-json\/wp\/v2\/tags?post=112938"}],"curies":[{"name":"wp","href":"https:\/\/api.w.org\/{rel}","templated":true}]}}