{"id":112947,"date":"2020-01-14T05:43:44","date_gmt":"2020-01-14T04:43:44","guid":{"rendered":"https:\/\/www.radiopiu.net\/wordpress\/?p=112947"},"modified":"2020-01-14T05:43:50","modified_gmt":"2020-01-14T04:43:50","slug":"sicurezza-stradale-al-via-una-serie-di-iniziative-per-rendere-piu-sicura-la-circolazione-lungo-le-strade-bellunesi","status":"publish","type":"post","link":"https:\/\/www.radiopiu.net\/wordpress\/sicurezza-stradale-al-via-una-serie-di-iniziative-per-rendere-piu-sicura-la-circolazione-lungo-le-strade-bellunesi\/","title":{"rendered":"SICUREZZA STRADALE: AL VIA UNA SERIE DI INIZIATIVE PER RENDERE PIU\u2019 SICURA LA CIRCOLAZIONE LUNGO LE STRADE BELLUNESI"},"content":{"rendered":"<h3><\/h3>\n<p><strong><a class=\"dt-pswp-item\" href=\"https:\/\/www.radiopiu.net\/wordpress\/wp-content\/uploads\/2019\/05\/incidente-levego.jpg\" data-dt-img-description=\"\" data-large_image_width=\"1280\" data-large_image_height=\"960\"><img loading=\"lazy\" decoding=\"async\" class=\"size-medium wp-image-85747 alignleft\" src=\"https:\/\/www.radiopiu.net\/wordpress\/wp-content\/uploads\/2019\/05\/incidente-levego-300x225.jpg\" alt=\"\" width=\"300\" height=\"225\" srcset=\"https:\/\/www.radiopiu.net\/wordpress\/wp-content\/uploads\/2019\/05\/incidente-levego-300x225.jpg 300w, https:\/\/www.radiopiu.net\/wordpress\/wp-content\/uploads\/2019\/05\/incidente-levego-768x576.jpg 768w, https:\/\/www.radiopiu.net\/wordpress\/wp-content\/uploads\/2019\/05\/incidente-levego-1024x768.jpg 1024w, https:\/\/www.radiopiu.net\/wordpress\/wp-content\/uploads\/2019\/05\/incidente-levego.jpg 1280w\" sizes=\"auto, (max-width: 300px) 100vw, 300px\" \/><\/a>BELLUNO<\/strong>\u00a0 \u00a0Incidenti in leggero calo nel bellunese ma attenzione massima al fenomeno da parte di tutte le Istituzioni coinvolte: \u00e8 questo l\u2019esito del tavolo presieduto oggi, a Palazzo dei Rettori, dal Prefetto, Adriana Cogode, nell\u2019ambito dell\u2019Osservatorio Provinciale sull\u2019incidentalit\u00e0 stradale, con la partecipazione del Sindaco di Belluno, Jacopo Massaro, del Consigliere Provinciale, Massimo Bortoluzzi, dei rappresentanti delle Forze di Polizia, dei Vigili del Fuoco, della Motorizzazione Civile, dell\u2019Ufficio Scolastico Territoriale, di Anas e Veneto Strade. In particolare, sono stati esaminati i dati sull\u2019incidentalit\u00e0 in provincia che, nel 1^ semestre 2019, hanno registrato un calo dei sinistri \u2013 rispetto allo stesso periodo del 2018 \u2013 pari al 21,6% (174 incidenti rispetto ai 222 del primo semestre 2018) cui \u00e8 corrisposta una diminuzione del numero dei morti e dei feriti (in calo, rispettivamente del 40% e 18,7%). Analogo trend si rileva anche per il secondo semestre dello scorso anno, sebbene la rilevazione statstica debba ancora essere validata. \u00a0A fronte del dato positivo relativo ai sinistri, il 2019 ha segnato un deciso aumento del numero delle sospensioni e revoche di patenti disposte dalla Prefettura a seguito di violazioni del codice della strada, passate dalle 477 del 2018 (425 sospensioni e 52 revoche) alle 638 del 2019 (572 sospensioni e 66 revoche). La violazione pi\u00f9 ricorrente \u00e8 stata quella relativa alla guida in stato di ebbrezza (213 casi nel 2018, 274 nel 2019). Sulla base dell\u2019analisi condotta durante la riunione, i presenti hanno concordato sull\u2019esigenza di individuare un sistema di interventi e di azioni integrate e coordinate volte a migliorare e incrementare la prevenzione e il controllo lungo la viabilit\u00e0 bellunese, tenuto anche conto della recente direttiva del Ministro dell\u2019Interno in materia.\u00a0 In questo contesto, il Prefetto ha proposto a tutti i presenti, che hanno manifestato la propria disponibilit\u00e0, la definizione di una specifica intesa avente le seguenti finalit\u00e0:\u00a0 sensibilizzare la comunit\u00e0 bellunese, e in particolare le giovani generazioni, sul tema della sicurezza stradale e sull\u2019importanza di tenere comportamenti corretti alla guida;\u00a0 consolidare la partecipazione stabile di pi\u00f9 amministrazioni e di organismi privati alla definizione ed all\u2019attuazione di progetti multisettoriali di prevenzione e contrasto del fenomeno della incidentalit\u00e0 stradale;\u00a0 organizzare iniziative ed attivit\u00e0 di prevenzione, anche attraverso campagne di comunicazione, per prevenire il fenomeno della guida in stato di ebbrezza o sotto l\u2019effetto di sostanze stupefacenti;\u00a0 rafforzare l\u2019attivit\u00e0 coordinata di controllo da parte di tutti i soggetti aventi compiti di polizia stradale; \u00a0 operare una mappatura della viabilit\u00e0 provinciale al fine di individuarne i punti pi\u00f9 critici, specie per gli utenti della strada pi\u00f9 \u201cdeboli\u201d (ad esempio: pedoni e ciclisti);\u00a0 avviare il monitoraggio degli incidenti stradali che avvengono in orario di lavoro, con particolare riferimento alle attivit\u00e0 di autotrasporto, al fine di verificare l\u2019esistenza di eventuali correlazioni tra incidentalit\u00e0 e mancato rispetto di norme attinenti alla circolazione stradale o alla sicurezza del lavoratore; sensibilizzare adeguatamente le organizzazioni datoriali di settore affinch\u00e8 vengano intensificati le attivit\u00e0 di informazione e formazione delle maestranze;creare un sistema di raccolta ed elaborazione dati ad uso comune L\u2019intesa, che sar\u00e0 formalizzata a breve, sar\u00e0 aperta alla partecipazione di tutti gli altri attori istituzionali a vario titolo interessati dalla problematica, anche sulla base delle esigenze che dovessero manifestarsi nell\u2019ambito dei lavori dell\u2019Osservatorio provinciale che proseguir\u00e0 nella propria azione di monitoraggio.<\/p>\n<p>&nbsp;<\/p>\n","protected":false},"excerpt":{"rendered":"<p>BELLUNO\u00a0 \u00a0Incidenti in leggero calo nel bellunese ma attenzione massima al fenomeno da parte di tutte le Istituzioni coinvolte: \u00e8 questo l\u2019esito del tavolo presieduto oggi, a Palazzo dei Rettori, dal Prefetto, Adriana Cogode, nell\u2019ambito dell\u2019Osservatorio Provinciale sull\u2019incidentalit\u00e0 stradale, con la partecipazione del Sindaco di Belluno, Jacopo Massaro, del Consigliere Provinciale, Massimo Bortoluzzi, dei rappresentanti&hellip;<\/p>\n","protected":false},"author":1,"featured_media":88120,"comment_status":"closed","ping_status":"closed","sticky":false,"template":"","format":"standard","meta":{"_monsterinsights_skip_tracking":false,"_monsterinsights_sitenote_active":false,"_monsterinsights_sitenote_note":"","_monsterinsights_sitenote_category":0,"footnotes":""},"categories":[49],"tags":[],"class_list":["post-112947","post","type-post","status-publish","format-standard","has-post-thumbnail","hentry","category-news-18","category-49","description-off"],"img_url":"https:\/\/www.radiopiu.net\/wordpress\/wp-content\/uploads\/2019\/06\/DOMEGGE-incidente.jpg","_links":{"self":[{"href":"https:\/\/www.radiopiu.net\/wordpress\/wp-json\/wp\/v2\/posts\/112947","targetHints":{"allow":["GET"]}}],"collection":[{"href":"https:\/\/www.radiopiu.net\/wordpress\/wp-json\/wp\/v2\/posts"}],"about":[{"href":"https:\/\/www.radiopiu.net\/wordpress\/wp-json\/wp\/v2\/types\/post"}],"author":[{"embeddable":true,"href":"https:\/\/www.radiopiu.net\/wordpress\/wp-json\/wp\/v2\/users\/1"}],"replies":[{"embeddable":true,"href":"https:\/\/www.radiopiu.net\/wordpress\/wp-json\/wp\/v2\/comments?post=112947"}],"version-history":[{"count":0,"href":"https:\/\/www.radiopiu.net\/wordpress\/wp-json\/wp\/v2\/posts\/112947\/revisions"}],"wp:featuredmedia":[{"embeddable":true,"href":"https:\/\/www.radiopiu.net\/wordpress\/wp-json\/wp\/v2\/media\/88120"}],"wp:attachment":[{"href":"https:\/\/www.radiopiu.net\/wordpress\/wp-json\/wp\/v2\/media?parent=112947"}],"wp:term":[{"taxonomy":"category","embeddable":true,"href":"https:\/\/www.radiopiu.net\/wordpress\/wp-json\/wp\/v2\/categories?post=112947"},{"taxonomy":"post_tag","embeddable":true,"href":"https:\/\/www.radiopiu.net\/wordpress\/wp-json\/wp\/v2\/tags?post=112947"}],"curies":[{"name":"wp","href":"https:\/\/api.w.org\/{rel}","templated":true}]}}