{"id":113123,"date":"2020-01-16T06:05:59","date_gmt":"2020-01-16T05:05:59","guid":{"rendered":"https:\/\/www.radiopiu.net\/wordpress\/?p=113123"},"modified":"2020-01-16T16:42:30","modified_gmt":"2020-01-16T15:42:30","slug":"giornale-radiopiu-16-gennaio-2020-direttore-mirko-mezzacasa","status":"publish","type":"post","link":"https:\/\/www.radiopiu.net\/wordpress\/giornale-radiopiu-16-gennaio-2020-direttore-mirko-mezzacasa\/","title":{"rendered":"GIORNALE RADIOPIU 16 GENNAIO 2020 DIRETTORE MIRKO MEZZACASA"},"content":{"rendered":"<h3>Per ricevere gli aggiornamenti in tempo reale delle notizie pubblicate alla radio e sul sito di radio pi\u00f9 iscriviti al gruppo RADIO PIU INFORMAZIONE su Telegram.\u00a0 Dove l&#8217;informazione&#8230; non si paga<span style=\"color: #0000ff;\"> <a style=\"color: #0000ff;\" href=\"https:\/\/t.me\/radiopiu\">clicca qui<\/a><\/span><\/h3>\n<p>&nbsp;<\/p>\n<p>&nbsp;<\/p>\n<blockquote><p>&nbsp;<\/p><\/blockquote>\n<h3><\/h3>\n<p><strong>A LA VALLE AGORDINA nelle LOCALITA&#8217; RONCHE, RONCHET, NOACH, LE CAMPE E CANCELLADE, l&#8217;acqua erogata dall&#8217;acquedotto \u00e8 di nuovo potabile e pu\u00f2 essere usata, quindi, per scopi alimentari.<\/strong><\/p>\n<p>&nbsp;<\/p>\n<p>&nbsp;<\/p>\n<p>&nbsp;<\/p>\n<p>&nbsp;<\/p>\n<p><strong>PROVINCIALE 563 DI SALESEI, LIVINALLONGO DEL COL DI LANA <\/strong>FINO \u00a0AL 24 (ESCLUSI SABATO E DOMENICA) dalle 9 alle 17 interdizione totale al traffico, nei rimanenti periodi senso unico alternato per taglio alberi in localit\u00e0 Pian di Salesei e Salesei<\/p>\n<p>&nbsp;<\/p>\n<p>&nbsp;<\/p>\n<blockquote>\n<h3>ALLA RADIO, &#8220;CONTEME NA BERTA&#8221;, DA LUNEDI ALLE 9 E ALLE 18 CON DANIELA LENA E LORIS SANTOMASO<\/h3>\n<audio class=\"wp-audio-shortcode\" id=\"audio-113123-1\" preload=\"none\" style=\"width: 100%;\" controls=\"controls\"><source type=\"audio\/mpeg\" src=\"https:\/\/www.radiopiu.net\/wordpress\/wp-content\/uploads\/2020\/01\/LA-SIGLA-BERTA.mp3?_=1\" \/><a href=\"https:\/\/www.radiopiu.net\/wordpress\/wp-content\/uploads\/2020\/01\/LA-SIGLA-BERTA.mp3\">https:\/\/www.radiopiu.net\/wordpress\/wp-content\/uploads\/2020\/01\/LA-SIGLA-BERTA.mp3<\/a><\/audio><\/blockquote>\n<blockquote><p><strong>AGORDO<\/strong> Tredici puntate, 13 berte raccontate alla radio da Daniela Lena (la vecia popa de Agort) e Loris Santomaso. Sono contenute in un Cd. RadioPi\u00f9 far\u00e0 conoscere il gran lavoro delle insegnanti della Scuola Primaria Tito Livio Burattini. Libro e Cd sono in distribuzione presso la scuola e l&#8217;ufficio turistico. Il ricavato finanzier\u00e0 le inziative della scuola di Agordo.<\/p><\/blockquote>\n<p>&nbsp;<\/p>\n<p>&nbsp;<\/p>\n<h3>FERITO UN CICLISTA A BELLUNO, AUTO FUORI STRADA A PASSO PORDOI<\/h3>\n<p><strong>ALPAGO<\/strong> Il ciclista 65enne di Belluno A.D.B. (le iniziali) \u00e8 in ospedale di Belluno con un trauma cranico commotivo, in prognosi riservata ma non in pericolo di vita. Stava viaggiando sulla sua bicicletta in via dell&#8217;Artigianato quando si \u00e8 ritrovato per terra dopo l&#8217;incidente con una Fiat 16 condotta da\u00a0V.D. novantenne dell&#8217;Alpago. Sul posto per le indagini i Carabinieri<\/p>\n<p><a class=\"dt-pswp-item\" href=\"https:\/\/www.radiopiu.net\/wordpress\/wp-content\/uploads\/2020\/01\/ddd.jpg\" data-dt-img-description=\"\" data-large_image_width=\"1280\" data-large_image_height=\"960\"><img loading=\"lazy\" decoding=\"async\" class=\"alignnone size-medium wp-image-113202\" src=\"https:\/\/www.radiopiu.net\/wordpress\/wp-content\/uploads\/2020\/01\/ddd-300x225.jpg\" alt=\"\" width=\"300\" height=\"225\" srcset=\"https:\/\/www.radiopiu.net\/wordpress\/wp-content\/uploads\/2020\/01\/ddd-300x225.jpg 300w, https:\/\/www.radiopiu.net\/wordpress\/wp-content\/uploads\/2020\/01\/ddd-1024x768.jpg 1024w, https:\/\/www.radiopiu.net\/wordpress\/wp-content\/uploads\/2020\/01\/ddd-768x576.jpg 768w, https:\/\/www.radiopiu.net\/wordpress\/wp-content\/uploads\/2020\/01\/ddd.jpg 1280w\" sizes=\"auto, (max-width: 300px) 100vw, 300px\" \/><\/a><a class=\"dt-pswp-item\" href=\"https:\/\/www.radiopiu.net\/wordpress\/wp-content\/uploads\/2020\/01\/b539a37a-2c76-4199-9a9c-a0466a26c575.jpg\" data-dt-img-description=\"\" data-large_image_width=\"1280\" data-large_image_height=\"960\"><img loading=\"lazy\" decoding=\"async\" class=\"alignnone size-medium wp-image-113203\" src=\"https:\/\/www.radiopiu.net\/wordpress\/wp-content\/uploads\/2020\/01\/b539a37a-2c76-4199-9a9c-a0466a26c575-300x225.jpg\" alt=\"\" width=\"300\" height=\"225\" srcset=\"https:\/\/www.radiopiu.net\/wordpress\/wp-content\/uploads\/2020\/01\/b539a37a-2c76-4199-9a9c-a0466a26c575-300x225.jpg 300w, https:\/\/www.radiopiu.net\/wordpress\/wp-content\/uploads\/2020\/01\/b539a37a-2c76-4199-9a9c-a0466a26c575-1024x768.jpg 1024w, https:\/\/www.radiopiu.net\/wordpress\/wp-content\/uploads\/2020\/01\/b539a37a-2c76-4199-9a9c-a0466a26c575-768x576.jpg 768w, https:\/\/www.radiopiu.net\/wordpress\/wp-content\/uploads\/2020\/01\/b539a37a-2c76-4199-9a9c-a0466a26c575.jpg 1280w\" sizes=\"auto, (max-width: 300px) 100vw, 300px\" \/><\/a><\/p>\n<p>&nbsp;<\/p>\n<p><strong>PASSO PORDOI<\/strong> Uscita di strada a Passo Pordoi, sul posto Carabinieri\u00a0 e Vigili del fuoco<\/p>\n<p><strong>PASSO PORDOI<\/strong> . Inglese cade in pista e si frattura un femore: \u00e8 stato soccorso in elicottero e trasferito all&#8217;ospedale. A.W., 55 anni,\u00a0 ha perso l&#8217;equilibrio in maniera autonoma ed \u00e8 piombato a terra. L&#8217;impatto col terreno ha procurato all&#8217;uomo un trauma al bacino<\/p>\n<h3>ARRESTATI A PIAN DI VEDOIA PER SPACCIO DI EROINA<\/h3>\n<p><strong>BELLUNO<\/strong> Lui e lei residenti nell&#8217;Agordino viaggiavano verso casa con \u00a0un etto e mezzo di eroina in auto ed \u00e8 scattato l&#8217;arresto. Nel corso della perquisizione domiciliare sono stati recuperati ventimila euro in contanti. Ieri mattina\u00a0 l&#8217;interrogatorio di garanzia con il giudice per le indagini Enrica Marson<\/p>\n<h3>CANNA FUMARIA A FUOCO, BRUCIA IL TETTO<\/h3>\n<p><strong>ALPAGO<\/strong> La professionalit\u00e0 e il rapido intervento dei vigili del fuoco ha evitato il peggio, ovvero che le fiamme divorassero l&#8217;intera abitazione in via Prisela a Tambre.\u00a0 L&#8217;allarme alle sette di ieri mattina per un camino andato in fiamme che hanno intaccato anche il tetto in legno, non si \u00e8 resa necessaria\u00a0 l&#8217;evacuazione dell&#8217;abitazione,<\/p>\n<p>&nbsp;<\/p>\n<div class=\"sliderHolder\">\n<div id=\"fullscreen_slider\" class=\"slider\">\n<div class=\"sliderBg darkGray\"><\/div>\n<\/div>\n<div class=\"gsPrev midLeft\" data-elem=\"prev\" data-on=\"autoAlpha:1; cursor: pointer;\" data-off=\"autoAlpha:0.5; cursor:default\"><\/div>\n<\/div>\n<p>&nbsp;<\/p>\n<h3>POLIZIA E BILANCI, 409 PATENTI RITIRATE IN UN ANNO, NEL 2018 ERANO 195<\/h3>\n<p align=\"JUSTIFY\"><strong><a class=\"dt-pswp-item\" href=\"https:\/\/www.radiopiu.net\/wordpress\/wp-content\/uploads\/2018\/10\/IMG_5363.jpeg\" data-dt-img-description=\"\" data-large_image_width=\"339\" data-large_image_height=\"245\"><img loading=\"lazy\" decoding=\"async\" class=\" wp-image-63764 alignleft\" src=\"https:\/\/www.radiopiu.net\/wordpress\/wp-content\/uploads\/2018\/10\/IMG_5363-300x217.jpeg\" alt=\"\" width=\"195\" height=\"141\" srcset=\"https:\/\/www.radiopiu.net\/wordpress\/wp-content\/uploads\/2018\/10\/IMG_5363-300x217.jpeg 300w, https:\/\/www.radiopiu.net\/wordpress\/wp-content\/uploads\/2018\/10\/IMG_5363.jpeg 339w\" sizes=\"auto, (max-width: 195px) 100vw, 195px\" \/><\/a>BELLUNO<\/strong> Giro di vite notevole quello imposto dalla Polizia Stradale bellunese, diversificando ed aumentando le modalit\u00e0 di controllo eleva ben 10.339 sanzioni in un anno, molte pi\u00f9 delle 2.846 dell&#8217;anno precedente con un aumento del 264 per cento. <span style=\"font-family: Bookman Old Style, serif;\">Le pattuglie di vigilanza stradale impegnate nel corso del 2019 sono state 1923 di cui 55 comandate in servizio di scorta e di Polizia Giudiziaria e 174 impiegate per servizi specifici ed operazione \u201cAlto Impatto\u201d. <\/span><\/p>\n<blockquote>\n<p align=\"JUSTIFY\"><span style=\"font-family: Bookman Old Style, serif;\">Aumentano tutte le tipologie di infrazione per<strong> guida utilizzando il cellulare<\/strong> dalle 69 del 2018 alle 492 del 219 (+615 %),\u00a0 per il <strong>mancato <a class=\"dt-pswp-item\" href=\"https:\/\/www.radiopiu.net\/wordpress\/wp-content\/uploads\/2017\/02\/POLIZIA-AGORDO_o.jpg\" data-dt-img-description=\"\" data-large_image_width=\"480\" data-large_image_height=\"853\"><img loading=\"lazy\" decoding=\"async\" class=\"size-medium wp-image-29026 alignright\" src=\"https:\/\/www.radiopiu.net\/wordpress\/wp-content\/uploads\/2017\/02\/POLIZIA-AGORDO_o-169x300.jpg\" alt=\"\" width=\"169\" height=\"300\" \/><\/a>uso delle cinture di sicurezza<\/strong>\u00a0 da 257 a 989 (+285 %),\u00a0 per <strong>velocit\u00e0<\/strong>\u00a0da 90 a 138 (+53 %).<\/span><\/p>\n<\/blockquote>\n<p align=\"JUSTIFY\"><span style=\"font-family: Bookman Old Style, serif;\">Nel corso del 2019 la Polstrada di Belluno grazie ad una programmazione coordinata e sistematica dei servizi volti al contrasto del superamento dei limiti di velocit\u00e0, ha accertato e contestato 3.675 infrazioni specifiche rispetto alle 50 contestate nel 2018. <\/span><span style=\"font-family: 'Bookman Old Style', serif;\">\u00c8 proseguita nel corso del 2019 la campagna di controllo sulle condizioni psico-fisiche dei conducenti dei veicoli: 101 i conducenti positivi all\u2019alcoltest nel 2019 rispetto ai 93 del 2018 mentre, per quanto attiene l\u2019alterazione conseguente all\u2019assunzione di sostanze stupefacenti e\/o psicotrope, i positivi sono stati 7 al pari di quelli del 2018. <\/span><\/p>\n<blockquote>\n<p align=\"JUSTIFY\"><span style=\"font-family: Bookman Old Style, serif;\">Complessivamente sono state 409 le patenti ritirate rispetto alle 195 del 2018 (+110 %), mentre le carte di circolazione ritirate passano da 80 a 95 (+18 %). <\/span><span style=\"font-family: Bookman Old Style, serif;\">Il numero di punti patente decurtati passano da 4207 del 2018 a 20.398 del 2019.<\/span><\/p>\n<\/blockquote>\n<p align=\"JUSTIFY\"><span style=\"font-family: 'Bookman Old Style', serif;\">Anche nel settore dell\u2019autotrasporto aumentano i controlli (+15 % rispetto al 2018) e le sanzioni elevate. In particolare aumentano le violazioni per eccedenza di carico passate dalle 78 del 2018 alle 180 (+13 %), mal sistemazione del carico passate da 13 a 41 (+210 %) e quelle relative ai tempi di guida e di riposo, passate da 49 a 230 (+370 %). <a class=\"dt-pswp-item\" href=\"https:\/\/www.radiopiu.net\/wordpress\/wp-content\/uploads\/2018\/02\/POLIZIABUS.jpg\" data-dt-img-description=\"\" data-large_image_width=\"318\" data-large_image_height=\"159\"><img loading=\"lazy\" decoding=\"async\" class=\" wp-image-43249 alignleft\" src=\"https:\/\/www.radiopiu.net\/wordpress\/wp-content\/uploads\/2018\/02\/POLIZIABUS-300x150.jpg\" alt=\"\" width=\"218\" height=\"109\" srcset=\"https:\/\/www.radiopiu.net\/wordpress\/wp-content\/uploads\/2018\/02\/POLIZIABUS-300x150.jpg 300w, https:\/\/www.radiopiu.net\/wordpress\/wp-content\/uploads\/2018\/02\/POLIZIABUS.jpg 318w\" sizes=\"auto, (max-width: 218px) 100vw, 218px\" \/><\/a><\/span><span style=\"font-family: Bookman Old Style, serif;\">In aumento anche le violazioni concernenti le alterazioni e\/o manomissioni del cronotachigrafo passate da 4 a 15 e l\u2019abusivismo nel settore dell\u2019autotrasporto passati da 6 a 17 casi accertati.<\/span><\/p>\n<p align=\"JUSTIFY\"><em><span style=\"font-family: Bookman Old Style, serif;\">Per quanto riguarda il fenomeno infortunistico in dettaglio il 2019 ha evidenziato 2 incidenti con conseguenza mortali, 1 di meno rispetto all\u2019anno 2018, 66 incidenti con lesioni alle persone con 93 feriti (50 in meno); invariati, invece, gli incidenti con soli danni alle cose pari a 78.<\/span><\/em><\/p>\n<p>&nbsp;<\/p>\n<p>&nbsp;<\/p>\n<p>&nbsp;<\/p>\n<h3>DAL CAI: &#8220;NO AI MAXI CAROSELLI E ALLO SVILUPPO NO LIMIT&#8221;<\/h3>\n<p><strong>VENEZIA<\/strong> Il presidente della Regione Renato Frigo prende posizione ed esprime il parere ufficiale del Cai a margine dei numerosi\u00a0 interventi degli ultimi giorni\u00a0 sul\u00a0 maxi progetto di giro completo delle Dolomiti con gli sci. Il Cai Veneto esprime la propria contrariet\u00e0 in merito agli impianti e alle piste previste definendoli maxiprogetti onerosi e impattanti nel contesto ambientale.<\/p>\n<blockquote><p><em>La costruzione di un nuovo impianto ha l&#8217;indubbio vantaggio economico di generare un indotto turistico industriale nell&#8217;area, permette la creazione di posti di lavoro. Ma sono stati valutati i costi ambientali di costruzione? Vale la pena di fare un investimento cos\u00ec oneroso sia in termini economici che di natura. Come CAI Veneto riconosciamo che lo sci ha rappresentato e rappresenta un ruolo strategico nell\u2019economia della montagna, questo ha permesso ad alcune comunit\u00e0 di mantenere il proprio radicamento geografico e la salvaguardia di un irrinunciabile patrimonio ambientale e naturalistico. Ma non pu\u00f2 esservi uno sviluppo di impianti a fune che sia NO LIMIT. Bisogna porre un limite allo sfruttamento delle risorse naturali sulle quali si fonda il turismo. Se la natura (ma anche la cultura e le tradizioni) vengono \u201cdistrutte\u201d nel lungo periodo si arriva alla distruzione economica di un territorio. Secondo gli studi, le tre principali ripercussioni del cambiamento climatico sul turismo saranno una riduzione della stagione invernale con una conseguente diminuzione delle entrate per le destinazioni che vivono di turismo invernale. Un aumento dei costi di gestione degli impianti per riduzione stagione invernale e un aumento della neve artificiale e un notevole aumento dei costi per i turisti che vogliono praticare gli sport invernali.<\/em><\/p><\/blockquote>\n<p>&nbsp;<\/p>\n<p>&nbsp;<\/p>\n<p>&nbsp;<\/p>\n<h3>E&#8217; MORTO MICHELE DE BONI, PRIMARIO AL SANTA MARIA DEL PRATO<\/h3>\n<p align=\"JUSTIFY\"><b>FELTRE <\/b>Ieri\u00a0circondato dall\u2019affetto della sua amatissima famiglia, \u00e8 morto il dottor Michele De Boni, direttore del dipartimento di chirurgia oncologica gastrointestinale a valenza regionale, in seguito a una malattia che ha affrontato con grande coraggio e dignit\u00e0.Tutta l\u2019Ulss Dolomiti \u00e8 profondamente addolorata per la scomparsa di uno dei suoi migliori professionisti ed esprime il suo cordoglio.<\/p>\n<p><b>Un ricordo.<\/b><\/p>\n<p align=\"JUSTIFY\"><a class=\"dt-pswp-item\" href=\"https:\/\/www.radiopiu.net\/wordpress\/wp-content\/uploads\/2020\/01\/de-boni-2.jpg\" data-dt-img-description=\"\" data-large_image_width=\"712\" data-large_image_height=\"1072\"><img loading=\"lazy\" decoding=\"async\" class=\" wp-image-113151 alignleft\" src=\"https:\/\/www.radiopiu.net\/wordpress\/wp-content\/uploads\/2020\/01\/de-boni-2-199x300.jpg\" alt=\"\" width=\"135\" height=\"204\" srcset=\"https:\/\/www.radiopiu.net\/wordpress\/wp-content\/uploads\/2020\/01\/de-boni-2-199x300.jpg 199w, https:\/\/www.radiopiu.net\/wordpress\/wp-content\/uploads\/2020\/01\/de-boni-2-680x1024.jpg 680w, https:\/\/www.radiopiu.net\/wordpress\/wp-content\/uploads\/2020\/01\/de-boni-2.jpg 712w\" sizes=\"auto, (max-width: 135px) 100vw, 135px\" \/><\/a>Nato il 24 dicembre 1952 a Feltre, Michele De Boni si \u00e8 laureato in Medicina e Chirurgia a Padova nel 1979 dove successivamente si \u00e8 specializzato in Gastroenterologia e endoscopia digestiva nel 1985. Ha iniziato il suo percorso lavorativo come medico proprio all\u2019ospedale di Feltre fino a diventare responsabile del servizio di gastroenterologia nel 1995. Importanti esperienze all\u2019estero gli hanno fatto acquisire un\u2019esperienza e una professionalit\u00e0 di grande rilievo, sviluppando anche la cultura della ricerca tanto da poter essere uno dei protagonisti del panorama scientifico in tema della diagnosi e cura dei malt-linfomi.<\/p>\n<h3>IL SINDACO DI FELTRE, PAOLO PERENZIN<\/h3>\n<audio class=\"wp-audio-shortcode\" id=\"audio-113123-2\" preload=\"none\" style=\"width: 100%;\" controls=\"controls\"><source type=\"audio\/mpeg\" src=\"https:\/\/www.radiopiu.net\/wordpress\/wp-content\/uploads\/2020\/01\/PERENZO.mp3?_=2\" \/><a href=\"https:\/\/www.radiopiu.net\/wordpress\/wp-content\/uploads\/2020\/01\/PERENZO.mp3\">https:\/\/www.radiopiu.net\/wordpress\/wp-content\/uploads\/2020\/01\/PERENZO.mp3<\/a><\/audio>\n<h3>IL DEPUTATO DARIO BOND<\/h3>\n<audio class=\"wp-audio-shortcode\" id=\"audio-113123-3\" preload=\"none\" style=\"width: 100%;\" controls=\"controls\"><source type=\"audio\/mpeg\" src=\"https:\/\/www.radiopiu.net\/wordpress\/wp-content\/uploads\/2020\/01\/BOND.mp3?_=3\" \/><a href=\"https:\/\/www.radiopiu.net\/wordpress\/wp-content\/uploads\/2020\/01\/BOND.mp3\">https:\/\/www.radiopiu.net\/wordpress\/wp-content\/uploads\/2020\/01\/BOND.mp3<\/a><\/audio>\n<p>&nbsp;<\/p>\n<p><span style=\"color: #000000;\"><span style=\"font-family: HelveticaNeue, sans-serif;\"><span style=\"font-size: large;\">FELTRE I consiglieri comunali di opposizione tutti esprimono il pi\u00f9 profondo cordoglio per <\/span><\/span><\/span><span style=\"color: #000000;\"><span style=\"font-family: HelveticaNeue, sans-serif;\"><span style=\"font-size: large;\">la scomparsa del dott. Michele De Boni, mancato ieri all\u2019affetto dei suoi cari. <\/span><\/span><\/span><span style=\"color: #000000;\"><span style=\"font-family: HelveticaNeue, sans-serif;\"><span style=\"font-size: large;\">Il dott. De Boni con il suo impegno civile e professionale \u00e8 stato una colonna portante della sanit\u00e0 feltrina portando il reparto di gastroenterologia del Santa Maria del Prato a livelli di eccellenza nazionali. Il suo mettersi al servizio del territorio ed il sostegno a diverse associazioni benefiche hanno fatto conoscere ed apprezzare a tanti il suo impegno e la sua umanit\u00e0. La prematura scomparsa lascer\u00e0 certamente un vuoto difficile da colmare.<\/span><\/span><\/span><\/p>\n<p>&nbsp;<\/p>\n<p><strong>IL MINISTRO FEDERICO D&#8217;INCA&#8217;<\/strong><\/p>\n<p>\u201cLa scomparsa del dottor Michele De Boni \u00e8 una grave perdita non solo per la nostra regione, ma per l\u2019intero Paese. Il suo contributo per la medicina e il suo operato svolto in qualit\u00e0 di Direttore del dipartimento di chirurgia oncologica gastrointestinale sono stati estremamente preziosi. Esprimo il mio cordoglio ai familiari del dottor De Boni e sono sicuro che i suoi collaboratori e le nuove generazioni impegnate negli studi medici potranno trarre un notevole insegnamento dal lavoro che ha svolto\u201d.<br \/>\n\u00c8 il commento di Federico D\u2019Inc\u00e0, Ministro per i Rapporti con il Parlamento, in merito alla scomparsa di Michele De Boni, primario dell\u2019Ospedale di Santa Maria del Prato di Feltre.<\/p>\n<p>&nbsp;<\/p>\n<p>&nbsp;<\/p>\n<p class=\"western\"><b>\u00a0IL CORDOGLIO DI ZAIA \u201cGRAVE PERDITA PROFESSIONALE E UMANA\u201d<\/b><\/p>\n<blockquote>\n<p class=\"western\"><strong>VENEZIA\u00a0<\/strong><em> \u201cLa sanit\u00e0 bellunese, veneta e nazionale perde prematuramente un medico che affiancava grandi doti professionali a una grande umanit\u00e0. Il primo pensiero va alla moglie e ai figli, ai quali rivolgo le mie condoglianze. Grazie anche al suo grande impegno\u00a0 \u00a0l\u2019ospedale di Feltre \u00e8 stato riconosciuto Centro di riferimento regionale per la chirurgia oncologica gastrointestinale, per i risultati scientifici e i successi ottenuti da un team di cui De Boni \u00e8 stato fondatore e straordinario protagonista. Una grave perdita per tutti\u201d.<\/em><\/p>\n<\/blockquote>\n<p>&nbsp;<\/p>\n<p>&nbsp;<\/p>\n<p>&nbsp;<\/p>\n<h3>DONAZIONE ALLA NEFROLOGIA DELL&#8217;OSPEDALE<\/h3>\n<p><strong><a class=\"dt-pswp-item\" href=\"https:\/\/www.radiopiu.net\/wordpress\/wp-content\/uploads\/2020\/01\/20200114_033555-1-1-scaled.jpg\" data-dt-img-description=\"\" data-large_image_width=\"2560\" data-large_image_height=\"1257\"><img loading=\"lazy\" decoding=\"async\" class=\"size-medium wp-image-113131 alignleft\" src=\"https:\/\/www.radiopiu.net\/wordpress\/wp-content\/uploads\/2020\/01\/20200114_033555-1-1-300x147.jpg\" alt=\"\" width=\"300\" height=\"147\" srcset=\"https:\/\/www.radiopiu.net\/wordpress\/wp-content\/uploads\/2020\/01\/20200114_033555-1-1-300x147.jpg 300w, https:\/\/www.radiopiu.net\/wordpress\/wp-content\/uploads\/2020\/01\/20200114_033555-1-1-1024x503.jpg 1024w, https:\/\/www.radiopiu.net\/wordpress\/wp-content\/uploads\/2020\/01\/20200114_033555-1-1-768x377.jpg 768w, https:\/\/www.radiopiu.net\/wordpress\/wp-content\/uploads\/2020\/01\/20200114_033555-1-1-1536x754.jpg 1536w, https:\/\/www.radiopiu.net\/wordpress\/wp-content\/uploads\/2020\/01\/20200114_033555-1-1-2048x1006.jpg 2048w\" sizes=\"auto, (max-width: 300px) 100vw, 300px\" \/><\/a>FELTRE<\/strong> Dieci pedaliere per promuovere l&#8217;attivit\u00e0 fisica dei dializzati, permetter\u00e0 durante i trattamenti dialitici all\u2019ospedale di Feltre di fare attivit\u00e0 fisica. Le persone dializzate, su indicazione medica, potranno usare durante la dialisi le 10 pedaliere donate alla Nefrologia di Feltre dalla TILT, l\u2019associazione Tutti Insieme Lavoriamo per il Territorio.<\/p>\n<blockquote><p><em>\u00abPromuovere l\u2019attivit\u00e0 fisica nei dializzati in realt\u00e0 non \u00e8 una novit\u00e0 assoluta, anche se i centri dove viene svolta sono in numero ancora molto limitato e pertanto nella nostra regione faremmo da apripista<\/em> &#8211; spiega il direttore FF della nefrologia di Feltre Andrea Bandera &#8211;<em>\u00a0l\u2019attivit\u00e0 fisica agisce positivamente sul benessere psico-fisico di ogni paziente&#8221;.<\/em><\/p><\/blockquote>\n<p>Le finalit\u00e0 dell\u2019associazione TILT, sono promuovere una cultura del benessere fisico, della salute e ancora, la promozione di una cultura ambientalmente sostenibile. Quotidianamente \u00e8 impegnata nelle due attivit\u00e0 ormai consolidate, la DIS-CARICA, e la BIMBO-TECA, due punti di raccolta materiale dell\u2019usato e di oggetti, vestiario per bambini, dove chi viene e trova delle cose da poter riutilizzare paga con un\u2019offerta. In questo modo con i proventi di queste offerte si possono\u00a0 sostenere pi\u00f9 iniziative.<\/p>\n<blockquote><p><em>&#8220;Siamo ben felici di poter aiutare con questa donazione i pazienti dializzati, &#8211; <\/em>spiega la presidente dell&#8217;associazione Giovanna Sigona &#8211; <em>perch\u00e9 possano svolgere con pi\u00f9 facilit\u00e0 un programma di attivit\u00e0 fisica che permetter\u00e0 loro di recuperare o mantenere il pi\u00f9 a lungo possibile una propria autonomia cos\u00ec importante per ogni paziente e forse rendere anche la dialisi un po\u2019 pi\u00f9 leggera&#8221;.<\/em><\/p><\/blockquote>\n<p>&nbsp;<\/p>\n<p>&nbsp;<\/p>\n<h3>SULLA RICLASSIFICAZIONE UN POSTO SPECIALE PER VENETO STRADE<\/h3>\n<p><strong><a class=\"dt-pswp-item\" href=\"https:\/\/www.radiopiu.net\/wordpress\/wp-content\/uploads\/2018\/08\/VIABILIA.jpeg\" data-dt-img-description=\"\" data-large_image_width=\"1280\" data-large_image_height=\"768\"><img loading=\"lazy\" decoding=\"async\" class=\" wp-image-57053 alignleft\" src=\"https:\/\/www.radiopiu.net\/wordpress\/wp-content\/uploads\/2018\/08\/VIABILIA-300x180.jpeg\" alt=\"\" width=\"185\" height=\"111\" srcset=\"https:\/\/www.radiopiu.net\/wordpress\/wp-content\/uploads\/2018\/08\/VIABILIA-300x180.jpeg 300w, https:\/\/www.radiopiu.net\/wordpress\/wp-content\/uploads\/2018\/08\/VIABILIA-768x461.jpeg 768w, https:\/\/www.radiopiu.net\/wordpress\/wp-content\/uploads\/2018\/08\/VIABILIA-1024x614.jpeg 1024w, https:\/\/www.radiopiu.net\/wordpress\/wp-content\/uploads\/2018\/08\/VIABILIA.jpeg 1280w\" sizes=\"auto, (max-width: 185px) 100vw, 185px\" \/><\/a>BELLUNO<\/strong> <em>\u00abBene la riclassificazione. Adesso per\u00f2 non si perda il modello di gestione di Veneto Strade, che in questi anni ha sempre garantito puntualit\u00e0 ed efficacia nelle manutenzioni\u00bb.<\/em> \u00c8 quanto afferma il presidente della Provincia di Belluno Roberto Padrin, a seguito della pubblicazione del decreto del presidente del consiglio relativo alla riclassificazione delle strade. Un provvedimento che riguarda anche alcuni segmenti della viabilit\u00e0 bellunese, come la Strada Provinciale 1 della Sinistra Piave e la 203 Agordina. <em>\u00abCon questa riclassificazione va a compimento quel percorso che ci porter\u00e0 a ridurre i costi di gestione della nostra viabilit\u00e0 &#8211; sottolinea il presidente Padrin -. Un percorso che abbiamo condiviso fin dall\u2019inizio con la Regione Veneto e funzionale a quelle che sono attualmente le dotazioni finanziarie della Provincia&#8221;. <\/em>Negli ultimi anni i trasferimenti statali per la viabilit\u00e0 sono passati da 15 milioni a zero, ma la Provincia potr\u00e0 ora\u00a0 contare sull\u2019ingresso di Anas e la convenzione diventa indispensabile. <em>&#8220;il modello di gestione di Veneto Strade si \u00e8 dimostrato sempre molto efficiente &#8211; conclude Padrin &#8211; un eventuale cambio sarebbe un danno per le strade e per i cittadini&#8221;.<\/em><\/p>\n<p>&nbsp;<\/p>\n<p>&nbsp;<\/p>\n<p>&nbsp;<\/p>\n<h3>DOPO 5 ANNI LA PALESTRA\u00a0 &#8220;DI LEONARDO DEL VECCHIO&#8221; E&#8217; ANCORA CHIUSA.<\/h3>\n<p><strong><a class=\"dt-pswp-item\" href=\"https:\/\/www.radiopiu.net\/wordpress\/wp-content\/uploads\/2017\/02\/NARAE.jpg\" data-dt-img-description=\"\" data-large_image_width=\"313\" data-large_image_height=\"161\"><img loading=\"lazy\" decoding=\"async\" class=\" wp-image-28047 alignleft\" src=\"https:\/\/www.radiopiu.net\/wordpress\/wp-content\/uploads\/2017\/02\/NARAE-300x154.jpg\" alt=\"\" width=\"191\" height=\"98\" \/><\/a><\/strong><\/p>\n<p>&nbsp;<\/p>\n<p><strong>AGORDO<\/strong><\/p>\n<p><strong>di GIANNI SANTOMASO\u00a0<\/strong><\/p>\n<audio class=\"wp-audio-shortcode\" id=\"audio-113123-4\" preload=\"none\" style=\"width: 100%;\" controls=\"controls\"><source type=\"audio\/mpeg\" src=\"https:\/\/www.radiopiu.net\/wordpress\/wp-content\/uploads\/2020\/01\/narae.mp3?_=4\" \/><a href=\"https:\/\/www.radiopiu.net\/wordpress\/wp-content\/uploads\/2020\/01\/narae.mp3\">https:\/\/www.radiopiu.net\/wordpress\/wp-content\/uploads\/2020\/01\/narae.mp3<\/a><\/audio>\n<h3><\/h3>\n<p>&nbsp;<\/p>\n<p>&nbsp;<\/p>\n<h3>IL PIANO MARKETING FUNZIONA, DIFFICILE NON ACCORGERSI<\/h3>\n<p><strong><a class=\"dt-pswp-item\" href=\"https:\/\/www.radiopiu.net\/wordpress\/wp-content\/uploads\/2019\/02\/Laste.jpg\" data-dt-img-description=\"\" data-large_image_width=\"1440\" data-large_image_height=\"1080\"><img loading=\"lazy\" decoding=\"async\" class=\"wp-image-75669 alignleft\" src=\"https:\/\/www.radiopiu.net\/wordpress\/wp-content\/uploads\/2019\/02\/Laste-300x225.jpg\" alt=\"\" width=\"140\" height=\"105\" srcset=\"https:\/\/www.radiopiu.net\/wordpress\/wp-content\/uploads\/2019\/02\/Laste-300x225.jpg 300w, https:\/\/www.radiopiu.net\/wordpress\/wp-content\/uploads\/2019\/02\/Laste-768x576.jpg 768w, https:\/\/www.radiopiu.net\/wordpress\/wp-content\/uploads\/2019\/02\/Laste-1024x768.jpg 1024w, https:\/\/www.radiopiu.net\/wordpress\/wp-content\/uploads\/2019\/02\/Laste.jpg 1440w\" sizes=\"auto, (max-width: 140px) 100vw, 140px\" \/><\/a>ROCCA PIETORE<\/strong> Oggi facciamo il punto con il sindaco di Rocca Pietore Andrea De Bernardin. Vari i progetti, diversi i contributi non solo quelli dei fondi di confine. Brilla il piano marketing da stress gestionale ma che secondo il sindaco ha portato a progetti e promozione non da poco. Intanto a Laste si guarda ai giovani che hanno deciso di investire nella frazione rocchesana.<\/p>\n<p><strong>AUDIO<\/strong><\/p>\n<audio class=\"wp-audio-shortcode\" id=\"audio-113123-5\" preload=\"none\" style=\"width: 100%;\" controls=\"controls\"><source type=\"audio\/mpeg\" src=\"https:\/\/www.radiopiu.net\/wordpress\/wp-content\/uploads\/2020\/01\/andrea-comune.mp3?_=5\" \/><a href=\"https:\/\/www.radiopiu.net\/wordpress\/wp-content\/uploads\/2020\/01\/andrea-comune.mp3\">https:\/\/www.radiopiu.net\/wordpress\/wp-content\/uploads\/2020\/01\/andrea-comune.mp3<\/a><\/audio>\n<p><a class=\"dt-pswp-item\" href=\"https:\/\/www.radiopiu.net\/wordpress\/wp-content\/uploads\/2019\/10\/padon1.jpg\" data-dt-img-description=\"\" data-large_image_width=\"800\" data-large_image_height=\"533\"><img loading=\"lazy\" decoding=\"async\" class=\"wp-image-101902 alignright\" src=\"https:\/\/www.radiopiu.net\/wordpress\/wp-content\/uploads\/2019\/10\/padon1-300x200.jpg\" alt=\"\" width=\"185\" height=\"123\" srcset=\"https:\/\/www.radiopiu.net\/wordpress\/wp-content\/uploads\/2019\/10\/padon1-300x200.jpg 300w, https:\/\/www.radiopiu.net\/wordpress\/wp-content\/uploads\/2019\/10\/padon1-768x512.jpg 768w, https:\/\/www.radiopiu.net\/wordpress\/wp-content\/uploads\/2019\/10\/padon1.jpg 800w\" sizes=\"auto, (max-width: 185px) 100vw, 185px\" \/><\/a>Con il sindaco di Rocca Pietore abbiamo affrontato anche un altro importante argomento relativo agli impianti di risalita e all&#8217;inizio di una nuova stagione con la nuova societ\u00e0 di gestione.<\/p>\n<p><strong>AUDIO<\/strong><\/p>\n<audio class=\"wp-audio-shortcode\" id=\"audio-113123-6\" preload=\"none\" style=\"width: 100%;\" controls=\"controls\"><source type=\"audio\/mpeg\" src=\"https:\/\/www.radiopiu.net\/wordpress\/wp-content\/uploads\/2020\/01\/nuovi-impianti.mp3?_=6\" \/><a href=\"https:\/\/www.radiopiu.net\/wordpress\/wp-content\/uploads\/2020\/01\/nuovi-impianti.mp3\">https:\/\/www.radiopiu.net\/wordpress\/wp-content\/uploads\/2020\/01\/nuovi-impianti.mp3<\/a><\/audio>\n<p>&nbsp;<\/p>\n<h3><\/h3>\n<p>&nbsp;<\/p>\n<h2>FINE SETTIMANA TRA FIOCCHI DI NEVE<\/h2>\n<p><strong><a class=\"dt-pswp-item\" href=\"https:\/\/www.radiopiu.net\/wordpress\/wp-content\/uploads\/2018\/08\/instabilita.jpg\" data-dt-img-description=\"\" data-large_image_width=\"1280\" data-large_image_height=\"768\"><img loading=\"lazy\" decoding=\"async\" class=\"size-medium wp-image-57488 alignleft\" src=\"https:\/\/www.radiopiu.net\/wordpress\/wp-content\/uploads\/2018\/08\/instabilita-300x180.jpg\" alt=\"\" width=\"300\" height=\"180\" srcset=\"https:\/\/www.radiopiu.net\/wordpress\/wp-content\/uploads\/2018\/08\/instabilita-300x180.jpg 300w, https:\/\/www.radiopiu.net\/wordpress\/wp-content\/uploads\/2018\/08\/instabilita-768x461.jpg 768w, https:\/\/www.radiopiu.net\/wordpress\/wp-content\/uploads\/2018\/08\/instabilita-1024x614.jpg 1024w, https:\/\/www.radiopiu.net\/wordpress\/wp-content\/uploads\/2018\/08\/instabilita.jpg 1280w\" sizes=\"auto, (max-width: 300px) 100vw, 300px\" \/><\/a><\/strong><\/p>\n<p>&nbsp;<\/p>\n<p>&nbsp;<\/p>\n<p>&nbsp;<\/p>\n<p>&nbsp;<\/p>\n<p>&nbsp;<\/p>\n<p><strong>DI DAMIANO TORMEN<\/strong><\/p>\n<audio class=\"wp-audio-shortcode\" id=\"audio-113123-7\" preload=\"none\" style=\"width: 100%;\" controls=\"controls\"><source type=\"audio\/mpeg\" src=\"https:\/\/www.radiopiu.net\/wordpress\/wp-content\/uploads\/2020\/01\/damianoneve.mp3?_=7\" \/><a href=\"https:\/\/www.radiopiu.net\/wordpress\/wp-content\/uploads\/2020\/01\/damianoneve.mp3\">https:\/\/www.radiopiu.net\/wordpress\/wp-content\/uploads\/2020\/01\/damianoneve.mp3<\/a><\/audio>\n<h3><\/h3>\n<h3><\/h3>\n<blockquote><p>&nbsp;<\/p><\/blockquote>\n<p>&nbsp;<\/p>\n<p>&nbsp;<\/p>\n<h3>DORFMANN TRA I 20 EUROPARLAMENTARI DA \u201cTENERE D&#8217;OCCHIO\u201d NEL 2020<\/h3>\n<p><strong>BRUXELLES<\/strong> C&#8217;\u00e8 anche Herbert Dorfmann tra i 20 europarlamentari \u201cda tenere d&#8217;occhio\u201d nel 2020 secondo il portale Politico.EU: l&#8217;edizione europea della compagnia americana Politico segue da vicino la vita politica del continente e del Parlamento Europeo, e in questi giorni ha stilato la lista dei venti nomi che in quest&#8217;anno potrebbero segnare il futuro politico europeo.\u00a0 A Dorfmann viene riconosciuto il peso del suo ruolo all&#8217;interno del Partito Popolare Europeo come relatore sulla nuova Politica Agricola Comune affermando che \u201cinfluenzer\u00e0 il <a class=\"dt-pswp-item\" href=\"https:\/\/www.radiopiu.net\/wordpress\/wp-content\/uploads\/2020\/01\/Herbert-Dorfmann-2.jpg\" data-dt-img-description=\"\" data-large_image_width=\"2000\" data-large_image_height=\"1333\"><img loading=\"lazy\" decoding=\"async\" class=\" wp-image-113134 alignleft\" src=\"https:\/\/www.radiopiu.net\/wordpress\/wp-content\/uploads\/2020\/01\/Herbert-Dorfmann-2-300x200.jpg\" alt=\"\" width=\"248\" height=\"165\" srcset=\"https:\/\/www.radiopiu.net\/wordpress\/wp-content\/uploads\/2020\/01\/Herbert-Dorfmann-2-300x200.jpg 300w, https:\/\/www.radiopiu.net\/wordpress\/wp-content\/uploads\/2020\/01\/Herbert-Dorfmann-2-1024x682.jpg 1024w, https:\/\/www.radiopiu.net\/wordpress\/wp-content\/uploads\/2020\/01\/Herbert-Dorfmann-2-768x512.jpg 768w, https:\/\/www.radiopiu.net\/wordpress\/wp-content\/uploads\/2020\/01\/Herbert-Dorfmann-2-1536x1024.jpg 1536w, https:\/\/www.radiopiu.net\/wordpress\/wp-content\/uploads\/2020\/01\/Herbert-Dorfmann-2.jpg 2000w\" sizes=\"auto, (max-width: 248px) 100vw, 248px\" \/><\/a>posizionamento del PPE nelle prossime trattative\u201d.<\/p>\n<blockquote><p><em>\u00ab\u00c8 certamente un grande onore e una grande responsabilit\u00e0, per me, essere in questa lista. &#8211; commenta Dorfmann \u2013 Durante la scorsa legislatura, ho lavorato molto per arrivare ad una PAC che sia rispettosa dell&#8217;impegno e dei diritti dei lavoratori del mondo agricolo. L&#8217;obbiettivo dei prossimi mesi sar\u00e0 quindi quello di riuscire a portare a casa questo risultato, nonostante gli annunciati tagli al bilancio dovuti anche alla Brexit&#8221;<\/em><\/p><\/blockquote>\n<p>&nbsp;<\/p>\n<p>&nbsp;<\/p>\n<p>&nbsp;<\/p>\n<p>&nbsp;<\/p>\n<blockquote><p>&nbsp;<\/p><\/blockquote>\n<p>&nbsp;<\/p>\n<p>&nbsp;<\/p>\n<h3>AREE INTERNE E INIZIATIVE CONTRO LO SPOPOLAMENTO<\/h3>\n<blockquote><p><em>In Veneto le aree interne sono state individuate nel Comelico e Agordino, nell\u2019Altopiano di Asiago in provincia di Vicenza e nella Lessinia in provincia di Verona.<\/em><\/p><\/blockquote>\n<p><strong>ROMA<\/strong> Quali iniziative sono previste per dare una risposta a quei 13 milioni di cittadini che vivono nelle aree interne e montane del Paese, zone dove a crescere sono solo l\u2019impoverimento del tessuto economico e sociale e lo spopolamento? Lo hanno chiesto i deputati del Partito democratico al ministro per la coesione territoriale Provenzano durante il Question Time. L\u2019interrogazione \u00e8 stata firmata anche dal deputato veneto Roger De Menech. Secondo il Pd \u00e8 necessario garantire di pi\u00f9 e meglio i servizi alle persone, assicurandone il diritto alla mobilit\u00e0 e rafforzando le reti. La legge di Bilancio da poco approvata ha inserito risorse ingenti per le aree interne. Oltre al potenziamento del fondo per 200 milioni di euro, la legge di bilancio, con un emendamento dei relatori, ha stanziato 30 milioni l&#8217;anno per tre anni a favore del commercio e dell&#8217;artigianato in oltre mille comuni italiani delle 72 aree interne italiane.<\/p>\n<blockquote><p>\u00a0<em>\u00abFinita l\u2019attuale fase di sperimentazione, per il futuro sta maturando l\u2019idea di allargare le aree interne a tutte le zone omogenee il che significa che le previsioni e i benefici potranno essere estesi alle aree contermini che presentano le medesime caratteristiche\u00bb. Lo dichiara Roger De Menech<\/em><\/p><\/blockquote>\n<p><strong>DALLA RASSEGNA STAMPA DELLE OTTO DEL MATTINO, ROGER DE MENECH<\/strong><\/p>\n<audio class=\"wp-audio-shortcode\" id=\"audio-113123-8\" preload=\"none\" style=\"width: 100%;\" controls=\"controls\"><source type=\"audio\/mpeg\" src=\"https:\/\/www.radiopiu.net\/wordpress\/wp-content\/uploads\/2020\/01\/roger.mp3?_=8\" \/><a href=\"https:\/\/www.radiopiu.net\/wordpress\/wp-content\/uploads\/2020\/01\/roger.mp3\">https:\/\/www.radiopiu.net\/wordpress\/wp-content\/uploads\/2020\/01\/roger.mp3<\/a><\/audio>\n<p>&nbsp;<\/p>\n<p>&nbsp;<\/p>\n<p>&nbsp;<\/p>\n<h3>ANCHE CONFCOMMERCIO A FIANCO DEL COMELICO CONTRO I VINCOLI<\/h3>\n<p><strong>BELLUNO<\/strong> Il presidente di Confcommercio Belluno, Paolo Doglioni, \u00e8 netto nel sostenere la decisione della Provincia e dei Sindaci avverso i vincoli ai territori del Comelico e di Auronzo: <em>\u00abSono convinto che questa decisione sia stata l\u2019unica strada coerente con la necessit\u00e0 di salvaguardare il futuro sociale ed economico della nostra Terra, volont\u00e0 da tutti condivisa e testimoniata anche dalla partecipata manifestazione di inizio estate\u00bb.<\/em> Per Doglioni maggiormente duole il dover portare \u00a0di fronte ad un giudice ci\u00f2 che doveva essere campo di precisa scelta da parte della politica a livello centrale. <em>&#8220;Questa, abdicando al proprio ruolo e lasciando libero campo alla burocrazia pi\u00f9 cavillosa, ha trasformato dei provvedimenti che dovrebbero costituire il riconoscimento dell\u2019eccezionalit\u00e0 ed unicit\u00e0 del nostro sistema territoriale in strumenti di vincolo e soggezione a lacci che non permettono alcuna valorizzazione e sviluppo\u00bb.<\/em><\/p>\n<p>&nbsp;<\/p>\n<p>&nbsp;<\/p>\n<p>&nbsp;<\/p>\n<h3>\u201cSPORT DI TUTTI\u201d IL FONDO PER GARANTIRE IL DIRITTO ALLO SPORT PER TUTTI<\/h3>\n<p><strong>BELLUNO<\/strong> Sono aperte le iscrizioni per bambini e ragazzi dai 5 ai 18 anni che vogliono fare sport gratuitamente, \u00a0attivit\u00e0 sportiva due volte a settimana, fino a\u00a0 giugno, in Veneto \u00e8 possibile iscriversi in una delle 113 associazioni sportive aderenti, dislocate in 90 comuni della Regione, scegliendo la societ\u00e0 pi\u00f9 vicina dall\u2019elenco delle societ\u00e0 e comuni, scaricabile dal sito di progetto www.sportditutti.it. Le famiglie interessate potranno iscrivere i loro bambini e ragazzi entro le\u00a0 16 del 31 gennaio. Il programma totalmente gratuito per le famiglie prevede, oltre all\u2019attivit\u00e0 sportiva diversificata per fasce di et\u00e0, la presenza di un operatore di sostegno al fianco del tecnico sportivo in presenza di situazioni di disabilit\u00e0, inoltre \u00e8 prevista la fornitura di materiale sportivo alle societ\u00e0 partecipanti con almeno 10 ragazzi iscritti.<\/p>\n<p>&nbsp;<\/p>\n<p>&nbsp;<\/p>\n<p>&nbsp;<\/p>\n<p>&nbsp;<\/p>\n<h3>UN NATALE DI SODDISFAZIONE PER L&#8217;AMMINISTRAZIONE COMUNALE<\/h3>\n<blockquote><p><em>\u00a0La pista di pattinaggio rester\u00e0 attiva in Piazza Duomo fino al 26 gennaio<\/em><\/p><\/blockquote>\n<p><strong>BELLUNO\u00a0<\/strong> Grande soddisfazione per i risultati ottenuti in citt\u00e0 dal Natale delle Dolomiti 2019\/2020: la collaborazione tra il Comune di Belluno e il Consorzio Belluno Centro Storico ha portato migliaia di cittadini e di turisti in citt\u00e0 per le diverse iniziative che hanno animato le festivit\u00e0. Per il prossimo Natale delle Dolomiti, c&#8217;\u00e8 gi\u00e0 una certezza: i mercatini potranno contare sulle nuove casette, che saranno acquistate dal Comune di Belluno grazie al bando del Distretto del commercio liberando risorse per altre iniziative,\u00a0 per questa edizione il Comune ha investito oltre 70mila euro.<\/p>\n<p>&nbsp;<\/p>\n<p>&nbsp;<\/p>\n<p>&nbsp;<\/p>\n<h3>SEGRETARI COMUNALI: LA CARENZA NEI COMUNI ITALIANI ENTRA ALLA CAMERA DEI DEPUTATI.<\/h3>\n<p><strong><a class=\"dt-pswp-item\" href=\"https:\/\/www.radiopiu.net\/wordpress\/wp-content\/uploads\/2018\/12\/argentera_ferrere-3.jpg\" data-dt-img-description=\"\" data-large_image_width=\"865\" data-large_image_height=\"330\"><img loading=\"lazy\" decoding=\"async\" class=\"alignnone wp-image-71005 size-full\" src=\"https:\/\/www.radiopiu.net\/wordpress\/wp-content\/uploads\/2018\/12\/argentera_ferrere-3.jpg\" alt=\"\" width=\"865\" height=\"330\" srcset=\"https:\/\/www.radiopiu.net\/wordpress\/wp-content\/uploads\/2018\/12\/argentera_ferrere-3.jpg 865w, https:\/\/www.radiopiu.net\/wordpress\/wp-content\/uploads\/2018\/12\/argentera_ferrere-3-300x114.jpg 300w, https:\/\/www.radiopiu.net\/wordpress\/wp-content\/uploads\/2018\/12\/argentera_ferrere-3-768x293.jpg 768w\" sizes=\"auto, (max-width: 865px) 100vw, 865px\" \/><\/a><\/strong><\/p>\n<p><strong>Un positivo dibattito quello alla Camera, che ha inquadrato molti problemi dei Comuni nel non avere o avere parzialmente un Segretario<\/strong><\/p>\n<p><strong>ROMA<\/strong> Nell&#8217;Aula di Montecitorio, si \u00e8 tornato a parlare dei Segretari. Che mancano, che sono sempre meno.Uncem, con Anci denuncia da tempo: sono circa 2.300 le sedi vacanti sulle 4.794 sedi di segreteria disponibili &#8211; quindi, un 48 per cento di sedi vacanti &#8211; e questo diventa drammatico se guardiamo ai piccolissimi e piccoli comuni fino a 3 mila abitanti, dove le sedi vacanti sono 1.571 su 2.031 cio\u00e8\u00a0 77 per cento di sedi vacanti.<\/p>\n<blockquote><p><em>&#8220;Le soluzioni &#8211; dice Marco Bussone presidente nazionale Uncem &#8211;\u00a0 che devono seguire sono urgenti e mosse, sempre per citare Variati, su due assi. Il primo legato alla risoluzione delle urgenze, il secondo che mira a una trasformazione del ruolo e delle competenze di queste figure, pi\u00f9 sul medio periodo. Entrambi i percorsi sono imprescindibili e la politica deve intervenire&#8221;.<\/em><\/p><\/blockquote>\n<p>&nbsp;<\/p>\n<p>&nbsp;<\/p>\n<p>&nbsp;<\/p>\n<h2>SCAMBIO DI LETTERE&#8230;E PENSIERI<\/h2>\n<blockquote class=\"wp-embedded-content\" data-secret=\"om0LZ02cgo\"><p><a href=\"https:\/\/www.radiopiu.net\/wordpress\/mountainwilderness-risponde-a-lucia-farenzena\/\">MOUNTAINWILDERNESS RISPONDE A LUCIA FARENZENA<\/a><\/p><\/blockquote>\n<p><iframe loading=\"lazy\" title=\"&#8220;MOUNTAINWILDERNESS RISPONDE A LUCIA FARENZENA&#8221; &#8212; Radio Pi\u00f9\" class=\"wp-embedded-content\" sandbox=\"allow-scripts\" security=\"restricted\" style=\"position: absolute; clip: rect(1px, 1px, 1px, 1px);\" src=\"https:\/\/www.radiopiu.net\/wordpress\/mountainwilderness-risponde-a-lucia-farenzena\/embed\/#?secret=om0LZ02cgo\" data-secret=\"om0LZ02cgo\" width=\"600\" height=\"338\" frameborder=\"0\" marginwidth=\"0\" marginheight=\"0\" scrolling=\"no\"><\/iframe><\/p>\n<p>&nbsp;<\/p>\n<p>&nbsp;<\/p>\n<p>&nbsp;<\/p>\n<h3>AUSER E QUESTURA ASSIEME CONTRO LE TRUFFE<\/h3>\n<p><strong><a class=\"dt-pswp-item\" href=\"https:\/\/www.radiopiu.net\/wordpress\/wp-content\/uploads\/2019\/01\/auser-1.jpg\" data-dt-img-description=\"\" data-large_image_width=\"1772\" data-large_image_height=\"811\"><img loading=\"lazy\" decoding=\"async\" class=\"wp-image-73044 alignleft\" src=\"https:\/\/www.radiopiu.net\/wordpress\/wp-content\/uploads\/2019\/01\/auser-1-300x137.jpg\" alt=\"\" width=\"206\" height=\"94\" srcset=\"https:\/\/www.radiopiu.net\/wordpress\/wp-content\/uploads\/2019\/01\/auser-1-300x137.jpg 300w, https:\/\/www.radiopiu.net\/wordpress\/wp-content\/uploads\/2019\/01\/auser-1-768x351.jpg 768w, https:\/\/www.radiopiu.net\/wordpress\/wp-content\/uploads\/2019\/01\/auser-1-1024x469.jpg 1024w, https:\/\/www.radiopiu.net\/wordpress\/wp-content\/uploads\/2019\/01\/auser-1.jpg 1772w\" sizes=\"auto, (max-width: 206px) 100vw, 206px\" \/><\/a>BELLUNO<\/strong> Raccogliendo l&#8217;invito della Questura di Belluno, l&#8217;Auser provinciale ha voluto stimolare i suoi Circoli ad organizzare degli incontri per combattere, ma soprattutto per prevenire, truffe e raggiri ai danni degli anziani. L\u2019iniziativa \u201cProgetto sicurezza\u201d, ha trovato per ora il consenso dei Comuni di Sospirolo, Domegge, Borgo Valbelluna e Pedavena. Piena disponibilit\u00e0 da parte della Polizia di Stato che, con agenti deputati allo scopo, forniranno ai cittadini tutte le indicazioni per evitare spiacevoli sorprese. Il calendario degli incontri\u00a0 21 gennaio alle 15 nella sede del Circolo Auser \u201cMonte Sperone\u201d di Gron di Sospirolo, 31 gennaio alle 16 nella Sala consiliare del Municipio di Domegge, 4 febbraio alle\u00a0 15.30 a Lentiai, in via Galilei 8, nella sede del Circolo, 10 marzo alle\u00a0 15 nella Biblioteca comunale di Pedavena in via Roma, 24.<em> &#8220;Ci auguriamo che la popolazione, quella anziana in particolare, risponda in maniera numerosa a questa proposta\u201d<\/em> dice\u00a0la presidente provinciale Auser Dall&#8217;Omo<\/p>\n<p>&nbsp;<\/p>\n<p>&nbsp;<\/p>\n<p>&nbsp;<\/p>\n<h3><a class=\"dt-pswp-item\" href=\"https:\/\/www.radiopiu.net\/wordpress\/wp-content\/uploads\/2017\/11\/Floriano-Pra.jpg\" data-dt-img-description=\"\" data-large_image_width=\"1011\" data-large_image_height=\"1437\"><img loading=\"lazy\" decoding=\"async\" class=\"wp-image-39073 alignleft\" src=\"https:\/\/www.radiopiu.net\/wordpress\/wp-content\/uploads\/2017\/11\/Floriano-Pra-211x300.jpg\" alt=\"\" width=\"71\" height=\"101\" \/><\/a>CERTOTTICA NON DIMENTICA FLORIANO PRA<\/h3>\n<p><strong>LONGARONE<\/strong> Giovedi 23 gennaio alle 17 Certottica consegna le borse di studio intitolate al Presidente Floriano Pra, destinate ai due studenti pi\u00f9 meritevoli del biennio 17\/19 dell\u2019ITS-Academy in Design e Tecnica dell\u2019Occhiale. L\u2019evento porter\u00e0 nella sede di Longarone allievi, docenti e aziende del Distretto che ruotano attorno all\u2019iter formativo altamente specializzante. A concludere la serata l\u2019assessore regionale, Elena Donazzan.<\/p>\n<p>&nbsp;<\/p>\n<p>&nbsp;<\/p>\n<p>&nbsp;<\/p>\n<p>&nbsp;<\/p>\n<h3>QUESTA SERA LE ISCRIZIONI AL CORSO BASE DI SCI ALPINISMO CON IL CAI DI AGORDO<\/h3>\n<p><strong><a class=\"dt-pswp-item\" href=\"https:\/\/www.radiopiu.net\/wordpress\/wp-content\/uploads\/2020\/01\/4a21f68699d4fa033eb97ddd4d2bdf4b.jpg\" data-dt-img-description=\"\" data-large_image_width=\"800\" data-large_image_height=\"600\"><img loading=\"lazy\" decoding=\"async\" class=\"wp-image-113032 alignleft\" src=\"https:\/\/www.radiopiu.net\/wordpress\/wp-content\/uploads\/2020\/01\/4a21f68699d4fa033eb97ddd4d2bdf4b-300x225.jpg\" alt=\"\" width=\"163\" height=\"122\" srcset=\"https:\/\/www.radiopiu.net\/wordpress\/wp-content\/uploads\/2020\/01\/4a21f68699d4fa033eb97ddd4d2bdf4b-300x225.jpg 300w, https:\/\/www.radiopiu.net\/wordpress\/wp-content\/uploads\/2020\/01\/4a21f68699d4fa033eb97ddd4d2bdf4b-768x576.jpg 768w, https:\/\/www.radiopiu.net\/wordpress\/wp-content\/uploads\/2020\/01\/4a21f68699d4fa033eb97ddd4d2bdf4b.jpg 800w\" sizes=\"auto, (max-width: 163px) 100vw, 163px\" \/><\/a>AGORDO<\/strong> La sezione del Cai Armando Tama Da Roit organizza un corso base di sci alpinismo. Presentazione e iscrizioni OGGI dalle 20.30 in sede (municipio di Agordo, piano terra entrata nord). Il corso \u00e8 aperto a quanti vogliono avvicinarsi a questo sport che permette la conoscenza dell&#8217;ambiente montano in veste invernale, imparando a praticarlo con sicurezza. Sono necessari un buon allenamento e una buona conoscenza delle tecniche di sci in pista.<\/p>\n<p><strong>NE PARLA A RADIO PIU&#8217; MICHELE COSTANTINI\u00a0<\/strong><\/p>\n<audio class=\"wp-audio-shortcode\" id=\"audio-113123-9\" preload=\"none\" style=\"width: 100%;\" controls=\"controls\"><source type=\"audio\/mpeg\" src=\"https:\/\/www.radiopiu.net\/wordpress\/wp-content\/uploads\/2020\/01\/corso-sci-alpinismo-cai-scade-giovedi.mp3?_=9\" \/><a href=\"https:\/\/www.radiopiu.net\/wordpress\/wp-content\/uploads\/2020\/01\/corso-sci-alpinismo-cai-scade-giovedi.mp3\">https:\/\/www.radiopiu.net\/wordpress\/wp-content\/uploads\/2020\/01\/corso-sci-alpinismo-cai-scade-giovedi.mp3<\/a><\/audio>\n<p>&nbsp;<\/p>\n<p>&nbsp;<\/p>\n<p>&nbsp;<\/p>\n<p>&nbsp;<\/p>\n<h3><a class=\"dt-pswp-item\" href=\"https:\/\/www.radiopiu.net\/wordpress\/wp-content\/uploads\/2020\/01\/82990215_2519456134933473_5209195348886552576_o.jpg\" data-dt-img-description=\"\" data-large_image_width=\"679\" data-large_image_height=\"960\"><img loading=\"lazy\" decoding=\"async\" class=\"wp-image-113098 alignleft\" src=\"https:\/\/www.radiopiu.net\/wordpress\/wp-content\/uploads\/2020\/01\/82990215_2519456134933473_5209195348886552576_o-212x300.jpg\" alt=\"\" width=\"115\" height=\"163\" srcset=\"https:\/\/www.radiopiu.net\/wordpress\/wp-content\/uploads\/2020\/01\/82990215_2519456134933473_5209195348886552576_o-212x300.jpg 212w, https:\/\/www.radiopiu.net\/wordpress\/wp-content\/uploads\/2020\/01\/82990215_2519456134933473_5209195348886552576_o.jpg 679w\" sizes=\"auto, (max-width: 115px) 100vw, 115px\" \/><\/a><\/h3>\n<h3><\/h3>\n<h3>NOVITA&#8217; A FORCELLA AURINE<\/h3>\n<blockquote><p>Apertura della\u00a0 pista BEPI. Venerd\u00ec sera inizio serale con sciovia CELI e pista BEPI dedicate allo sci alpino.La pista GARDENIA invece sar\u00e0 riservata alla risalita degli SKIALPER!<\/p><\/blockquote>\n<p>&nbsp;<\/p>\n<p>&nbsp;<\/p>\n<p>&nbsp;<\/p>\n<p>&nbsp;<\/p>\n<p>&nbsp;<\/p>\n<h3>&#8220;PANE E MARMELLATA&#8221;\u00a0 IL LIBRO DI FRANCESCA MUSSOI<\/h3>\n<h3><a class=\"dt-pswp-item\" href=\"https:\/\/www.radiopiu.net\/wordpress\/wp-content\/uploads\/2020\/01\/WhatsApp-Image-2020-01-13-at-20.15.17-1.jpeg\" data-dt-img-description=\"\" data-large_image_width=\"723\" data-large_image_height=\"1024\"><img loading=\"lazy\" decoding=\"async\" class=\"size-medium wp-image-113045 alignleft\" src=\"https:\/\/www.radiopiu.net\/wordpress\/wp-content\/uploads\/2020\/01\/WhatsApp-Image-2020-01-13-at-20.15.17-1-212x300.jpeg\" alt=\"\" width=\"212\" height=\"300\" srcset=\"https:\/\/www.radiopiu.net\/wordpress\/wp-content\/uploads\/2020\/01\/WhatsApp-Image-2020-01-13-at-20.15.17-1-212x300.jpeg 212w, https:\/\/www.radiopiu.net\/wordpress\/wp-content\/uploads\/2020\/01\/WhatsApp-Image-2020-01-13-at-20.15.17-1.jpeg 723w\" sizes=\"auto, (max-width: 212px) 100vw, 212px\" \/><\/a><\/h3>\n<p><strong>SEDICO<\/strong> Il suo rapporto con i bambini e i suoi pregiati libri \u00e8 noto, Francesca non delude mai, e sabato ne dar\u00e0 l&#8217;ulteriore dimostrazione con il libro che sar\u00e0 presentato\u00a0 \u00a0a Trichiana alle 20.30 in sala San Felice. <strong>IL LIBRO<\/strong> \u201cPane e marmellata\u201d (le illustrazioni sono di Chiara Zuccali, l\u2019editore \u00e8 Erickson) \u00e8 un libro che pu\u00f2 avvicinare grandi e bambini a temi importanti come l\u2019accettazione delle diversit\u00e0, l\u2019inclusione scolastica, il bullismo. Sabato ci saranno anche gli amici di Mery.<\/p>\n<blockquote><p><em>\u00a0&#8220;Erik ha 11 anni e, come i suoi compagni, ama leggere, correre, ballare tra le foglie d\u2019autunno assieme alla sua mamma. E ama disegnare. Ma non tutto fila liscio, in particolare se si mettono in mezzo Sam e Paul\u2026 e se Erik perde l\u2019oggetto pi\u00f9 prezioso che ha<\/em>\u00bb.<\/p><\/blockquote>\n<p>&nbsp;<\/p>\n<p>&nbsp;<\/p>\n<p>&nbsp;<\/p>\n<p>&nbsp;<\/p>\n<p>&nbsp;<\/p>\n<h3>AL CINEMA AD AGORDO, IL 25 CON IL REGISTA STEFANO USARDI<\/h3>\n<p>Proiezione del film &#8220;Affittasi vita&#8221;, Scritto e diretto da Stefano Usardi. Sabato 25 gennaio 2020 dalle ore 20:30\u00a0 Sala Don Tamis. Ingresso libero a tutti con offerta libera\u00a0 Un film prodotto da FIFILM PRODUCTION DI Caterina Francavilla<\/p>\n<p><a class=\"dt-pswp-item\" href=\"https:\/\/www.radiopiu.net\/wordpress\/wp-content\/uploads\/2020\/01\/82250689_2542725085838493_5507278534634110976_o.jpg\" data-dt-img-description=\"\" data-large_image_width=\"671\" data-large_image_height=\"960\"><img loading=\"lazy\" decoding=\"async\" class=\"alignnone wp-image-113218 size-medium\" src=\"https:\/\/www.radiopiu.net\/wordpress\/wp-content\/uploads\/2020\/01\/82250689_2542725085838493_5507278534634110976_o-210x300.jpg\" alt=\"\" width=\"210\" height=\"300\" srcset=\"https:\/\/www.radiopiu.net\/wordpress\/wp-content\/uploads\/2020\/01\/82250689_2542725085838493_5507278534634110976_o-210x300.jpg 210w, https:\/\/www.radiopiu.net\/wordpress\/wp-content\/uploads\/2020\/01\/82250689_2542725085838493_5507278534634110976_o.jpg 671w\" sizes=\"auto, (max-width: 210px) 100vw, 210px\" \/><\/a><\/p>\n<p>LA PRESENTAZIONE ALLA RADIO, NOTIZIARIO NOVEMBRE 2019<\/p>\n<blockquote class=\"wp-embedded-content\" data-secret=\"JXKOFOZucR\"><p><a href=\"https:\/\/www.radiopiu.net\/wordpress\/affittasi-vita-in-concorso-al-riif-2019\/\">&#8220;AFFITTASI VITA&#8221; IN CONCORSO AL RIIF 2019<\/a><\/p><\/blockquote>\n<p><iframe loading=\"lazy\" title=\"&#8220;&#8220;AFFITTASI VITA&#8221; IN CONCORSO AL RIIF 2019&#8221; &#8212; Radio Pi\u00f9\" class=\"wp-embedded-content\" sandbox=\"allow-scripts\" security=\"restricted\" style=\"position: absolute; clip: rect(1px, 1px, 1px, 1px);\" src=\"https:\/\/www.radiopiu.net\/wordpress\/affittasi-vita-in-concorso-al-riif-2019\/embed\/#?secret=JXKOFOZucR\" data-secret=\"JXKOFOZucR\" width=\"600\" height=\"338\" frameborder=\"0\" marginwidth=\"0\" marginheight=\"0\" scrolling=\"no\"><\/iframe><\/p>\n<p>&nbsp;<\/p>\n<p>&nbsp;<\/p>\n<p>&nbsp;<\/p>\n<p>&nbsp;<\/p>\n<h3><span style=\"color: #ff0000;\">IERI ALLA RADIO&#8230;. CISL LA VOCE DEI LAVORATORI<br \/>\n<span style=\"color: #000000;\"><a class=\"dt-pswp-item\" href=\"https:\/\/www.radiopiu.net\/wordpress\/wp-content\/uploads\/2018\/12\/CISL.png\" data-dt-img-description=\"\" data-large_image_width=\"292\" data-large_image_height=\"116\"><img loading=\"lazy\" decoding=\"async\" class=\"wp-image-70350 alignleft\" src=\"https:\/\/www.radiopiu.net\/wordpress\/wp-content\/uploads\/2018\/12\/CISL.png\" alt=\"\" width=\"176\" height=\"70\" \/><\/a>Primo appuntamento, sesto anno, con Paolo Chissale&#8217; della Rsu Luxottica di Agordo<\/span><br \/>\n<\/span><\/h3>\n<audio class=\"wp-audio-shortcode\" id=\"audio-113123-10\" preload=\"none\" style=\"width: 100%;\" controls=\"controls\"><source type=\"audio\/mpeg\" src=\"https:\/\/www.radiopiu.net\/wordpress\/wp-content\/uploads\/2020\/01\/CISL-DEL-15-GENNAIO.mp3?_=10\" \/><a href=\"https:\/\/www.radiopiu.net\/wordpress\/wp-content\/uploads\/2020\/01\/CISL-DEL-15-GENNAIO.mp3\">https:\/\/www.radiopiu.net\/wordpress\/wp-content\/uploads\/2020\/01\/CISL-DEL-15-GENNAIO.mp3<\/a><\/audio>\n<p>&nbsp;<\/p>\n<p>&nbsp;<\/p>\n<p>&nbsp;<\/p>\n<p>&nbsp;<\/p>\n<p>&nbsp;<\/p>\n<h3><span style=\"color: #ff0000;\">IERI ALLA RADIO&#8230;. SEI A CASA<br \/>\n<span style=\"color: #000000;\"><a class=\"dt-pswp-item\" href=\"https:\/\/www.radiopiu.net\/wordpress\/wp-content\/uploads\/2020\/01\/82544861_10221931207576152_2304701269467463680_o.jpg\" data-dt-img-description=\"\" data-large_image_width=\"960\" data-large_image_height=\"720\"><img loading=\"lazy\" decoding=\"async\" class=\"wp-image-113117 alignleft\" src=\"https:\/\/www.radiopiu.net\/wordpress\/wp-content\/uploads\/2020\/01\/82544861_10221931207576152_2304701269467463680_o-300x225.jpg\" alt=\"\" width=\"199\" height=\"149\" srcset=\"https:\/\/www.radiopiu.net\/wordpress\/wp-content\/uploads\/2020\/01\/82544861_10221931207576152_2304701269467463680_o-300x225.jpg 300w, https:\/\/www.radiopiu.net\/wordpress\/wp-content\/uploads\/2020\/01\/82544861_10221931207576152_2304701269467463680_o-768x576.jpg 768w, https:\/\/www.radiopiu.net\/wordpress\/wp-content\/uploads\/2020\/01\/82544861_10221931207576152_2304701269467463680_o.jpg 960w\" sizes=\"auto, (max-width: 199px) 100vw, 199px\" \/><\/a><\/span><\/span><\/h3>\n<h3><\/h3>\n<h3><\/h3>\n<h3><span style=\"color: #ff0000;\"><span style=\"color: #000000;\">Prima puntata con Lucia Soccol, case e mercato immobiliare notizie e curiosita&#8217;<\/span><\/span><\/h3>\n<audio class=\"wp-audio-shortcode\" id=\"audio-113123-11\" preload=\"none\" style=\"width: 100%;\" controls=\"controls\"><source type=\"audio\/mpeg\" src=\"https:\/\/www.radiopiu.net\/wordpress\/wp-content\/uploads\/2020\/01\/sei-a-casa-prima-puntata.mp3?_=11\" \/><a href=\"https:\/\/www.radiopiu.net\/wordpress\/wp-content\/uploads\/2020\/01\/sei-a-casa-prima-puntata.mp3\">https:\/\/www.radiopiu.net\/wordpress\/wp-content\/uploads\/2020\/01\/sei-a-casa-prima-puntata.mp3<\/a><\/audio>\n<p>&nbsp;<\/p>\n<p>&nbsp;<\/p>\n<p>&nbsp;<\/p>\n<p>&nbsp;<\/p>\n<div class=\"\" data-block=\"true\" data-editor=\"caie0\" data-offset-key=\"c2um1-0-0\">\n<div class=\"_1mf _1mj\" data-offset-key=\"c2um1-0-0\"><strong>NUOVO CANALE RADIOPIU SU TELEGRAM ISCRIZIONE GRATUITA<\/strong><\/div>\n<\/div>\n<div class=\"\" data-block=\"true\" data-editor=\"caie0\" data-offset-key=\"5n5nl-0-0\">\n<blockquote>\n<div data-offset-key=\"5n5nl-0-0\"><a class=\"dt-pswp-item\" href=\"https:\/\/www.radiopiu.net\/wordpress\/wp-content\/uploads\/2017\/04\/MyRadioPiu_miaidea.png\" data-dt-img-description=\"\" data-large_image_width=\"483\" data-large_image_height=\"374\"><img loading=\"lazy\" decoding=\"async\" class=\"wp-image-30709 alignleft\" src=\"https:\/\/www.radiopiu.net\/wordpress\/wp-content\/uploads\/2017\/04\/MyRadioPiu_miaidea-300x232.png\" alt=\"\" width=\"167\" height=\"129\" \/><\/a>Il canale creato su Telgram andr\u00e0 a sostituire i gruppi whatsApp, a breve inizier\u00e0 l&#8217;aggiornamento. In questo gruppo ogni giorno viene pubblicato il GIORNALE RADIOPIU il giornale radio_sito in onda alla radio ogni giorno dal lunedi al sabato nelle edizioni delle 9.30 GR MATTINA, 12.30 GIORNALE RADIO PRINCIPALE, 14.30 GR PRIMO POMERIGGIO, 16.30 GR POMERIGGIO 18.30 GR SERA e il GIORNALE DELLA MEZZANOTTE\u00a0 Inoltre in questo canale vengono linkate in tempo reale le notizie che vengono pubblicate sul sito <a href=\"http:\/\/www.radiopiu.net\/\" target=\"_blank\" rel=\"noopener noreferrer\">www.radiopiu.net<\/a> e i podcast delle rubriche in onda al mattino 10.30 REPORTER, e negli approfondimenti del pomeriggio 15.10 CARPE DIEM.<\/div>\n<\/blockquote>\n<\/div>\n<div data-offset-key=\"5n5nl-0-0\"><\/div>\n<div data-offset-key=\"5n5nl-0-0\"><\/div>\n<div data-offset-key=\"5n5nl-0-0\"><\/div>\n<div data-offset-key=\"5n5nl-0-0\"><\/div>\n<div data-offset-key=\"5n5nl-0-0\"><\/div>\n<div data-offset-key=\"5n5nl-0-0\"><\/div>\n<h2 data-offset-key=\"5n5nl-0-0\"><span style=\"color: #ff0000;\">LA FOTO<\/span><\/h2>\n<div data-offset-key=\"5n5nl-0-0\"><a class=\"dt-pswp-item\" href=\"https:\/\/www.radiopiu.net\/wordpress\/wp-content\/uploads\/2020\/01\/gruppo-TCI.jpeg\" data-dt-img-description=\"\" data-large_image_width=\"1526\" data-large_image_height=\"1042\"><img loading=\"lazy\" decoding=\"async\" class=\"alignnone wp-image-113162 size-large\" src=\"https:\/\/www.radiopiu.net\/wordpress\/wp-content\/uploads\/2020\/01\/gruppo-TCI-1024x699.jpeg\" alt=\"\" width=\"1024\" height=\"699\" srcset=\"https:\/\/www.radiopiu.net\/wordpress\/wp-content\/uploads\/2020\/01\/gruppo-TCI-1024x699.jpeg 1024w, https:\/\/www.radiopiu.net\/wordpress\/wp-content\/uploads\/2020\/01\/gruppo-TCI-300x205.jpeg 300w, https:\/\/www.radiopiu.net\/wordpress\/wp-content\/uploads\/2020\/01\/gruppo-TCI-768x524.jpeg 768w, https:\/\/www.radiopiu.net\/wordpress\/wp-content\/uploads\/2020\/01\/gruppo-TCI.jpeg 1526w\" sizes=\"auto, (max-width: 1024px) 100vw, 1024px\" \/><\/a><\/div>\n<div data-offset-key=\"5n5nl-0-0\">\n<p class=\"western\" align=\"JUSTIFY\"><span style=\"color: #000000;\"><span style=\"font-family: Calibri, sans-serif;\"><span style=\"font-size: medium;\">I Soci veneti del Touring Club Italiano condotti in visita nel pordenonese dal console Eldo Candeago per un appuntamento con la storia e l&#8217;arte, approfittando della mostra<\/span><\/span><\/span> <span style=\"color: #212121;\"><span style=\"font-family: Calibri, sans-serif;\"><span style=\"font-size: medium;\">&#8220;Il Rinascimento di Pordenone\u201d <\/span><\/span><\/span><span style=\"color: #000000;\"><span style=\"font-family: Calibri, sans-serif;\"><span style=\"font-size: medium;\">che la citt\u00e0 ha voluto organizzare e dedicare al suo illustre, e mai sufficientemente conosciuto, Giovanni Antonio de&#8217; Sacchis, meglio noto come \u201cIl Pordenone\u201d.<\/span><\/span><\/span><\/p>\n<\/div>\n<blockquote>\n<p align=\"JUSTIFY\">\n<\/blockquote>\n<div data-offset-key=\"5n5nl-0-0\">\n<p align=\"JUSTIFY\">\n<\/div>\n<div data-offset-key=\"5n5nl-0-0\">\n<p class=\"western\" align=\"JUSTIFY\"><a class=\"dt-pswp-item\" href=\"https:\/\/www.radiopiu.net\/wordpress\/wp-content\/uploads\/2018\/09\/viabilita.jpeg\" data-dt-img-description=\"\" data-large_image_width=\"800\" data-large_image_height=\"100\"><img loading=\"lazy\" decoding=\"async\" class=\"alignnone wp-image-61954 size-full\" src=\"https:\/\/www.radiopiu.net\/wordpress\/wp-content\/uploads\/2018\/09\/viabilita.jpeg\" alt=\"\" width=\"800\" height=\"100\" srcset=\"https:\/\/www.radiopiu.net\/wordpress\/wp-content\/uploads\/2018\/09\/viabilita.jpeg 800w, https:\/\/www.radiopiu.net\/wordpress\/wp-content\/uploads\/2018\/09\/viabilita-300x38.jpeg 300w, https:\/\/www.radiopiu.net\/wordpress\/wp-content\/uploads\/2018\/09\/viabilita-768x96.jpeg 768w\" sizes=\"auto, (max-width: 800px) 100vw, 800px\" \/><\/a><\/p>\n<\/div>\n<div data-offset-key=\"5n5nl-0-0\">\n<div data-offset-key=\"5n5nl-0-0\">\n<div data-offset-key=\"5n5nl-0-0\">\n<p>&nbsp;<\/p>\n<p><strong>346 SAN PELLEGRINO A CANALE D&#8217;AGORDO <\/strong>La Mora dal 13 gennaio al 29 febbraio senso unico con semaforo anche sabato e domenica<\/p>\n<p><strong>203 AGORDINA, LOCALITA&#8217; LA MUDA<\/strong> DAL 13 GENNAIO AL 31 MARZO ESCLUSI FESTIVI E PREFESTIVI DALLE 7.30 ALLE 8.30 E DALLE 16.30 ALLE 17.30 SENSO UNICO ALTE<a class=\"dt-pswp-item\" href=\"https:\/\/www.radiopiu.net\/wordpress\/wp-content\/uploads\/2020\/01\/8550d617-ce67-49f8-a961-a4f5f6c0c2bb.jpg\" data-dt-img-description=\"\" data-large_image_width=\"788\" data-large_image_height=\"1599\"><img loading=\"lazy\" decoding=\"async\" class=\"size-medium wp-image-112658 alignleft\" src=\"https:\/\/www.radiopiu.net\/wordpress\/wp-content\/uploads\/2020\/01\/8550d617-ce67-49f8-a961-a4f5f6c0c2bb-148x300.jpg\" alt=\"\" width=\"148\" height=\"300\" srcset=\"https:\/\/www.radiopiu.net\/wordpress\/wp-content\/uploads\/2020\/01\/8550d617-ce67-49f8-a961-a4f5f6c0c2bb-148x300.jpg 148w, https:\/\/www.radiopiu.net\/wordpress\/wp-content\/uploads\/2020\/01\/8550d617-ce67-49f8-a961-a4f5f6c0c2bb-505x1024.jpg 505w, https:\/\/www.radiopiu.net\/wordpress\/wp-content\/uploads\/2020\/01\/8550d617-ce67-49f8-a961-a4f5f6c0c2bb-768x1558.jpg 768w, https:\/\/www.radiopiu.net\/wordpress\/wp-content\/uploads\/2020\/01\/8550d617-ce67-49f8-a961-a4f5f6c0c2bb-757x1536.jpg 757w, https:\/\/www.radiopiu.net\/wordpress\/wp-content\/uploads\/2020\/01\/8550d617-ce67-49f8-a961-a4f5f6c0c2bb.jpg 788w\" sizes=\"auto, (max-width: 148px) 100vw, 148px\" \/><\/a>RNATO CON MOVIERI O SEMAFORI<\/p>\n<p><strong>PROVINCIALE 20 VAL FIORENTINA\u00a0<\/strong> LOCALITA&#8217; SOLATOR\u00a0 DAL 13 GENNAIO AL 29 MAGGIO (COMPRESI FESTIVI E PREFESTIVI) SENSO UNICO ALTERNATO REGOLATO DA SEMAFORO O MOVIERI PER ADEGUAMENTO CARREGGIATA<\/p>\n<p><strong>PROVINCIALE 563 DI SALESEI, LIVINALLONGO DEL COL DI LANA<\/strong> DAL 13 GENNAIO AL 24 (ESCLUSI SABATO E DOMENICA) dalle 9 alle 17 interdizione totale al traffico, nei rimanenti periodi senso unico alternato per taglio alberi in localit\u00e0 Pian di Salesei e Salesei<\/p>\n<p><strong>641 PASSO FEDAIA ROCCA PIETORE<\/strong> da martedi 7 gennaio al 6 marzo senso unico alternato regolato da semaforo per tratti di 30 metri. esclusi sabato e domenica<br \/>\n<strong>203 AGORDINA TAIBON AGORDINO<\/strong> dal 7 al 30 gennaio dalle 7 alle 19 senso unico alternato regolato da semaforo. esclusi festivi e prefestivi<\/p>\n<p><strong>48 DELLO DOLOMITI RIO GERE<\/strong>\u00a0 dalle 8 alle 17 fino al 10 aprile senso unico con semaforo, tratti di 200 metri per lavori posa elettrodotto<\/p>\n<div class=\"im_history_message_wrap\">\n<div class=\"im_message_outer_wrap hasselect\" data-msg-id=\"1361\">\n<div class=\"im_message_wrap clearfix\">\n<div class=\"im_content_message_wrap im_message_out\">\n<div class=\"im_message_body\">\n<div dir=\"auto\"><strong>02 PROVINCIALE VALLE DEL MIS\u00a0<\/strong> localit\u00e0 Pascoli-Val Falcina dalle 7 alle 19 fino al 28 febbraio senso unico alternato con semaforo per istallazione impianti illuminazione<\/div>\n<\/div>\n<\/div>\n<\/div>\n<\/div>\n<\/div>\n<p>&nbsp;<\/p>\n<\/div>\n<\/div>\n<\/div>\n<p>&nbsp;<\/p>\n<p>&nbsp;<\/p>\n<p>&nbsp;<\/p>\n<div data-offset-key=\"5n5nl-0-0\">\n<div data-offset-key=\"5n5nl-0-0\">\n<p>&nbsp;<\/p>\n<div data-offset-key=\"5n5nl-0-0\">\n<div data-offset-key=\"5n5nl-0-0\">\n<div data-offset-key=\"5n5nl-0-0\">\n<h3><a class=\"dt-pswp-item\" href=\"http:\/\/www.radiopiu.net\/wordpress\/wp-content\/uploads\/2018\/09\/appuntamenti.jpeg\" data-dt-img-description=\"\" data-large_image_width=\"800\" data-large_image_height=\"100\"><img loading=\"lazy\" decoding=\"async\" class=\"aligncenter wp-image-61958 size-full\" src=\"http:\/\/www.radiopiu.net\/wordpress\/wp-content\/uploads\/2018\/09\/appuntamenti.jpeg\" alt=\"\" width=\"800\" height=\"100\" srcset=\"https:\/\/www.radiopiu.net\/wordpress\/wp-content\/uploads\/2018\/09\/appuntamenti.jpeg 800w, https:\/\/www.radiopiu.net\/wordpress\/wp-content\/uploads\/2018\/09\/appuntamenti-300x38.jpeg 300w, https:\/\/www.radiopiu.net\/wordpress\/wp-content\/uploads\/2018\/09\/appuntamenti-768x96.jpeg 768w\" sizes=\"auto, (max-width: 800px) 100vw, 800px\" \/><\/a><\/h3>\n<\/div>\n<\/div>\n<\/div>\n<p>&nbsp;<\/p>\n<div data-offset-key=\"5n5nl-0-0\">\n<p>&nbsp;<\/p>\n<div data-offset-key=\"5n5nl-0-0\">\n<div data-offset-key=\"5n5nl-0-0\">\n<h3><a class=\"dt-pswp-item\" href=\"https:\/\/www.radiopiu.net\/wordpress\/wp-content\/uploads\/2020\/01\/e32a9d42-8dfe-4b23-b64b-2dd5eb1766b5.jpg\" data-dt-img-description=\"\" data-large_image_width=\"1600\" data-large_image_height=\"782\"><img loading=\"lazy\" decoding=\"async\" class=\"wp-image-112229 alignleft\" src=\"https:\/\/www.radiopiu.net\/wordpress\/wp-content\/uploads\/2020\/01\/e32a9d42-8dfe-4b23-b64b-2dd5eb1766b5-300x147.jpg\" alt=\"\" width=\"229\" height=\"112\" srcset=\"https:\/\/www.radiopiu.net\/wordpress\/wp-content\/uploads\/2020\/01\/e32a9d42-8dfe-4b23-b64b-2dd5eb1766b5-300x147.jpg 300w, https:\/\/www.radiopiu.net\/wordpress\/wp-content\/uploads\/2020\/01\/e32a9d42-8dfe-4b23-b64b-2dd5eb1766b5-1024x500.jpg 1024w, https:\/\/www.radiopiu.net\/wordpress\/wp-content\/uploads\/2020\/01\/e32a9d42-8dfe-4b23-b64b-2dd5eb1766b5-768x375.jpg 768w, https:\/\/www.radiopiu.net\/wordpress\/wp-content\/uploads\/2020\/01\/e32a9d42-8dfe-4b23-b64b-2dd5eb1766b5-1536x751.jpg 1536w, https:\/\/www.radiopiu.net\/wordpress\/wp-content\/uploads\/2020\/01\/e32a9d42-8dfe-4b23-b64b-2dd5eb1766b5.jpg 1600w\" sizes=\"auto, (max-width: 229px) 100vw, 229px\" \/><\/a><\/h3>\n<p>&nbsp;<\/p>\n<p>La Val che Urla sar\u00e0 in programmazione al cinema Dolomiti di Falcade il 17 (21) 18 (21) e 19 gennaio (21 E 15 ) Al Cinema Italia di Belluno il\u00a0 20, 21 22\u00a0 GENNAIO, l&#8217;8 febbraio a CORTINA<\/p>\n<\/div>\n<\/div>\n<\/div>\n<\/div>\n<\/div>\n<p>&nbsp;<\/p>\n<p>&nbsp;<\/p>\n<p>&nbsp;<\/p>\n<p>&nbsp;<\/p>\n<div data-offset-key=\"5n5nl-0-0\">\n<div data-offset-key=\"5n5nl-0-0\">\n<div data-offset-key=\"5n5nl-0-0\">\n<div data-offset-key=\"5n5nl-0-0\">\n<p><strong>BELLUNO <\/strong>Oggi\u00a0alle 11.30 presso sala conferenze dell\u2019Associazione Bellunesi nel Mondo in via Cavour, 3 verr\u00e0 presentato alla stampa il progetto Botteghe e atelier aziendali \u2013 la lavorazione del legno nella montagna Veneta<\/p>\n<p><strong>BELLUNO<\/strong> Domani\u00a0 alle 18.30 Davide Rondoni, poeta, editorialista e saggista, sar\u00e0 presente nell&#8217;aula magna del Liceo Lollino Classico e Scientifico, in concomitanza con la notte nazionale dei licei classici.<\/p>\n<p><strong>FALCADE<\/strong> Domani alle 10.00 nella Chiesa di Sappade,\u00a0 Santa Messa in occasione di San Antonio. Come sempre alla Piccola Baita a partire dalle 12 in occasione del Santo Patrono verranno proposti i piatti della tradizione<\/p>\n<p><strong>BORGOVALBELLUNA<\/strong> Domani dalle ore 18:30 alle 20:00 a Mel, Sala delle Contesse, avr\u00e0 luogo il terzo incontro del ciclo di appuntamenti \u201cPer fortuna siamo tutti genitori imperfetti\u201d dedicati a chi \u00e8 stato figlio e\/o ha dei figli. Il titolo della serata \u00e8: &#8220;Giochi, cellulari e tablet: relazioni virtuali per cervelli in disarmo&#8221;. Le tecnologie non vanno criminalizzate, ma l\u2019esperienza digitale dei figli deve passare da una partecipazione educativa dei genitori. Ne parler\u00e0 il ricercatore Marco Cosimo Scarcelli<\/p>\n<p><strong>SOSPIROLO<\/strong> Domani alle 20.45 al centro civico di Sospirolo &#8220;La Divina Commedia in Val Beluna&#8221;, versione in dialetto bellunese in terzine di endecasillabi a rime incatenate secondo l&#8217;usco dantesco, di Paolo Paoli.<\/p>\n<p><strong>LIVINALLONGO<\/strong> Domani alle 20 17esima edizione della Lors da Reba, gara di sci alpinismo 2^ gara trofeo Raida Ladina. Partenza in linea alle 20 dalla Funivia Porta Vescovo e arrivo al rifugio Fodom a Passo Pordoi dove si svolger\u00e0 la cena e la cerimonia di premiazione<\/p>\n<p><strong>LA VALLE<\/strong>\u00a0 l&#8217;amministrazione comunale lavallese ha messo in calendario per sabato 18 gennaio alle 20.30 un importante incontro. Una serata sul tema dell&#8217;inquinamento da campi elettromagnetici perch\u00e9 la conoscenza dei rischi per la salute \u00e8 un diritto di tutti. Elettrosmog e 5G il titolo della serata con sottotitolo sibillino &#8220;la minaccia invisibile&#8221;. Ne parler\u00e0 il dottor Achille Sacchi, in sala Valmassoni (ex latteria).<\/p>\n<\/div>\n<\/div>\n<p><strong>ALLEGHE <\/strong>Sabato 18 gennaio dalle 14.30 alle 17.30 e domenica 19 dalle 9 alle 12 e dalle 14 alle 17 alle scuole elementari di Alleghe i medici oculisti e ortottisti dell&#8217;ospedale di Castelfranco Veneto e Montebelluna danno la possibilit\u00e0 a tutti i bambini fino a 13 anni di eseguire uno screening per la prevenzione dello strabismo ed ambliopia, occasione unica e gratuita per ottenere una valutazione preliminare.<\/p>\n<p><strong>AGORDO<\/strong> Danilo Coppe, perito minerario del Follador torna ad Agordo per relazionare sull&#8217;abbattimento controllato del Ponte Morandi di Genova, spiegher\u00e0 le 10 difficolt\u00e0 per l&#8217;esplosivista. Sabato alle 10 in sala Don Tamis con ingresso libero. Un evento organizzato dall&#8217;Istituto Umberto Follador di Agordo, dipartimento geotecnico-minerario.<\/p>\n<p><strong>ALLEGHE<\/strong> Domenica escursione con le ciaspe da Zopp\u00e8 di Cadore al Rifugio Venezia con Il Cai sezione di Caprile, accompagnatrice Gabriella Bellenzier. Ritrovo sede Cai alle 7.30, partecipazione gratuita ai soci Cai, 10 euro non soci. Iscrizioni entro giovedi 16 al 328 5384339<\/p>\n<div data-offset-key=\"5n5nl-0-0\">\n<div data-offset-key=\"5n5nl-0-0\">\n<p><strong>CENCENIGHE<\/strong> L&#8217;amministrazione comunale, Proloco e associazioni di Cencenighe organizzano la Sagra di Sant&#8217;Antone 2020. Nei giorni 17, 18 e 19 gennaio. Domani: 11 messa in chiesa con Don Gabriele Bernardi; 12 pranzo al Nof Filo&#8217; ospiti i nonni, pomeriggio di intrattenimento e consegna riconoscimenti per Cencenighe e i suoi presepi (info 0437 591549) Sabato 18 gennaio: dalle 21 serata da ballo con Cristian Group. Domenica 19: dalle 14 torneo di scarabocio, iscrizioni alla proloco o prima dell&#8217;inizio del torneo.<\/p>\n<p><strong>CENCENIGHE<\/strong> &#8220;Prendersi cura quando non si pu\u00f2 guarire&#8221; \u00e8 il titolo dell&#8217;iniziativa di Pettirosso Agordino, il quinto corso per volontari che inizier\u00e0 giovedi 30 gennaio con la serata di presentazione del corso presso la sala culturale al Nof Filo&#8217; di Cencenighe.<\/p>\n<p>&nbsp;<\/p>\n<p>&nbsp;<\/p>\n<h2><a class=\"dt-pswp-item\" href=\"http:\/\/www.radiopiu.net\/wordpress\/wp-content\/uploads\/2018\/09\/sport.jpg\" data-dt-img-description=\"\" data-large_image_width=\"800\" data-large_image_height=\"100\"><img loading=\"lazy\" decoding=\"async\" class=\"wp-image-60761 size-full aligncenter\" src=\"http:\/\/www.radiopiu.net\/wordpress\/wp-content\/uploads\/2018\/09\/sport.jpg\" alt=\"\" width=\"800\" height=\"100\" srcset=\"https:\/\/www.radiopiu.net\/wordpress\/wp-content\/uploads\/2018\/09\/sport.jpg 800w, https:\/\/www.radiopiu.net\/wordpress\/wp-content\/uploads\/2018\/09\/sport-300x38.jpg 300w, https:\/\/www.radiopiu.net\/wordpress\/wp-content\/uploads\/2018\/09\/sport-768x96.jpg 768w\" sizes=\"auto, (max-width: 800px) 100vw, 800px\" \/><\/a><\/h2>\n<\/div>\n<\/div>\n<\/div>\n<\/div>\n<h3><\/h3>\n<h3 class=\"p1\"><span class=\"s1\">TRE AGORDINI IN TRASFERTA PER LO SPORT<\/span><\/h3>\n<p class=\"p1\"><span class=\"s1\"><a class=\"dt-pswp-item\" href=\"https:\/\/www.radiopiu.net\/wordpress\/wp-content\/uploads\/2020\/01\/BROOMBALL-CAGNATI-FARENZENA-VIECELI.jpg\" data-dt-img-description=\"\" data-large_image_width=\"1080\" data-large_image_height=\"1080\"><img loading=\"lazy\" decoding=\"async\" class=\"size-medium wp-image-113187 alignright\" src=\"https:\/\/www.radiopiu.net\/wordpress\/wp-content\/uploads\/2020\/01\/BROOMBALL-CAGNATI-FARENZENA-VIECELI-300x300.jpg\" alt=\"\" width=\"300\" height=\"300\" srcset=\"https:\/\/www.radiopiu.net\/wordpress\/wp-content\/uploads\/2020\/01\/BROOMBALL-CAGNATI-FARENZENA-VIECELI-300x300.jpg 300w, https:\/\/www.radiopiu.net\/wordpress\/wp-content\/uploads\/2020\/01\/BROOMBALL-CAGNATI-FARENZENA-VIECELI-1024x1024.jpg 1024w, https:\/\/www.radiopiu.net\/wordpress\/wp-content\/uploads\/2020\/01\/BROOMBALL-CAGNATI-FARENZENA-VIECELI-150x150.jpg 150w, https:\/\/www.radiopiu.net\/wordpress\/wp-content\/uploads\/2020\/01\/BROOMBALL-CAGNATI-FARENZENA-VIECELI-768x768.jpg 768w, https:\/\/www.radiopiu.net\/wordpress\/wp-content\/uploads\/2020\/01\/BROOMBALL-CAGNATI-FARENZENA-VIECELI.jpg 1080w\" sizes=\"auto, (max-width: 300px) 100vw, 300px\" \/><\/a>Daniele Cagnati, Alex Farenzena e Matteo Vieceli sono i 3 agordini che in questo momento stanno facendo i salti mortali per la loro passione: il Broomball. Tanti chilometri di strada per giocare nel campionato di serie A con il Pochi 89, la squadra di Salorno in provincia di Bolzano. I tre, dopo la mancata iscrizione al campionato dei Dolomiti Warriors, hanno deciso di trasferirsi in terra altoatesina per continuare a praticare lo sport invernale di cui si sono appassionati. Marted\u00ec sera erano presenti allo stadio per la partita contro l\u2019Egna vinta per 6 a 0 dove anche Farenzena e Vieceli hanno firmato il tabellino marcatori.<\/span><\/p>\n<p>&nbsp;<\/p>\n<p class=\"p1\"><strong><span class=\"s1\">DANIELE CAGNATI, GIOCATORE DEL POCHI 89<\/span><\/strong><\/p>\n<audio class=\"wp-audio-shortcode\" id=\"audio-113123-12\" preload=\"none\" style=\"width: 100%;\" controls=\"controls\"><source type=\"audio\/mpeg\" src=\"https:\/\/www.radiopiu.net\/wordpress\/wp-content\/uploads\/2020\/01\/DANIELE-CAGNATI-POCHI-89.mp3?_=12\" \/><a href=\"https:\/\/www.radiopiu.net\/wordpress\/wp-content\/uploads\/2020\/01\/DANIELE-CAGNATI-POCHI-89.mp3\">https:\/\/www.radiopiu.net\/wordpress\/wp-content\/uploads\/2020\/01\/DANIELE-CAGNATI-POCHI-89.mp3<\/a><\/audio>\n<p>&nbsp;<\/p>\n<p>&nbsp;<\/p>\n<h2>LA COPPIA MORACE-BOITO (MA NON SOLO) PER IL GRANDE BELLUNO CALCIO-DONNE di RENATO BONA<\/h2>\n<p><strong>BELLUNO<\/strong> Ho rinvenuto nell\u2019archivio personale la foto che qui propongo: risale al 14 gennaio 1977 e fu scattata in occasione della riuscitissima cena sociale del Calcio Belluno Donne, che all\u2019epoca partecipava, con onore, \u00e8 doveroso ricordarlo, al campionato nazionale di serie A. I punti di forza della compagine giallobl\u00f9 era: la bellunese di Ponte nelle Alpi Manuela \u201cLela\u201d Boito (sorella del pi\u00f9 famoso \u201cCheco\u201d (classe 1960, pure lui ha militato nella serie A, giocando, bene, in particolare col Genoa) e la veneziana Carolina Morace. Nella prima foto si vedono, al \u201clevar delle mense\u201d e durante la premiazione delle atlete, nel ristorante \u201cAl Moro\u201d di Silvio Rui, a Mel: i presidenti Giacobbi e Bepi Zanfron, Renato Bona che era vice presidente, il rappresentante degli arbitri Mario Ottaviani, il giudice sportivo della Federcalcio bellunese Romano Atti, il dirigente arbitrale Antonio Moro e uno degli sponsor della compagine: Giorgio Rampazzo. La circostanza offre il destro per ricordare che il Belluno e la Libertas erano saliti dalla B alla massima serie con il Foggia e lo Smeb Messina, avendo vinto gli spareggi-promozione. Per quanto riguarda la Boito,va detto che dopo aver lasciato il calcio giocato che le ha dato tante belle soddisfazioni, \u00e8 stata dirigente responsabile del movimento calcistico femminile in provincia di Belluno nonch\u00e9 responsabile generale delle rappresentative provinciali Allievi e Giovanissimi della Figc. Ma, senza far torto a \u201cLela\u201d e a tutte le altre ragazze giallobl\u00f9 (citiamo a memoria, scusandoci per le omissioni: Nora Fregona, Maurizia Berton, le sorelle De Salvador ,Teresa Pravatto,Graziella Filippin, Michela Busana, Cathia Romanzini.e la Morace, nata a Venezia il 5 febbraio 1964, a vantare il curriculum pi\u00f9 prestigioso: allenatrice di calcio (anche in Canada), dirigente sportiva, commentatrice televisiva competente ed apprezzata. E\u2019 ricordata oltre che per essere stata la prima donna ad avere allenato una squadra maschile (Viterbese nel 1999), come la miglior marcatrice di tutti i tempi nella nazionale azzurra visto che \u00e8 andata a segno la bellezza di 105 volte. Nel 1997 ha dato l\u2019addio al mondo del calcio giocato e quindi \u00e8 stata dal 2000 al 2005 allenatrice della nazionale italiana femminile. La passione immensa per il calcio, non ha impedito all\u2019ex attaccante azzurra di dedicarsi agli studi laureandosi in giurisprudenza e conseguendo l\u2019abilitazione all\u2019esercizio della professione di avvocato.<\/p>\n<p><a class=\"dt-pswp-item\" href=\"https:\/\/www.radiopiu.net\/wordpress\/wp-content\/uploads\/2020\/01\/82410671_454322115449227_1381438456521031680_n.jpg\" data-dt-img-description=\"\" data-large_image_width=\"2048\" data-large_image_height=\"1817\"><img loading=\"lazy\" decoding=\"async\" class=\"alignnone wp-image-113178\" src=\"https:\/\/www.radiopiu.net\/wordpress\/wp-content\/uploads\/2020\/01\/82410671_454322115449227_1381438456521031680_n-300x266.jpg\" alt=\"\" width=\"267\" height=\"237\" srcset=\"https:\/\/www.radiopiu.net\/wordpress\/wp-content\/uploads\/2020\/01\/82410671_454322115449227_1381438456521031680_n-300x266.jpg 300w, https:\/\/www.radiopiu.net\/wordpress\/wp-content\/uploads\/2020\/01\/82410671_454322115449227_1381438456521031680_n-1024x909.jpg 1024w, https:\/\/www.radiopiu.net\/wordpress\/wp-content\/uploads\/2020\/01\/82410671_454322115449227_1381438456521031680_n-768x681.jpg 768w, https:\/\/www.radiopiu.net\/wordpress\/wp-content\/uploads\/2020\/01\/82410671_454322115449227_1381438456521031680_n-1536x1363.jpg 1536w, https:\/\/www.radiopiu.net\/wordpress\/wp-content\/uploads\/2020\/01\/82410671_454322115449227_1381438456521031680_n.jpg 2048w\" sizes=\"auto, (max-width: 267px) 100vw, 267px\" \/><\/a><a class=\"dt-pswp-item\" href=\"https:\/\/www.radiopiu.net\/wordpress\/wp-content\/uploads\/2020\/01\/83000466_1016472998728715_7074238094915928064_n.jpg\" data-dt-img-description=\"\" data-large_image_width=\"2048\" data-large_image_height=\"1121\"><img loading=\"lazy\" decoding=\"async\" class=\"alignnone wp-image-113176\" src=\"https:\/\/www.radiopiu.net\/wordpress\/wp-content\/uploads\/2020\/01\/83000466_1016472998728715_7074238094915928064_n-300x164.jpg\" alt=\"\" width=\"431\" height=\"235\" srcset=\"https:\/\/www.radiopiu.net\/wordpress\/wp-content\/uploads\/2020\/01\/83000466_1016472998728715_7074238094915928064_n-300x164.jpg 300w, https:\/\/www.radiopiu.net\/wordpress\/wp-content\/uploads\/2020\/01\/83000466_1016472998728715_7074238094915928064_n-1024x561.jpg 1024w, https:\/\/www.radiopiu.net\/wordpress\/wp-content\/uploads\/2020\/01\/83000466_1016472998728715_7074238094915928064_n-768x420.jpg 768w, https:\/\/www.radiopiu.net\/wordpress\/wp-content\/uploads\/2020\/01\/83000466_1016472998728715_7074238094915928064_n-1536x841.jpg 1536w, https:\/\/www.radiopiu.net\/wordpress\/wp-content\/uploads\/2020\/01\/83000466_1016472998728715_7074238094915928064_n.jpg 2048w\" sizes=\"auto, (max-width: 431px) 100vw, 431px\" \/><\/a><a class=\"dt-pswp-item\" href=\"https:\/\/www.radiopiu.net\/wordpress\/wp-content\/uploads\/2020\/01\/82396919_3261115710570907_1520133812481163264_n.jpg\" data-dt-img-description=\"\" data-large_image_width=\"143\" data-large_image_height=\"158\"><img loading=\"lazy\" decoding=\"async\" class=\"alignnone wp-image-113174\" src=\"https:\/\/www.radiopiu.net\/wordpress\/wp-content\/uploads\/2020\/01\/82396919_3261115710570907_1520133812481163264_n.jpg\" alt=\"\" width=\"213\" height=\"236\" \/><\/a><a class=\"dt-pswp-item\" href=\"https:\/\/www.radiopiu.net\/wordpress\/wp-content\/uploads\/2020\/01\/82069060_2440880856129163_4763531584995328000_n.jpg\" data-dt-img-description=\"\" data-large_image_width=\"405\" data-large_image_height=\"514\"><img loading=\"lazy\" decoding=\"async\" class=\"alignnone wp-image-113175\" src=\"https:\/\/www.radiopiu.net\/wordpress\/wp-content\/uploads\/2020\/01\/82069060_2440880856129163_4763531584995328000_n-236x300.jpg\" alt=\"\" width=\"186\" height=\"236\" srcset=\"https:\/\/www.radiopiu.net\/wordpress\/wp-content\/uploads\/2020\/01\/82069060_2440880856129163_4763531584995328000_n-236x300.jpg 236w, https:\/\/www.radiopiu.net\/wordpress\/wp-content\/uploads\/2020\/01\/82069060_2440880856129163_4763531584995328000_n.jpg 405w\" sizes=\"auto, (max-width: 186px) 100vw, 186px\" \/><\/a><a class=\"dt-pswp-item\" href=\"https:\/\/www.radiopiu.net\/wordpress\/wp-content\/uploads\/2020\/01\/82532692_470391273915489_4140149693667606528_n.jpg\" data-dt-img-description=\"\" data-large_image_width=\"206\" data-large_image_height=\"300\"><img loading=\"lazy\" decoding=\"async\" class=\"alignnone wp-image-113177\" src=\"https:\/\/www.radiopiu.net\/wordpress\/wp-content\/uploads\/2020\/01\/82532692_470391273915489_4140149693667606528_n.jpg\" alt=\"\" width=\"161\" height=\"235\" \/><\/a><\/p>\n<p>NELLE FOTO (Zanfron; Facebook-sito di Manuela Boito): Le ragazze del Belluno calcio; il simposio di Mel da Silvio Rui (con personaggi del calcio purtroppo scomparsi: Giacobbi, Zanfron, Atti, Rampazzo); Manuela Boito; suo fratello Checo quando militava in A col Genoa; la bomber anche della nazionale italiana, Carolina Morace.<\/p>\n<p>&nbsp;<\/p>\n<p>&nbsp;<\/p>\n<div data-offset-key=\"5n5nl-0-0\">\n<div data-offset-key=\"5n5nl-0-0\">\n<div data-offset-key=\"5n5nl-0-0\">\n<div data-offset-key=\"5n5nl-0-0\">\n<p><a class=\"dt-pswp-item\" href=\"http:\/\/www.radiopiu.net\/wordpress\/wp-content\/uploads\/2018\/09\/WhatsApp-Image-2018-09-20-at-16.04.06.jpeg\" data-dt-img-description=\"\" data-large_image_width=\"800\" data-large_image_height=\"100\"><img loading=\"lazy\" decoding=\"async\" class=\"wp-image-61378 size-full aligncenter\" src=\"http:\/\/www.radiopiu.net\/wordpress\/wp-content\/uploads\/2018\/09\/WhatsApp-Image-2018-09-20-at-16.04.06.jpeg\" alt=\"\" width=\"800\" height=\"100\" srcset=\"https:\/\/www.radiopiu.net\/wordpress\/wp-content\/uploads\/2018\/09\/WhatsApp-Image-2018-09-20-at-16.04.06.jpeg 800w, https:\/\/www.radiopiu.net\/wordpress\/wp-content\/uploads\/2018\/09\/WhatsApp-Image-2018-09-20-at-16.04.06-300x38.jpeg 300w, https:\/\/www.radiopiu.net\/wordpress\/wp-content\/uploads\/2018\/09\/WhatsApp-Image-2018-09-20-at-16.04.06-768x96.jpeg 768w\" sizes=\"auto, (max-width: 800px) 100vw, 800px\" \/><\/a><\/p>\n<p>&nbsp;<\/p>\n<p><b>Giovedi 16<\/b> <b>Tempo atteso: <\/b>Lunghi momenti soleggiati e presenza di qualche banco di nubi alte e medio-alte, a tratti estese al pomeriggio. Clima pi\u00f9 fresco in quota e meno freddo nelle valli.<br \/>\n<b>Precipitazioni: <\/b>Assenti (0%).<br \/>\n<b>Temperature: <\/b>Minime senza notevoli variazioni di rilievo o in leggero calo in alta quota; massime in aumento, ad eccezione delle cime pi\u00f9 alte, dove saranno in calo. Sono previste punte di 7\/9\u00b0C nelle conche prealpine, di 5\/6\u00b0C a 1000\/1200 m, localmente fino a 7\/8\u00b0C alle stesse quote sulle Prealpi, mentre il clima sar\u00e0 meno freddo nelle valli in ombra. Sulle Prealpi a 1500 m minima 0\u00b0C e massima 4\u00b0C, a 2000 m minima -2\u00b0C e massima 1\u00b0C; sulle Dolomiti a 2000 m minima -2\u00b0C e massima 1\u00b0C, a 3000 m minima -5\u00b0C e massima -1\u00b0C.<br \/>\n<b>Venti: <\/b>Nelle valli deboli di direzione variabile, con locali rinforzi per brezze su alcuni settori prealpini a ridosso della pedemontana; in quota perlopi\u00f9 deboli da sud-est al mattino e da sud-ovest al pomeriggio, a 5-10 km\/h a 2000 m e 10-15 km\/h a 3000 m.<\/p>\n<hr \/>\n<p><b>Venerdi 17<\/b> <b>Tempo atteso: <\/b>Sole velato da sottili nubi alte al mattino e mascherato da una nuvolosit\u00e0 medio-alta sempre pi\u00f9 estesa al pomeriggio. Clima diurno un po&#8217; pi\u00f9 fresco rispetto ai giorni precedenti.<br \/>\n<b>Precipitazioni: <\/b>Assenti (0%), eccetto pioviggine sulle Prealpi occidentali in tarda serata (10\/20%), assieme a fiocchi di neve oltre gli 800\/1000 m.<br \/>\n<b>Temperature: <\/b>In quota in generale diminuzione in quota, con minime osservate alla sera. Nelle valli minime in aumento e massime in leggera flessione. I minimi previsti saranno compresi tra -3\/-4\u00b0C nei fondovalle prealpini e -2\/-5\u00b0C tra valli dolomitiche e altopiani prealpini. I massimi saranno sui 5\/6\u00b0C nei fondovalle prealpini, 3\/4\u00b0C a 1000\/1200 m, localmente pi\u00f9 alti sulla fascia prealpina. Sulle Prealpi a 1500 m minima -1\u00b0C e massima 2\u00b0C, a 2000 m minima -3\u00b0C e massima 0\u00b0C; sulle Dolomiti a 2000 m minima -4\u00b0C e massima 0\u00b0C, a 3000 m minima -7\u00b0C e massima -2\u00b0C.<br \/>\n<b>Venti: <\/b>nelle valli deboli di direzione variabile, eccetto qualche rinforzo per brezze di monte su alcuni settori prealpini a ridosso della pedemontana; in quota venti deboli\/moderati dai quadranti meridionali, a 5-15 km\/h a 2000 m e 20-35 km\/h a 3000 m.<\/p>\n<hr \/>\n<p><b>Sabato 18<\/b>Lieve maltempo con cielo molto nuvoloso\/coperto e deboli precipitazioni, diffuse sulle Prealpi e sparse sulle Dolomiti. La neve cadr\u00e0 generalmente nei fondovalle dolomitici e potrebbe interessare anche i fondovalle prealpini qualora resistesse l&#8217;inversione termica, almeno nella fase iniziale; sulla fascia prealpina a ridosso della pedemontana il limite sar\u00e0 sui 600\/800 m. Schiarite serali. Temperature in calo, eccetto rialzo delle minime nelle valli. Venti in quota deboli da sud al mattino, in rinforzo fino a tesi da nord-est al pomeriggio, nelle valli deboli da est nord-est.<\/p>\n<hr \/>\n<p><b>Domenica 19<\/b>Sulle Dolomiti nuvolosit\u00e0 irregolare tra la notte e gran parte del mattino, con rischio di residue e debolissime precipitazioni, nevose fino nei fondovalle. Altrove minore nuvolosit\u00e0 e fenomeni pressoch\u00e9 assenti. Rasserenamenti pi\u00f9 ampi al pomeriggio. Ulteriore calo delle temperature. In quota venti moderati\/tesi da nord-est nella notte, in graduale attenuazione in giornata, sempre da nord-est. Probabili episodi di Foehn in alcune valli. Previsore: R.L.Th.<\/p>\n<\/div>\n<\/div>\n<\/div>\n<\/div>\n","protected":false},"excerpt":{"rendered":"<p>Per ricevere gli aggiornamenti in tempo reale delle notizie pubblicate alla radio e sul sito di radio pi\u00f9 iscriviti al gruppo RADIO PIU INFORMAZIONE su Telegram.\u00a0 Dove l&#8217;informazione&#8230; non si paga clicca qui &nbsp; &nbsp; &nbsp; A LA VALLE AGORDINA nelle LOCALITA&#8217; RONCHE, RONCHET, NOACH, LE CAMPE E CANCELLADE, l&#8217;acqua erogata dall&#8217;acquedotto \u00e8 di nuovo&hellip;<\/p>\n","protected":false},"author":1,"featured_media":113195,"comment_status":"closed","ping_status":"closed","sticky":false,"template":"","format":"standard","meta":{"_monsterinsights_skip_tracking":false,"_monsterinsights_sitenote_active":false,"_monsterinsights_sitenote_note":"","_monsterinsights_sitenote_category":0,"footnotes":""},"categories":[51,86],"tags":[],"class_list":["post-113123","post","type-post","status-publish","format-standard","has-post-thumbnail","hentry","category-evidenza-top","category-gr","category-51","category-86","description-off"],"img_url":"https:\/\/www.radiopiu.net\/wordpress\/wp-content\/uploads\/2020\/01\/WhatsApp-Image-2020-01-15-at-19.14.00.jpeg","_links":{"self":[{"href":"https:\/\/www.radiopiu.net\/wordpress\/wp-json\/wp\/v2\/posts\/113123","targetHints":{"allow":["GET"]}}],"collection":[{"href":"https:\/\/www.radiopiu.net\/wordpress\/wp-json\/wp\/v2\/posts"}],"about":[{"href":"https:\/\/www.radiopiu.net\/wordpress\/wp-json\/wp\/v2\/types\/post"}],"author":[{"embeddable":true,"href":"https:\/\/www.radiopiu.net\/wordpress\/wp-json\/wp\/v2\/users\/1"}],"replies":[{"embeddable":true,"href":"https:\/\/www.radiopiu.net\/wordpress\/wp-json\/wp\/v2\/comments?post=113123"}],"version-history":[{"count":0,"href":"https:\/\/www.radiopiu.net\/wordpress\/wp-json\/wp\/v2\/posts\/113123\/revisions"}],"wp:featuredmedia":[{"embeddable":true,"href":"https:\/\/www.radiopiu.net\/wordpress\/wp-json\/wp\/v2\/media\/113195"}],"wp:attachment":[{"href":"https:\/\/www.radiopiu.net\/wordpress\/wp-json\/wp\/v2\/media?parent=113123"}],"wp:term":[{"taxonomy":"category","embeddable":true,"href":"https:\/\/www.radiopiu.net\/wordpress\/wp-json\/wp\/v2\/categories?post=113123"},{"taxonomy":"post_tag","embeddable":true,"href":"https:\/\/www.radiopiu.net\/wordpress\/wp-json\/wp\/v2\/tags?post=113123"}],"curies":[{"name":"wp","href":"https:\/\/api.w.org\/{rel}","templated":true}]}}