{"id":113141,"date":"2020-01-15T14:56:12","date_gmt":"2020-01-15T13:56:12","guid":{"rendered":"https:\/\/www.radiopiu.net\/wordpress\/?p=113141"},"modified":"2020-01-15T14:56:12","modified_gmt":"2020-01-15T13:56:12","slug":"mountainwilderness-risponde-a-lucia-farenzena","status":"publish","type":"post","link":"https:\/\/www.radiopiu.net\/wordpress\/mountainwilderness-risponde-a-lucia-farenzena\/","title":{"rendered":"MOUNTAINWILDERNESS RISPONDE A LUCIA FARENZENA"},"content":{"rendered":"<p><strong>ROCCA PIETORE<\/strong>\u00a0 Il consiglio direttivo di MW Italia ha risposto alla lettera inviata pochi giorni fa da Lucia Farenzena, presidente del Consorzio Operatori Turistici Rocca Pietore, Marmolada. Pubblichiamo l&#8217;intero testo.<\/p>\n<p>Facciamo seguito alla Sua lettera per comunicarLe il nostro rammarico nel leggere nelle sue parole una realt\u00e0 travisata, dove le vittime diventano carnefici e viceversa. Il rispetto nasce anche dalla conoscenza. Affermare che \u201cnon \u00e8 venire due giorni, farsi foto, metterle sui social, prendere like che fa capire cosa significhi vivere in montagna, pontificando su come dovremmo vivere\u201d \u00e8 mancanza di rispetto, quello stesso rispetto di cui Lei parla. Molti di noi sul territorio ci vivono e ci lavorano, organizziamo incontri con i cittadini e con la Pubblica Amministrazione. Giusto per citare un esempio che Le \u00e8 vicino, la scorsa estate alla fine di giugno siamo stati a Rocca Pietore per confrontarci con la comunit\u00e0 locale sui disagi del \u201cdopo Vaia\u201d e portare il nostro contributo. Era con noi un gruppo di giovani di Silea (TV) che hanno collaborato con piccoli gesti alla rinascita di questi territori. Avevamo invitato anche Lei, ma purtroppo in quei giorni non era disponibile. Abbiamo condiviso con il Comune di Canazei un progetto sulla Marmolada dell&#8217;immaginario che proporr\u00e0 il rilancio della Fedaja coinvolgendo i rifugisti del gruppo. Inoltre siamo stati pi\u00f9 volte a confrontarci con la popolazione anche in Comelico e in Cadore, proprio sul turismo e lo sci. Siamo intervenuti anche a nome di quei residenti che hanno PAURA di esprimersi per un clima di intimidazione. Se Lei scorre le bacheche di Facebook vedr\u00e0 che i commenti verso i nostri contributi sono ben pi\u00f9 feroci di quelli che Lei lamenta, rasentando la minaccia all&#8217;incolumit\u00e0 personale dei nostri sostenitori. Peccato non aver mai riscontrato, nonostante la pubblicit\u00e0 degli eventi, la presenza degli imprenditori della montagna. Forse per quello non ci ha mai visto. In occasione di questi eventi abbiamo portato contributi concreti su diversi aspetti del vivere la montagna: autonomia, foreste e alpeggi, qualit\u00e0 turistica, paesaggio, aree protette, lavoro, acque, e specialmente servizi alla persona, accoglienza. A tal proposito pu\u00f2 consultare i contributi forniti recentemente al Ministero dell&#8217;Ambiente sulle buone pratiche nel turismo, o il Laboratorio Appennino e il recente Manifesto di Camaldoli. La nostra azione verso il progetto Dolomiti UNESCO \u00e8 la denuncia di un fallimento che ci addolora in quanto noi per primi abbiamo costruito il percorso di candidatura, perch\u00e9 credevamo che sarebbe stato una grande opportunit\u00e0 per tutelare e conservare paesaggi e culture uniche al mondo, dove i paesaggi sono l&#8217;ambiente e le culture sono le persone, due aspetti che possono e devono coesistere. Anche insieme a Voi abbiamo condiviso il Piano di gestione, abbiamo invitato, ad esempio, la societ\u00e0 Marmolada-Tofane funivie ad entrare nel collegio dei soci sostenitori della Fondazione Dolomiti UNESCO, perch\u00e9 credevamo che un dialogo fosse possibile e costruttivo; in alcuni momenti storici lo \u00e8 anche stato. Abbiamo sempre auspicato confronti diretti, condivisioni, anche su un piano di conflitto costruttivo. Poi, certamente, noi non siamo amministratori o imprenditori e non abbiamo disponibilit\u00e0 economica, possiamo solo indicare dei possibili percorsi virtuosi e ricordare le esperienze negative gi\u00e0 vissute per cercare di non ripeterle. Siamo volontari, che spendono tempo e denaro di tasca propria perch\u00e9 credono in quello che fanno, riconosciuti ufficialmente come \u201cportatori di interessi diffusi\u201d per la comunit\u00e0. Se Vi d\u00e0 fastidio ascoltarci ci dispiace, ce ne faremo una ragione; noi per\u00f2 non parliamo con il linguaggio del web ma con lo stesso, schietto e sincero, della gente di montagna.<\/p>\n<h2>LA LETTERA DI LUCIA<\/h2>\n<blockquote class=\"wp-embedded-content\" data-secret=\"RKrS6BtQ0Z\"><p><a href=\"https:\/\/www.radiopiu.net\/wordpress\/lettera-a-mountain-wilderness-di-lucia-farenzena-presidente-consorzio-operatori-turistici-rocca-pietore-marmolada\/\">LETTERA A MOUNTAIN WILDERNESS, di Lucia Farenzena presidente consorzio operatori turistici Rocca Pietore\/Marmolada<\/a><\/p><\/blockquote>\n<p><iframe loading=\"lazy\" title=\"&#8220;LETTERA A MOUNTAIN WILDERNESS, di Lucia Farenzena presidente consorzio operatori turistici Rocca Pietore\/Marmolada&#8221; &#8212; Radio Pi\u00f9\" class=\"wp-embedded-content\" sandbox=\"allow-scripts\" security=\"restricted\" style=\"position: absolute; clip: rect(1px, 1px, 1px, 1px);\" src=\"https:\/\/www.radiopiu.net\/wordpress\/lettera-a-mountain-wilderness-di-lucia-farenzena-presidente-consorzio-operatori-turistici-rocca-pietore-marmolada\/embed\/#?secret=RKrS6BtQ0Z\" data-secret=\"RKrS6BtQ0Z\" width=\"600\" height=\"338\" frameborder=\"0\" marginwidth=\"0\" marginheight=\"0\" scrolling=\"no\"><\/iframe><\/p>\n","protected":false},"excerpt":{"rendered":"<p>ROCCA PIETORE\u00a0 Il consiglio direttivo di MW Italia ha risposto alla lettera inviata pochi giorni fa da Lucia Farenzena, presidente del Consorzio Operatori Turistici Rocca Pietore, Marmolada. Pubblichiamo l&#8217;intero testo. Facciamo seguito alla Sua lettera per comunicarLe il nostro rammarico nel leggere nelle sue parole una realt\u00e0 travisata, dove le vittime diventano carnefici e viceversa.&hellip;<\/p>\n","protected":false},"author":1,"featured_media":0,"comment_status":"closed","ping_status":"closed","sticky":false,"template":"","format":"standard","meta":{"_monsterinsights_skip_tracking":false,"_monsterinsights_sitenote_active":false,"_monsterinsights_sitenote_note":"","_monsterinsights_sitenote_category":0,"footnotes":""},"categories":[49],"tags":[],"class_list":["post-113141","post","type-post","status-publish","format-standard","hentry","category-news-18","category-49","description-off"],"img_url":false,"_links":{"self":[{"href":"https:\/\/www.radiopiu.net\/wordpress\/wp-json\/wp\/v2\/posts\/113141","targetHints":{"allow":["GET"]}}],"collection":[{"href":"https:\/\/www.radiopiu.net\/wordpress\/wp-json\/wp\/v2\/posts"}],"about":[{"href":"https:\/\/www.radiopiu.net\/wordpress\/wp-json\/wp\/v2\/types\/post"}],"author":[{"embeddable":true,"href":"https:\/\/www.radiopiu.net\/wordpress\/wp-json\/wp\/v2\/users\/1"}],"replies":[{"embeddable":true,"href":"https:\/\/www.radiopiu.net\/wordpress\/wp-json\/wp\/v2\/comments?post=113141"}],"version-history":[{"count":0,"href":"https:\/\/www.radiopiu.net\/wordpress\/wp-json\/wp\/v2\/posts\/113141\/revisions"}],"wp:attachment":[{"href":"https:\/\/www.radiopiu.net\/wordpress\/wp-json\/wp\/v2\/media?parent=113141"}],"wp:term":[{"taxonomy":"category","embeddable":true,"href":"https:\/\/www.radiopiu.net\/wordpress\/wp-json\/wp\/v2\/categories?post=113141"},{"taxonomy":"post_tag","embeddable":true,"href":"https:\/\/www.radiopiu.net\/wordpress\/wp-json\/wp\/v2\/tags?post=113141"}],"curies":[{"name":"wp","href":"https:\/\/api.w.org\/{rel}","templated":true}]}}