{"id":113228,"date":"2020-01-17T05:34:37","date_gmt":"2020-01-17T04:34:37","guid":{"rendered":"https:\/\/www.radiopiu.net\/wordpress\/?p=113228"},"modified":"2020-01-17T10:25:02","modified_gmt":"2020-01-17T09:25:02","slug":"giornale-radiopiu-17-gennaio-2020-direttore-mirko-mezzacasa","status":"publish","type":"post","link":"https:\/\/www.radiopiu.net\/wordpress\/giornale-radiopiu-17-gennaio-2020-direttore-mirko-mezzacasa\/","title":{"rendered":"GIORNALE RADIOPIU 17 GENNAIO 2020 DIRETTORE MIRKO MEZZACASA"},"content":{"rendered":"<div class=\"im_history_message_wrap im_grouped\">\n<div class=\"im_message_outer_wrap hasselect\" data-msg-id=\"-5\">\n<div class=\"im_message_wrap clearfix\">\n<div class=\"im_content_message_wrap im_message_out\">\n<div class=\"im_message_body\">\n<div dir=\"auto\">\n<h3>Per ricevere gli aggiornamenti in tempo reale delle notizie pubblicate alla radio e sul sito di radio pi\u00f9 iscriviti al gruppo RADIO PIU INFORMAZIONE su Telegram.\u00a0 <span style=\"color: #0000ff;\"><a style=\"color: #0000ff;\" href=\"https:\/\/t.me\/radiopiu\">clicca qui<\/a><\/span><\/h3>\n<blockquote><p><strong>A LA VALLE AGORDINA nelle LOCALITA&#8217; RONCHE, RONCHET, NOACH, LE CAMPE E CANCELLADE, l&#8217;acqua erogata dall&#8217;acquedotto \u00e8 di nuovo potabile e pu\u00f2 essere usata, quindi, per scopi alimentari.<\/strong><\/p>\n<p>&nbsp;<\/p><\/blockquote>\n<blockquote>\n<h3>ALLA RADIO, &#8220;CONTEME NA BERTA&#8221;, DA LUNEDI ALLE 9 E ALLE 18 CON DANIELA LENA E LORIS SANTOMASO<\/h3>\n<\/blockquote>\n<blockquote><audio class=\"wp-audio-shortcode\" id=\"audio-113228-1\" preload=\"none\" style=\"width: 100%;\" controls=\"controls\"><source type=\"audio\/mpeg\" src=\"https:\/\/www.radiopiu.net\/wordpress\/wp-content\/uploads\/2020\/01\/LA-SIGLA-BERTA.mp3?_=1\" \/><a href=\"https:\/\/www.radiopiu.net\/wordpress\/wp-content\/uploads\/2020\/01\/LA-SIGLA-BERTA.mp3\">https:\/\/www.radiopiu.net\/wordpress\/wp-content\/uploads\/2020\/01\/LA-SIGLA-BERTA.mp3<\/a><\/audio>\n<p><strong>AGORDO<\/strong> Tredici puntate, 13 berte raccontate alla radio da Daniela Lena (la vecia popa de Agort) e Loris Santomaso. Sono contenute in un Cd. RadioPi\u00f9 far\u00e0 conoscere il gran lavoro delle insegnanti della Scuola Primaria Tito Livio Burattini. Libro e Cd sono in distribuzione presso la scuola e l&#8217;ufficio turistico. Il ricavato finanzier\u00e0 le inziative della scuola di Agordo.<\/p><\/blockquote>\n<\/div>\n<\/div>\n<\/div>\n<p>&nbsp;<\/p>\n<\/div>\n<\/div>\n<\/div>\n<p>&nbsp;<\/p>\n<p>&nbsp;<\/p>\n<blockquote><p>&nbsp;<\/p>\n<p><em>&#8220;Fret che dura&#8230;Aiva che se scurta&#8230;Giaz che se slonga&#8230;&#8221;<\/em><\/p><\/blockquote>\n<p><strong>JOHN FRANCIS DELLA PIETRA<\/strong><\/p>\n<p><a class=\"dt-pswp-item\" href=\"https:\/\/www.radiopiu.net\/wordpress\/wp-content\/uploads\/2020\/01\/556bf683-dc36-4258-a6e7-90af1746f0ec.jpg\" data-dt-img-description=\"\" data-large_image_width=\"1200\" data-large_image_height=\"1599\"><img loading=\"lazy\" decoding=\"async\" class=\"alignnone size-medium wp-image-113243\" src=\"https:\/\/www.radiopiu.net\/wordpress\/wp-content\/uploads\/2020\/01\/556bf683-dc36-4258-a6e7-90af1746f0ec-225x300.jpg\" alt=\"\" width=\"225\" height=\"300\" srcset=\"https:\/\/www.radiopiu.net\/wordpress\/wp-content\/uploads\/2020\/01\/556bf683-dc36-4258-a6e7-90af1746f0ec-225x300.jpg 225w, https:\/\/www.radiopiu.net\/wordpress\/wp-content\/uploads\/2020\/01\/556bf683-dc36-4258-a6e7-90af1746f0ec-768x1023.jpg 768w, https:\/\/www.radiopiu.net\/wordpress\/wp-content\/uploads\/2020\/01\/556bf683-dc36-4258-a6e7-90af1746f0ec-1153x1536.jpg 1153w, https:\/\/www.radiopiu.net\/wordpress\/wp-content\/uploads\/2020\/01\/556bf683-dc36-4258-a6e7-90af1746f0ec.jpg 1200w\" sizes=\"auto, (max-width: 225px) 100vw, 225px\" \/><\/a><\/p>\n<div dir=\"auto\">\n<h3><strong><span style=\"font-size: 14px;\">METEO E CLIMA IN VENETO. NEL 2019 TEMPERATURA IN AUMENTO, MAGGIORI PIOGGE E FREQUENTI ANOMALIE<\/span><\/strong><\/h3>\n<div class=\"im_history_message_wrap im_grouped\">\n<div class=\"im_message_outer_wrap hasselect\" data-msg-id=\"-5\">\n<div class=\"im_message_wrap clearfix\">\n<div class=\"im_content_message_wrap im_message_out\">\n<div class=\"im_message_body\">\n<div dir=\"auto\">\n<p><strong>PADOVA<\/strong>\u00a0 <span id=\"m_-3999968884907294214gmail-parent-fieldname-description\">Il 2019 si \u00e8 concluso con un dicembre molto pi\u00f9 caldo del consueto e con un discreto surplus pluviometrico. Anche in Veneto si conferma la tendenza all\u2019aumento delle temperature. Ad eccezione di alcune anomalie fredde, registrate tra aprile e maggio, le temperature si sono mantenute quasi sempre sopra alle medie di riferimento collocando il 2019 tra i tre anni pi\u00f9 caldi della serie di dati ARPAV che parte dal 1992. Nel 2019 la temperatura media annuale \u00e8 aumentata di 0,9 \u00b0C rispetto alla media di riferimento calcolata dal 1992 al 2018. Il 2019 risulta quindi molto prossimo ai record degli anni pi\u00f9 caldi della serie che sono stati il 2018, 2014 e in alcuni casi, soprattutto in montagna, il 2015.<\/span><\/p>\n<\/div>\n<\/div>\n<\/div>\n<\/div>\n<\/div>\n<\/div>\n<div dir=\"auto\">\n<div>Il report completo <strong><span style=\"color: #0000ff;\"><a style=\"color: #0000ff;\" href=\"https:\/\/www.arpa.veneto.it\/notizie\/in-primo-piano\/meteo-e-clima-in-veneto.-nel-2019-temperatura-in-aumento-maggiori-piogge-e-frequenti-anomalie\">CLICCA QUI<\/a><\/span><\/strong><\/div>\n<\/div>\n<div><\/div>\n<div><\/div>\n<\/div>\n<p>&nbsp;<\/p>\n<p>&nbsp;<\/p>\n<p>&nbsp;<\/p>\n<h3>ANCORA VIOLENZE SULLE DONNE, ARRESTATO UNO STRANIERO DENUNCIATO DALLA CONVIVENTE<\/h3>\n<p><strong><img loading=\"lazy\" decoding=\"async\" class=\"alignleft\" src=\"https:\/\/www.radiopiu.net\/wordpress\/wp-content\/uploads\/2015\/07\/20150128_violenza_donne.jpg\" width=\"195\" height=\"105\" \/>BELLUNO<\/strong> I Carabinieri del nucleo investigativo di Belluno hanno arrestato un cittadino dell&#8217;Est europeo di 42 anni, regolare in Italia dove risiede. L&#8217;arresto dettato da \u00a0un ordine di custodia cautelare in carcere per i reati di maltrattamenti e violenza sessuale. L&#8217;uomo \u00e8 stato denunciato dalla moglie connazionale convivente di 25 anni. I militari\u00a0 hanno trovato i riscontri necessari per consentire alla Procura della Repubblica di richiedere ed ottenere dal\u00a0 Giudice per le indagini preliminari la misura cautelare. Dallo scorso ottobre e fino a dicembre l&#8217;arrestato\u00a0 avrebbe maltrattato la donna insultandola e denigrandola abitualmente con ingiurie di tutti i tipi, strattonandola violentemente colpendola con calci pugni e schiaffi minacciandola di morte, a volte anche davanti ai figli minori. La donna ha denunciato di essere stata colpita\u00a0 con un ferro da stiro (lesioni guaritein una decina di giorni). La donna sarebbe anche stata costretta a rapporti sessuali non desiderati.<\/p>\n<p>&nbsp;<\/p>\n<p>&nbsp;<\/p>\n<p>&nbsp;<\/p>\n<h3>FURTO A FELTRE ALCOOL IN ALPAGO CONFUSIONE A BELLUNO<\/h3>\n<p><strong>FELTRE<\/strong> Una cinquantenne feltrina M.T. si \u00e8 resa responsabile di un furto al negozio Acqua&amp;Sapone. Controllata dopo aver oltre passato le casse la donna \u00e8 stata trovata in possesso di merce non pagata per circa 70 euro. Sono stati chiamati i Carabinieri del Norm di Feltre.<\/p>\n<p><strong>ALPAGO<\/strong> Una donna di 51 anni O.F. \u00e8 stata denunciata dai Carabinieri per guida in stato di ebbrezza. Guidava una Ford Fiesta di propriet\u00e0 con un tasso alcoolico pari a 1,3. E&#8217; scattato il ritiro della patente.<\/p>\n<p><strong>BELLUNO<\/strong> Un bellunese di 43 anni \u00e8 andato in confusione e i Carabinieri lo hanno accompagnato all&#8217;ospedale. Ha infatti chiamato il 112 attorno alle 23 denunciando il furTo dell&#8217;Audi A6 ma dando indicazioni\u00a0 non precise. Dopo gli accertamenti l&#8217;uomo veniva identificato e trovato in zona aeroporto di Belluno all&#8217;1.30\u00a0 del mattino in stato confusionale. L&#8217;auto invece, come scoperto da Carabinieri era stata venduta dallo stesso uomo molto tempo fa.<\/p>\n<p><strong>LA VALLE<\/strong> Vigili del fuoco a La Valle difronte al Municipio ieri mattina per un principio d&#8217;incendio che ha interessato il camino di una casa. All&#8217;interno un&#8217;anziana donna che nemmeno si era accorta del malfunzionamento della canna fumaria. I pompieri hanno evitato il peggio nell&#8217;intervento durato un paio d&#8217;ore.<\/p>\n<p><strong>SULLE PISTE DI SCI<\/strong>\u00a0 Nel pomeriggio a San Vito Un ragazzino di 13 anni di Conegliano \u00e8 caduto sulla pista riportando un trauma cranico-facciale \u00e8 stato medicato al pronto soccorso e ricoverato in pediatria. Una donna di 42 anni della Repubblica di San Marino in localit\u00e0 Socrepes sugli impianti delle Tofane, \u00e8 caduta, dopo un controllo in ospedale in serata \u00e8 stata dimessa.\u00a0 Ad Arabba un anziano di 78 anni residente a Pescia in provincia di Pistoia \u00e8 caduto rovinosamente, soccorso \u00e8 stato trasportato all&#8217;ospedale di Brunico con un codice sanitario di media gravit\u00e0.<\/p>\n<p>&nbsp;<\/p>\n<p>&nbsp;<\/p>\n<h3>ARRESTI DOMICILIARI PER I DUE AGORDINI &#8211; OPERAI LUXOTTICA CHE DA LUNEDI NON SI SONO PRESENTATI AL LAVORO &#8211; FERMATI CON L&#8217;EROINA. DOPO QUATTRO NOTTI IN CARCERE IL RITORNO TRA LE MURA DI CASA.<\/h3>\n<p><strong>AGORDO<\/strong> La trentenne di Agordo L.D.G.\u00a0 e il cinquantenne di Rivamonte C. Z. sono agli arresti domiciliari dopo i primi giorni trascorsi in carcere a Baldenich quindi non potranno tornare al lavoro in Luxottica dove lavorano come operai. L&#8217;arresto \u00e8 stato comunque convalidato dal pubblico ministero Roberta Gallego che aveva chiesto la conferma della custodia in carcere poich\u00e9 i due avevano in auto un etto e mezzo di eroina scoperto al controllo durante il posto di blocco al Peron di Sedico. La coppia era stata nel padovano per rifornirsi di eroina secondo gli stessi per uso personale. Nelle perquisizioni domiciliari \u00e8 stato trovato parecchio denaro in contante e un registro di interesse per gli inquirenti con nomi e numeri.<\/p>\n<p>&nbsp;<\/p>\n<p>&nbsp;<\/p>\n<div><\/div>\n<div><\/div>\n<div><\/div>\n<div><\/div>\n<div>\n<h2 dir=\"auto\"><a class=\"dt-pswp-item\" href=\"https:\/\/www.radiopiu.net\/wordpress\/wp-content\/uploads\/2018\/06\/depositphotos_47520511-stock-photo-radiologist-exam.jpg\" data-dt-img-description=\"\" data-large_image_width=\"1022\" data-large_image_height=\"497\"><img loading=\"lazy\" decoding=\"async\" class=\"size-medium wp-image-50636 alignleft\" src=\"https:\/\/www.radiopiu.net\/wordpress\/wp-content\/uploads\/2018\/06\/depositphotos_47520511-stock-photo-radiologist-exam-300x146.jpg\" alt=\"\" width=\"300\" height=\"146\" srcset=\"https:\/\/www.radiopiu.net\/wordpress\/wp-content\/uploads\/2018\/06\/depositphotos_47520511-stock-photo-radiologist-exam-300x146.jpg 300w, https:\/\/www.radiopiu.net\/wordpress\/wp-content\/uploads\/2018\/06\/depositphotos_47520511-stock-photo-radiologist-exam-768x373.jpg 768w, https:\/\/www.radiopiu.net\/wordpress\/wp-content\/uploads\/2018\/06\/depositphotos_47520511-stock-photo-radiologist-exam.jpg 1022w\" sizes=\"auto, (max-width: 300px) 100vw, 300px\" \/><\/a><\/h2>\n<h2 dir=\"auto\"><\/h2>\n<h2 dir=\"auto\">RADIOLOGIA COME VA? COME FAR FRONTE AI PENSIONAMENTI? NON CERTO CON CHI SI ISCRIVE AI CONCORSI E POI NON PARTECIPA PERCHE&#8217; ATTRATTO DA ALTRI INCARICHI.<\/h2>\n<p><span style=\"color: #ff0000;\">COMMENTO E INTERVISTE DI GIANNI SANTOMASO<\/span><\/p>\n<div dir=\"auto\">\n<audio class=\"wp-audio-shortcode\" id=\"audio-113228-2\" preload=\"none\" style=\"width: 100%;\" controls=\"controls\"><source type=\"audio\/mpeg\" src=\"https:\/\/www.radiopiu.net\/wordpress\/wp-content\/uploads\/2020\/01\/gianni-radio.mp3?_=2\" \/><a href=\"https:\/\/www.radiopiu.net\/wordpress\/wp-content\/uploads\/2020\/01\/gianni-radio.mp3\">https:\/\/www.radiopiu.net\/wordpress\/wp-content\/uploads\/2020\/01\/gianni-radio.mp3<\/a><\/audio>\n<\/div>\n<div dir=\"auto\"><\/div>\n<\/div>\n<p>&nbsp;<\/p>\n<p>&nbsp;<\/p>\n<p>&nbsp;<\/p>\n<p>&nbsp;<\/p>\n<h3 dir=\"auto\"><a class=\"dt-pswp-item\" href=\"https:\/\/www.radiopiu.net\/wordpress\/wp-content\/uploads\/2020\/01\/giacomina_savi.jpg\" data-dt-img-description=\"\" data-large_image_width=\"1239\" data-large_image_height=\"888\"><img loading=\"lazy\" decoding=\"async\" class=\" wp-image-113231 alignleft\" src=\"https:\/\/www.radiopiu.net\/wordpress\/wp-content\/uploads\/2020\/01\/giacomina_savi-300x215.jpg\" alt=\"\" width=\"236\" height=\"169\" srcset=\"https:\/\/www.radiopiu.net\/wordpress\/wp-content\/uploads\/2020\/01\/giacomina_savi-300x215.jpg 300w, https:\/\/www.radiopiu.net\/wordpress\/wp-content\/uploads\/2020\/01\/giacomina_savi-1024x734.jpg 1024w, https:\/\/www.radiopiu.net\/wordpress\/wp-content\/uploads\/2020\/01\/giacomina_savi-768x550.jpg 768w, https:\/\/www.radiopiu.net\/wordpress\/wp-content\/uploads\/2020\/01\/giacomina_savi.jpg 1239w\" sizes=\"auto, (max-width: 236px) 100vw, 236px\" \/><\/a>L&#8217;ABM PIANGE GIACOMINA SAVI, COLONNA COMBATTIVA PARIGINA<\/h3>\n<p><strong>BELLUNO<\/strong> All\u2019et\u00e0 di 85 anni, \u00e8 morta Giacomina Savi per molti anni presidente della Famiglia Bellunese di Parigi. Era nata a Soverzene nel 1935 e dal 1961 viveva nella capitale francese. Oltre a essere stata dirigente della Famiglia bellunese locale ha dedicato tutta la sua vita per aiutare la comunit\u00e0 italiana anche attraverso il suo compito di corrispondente consolare che esercitava a titolo gratuito. \u00c8 stata particolarmente attiva nell\u2019assistenza e solidariet\u00e0 agli italiani ricoverati negli ospedali parigini. Giacomina Savi era un vero punto di riferimento per l\u2019Abm. Molti i giovani bellunesi, e non solo, che potevano contare su di lei per periodi di studio e lavoro a Parigi. Nel 2004, a Santo Stefano di Cadore, ricevette il premio internazionale \u201cBellunesi che hanno onorato la provincia di Belluno in Italia e all\u2019estero&#8221;. I funerali saranno celebrati a Parigi mercoled\u00ec 22 gennaio, ma per volont\u00e0 di Giacomina le sue ceneri saranno portate nel cimitero di Soverzene.<br \/>\n<em>\u00abNon mancheremo di salutare Giacomina quando \u201crientrer\u00e0\u201d nella sua Belluno &#8211; dice il presidente Oscar De Bona &#8211; e di certo ci sar\u00e0 motivo di ricordarla nel corso del 2020&#8243;.<\/em><\/p>\n<div dir=\"auto\"><\/div>\n<div dir=\"auto\"><\/div>\n<div dir=\"auto\"><\/div>\n<p>&nbsp;<\/p>\n<p>&nbsp;<\/p>\n<p>&nbsp;<\/p>\n<h2><a class=\"dt-pswp-item\" href=\"https:\/\/www.radiopiu.net\/wordpress\/wp-content\/uploads\/2020\/01\/WhatsApp-Image-2020-01-16-at-18.12.07.jpeg\" data-dt-img-description=\"\" data-large_image_width=\"720\" data-large_image_height=\"1440\"><img loading=\"lazy\" decoding=\"async\" class=\"size-medium wp-image-113316 alignleft\" src=\"https:\/\/www.radiopiu.net\/wordpress\/wp-content\/uploads\/2020\/01\/WhatsApp-Image-2020-01-16-at-18.12.07-150x300.jpeg\" alt=\"\" width=\"150\" height=\"300\" srcset=\"https:\/\/www.radiopiu.net\/wordpress\/wp-content\/uploads\/2020\/01\/WhatsApp-Image-2020-01-16-at-18.12.07-150x300.jpeg 150w, https:\/\/www.radiopiu.net\/wordpress\/wp-content\/uploads\/2020\/01\/WhatsApp-Image-2020-01-16-at-18.12.07-512x1024.jpeg 512w, https:\/\/www.radiopiu.net\/wordpress\/wp-content\/uploads\/2020\/01\/WhatsApp-Image-2020-01-16-at-18.12.07.jpeg 720w\" sizes=\"auto, (max-width: 150px) 100vw, 150px\" \/><\/a><\/h2>\n<h2><\/h2>\n<h2><\/h2>\n<h2>CIAO\u00a0 &#8220;GASTO&#8221;<\/h2>\n<p><strong>TAIBON<\/strong> Dolorosa perdita in frazione San Cipriano. Se n&#8217;\u00e8 andato &#8220;el dotor&#8221;. Gastone Bristot colonna della medicina del&#8217;Ospedale di Agordo per lungo tempo,\u00a0 da alcuni anni si stava godendo la meritata pensione, la sua casa e la sua bella famiglia che oggi lo piange. Un malore lo ha stroncato mentre era tra le mura di casa. Un abbraccio alla moglie Eva, alle figlie Sara ed Erica. I funerali DOMANI\u00a0 alle 14.30 a Taibon<\/p>\n<div><strong>di GIANNI SANTOMASO<\/strong><\/div>\n<div>L&#8217;Agordino piange Gastone Bristot, uno dei medici che hanno rappresentato per oltre trent&#8217;anni le &#8220;colonne&#8221; dell&#8217;ospedale di Agordo. \u00c8 stata una morte improvvisa a portarlo via mercoled\u00ec dall&#8217;affetto della moglie Eva e delle figlie Sara ed Erica, dei nipoti e dei famigliari. Gastone Bristot, 72 anni, \u00e8 stato colto da un malore nella propria casa di San Cipriano a Taibon. Dopo di che \u00e8 stato trasportato all&#8217;ospedale di Agordo dove \u00e8 morto nella tarda serata. Egli aveva legato la sua carriera di medico all&#8217;ospedale di Agordo dove era entrato nella giovane et\u00e0 quando a reggere il primariato del reparto di medicina era il dottor Benito Turchetto. All&#8217;interno del reparto Bristot si era dedicato in particolare alla cardiologia. &#8220;Era una persona molto discreta &#8211; lo ricorda il collega Cesare Dal Bo &#8211; sempre molto affabile con i pazienti, disponibile, simpatico. \u00c8 stato un medico molto umano. Magari ha lavorato all&#8217;ombra di altri, senza mai sbandierare le proprie capacit\u00e0 e qualit\u00e0&#8221;.\u00a0 Bristot era andato in pensione alla fine del 2009 assieme ad altri stimati colleghi come Fiorendo Dalla Ca&#8217;, Matteo Impellizzeri e Vincenzo Marcon che come lui avevano segnato la storia del nosocomio agordino.<br \/>\nI funerali si svolgeranno domani (sabato) alle 14.30 nella chiesa parrocchiale di Taibon e saranno preceduti dalla recita del rosario. Dopo la funzione funebre la salma proseguir\u00e0 per la cremazione.<\/div>\n<div><\/div>\n<div dir=\"auto\"><\/div>\n<div dir=\"auto\"><\/div>\n<blockquote>\n<div dir=\"auto\"><\/div>\n<\/blockquote>\n<div dir=\"auto\"><\/div>\n<div dir=\"auto\"><\/div>\n<div dir=\"auto\"><\/div>\n<div dir=\"auto\"><\/div>\n<div dir=\"auto\"><\/div>\n<div dir=\"auto\"><\/div>\n<div dir=\"auto\"><\/div>\n<p>&nbsp;<\/p>\n<div dir=\"auto\"><\/div>\n<blockquote>\n<div dir=\"auto\"><\/div>\n<\/blockquote>\n<div dir=\"auto\"><\/div>\n<div dir=\"auto\"><\/div>\n<div dir=\"auto\">\n<h3>NO A INIZIATIVE ISOLATE DELL&#8217;AZIENDA, APERTO IL TAVOLO AL MISE<\/h3>\n<p><strong>ROMA<\/strong> Si \u00e8 aperto ieri mattina al Ministero per lo Sviluppo Economico il tavolo di crisi di Safilo. \u00abSiamo tutti alla ricerca di soluzioni alternative e sicuramente di minore impatto per i lavoratori rispetto a quanto delineato dall\u2019azienda\u00bb, afferma il deputato bellunese Roger De Menech che dopo avere incontrato sindacalisti e dipendenti fuori dal ministero, ha avuto un colloquio con la sottosegretaria Alessia Morani. \u00abLa trattativa sar\u00e0 molto dura\u00bb, ammette De Menech, \u00able prime avvisaglie si sono gi\u00e0 notate oggi con l\u2019assenza dell\u2019amministratore delegato Trocchia. Il ministro Patuanelli e tutti i rappresentanti del territorio, sia friulani che veneti hanno ribadito che non avalleranno nessuna iniziativa presa in autonomia dall\u2019azienda\u00bb. Ora \u00e8 importante, conclude il deputato, \u00abproseguire nelle azioni coordinate tra lavoratori, sindacati e governo\u00bb.<\/p>\n<p>&nbsp;<\/p>\n<\/div>\n<div dir=\"auto\"><\/div>\n<div dir=\"auto\"><\/div>\n<div dir=\"auto\"><\/div>\n<div dir=\"auto\">\n<h3>SANITA\u2019. INCONTRO IN REGIONE SUL FUTURO DEL PUNTO DI PRIMO INTERVENTO DI AURONZO<\/h3>\n<p><strong><a class=\"dt-pswp-item\" href=\"https:\/\/www.radiopiu.net\/wordpress\/wp-content\/uploads\/2020\/01\/PPI-AURONZO-LANZARIN.png\" data-dt-img-description=\"\" data-large_image_width=\"762\" data-large_image_height=\"447\"><img loading=\"lazy\" decoding=\"async\" class=\" wp-image-113249 alignleft\" src=\"https:\/\/www.radiopiu.net\/wordpress\/wp-content\/uploads\/2020\/01\/PPI-AURONZO-LANZARIN-300x176.png\" alt=\"\" width=\"223\" height=\"131\" srcset=\"https:\/\/www.radiopiu.net\/wordpress\/wp-content\/uploads\/2020\/01\/PPI-AURONZO-LANZARIN-300x176.png 300w, https:\/\/www.radiopiu.net\/wordpress\/wp-content\/uploads\/2020\/01\/PPI-AURONZO-LANZARIN.png 762w\" sizes=\"auto, (max-width: 223px) 100vw, 223px\" \/><\/a>VENEZIA<\/strong> &#8220;<em>L\u2019esternalizzazione del Punto di Primo Intervento di Auronzo \u00e8 una soluzione emergenziale, determinata dalla grave carenza di personale che interessa l\u2019Ulss 1 Dolomiti, come tutto il Veneto e tutta Italia.\u00a0 Ho preso atto delle vostre preoccupazioni e sar\u00e0 mia cura parlarne con il Direttore Generale Adriano Rasi Caldogno, innescando un incontro collegiale chiarificatore da tenersi nei prossimi giorni\u201d. <\/em>Lo ha detto l\u2019Assessore regionale alla Sanit\u00e0, Manuela Lanzarin, incontrando\u00a0 a Venezia alcuni Sindaci dell\u2019area interessata al problema. L\u2019esternalizzazione \u00e8 l\u2019estrema ratio per evitare il rischio della chiusura del servizio. <em>\u201cIl nostro primo pensiero \u00e8, e deve essere, il mantenimento del servizio, in ogni modo possibile e tenendo conto della realt\u00e0 \u2013 ha aggiunto l\u2019Assessore regionale \u2013 per cui non \u00e8 assolutamente vero che, in questo caso come in altri, ci sia una strategia di privatizzazione. A maggior ragione per Auronzo, dove va tenuto presente che l\u2019esternalizzazione in convenzione \u00e8 un servizio interamente pubblico, che nulla ha a che fare con una privatizzazione\u201d.<\/em><\/p>\n<\/div>\n<div dir=\"auto\"><\/div>\n<div dir=\"auto\"><\/div>\n<div dir=\"auto\"><\/div>\n<div dir=\"auto\"><\/div>\n<div dir=\"auto\"><\/div>\n<div dir=\"auto\"><\/div>\n<div dir=\"auto\"><\/div>\n<blockquote>\n<div dir=\"auto\"><\/div>\n<\/blockquote>\n<h3 dir=\"auto\">NUOVI AMBULATORI PER LA MEDICINA DELL&#8217;OSPEDALE DI PIEVE DI CADORE<\/h3>\n<div dir=\"auto\"><strong>PIEVE DI CADORE<\/strong>\u00a0 Cristiano Perbellini, direttore della Medicina di Pieve di Cadore, fa il punto sull\u2019attivit\u00e0 dell\u2019unit\u00e0 operativa da lui guidata da maggio 2019. <em>\u00abLa Medicina &#8211; dice &#8211;\u00a0 \u00a0ricovera circa 700 pazienti all\u2019anno prevalentemente dal Pronto Soccorso (quindi in regime di urgenza: 97% dei ricoveri) per patologie diverse e, dai dati repilogativi in particolare abbiamo osservato che nel 2019 rispetto al 2018 sono aumentate patologie come lo scompenso cardiaco, polmoniti, infezioni di altrogenere, neoplasie ed eventi cerebrovascolari su una popolazione prevalentemente geriatrica con aumentata complessit\u00e0 anche di ordine sociale per il riaccoglimento a domicilio\u00bb.<\/em> Nonostante l\u2019attuale dotazione di medici ridotta, l\u2019unit\u00e0 operativa si adopera comunque per fornire servizi ambulatoriali alla popolazione residente in modo da evitare fastidiose trasferte negli ospedali principali di Belluno e Feltre soprattutto per i meno giovani. Sono attivi l\u2019ambulatorio geriatrico, diabetologico, endocrinologico, pneumologico, l\u2019attivit\u00e0 di diagnostica vascolare e vengono altres\u00ec erogate prestazioni internistiche<em> &#8220;Stiamo lavorando &#8211; dice il dottor Cristiano Perbellini &#8211; per creare nuovi ambulatori in collaborazione con altre unit\u00e0 operative che ci consentirebbero di giocare d\u2019anticipo sulle riacutizzazioni dei pazienti per le patologie di maggiore peso (scompenso cardiaco, BPCO, ipertensione arteriosa e patologie cerebrovascolari)&#8221;. <\/em><\/div>\n<p>&nbsp;<\/p>\n<p>&nbsp;<\/p>\n<p>&nbsp;<\/p>\n<p>&nbsp;<\/p>\n<h3>COLLEGAMENTI COMPRENSORI SCIISTICI. CANER: \u201cUN PROGETTO PER COSTRUIRE E DARE UN FUTURO ALLA MONTAGNA, NON PER DISTRUGGERLA\u201d<\/h3>\n<p><strong> <img loading=\"lazy\" decoding=\"async\" class=\"alignleft\" src=\"https:\/\/www.radiopiu.net\/wordpress\/wp-content\/uploads\/2019\/02\/259-2019-Ass.-Caner-1.jpg\" width=\"192\" height=\"128\" \/>VENEZIA<\/strong> &#8220;La sopravvivenza delle nostre comunit\u00e0 nei territori montani impone\u00a0 il rischioso passaggio tra il dover salvaguardare un ambiente prezioso e delicato e assicurare nel contempo le condizioni per impedire la desertificazione sociale\u201d.\u00a0 Lo dice l\u2019assessore al turismo Federico Caner per spiegare le motivazioni che stanno alla base del progetto, lanciato dalla Regione, di collegamento tra loro delle aree sciistiche delle Dolomiti del Veneto e delle confinanti province di Trento e Bolzano. \u201cLa Regione non vuole buttare via soldi e tanto meno distruggere un\u2019ambiente e una natura che sono il presupposto stesso di quell\u2019economia turistica che cerchiamo di ottimizzare. La logica che spinge a lavorare a un potenziamento dell\u2019offerta non \u00e8 quella di uno sviluppo incondizionato e senza limiti, ma quella di attuare degli interventi che siano innovativi e migliorativi anche dal punto di vista ambientale. Non mi arrendo di fronte a quella che troppi considerano una perdita ineluttabile conseguente all\u2019impoverimento e allo spopolamento. Con buon senso, prudenza e coraggio la nostra montagna pu\u00f2 continuare a essere viva e vitale\u201d.<\/p>\n<p>&nbsp;<\/p>\n<p>&nbsp;<\/p>\n<p>&nbsp;<\/p>\n<p>&nbsp;<\/p>\n<p>&nbsp;<\/p>\n<h3>CONSIGLIO NAZIONALE ANCI<\/h3>\n<blockquote><p><em><a class=\"dt-pswp-item\" href=\"https:\/\/www.radiopiu.net\/wordpress\/wp-content\/uploads\/2018\/10\/Intervento-Massaro-Palco-ANCI.jpg\" data-dt-img-description=\"\" data-large_image_width=\"1600\" data-large_image_height=\"1200\"><img loading=\"lazy\" decoding=\"async\" class=\"wp-image-65074 alignleft\" src=\"https:\/\/www.radiopiu.net\/wordpress\/wp-content\/uploads\/2018\/10\/Intervento-Massaro-Palco-ANCI-300x225.jpg\" alt=\"\" width=\"205\" height=\"154\" srcset=\"https:\/\/www.radiopiu.net\/wordpress\/wp-content\/uploads\/2018\/10\/Intervento-Massaro-Palco-ANCI-300x225.jpg 300w, https:\/\/www.radiopiu.net\/wordpress\/wp-content\/uploads\/2018\/10\/Intervento-Massaro-Palco-ANCI-768x576.jpg 768w, https:\/\/www.radiopiu.net\/wordpress\/wp-content\/uploads\/2018\/10\/Intervento-Massaro-Palco-ANCI-1024x768.jpg 1024w, https:\/\/www.radiopiu.net\/wordpress\/wp-content\/uploads\/2018\/10\/Intervento-Massaro-Palco-ANCI.jpg 1600w\" sizes=\"auto, (max-width: 205px) 100vw, 205px\" \/><\/a>\u00abFondo di solidariet\u00e0, buone notizie. Assunzioni, Belluno penalizzata dalla virtuosit\u00e0\u00bb<\/em><\/p><\/blockquote>\n<p><strong>BELLUNO<\/strong> Buone notizie per il fondo di solidariet\u00e0, meno per le assunzioni, almeno per il Comune di Belluno: questi gli aspetti principali emersi dal Consiglio Nazionale dell&#8217;Associazione Nazionale dei Comuni Italiani \u2013 ANCI che si \u00e8 tenuto\u00a0 a Roma e che ha visto la partecipazione del Sindaco di Belluno, Jacopo Massaro. Sul\u00a0fondo di solidariet\u00e0 sembra rientrare l&#8217;emergenza lanciata a inizio anno sul taglio. Paradosso, l&#8217;ennesimo, legato alle assunzioni: sbloccate le graduatorie, i comuni potranno procedere con nuovi ingressi in organico. Non il Comune di Belluno, per\u00f2, che come altri paga la sua virtuosit\u00e0<\/p>\n<p><strong>IL SINDACO JACOPO MASSARO\u00a0<\/strong><\/p>\n<audio class=\"wp-audio-shortcode\" id=\"audio-113228-3\" preload=\"none\" style=\"width: 100%;\" controls=\"controls\"><source type=\"audio\/mpeg\" src=\"https:\/\/www.radiopiu.net\/wordpress\/wp-content\/uploads\/2020\/01\/Massaro-Consiglio-nazionale-ANCI.mp3?_=3\" \/><a href=\"https:\/\/www.radiopiu.net\/wordpress\/wp-content\/uploads\/2020\/01\/Massaro-Consiglio-nazionale-ANCI.mp3\">https:\/\/www.radiopiu.net\/wordpress\/wp-content\/uploads\/2020\/01\/Massaro-Consiglio-nazionale-ANCI.mp3<\/a><\/audio>\n<p>&nbsp;<\/p>\n<p>&nbsp;<\/p>\n<p>&nbsp;<\/p>\n<p>&nbsp;<\/p>\n<h2><span style=\"color: #0000ff;\">IL TWEET\u00a0<\/span><\/h2>\n<p><strong><a class=\"dt-pswp-item\" href=\"https:\/\/www.radiopiu.net\/wordpress\/wp-content\/uploads\/2020\/01\/tweet.png\" data-dt-img-description=\"\" data-large_image_width=\"225\" data-large_image_height=\"225\"><img loading=\"lazy\" decoding=\"async\" class=\"wp-image-112664 alignleft\" src=\"https:\/\/www.radiopiu.net\/wordpress\/wp-content\/uploads\/2020\/01\/tweet.png\" alt=\"\" width=\"110\" height=\"110\" srcset=\"https:\/\/www.radiopiu.net\/wordpress\/wp-content\/uploads\/2020\/01\/tweet.png 225w, https:\/\/www.radiopiu.net\/wordpress\/wp-content\/uploads\/2020\/01\/tweet-150x150.png 150w\" sizes=\"auto, (max-width: 110px) 100vw, 110px\" \/><\/a>di Federico D&#8217;Inc\u00e0<\/strong><\/p>\n<blockquote>\n<h3>Dopo il pronunciamento della Corte Costituzionale, noi continuiamo ad andare avanti per superare il <a class=\"twitter-hashtag pretty-link js-nav\" dir=\"ltr\" href=\"https:\/\/twitter.com\/hashtag\/Rosatellum?src=hash\" data-query-source=\"hashtag_click\"><s>#<\/s><b>Rosatellum<\/b><\/a> e dare al Paese una <a class=\"twitter-hashtag pretty-link js-nav\" dir=\"ltr\" href=\"https:\/\/twitter.com\/hashtag\/LeggeElettorale?src=hash\" data-query-source=\"hashtag_click\"><s>#<\/s><b>LeggeElettorale<\/b><\/a> proporzionale con soglia alta che garantisca un sistema politico pi\u00f9 coeso, Camere pi\u00f9 rappresentative e governi pi\u00f9 stabili<\/h3>\n<\/blockquote>\n<p>&nbsp;<\/p>\n<p>&nbsp;<\/p>\n<p>&nbsp;<\/p>\n<p>&nbsp;<\/p>\n<blockquote class=\"wp-embedded-content\" data-secret=\"zCmDTDyMuz\"><p><a href=\"https:\/\/www.radiopiu.net\/wordpress\/ep-center-video-gallery\/\">EP CENTER video gallery<\/a><\/p><\/blockquote>\n<p><iframe loading=\"lazy\" title=\"&#8220;EP CENTER video gallery&#8221; &#8212; Radio Pi\u00f9\" class=\"wp-embedded-content\" sandbox=\"allow-scripts\" security=\"restricted\" style=\"position: absolute; clip: rect(1px, 1px, 1px, 1px);\" src=\"https:\/\/www.radiopiu.net\/wordpress\/ep-center-video-gallery\/embed\/#?secret=zCmDTDyMuz\" data-secret=\"zCmDTDyMuz\" width=\"600\" height=\"338\" frameborder=\"0\" marginwidth=\"0\" marginheight=\"0\" scrolling=\"no\"><\/iframe><\/p>\n<p>&nbsp;<\/p>\n<p>&nbsp;<\/p>\n<p>&nbsp;<\/p>\n<h3>MAGAZZINI COMUNALI, APPROVATO IL PROGETTO PER L&#8217;EFFICIENTAMENTO ENERGETICO<\/h3>\n<p><strong><a class=\"dt-pswp-item\" href=\"https:\/\/www.radiopiu.net\/wordpress\/wp-content\/uploads\/2020\/01\/cb2c7081-e7e5-403a-955f-cd9d2e83d486.jpg\" data-dt-img-description=\"\" data-large_image_width=\"1600\" data-large_image_height=\"1200\"><img loading=\"lazy\" decoding=\"async\" class=\"size-medium wp-image-113232 alignleft\" src=\"https:\/\/www.radiopiu.net\/wordpress\/wp-content\/uploads\/2020\/01\/cb2c7081-e7e5-403a-955f-cd9d2e83d486-300x225.jpg\" alt=\"\" width=\"300\" height=\"225\" srcset=\"https:\/\/www.radiopiu.net\/wordpress\/wp-content\/uploads\/2020\/01\/cb2c7081-e7e5-403a-955f-cd9d2e83d486-300x225.jpg 300w, https:\/\/www.radiopiu.net\/wordpress\/wp-content\/uploads\/2020\/01\/cb2c7081-e7e5-403a-955f-cd9d2e83d486-1024x768.jpg 1024w, https:\/\/www.radiopiu.net\/wordpress\/wp-content\/uploads\/2020\/01\/cb2c7081-e7e5-403a-955f-cd9d2e83d486-768x576.jpg 768w, https:\/\/www.radiopiu.net\/wordpress\/wp-content\/uploads\/2020\/01\/cb2c7081-e7e5-403a-955f-cd9d2e83d486-1536x1152.jpg 1536w, https:\/\/www.radiopiu.net\/wordpress\/wp-content\/uploads\/2020\/01\/cb2c7081-e7e5-403a-955f-cd9d2e83d486.jpg 1600w\" sizes=\"auto, (max-width: 300px) 100vw, 300px\" \/><\/a>FELTRE\u00a0<\/strong> Dopo i palazzi del centro storico e gli edifici scolastici, oggetto di progettazione nei mesi scorsi, il focus \u00e8 rivolto ai \u201cMagazzini comunali\u201d grazie al bando regionale per la concessione di contributi a fondo perduto a favore dei comuni per interventi di efficientamento energetico di edifici pubblici. Il progetto evidenzia una serie di interventi atti a migliorare l\u2019efficienza energetica della struttura \u00a0ha un costo di 1 milione di euro. La giunta ha dato anche mandato per la progettazione definitiva esecutiva in modo da poter presentare l&#8217;iniziativa al bando regionale nei tempi congrui.<em> \u201cIl progetto approvato \u2013 sottolinea l&#8217;assessore ai Lavori Pubblici e alla Protezione Civile Adis Zatta \u2013 si inserisce in un quadro pi\u00f9 ampio di rivalutazione complessiva del nostro patrimonio immobiliare, su cui stiamo lavorando da tempo, e che dovr\u00e0 continuare necessariamente ancora a lungo, compatibilmente con le risorse reperibili e a disposizione<\/em>\u201d. Per l&#8217;assessore all&#8217;ambiente Valter Bonan \u00e8 stata sfruttata\u00a0 l&#8217;occasione offerta dal bando regionale per cercare di non perdere un&#8217;opportunit\u00e0 rilevante sul piano finanziario, in relazione &#8211; tra l&#8217;altro &#8211; ad uno degli edifici pi\u00f9 energivori del Comune. <em>&#8220;L&#8217;auspicio &#8211; dice Bonan &#8211;\u00a0 \u00e8 quello di poter accedere alle risorse in maniera da dare seguito al corposo piano di interventi di rigenerazione ed efficientamento energetico che abbiamo messo in campo da tempo\u201d<\/em><\/p>\n<p>&nbsp;<\/p>\n<p>&nbsp;<\/p>\n<p>&nbsp;<\/p>\n<h3><\/h3>\n<h3><\/h3>\n<h3><\/h3>\n<h3>IL TAVOLO DI COORDINAMENTO PER GLI EVENTI IN VALBELLUNA<\/h3>\n<p><strong><a class=\"dt-pswp-item\" href=\"https:\/\/www.radiopiu.net\/wordpress\/wp-content\/uploads\/2020\/01\/Tavolo-coordinamento-eventi-Valbelluna-3.jpg\" data-dt-img-description=\"\" data-large_image_width=\"1922\" data-large_image_height=\"1281\"><img loading=\"lazy\" decoding=\"async\" class=\" wp-image-113261 alignleft\" src=\"https:\/\/www.radiopiu.net\/wordpress\/wp-content\/uploads\/2020\/01\/Tavolo-coordinamento-eventi-Valbelluna-3-300x200.jpg\" alt=\"\" width=\"242\" height=\"161\" srcset=\"https:\/\/www.radiopiu.net\/wordpress\/wp-content\/uploads\/2020\/01\/Tavolo-coordinamento-eventi-Valbelluna-3-300x200.jpg 300w, https:\/\/www.radiopiu.net\/wordpress\/wp-content\/uploads\/2020\/01\/Tavolo-coordinamento-eventi-Valbelluna-3-1024x682.jpg 1024w, https:\/\/www.radiopiu.net\/wordpress\/wp-content\/uploads\/2020\/01\/Tavolo-coordinamento-eventi-Valbelluna-3-768x512.jpg 768w, https:\/\/www.radiopiu.net\/wordpress\/wp-content\/uploads\/2020\/01\/Tavolo-coordinamento-eventi-Valbelluna-3-1536x1024.jpg 1536w, https:\/\/www.radiopiu.net\/wordpress\/wp-content\/uploads\/2020\/01\/Tavolo-coordinamento-eventi-Valbelluna-3.jpg 1922w\" sizes=\"auto, (max-width: 242px) 100vw, 242px\" \/><\/a>BELLUNO<\/strong> Su invito dell&#8217;assessore allo sport del Comune di Belluno, Marco Bogo, si sono riuniti a Palazzo Rosso i rappresentanti dei comuni di Feltre, Borgo Valbelluna, Limana e Sedico proprio per confrontarsi sul calendario degli eventi della vallata. Un confronto per cercare di evitare sovrapposizioni di eventi sportivi e culturali di richiamo tra le varie realt\u00e0, cos\u00ec da evitare la dispersione di pubblico e partecipanti. Chiaramente, ogni comune avr\u00e0 l&#8217;autonomia di organizzare il proprio programma di manifestazioni, ma confrontandosi prima cala il rischio di incomprensioni e situazioni logistiche complesse. La proposta quindi ricalca su scala pi\u00f9 ampia quanto messo in atto da alcuni anni nel capoluogo, ossia il calendario condiviso degli eventi, che consente a tutti gli enti, associazioni e realt\u00e0 impegnate nell&#8217;organizzazione di eventi di conoscere l&#8217;offerta sul territorio comunale e di poter cos\u00ec realizzare la propria manifestazione senza rischi di sovrapposizioni. Il tavolo permetter\u00e0 anche di lavorare sulla promozione. L&#8217;incontro ha gi\u00e0 portato alla luce alcune problematiche serviranno altri incontri\u00a0 per risolvere o quantomeno intervenire sulle sovrapposizioni rilevate.<\/p>\n<h3>L&#8217;ASSESSORE ALLO SPORT MARCO BOGO<\/h3>\n<p><iframe loading=\"lazy\" title=\"Marco Bogo   Assessore sport   Tavolo coordinamento eventi Valbelluna\" width=\"1200\" height=\"675\" src=\"https:\/\/www.youtube.com\/embed\/___wL_bfRzg?feature=oembed\" frameborder=\"0\" allow=\"accelerometer; autoplay; encrypted-media; gyroscope; picture-in-picture\" allowfullscreen><\/iframe><\/p>\n<p>&nbsp;<\/p>\n<p>&nbsp;<\/p>\n<p>&nbsp;<\/p>\n<p>&nbsp;<\/p>\n<p>&nbsp;<\/p>\n<h3>SEGRETARI COMUNALI, BENE LA MOZIONE VOTATA IERI ALLA CAMERA. PER I PICCOLI COMUNI, SIA LO STATO A PAGARLI. UNCEM: ACCOLTE TUTTE LE NOSTRE ISTANZE<\/h3>\n<div>\n<p><em><strong>ROMA<\/strong> &#8220;Per i piccoli Comuni, la spesa per i segretari comunali sia posta a carico del bilancio del Ministero dell&#8217;interno&#8221;.<\/em> \u00c8 uno dei punti centrali della mozione votata alla Camera dei Deputati, firmata da tutti i partiti per &#8220;assumere iniziative urgenti per affrontare e gestire la grave carenza di Segretari comunali e, in particolare, a valutare con la massima urgenza un&#8217;iniziativa normativa che miri a superare e correggere le criticit\u00e0 del corso-concorso, attraverso una semplificazione e velocizzazione delle procedure selettive. &#8220;Sono due richieste fatte da Uncem e Anci perch\u00e8 nei piccoli Comuni la situazione sta diventando insostenibile.\u00a0Tra i punti inseriti nella mozione vi \u00e8 la necessit\u00e0, sancita dal Parlamento, di adottare iniziative per individuare, in via temporanea, figure che possano garantire la reggenza delle sedi vacanti sopperendo al perdurare della mancanza di Segretari comunali, da reperire tra personalit\u00e0 qualificate interne alla Pubblica amministrazione, in modalit\u00e0 tali da garantire l&#8217;effettiva copertura delle carenze e la continuit\u00e0 della prestazione, e tra coloro che abbiano svolto le funzioni di vice segretario comunale presso enti locali e siano in possesso dei titoli di studio richiesti dalla normativa. E ancora, il potenziamento degli organici dei Segretari comunali, anche attraverso la partecipazione al corso per gli attuali idonei, e prevedendo al contempo che i vice segretari comunali operino in costante raccordo con i soggetti titolari. Fondamentale lavorare a livello di ambito territoriale ottimale, di Unione di Comuni, per avere segretari in contesti territoriali omogenei che agiscano per pi\u00f9 Comuni vicini.<\/p>\n<\/div>\n<div dir=\"auto\"><\/div>\n<div dir=\"auto\"><\/div>\n<blockquote>\n<div dir=\"auto\"><\/div>\n<\/blockquote>\n<div dir=\"auto\"><\/div>\n<div dir=\"auto\"><\/div>\n<div dir=\"auto\"><\/div>\n<blockquote>\n<div dir=\"auto\"><\/div>\n<\/blockquote>\n<div dir=\"auto\"><\/div>\n<div dir=\"auto\">\n<h3>AUSER E QUESTURA ASSIEME CONTRO LE TRUFFE<\/h3>\n<p><strong><a class=\"dt-pswp-item\" href=\"https:\/\/www.radiopiu.net\/wordpress\/wp-content\/uploads\/2019\/01\/auser-1.jpg\" data-dt-img-description=\"\" data-large_image_width=\"1772\" data-large_image_height=\"811\"><img loading=\"lazy\" decoding=\"async\" class=\"wp-image-73044 alignleft\" src=\"https:\/\/www.radiopiu.net\/wordpress\/wp-content\/uploads\/2019\/01\/auser-1-300x137.jpg\" alt=\"\" width=\"206\" height=\"94\" srcset=\"https:\/\/www.radiopiu.net\/wordpress\/wp-content\/uploads\/2019\/01\/auser-1-300x137.jpg 300w, https:\/\/www.radiopiu.net\/wordpress\/wp-content\/uploads\/2019\/01\/auser-1-768x351.jpg 768w, https:\/\/www.radiopiu.net\/wordpress\/wp-content\/uploads\/2019\/01\/auser-1-1024x469.jpg 1024w, https:\/\/www.radiopiu.net\/wordpress\/wp-content\/uploads\/2019\/01\/auser-1.jpg 1772w\" sizes=\"auto, (max-width: 206px) 100vw, 206px\" \/><\/a>BELLUNO<\/strong> Raccogliendo l&#8217;invito della Questura di Belluno, l&#8217;Auser provinciale ha voluto stimolare i suoi Circoli ad organizzare degli incontri per combattere, ma soprattutto per prevenire, truffe e raggiri ai danni degli anziani. L\u2019iniziativa \u201cProgetto sicurezza\u201d, ha trovato per ora il consenso dei Comuni di Sospirolo, Domegge, Borgo Valbelluna e Pedavena. Piena disponibilit\u00e0 da parte della Polizia di Stato che, con agenti deputati allo scopo, forniranno ai cittadini tutte le indicazioni per evitare spiacevoli sorprese. Il calendario degli incontri\u00a0 21 gennaio alle 15 nella sede del Circolo Auser \u201cMonte Sperone\u201d di Gron di Sospirolo, 31 gennaio alle 16 nella Sala consiliare del Municipio di Domegge, 4 febbraio alle\u00a0 15.30 a Lentiai, in via Galilei 8, nella sede del Circolo, 10 marzo alle\u00a0 15 nella Biblioteca comunale di Pedavena in via Roma, 24.<em> &#8220;Ci auguriamo che la popolazione, quella anziana in particolare, risponda in maniera numerosa a questa proposta\u201d<\/em> dice\u00a0la presidente provinciale Auser Dall&#8217;Omo<\/p>\n<\/div>\n<p>&nbsp;<\/p>\n<p>&nbsp;<\/p>\n<p>&nbsp;<\/p>\n<p>&nbsp;<\/p>\n<h3>CONSIGLIO COMUNALE ROCCHESANO<\/h3>\n<p><strong>ROCCA PIETORE<\/strong> Giovedi alle 18 consiglio comunale in Municipio con un unico punto all&#8217;ordine del giorno: schema di convenzione Comune-Privati.<\/p>\n<p>&nbsp;<\/p>\n<p>&nbsp;<\/p>\n<p>&nbsp;<\/p>\n<h3><a class=\"dt-pswp-item\" href=\"https:\/\/www.radiopiu.net\/wordpress\/wp-content\/uploads\/2020\/01\/82990215_2519456134933473_5209195348886552576_o.jpg\" data-dt-img-description=\"\" data-large_image_width=\"679\" data-large_image_height=\"960\"><img loading=\"lazy\" decoding=\"async\" class=\"wp-image-113098 alignleft\" src=\"https:\/\/www.radiopiu.net\/wordpress\/wp-content\/uploads\/2020\/01\/82990215_2519456134933473_5209195348886552576_o-212x300.jpg\" alt=\"\" width=\"115\" height=\"163\" srcset=\"https:\/\/www.radiopiu.net\/wordpress\/wp-content\/uploads\/2020\/01\/82990215_2519456134933473_5209195348886552576_o-212x300.jpg 212w, https:\/\/www.radiopiu.net\/wordpress\/wp-content\/uploads\/2020\/01\/82990215_2519456134933473_5209195348886552576_o.jpg 679w\" sizes=\"auto, (max-width: 115px) 100vw, 115px\" \/><\/a><\/h3>\n<h3>NOVITA&#8217; A FORCELLA AURINE<\/h3>\n<blockquote><p>Apertura della\u00a0 pista BEPI. Da oggi apertura serale con sciovia CELI e pista BEPI dedicate allo sci alpino.La pista GARDENIA invece sar\u00e0 riservata alla risalita degli SKIALPER!<\/p><\/blockquote>\n<p>&nbsp;<\/p>\n<p>&nbsp;<\/p>\n<p>&nbsp;<\/p>\n<p>&nbsp;<\/p>\n<p>&nbsp;<\/p>\n<p>&nbsp;<\/p>\n<h3>DAL NULLA ALLA STRISCIA BIANCA, APRE LA COCA BASSA<\/h3>\n<p><strong><a class=\"dt-pswp-item\" href=\"https:\/\/www.radiopiu.net\/wordpress\/wp-content\/uploads\/2019\/10\/paesaggio-innevato-dellalpe_del_nevegal.jpg\" data-dt-img-description=\"\" data-large_image_width=\"1024\" data-large_image_height=\"400\"><img loading=\"lazy\" decoding=\"async\" class=\"wp-image-104502 alignleft\" src=\"https:\/\/www.radiopiu.net\/wordpress\/wp-content\/uploads\/2019\/10\/paesaggio-innevato-dellalpe_del_nevegal-300x117.jpg\" alt=\"\" width=\"236\" height=\"92\" srcset=\"https:\/\/www.radiopiu.net\/wordpress\/wp-content\/uploads\/2019\/10\/paesaggio-innevato-dellalpe_del_nevegal-300x117.jpg 300w, https:\/\/www.radiopiu.net\/wordpress\/wp-content\/uploads\/2019\/10\/paesaggio-innevato-dellalpe_del_nevegal-768x300.jpg 768w, https:\/\/www.radiopiu.net\/wordpress\/wp-content\/uploads\/2019\/10\/paesaggio-innevato-dellalpe_del_nevegal.jpg 1024w\" sizes=\"auto, (max-width: 236px) 100vw, 236px\" \/><\/a>DI DAMIANO TORMEN<\/strong><\/p>\n<audio class=\"wp-audio-shortcode\" id=\"audio-113228-4\" preload=\"none\" style=\"width: 100%;\" controls=\"controls\"><source type=\"audio\/mpeg\" src=\"https:\/\/www.radiopiu.net\/wordpress\/wp-content\/uploads\/2020\/01\/damiano-1.mp3?_=4\" \/><a href=\"https:\/\/www.radiopiu.net\/wordpress\/wp-content\/uploads\/2020\/01\/damiano-1.mp3\">https:\/\/www.radiopiu.net\/wordpress\/wp-content\/uploads\/2020\/01\/damiano-1.mp3<\/a><\/audio>\n<p>&nbsp;<\/p>\n<p>&nbsp;<\/p>\n<p>&nbsp;<\/p>\n<h3>&#8220;PANE E MARMELLATA&#8221;\u00a0 IL LIBRO DI FRANCESCA MUSSOI<\/h3>\n<h3><a class=\"dt-pswp-item\" href=\"https:\/\/www.radiopiu.net\/wordpress\/wp-content\/uploads\/2020\/01\/WhatsApp-Image-2020-01-13-at-20.15.17-1.jpeg\" data-dt-img-description=\"\" data-large_image_width=\"723\" data-large_image_height=\"1024\"><img loading=\"lazy\" decoding=\"async\" class=\"size-medium wp-image-113045 alignleft\" src=\"https:\/\/www.radiopiu.net\/wordpress\/wp-content\/uploads\/2020\/01\/WhatsApp-Image-2020-01-13-at-20.15.17-1-212x300.jpeg\" alt=\"\" width=\"212\" height=\"300\" srcset=\"https:\/\/www.radiopiu.net\/wordpress\/wp-content\/uploads\/2020\/01\/WhatsApp-Image-2020-01-13-at-20.15.17-1-212x300.jpeg 212w, https:\/\/www.radiopiu.net\/wordpress\/wp-content\/uploads\/2020\/01\/WhatsApp-Image-2020-01-13-at-20.15.17-1.jpeg 723w\" sizes=\"auto, (max-width: 212px) 100vw, 212px\" \/><\/a><\/h3>\n<p><strong>SEDICO<\/strong> Il suo rapporto con i bambini e i suoi pregiati libri \u00e8 noto, Francesca non delude mai, e sabato ne dar\u00e0 l&#8217;ulteriore dimostrazione con il libro che sar\u00e0 presentato\u00a0 \u00a0a Trichiana alle 20.30 in sala San Felice. <strong>IL LIBRO<\/strong> \u201cPane e marmellata\u201d (le illustrazioni sono di Chiara Zuccali, l\u2019editore \u00e8 Erickson) \u00e8 un libro che pu\u00f2 avvicinare grandi e bambini a temi importanti come l\u2019accettazione delle diversit\u00e0, l\u2019inclusione scolastica, il bullismo. Sabato ci saranno anche gli amici di Mery.<\/p>\n<blockquote><p><em>\u00a0&#8220;Erik ha 11 anni e, come i suoi compagni, ama leggere, correre, ballare tra le foglie d\u2019autunno assieme alla sua mamma. E ama disegnare. Ma non tutto fila liscio, in particolare se si mettono in mezzo Sam e Paul\u2026 e se Erik perde l\u2019oggetto pi\u00f9 prezioso che ha<\/em>\u00bb.<\/p><\/blockquote>\n<p><strong>L&#8217;INTERVISTA CON FRANCESCA MUSSOI<\/strong><\/p>\n<audio class=\"wp-audio-shortcode\" id=\"audio-113228-5\" preload=\"none\" style=\"width: 100%;\" controls=\"controls\"><source type=\"audio\/mpeg\" src=\"https:\/\/www.radiopiu.net\/wordpress\/wp-content\/uploads\/2020\/01\/FRANCESCA.mp3?_=5\" \/><a href=\"https:\/\/www.radiopiu.net\/wordpress\/wp-content\/uploads\/2020\/01\/FRANCESCA.mp3\">https:\/\/www.radiopiu.net\/wordpress\/wp-content\/uploads\/2020\/01\/FRANCESCA.mp3<\/a><\/audio>\n<p>&nbsp;<\/p>\n<p>&nbsp;<\/p>\n<p>&nbsp;<\/p>\n<h3>SANT&#8217;ANTONE LA FESTA E&#8217; A CENCENIGHE<\/h3>\n<p>di MATTEO MANFROI<\/p>\n<audio class=\"wp-audio-shortcode\" id=\"audio-113228-6\" preload=\"none\" style=\"width: 100%;\" controls=\"controls\"><source type=\"audio\/mpeg\" src=\"https:\/\/www.radiopiu.net\/wordpress\/wp-content\/uploads\/2020\/01\/MATTEO-SANTO.mp3?_=6\" \/><a href=\"https:\/\/www.radiopiu.net\/wordpress\/wp-content\/uploads\/2020\/01\/MATTEO-SANTO.mp3\">https:\/\/www.radiopiu.net\/wordpress\/wp-content\/uploads\/2020\/01\/MATTEO-SANTO.mp3<\/a><\/audio>\n<p>&nbsp;<\/p>\n<p><strong>CENCENIGHE<\/strong> L&#8217;amministrazione comunale, Proloco e associazioni di Cencenighe organizzano la Sagra di Sant&#8217;Antone 2020. Nei giorni 17, 18 e 19 gennaio. Domani: 11 messa in chiesa con Don Gabriele Bernardi; 12 pranzo al Nof Filo&#8217; ospiti i nonni, pomeriggio di intrattenimento e consegna riconoscimenti per Cencenighe e i suoi presepi (info 0437 591549) Sabato 18 gennaio: dalle 21 serata da ballo con Cristian Group. Domenica 19: dalle 14 torneo di scarabocio, iscrizioni alla proloco o prima dell&#8217;inizio del torneo.<\/p>\n<p>&nbsp;<\/p>\n<p>&nbsp;<\/p>\n<p>&nbsp;<\/p>\n<h3>AL CINEMA AD AGORDO, IL 25 CON IL REGISTA STEFANO USARDI<\/h3>\n<p>Proiezione del film &#8220;Affittasi vita&#8221;, Scritto e diretto da Stefano Usardi. Sabato 25 gennaio 2020 dalle ore 20:30\u00a0 Sala Don Tamis. Ingresso libero a tutti con offerta libera\u00a0 Un film prodotto da FIFILM PRODUCTION DI Caterina Francavilla<\/p>\n<p><a class=\"dt-pswp-item\" href=\"https:\/\/www.radiopiu.net\/wordpress\/wp-content\/uploads\/2020\/01\/82250689_2542725085838493_5507278534634110976_o.jpg\" data-dt-img-description=\"\" data-large_image_width=\"671\" data-large_image_height=\"960\"><img loading=\"lazy\" decoding=\"async\" class=\"alignnone wp-image-113218 size-medium\" src=\"https:\/\/www.radiopiu.net\/wordpress\/wp-content\/uploads\/2020\/01\/82250689_2542725085838493_5507278534634110976_o-210x300.jpg\" alt=\"\" width=\"210\" height=\"300\" srcset=\"https:\/\/www.radiopiu.net\/wordpress\/wp-content\/uploads\/2020\/01\/82250689_2542725085838493_5507278534634110976_o-210x300.jpg 210w, https:\/\/www.radiopiu.net\/wordpress\/wp-content\/uploads\/2020\/01\/82250689_2542725085838493_5507278534634110976_o.jpg 671w\" sizes=\"auto, (max-width: 210px) 100vw, 210px\" \/><\/a><\/p>\n<p>&nbsp;<\/p>\n<p>&nbsp;<\/p>\n<p>&nbsp;<\/p>\n<div dir=\"auto\">\n<p>&nbsp;<\/p>\n<div class=\"\" data-block=\"true\" data-editor=\"caie0\" data-offset-key=\"c2um1-0-0\">\n<div class=\"_1mf _1mj\" data-offset-key=\"c2um1-0-0\"><strong>NUOVO CANALE RADIOPIU SU TELEGRAM ISCRIZIONE GRATUITA<\/strong><\/div>\n<\/div>\n<div class=\"\" data-block=\"true\" data-editor=\"caie0\" data-offset-key=\"5n5nl-0-0\">\n<blockquote>\n<div data-offset-key=\"5n5nl-0-0\"><a class=\"dt-pswp-item\" href=\"https:\/\/www.radiopiu.net\/wordpress\/wp-content\/uploads\/2017\/04\/MyRadioPiu_miaidea.png\" data-dt-img-description=\"\" data-large_image_width=\"483\" data-large_image_height=\"374\"><img loading=\"lazy\" decoding=\"async\" class=\"wp-image-30709 alignleft\" src=\"https:\/\/www.radiopiu.net\/wordpress\/wp-content\/uploads\/2017\/04\/MyRadioPiu_miaidea-300x232.png\" alt=\"\" width=\"167\" height=\"129\" \/><\/a>Il canale creato su Telgram andr\u00e0 a sostituire i gruppi whatsApp, a breve inizier\u00e0 l&#8217;aggiornamento. In questo gruppo ogni giorno viene pubblicato il GIORNALE RADIOPIU il giornale radio_sito in onda alla radio ogni giorno dal lunedi al sabato nelle edizioni delle 9.30 GR MATTINA, 12.30 GIORNALE RADIO PRINCIPALE, 14.30 GR PRIMO POMERIGGIO, 16.30 GR POMERIGGIO 18.30 GR SERA e il GIORNALE DELLA MEZZANOTTE\u00a0 Inoltre in questo canale vengono linkate in tempo reale le notizie che vengono pubblicate sul sito <a href=\"http:\/\/www.radiopiu.net\/\" target=\"_blank\" rel=\"noopener noreferrer\">www.radiopiu.net<\/a> e i podcast delle rubriche in onda al mattino 10.30 REPORTER, e negli approfondimenti del pomeriggio 15.10 CARPE DIEM.<\/div>\n<\/blockquote>\n<\/div>\n<\/div>\n<div data-offset-key=\"5n5nl-0-0\"><\/div>\n<div data-offset-key=\"5n5nl-0-0\"><\/div>\n<div data-offset-key=\"5n5nl-0-0\"><\/div>\n<div data-offset-key=\"5n5nl-0-0\"><\/div>\n<div data-offset-key=\"5n5nl-0-0\"><\/div>\n<div data-offset-key=\"5n5nl-0-0\"><\/div>\n<blockquote>\n<div data-offset-key=\"5n5nl-0-0\"><\/div>\n<\/blockquote>\n<div data-offset-key=\"5n5nl-0-0\"><\/div>\n<h2 data-offset-key=\"5n5nl-0-0\"><span style=\"color: #ff0000;\"><a class=\"dt-pswp-item\" href=\"https:\/\/www.radiopiu.net\/wordpress\/wp-content\/uploads\/2020\/01\/81808261_109747163893998_7472915994625703936_n.jpg\" data-dt-img-description=\"\" data-large_image_width=\"399\" data-large_image_height=\"399\"><img loading=\"lazy\" decoding=\"async\" class=\"wp-image-113301 alignleft\" src=\"https:\/\/www.radiopiu.net\/wordpress\/wp-content\/uploads\/2020\/01\/81808261_109747163893998_7472915994625703936_n-300x300.jpg\" alt=\"\" width=\"141\" height=\"141\" srcset=\"https:\/\/www.radiopiu.net\/wordpress\/wp-content\/uploads\/2020\/01\/81808261_109747163893998_7472915994625703936_n-300x300.jpg 300w, https:\/\/www.radiopiu.net\/wordpress\/wp-content\/uploads\/2020\/01\/81808261_109747163893998_7472915994625703936_n-150x150.jpg 150w, https:\/\/www.radiopiu.net\/wordpress\/wp-content\/uploads\/2020\/01\/81808261_109747163893998_7472915994625703936_n.jpg 399w\" sizes=\"auto, (max-width: 141px) 100vw, 141px\" \/><\/a>LA CURIOSITA&#8217;<\/span><\/h2>\n<div data-offset-key=\"5n5nl-0-0\">Per chi ama fotografarle, o per chi s&#8217;accontenta di guardarle da vicino o da lontano, per tutti questi amanti delle stelle e delle Dolomiti ecco la nuova pagina che su facebook sta spopolando, 800 like in pochi giorni. Si tratta di Le Stelle nel cielo di Falcade.\u00a0 &#8220;In molti sono affascinanti da Falcade e dai suoi paesaggi&#8230; ma in pochi sanno cosa brilla sul suo cielo&#8221; lo ha scritto con tanto di foto \u00a0Francesco Cecolin<\/div>\n<div data-offset-key=\"5n5nl-0-0\">\n<p>LA PAGINA<span style=\"color: #0000ff;\"> <a style=\"color: #0000ff;\" href=\"https:\/\/www.facebook.com\/pg\/lestelledifalcade\/about\/?ref=page_internal\">CLICCA QUI<\/a><\/span><\/p>\n<\/div>\n<div dir=\"auto\">\n<div data-offset-key=\"5n5nl-0-0\"><\/div>\n<\/div>\n<div data-offset-key=\"5n5nl-0-0\"><\/div>\n<div data-offset-key=\"5n5nl-0-0\"><\/div>\n<div data-offset-key=\"5n5nl-0-0\"><\/div>\n<div data-offset-key=\"5n5nl-0-0\"><\/div>\n<div data-offset-key=\"5n5nl-0-0\"><\/div>\n<h2 data-offset-key=\"5n5nl-0-0\"><\/h2>\n<h2 data-offset-key=\"5n5nl-0-0\"><\/h2>\n<blockquote><p>&nbsp;<\/p><\/blockquote>\n<h2 data-offset-key=\"5n5nl-0-0\"><span style=\"color: #ff0000;\">L&#8217;OPINIONE<\/span><\/h2>\n<div data-offset-key=\"5n5nl-0-0\"><strong>di Franco Piacentini, Feltre<\/strong><\/div>\n<div data-offset-key=\"5n5nl-0-0\"><\/div>\n<blockquote>\n<div data-offset-key=\"5n5nl-0-0\">In questi giorni di inizio anno nuovo, autorevoli osservatori socioeconomici a consuntivo 2019 analizzano la situazione sugli effetti del Reddito di Cittadinanza (in parte anche sulla Pensione di Cittadinanza). Opportunamente evidenziano che, sostanzialmente, anche il RdC nei fatti si dimostra essere soprattutto un intervento per mitigare le sofferenze della povert\u00e0. Quasi nulla, se non molto poco, \u00e8 stato raggiunto sul versante occupazionale, sull&#8217;effettivo accompagnamento al lavoro delle persone disoccupate. Comunque, dal momento che un buon numero di cittadini italiani beneficiano di sussidio economico, elargito dalle casse dello Stato, dalle entrate fiscali di onesti contribuenti, sarebbe bene (cosa utile per la collettivit\u00e0) che queste persone (uomini e donne) avessero concrete opportunit\u00e0, mutuando la passata esperienza dei &#8220;lavori socialmente utili&#8221;, ad essere impegnate in attivit\u00e0 sociali (almeno quattro giorni la settimana) negli ambiti: del volontariato, della salvaguardia dell&#8217;ambiente, dell&#8217;aiuto di vicinato, della valorizzazione e tutela del patrimonio storico. Indico questo percorso di impegno (non sarebbe male, anzi, estenderlo, con il coinvolgimento di CGIL CISL UIL e delle Associazioni Imprenditoriali, anche a tutti coloro che beneficiano degli ammortizzatori sociali per crisi aziendali) perch\u00e9, dal mio punto di vista, i &#8220;patti per l&#8217;inclusione sociale&#8221; (otto ore settimanali) sono insufficienti. Le persone &#8220;retribuite&#8221; con i soldi della collettivit\u00e0, per il valore di quanto mensilmente percepiscono, non possono esimersi da attivit\u00e0 di pubblica utilit\u00e0 e di solidariet\u00e0, il tutto in progetti di welfare generativo sulla scia di quanto indicato dal compianto Mons Giovanni Nervo e attuando le proposte della Fondazione Emanuela Zancan.<\/div>\n<\/blockquote>\n<div data-offset-key=\"5n5nl-0-0\"><\/div>\n<div data-offset-key=\"5n5nl-0-0\"><\/div>\n<div data-offset-key=\"5n5nl-0-0\"><\/div>\n<div data-offset-key=\"5n5nl-0-0\"><\/div>\n<div data-offset-key=\"5n5nl-0-0\"><\/div>\n<div data-offset-key=\"5n5nl-0-0\"><\/div>\n<div data-offset-key=\"5n5nl-0-0\"><\/div>\n<h3 data-offset-key=\"5n5nl-0-0\">CRISTO DI VALCALDA LA CHIESA MAGGIORMENTE FREQUENTATA di RENATO BONA<\/h3>\n<p><span class=\"_5yl5\"><strong><a class=\"dt-pswp-item\" href=\"https:\/\/www.radiopiu.net\/wordpress\/wp-content\/uploads\/2020\/01\/82905802_454997115409311_7208939685341560832_n.jpg\" data-dt-img-description=\"\" data-large_image_width=\"611\" data-large_image_height=\"960\"><img loading=\"lazy\" decoding=\"async\" class=\" wp-image-113237 alignleft\" src=\"https:\/\/www.radiopiu.net\/wordpress\/wp-content\/uploads\/2020\/01\/82905802_454997115409311_7208939685341560832_n-191x300.jpg\" alt=\"\" width=\"134\" height=\"210\" srcset=\"https:\/\/www.radiopiu.net\/wordpress\/wp-content\/uploads\/2020\/01\/82905802_454997115409311_7208939685341560832_n-191x300.jpg 191w, https:\/\/www.radiopiu.net\/wordpress\/wp-content\/uploads\/2020\/01\/82905802_454997115409311_7208939685341560832_n.jpg 611w\" sizes=\"auto, (max-width: 134px) 100vw, 134px\" \/><\/a>BELLUNO<\/strong> La preziosa fonte di informazioni di carattere storico che \u00e8 stato Giuseppe Fontana (autore, fra l\u2019altro, di \u201cLa Provincia di Belluno-Sussidio per lo studio dell\u2019ambiente nelle scuole elementari\u201d stampato dalla tipografia editrice Panfilo Castaldi di Feltre nel settembre 1960) in appendice della pubblicazione accennata,dedicata a Santuari e conventi, aveva messo al quarto posto, dopo San Martino, san Vittore e santa Corona, e San Lucano, il Crocifisso di Valcalda del quale ci occupiamo. Affermando: \u201cSorge, a breve distanza dal centro di Pieve di Cadore, sulla strada nazionale che scende a Tai, una piccola chiesa ove si venera un Crocifisso. E\u2019 questo il Cristo di Valcalda\u201d. Per aggiungere: \u201cLo storico Ciani ci disse che fosse rinvenuto da alcuni contadini che pi\u00f9 sotto stavano arando un campo. I buoi che erano occupati in questo lavoro, a un tratto si fermarono e pi\u00f9 non vollero proseguire, anzi piegarono le ginocchia a terra in atto di adorazione. I villici, allora, si misero a scavare e rinvennero una cassa con \u2018dentro una pietosa immagine del Cristo in croce, in forma naturale, intagliata in legno\u2019. Per concludere: \u201cMolti sono coloro che si recano in pellegrinaggio in questa chiesa, <a class=\"dt-pswp-item\" href=\"https:\/\/www.radiopiu.net\/wordpress\/wp-content\/uploads\/2020\/01\/82519292_824531191362834_4355419321468452864_n.jpg\" data-dt-img-description=\"\" data-large_image_width=\"281\" data-large_image_height=\"179\"><img loading=\"lazy\" decoding=\"async\" class=\"size-full wp-image-113238 alignright\" src=\"https:\/\/www.radiopiu.net\/wordpress\/wp-content\/uploads\/2020\/01\/82519292_824531191362834_4355419321468452864_n.jpg\" alt=\"\" width=\"281\" height=\"179\" \/><\/a>specialmente in tempo di quaresima. Nei pressi sorge un modesto convento dei Carmelitani Scalzi, chiamati in Cadore dal Card. Piazza che era dello stesso ordine religioso\u201d. Il sito sias.archivio.beniculturali.it si sofferma sulla Confraternita de Crocefisso di Pieve di Cadore (o Confraternita di Santa Maria dei Battuti di Pieve di Cadore) e precisato che \u201csi inserisce nel solco del movimento dei Flagellanti diffusosi in tutto l&#8217;arco alpino durante il medioevo e riun\u00ec nella chiesa di Sant&#8217;Antonio Abate alcuni fedeli devoti al culto della Madonna e dediti a pratiche di preghiera ed espiazione; dalla Confraternita dipendeva un ospedale sito vicino la chiesa di Cristo di Valcalda e soprannominato \u2018Ca&#8217; di Dio\u2019\u201d spiega: \u201cNel 1540 il ritrovamento di un crocefisso ligneo nei campi di Valcalda indusse i confratelli a dedicare un altare al Crocifisso e, nel 1669, a dedicare un Santuario a questo simbolo della fede, mutando contestualmente il nome dell&#8217;associazione di culto in quello di &#8220;Confraternita del Crocifisso&#8221;. Durante il periodo napoleonico il patrimonio dell&#8217;ente venne devoluto al demanio\u201d. Il sito dell\u2019arcidiaconato del Cadore, ricordato che quella del Cristo di Valcalda di Pieve di Cadore \u201c\u00e8 la prima chiesa eretta nel luogo in onore di S. Antonio Abate e doveva essere antichissima; in seguito al ritrovamento di un Cristo in Valcalda nel 1540 venne chiamata chiesa del Cristo. Ampliata nel 1853, \u00e8 il santuario maggiormente frequentato del Cadore; \u00e8 annessa al convento dei padri Carmelitani Scalzi dal 1929\u201d. Passa a descrivere le opere contenute nel santuario. IL CROCIFISSO: immagine molto espressiva, in legno, di grandezza naturale, con capelli veri; di autore ignoto; per lavorazione e caratteristiche artistiche varie \u00e8 databile tra i secoli IX E XII. IL SANTUARIO: venne edificato in tre tempi:1la parte pi\u00f9 antica,di linee ogivali, attualmente presbiterio, risale al &#8216;300. Il soffitto dell&#8217;abside \u00e8 affrescato con figurazioni dei santi (sec.XVI ). 2 la navata a tre campane, di lineamento gotico, \u00e8 stata ristrutturata nel &#8216;600. 3 l&#8217;avancorpo del Santuario-pronao di stile neoclassico con un adattamento di giuntura al gotico preesistente, \u00e8 del &#8216;800. L&#8217;ALTARE MAGGIORE: (riedificato nel sec. XVI, di scuola tolmezzina) in legno intaccato, laccato e dorato. Statua di Sant\u2019Antonio Abate (sec. XVII, autore ignoto). Statua di Santa Teresa d&#8217;Avila, riformatrice dell&#8217;Ordine Carmelitano e prima donna dottore della Chiesa Cattolica. Opera di V. Morder di Ortisei (Val Gardena,1942). ALTARE RIVOLTO AL POPOLO: riproduzione de \u201cLa deposizione dalla croce\u201d di Bartolomeo della Porta (1472-1517 ). ALTARE A DESTRA: tele con l&#8217;immagine di Santa Teresa del Bambino Ges\u00f9 e di Santa Lucia. ALTARE A SINISTRA: tela con l&#8217;immagine della Madonna del Carmine (festa il 16 luglio). PORTA LATERALE: a sinistra Santa Lucia, a destra Sant\u2019Agnese: antichi affreschi del sec. XIII ( purtroppo in pessime condizioni). BALCONATA DELLA CANTORIA: alcuni dei numerosissimi ex-voto per grazie ricevute. FRONTONE ESTERNO: sul pronao neoclassico: affresco rappresentante il miracoloso ritrovamento del Crocefisso nella adiacenza della Valcalda.<\/span><\/p>\n<div data-offset-key=\"5n5nl-0-0\"><\/div>\n<div data-offset-key=\"5n5nl-0-0\"><\/div>\n<div data-offset-key=\"5n5nl-0-0\"><\/div>\n<div data-offset-key=\"5n5nl-0-0\"><\/div>\n<div data-offset-key=\"5n5nl-0-0\"><\/div>\n<div data-offset-key=\"5n5nl-0-0\"><\/div>\n<blockquote>\n<div data-offset-key=\"5n5nl-0-0\"><\/div>\n<\/blockquote>\n<div data-offset-key=\"5n5nl-0-0\">\n<h2 data-offset-key=\"5n5nl-0-0\"><span style=\"color: #ff0000;\"><a class=\"dt-pswp-item\" href=\"https:\/\/www.radiopiu.net\/wordpress\/wp-content\/uploads\/2019\/02\/Logo_Spi-CGIL-800x445.jpg\" data-dt-img-description=\"\" data-large_image_width=\"800\" data-large_image_height=\"445\"><img loading=\"lazy\" decoding=\"async\" class=\"wp-image-75538 alignleft\" src=\"https:\/\/www.radiopiu.net\/wordpress\/wp-content\/uploads\/2019\/02\/Logo_Spi-CGIL-800x445-300x167.jpg\" alt=\"\" width=\"104\" height=\"58\" srcset=\"https:\/\/www.radiopiu.net\/wordpress\/wp-content\/uploads\/2019\/02\/Logo_Spi-CGIL-800x445-300x167.jpg 300w, https:\/\/www.radiopiu.net\/wordpress\/wp-content\/uploads\/2019\/02\/Logo_Spi-CGIL-800x445-768x427.jpg 768w, https:\/\/www.radiopiu.net\/wordpress\/wp-content\/uploads\/2019\/02\/Logo_Spi-CGIL-800x445.jpg 800w\" sizes=\"auto, (max-width: 104px) 100vw, 104px\" \/><\/a>IERI LA RADIO MARIA RITA GENTILIN SPI CGIL BELLUNO<\/span><\/h2>\n<\/div>\n<div data-offset-key=\"5n5nl-0-0\"><\/div>\n<div data-offset-key=\"5n5nl-0-0\">\n<audio class=\"wp-audio-shortcode\" id=\"audio-113228-7\" preload=\"none\" style=\"width: 100%;\" controls=\"controls\"><source type=\"audio\/mpeg\" src=\"https:\/\/www.radiopiu.net\/wordpress\/wp-content\/uploads\/2020\/01\/spi-cgil-16-gennaio.mp3?_=7\" \/><a href=\"https:\/\/www.radiopiu.net\/wordpress\/wp-content\/uploads\/2020\/01\/spi-cgil-16-gennaio.mp3\">https:\/\/www.radiopiu.net\/wordpress\/wp-content\/uploads\/2020\/01\/spi-cgil-16-gennaio.mp3<\/a><\/audio>\n<\/div>\n<div data-offset-key=\"5n5nl-0-0\"><\/div>\n<div data-offset-key=\"5n5nl-0-0\"><\/div>\n<div data-offset-key=\"5n5nl-0-0\"><\/div>\n<div data-offset-key=\"5n5nl-0-0\"><\/div>\n<blockquote>\n<div data-offset-key=\"5n5nl-0-0\"><\/div>\n<\/blockquote>\n<h2 data-offset-key=\"5n5nl-0-0\"><span style=\"color: #ff0000;\">IERI LA RADIO FRANCESCO ZILLIO<\/span><\/h2>\n<h1>RACCOLTA COMPLETA <span style=\"color: #0000ff;\"><a style=\"color: #0000ff;\" href=\"https:\/\/www.radiopiu.net\/wordpress\/ep-center-video-gallery\/\">CLICCA QUI<\/a><\/span><\/h1>\n<p><iframe loading=\"lazy\" title=\"EPCENTER OTTAVA PUNTATA\" width=\"1200\" height=\"675\" src=\"https:\/\/www.youtube.com\/embed\/videoseries?list=UU_sv6_pySrogmrRK354wWOw\" frameborder=\"0\" allow=\"accelerometer; autoplay; encrypted-media; gyroscope; picture-in-picture\" allowfullscreen><\/iframe><\/p>\n<div data-offset-key=\"5n5nl-0-0\"><\/div>\n<div data-offset-key=\"5n5nl-0-0\"><\/div>\n<div data-offset-key=\"5n5nl-0-0\"><\/div>\n<div data-offset-key=\"5n5nl-0-0\"><\/div>\n<div data-offset-key=\"5n5nl-0-0\"><\/div>\n<div data-offset-key=\"5n5nl-0-0\"><\/div>\n<div data-offset-key=\"5n5nl-0-0\"><\/div>\n<div data-offset-key=\"5n5nl-0-0\">\n<div data-offset-key=\"5n5nl-0-0\">\n<p align=\"JUSTIFY\">\n<\/div>\n<div data-offset-key=\"5n5nl-0-0\">\n<p class=\"western\" align=\"JUSTIFY\"><a class=\"dt-pswp-item\" href=\"https:\/\/www.radiopiu.net\/wordpress\/wp-content\/uploads\/2018\/09\/viabilita.jpeg\" data-dt-img-description=\"\" data-large_image_width=\"800\" data-large_image_height=\"100\"><img loading=\"lazy\" decoding=\"async\" class=\"alignnone wp-image-61954 size-full\" src=\"https:\/\/www.radiopiu.net\/wordpress\/wp-content\/uploads\/2018\/09\/viabilita.jpeg\" alt=\"\" width=\"800\" height=\"100\" srcset=\"https:\/\/www.radiopiu.net\/wordpress\/wp-content\/uploads\/2018\/09\/viabilita.jpeg 800w, https:\/\/www.radiopiu.net\/wordpress\/wp-content\/uploads\/2018\/09\/viabilita-300x38.jpeg 300w, https:\/\/www.radiopiu.net\/wordpress\/wp-content\/uploads\/2018\/09\/viabilita-768x96.jpeg 768w\" sizes=\"auto, (max-width: 800px) 100vw, 800px\" \/><\/a><\/p>\n<\/div>\n<div data-offset-key=\"5n5nl-0-0\">\n<div data-offset-key=\"5n5nl-0-0\">\n<div data-offset-key=\"5n5nl-0-0\">\n<p>&nbsp;<\/p>\n<p><strong>PROVINCIALE 563 DI SALESEI, LIVINALLONGO DEL COL DI LANA <\/strong>FINO \u00a0AL 24 (ESCLUSI SABATO E DOMENICA) dalle 9 alle 17 interdizione totale al traffico, nei rimanenti periodi senso unico alternato per taglio alberi in localit\u00e0 Pian di Salesei e Salesei<\/p>\n<p><strong>SP 40 VAL SENAIGA, DIREZIONE ARINA<\/strong> DAL 20 GENNAIO PER UN MESE ESCLUSI FESTIVI E PREFESTIVI INTERRUZIONI AL TRAFFICO VEICOLARE DURATA MASSIMA 30 MINUTI DALLE 8 ALLE 12 E DALLE 13 ALLE 17 PER LAVORI MESSA IN SICUREZZA (COMUNE DI LAMON) NEGLI ALTRI ORARI SENSO UNICO ALTERNATO CON SEMAFORO<\/p>\n<div class=\"im_history_message_wrap im_grouped\">\n<div class=\"im_message_outer_wrap hasselect\" data-msg-id=\"-5\">\n<div class=\"im_message_wrap clearfix\">\n<div class=\"im_content_message_wrap im_message_out\">\n<div class=\"im_message_body\">\n<div>\n<div class=\"im_message_text\" dir=\"auto\"><strong>SP251 VAL DI ZOLDO E CELLINA, MEZZOCANALE <\/strong>DALLE 8 ALLE 17 ESCLUSI FESTIVI E PREFESTIVI SENSO UNICO ALTERNATO E POSSIBILITA&#8217; DI ITERRUZIONI DELLA DURATA MASSIMA DI 15 MINUTI PER MESSA IN SICUREZZA DEL VERSANTE<\/div>\n<\/div>\n<\/div>\n<\/div>\n<\/div>\n<\/div>\n<\/div>\n<div class=\"im_history_message_wrap im_grouped\">\n<div class=\"im_message_outer_wrap hasselect\" data-msg-id=\"-6\">\n<div class=\"im_message_wrap clearfix\">\n<div class=\"im_content_message_wrap im_message_out\">\n<div class=\"im_message_meta pull-right text-right noselect\"><\/div>\n<\/div>\n<\/div>\n<\/div>\n<\/div>\n<p><strong>346 SAN PELLEGRINO A CANALE D&#8217;AGORDO <\/strong>La Mora dal 13 gennaio al 29 febbraio senso unico con semaforo anche sabato e domenica<\/p>\n<p><strong>203 AGORDINA, LOCALITA&#8217; LA MUDA<\/strong> DAL 13 GENNAIO AL 31 MARZO ESCLUSI FESTIVI E PREFESTIVI DALLE 7.30 ALLE 8.30 E DALLE 16.30 ALLE 17.30 SENSO UNICO ALTE<a class=\"dt-pswp-item\" href=\"https:\/\/www.radiopiu.net\/wordpress\/wp-content\/uploads\/2020\/01\/8550d617-ce67-49f8-a961-a4f5f6c0c2bb.jpg\" data-dt-img-description=\"\" data-large_image_width=\"788\" data-large_image_height=\"1599\"><img loading=\"lazy\" decoding=\"async\" class=\"size-medium wp-image-112658 alignleft\" src=\"https:\/\/www.radiopiu.net\/wordpress\/wp-content\/uploads\/2020\/01\/8550d617-ce67-49f8-a961-a4f5f6c0c2bb-148x300.jpg\" alt=\"\" width=\"148\" height=\"300\" srcset=\"https:\/\/www.radiopiu.net\/wordpress\/wp-content\/uploads\/2020\/01\/8550d617-ce67-49f8-a961-a4f5f6c0c2bb-148x300.jpg 148w, https:\/\/www.radiopiu.net\/wordpress\/wp-content\/uploads\/2020\/01\/8550d617-ce67-49f8-a961-a4f5f6c0c2bb-505x1024.jpg 505w, https:\/\/www.radiopiu.net\/wordpress\/wp-content\/uploads\/2020\/01\/8550d617-ce67-49f8-a961-a4f5f6c0c2bb-768x1558.jpg 768w, https:\/\/www.radiopiu.net\/wordpress\/wp-content\/uploads\/2020\/01\/8550d617-ce67-49f8-a961-a4f5f6c0c2bb-757x1536.jpg 757w, https:\/\/www.radiopiu.net\/wordpress\/wp-content\/uploads\/2020\/01\/8550d617-ce67-49f8-a961-a4f5f6c0c2bb.jpg 788w\" sizes=\"auto, (max-width: 148px) 100vw, 148px\" \/><\/a>RNATO CON MOVIERI O SEMAFORI<\/p>\n<p><strong>PROVINCIALE 20 VAL FIORENTINA\u00a0<\/strong> LOCALITA&#8217; SOLATOR\u00a0 DAL 13 GENNAIO AL 29 MAGGIO (COMPRESI FESTIVI E PREFESTIVI) SENSO UNICO ALTERNATO REGOLATO DA SEMAFORO O MOVIERI PER ADEGUAMENTO CARREGGIATA<\/p>\n<p><strong>PROVINCIALE 563 DI SALESEI, LIVINALLONGO DEL COL DI LANA<\/strong> DAL 13 GENNAIO AL 24 (ESCLUSI SABATO E DOMENICA) dalle 9 alle 17 interdizione totale al traffico, nei rimanenti periodi senso unico alternato per taglio alberi in localit\u00e0 Pian di Salesei e Salesei<\/p>\n<p><strong>641 PASSO FEDAIA ROCCA PIETORE<\/strong> da martedi 7 gennaio al 6 marzo senso unico alternato regolato da semaforo per tratti di 30 metri. esclusi sabato e domenica<br \/>\n<strong>203 AGORDINA TAIBON AGORDINO<\/strong> dal 7 al 30 gennaio dalle 7 alle 19 senso unico alternato regolato da semaforo. esclusi festivi e prefestivi<\/p>\n<p><strong>48 DELLO DOLOMITI RIO GERE<\/strong>\u00a0 dalle 8 alle 17 fino al 10 aprile senso unico con semaforo, tratti di 200 metri per lavori posa elettrodotto<\/p>\n<div class=\"im_history_message_wrap\">\n<div class=\"im_message_outer_wrap hasselect\" data-msg-id=\"1361\">\n<div class=\"im_message_wrap clearfix\">\n<div class=\"im_content_message_wrap im_message_out\">\n<div class=\"im_message_body\">\n<div dir=\"auto\"><strong>02 PROVINCIALE VALLE DEL MIS\u00a0<\/strong> localit\u00e0 Pascoli-Val Falcina dalle 7 alle 19 fino al 28 febbraio senso unico alternato con semaforo per istallazione impianti illuminazione<\/div>\n<\/div>\n<\/div>\n<\/div>\n<\/div>\n<\/div>\n<p>&nbsp;<\/p>\n<\/div>\n<\/div>\n<\/div>\n<\/div>\n<p>&nbsp;<\/p>\n<p>&nbsp;<\/p>\n<p>&nbsp;<\/p>\n<p>&nbsp;<\/p>\n<p>&nbsp;<\/p>\n<p>&nbsp;<\/p>\n<p>&nbsp;<\/p>\n<p>&nbsp;<\/p>\n<div data-offset-key=\"5n5nl-0-0\">\n<div data-offset-key=\"5n5nl-0-0\">\n<div data-offset-key=\"5n5nl-0-0\">\n<p>&nbsp;<\/p>\n<div data-offset-key=\"5n5nl-0-0\">\n<div data-offset-key=\"5n5nl-0-0\">\n<div data-offset-key=\"5n5nl-0-0\">\n<h3><a class=\"dt-pswp-item\" href=\"http:\/\/www.radiopiu.net\/wordpress\/wp-content\/uploads\/2018\/09\/appuntamenti.jpeg\" data-dt-img-description=\"\" data-large_image_width=\"800\" data-large_image_height=\"100\"><img loading=\"lazy\" decoding=\"async\" class=\"aligncenter wp-image-61958 size-full\" src=\"http:\/\/www.radiopiu.net\/wordpress\/wp-content\/uploads\/2018\/09\/appuntamenti.jpeg\" alt=\"\" width=\"800\" height=\"100\" srcset=\"https:\/\/www.radiopiu.net\/wordpress\/wp-content\/uploads\/2018\/09\/appuntamenti.jpeg 800w, https:\/\/www.radiopiu.net\/wordpress\/wp-content\/uploads\/2018\/09\/appuntamenti-300x38.jpeg 300w, https:\/\/www.radiopiu.net\/wordpress\/wp-content\/uploads\/2018\/09\/appuntamenti-768x96.jpeg 768w\" sizes=\"auto, (max-width: 800px) 100vw, 800px\" \/><\/a><\/h3>\n<\/div>\n<\/div>\n<\/div>\n<p>&nbsp;<\/p>\n<div data-offset-key=\"5n5nl-0-0\">\n<p>&nbsp;<\/p>\n<div data-offset-key=\"5n5nl-0-0\">\n<div data-offset-key=\"5n5nl-0-0\">\n<h3><a class=\"dt-pswp-item\" href=\"https:\/\/www.radiopiu.net\/wordpress\/wp-content\/uploads\/2020\/01\/e32a9d42-8dfe-4b23-b64b-2dd5eb1766b5.jpg\" data-dt-img-description=\"\" data-large_image_width=\"1600\" data-large_image_height=\"782\"><img loading=\"lazy\" decoding=\"async\" class=\"wp-image-112229 alignleft\" src=\"https:\/\/www.radiopiu.net\/wordpress\/wp-content\/uploads\/2020\/01\/e32a9d42-8dfe-4b23-b64b-2dd5eb1766b5-300x147.jpg\" alt=\"\" width=\"186\" height=\"91\" srcset=\"https:\/\/www.radiopiu.net\/wordpress\/wp-content\/uploads\/2020\/01\/e32a9d42-8dfe-4b23-b64b-2dd5eb1766b5-300x147.jpg 300w, https:\/\/www.radiopiu.net\/wordpress\/wp-content\/uploads\/2020\/01\/e32a9d42-8dfe-4b23-b64b-2dd5eb1766b5-1024x500.jpg 1024w, https:\/\/www.radiopiu.net\/wordpress\/wp-content\/uploads\/2020\/01\/e32a9d42-8dfe-4b23-b64b-2dd5eb1766b5-768x375.jpg 768w, https:\/\/www.radiopiu.net\/wordpress\/wp-content\/uploads\/2020\/01\/e32a9d42-8dfe-4b23-b64b-2dd5eb1766b5-1536x751.jpg 1536w, https:\/\/www.radiopiu.net\/wordpress\/wp-content\/uploads\/2020\/01\/e32a9d42-8dfe-4b23-b64b-2dd5eb1766b5.jpg 1600w\" sizes=\"auto, (max-width: 186px) 100vw, 186px\" \/><\/a><\/h3>\n<p>La Val che Urla sar\u00e0 in programmazione al cinema Dolomiti di Falcade il 17 (21) 18 (21) e 19 gennaio (21 E 15 ) Al Cinema Italia di Belluno il\u00a0 20, 21 22\u00a0 GENNAIO, l&#8217;8 febbraio a CORTINA<\/p>\n<\/div>\n<\/div>\n<\/div>\n<\/div>\n<\/div>\n<p>&nbsp;<\/p>\n<p><strong>BELLUNO <\/strong>Oggi\u00a0 alle 18.30 Davide Rondoni, poeta, editorialista e saggista, sar\u00e0 presente nell&#8217;aula magna del Liceo Lollino Classico e Scientifico, in concomitanza con la notte nazionale dei licei classici.<\/p>\n<div data-offset-key=\"5n5nl-0-0\">\n<div data-offset-key=\"5n5nl-0-0\">\n<div data-offset-key=\"5n5nl-0-0\">\n<div data-offset-key=\"5n5nl-0-0\">\n<div data-offset-key=\"5n5nl-0-0\">\n<div data-offset-key=\"5n5nl-0-0\">\n<p><strong>FALCADE<\/strong> Oggi alle 10.00 nella Chiesa di Sappade,\u00a0 Santa Messa in occasione di San Antonio. Come sempre alla Piccola Baita a partire dalle 12 in occasione del Santo Patrono verranno proposti i piatti della tradizione<\/p>\n<p><strong>BORGOVALBELLUNA<\/strong> Oggi dalle ore 18:30 alle 20:00 a Mel, Sala delle Contesse, avr\u00e0 luogo il terzo incontro del ciclo di appuntamenti \u201cPer fortuna siamo tutti genitori imperfetti\u201d dedicati a chi \u00e8 stato figlio e\/o ha dei figli. Il titolo della serata \u00e8: &#8220;Giochi, cellulari e tablet: relazioni virtuali per cervelli in disarmo&#8221;. Le tecnologie non vanno criminalizzate, ma l\u2019esperienza digitale dei figli deve passare da una partecipazione educativa dei genitori. Ne parler\u00e0 il ricercatore Marco Cosimo Scarcelli<\/p>\n<p><strong>SOSPIROLO <\/strong>Oggi alle 20.45 al centro civico di Sospirolo &#8220;La Divina Commedia in Val Beluna&#8221;, versione in dialetto bellunese in terzine di endecasillabi a rime incatenate secondo l&#8217;usco dantesco, di Paolo Paoli.<\/p>\n<p><strong>LIVINALLONGO<\/strong> Oggi alle 20 17esima edizione della Lors da Reba, gara di sci alpinismo 2^ gara trofeo Raida Ladina. Partenza in linea alle 20 dalla Funivia Porta Vescovo e arrivo al rifugio Fodom a Passo Pordoi dove si svolger\u00e0 la cena e la cerimonia di premiazione<\/p>\n<p><strong>LA VALLE<\/strong>\u00a0 l&#8217;amministrazione comunale lavallese ha messo in calendario per domani alle 20.30 un importante incontro. Una serata sul tema dell&#8217;inquinamento da campi elettromagnetici perch\u00e9 la conoscenza dei rischi per la salute \u00e8 un diritto di tutti. Elettrosmog e 5G il titolo della serata con sottotitolo sibillino &#8220;la minaccia invisibile&#8221;. Ne parler\u00e0 il dottor Achille Sacchi, in sala Valmassoni (ex latteria).<\/p>\n<\/div>\n<\/div>\n<p><strong>ALLEGHE <\/strong>Domani dalle 14.30 alle 17.30 e domenica 19 dalle 9 alle 12 e dalle 14 alle 17 alle scuole elementari di Alleghe i medici oculisti e ortottisti dell&#8217;ospedale di Castelfranco Veneto e Montebelluna danno la possibilit\u00e0 a tutti i bambini fino a 13 anni di eseguire uno screening per la prevenzione dello strabismo ed ambliopia, occasione unica e gratuita per ottenere una valutazione preliminare.<\/p>\n<p><strong>AGORDO<\/strong> Danilo Coppe, perito minerario del Follador torna ad Agordo per relazionare sull&#8217;abbattimento controllato del Ponte Morandi di Genova, spiegher\u00e0 le 10 difficolt\u00e0 per l&#8217;esplosivista.\u00a0 Domani alle 10 in sala Don Tamis con ingresso libero. Un evento organizzato dall&#8217;Istituto Umberto Follador di Agordo, dipartimento geotecnico-minerario.<\/p>\n<p><strong>ALLEGHE<\/strong> Domenica escursione con le ciaspe da Zopp\u00e8 di Cadore al Rifugio Venezia con Il Cai sezione di Caprile, accompagnatrice Gabriella Bellenzier. Ritrovo sede Cai alle 7.30, partecipazione gratuita ai soci Cai, 10 euro non soci. Iscrizioni entro giovedi 16 al 328 5384339<\/p>\n<div data-offset-key=\"5n5nl-0-0\">\n<div data-offset-key=\"5n5nl-0-0\">\n<p><strong>CENCENIGHE<\/strong> &#8220;Prendersi cura quando non si pu\u00f2 guarire&#8221; \u00e8 il titolo dell&#8217;iniziativa di Pettirosso Agordino, il quinto corso per volontari che inizier\u00e0 giovedi 30 gennaio con la serata di presentazione del corso presso la sala culturale al Nof Filo&#8217; di Cencenighe.<\/p>\n<\/div>\n<\/div>\n<\/div>\n<p>&nbsp;<\/p>\n<\/div>\n<div data-offset-key=\"5n5nl-0-0\">\n<p>&nbsp;<\/p>\n<div data-offset-key=\"5n5nl-0-0\">\n<h2><a class=\"dt-pswp-item\" href=\"http:\/\/www.radiopiu.net\/wordpress\/wp-content\/uploads\/2018\/09\/sport.jpg\" data-dt-img-description=\"\" data-large_image_width=\"800\" data-large_image_height=\"100\"><img loading=\"lazy\" decoding=\"async\" class=\"wp-image-60761 size-full aligncenter\" src=\"http:\/\/www.radiopiu.net\/wordpress\/wp-content\/uploads\/2018\/09\/sport.jpg\" alt=\"\" width=\"800\" height=\"100\" srcset=\"https:\/\/www.radiopiu.net\/wordpress\/wp-content\/uploads\/2018\/09\/sport.jpg 800w, https:\/\/www.radiopiu.net\/wordpress\/wp-content\/uploads\/2018\/09\/sport-300x38.jpg 300w, https:\/\/www.radiopiu.net\/wordpress\/wp-content\/uploads\/2018\/09\/sport-768x96.jpg 768w\" sizes=\"auto, (max-width: 800px) 100vw, 800px\" \/><\/a><\/h2>\n<\/div>\n<\/div>\n<h3 class=\"p1\"><span class=\"s1\">DI NUOVO IN CAMPO PER IL TORNEO AGORDINO DI HOCKEY<\/span><\/h3>\n<p class=\"p1\"><span class=\"s1\"><a class=\"dt-pswp-item\" href=\"https:\/\/www.radiopiu.net\/wordpress\/wp-content\/uploads\/2019\/12\/TORNEO-AGORDINO-HOCKEY-2020-OK.jpg\" data-dt-img-description=\"\" data-large_image_width=\"1125\" data-large_image_height=\"596\"><img loading=\"lazy\" decoding=\"async\" class=\"size-medium wp-image-110984 alignright\" src=\"https:\/\/www.radiopiu.net\/wordpress\/wp-content\/uploads\/2019\/12\/TORNEO-AGORDINO-HOCKEY-2020-OK-300x159.jpg\" alt=\"\" width=\"300\" height=\"159\" srcset=\"https:\/\/www.radiopiu.net\/wordpress\/wp-content\/uploads\/2019\/12\/TORNEO-AGORDINO-HOCKEY-2020-OK-300x159.jpg 300w, https:\/\/www.radiopiu.net\/wordpress\/wp-content\/uploads\/2019\/12\/TORNEO-AGORDINO-HOCKEY-2020-OK-1024x542.jpg 1024w, https:\/\/www.radiopiu.net\/wordpress\/wp-content\/uploads\/2019\/12\/TORNEO-AGORDINO-HOCKEY-2020-OK-768x407.jpg 768w, https:\/\/www.radiopiu.net\/wordpress\/wp-content\/uploads\/2019\/12\/TORNEO-AGORDINO-HOCKEY-2020-OK.jpg 1125w\" sizes=\"auto, (max-width: 300px) 100vw, 300px\" \/><\/a>CANALE &#8211; LA VALLE 4-0 (rig 1-2)<\/span><\/p>\n<p class=\"p1\"><span class=\"s1\">PARZIALI: 1-0, 3-0, 0-0<\/span><\/p>\n<p class=\"p1\"><span class=\"s1\">GOL: pt. Emil Tancon. st. Michele Rossi, Emil Tancon, Igor Busin<\/span><\/p>\n<p class=\"p1\"><span class=\"s1\">Dopo i chiarimenti di inizio settimana sulla partita inaugurale, il Torneo Agordino di hockey continua la sua marcia verso la fase finale. Con il ritiro dei Red Muss Feltre il calendario e la formula della Thierry Cup sono stati mutati. Infatti si sono gi\u00e0 stabilite le date per i recuperi delle prime partite rinviate a causa dei ghiacci naturali non pronti e si \u00e8 optato per prolungare le semifinali che verranno giocate con andata e ritorno anzich\u00e9 partita secca. Canale e La valle si sono affrontate sul campo di Falcade e i canalini si sono imposti sulla squadra allenata da Ramazzina con il punteggio di 4 a 0. La compagine della Valle del Biois ha chiuso la sfida nel secondo tempo calando il poker. Ad aprire le marcature \u00e8 stato Emil Tancon nel primo drittel. Secondo tempo con il Canale che trova 3 gol in rapida successione nel primo minuto di gioco. A segno Michele Rossi, Emil Tancon e Igor Busin. Lavallesi che non riescono a rispondere ma nella sfida finale dei rigori riescono a conquistare il punto aggiuntivo battendo gli avversari per 2 a 1. <\/span><\/p>\n<\/div>\n<\/div>\n<\/div>\n<p>&nbsp;<\/p>\n<p>&nbsp;<\/p>\n<p>&nbsp;<\/p>\n<div data-offset-key=\"5n5nl-0-0\">\n<h3><a class=\"dt-pswp-item\" href=\"http:\/\/www.radiopiu.net\/wordpress\/wp-content\/uploads\/2018\/09\/WhatsApp-Image-2018-09-20-at-16.04.06.jpeg\" data-dt-img-description=\"\" data-large_image_width=\"800\" data-large_image_height=\"100\"><img loading=\"lazy\" decoding=\"async\" class=\"wp-image-61378 size-full aligncenter\" src=\"http:\/\/www.radiopiu.net\/wordpress\/wp-content\/uploads\/2018\/09\/WhatsApp-Image-2018-09-20-at-16.04.06.jpeg\" alt=\"\" width=\"800\" height=\"100\" srcset=\"https:\/\/www.radiopiu.net\/wordpress\/wp-content\/uploads\/2018\/09\/WhatsApp-Image-2018-09-20-at-16.04.06.jpeg 800w, https:\/\/www.radiopiu.net\/wordpress\/wp-content\/uploads\/2018\/09\/WhatsApp-Image-2018-09-20-at-16.04.06-300x38.jpeg 300w, https:\/\/www.radiopiu.net\/wordpress\/wp-content\/uploads\/2018\/09\/WhatsApp-Image-2018-09-20-at-16.04.06-768x96.jpeg 768w\" sizes=\"auto, (max-width: 800px) 100vw, 800px\" \/><\/a><\/h3>\n<\/div>\n<div dir=\"auto\"><\/div>\n<div dir=\"auto\"><center><b>Venerdi 17<\/b><\/center><b>Tempo atteso:\u00a0<\/b>In prevalenza soleggiato, con temporanee velature al primo mattino e nubi medie stratiformi nel tardo pomeriggio\/sera. Clima diurno un po&#8217; pi\u00f9 fresco rispetto ai giorni precedenti. Minore inversione termica notturna nelle valli.<br \/>\n<b>Precipitazioni:\u00a0<\/b>Assenti (0%), eccetto pioviggine sulle Prealpi occidentali in tarda serata (10\/20%), assieme a qualche fiocco di neve oltre gli 800\/1000 m.<br \/>\n<b>Temperature:\u00a0<\/b>In quota in generale diminuzione, con minime osservate alla sera. Nelle valli minime pressoch\u00e9 stazionarie e massime in leggera flessione. I minimi previsti saranno compresi tra -4\/-6\u00b0C nei fondovalle prealpini e -3\/-8\u00b0C tra valli dolomitiche e altopiani prealpini. I massimi saranno sui 4\/5\u00b0C nei fondovalle prealpini, 2\/4\u00b0C a 1000\/1200 m, localmente pi\u00f9 alti sulla fascia prealpina. Sulle Prealpi a 1500 m minima -1\u00b0C e massima 2\u00b0C, a 2000 m minima -3\u00b0C e massima 0\u00b0C; sulle Dolomiti a 2000 m minima -4\u00b0C e massima -1\u00b0C, a 3000 m minima -7\u00b0C e massima -3\u00b0C.<br \/>\n<b>Venti:\u00a0<\/b>nelle valli deboli di direzione variabile, eccetto qualche rinforzo per brezze di monte su alcuni settori prealpini a ridosso della pedemontana; in quota venti deboli\/moderati dai quadranti meridionali, a 5-15 km\/h a 2000 m e 20-35 km\/h a 3000 m.<\/p>\n<hr \/>\n<p><center><b>Sabato 18<\/b><\/center><b>Tempo atteso:\u00a0<\/b>Moderato maltempo con cielo molto nuvoloso\/coperto e precipitazioni, pi\u00f9 diffuse sulle Prealpi e Dolomiti meridionali, sparse sui settori pi\u00f9 settentrionali. Clima di stampo invernale in quota, meno freddo di notte ed assai pi\u00f9 fresco di giorno nelle valli.<br \/>\n<b>Precipitazioni:\u00a0<\/b>Probabilit\u00e0 alta su Prealpi e Dolomiti centro-merdionali (80\/90%) e medio-alta sulle Dolomiti nord-orientali (70\/80%). La neve cadr\u00e0 fino nei fondovalle dolomitici e potrebbe interessare anche quelli prealpini nella fase iniziale, qualora resistesse l&#8217;inversione termica; sulla fascia prealpina a ridosso della pedemontana e su alcuni settori aperti a sud sembra che il limite non scenda sotto i 600\/700 m al mattino e 800\/900 m nelle ore centrali, prima di abbassarsi a fine episodio. Sono previsti 10-15 mm sulle Prealpi, 5-10 mm sulle Dolomiti con altrettanti cm di neve a 1200\/1400 m. Un po&#8217; di pi\u00f9 in alta quota per neve leggera e soffice, mentre nei fondovalle prealpini i quantitativi saranno di 2-5 cm, presumibilmente un po&#8217; di pi\u00f9 su settore Feltre-Lamon.<br \/>\n<b>Temperature:\u00a0<\/b>Minime in calo ed osservate alla sera in quota, in rialzo nelle valli. Massime in generale diminuzione. Sono previsti massimi di 2\/3\u00b0C nei fondovalle prealpini e di 0\/1\u00b0C a 1000\/1200 m. Sulle Prealpi a 1500 m minima -3\u00b0C e massima -1\u00b0C, a 2000 m minima -6\u00b0C e massima -3\u00b0C; sulle Dolomiti a 2000 m minima -7\u00b0C e massima -4\u00b0C, a 3000 m minima -13\u00b0C e massima -9\u00b0C.<br \/>\n<b>Venti:\u00a0<\/b>Nelle valli deboli da est nord-est; in quota deboli da dai quadranti orientali, anche tesi sulle dorsali prealpine al pomeriggio\/sera, mentre potrebbe verificarsi qualche raffica di Foehn serale in alcune valli, a 10-30 km\/h a 2000 m e 20-30 km\/h a 3000 m.<\/p>\n<hr \/>\n<p><center><b>Domenica 19<\/b><\/center>Ad eccezione di residui annuvolamenti per nubi medie e nubi basse al primo mattino, il tempo sar\u00e0 in netto miglioramento e perlopi\u00f9 ben soleggiato. Aria nitida ed ottima visibilit\u00e0 in giornata. Ulteriore calo delle temperature con forti gelate notturne, specie nei settori innevati. Con il ritorno del sole i valori diurni saranno in ripresa nei fondovalle. In quota venti moderati da nord-est, in graduale attenuazione al pomeriggio. Non escluso qualche episodio di Foehn in alcune valli.<\/p>\n<hr \/>\n<p><center><b>Lunedi 20<\/b><\/center>In prevalenza soleggiato, con temporanee velature, specie al mattino. Clima di stampo invernale con forti gelate notturne e gelo persistente oltre i 1000\/1200 m, anche a quote pi\u00f9 basse nei settori in ombra. Venti deboli\/moderati da est nord-est in quota, deboli di direzione variabile nelle valli. Previsore: R.L.Th.<\/p>\n<\/div>\n","protected":false},"excerpt":{"rendered":"<p>Per ricevere gli aggiornamenti in tempo reale delle notizie pubblicate alla radio e sul sito di radio pi\u00f9 iscriviti al gruppo RADIO PIU INFORMAZIONE su Telegram.\u00a0 clicca qui A LA VALLE AGORDINA nelle LOCALITA&#8217; RONCHE, RONCHET, NOACH, LE CAMPE E CANCELLADE, l&#8217;acqua erogata dall&#8217;acquedotto \u00e8 di nuovo potabile e pu\u00f2 essere usata, quindi, per scopi&hellip;<\/p>\n","protected":false},"author":1,"featured_media":113316,"comment_status":"closed","ping_status":"closed","sticky":false,"template":"","format":"standard","meta":{"_monsterinsights_skip_tracking":false,"_monsterinsights_sitenote_active":false,"_monsterinsights_sitenote_note":"","_monsterinsights_sitenote_category":0,"footnotes":""},"categories":[1,51,86],"tags":[],"class_list":["post-113228","post","type-post","status-publish","format-standard","has-post-thumbnail","hentry","category-senza-categoria","category-evidenza-top","category-gr","category-1","category-51","category-86","description-off"],"img_url":"https:\/\/www.radiopiu.net\/wordpress\/wp-content\/uploads\/2020\/01\/WhatsApp-Image-2020-01-16-at-18.12.07.jpeg","_links":{"self":[{"href":"https:\/\/www.radiopiu.net\/wordpress\/wp-json\/wp\/v2\/posts\/113228","targetHints":{"allow":["GET"]}}],"collection":[{"href":"https:\/\/www.radiopiu.net\/wordpress\/wp-json\/wp\/v2\/posts"}],"about":[{"href":"https:\/\/www.radiopiu.net\/wordpress\/wp-json\/wp\/v2\/types\/post"}],"author":[{"embeddable":true,"href":"https:\/\/www.radiopiu.net\/wordpress\/wp-json\/wp\/v2\/users\/1"}],"replies":[{"embeddable":true,"href":"https:\/\/www.radiopiu.net\/wordpress\/wp-json\/wp\/v2\/comments?post=113228"}],"version-history":[{"count":0,"href":"https:\/\/www.radiopiu.net\/wordpress\/wp-json\/wp\/v2\/posts\/113228\/revisions"}],"wp:featuredmedia":[{"embeddable":true,"href":"https:\/\/www.radiopiu.net\/wordpress\/wp-json\/wp\/v2\/media\/113316"}],"wp:attachment":[{"href":"https:\/\/www.radiopiu.net\/wordpress\/wp-json\/wp\/v2\/media?parent=113228"}],"wp:term":[{"taxonomy":"category","embeddable":true,"href":"https:\/\/www.radiopiu.net\/wordpress\/wp-json\/wp\/v2\/categories?post=113228"},{"taxonomy":"post_tag","embeddable":true,"href":"https:\/\/www.radiopiu.net\/wordpress\/wp-json\/wp\/v2\/tags?post=113228"}],"curies":[{"name":"wp","href":"https:\/\/api.w.org\/{rel}","templated":true}]}}