{"id":113262,"date":"2020-01-16T16:21:04","date_gmt":"2020-01-16T15:21:04","guid":{"rendered":"https:\/\/www.radiopiu.net\/wordpress\/?p=113262"},"modified":"2020-01-16T16:21:04","modified_gmt":"2020-01-16T15:21:04","slug":"il-tavolo-di-coordinamento-per-gli-eventi-in-valbelluna","status":"publish","type":"post","link":"https:\/\/www.radiopiu.net\/wordpress\/il-tavolo-di-coordinamento-per-gli-eventi-in-valbelluna\/","title":{"rendered":"IL TAVOLO DI COORDINAMENTO PER GLI EVENTI IN VALBELLUNA"},"content":{"rendered":"<h3><\/h3>\n<p><strong><a class=\"dt-pswp-item\" href=\"https:\/\/www.radiopiu.net\/wordpress\/wp-content\/uploads\/2020\/01\/Tavolo-coordinamento-eventi-Valbelluna-3.jpg\" data-dt-img-description=\"\" data-large_image_width=\"1922\" data-large_image_height=\"1281\"><img loading=\"lazy\" decoding=\"async\" class=\" wp-image-113261 alignleft\" src=\"https:\/\/www.radiopiu.net\/wordpress\/wp-content\/uploads\/2020\/01\/Tavolo-coordinamento-eventi-Valbelluna-3-300x200.jpg\" alt=\"\" width=\"242\" height=\"161\" srcset=\"https:\/\/www.radiopiu.net\/wordpress\/wp-content\/uploads\/2020\/01\/Tavolo-coordinamento-eventi-Valbelluna-3-300x200.jpg 300w, https:\/\/www.radiopiu.net\/wordpress\/wp-content\/uploads\/2020\/01\/Tavolo-coordinamento-eventi-Valbelluna-3-1024x682.jpg 1024w, https:\/\/www.radiopiu.net\/wordpress\/wp-content\/uploads\/2020\/01\/Tavolo-coordinamento-eventi-Valbelluna-3-768x512.jpg 768w, https:\/\/www.radiopiu.net\/wordpress\/wp-content\/uploads\/2020\/01\/Tavolo-coordinamento-eventi-Valbelluna-3-1536x1024.jpg 1536w, https:\/\/www.radiopiu.net\/wordpress\/wp-content\/uploads\/2020\/01\/Tavolo-coordinamento-eventi-Valbelluna-3.jpg 1922w\" sizes=\"auto, (max-width: 242px) 100vw, 242px\" \/><\/a>BELLUNO<\/strong> Su invito dell&#8217;assessore allo sport del Comune di Belluno, Marco Bogo, si sono riuniti a Palazzo Rosso i rappresentanti dei comuni di Feltre, Borgo Valbelluna, Limana e Sedico proprio per confrontarsi sul calendario degli eventi della vallata. Un confronto per cercare di evitare sovrapposizioni di eventi sportivi e culturali di richiamo tra le varie realt\u00e0, cos\u00ec da evitare la dispersione di pubblico e partecipanti. Chiaramente, ogni comune avr\u00e0 l&#8217;autonomia di organizzare il proprio programma di manifestazioni, ma confrontandosi prima cala il rischio di incomprensioni e situazioni logistiche complesse. La proposta quindi ricalca su scala pi\u00f9 ampia quanto messo in atto da alcuni anni nel capoluogo, ossia il calendario condiviso degli eventi, che consente a tutti gli enti, associazioni e realt\u00e0 impegnate nell&#8217;organizzazione di eventi di conoscere l&#8217;offerta sul territorio comunale e di poter cos\u00ec realizzare la propria manifestazione senza rischi di sovrapposizioni. Il tavolo permetter\u00e0 anche di lavorare sulla promozione. L&#8217;incontro ha gi\u00e0 portato alla luce alcune problematiche serviranno altri incontri\u00a0 per risolvere o quantomeno intervenire sulle sovrapposizioni rilevate.<\/p>\n<h3>L&#8217;ASSESSORE ALLO SPORT MARCO BOGO<\/h3>\n<p><iframe loading=\"lazy\" title=\"Marco Bogo   Assessore sport   Tavolo coordinamento eventi Valbelluna\" width=\"1200\" height=\"675\" src=\"https:\/\/www.youtube.com\/embed\/___wL_bfRzg?feature=oembed\" frameborder=\"0\" allow=\"accelerometer; autoplay; encrypted-media; gyroscope; picture-in-picture\" allowfullscreen><\/iframe><\/p>\n<p>&nbsp;<\/p>\n<p>&nbsp;<\/p>\n<p>&nbsp;<\/p>\n<p>&nbsp;<\/p>\n<h3><\/h3>\n","protected":false},"excerpt":{"rendered":"<p>BELLUNO Su invito dell&#8217;assessore allo sport del Comune di Belluno, Marco Bogo, si sono riuniti a Palazzo Rosso i rappresentanti dei comuni di Feltre, Borgo Valbelluna, Limana e Sedico proprio per confrontarsi sul calendario degli eventi della vallata. Un confronto per cercare di evitare sovrapposizioni di eventi sportivi e culturali di richiamo tra le varie&hellip;<\/p>\n","protected":false},"author":1,"featured_media":113260,"comment_status":"closed","ping_status":"closed","sticky":false,"template":"","format":"standard","meta":{"_monsterinsights_skip_tracking":false,"_monsterinsights_sitenote_active":false,"_monsterinsights_sitenote_note":"","_monsterinsights_sitenote_category":0,"footnotes":""},"categories":[49],"tags":[],"class_list":["post-113262","post","type-post","status-publish","format-standard","has-post-thumbnail","hentry","category-news-18","category-49","description-off"],"img_url":"https:\/\/www.radiopiu.net\/wordpress\/wp-content\/uploads\/2020\/01\/Tavolo-coordinamento-eventi-Valbelluna-2.jpg","_links":{"self":[{"href":"https:\/\/www.radiopiu.net\/wordpress\/wp-json\/wp\/v2\/posts\/113262","targetHints":{"allow":["GET"]}}],"collection":[{"href":"https:\/\/www.radiopiu.net\/wordpress\/wp-json\/wp\/v2\/posts"}],"about":[{"href":"https:\/\/www.radiopiu.net\/wordpress\/wp-json\/wp\/v2\/types\/post"}],"author":[{"embeddable":true,"href":"https:\/\/www.radiopiu.net\/wordpress\/wp-json\/wp\/v2\/users\/1"}],"replies":[{"embeddable":true,"href":"https:\/\/www.radiopiu.net\/wordpress\/wp-json\/wp\/v2\/comments?post=113262"}],"version-history":[{"count":0,"href":"https:\/\/www.radiopiu.net\/wordpress\/wp-json\/wp\/v2\/posts\/113262\/revisions"}],"wp:featuredmedia":[{"embeddable":true,"href":"https:\/\/www.radiopiu.net\/wordpress\/wp-json\/wp\/v2\/media\/113260"}],"wp:attachment":[{"href":"https:\/\/www.radiopiu.net\/wordpress\/wp-json\/wp\/v2\/media?parent=113262"}],"wp:term":[{"taxonomy":"category","embeddable":true,"href":"https:\/\/www.radiopiu.net\/wordpress\/wp-json\/wp\/v2\/categories?post=113262"},{"taxonomy":"post_tag","embeddable":true,"href":"https:\/\/www.radiopiu.net\/wordpress\/wp-json\/wp\/v2\/tags?post=113262"}],"curies":[{"name":"wp","href":"https:\/\/api.w.org\/{rel}","templated":true}]}}