{"id":113318,"date":"2020-01-16T18:40:02","date_gmt":"2020-01-16T17:40:02","guid":{"rendered":"https:\/\/www.radiopiu.net\/wordpress\/?p=113318"},"modified":"2020-01-16T18:40:02","modified_gmt":"2020-01-16T17:40:02","slug":"caro-dottore-noi-ti-ricordiamo-cosi-a-michele","status":"publish","type":"post","link":"https:\/\/www.radiopiu.net\/wordpress\/caro-dottore-noi-ti-ricordiamo-cosi-a-michele\/","title":{"rendered":"CARO DOTTORE&#8230; NOI TI RICORDIAMO COSI&#8217;. A MICHELE."},"content":{"rendered":"<p>&nbsp;<\/p>\n<p><strong>FELTRE\u00a0<\/strong> L\u2019Ospedale di Feltre si \u00e8 stretto attorno al ricordo del dottor De Boni, reagendo come una famiglia. Tanti i ricordi nati spontanei da ciascun dipendente dell\u2019ospedale insieme a un sincero sentimento di gratitudine. Forte la determinazione a portare avanti i suoi principi. Uno di questi \u00e8 che \u201cNon c\u2019\u00e8 buona assistenza se non si fa buona ricerca\u201d. l\u2019Unit\u00e0 operativa di Gastroenterologia, infatti, oltre all\u2019attivit\u00e0 assistenziale si \u00e8 costantemente impegnata nella ricerca clinica e traslazionale grazie al rapporto di collaborazione consolidato con numerose universit\u00e0 italiane e straniere. Importante soprattutto il rapporto con l\u2019Universit\u00e0 di Padova che ha permesso anche l\u2019avvio a Feltre del master per infermieri in endoscopia Importante anche l\u2019impegno sul fronte della formazione, anche grazie al sostegno del volontariato, e sull\u2019aggiornamento delle attrezzature biomediche con il supporto della Fondazione Cariverona. Non solo, per evitare che l\u2019ospedale si riduca a una \u201cofficina di riparazione\u201d, ma si qualifichi sempre pi\u00f9 come \u201cfabbrica della salute\u201d il dottore De Boni ha sempre promosso metodi di prevenzione primaria direttamente sul territorio, come nel caso dell\u2019intervento sulla popolazione trentina della Val Vanoi, che ha avuto riconoscimenti internazionali per la sua efficacia.<br \/>\nRagguardevole gratificazione gli veniva data dall\u2019attivit\u00e0 di degenza e dall\u2019attivit\u00e0 endoscopica scelta da molte persone anche fuori Ulss. Grande attenzione, in virt\u00f9 della valenza regionale del nostro Centro di Chirurgia Oncologica Gastrointestinale, \u00e8 stata posta per le neoplasie dell\u2019apparato digerente. Questa attenzione \u00e8 testimoniata dai Percorsi Diagnostico Terapeutici Assistenziali multidisciplinari incentrati sempre sul paziente per una terapia pi\u00f9 personalizzata.\u00a0 Negli ultimi anni aveva concentrato gli sforzi verso un avanzamento continuo di tipo culturale con al centro la persona assistita, che viene coinvolta attivamente nel percorso di cura. Perch\u00e9 la qualit\u00e0 non \u00e8 solo professionale od organizzativa, ma anche quella percepita dall\u2019utente in funzione delle sue aspettative. Consapevoli dell&#8217;insostenibilit\u00e0 dell&#8217;attuale approccio medico-sanitario, dove troppo spesso il medico fa una diagnosi e la affronta disgiuntamente dalla persona che ne \u00e8 portatrice, ha sempre cercato di ricomporre il sapere medico, curando la malattia assieme alla persona in tutte le sue fasi.<br \/>\n\u00abIn che modo? Quando ci si recher\u00e0 in reparto perch\u00e9 si accusa un disturbo o per un periodico controllo, a prendersi cura del paziente sar\u00e0 un&#8217;intera \u00e9quipe di medici formata da gastroenterologi, chirurghi, oncologi, patologi, radiologi e anestesisti. La diagnosi verr\u00e0 configurata ricorrendo all&#8217;impiego delle pi\u00f9 sofisticate apparecchiature, con competenze mediche che non andranno mai disgiunte dall&#8217;umanit\u00e0 necessaria nel &#8220;trattare&#8221; una persona che soffre nella complessit\u00e0 dei suoi bisogni. In questo iter, i familiari, saranno opportunamente coinvolti e sostenuti dalle Associazioni di Volontariato\u00bb diceva.<\/p>\n<p><strong>Il saluto dei colleghi<\/strong><br \/>\n\u00abCaro Michele, mi hai accolto nella \u201cfamiglia\u201d feltrina a braccia aperte, sei stato per me una guida. grazie ai tuoi insegnamenti, consigli e supporto abbiamo lavorato concretamente per garantire ai pazienti i pi\u00f9 alti standard di cure e per fare dell\u2019ospedale di Feltre un riferimento regionale. Caro Michele, il tuo cuore si \u00e8 fermato ma un cuore che ha toccato cos\u00ec tante vite rimarr\u00e0 per sempre presente in tutti noi amici, colleghi, pazienti. Ciao\u00bb, saluta Umberto Montin, direttore del dipartimento di area chirurgica dell\u2019ospedale di Feltre.<\/p>\n<p>\u00abIl dottor Michele De Boni ci lascia un grande insegnamento: quello della ricerca del confronto tra i vari specialisti affinch\u00e9 il paziente resti sempre al centro delle scelte terapeutiche. Questo comporta un ulteriore impegno da parte di tutti noi nel continuare la strada che Lui ha tracciato\u00bb, ricorda il direttore dell\u2019oncologia Davide Pastorelli.<\/p>\n<p>\u00ab Michele, ti ringrazio di cuore. Innanzitutto ti ringrazio per la tua vicinanza e sostegno all&#8217;Ospedale, agli operatori sanitari e ai pazienti, ti ringrazio per la tua capacit\u00e0 di fare gruppo con noi operatori sanitari, di coinvolgerci con emozione in ogni nuova iniziativa,\u00a0 di farci sentire sempre un profondo senso di appartenenza alla nostra Professione e al nostro Ospedale.Ti ringrazio per la motivazione che hai messo in ogni cosa, motivazione che hai sempre donato e trasmesso a tutti noi, ogni giorno, instancabilmente. Ti ringrazio per essere sempre stato accanto all&#8217;Ospedale, per la forza che hai trasmesso a tutti noi ogni giorno, per l&#8217;attenzione alle grandi e piccole cose, per i tuoi sorrisi, la tua amicizia e per averci ricordato ogni giorno che facciamo il lavoro pi\u00f9 bello e appassionante di tutti. Con sentimento di gratitudine profonda, un caro abbraccio Michele, sei e sarai sempre parte del mio cammino e di quello dell&#8217;Ospedale di Feltre\u00bb, conclude il direttore Medico Marianna Lorenzoni.<\/p>\n","protected":false},"excerpt":{"rendered":"<p>&nbsp; FELTRE\u00a0 L\u2019Ospedale di Feltre si \u00e8 stretto attorno al ricordo del dottor De Boni, reagendo come una famiglia. Tanti i ricordi nati spontanei da ciascun dipendente dell\u2019ospedale insieme a un sincero sentimento di gratitudine. Forte la determinazione a portare avanti i suoi principi. Uno di questi \u00e8 che \u201cNon c\u2019\u00e8 buona assistenza se non&hellip;<\/p>\n","protected":false},"author":1,"featured_media":113149,"comment_status":"closed","ping_status":"closed","sticky":false,"template":"","format":"standard","meta":{"_monsterinsights_skip_tracking":false,"_monsterinsights_sitenote_active":false,"_monsterinsights_sitenote_note":"","_monsterinsights_sitenote_category":0,"footnotes":""},"categories":[51,49],"tags":[],"class_list":["post-113318","post","type-post","status-publish","format-standard","has-post-thumbnail","hentry","category-evidenza-top","category-news-18","category-51","category-49","description-off"],"img_url":"https:\/\/www.radiopiu.net\/wordpress\/wp-content\/uploads\/2020\/01\/de-boni-3-1.jpg","_links":{"self":[{"href":"https:\/\/www.radiopiu.net\/wordpress\/wp-json\/wp\/v2\/posts\/113318","targetHints":{"allow":["GET"]}}],"collection":[{"href":"https:\/\/www.radiopiu.net\/wordpress\/wp-json\/wp\/v2\/posts"}],"about":[{"href":"https:\/\/www.radiopiu.net\/wordpress\/wp-json\/wp\/v2\/types\/post"}],"author":[{"embeddable":true,"href":"https:\/\/www.radiopiu.net\/wordpress\/wp-json\/wp\/v2\/users\/1"}],"replies":[{"embeddable":true,"href":"https:\/\/www.radiopiu.net\/wordpress\/wp-json\/wp\/v2\/comments?post=113318"}],"version-history":[{"count":0,"href":"https:\/\/www.radiopiu.net\/wordpress\/wp-json\/wp\/v2\/posts\/113318\/revisions"}],"wp:featuredmedia":[{"embeddable":true,"href":"https:\/\/www.radiopiu.net\/wordpress\/wp-json\/wp\/v2\/media\/113149"}],"wp:attachment":[{"href":"https:\/\/www.radiopiu.net\/wordpress\/wp-json\/wp\/v2\/media?parent=113318"}],"wp:term":[{"taxonomy":"category","embeddable":true,"href":"https:\/\/www.radiopiu.net\/wordpress\/wp-json\/wp\/v2\/categories?post=113318"},{"taxonomy":"post_tag","embeddable":true,"href":"https:\/\/www.radiopiu.net\/wordpress\/wp-json\/wp\/v2\/tags?post=113318"}],"curies":[{"name":"wp","href":"https:\/\/api.w.org\/{rel}","templated":true}]}}