{"id":113337,"date":"2020-01-17T05:45:21","date_gmt":"2020-01-17T04:45:21","guid":{"rendered":"https:\/\/www.radiopiu.net\/wordpress\/?p=113337"},"modified":"2020-01-17T05:45:44","modified_gmt":"2020-01-17T04:45:44","slug":"cristo-di-valcalda-la-chiesa-maggiormente-frequentata","status":"publish","type":"post","link":"https:\/\/www.radiopiu.net\/wordpress\/cristo-di-valcalda-la-chiesa-maggiormente-frequentata\/","title":{"rendered":"CRISTO DI VALCALDA LA CHIESA MAGGIORMENTE FREQUENTATA di RENATO BONA"},"content":{"rendered":"<p><span class=\"_5yl5\">\u00a0La preziosa fonte di informazioni di carattere storico che \u00e8 stato Giuseppe Fontana (autore, fra l\u2019altro, di \u201cLa Provincia di Belluno-Sussidio per lo studio dell\u2019ambiente nelle scuole elementari\u201d stampato dalla tipografia editrice Panfilo Castaldi di Feltre nel settembre 1960) in appendice della pubblicazione accennata,dedicata a Santuari e conventi, aveva messo al quarto posto, dopo San Martino, san Vittore e santa Corona, e San Lucano, il Crocifisso di Valcalda del quale ci occupiamo. Affermando: \u201cSorge, a breve distanza dal centro di Pieve di Cadore, sulla strada nazionale che scende a Tai, una piccola chiesa ove si venera un Crocifisso. E\u2019 questo il Cristo di Valcalda\u201d. Per aggiungere: \u201cLo storico Ciani ci disse che fosse rinvenuto da alcuni contadini che pi\u00f9 sotto stavano arando un campo. I buoi che erano occupati in questo lavoro, a un tratto si fermarono e pi\u00f9 non vollero proseguire, anzi piegarono le ginocchia a terra in atto di adorazione. I villici, allora, si misero a scavare e rinvennero una cassa con \u2018dentro una pietosa immagine del Cristo in croce, in forma naturale, intagliata in legno\u2019. Per concludere: \u201cMolti sono coloro che si recano in pellegrinaggio in questa chiesa, specialmente in tempo di quaresima. Nei pressi sorge un modesto convento dei Carmelitani Scalzi, chiamati in Cadore dal Card. Piazza che era dello stesso ordine religioso\u201d. Il sito sias.archivio.beniculturali.it si sofferma sulla Confraternita de Crocefisso di Pieve di Cadore (o Confraternita di Santa Maria dei Battuti di Pieve di Cadore) e precisato che \u201csi inserisce nel solco del movimento dei Flagellanti diffusosi in tutto l&#8217;arco alpino durante il medioevo e riun\u00ec nella chiesa di Sant&#8217;Antonio Abate alcuni fedeli devoti al culto della Madonna e dediti a pratiche di preghiera ed espiazione; dalla Confraternita dipendeva un ospedale sito vicino la chiesa di Cristo di Valcalda e soprannominato \u2018Ca&#8217; di Dio\u2019\u201d spiega: \u201cNel 1540 il ritrovamento di un crocefisso ligneo nei campi di Valcalda indusse i confratelli a dedicare un altare al Crocifisso e, nel 1669, a dedicare un Santuario a questo simbolo della fede, mutando contestualmente il nome dell&#8217;associazione di culto in quello di &#8220;Confraternita del Crocifisso&#8221;. Durante il periodo napoleonico il patrimonio dell&#8217;ente venne devoluto al demanio\u201d. Il sito dell\u2019arcidiaconato del Cadore, ricordato che quella del Cristo di Valcalda di Pieve di Cadore \u201c\u00e8 la prima chiesa eretta nel luogo in onore di S. Antonio Abate e doveva essere antichissima; in seguito al ritrovamento di un Cristo in Valcalda nel 1540 venne chiamata chiesa del Cristo. Ampliata nel 1853, \u00e8 il santuario maggiormente frequentato del Cadore; \u00e8 annessa al convento dei padri Carmelitani Scalzi dal 1929\u201d. Passa a descrivere le opere contenute nel santuario. IL CROCIFISSO: immagine molto espressiva, in legno, di grandezza naturale, con capelli veri; di autore ignoto; per lavorazione e caratteristiche artistiche varie \u00e8 databile tra i secoli IX E XII. IL SANTUARIO: venne edificato in tre tempi:1la parte pi\u00f9 antica,di linee ogivali, attualmente presbiterio, risale al &#8216;300. Il soffitto dell&#8217;abside \u00e8 affrescato con figurazioni dei santi (sec.XVI ). 2 la navata a tre campane, di lineamento gotico, \u00e8 stata ristrutturata nel &#8216;600. 3 l&#8217;avancorpo del Santuario-pronao di stile neoclassico con un adattamento di giuntura al gotico preesistente, \u00e8 del &#8216;800. L&#8217;ALTARE MAGGIORE: (riedificato nel sec. XVI, di scuola tolmezzina) in legno intaccato, laccato e dorato. Statua di Sant\u2019Antonio Abate (sec. XVII, autore ignoto). Statua di Santa Teresa d&#8217;Avila, riformatrice dell&#8217;Ordine Carmelitano e prima donna dottore della Chiesa Cattolica. Opera di V. Morder di Ortisei (Val Gardena,1942). ALTARE RIVOLTO AL POPOLO: riproduzione de \u201cLa deposizione dalla croce\u201d di Bartolomeo della Porta (1472-1517 ). ALTARE A DESTRA: tele con l&#8217;immagine di Santa Teresa del Bambino Ges\u00f9 e di Santa Lucia. ALTARE A SINISTRA: tela con l&#8217;immagine della Madonna del Carmine (festa il 16 luglio). PORTA LATERALE: a sinistra Santa Lucia, a destra Sant\u2019Agnese: antichi affreschi del sec. XIII ( purtroppo in pessime condizioni). BALCONATA DELLA CANTORIA: alcuni dei numerosissimi ex-voto per grazie ricevute. FRONTONE ESTERNO: sul pronao neoclassico: affresco rappresentante il miracoloso ritrovamento del Crocefisso nella adiacenza della Valcalda.<\/span><\/p>\n\n\t\t\t<style type='text\/css'>\n\t\t\t\t#gallery-1 {\n\t\t\t\t\tmargin: auto;\n\t\t\t\t}\n\t\t\t\t#gallery-1 .gallery-item {\n\t\t\t\t\tfloat: left;\n\t\t\t\t\tmargin-top: 10px;\n\t\t\t\t\ttext-align: center;\n\t\t\t\t\twidth: 33%;\n\t\t\t\t}\n\t\t\t\t#gallery-1 img {\n\t\t\t\t\tborder: 2px solid #cfcfcf;\n\t\t\t\t}\n\t\t\t\t#gallery-1 .gallery-caption {\n\t\t\t\t\tmargin-left: 0;\n\t\t\t\t}\n\t\t\t\t\/* see gallery_shortcode() in wp-includes\/media.php *\/\n\t\t\t<\/style>\n\t\t<div id='gallery-1' class='dt-gallery-container gallery galleryid-113337 gallery-columns-3 gallery-size-thumbnail'><dl class='gallery-item'>\n\t\t\t\t<dt class='gallery-icon landscape'>\n\t\t\t\t\t<a class=\"rollover\" href='https:\/\/www.radiopiu.net\/wordpress\/giornale-radiopiu-16-gennaio-2020-direttore-mirko-mezzacasa\/82379545_663305227745336_6347642676266926080_n\/'><img loading=\"lazy\" decoding=\"async\" width=\"150\" height=\"133\" src=\"https:\/\/www.radiopiu.net\/wordpress\/wp-content\/uploads\/2020\/01\/82379545_663305227745336_6347642676266926080_n-150x133.jpg\" class=\"attachment-thumbnail size-thumbnail\" alt=\"\" \/><\/a>\n\t\t\t\t<\/dt><\/dl><dl class='gallery-item'>\n\t\t\t\t<dt class='gallery-icon landscape'>\n\t\t\t\t\t<a class=\"rollover\" href='https:\/\/www.radiopiu.net\/wordpress\/giornale-radiopiu-16-gennaio-2020-direttore-mirko-mezzacasa\/82419343_1081445838857784_3086773032627208192_n\/'><img loading=\"lazy\" decoding=\"async\" width=\"150\" height=\"133\" src=\"https:\/\/www.radiopiu.net\/wordpress\/wp-content\/uploads\/2020\/01\/82419343_1081445838857784_3086773032627208192_n-150x133.jpg\" class=\"attachment-thumbnail size-thumbnail\" alt=\"\" \/><\/a>\n\t\t\t\t<\/dt><\/dl><dl class='gallery-item'>\n\t\t\t\t<dt class='gallery-icon landscape'>\n\t\t\t\t\t<a class=\"rollover\" href='https:\/\/www.radiopiu.net\/wordpress\/giornale-radiopiu-16-gennaio-2020-direttore-mirko-mezzacasa\/82506778_2346245392147960_8037567051448975360_n\/'><img loading=\"lazy\" decoding=\"async\" width=\"150\" height=\"133\" src=\"https:\/\/www.radiopiu.net\/wordpress\/wp-content\/uploads\/2020\/01\/82506778_2346245392147960_8037567051448975360_n-150x133.jpg\" class=\"attachment-thumbnail size-thumbnail\" alt=\"\" \/><\/a>\n\t\t\t\t<\/dt><\/dl><br style=\"clear: both\" \/><dl class='gallery-item'>\n\t\t\t\t<dt class='gallery-icon landscape'>\n\t\t\t\t\t<a class=\"rollover\" href='https:\/\/www.radiopiu.net\/wordpress\/giornale-radiopiu-16-gennaio-2020-direttore-mirko-mezzacasa\/82519292_824531191362834_4355419321468452864_n\/'><img loading=\"lazy\" decoding=\"async\" width=\"150\" height=\"150\" src=\"https:\/\/www.radiopiu.net\/wordpress\/wp-content\/uploads\/2020\/01\/82519292_824531191362834_4355419321468452864_n-150x150.jpg\" class=\"attachment-thumbnail size-thumbnail\" alt=\"\" \/><\/a>\n\t\t\t\t<\/dt><\/dl><dl class='gallery-item'>\n\t\t\t\t<dt class='gallery-icon portrait'>\n\t\t\t\t\t<a class=\"rollover\" href='https:\/\/www.radiopiu.net\/wordpress\/giornale-radiopiu-16-gennaio-2020-direttore-mirko-mezzacasa\/82905802_454997115409311_7208939685341560832_n\/'><img loading=\"lazy\" decoding=\"async\" width=\"150\" height=\"150\" src=\"https:\/\/www.radiopiu.net\/wordpress\/wp-content\/uploads\/2020\/01\/82905802_454997115409311_7208939685341560832_n-150x150.jpg\" class=\"attachment-thumbnail size-thumbnail\" alt=\"\" \/><\/a>\n\t\t\t\t<\/dt><\/dl><dl class='gallery-item'>\n\t\t\t\t<dt class='gallery-icon landscape'>\n\t\t\t\t\t<a class=\"rollover\" href='https:\/\/www.radiopiu.net\/wordpress\/giornale-radiopiu-16-gennaio-2020-direttore-mirko-mezzacasa\/82937925_2577537545836917_3414641185212334080_n\/'><img loading=\"lazy\" decoding=\"async\" width=\"150\" height=\"150\" src=\"https:\/\/www.radiopiu.net\/wordpress\/wp-content\/uploads\/2020\/01\/82937925_2577537545836917_3414641185212334080_n-150x150.png\" class=\"attachment-thumbnail size-thumbnail\" alt=\"\" \/><\/a>\n\t\t\t\t<\/dt><\/dl><br style=\"clear: both\" \/><dl class='gallery-item'>\n\t\t\t\t<dt class='gallery-icon landscape'>\n\t\t\t\t\t<a class=\"rollover\" href='https:\/\/www.radiopiu.net\/wordpress\/giornale-radiopiu-16-gennaio-2020-direttore-mirko-mezzacasa\/83024288_1219272678261767_2813064950220587008_n\/'><img loading=\"lazy\" decoding=\"async\" width=\"150\" height=\"133\" src=\"https:\/\/www.radiopiu.net\/wordpress\/wp-content\/uploads\/2020\/01\/83024288_1219272678261767_2813064950220587008_n-150x133.jpg\" class=\"attachment-thumbnail size-thumbnail\" alt=\"\" \/><\/a>\n\t\t\t\t<\/dt><\/dl><dl class='gallery-item'>\n\t\t\t\t<dt class='gallery-icon portrait'>\n\t\t\t\t\t<a class=\"rollover\" href='https:\/\/www.radiopiu.net\/wordpress\/giornale-radiopiu-16-gennaio-2020-direttore-mirko-mezzacasa\/83196456_2881659525223600_4648441060056367104_n\/'><img loading=\"lazy\" decoding=\"async\" width=\"144\" height=\"150\" src=\"https:\/\/www.radiopiu.net\/wordpress\/wp-content\/uploads\/2020\/01\/83196456_2881659525223600_4648441060056367104_n-144x150.jpg\" class=\"attachment-thumbnail size-thumbnail\" alt=\"\" \/><\/a>\n\t\t\t\t<\/dt><\/dl>\n\t\t\t\t<br style='clear: both' \/>\n\t\t\t<\/div>\n\n<p>&nbsp;<\/p>\n<p><span class=\"_5yl5\">NELLE FOTO (Regione Veneto, Arcidiaconato del Cadore, Paolo Calicchio): Chiesa del Cristo di Valcalda in una vecchia cartolina; l\u2019edificio sacro oggi; il Cristo; interno con l\u2019altar maggiore; figurazione dei Santi nel soffitto dell\u2019abside; la \u201cDeposizione\u201d; il Carmelo.<\/span><\/p>\n","protected":false},"excerpt":{"rendered":"<p>\u00a0La preziosa fonte di informazioni di carattere storico che \u00e8 stato Giuseppe Fontana (autore, fra l\u2019altro, di \u201cLa Provincia di Belluno-Sussidio per lo studio dell\u2019ambiente nelle scuole elementari\u201d stampato dalla tipografia editrice Panfilo Castaldi di Feltre nel settembre 1960) in appendice della pubblicazione accennata,dedicata a Santuari e conventi, aveva messo al quarto posto, dopo San&hellip;<\/p>\n","protected":false},"author":1,"featured_media":113234,"comment_status":"closed","ping_status":"closed","sticky":false,"template":"","format":"standard","meta":{"_monsterinsights_skip_tracking":false,"_monsterinsights_sitenote_active":false,"_monsterinsights_sitenote_note":"","_monsterinsights_sitenote_category":0,"footnotes":""},"categories":[49],"tags":[],"class_list":["post-113337","post","type-post","status-publish","format-standard","has-post-thumbnail","hentry","category-news-18","category-49","description-off"],"img_url":"https:\/\/www.radiopiu.net\/wordpress\/wp-content\/uploads\/2020\/01\/83196456_2881659525223600_4648441060056367104_n.jpg","_links":{"self":[{"href":"https:\/\/www.radiopiu.net\/wordpress\/wp-json\/wp\/v2\/posts\/113337","targetHints":{"allow":["GET"]}}],"collection":[{"href":"https:\/\/www.radiopiu.net\/wordpress\/wp-json\/wp\/v2\/posts"}],"about":[{"href":"https:\/\/www.radiopiu.net\/wordpress\/wp-json\/wp\/v2\/types\/post"}],"author":[{"embeddable":true,"href":"https:\/\/www.radiopiu.net\/wordpress\/wp-json\/wp\/v2\/users\/1"}],"replies":[{"embeddable":true,"href":"https:\/\/www.radiopiu.net\/wordpress\/wp-json\/wp\/v2\/comments?post=113337"}],"version-history":[{"count":0,"href":"https:\/\/www.radiopiu.net\/wordpress\/wp-json\/wp\/v2\/posts\/113337\/revisions"}],"wp:featuredmedia":[{"embeddable":true,"href":"https:\/\/www.radiopiu.net\/wordpress\/wp-json\/wp\/v2\/media\/113234"}],"wp:attachment":[{"href":"https:\/\/www.radiopiu.net\/wordpress\/wp-json\/wp\/v2\/media?parent=113337"}],"wp:term":[{"taxonomy":"category","embeddable":true,"href":"https:\/\/www.radiopiu.net\/wordpress\/wp-json\/wp\/v2\/categories?post=113337"},{"taxonomy":"post_tag","embeddable":true,"href":"https:\/\/www.radiopiu.net\/wordpress\/wp-json\/wp\/v2\/tags?post=113337"}],"curies":[{"name":"wp","href":"https:\/\/api.w.org\/{rel}","templated":true}]}}