{"id":113356,"date":"2020-01-18T05:47:47","date_gmt":"2020-01-18T04:47:47","guid":{"rendered":"https:\/\/www.radiopiu.net\/wordpress\/?p=113356"},"modified":"2020-01-19T11:41:49","modified_gmt":"2020-01-19T10:41:49","slug":"giornale-radiopiu-18-gennaio-2020-direttore-mirko-mezzacasa","status":"publish","type":"post","link":"https:\/\/www.radiopiu.net\/wordpress\/giornale-radiopiu-18-gennaio-2020-direttore-mirko-mezzacasa\/","title":{"rendered":"GIORNALE RADIOPIU 18 GENNAIO 2020 DIRETTORE MIRKO MEZZACASA"},"content":{"rendered":"<h3>Per ricevere gli aggiornamenti in tempo reale delle notizie pubblicate alla radio e sul sito di radio pi\u00f9 iscriviti al gruppo RADIO PIU INFORMAZIONE su Telegram.\u00a0 <span style=\"color: #0000ff;\"><a style=\"color: #0000ff;\" href=\"https:\/\/t.me\/radiopiu\">clicca qui<\/a><\/span><\/h3>\n<p>&nbsp;<\/p>\n<p>&nbsp;<\/p>\n<h2><span style=\"color: #ff0000;\">ULTIM&#8217;ORA&#8230;<\/span><\/h2>\n<h3>FRANA IL FRAMONT SOPRA RONCH DE BOS A TAIBON AGORDINO. LA BOA BIANCA DI NUOVO IN MOVIMENTO<\/h3>\n<p><a class=\"dt-pswp-item\" href=\"https:\/\/www.radiopiu.net\/wordpress\/wp-content\/uploads\/2020\/01\/WhatsApp-Image-2020-01-18-at-07.06.03.jpeg\" data-dt-img-description=\"\" data-large_image_width=\"1200\" data-large_image_height=\"1600\"><img loading=\"lazy\" decoding=\"async\" class=\"alignnone size-medium wp-image-113497\" src=\"https:\/\/www.radiopiu.net\/wordpress\/wp-content\/uploads\/2020\/01\/WhatsApp-Image-2020-01-18-at-07.06.03-225x300.jpeg\" alt=\"\" width=\"225\" height=\"300\" srcset=\"https:\/\/www.radiopiu.net\/wordpress\/wp-content\/uploads\/2020\/01\/WhatsApp-Image-2020-01-18-at-07.06.03-225x300.jpeg 225w, https:\/\/www.radiopiu.net\/wordpress\/wp-content\/uploads\/2020\/01\/WhatsApp-Image-2020-01-18-at-07.06.03-768x1024.jpeg 768w, https:\/\/www.radiopiu.net\/wordpress\/wp-content\/uploads\/2020\/01\/WhatsApp-Image-2020-01-18-at-07.06.03-1152x1536.jpeg 1152w, https:\/\/www.radiopiu.net\/wordpress\/wp-content\/uploads\/2020\/01\/WhatsApp-Image-2020-01-18-at-07.06.03.jpeg 1200w\" sizes=\"auto, (max-width: 225px) 100vw, 225px\" \/><\/a><a class=\"dt-pswp-item\" href=\"https:\/\/www.radiopiu.net\/wordpress\/wp-content\/uploads\/2020\/01\/WhatsApp-Image-2020-01-18-at-07.06.03-1.jpeg\" data-dt-img-description=\"\" data-large_image_width=\"1024\" data-large_image_height=\"768\"><img loading=\"lazy\" decoding=\"async\" class=\"alignnone wp-image-113498\" src=\"https:\/\/www.radiopiu.net\/wordpress\/wp-content\/uploads\/2020\/01\/WhatsApp-Image-2020-01-18-at-07.06.03-1-300x225.jpeg\" alt=\"\" width=\"400\" height=\"300\" srcset=\"https:\/\/www.radiopiu.net\/wordpress\/wp-content\/uploads\/2020\/01\/WhatsApp-Image-2020-01-18-at-07.06.03-1-300x225.jpeg 300w, https:\/\/www.radiopiu.net\/wordpress\/wp-content\/uploads\/2020\/01\/WhatsApp-Image-2020-01-18-at-07.06.03-1-768x576.jpeg 768w, https:\/\/www.radiopiu.net\/wordpress\/wp-content\/uploads\/2020\/01\/WhatsApp-Image-2020-01-18-at-07.06.03-1.jpeg 1024w\" sizes=\"auto, (max-width: 400px) 100vw, 400px\" \/><\/a><a class=\"dt-pswp-item\" href=\"https:\/\/www.radiopiu.net\/wordpress\/wp-content\/uploads\/2020\/01\/178de40f-1c3a-47f8-9bcc-e043028651ce.jpg\" data-dt-img-description=\"\" data-large_image_width=\"1600\" data-large_image_height=\"1200\"><img loading=\"lazy\" decoding=\"async\" class=\"alignnone size-medium wp-image-113500\" src=\"https:\/\/www.radiopiu.net\/wordpress\/wp-content\/uploads\/2020\/01\/178de40f-1c3a-47f8-9bcc-e043028651ce-300x225.jpg\" alt=\"\" width=\"300\" height=\"225\" srcset=\"https:\/\/www.radiopiu.net\/wordpress\/wp-content\/uploads\/2020\/01\/178de40f-1c3a-47f8-9bcc-e043028651ce-300x225.jpg 300w, https:\/\/www.radiopiu.net\/wordpress\/wp-content\/uploads\/2020\/01\/178de40f-1c3a-47f8-9bcc-e043028651ce-1024x768.jpg 1024w, https:\/\/www.radiopiu.net\/wordpress\/wp-content\/uploads\/2020\/01\/178de40f-1c3a-47f8-9bcc-e043028651ce-768x576.jpg 768w, https:\/\/www.radiopiu.net\/wordpress\/wp-content\/uploads\/2020\/01\/178de40f-1c3a-47f8-9bcc-e043028651ce-1536x1152.jpg 1536w, https:\/\/www.radiopiu.net\/wordpress\/wp-content\/uploads\/2020\/01\/178de40f-1c3a-47f8-9bcc-e043028651ce.jpg 1600w\" sizes=\"auto, (max-width: 300px) 100vw, 300px\" \/><\/a><a class=\"dt-pswp-item\" href=\"https:\/\/www.radiopiu.net\/wordpress\/wp-content\/uploads\/2020\/01\/bf48d6bf-8912-45e9-b707-ce841a712073.jpg\" data-dt-img-description=\"\" data-large_image_width=\"1024\" data-large_image_height=\"768\"><img loading=\"lazy\" decoding=\"async\" class=\"alignnone size-medium wp-image-113502\" src=\"https:\/\/www.radiopiu.net\/wordpress\/wp-content\/uploads\/2020\/01\/bf48d6bf-8912-45e9-b707-ce841a712073-300x225.jpg\" alt=\"\" width=\"300\" height=\"225\" srcset=\"https:\/\/www.radiopiu.net\/wordpress\/wp-content\/uploads\/2020\/01\/bf48d6bf-8912-45e9-b707-ce841a712073-300x225.jpg 300w, https:\/\/www.radiopiu.net\/wordpress\/wp-content\/uploads\/2020\/01\/bf48d6bf-8912-45e9-b707-ce841a712073-768x576.jpg 768w, https:\/\/www.radiopiu.net\/wordpress\/wp-content\/uploads\/2020\/01\/bf48d6bf-8912-45e9-b707-ce841a712073.jpg 1024w\" sizes=\"auto, (max-width: 300px) 100vw, 300px\" \/><\/a><\/p>\n<p>&nbsp;<\/p>\n<h2><span style=\"color: #ff0000;\">AGGIORNAMENTO 9.30\u00a0<\/span><\/h2>\n<blockquote class=\"wp-embedded-content\" data-secret=\"PaC0Tr3TGv\"><p><a href=\"https:\/\/www.radiopiu.net\/wordpress\/il-framont-sveglia-taibon\/\">IL FRAMONT SVEGLIA TAIBON<\/a><\/p><\/blockquote>\n<p><iframe loading=\"lazy\" title=\"&#8220;IL FRAMONT SVEGLIA TAIBON&#8221; &#8212; Radio Pi\u00f9\" class=\"wp-embedded-content\" sandbox=\"allow-scripts\" security=\"restricted\" style=\"position: absolute; clip: rect(1px, 1px, 1px, 1px);\" src=\"https:\/\/www.radiopiu.net\/wordpress\/il-framont-sveglia-taibon\/embed\/#?secret=PaC0Tr3TGv\" data-secret=\"PaC0Tr3TGv\" width=\"600\" height=\"338\" frameborder=\"0\" marginwidth=\"0\" marginheight=\"0\" scrolling=\"no\"><\/iframe><\/p>\n<p>&nbsp;<\/p>\n<hr \/>\n<p>&nbsp;<\/p>\n<p>&nbsp;<\/p>\n<h3>OGGI E DOMANI\u00a0 AD ALLEGHE OCCHI BELLI, CONTROLLO GRATUITO DELLA VISTA<\/h3>\n<p><strong>ALLEGHE<\/strong> Oggi dalle 14.30 alle 17.30 e domani dalle 9 alle 12 e dalle 14 alle 17 alle scuole elementari di Alleghe i medici oculisti e ortottisti dell&#8217;ospedale di Castelfranco Veneto e Montebelluna danno la possibilit\u00e0 a tutti i bambini fino a 13 anni di eseguire uno screening per la prevenzione dello strabismo ed ambliopia, occasione unica e gratuita per ottenere una valutazione preliminare.<\/p>\n<p>&nbsp;<\/p>\n<p>&nbsp;<\/p>\n<hr \/>\n<p>&nbsp;<\/p>\n<p>&nbsp;<\/p>\n<p>&nbsp;<\/p>\n<h2>WANBAO-ACC: CONFRONTO AL MISE CON PROSPETTIVE DI RILANCIO, PROSSIMO INCONTRO A VENETO LAVORO CON IL MONDO DEI FORNITORI<\/h2>\n<h3>WANBAO-ACC: CONFRONTO AL MISE CON PROSPETTIVE DI RILANCIO, PROSSIMO INCONTRO A VENETO LAVORO CON IL MONDO DEI FORNITORI<\/h3>\n<p><strong>VENEZIA<\/strong>\u00a0 Nell\u2019ambito dell\u2019incontro al Mise Wanbao Acc, consapevole della delicata situazione e dello stato in cui versa la societ\u00e0 ed al primario fine di tutelare e salvaguardare i livelli occupazionali e di garantire la continuit\u00e0 produttiva, ha confermato la propria volont\u00e0 di proseguire il percorso verso l\u2019amministrazione straordinaria, auspicando che la situazione economico-finanziaria derivante dalla chiusura di bilancio 2019 possa essere coerente con i requisiti di legge al fine di accedere a tale strumento. A tal fine, Wanbao Acc ha fornito alle istituzioni un aggiornamento sulla attuale situazione della societ\u00e0.\u00a0 Entro la fine di gennaio nella sede di Veneto Lavoro verr\u00e0 convocato un tavolo, gestito dall\u2019unit\u00e0 di crisi, con il sistema dei fornitori<\/p>\n<h3><b>Wanbao, D&#8217;Inc\u00e0: &#8220;Al Mise incontro positivo, entro fine mese tavolo coi fornitori&#8221;<\/b><\/h3>\n<p>&#8220;L&#8217;incontrosi \u00e8 rivelato positivo&#8221;. Lo afferma Federico D&#8217;Inc\u00e0, Ministro per i Rapporti con il Parlamento.\u00a0 &#8220;All&#8217;incontro- prosegue D&#8217;Inc\u00e0 &#8211; l&#8217;azienda ha confermato la volont\u00e0 di accelerare il percorso verso la richiesta di accesso alla procedura di amministrazione straordinaria, impegnandosi a presentare il bilancio. Entro met\u00e0 febbraio sar\u00e0 convocato un nuovo tavolo con le organizzazioni sindacali in cui si auspica una conclusione positiva della vicenda\u201d.<\/p>\n<h3>ROBERTO PADRIN PRESIDENTE DELLA PROVINCIA<\/h3>\n<p><em>\u00abL\u2019obiettivo per il nostro territorio \u00e8 la salvaguardia della tenuta occupazionale. Ci stiamo impegnando per quanto possibile per risolvere le crisi occupazionali che riguardano la nostra provincia\u00bb. Cos\u00ec il presidente della Provincia Roberto Padrin, dopo il confronto al Mise sul caso Acc Wanbao.<\/em><br \/>\n<em>Il presidente Padrin \u00e8 attivo anche sull\u2019altra crisi aziendale in corso, quella di Safilo. \u00abSono quotidianamente in contatto con l\u2019amministratore delegato Trocchia e con i sindacati. Sono a disposizione per qualsiasi intervento che possa essere necessario a salvaguardare la tenuta occupazionale del nostro territorio&#8221;.<\/em><\/p>\n<h3>DARIO BOND: &#8220;BENVENGA IL COMMISSARIO CON PIENI POTERI&#8221;<\/h3>\n<audio class=\"wp-audio-shortcode\" id=\"audio-113356-1\" preload=\"none\" style=\"width: 100%;\" controls=\"controls\"><source type=\"audio\/mpeg\" src=\"https:\/\/www.radiopiu.net\/wordpress\/wp-content\/uploads\/2020\/01\/dario-bond\u00f9.mp3?_=1\" \/><a href=\"https:\/\/www.radiopiu.net\/wordpress\/wp-content\/uploads\/2020\/01\/dario-bond\u00f9.mp3\">https:\/\/www.radiopiu.net\/wordpress\/wp-content\/uploads\/2020\/01\/dario-bond\u00f9.mp3<\/a><\/audio>\n<p>&nbsp;<\/p>\n<p>&nbsp;<\/p>\n<p>&nbsp;<\/p>\n<hr \/>\n<p>&nbsp;<\/p>\n<p>&nbsp;<\/p>\n<p>&nbsp;<\/p>\n<p>&nbsp;<\/p>\n<h3>I CARABINIERI LO ACCOMPAGNANO NELLA COMUNITA&#8217; TERAPEUTICA<\/h3>\n<p><strong><img decoding=\"async\" class=\"alignleft\" src=\"https:\/\/www.radiopiu.net\/wordpress\/wp-content\/uploads\/2015\/11\/carabi1.jpg\" \/>COMELICO<\/strong> Urlava e bestemmiava ad alta voce anche\u00a0 soprattutto di notte, stereo a palla e rumori da esasperazione per i condomini che non potendone pi\u00f9 hanno chiesto aiuto ai Carabinieri che hanno messo fine ad un incubo, per gli abitanti della palazzina ed una donna comeliana.\u00a0 Ecco quindi per l&#8217;uomo 50 enne del Comelico la\u00a0 \u00a0misura provvisoria di sicurezza della libert\u00e0 vigilata della durata di\u00a0 un anno. Oltre agli schiamazzi l&#8217;uomo aveva nel mirino\u00a0 una trentenne del luogo che ha tempestato di sms sia minacciosi che sdolcinati , facendole regali, mandandole lettere d&#8217;amore, seguendola, spiandola e andando a trovarla sul posto di lavoro. L&#8217;uomo \u00e9 stato accompagnato per l&#8217;esecuzione della misura in una comunit\u00e0 terapeutica.<\/p>\n<p>&nbsp;<\/p>\n<p>&nbsp;<\/p>\n<p>&nbsp;<\/p>\n<p>&nbsp;<\/p>\n<hr \/>\n<p>&nbsp;<\/p>\n<p>&nbsp;<\/p>\n<h3>NELLO SCONTRO HA LA PEGGIO IL MOTOCICLISTA<\/h3>\n<p><strong><a class=\"dt-pswp-item\" href=\"https:\/\/www.radiopiu.net\/wordpress\/wp-content\/uploads\/2020\/01\/523e083d-74c6-4e17-b0e2-d26cccea37e8.jpg\" data-dt-img-description=\"\" data-large_image_width=\"1280\" data-large_image_height=\"960\"><img loading=\"lazy\" decoding=\"async\" class=\"size-medium wp-image-113380 alignleft\" src=\"https:\/\/www.radiopiu.net\/wordpress\/wp-content\/uploads\/2020\/01\/523e083d-74c6-4e17-b0e2-d26cccea37e8-300x225.jpg\" alt=\"\" width=\"300\" height=\"225\" srcset=\"https:\/\/www.radiopiu.net\/wordpress\/wp-content\/uploads\/2020\/01\/523e083d-74c6-4e17-b0e2-d26cccea37e8-300x225.jpg 300w, https:\/\/www.radiopiu.net\/wordpress\/wp-content\/uploads\/2020\/01\/523e083d-74c6-4e17-b0e2-d26cccea37e8-1024x768.jpg 1024w, https:\/\/www.radiopiu.net\/wordpress\/wp-content\/uploads\/2020\/01\/523e083d-74c6-4e17-b0e2-d26cccea37e8-768x576.jpg 768w, https:\/\/www.radiopiu.net\/wordpress\/wp-content\/uploads\/2020\/01\/523e083d-74c6-4e17-b0e2-d26cccea37e8.jpg 1280w\" sizes=\"auto, (max-width: 300px) 100vw, 300px\" \/><\/a>FELTRE<\/strong> Ieri sera prima delle 20 in via Campo Misto incidente tra un&#8217;auto e un ciclomotore. Il Fiat Scudo condotto da un 54 enne del luogo girando a sinistra per immettersi in un parcheggio si \u00e8 scontrato con un \u00a0ciclomotore Honda condotto da un 59enne di Feltre. Quest&#8217;ultimo\u00a0 \u00e8 stato ricoverato all&#8217;ospedale di Feltre per una frattura esposta di tibia e perone,\u00a0 prognosi di 40 giorni. Per i rilievi sono intervenuti i Carabinieri di Arsi\u00e8<\/p>\n<p>&nbsp;<\/p>\n<p>&nbsp;<\/p>\n<p>&nbsp;<\/p>\n<p>&nbsp;<\/p>\n<p>&nbsp;<\/p>\n<p>&nbsp;<\/p>\n<p>&nbsp;<\/p>\n<p>&nbsp;<\/p>\n<hr \/>\n<h3><\/h3>\n<p>&nbsp;<\/p>\n<h3>VENDITORE DI FRUTTA E TRUFFATORE, BECCATO DAI CARABINIERI A CENCENIGHE<\/h3>\n<p><strong><a class=\"dt-pswp-item\" href=\"https:\/\/www.radiopiu.net\/wordpress\/wp-content\/uploads\/2020\/01\/fcd9e1e4-b172-423f-88ec-b38a5c7af.jpg\" data-dt-img-description=\"\" data-large_image_width=\"1280\" data-large_image_height=\"720\"><img loading=\"lazy\" decoding=\"async\" class=\"size-medium wp-image-113377 alignleft\" src=\"https:\/\/www.radiopiu.net\/wordpress\/wp-content\/uploads\/2020\/01\/fcd9e1e4-b172-423f-88ec-b38a5c7af-300x169.jpg\" alt=\"\" width=\"300\" height=\"169\" srcset=\"https:\/\/www.radiopiu.net\/wordpress\/wp-content\/uploads\/2020\/01\/fcd9e1e4-b172-423f-88ec-b38a5c7af-300x169.jpg 300w, https:\/\/www.radiopiu.net\/wordpress\/wp-content\/uploads\/2020\/01\/fcd9e1e4-b172-423f-88ec-b38a5c7af-1024x576.jpg 1024w, https:\/\/www.radiopiu.net\/wordpress\/wp-content\/uploads\/2020\/01\/fcd9e1e4-b172-423f-88ec-b38a5c7af-768x432.jpg 768w, https:\/\/www.radiopiu.net\/wordpress\/wp-content\/uploads\/2020\/01\/fcd9e1e4-b172-423f-88ec-b38a5c7af.jpg 1280w\" sizes=\"auto, (max-width: 300px) 100vw, 300px\" \/><\/a>CENCENIGHE<\/strong> I Carabinieri della locale stazione hanno denunciato in stato di libert\u00e0 per furto aggravato G.S. 29 anni\u00a0 residente nel napoletano. L&#8217;uomo nella giornata di ieri avvicinava un 86enne agordino con la scusa di vendergli della frutta. Al momento del pagamento l&#8217;uomo, con una mossa fulminea, si impossessava di 150 euro che l&#8217;anziano custodiva nel portafoglio dileguandosi rapidamente con il proprio furgone Fiat Scudo. In base alle indicazioni fornite dall&#8217;uomo i militari si sono messi immediatamente alla ricerca del mezzo rintracciandolo dopo poco tempo nel centro cittadino recuperando i soldi e identificando il presunto responsabile<\/p>\n<p>&nbsp;<\/p>\n<p>&nbsp;<\/p>\n<p>&nbsp;<\/p>\n<p>&nbsp;<\/p>\n<p>&nbsp;<\/p>\n<hr \/>\n<h3><\/h3>\n<p>&nbsp;<\/p>\n<h3><\/h3>\n<h3>INCIDENTE A PEDAVENA CON IL TRATTORE<\/h3>\n<p>Poco prima delle 11, i vigili del fuoco sono intervenuti in localit\u00e0 Croce d\u2019Aune nel comune di Pedavena per la caduta da un pendio di un agricoltore, che era bordo di un piccolo trattore: ferito un 51 enne del posto. L\u2019uomo stava conducendo il mezzo agricolo quando per cause in corso di accertamento \u00e8 caduto a valle per diversi metri, capovolgendosi e fermandosi contro delle piante. I vigili del fuoco arrivati da Feltre, hanno collaborato insieme al personale del Suem 118 ai soccorsi dell\u2019uomo, che \u00e8 stato stabilizzato dai sanitari per poi essere elitrasportato all\u2019ospedale di Treviso. I vigili del fuoco con l\u2019ausilio dell\u2019autogr\u00f9 arrivata da Belluno hanno recuperato il piccolo trattore e il rimorchio. Le operazioni di soccorso sono terminate intorno alle 15.<\/p>\n<p><strong>LE FOTO DELL&#8217;INTERVENTO<\/strong><\/p>\n\n\t\t\t<style type='text\/css'>\n\t\t\t\t#gallery-1 {\n\t\t\t\t\tmargin: auto;\n\t\t\t\t}\n\t\t\t\t#gallery-1 .gallery-item {\n\t\t\t\t\tfloat: left;\n\t\t\t\t\tmargin-top: 10px;\n\t\t\t\t\ttext-align: center;\n\t\t\t\t\twidth: 33%;\n\t\t\t\t}\n\t\t\t\t#gallery-1 img {\n\t\t\t\t\tborder: 2px solid #cfcfcf;\n\t\t\t\t}\n\t\t\t\t#gallery-1 .gallery-caption {\n\t\t\t\t\tmargin-left: 0;\n\t\t\t\t}\n\t\t\t\t\/* see gallery_shortcode() in wp-includes\/media.php *\/\n\t\t\t<\/style>\n\t\t<div id='gallery-1' class='dt-gallery-container gallery galleryid-113356 gallery-columns-3 gallery-size-medium'><dl class='gallery-item'>\n\t\t\t\t<dt class='gallery-icon portrait'>\n\t\t\t\t\t<a class=\"rollover\" href='https:\/\/www.radiopiu.net\/wordpress\/incidente-a-pedavena-con-il-trattore\/whatsapp-image-2020-01-17-at-18-55-28\/'><img loading=\"lazy\" decoding=\"async\" width=\"231\" height=\"300\" src=\"https:\/\/www.radiopiu.net\/wordpress\/wp-content\/uploads\/2020\/01\/WhatsApp-Image-2020-01-17-at-18.55.28-231x300.jpeg\" class=\"attachment-medium size-medium\" alt=\"\" srcset=\"https:\/\/www.radiopiu.net\/wordpress\/wp-content\/uploads\/2020\/01\/WhatsApp-Image-2020-01-17-at-18.55.28-231x300.jpeg 231w, https:\/\/www.radiopiu.net\/wordpress\/wp-content\/uploads\/2020\/01\/WhatsApp-Image-2020-01-17-at-18.55.28.jpeg 622w\" sizes=\"auto, (max-width: 231px) 100vw, 231px\" \/><\/a>\n\t\t\t\t<\/dt><\/dl><dl class='gallery-item'>\n\t\t\t\t<dt class='gallery-icon portrait'>\n\t\t\t\t\t<a class=\"rollover\" href='https:\/\/www.radiopiu.net\/wordpress\/incidente-a-pedavena-con-il-trattore\/whatsapp-image-2020-01-17-at-18-55\/'><img loading=\"lazy\" decoding=\"async\" width=\"193\" height=\"300\" src=\"https:\/\/www.radiopiu.net\/wordpress\/wp-content\/uploads\/2020\/01\/WhatsApp-Image-2020-01-17-at-18.55-193x300.jpeg\" class=\"attachment-medium size-medium\" alt=\"\" srcset=\"https:\/\/www.radiopiu.net\/wordpress\/wp-content\/uploads\/2020\/01\/WhatsApp-Image-2020-01-17-at-18.55-193x300.jpeg 193w, https:\/\/www.radiopiu.net\/wordpress\/wp-content\/uploads\/2020\/01\/WhatsApp-Image-2020-01-17-at-18.55.jpeg 622w\" sizes=\"auto, (max-width: 193px) 100vw, 193px\" \/><\/a>\n\t\t\t\t<\/dt><\/dl><dl class='gallery-item'>\n\t\t\t\t<dt class='gallery-icon landscape'>\n\t\t\t\t\t<a class=\"rollover\" href='https:\/\/www.radiopiu.net\/wordpress\/incidente-a-pedavena-con-il-trattore\/whatsapp-image-2020-01-17-at-18-55-29\/'><img loading=\"lazy\" decoding=\"async\" width=\"300\" height=\"214\" src=\"https:\/\/www.radiopiu.net\/wordpress\/wp-content\/uploads\/2020\/01\/WhatsApp-Image-2020-01-17-at-18.55.29-300x214.jpeg\" class=\"attachment-medium size-medium\" alt=\"\" srcset=\"https:\/\/www.radiopiu.net\/wordpress\/wp-content\/uploads\/2020\/01\/WhatsApp-Image-2020-01-17-at-18.55.29-300x214.jpeg 300w, https:\/\/www.radiopiu.net\/wordpress\/wp-content\/uploads\/2020\/01\/WhatsApp-Image-2020-01-17-at-18.55.29.jpeg 622w\" sizes=\"auto, (max-width: 300px) 100vw, 300px\" \/><\/a>\n\t\t\t\t<\/dt><\/dl><br style=\"clear: both\" \/>\n\t\t\t<\/div>\n\n<p>&nbsp;<\/p>\n<p>&nbsp;<\/p>\n<hr \/>\n<p>&nbsp;<\/p>\n<p>&nbsp;<\/p>\n<h2><span style=\"color: #ff0000;\">LA STORIA A LIETO FINE<\/span><\/h2>\n<p><strong>BELLUNO<\/strong> Pompieri eroi a Col di Salce per aver recuperato un gatto rimasto bloccato sul ramo di un albero per tre giorni. Il gattone era a 20 metri da terra e il recupero \u00e8 stato particolarmente difficile per il nervosismo del felino che alla fine \u00e8 saltato in braccio al suo proprietario salito assieme ai vigili del fuoco sul cestello elevatore.<\/p>\n<p>&nbsp;<\/p>\n<p>&nbsp;<\/p>\n<hr \/>\n<p>&nbsp;<\/p>\n<p>&nbsp;<\/p>\n<h3>OGGI SUL CORRIERE DELLE ALPI, di Marco Filippi<\/h3>\n<p>Farmacista zoldana svuota il conto della zia Spariti 170 mila euro, Il tribunale di Treviso ha condannato la professionista a restituire tutti i soldi prelevati, compresi gli interessi.<\/p>\n<p><strong>VAL DI ZOLDO<\/strong> Svuota il conto dell&#8217;anziana zia ma ora deve restituirle tutti i soldi prelevati, circa 170.000 euro, con gli interessi. \u00c8 quanto ha stabilito il giudice del tribunale civile di Treviso, Massimo De Luca, in una sentenza depositata pochi giorni fa. Protagoniste della vicenda, da una parte un&#8217;anziana di Vittorio Veneto, A.T. di 88 anni (assistita dagli avvocati Stefano Arrigo e Claudia De Pellegrini del foro di Treviso) e dall&#8217;altra una farmacista, I.T., 50 anni di Val di Zoldo. Tutto ha inizio a fine del 2016 &#8230;<\/p>\n<p>&nbsp;<\/p>\n<p>&nbsp;<\/p>\n<p>&nbsp;<\/p>\n<hr \/>\n<p>&nbsp;<\/p>\n<p>&nbsp;<\/p>\n<h3>DROGA AD AGORDO, I DUE OPERAI DI LUXOTTICA RIMANGONO AGLI ARRESTI DOMICILIARI<\/h3>\n<p><strong><a class=\"dt-pswp-item\" href=\"https:\/\/www.radiopiu.net\/wordpress\/wp-content\/uploads\/2020\/01\/download-4.jpg\" data-dt-img-description=\"\" data-large_image_width=\"259\" data-large_image_height=\"194\"><img loading=\"lazy\" decoding=\"async\" class=\" wp-image-113506 alignleft\" src=\"https:\/\/www.radiopiu.net\/wordpress\/wp-content\/uploads\/2020\/01\/download-4.jpg\" alt=\"\" width=\"174\" height=\"130\" \/><\/a>AGORDO<\/strong> Nessuna ulteriore concessione dopo la scarcerazione nonostante la coppia Claudio Zasso e Luana Di Giandomenico continuino a professarsi innocenti perch\u00e9 l&#8217;eroina acquistata a Padova (pi\u00f9 di un etto e mezzo) era la loro scorta per l&#8217;uso personale. I due agordini lui di Rivamonte lei di Agordo vorrebbero tornare al lavoro e quindi ottenere la &#8220;scarcerazione&#8221; anche dai domiciliari.<\/p>\n<p>Nei reparti \u00e8 l&#8217;argomento del giorno, si parla solo di questo anche sulle pagine social dove per\u00f2 su Lux Italia dove i post compaiono e scompaiono nell&#8217;arco di pochi minuti per commenti non sempre consoni alla vicenda perch\u00e9 i &#8220;leoni da tastiera&#8221; sono in crescente aumento quotidiano.<\/p>\n<p>&nbsp;<\/p>\n<p>&nbsp;<\/p>\n<hr \/>\n<p>&nbsp;<\/p>\n<p>&nbsp;<\/p>\n<h2>COSTRETTI A COSTITUIRSI IN GIUDIZIO PER OTTENERE IL PAGAMENTO DEI CANONI ARRETRATI<\/h2>\n<p><strong><a class=\"dt-pswp-item\" href=\"https:\/\/www.radiopiu.net\/wordpress\/wp-content\/uploads\/2020\/01\/FOSO_21184b.jpg\" data-dt-img-description=\"\" data-large_image_width=\"640\" data-large_image_height=\"480\"><img loading=\"lazy\" decoding=\"async\" class=\"wp-image-113468 alignleft\" src=\"https:\/\/www.radiopiu.net\/wordpress\/wp-content\/uploads\/2020\/01\/FOSO_21184b-300x225.jpg\" alt=\"\" width=\"184\" height=\"138\" srcset=\"https:\/\/www.radiopiu.net\/wordpress\/wp-content\/uploads\/2020\/01\/FOSO_21184b-300x225.jpg 300w, https:\/\/www.radiopiu.net\/wordpress\/wp-content\/uploads\/2020\/01\/FOSO_21184b.jpg 640w\" sizes=\"auto, (max-width: 184px) 100vw, 184px\" \/><\/a>ROCCA PIETORE<\/strong><\/p>\n<p><strong>DI GIANNI SANTOMASO<\/strong><\/p>\n<audio class=\"wp-audio-shortcode\" id=\"audio-113356-2\" preload=\"none\" style=\"width: 100%;\" controls=\"controls\"><source type=\"audio\/mpeg\" src=\"https:\/\/www.radiopiu.net\/wordpress\/wp-content\/uploads\/2020\/01\/GIANNI-MARMO.mp3?_=2\" \/><a href=\"https:\/\/www.radiopiu.net\/wordpress\/wp-content\/uploads\/2020\/01\/GIANNI-MARMO.mp3\">https:\/\/www.radiopiu.net\/wordpress\/wp-content\/uploads\/2020\/01\/GIANNI-MARMO.mp3<\/a><\/audio>\n<h2><\/h2>\n<p>&nbsp;<\/p>\n<hr \/>\n<h2><\/h2>\n<p>&nbsp;<\/p>\n<h2>ERAVAMO UNA PROVINCIA DI MONTAGNA MA PRIMA DELLA SINDROME DI VAIA<\/h2>\n<p>Dopo un lungo periodo di tempo bello, una perturbazione sta per interessare il Veneto: cielo molto nuvoloso, con probabilit\u00e0 di precipitazioni 75%-100% e limite delle nevicate attorno a 700-800 metri sui settori prealpini esposti a sud, fino ai fondovalle sulle Dolomiti e, localmente, anche in qualche fondovalle prealpino. L\u2019allerta \u00e8 valida fino alle 9 di domani<\/p>\n<p>&nbsp;<\/p>\n<p><a class=\"dt-pswp-item\" href=\"https:\/\/www.radiopiu.net\/wordpress\/wp-content\/uploads\/2019\/01\/allerta-neve.jpg\" data-dt-img-description=\"\" data-large_image_width=\"1073\" data-large_image_height=\"720\"><img loading=\"lazy\" decoding=\"async\" class=\" wp-image-74985 alignleft\" src=\"https:\/\/www.radiopiu.net\/wordpress\/wp-content\/uploads\/2019\/01\/allerta-neve-300x201.jpg\" alt=\"\" width=\"204\" height=\"137\" srcset=\"https:\/\/www.radiopiu.net\/wordpress\/wp-content\/uploads\/2019\/01\/allerta-neve-300x201.jpg 300w, https:\/\/www.radiopiu.net\/wordpress\/wp-content\/uploads\/2019\/01\/allerta-neve-768x515.jpg 768w, https:\/\/www.radiopiu.net\/wordpress\/wp-content\/uploads\/2019\/01\/allerta-neve-1024x687.jpg 1024w, https:\/\/www.radiopiu.net\/wordpress\/wp-content\/uploads\/2019\/01\/allerta-neve.jpg 1073w\" sizes=\"auto, (max-width: 204px) 100vw, 204px\" \/><\/a><\/p>\n<p><strong>BELLUNO<\/strong><\/p>\n<p><strong>DI DAMIANO TORMEN<\/strong><\/p>\n<audio class=\"wp-audio-shortcode\" id=\"audio-113356-3\" preload=\"none\" style=\"width: 100%;\" controls=\"controls\"><source type=\"audio\/mpeg\" src=\"https:\/\/www.radiopiu.net\/wordpress\/wp-content\/uploads\/2020\/01\/DAMIANO.mp3?_=3\" \/><a href=\"https:\/\/www.radiopiu.net\/wordpress\/wp-content\/uploads\/2020\/01\/DAMIANO.mp3\">https:\/\/www.radiopiu.net\/wordpress\/wp-content\/uploads\/2020\/01\/DAMIANO.mp3<\/a><\/audio>\n<p>&nbsp;<\/p>\n<p>&nbsp;<\/p>\n<p>&nbsp;<\/p>\n<hr \/>\n<p>&nbsp;<\/p>\n<p>&nbsp;<\/p>\n<h3>L&#8217;ESERCITAZIONE: CADE LA VALANGA TRAVOLGENDO ALCUNE PERSONE<\/h3>\n<blockquote><p>Per ricevere gli aggiornamenti in tempo reale delle notizie pubblicate alla radio e sul sito di radio pi\u00f9 iscriviti al gruppo RADIO PIU INFORMAZIONE su Telegram.\u00a0 Dove l\u2019informazione\u2026 non si paga\u00a0<a href=\"https:\/\/t.me\/radiopiu\">clicca qui<\/a><\/p><\/blockquote>\n<p>&nbsp;<\/p>\n<p><strong>CORTINA<\/strong> Addestramento congiunto nell&#8217;emergenza da valanga con il Soccorso Alpino di Cortina e il Soccorso Alpino della Guardia di Finanza di Cortina ed Auronzo (Sagf). E&#8217; stata simulata la caduta di una valanga con il coinvolgimento di alcune persone. Sul campo erano stati sepolti manichini e un figurante, nonch\u00e9 abbandonati vari reperti.\u00a0 I soccorritori allertati dal 118 si sono mossi seguendo la procedura richiesta in una delle emergenze pi\u00f9 impegnative in assoluto, per la velocit\u00e0 con cui \u00e8 necessario intervenire e per la gestione di un elevato numero di tecnici.<\/p>\n<p><strong>IL SOCCORSO NEI PARTICOLARI<\/strong><\/p>\n<p>I primi ad arrivare sul luogo del distacco hanno trovato il testimone &#8211; un discesista che stava praticando un fuoripista con due amici rimasti travolti dalla valanga &#8211; e hanno subito avviato la prima ricerca, vista-udito e con Artva e Recco, avvalendosi del supporto della prima unit\u00e0 cinofila e delle sucessive squadre. Stabiliti i due direttori di valanga, sono poi stati distribuiti ruoli e mansioni. Con il ritrovamento di una racchetta da neve e dei primi travolti, che indossavano per\u00f2 scarponi da scialpinismo, lo scenario si \u00e8 modificato fino al rinvenimento di uno scialpinista ferito, il cui racconto ha definito il quadro: stavano risalendo in quattro con le pelli di foca quando sono stati investiti dalla valanga, probabilmente innescata pi\u00f9 in alto dagli sciatori in fuori pista, mentre nelle vicinanze si trovava anche un ciaspolatore. Con il personale sanitario sono state ripassate le manovre di disseppellimento, immobilizzazione e trasporto, finch\u00e9 tutte le persone coinvolte non sono state ritrovate grazie al fiuto dei cani, all&#8217;utilizzo degli apparecchi di autosoccorso e ai sondaggi. A conclusione dell&#8217;addestramento le varie figure responsabili si sono confrontate sull&#8217;attivit\u00e0 svolta per evidenziare eventuali problemi e criticit\u00e0. Erano presenti una trentina di soccorritori e 4 unit\u00e0 cinofile.<\/p>\n<p>&nbsp;<\/p>\n\n\t\t\t<style type='text\/css'>\n\t\t\t\t#gallery-2 {\n\t\t\t\t\tmargin: auto;\n\t\t\t\t}\n\t\t\t\t#gallery-2 .gallery-item {\n\t\t\t\t\tfloat: left;\n\t\t\t\t\tmargin-top: 10px;\n\t\t\t\t\ttext-align: center;\n\t\t\t\t\twidth: 33%;\n\t\t\t\t}\n\t\t\t\t#gallery-2 img {\n\t\t\t\t\tborder: 2px solid #cfcfcf;\n\t\t\t\t}\n\t\t\t\t#gallery-2 .gallery-caption {\n\t\t\t\t\tmargin-left: 0;\n\t\t\t\t}\n\t\t\t\t\/* see gallery_shortcode() in wp-includes\/media.php *\/\n\t\t\t<\/style>\n\t\t<div id='gallery-2' class='dt-gallery-container gallery galleryid-113356 gallery-columns-3 gallery-size-thumbnail'><dl class='gallery-item'>\n\t\t\t\t<dt class='gallery-icon landscape'>\n\t\t\t\t\t<a class=\"rollover\" href='https:\/\/www.radiopiu.net\/wordpress\/lesercitazione-cade-la-valanga-travolgendo-alcune-persone\/img-20200117-wa0022\/'><img loading=\"lazy\" decoding=\"async\" width=\"150\" height=\"150\" src=\"https:\/\/www.radiopiu.net\/wordpress\/wp-content\/uploads\/2020\/01\/IMG-20200117-WA0022-150x150.jpg\" class=\"attachment-thumbnail size-thumbnail\" alt=\"\" \/><\/a>\n\t\t\t\t<\/dt><\/dl><dl class='gallery-item'>\n\t\t\t\t<dt class='gallery-icon landscape'>\n\t\t\t\t\t<a class=\"rollover\" href='https:\/\/www.radiopiu.net\/wordpress\/lesercitazione-cade-la-valanga-travolgendo-alcune-persone\/img-20200117-wa0025\/'><img loading=\"lazy\" decoding=\"async\" width=\"150\" height=\"150\" src=\"https:\/\/www.radiopiu.net\/wordpress\/wp-content\/uploads\/2020\/01\/IMG-20200117-WA0025-150x150.jpg\" class=\"attachment-thumbnail size-thumbnail\" alt=\"\" \/><\/a>\n\t\t\t\t<\/dt><\/dl><dl class='gallery-item'>\n\t\t\t\t<dt class='gallery-icon landscape'>\n\t\t\t\t\t<a class=\"rollover\" href='https:\/\/www.radiopiu.net\/wordpress\/lesercitazione-cade-la-valanga-travolgendo-alcune-persone\/img-20200117-wa0026\/'><img loading=\"lazy\" decoding=\"async\" width=\"150\" height=\"150\" src=\"https:\/\/www.radiopiu.net\/wordpress\/wp-content\/uploads\/2020\/01\/IMG-20200117-WA0026-150x150.jpg\" class=\"attachment-thumbnail size-thumbnail\" alt=\"\" \/><\/a>\n\t\t\t\t<\/dt><\/dl><br style=\"clear: both\" \/><dl class='gallery-item'>\n\t\t\t\t<dt class='gallery-icon portrait'>\n\t\t\t\t\t<a class=\"rollover\" href='https:\/\/www.radiopiu.net\/wordpress\/lesercitazione-cade-la-valanga-travolgendo-alcune-persone\/img-20200117-wa0023\/'><img loading=\"lazy\" decoding=\"async\" width=\"150\" height=\"150\" src=\"https:\/\/www.radiopiu.net\/wordpress\/wp-content\/uploads\/2020\/01\/IMG-20200117-WA0023-150x150.jpg\" class=\"attachment-thumbnail size-thumbnail\" alt=\"\" \/><\/a>\n\t\t\t\t<\/dt><\/dl><dl class='gallery-item'>\n\t\t\t\t<dt class='gallery-icon portrait'>\n\t\t\t\t\t<a class=\"rollover\" href='https:\/\/www.radiopiu.net\/wordpress\/lesercitazione-cade-la-valanga-travolgendo-alcune-persone\/img-20200117-wa0027\/'><img loading=\"lazy\" decoding=\"async\" width=\"150\" height=\"150\" src=\"https:\/\/www.radiopiu.net\/wordpress\/wp-content\/uploads\/2020\/01\/IMG-20200117-WA0027-150x150.jpg\" class=\"attachment-thumbnail size-thumbnail\" alt=\"\" \/><\/a>\n\t\t\t\t<\/dt><\/dl>\n\t\t\t\t<br style='clear: both' \/>\n\t\t\t<\/div>\n\n<blockquote><p><em>Grande soddisfazione per l&#8217;esito dell&#8217;esercitazione \u00e8 stata espressa sia dal comandante provinciale della Guardia di finanza Gaetano Giacchi, accompagnato dal comandante del gruppo della Guardia di finanza di Belluno Alessandro Caputo, che dal delegato del Soccorso alpino Dolomiti Bellunesi Alex Barattin. Le operazioni condivise, che si ripeteranno per la fase estiva con l&#8217;ausilio della sezione aerea di Bolzano della Guardia di finanza, rientrano negli obiettivi del protocollo siglato il 23 settembre del 2016.<\/em><\/p><\/blockquote>\n<p>&nbsp;<\/p>\n<p>&nbsp;<\/p>\n<hr \/>\n<p>&nbsp;<\/p>\n<p>&nbsp;<\/p>\n<p>&nbsp;<\/p>\n<h3>NON CI SARANNO CODE DAVANTI AL SEMAFORO, L&#8217;ATTENZIONE DEL COMUNE DI FALCADE E VENETO STRADE<\/h3>\n<h3>Per ricevere gli aggiornamenti in tempo reale delle notizie pubblicate alla radio e sul sito di radio pi\u00f9 iscriviti al gruppo RADIO PIU INFORMAZIONE su Telegram.\u00a0\u00a0<a href=\"https:\/\/t.me\/radiopiu\">clicca qui<\/a><\/h3>\n<p><strong><a class=\"dt-pswp-item\" href=\"https:\/\/www.radiopiu.net\/wordpress\/wp-content\/uploads\/2020\/01\/La-Mora_CANALE-20190410-WA0007.jpeg\" data-dt-img-description=\"\" data-large_image_width=\"1200\" data-large_image_height=\"1600\"><img loading=\"lazy\" decoding=\"async\" class=\"size-medium wp-image-113411 alignleft\" src=\"https:\/\/www.radiopiu.net\/wordpress\/wp-content\/uploads\/2020\/01\/La-Mora_CANALE-20190410-WA0007-225x300.jpeg\" alt=\"\" width=\"225\" height=\"300\" srcset=\"https:\/\/www.radiopiu.net\/wordpress\/wp-content\/uploads\/2020\/01\/La-Mora_CANALE-20190410-WA0007-225x300.jpeg 225w, https:\/\/www.radiopiu.net\/wordpress\/wp-content\/uploads\/2020\/01\/La-Mora_CANALE-20190410-WA0007-768x1024.jpeg 768w, https:\/\/www.radiopiu.net\/wordpress\/wp-content\/uploads\/2020\/01\/La-Mora_CANALE-20190410-WA0007-1152x1536.jpeg 1152w, https:\/\/www.radiopiu.net\/wordpress\/wp-content\/uploads\/2020\/01\/La-Mora_CANALE-20190410-WA0007.jpeg 1200w\" sizes=\"auto, (max-width: 225px) 100vw, 225px\" \/><\/a><\/strong><\/p>\n<p>&nbsp;<\/p>\n<p><strong>FALCADE<\/strong> Quell&#8217;ordinanza che prevede il senso unico alternato anche il sabato e la domenica lungo la regionale 346 del San Pellegrino poco sopra Canale d&#8217;Agordo prima di Falcade,\u00a0 aveva sollevato alcune perplessit\u00e0. Il sabato e la domenica giorni del cambio ma anche dell&#8217;afflusso record dei pendolari del fine settimana quella strada \u00e8 un flusso continuo di mezzi, un semaforo alternato non controllato da movieri porterebbe inevitabilmente a lunghe code. La preoccupazione \u00e8 stata espressa anche dal sindaco di Falcade Michele Costa a Veneto Strade dove ha trovato porte aperte ed orecchi attenti. <em>&#8220;Benvengano i lavori &#8211; dice il sindaco di Falcade &#8211; sono necessari dopo i disastri autunnali, necessari ed urgenti anche se la stagione non \u00e8 la migliore per avviare i cantieri. Ma la domenica al momento del rientro sono centinaia le auto in transito e da Veneto Strade ci sono state fornite rassicurazioni che la ditta incaricata far\u00e0 in modo di mettere in sicurezza le due corsie gi\u00e0 al venerdi sera, in caso contrario e quindi di emergenza, non mancher\u00e0 di lasciare sul posto un moviere che garantir\u00e0 maggiore scorrevolezza ai mezzi in transito&#8221;.<\/em><\/p>\n<p>&nbsp;<\/p>\n<p>&nbsp;<\/p>\n<p>&nbsp;<\/p>\n<p>&nbsp;<\/p>\n<p>&nbsp;<\/p>\n<hr \/>\n<h3><\/h3>\n<p>&nbsp;<\/p>\n<h3>FINANZIAMENTO 40 MILIONI AL VENETO PER IL MALTEMPO<\/h3>\n<p><strong>VENEZIA<\/strong> Il Governo ha staccato l&#8217;assegno da 40 milioni di euro dei 208 gi\u00e0 stanziati e destinati al Veneto. Il Governatore Luca Zaia riconosce i meriti del\u00a0 capodipartimento Angelo Borrelli che, dopo aver garantito la sua presenza sul campo nei giorni pi\u00f9 duri, come gi\u00e0 per Vaia, ha creato tutte le condizioni affinch\u00e9 il Veneto sia sostenuto nella ripresa, dopo i gravi danni del maltempo e delle mareggiate. Il finanziamento riguarda specificatamente i danni fuori dei confini del comune di Venezia che sono affidati a un altro commissario, il sindaco di Venezia Brugnaro.<\/p>\n<p><strong>L&#8217;ASSESSORE GIANPAOLO BOTTACIN<\/strong> <em>\u201c<span style=\"font-size: medium;\">Il Veneto \u00e8 disseminato di cantieri al lavoro per contrastare i danni del maltempo dell\u2019autunno scorso. Lo stanziamento ricevuto \u00e8 un risultato importante, il riconoscimento della necessit\u00e0 di sostenere il lavoro che come Regione stiamo svolgendo praticamente in modo ininterrotto da due anni fa dopo Vaia\u201d.<\/span><\/em><\/p>\n<p>&nbsp;<\/p>\n<p>&nbsp;<\/p>\n<p>&nbsp;<\/p>\n<hr \/>\n<p>&nbsp;<\/p>\n<h3>ETA&#8217; EVOLUTIVA VIA AL CICLO D&#8217;INCONTRI<\/h3>\n<p><strong><a class=\"dt-pswp-item\" href=\"https:\/\/www.radiopiu.net\/wordpress\/wp-content\/uploads\/2020\/01\/WhatsApp-Image-2020-01-17-at-15.20.34.jpeg\" data-dt-img-description=\"\" data-large_image_width=\"1600\" data-large_image_height=\"1200\"><img loading=\"lazy\" decoding=\"async\" class=\" wp-image-113422 alignleft\" src=\"https:\/\/www.radiopiu.net\/wordpress\/wp-content\/uploads\/2020\/01\/WhatsApp-Image-2020-01-17-at-15.20.34-300x225.jpeg\" alt=\"\" width=\"221\" height=\"166\" srcset=\"https:\/\/www.radiopiu.net\/wordpress\/wp-content\/uploads\/2020\/01\/WhatsApp-Image-2020-01-17-at-15.20.34-300x225.jpeg 300w, https:\/\/www.radiopiu.net\/wordpress\/wp-content\/uploads\/2020\/01\/WhatsApp-Image-2020-01-17-at-15.20.34-1024x768.jpeg 1024w, https:\/\/www.radiopiu.net\/wordpress\/wp-content\/uploads\/2020\/01\/WhatsApp-Image-2020-01-17-at-15.20.34-768x576.jpeg 768w, https:\/\/www.radiopiu.net\/wordpress\/wp-content\/uploads\/2020\/01\/WhatsApp-Image-2020-01-17-at-15.20.34-1536x1152.jpeg 1536w, https:\/\/www.radiopiu.net\/wordpress\/wp-content\/uploads\/2020\/01\/WhatsApp-Image-2020-01-17-at-15.20.34.jpeg 1600w\" sizes=\"auto, (max-width: 221px) 100vw, 221px\" \/><\/a>FELTRE<\/strong> Fornire ai genitori, ma anche a tutti coloro che a vario titolo hanno un ruolo nel percorso formativo e di crescita dei ragazzi, strumenti utili ad accompagnarli in una mission, oggi per certi versi molto pi\u00f9 complicata che in passato. E&#8217; questo l&#8217;obiettivo di \u201cAver cura di crescere\u201d, il progetto messo a punto dal Comune di Feltre , con il patrocinio dell&#8217;ULSS 1 \u201cDolomiti\u201d, che prender\u00e0 il via il prossimo 31 gennaio. Si tratta di un programma innovativo e organico in 4 incontri + 2 laboratori completamente gratuiti, nel corso dei quali saranno affrontati alcuni dei temi pi\u00f9 rilevanti dell&#8217;azione educativa oggi. Tra questi, anche alcune problematiche di stretta attualit\u00e0, come l&#8217;utilizzo delle tecnologie da parte dei nostri figli ed i rischi legati alla \u201ciperconnessione\u201d, ma anche l&#8217;utilizzo di linguaggi adeguati, il rapporto con l&#8217;ambiente e il territorio che ci ospita, e molto altro. Gli incontri sono ad ingresso libero. Informazioni, aggiornamenti e approfondimenti su www.visitfeltre.info.<\/p>\n<p><strong>L&#8217;ASSESSORE GIORGIA LI CASTRI<\/strong><\/p>\n<audio class=\"wp-audio-shortcode\" id=\"audio-113356-4\" preload=\"none\" style=\"width: 100%;\" controls=\"controls\"><source type=\"audio\/mpeg\" src=\"https:\/\/www.radiopiu.net\/wordpress\/wp-content\/uploads\/2020\/01\/li-castri.mp3?_=4\" \/><a href=\"https:\/\/www.radiopiu.net\/wordpress\/wp-content\/uploads\/2020\/01\/li-castri.mp3\">https:\/\/www.radiopiu.net\/wordpress\/wp-content\/uploads\/2020\/01\/li-castri.mp3<\/a><\/audio>\n<p>&nbsp;<\/p>\n<p>&nbsp;<\/p>\n<p>&nbsp;<\/p>\n<p>&nbsp;<\/p>\n<hr \/>\n<h3 align=\"center\"><\/h3>\n<h3 align=\"center\"><\/h3>\n<h3 class=\"Standard\" style=\"text-align: left;\" align=\"center\"><b>DA LONGARONE FIERE NUOVE IDEE PER MIG 2020<\/b><\/h3>\n<p class=\"Standard\"><strong>LONGARONE <\/strong>Il Consiglio di Amministrazione di Longarone Fiere Dolomiti ha recentemente analizzato il risultato dell\u2019edizione appena conclusa, la 60a, di MIG \u2013 Mostra Internazionale del Gelato Artigianale, rilevando come l\u2019andamento generale si sia mantenuto sui livelli dell\u2019anno precedente sia riguardo ai visitatori sia per quanto attiene le aziende espositrici. L\u2019ambito di azione si \u00e8 maggiormente concentrato sui mercati vicini ma i \u00a0contatti internazionali saranno rafforzati. MIG guarda al futuro, diverse proposte saranno focalizzate sui trend espressi chiaramente dalle pi\u00f9 recenti rilevazioni e sondaggi di mercato. Anche il programma complessivo di MIG 2020 sar\u00e0 calibrato in modo tale da non interferire con le attivit\u00e0 e gli incontri di affari negli stand. Infine, il Consiglio di Amministrazione di Longarone Fiere, nella consapevolezza che l\u2019attuale struttura espositiva necessita di un adeguamento, \u00e8 gi\u00e0 parte attiva per ricercare tutti i canali di finanziamento necessari, nell\u2019ambito dei diversi progetti che interessano il territorio bellunese, anche in vista delle Olimpiadi invernali 2026.<\/p>\n<p>&nbsp;<\/p>\n<p>&nbsp;<\/p>\n<p>&nbsp;<\/p>\n<hr \/>\n<p>&nbsp;<\/p>\n<p>&nbsp;<\/p>\n<h3><\/h3>\n<p>&nbsp;<\/p>\n<p>&nbsp;<\/p>\n<hr \/>\n<p>&nbsp;<\/p>\n<h3>NUOVI ASSISTENTI BAGNANTI PER LA PISCINA DI AGORDO ED ATTIVAMENTE AGORDINO<\/h3>\n<p><strong><a class=\"dt-pswp-item\" href=\"https:\/\/www.radiopiu.net\/wordpress\/wp-content\/uploads\/2019\/06\/impianto_Agordo_orari_piscina.jpg\" data-dt-img-description=\"\" data-large_image_width=\"1000\" data-large_image_height=\"300\"><img loading=\"lazy\" decoding=\"async\" class=\"size-medium wp-image-88772 alignleft\" src=\"https:\/\/www.radiopiu.net\/wordpress\/wp-content\/uploads\/2019\/06\/impianto_Agordo_orari_piscina-300x90.jpg\" alt=\"\" width=\"300\" height=\"90\" srcset=\"https:\/\/www.radiopiu.net\/wordpress\/wp-content\/uploads\/2019\/06\/impianto_Agordo_orari_piscina-300x90.jpg 300w, https:\/\/www.radiopiu.net\/wordpress\/wp-content\/uploads\/2019\/06\/impianto_Agordo_orari_piscina-768x230.jpg 768w, https:\/\/www.radiopiu.net\/wordpress\/wp-content\/uploads\/2019\/06\/impianto_Agordo_orari_piscina.jpg 1000w\" sizes=\"auto, (max-width: 300px) 100vw, 300px\" \/><\/a>AGORDO.<\/strong> Sabato 11 gennaio 2020 si \u00e8 concluso il primo corso &#8220;assistenti bagnanti&#8221; organizzato dalla SSD Attivamente Agordino, nuovo gestore della Piscina Comprensoriale di Agordo. Il corso, autorizzato dal Comitato Regionale della FIN (Federazione Italiana Nuoto) in collaborazione con la piscina di Fiera di Primiero, ha dato la possibilit\u00e0 di conseguire il brevetto professionale di assistente bagnante, riconosciuto a livello internazionale. 16 i ragazzi partecipanti che si so allenati nelle prove pratiche in acqua e nell&#8217;apprendimento del BLSD per il primo soccorso aziendale e la gestione delle emergenze, conseguendo brillantemente il brevetto. I nuovi assistenti bagnanti sono: Broglio Riccardo &#8211; Conedera Giada &#8211; Dal Fauro Martina &#8211; Da Roit Kevin &#8211; De Zaiacomo Sara &#8211; Fontanive Chiara &#8211; Longo Sandro &#8211; Lombardo William &#8211; Loss Giulia &#8211; Pederiva Giorgia &#8211; Simion Patrick &#8211; Vianello Anna &#8211; Vidale Alberto &#8211; Vinti Agnese &#8211; Zasso Liam &#8211; Xaiz Riccardo.<\/p>\n<blockquote><p><em>In primavera \u00e8 in programma un ulteriore corso al lago del Corlo, bacino artificiale nel Comune di Arsi\u00e8, dove sar\u00e0 allestito un centro di addestramento permanente per assistenti bagnanti con pattini, sup e moto d\u2019acqua. La societ\u00e0 ringrazia l\u2019istruttore Alessandro Ventimiglia, gestore della Piscina di Fiera di Primiero (TN) per la collaborazione didattica e la fornitura del materiale, gli istruttori Giorgio De Nardin, Marco Tom\u00e8 e Nicola De Zordi e la dottoressa Barbara Melchioretto.\u00a0<\/em><\/p><\/blockquote>\n<p>&nbsp;<\/p>\n<p>&nbsp;<\/p>\n<hr \/>\n<h3><\/h3>\n<h3><span style=\"color: #0000ff;\">IERI I TWEET<\/span><\/h3>\n<p><strong><a class=\"dt-pswp-item\" href=\"https:\/\/www.radiopiu.net\/wordpress\/wp-content\/uploads\/2020\/01\/tweet.png\" data-dt-img-description=\"\" data-large_image_width=\"225\" data-large_image_height=\"225\"><img loading=\"lazy\" decoding=\"async\" class=\"wp-image-112664 alignleft\" src=\"https:\/\/www.radiopiu.net\/wordpress\/wp-content\/uploads\/2020\/01\/tweet.png\" alt=\"\" width=\"69\" height=\"69\" srcset=\"https:\/\/www.radiopiu.net\/wordpress\/wp-content\/uploads\/2020\/01\/tweet.png 225w, https:\/\/www.radiopiu.net\/wordpress\/wp-content\/uploads\/2020\/01\/tweet-150x150.png 150w\" sizes=\"auto, (max-width: 69px) 100vw, 69px\" \/><\/a>del Ministro Federico D&#8217;Inc\u00e0<\/strong><br \/>\n<em><span class=\"css-901oao css-16my406 r-1qd0xha r-ad9z0x r-bcqeeo r-qvutc0\">Nel CDM\u00a0 sono stati stanziati 208 milioni per i danni causati dal maltempo in tutta Italia. Di questi, 40 milioni saranno destinati al <\/span><span class=\"r-18u37iz\"><a class=\"css-4rbku5 css-18t94o4 css-901oao css-16my406 r-1n1174f r-1loqt21 r-1qd0xha r-ad9z0x r-bcqeeo r-qvutc0\" dir=\"ltr\" role=\"link\" href=\"https:\/\/twitter.com\/hashtag\/Veneto?src=hashtag_click\" data-focusable=\"true\">#Veneto<\/a><\/span><span class=\"css-901oao css-16my406 r-1qd0xha r-ad9z0x r-bcqeeo r-qvutc0\">. Un\u2019ulteriore dimostrazione dell\u2019attenzione del Governo per cittadini e imprese colpiti dagli eventi climatici dei mesi scorsi<\/span><\/em><\/p>\n<p>&nbsp;<\/p>\n<p><em>Anche sulla scuola il Governo continua a dare risposte ai territori. Il MiurSocial ha stanziato 98 milioni per l&#8217;adeguamento degli istituti alla normativa antincendio. Di questi, 7 milioni saranno destinati al Veneto<\/em><\/p>\n<p>&nbsp;<\/p>\n<hr \/>\n<p>&nbsp;<\/p>\n<p>&nbsp;<\/p>\n<p>&nbsp;<\/p>\n<h3>LE NUOVE INSEGNE DI LUXOTTICA AD AGORDO<\/h3>\n<p class=\"photoswipe-wrapper\"><a class=\"dt-pswp-item\" href=\"https:\/\/www.radiopiu.net\/wordpress\/wp-content\/uploads\/2020\/01\/LAVORI-INSEGNA-LUXOTTICA-scaled.jpg\" data-dt-img-description=\"\" data-large_image_width=\"2560\" data-large_image_height=\"1920\"><img loading=\"lazy\" decoding=\"async\" class=\"size-medium wp-image-113443 alignright\" src=\"https:\/\/www.radiopiu.net\/wordpress\/wp-content\/uploads\/2020\/01\/LAVORI-INSEGNA-LUXOTTICA-300x225.jpg\" alt=\"\" width=\"300\" height=\"225\" srcset=\"https:\/\/www.radiopiu.net\/wordpress\/wp-content\/uploads\/2020\/01\/LAVORI-INSEGNA-LUXOTTICA-300x225.jpg 300w, https:\/\/www.radiopiu.net\/wordpress\/wp-content\/uploads\/2020\/01\/LAVORI-INSEGNA-LUXOTTICA-1024x768.jpg 1024w, https:\/\/www.radiopiu.net\/wordpress\/wp-content\/uploads\/2020\/01\/LAVORI-INSEGNA-LUXOTTICA-768x576.jpg 768w, https:\/\/www.radiopiu.net\/wordpress\/wp-content\/uploads\/2020\/01\/LAVORI-INSEGNA-LUXOTTICA-1536x1152.jpg 1536w, https:\/\/www.radiopiu.net\/wordpress\/wp-content\/uploads\/2020\/01\/LAVORI-INSEGNA-LUXOTTICA-2048x1536.jpg 2048w\" sizes=\"auto, (max-width: 300px) 100vw, 300px\" \/><\/a><\/p>\n<p><strong><a class=\"dt-pswp-item\" href=\"https:\/\/www.radiopiu.net\/wordpress\/wp-content\/uploads\/2020\/01\/f166567e-e139-4174-8de1-b51ad26229c1.jpg\" data-dt-img-description=\"\" data-large_image_width=\"1024\" data-large_image_height=\"768\"><img loading=\"lazy\" decoding=\"async\" class=\" wp-image-113475 alignleft\" src=\"https:\/\/www.radiopiu.net\/wordpress\/wp-content\/uploads\/2020\/01\/f166567e-e139-4174-8de1-b51ad26229c1-300x225.jpg\" alt=\"\" width=\"200\" height=\"150\" srcset=\"https:\/\/www.radiopiu.net\/wordpress\/wp-content\/uploads\/2020\/01\/f166567e-e139-4174-8de1-b51ad26229c1-300x225.jpg 300w, https:\/\/www.radiopiu.net\/wordpress\/wp-content\/uploads\/2020\/01\/f166567e-e139-4174-8de1-b51ad26229c1-768x576.jpg 768w, https:\/\/www.radiopiu.net\/wordpress\/wp-content\/uploads\/2020\/01\/f166567e-e139-4174-8de1-b51ad26229c1.jpg 1024w\" sizes=\"auto, (max-width: 200px) 100vw, 200px\" \/><\/a>AGORDO<\/strong> Operai al lavoro negli ultimi giorni presso lo stabilimento Luxottica di Agordo. Dopo alcuni anni l&#8217;azienda ha pensato di installare delle nuove insegne luminose sul tetto dello stabilimento &#8220;madre&#8221;. Al momento il lavoro si \u00e8 concluso sulla facciata che d\u00e0 verso il parcheggio interno. Un tabellone decisamente pi\u00f9 grande rispetto a quello vecchio e che vede il ritorno delle due stelle, logo storico dell&#8217;azienda del Cavalier Leonardo Del Vecchio. Sicuramente un&#8217;insegna che si far\u00e0 notare di pi\u00f9 alla sera, specialmente da chi transita in tangenziale. Nei prossimi giorni si aggiunger\u00e0 un&#8217;altro tabellone luminoso anche sul tetto del settore pi\u00f9 a sud dello stabilimento, sopra la mensa aziendale, i mezzi della ditta Case con la nuova tecnologia nelle elevazioni garantisce le operazioni di lavoro in massima sicurezza<\/p>\n<p>&nbsp;<\/p>\n<p>&nbsp;<\/p>\n<p><strong>LA NUOVA INSEGNA LUXOTTICA<\/strong><\/p>\n<p><a class=\"dt-pswp-item\" href=\"https:\/\/www.radiopiu.net\/wordpress\/wp-content\/uploads\/2020\/01\/NUOVA-INSEGNA-LUXOTTICA-scaled.jpg\" data-dt-img-description=\"\" data-large_image_width=\"2560\" data-large_image_height=\"1920\"><img loading=\"lazy\" decoding=\"async\" class=\"aligncenter wp-image-113444 size-large\" src=\"https:\/\/www.radiopiu.net\/wordpress\/wp-content\/uploads\/2020\/01\/NUOVA-INSEGNA-LUXOTTICA-1024x768.jpg\" alt=\"\" width=\"1024\" height=\"768\" srcset=\"https:\/\/www.radiopiu.net\/wordpress\/wp-content\/uploads\/2020\/01\/NUOVA-INSEGNA-LUXOTTICA-1024x768.jpg 1024w, https:\/\/www.radiopiu.net\/wordpress\/wp-content\/uploads\/2020\/01\/NUOVA-INSEGNA-LUXOTTICA-300x225.jpg 300w, https:\/\/www.radiopiu.net\/wordpress\/wp-content\/uploads\/2020\/01\/NUOVA-INSEGNA-LUXOTTICA-768x576.jpg 768w, https:\/\/www.radiopiu.net\/wordpress\/wp-content\/uploads\/2020\/01\/NUOVA-INSEGNA-LUXOTTICA-1536x1152.jpg 1536w, https:\/\/www.radiopiu.net\/wordpress\/wp-content\/uploads\/2020\/01\/NUOVA-INSEGNA-LUXOTTICA-2048x1536.jpg 2048w\" sizes=\"auto, (max-width: 1024px) 100vw, 1024px\" \/><\/a><\/p>\n<p>&nbsp;<\/p>\n<p>&nbsp;<\/p>\n<p>&nbsp;<\/p>\n<hr \/>\n<p>&nbsp;<\/p>\n<p>&nbsp;<\/p>\n<p>&nbsp;<\/p>\n<h3>GESTIONE DEL POLISPORTIVO, INCONTRO CON LE SOCIETA&#8217;<\/h3>\n<p><strong>BELLUNO<\/strong>\u00a0 Incontro tra il Comune di Belluno, la societ\u00e0 partecipata Sportivamente Belluno e alcune delle societ\u00e0 sportive che si allenano e gareggiano al Polisportivo: la riunione, che ha visto la partecipazione di una decina di societ\u00e0 tra quelle calcistiche e quelle impegnate nell&#8217;atletica leggera, \u00e8 stata convocata dall&#8217;assessore allo sport Marco Bogo per discutere della gestione della struttura sportiva. L&#8217;incontro si \u00e8 aperto con l&#8217;illustrazione da parte dell&#8217;assessore e di Sportivamente Belluno degli interventi svolti sulla struttura in questi anni:. La parola \u00e8 poi passata alle societ\u00e0, che hanno espresso alcune richieste: su tutte, la possibilit\u00e0 di avere spazi ulteriori nei magazzini, il potenziamento dell&#8217;illuminazione dell&#8217;impianto e l&#8217;acquisto di nuove attrezzature per poter ampliare il tipo di allenamenti. Tutti concordi, infine, nella necessit\u00e0 di trovare una soluzione condivisa per il controllo degli access<\/p>\n<h3>L&#8217;ASSESSORE\u00a0 ALLO SPORT MARCO BOGO<\/h3>\n<audio class=\"wp-audio-shortcode\" id=\"audio-113356-5\" preload=\"none\" style=\"width: 100%;\" controls=\"controls\"><source type=\"audio\/mpeg\" src=\"https:\/\/www.radiopiu.net\/wordpress\/wp-content\/uploads\/2020\/01\/Bogo-Incontro-gestione-Polisportivo.mp3?_=5\" \/><a href=\"https:\/\/www.radiopiu.net\/wordpress\/wp-content\/uploads\/2020\/01\/Bogo-Incontro-gestione-Polisportivo.mp3\">https:\/\/www.radiopiu.net\/wordpress\/wp-content\/uploads\/2020\/01\/Bogo-Incontro-gestione-Polisportivo.mp3<\/a><\/audio>\n<p>&nbsp;<\/p>\n<p>&nbsp;<\/p>\n<p>&nbsp;<\/p>\n<p>&nbsp;<\/p>\n<hr \/>\n<h3><\/h3>\n<p>&nbsp;<\/p>\n<h3>SERRAI DI SOTTOGUDA, AL LAVORO PER RIAPRIRE LE &#8220;STRADE&#8221;<\/h3>\n<h3>Per ricevere gli aggiornamenti in tempo reale delle notizie pubblicate alla radio e sul sito di radio pi\u00f9 iscriviti al gruppo RADIO PIU INFORMAZIONE su Telegram.\u00a0\u00a0<a href=\"https:\/\/t.me\/radiopiu\">clicca qui<\/a><\/h3>\n<p><strong><a class=\"dt-pswp-item\" href=\"https:\/\/www.radiopiu.net\/wordpress\/wp-content\/uploads\/2018\/11\/serrai-sottoguda-ph.moreno.geremetta.jpg\" data-dt-img-description=\"\" data-large_image_width=\"1600\" data-large_image_height=\"2400\"><img loading=\"lazy\" decoding=\"async\" class=\"size-medium wp-image-66550 alignleft\" src=\"https:\/\/www.radiopiu.net\/wordpress\/wp-content\/uploads\/2018\/11\/serrai-sottoguda-ph.moreno.geremetta-200x300.jpg\" alt=\"\" width=\"200\" height=\"300\" srcset=\"https:\/\/www.radiopiu.net\/wordpress\/wp-content\/uploads\/2018\/11\/serrai-sottoguda-ph.moreno.geremetta-200x300.jpg 200w, https:\/\/www.radiopiu.net\/wordpress\/wp-content\/uploads\/2018\/11\/serrai-sottoguda-ph.moreno.geremetta-768x1152.jpg 768w, https:\/\/www.radiopiu.net\/wordpress\/wp-content\/uploads\/2018\/11\/serrai-sottoguda-ph.moreno.geremetta-683x1024.jpg 683w, https:\/\/www.radiopiu.net\/wordpress\/wp-content\/uploads\/2018\/11\/serrai-sottoguda-ph.moreno.geremetta.jpg 1600w\" sizes=\"auto, (max-width: 200px) 100vw, 200px\" \/><\/a><\/strong><\/p>\n<p>&nbsp;<\/p>\n<blockquote><p><em>Per i Serrai di Sottoguda l&#8217;attenzione \u00e8 sempre alta. L&#8217;amministrazione comunale al gran completo, quindi con tutto l&#8217;arco dal sindaco ai componenti l&#8217;opposizione, si sono ritrovati allo stesso tavolo per valutare le condizioni attuali del cantiere pensando al futuro. Tra i portatori di interesse i responsabili delle ditte che lavorano e lavoreranno nei Serrai.<\/em><\/p><\/blockquote>\n<p>&nbsp;<\/p>\n<p><strong>ROCCA PIETORE<\/strong> Incontro a Rocca Pietore con Veneto Acque con il commissario per l&#8217;emergenza Nicola dell&#8217;Acqua con la fondazione Unesco, Mountaine Wilderness, Ascom, Consorzio Operatori Turistici, l&#8217;assessore regionale Gianpaolo Bottacin, il dirigente dei servizi forestali Gianmaria Sommavilla. Sul piatto i lavori del primo stralcio (lavori in corso) per la messa in sicurezza dei Serrai e del secondo stralcio che dar\u00e0 la fruibilit\u00e0 dell&#8217;importante itinerario storico turistico.<\/p>\n<p><strong>IL SINDACO ANDREA DE BERNARDIN<\/strong><\/p>\n<audio class=\"wp-audio-shortcode\" id=\"audio-113356-6\" preload=\"none\" style=\"width: 100%;\" controls=\"controls\"><source type=\"audio\/mpeg\" src=\"https:\/\/www.radiopiu.net\/wordpress\/wp-content\/uploads\/2020\/01\/ANDREA.mp3?_=6\" \/><a href=\"https:\/\/www.radiopiu.net\/wordpress\/wp-content\/uploads\/2020\/01\/ANDREA.mp3\">https:\/\/www.radiopiu.net\/wordpress\/wp-content\/uploads\/2020\/01\/ANDREA.mp3<\/a><\/audio>\n\n\t\t\t<style type='text\/css'>\n\t\t\t\t#gallery-3 {\n\t\t\t\t\tmargin: auto;\n\t\t\t\t}\n\t\t\t\t#gallery-3 .gallery-item {\n\t\t\t\t\tfloat: left;\n\t\t\t\t\tmargin-top: 10px;\n\t\t\t\t\ttext-align: center;\n\t\t\t\t\twidth: 33%;\n\t\t\t\t}\n\t\t\t\t#gallery-3 img {\n\t\t\t\t\tborder: 2px solid #cfcfcf;\n\t\t\t\t}\n\t\t\t\t#gallery-3 .gallery-caption {\n\t\t\t\t\tmargin-left: 0;\n\t\t\t\t}\n\t\t\t\t\/* see gallery_shortcode() in wp-includes\/media.php *\/\n\t\t\t<\/style>\n\t\t<div id='gallery-3' class='dt-gallery-container gallery galleryid-113356 gallery-columns-3 gallery-size-thumbnail'><dl class='gallery-item'>\n\t\t\t\t<dt class='gallery-icon landscape'>\n\t\t\t\t\t<a class=\"rollover\" href='https:\/\/www.radiopiu.net\/wordpress\/giornale-radiopiu-18-gennaio-2020-direttore-mirko-mezzacasa\/593c3ef9-352d-48de-8af6-2e1d66afde82-2\/'><img loading=\"lazy\" decoding=\"async\" width=\"150\" height=\"150\" src=\"https:\/\/www.radiopiu.net\/wordpress\/wp-content\/uploads\/2020\/01\/593c3ef9-352d-48de-8af6-2e1d66afde82-1-150x150.jpg\" class=\"attachment-thumbnail size-thumbnail\" alt=\"\" \/><\/a>\n\t\t\t\t<\/dt><\/dl><dl class='gallery-item'>\n\t\t\t\t<dt class='gallery-icon landscape'>\n\t\t\t\t\t<a class=\"rollover\" href='https:\/\/www.radiopiu.net\/wordpress\/giornale-radiopiu-18-gennaio-2020-direttore-mirko-mezzacasa\/7017c134-e988-4e61-bc1d-fe9144032c7a\/'><img loading=\"lazy\" decoding=\"async\" width=\"150\" height=\"150\" src=\"https:\/\/www.radiopiu.net\/wordpress\/wp-content\/uploads\/2020\/01\/7017c134-e988-4e61-bc1d-fe9144032c7a-150x150.jpg\" class=\"attachment-thumbnail size-thumbnail\" alt=\"\" \/><\/a>\n\t\t\t\t<\/dt><\/dl><dl class='gallery-item'>\n\t\t\t\t<dt class='gallery-icon landscape'>\n\t\t\t\t\t<a class=\"rollover\" href='https:\/\/www.radiopiu.net\/wordpress\/giornale-radiopiu-18-gennaio-2020-direttore-mirko-mezzacasa\/8efdba2f-2ddd-4238-a952-d3e632e7fb8c\/'><img loading=\"lazy\" decoding=\"async\" width=\"150\" height=\"150\" src=\"https:\/\/www.radiopiu.net\/wordpress\/wp-content\/uploads\/2020\/01\/8efdba2f-2ddd-4238-a952-d3e632e7fb8c-150x150.jpg\" class=\"attachment-thumbnail size-thumbnail\" alt=\"\" \/><\/a>\n\t\t\t\t<\/dt><\/dl><br style=\"clear: both\" \/><dl class='gallery-item'>\n\t\t\t\t<dt class='gallery-icon landscape'>\n\t\t\t\t\t<a class=\"rollover\" href='https:\/\/www.radiopiu.net\/wordpress\/giornale-radiopiu-18-gennaio-2020-direttore-mirko-mezzacasa\/acdef98e-dc72-4886-9a93-94a0882c8ef5\/'><img loading=\"lazy\" decoding=\"async\" width=\"150\" height=\"150\" src=\"https:\/\/www.radiopiu.net\/wordpress\/wp-content\/uploads\/2020\/01\/acdef98e-dc72-4886-9a93-94a0882c8ef5-150x150.jpg\" class=\"attachment-thumbnail size-thumbnail\" alt=\"\" \/><\/a>\n\t\t\t\t<\/dt><\/dl><dl class='gallery-item'>\n\t\t\t\t<dt class='gallery-icon landscape'>\n\t\t\t\t\t<a class=\"rollover\" href='https:\/\/www.radiopiu.net\/wordpress\/giornale-radiopiu-18-gennaio-2020-direttore-mirko-mezzacasa\/593c3ef9-352d-48de-8af6-2e1d66afde82\/'><img loading=\"lazy\" decoding=\"async\" width=\"150\" height=\"150\" src=\"https:\/\/www.radiopiu.net\/wordpress\/wp-content\/uploads\/2020\/01\/593c3ef9-352d-48de-8af6-2e1d66afde82-150x150.jpg\" class=\"attachment-thumbnail size-thumbnail\" alt=\"\" \/><\/a>\n\t\t\t\t<\/dt><\/dl>\n\t\t\t\t<br style='clear: both' \/>\n\t\t\t<\/div>\n\n<p>&nbsp;<\/p>\n<p>&nbsp;<\/p>\n<hr \/>\n<p>&nbsp;<\/p>\n<p>&nbsp;<\/p>\n<p>&nbsp;<\/p>\n<p>&nbsp;<\/p>\n<p>&nbsp;<\/p>\n<h3><\/h3>\n<h3>ALLA RADIO, &#8220;CONTEME NA BERTA&#8221;, DA LUNEDI ALLE 9 E ALLE 18 CON DANIELA LENA E LORIS SANTOMASO<\/h3>\n<audio class=\"wp-audio-shortcode\" id=\"audio-113356-7\" preload=\"none\" style=\"width: 100%;\" controls=\"controls\"><source type=\"audio\/mpeg\" src=\"https:\/\/www.radiopiu.net\/wordpress\/wp-content\/uploads\/2020\/01\/LA-SIGLA-BERTA.mp3?_=7\" \/><a href=\"https:\/\/www.radiopiu.net\/wordpress\/wp-content\/uploads\/2020\/01\/LA-SIGLA-BERTA.mp3\">https:\/\/www.radiopiu.net\/wordpress\/wp-content\/uploads\/2020\/01\/LA-SIGLA-BERTA.mp3<\/a><\/audio>\n<p><strong>AGORDO<\/strong> Tredici puntate, 13 berte raccontate alla radio da Daniela Lena (la vecia popa de Agort) e Loris Santomaso. Sono contenute in un Cd. RadioPi\u00f9 far\u00e0 conoscere il gran lavoro delle insegnanti della Scuola Primaria Tito Livio Burattini. Libro e Cd sono in distribuzione presso la scuola e l&#8217;ufficio turistico. Il ricavato finanzier\u00e0 le inziative della scuola di Agordo.<\/p>\n<p>&nbsp;<\/p>\n<p>&nbsp;<\/p>\n<p>&nbsp;<\/p>\n<hr \/>\n<p>&nbsp;<\/p>\n<p>&nbsp;<\/p>\n<p>&nbsp;<\/p>\n<p>&nbsp;<\/p>\n<blockquote class=\"wp-embedded-content\" data-secret=\"d9qcd9XFc1\"><p><a href=\"https:\/\/www.radiopiu.net\/wordpress\/ep-center-video-gallery\/\">EP CENTER video gallery<\/a><\/p><\/blockquote>\n<p><iframe loading=\"lazy\" title=\"&#8220;EP CENTER video gallery&#8221; &#8212; Radio Pi\u00f9\" class=\"wp-embedded-content\" sandbox=\"allow-scripts\" security=\"restricted\" style=\"position: absolute; clip: rect(1px, 1px, 1px, 1px);\" src=\"https:\/\/www.radiopiu.net\/wordpress\/ep-center-video-gallery\/embed\/#?secret=d9qcd9XFc1\" data-secret=\"d9qcd9XFc1\" width=\"600\" height=\"338\" frameborder=\"0\" marginwidth=\"0\" marginheight=\"0\" scrolling=\"no\"><\/iframe><\/p>\n<p>&nbsp;<\/p>\n<h3><\/h3>\n<h3>AUSER E QUESTURA ASSIEME CONTRO LE TRUFFE<\/h3>\n<p><strong><a class=\"dt-pswp-item\" href=\"https:\/\/www.radiopiu.net\/wordpress\/wp-content\/uploads\/2019\/01\/auser-1.jpg\" data-dt-img-description=\"\" data-large_image_width=\"1772\" data-large_image_height=\"811\"><img loading=\"lazy\" decoding=\"async\" class=\"wp-image-73044 alignleft\" src=\"https:\/\/www.radiopiu.net\/wordpress\/wp-content\/uploads\/2019\/01\/auser-1-300x137.jpg\" alt=\"\" width=\"206\" height=\"94\" srcset=\"https:\/\/www.radiopiu.net\/wordpress\/wp-content\/uploads\/2019\/01\/auser-1-300x137.jpg 300w, https:\/\/www.radiopiu.net\/wordpress\/wp-content\/uploads\/2019\/01\/auser-1-768x351.jpg 768w, https:\/\/www.radiopiu.net\/wordpress\/wp-content\/uploads\/2019\/01\/auser-1-1024x469.jpg 1024w, https:\/\/www.radiopiu.net\/wordpress\/wp-content\/uploads\/2019\/01\/auser-1.jpg 1772w\" sizes=\"auto, (max-width: 206px) 100vw, 206px\" \/><\/a>BELLUNO<\/strong> Raccogliendo l&#8217;invito della Questura di Belluno, l&#8217;Auser provinciale ha voluto stimolare i suoi Circoli ad organizzare degli incontri per combattere, ma soprattutto per prevenire, truffe e raggiri ai danni degli anziani. L\u2019iniziativa \u201cProgetto sicurezza\u201d:\u00a0 21 gennaio alle 15 nella sede del Circolo Auser \u201cMonte Sperone\u201d di Gron di Sospirolo, 31 gennaio alle 16 nella Sala consiliare del Municipio di Domegge, 4 febbraio alle\u00a0 15.30 a Lentiai, in via Galilei 8, nella sede del Circolo, 10 marzo alle\u00a0 15 nella Biblioteca comunale di Pedavena in via Roma, 24.<\/p>\n<p>&nbsp;<\/p>\n<p>&nbsp;<\/p>\n<hr \/>\n<p>&nbsp;<\/p>\n<p>&nbsp;<\/p>\n<h3>CONSIGLIO COMUNALE ROCCHESANO<\/h3>\n<p><strong>ROCCA PIETORE<\/strong> Giovedi alle 18 consiglio comunale in Municipio con un unico punto all&#8217;ordine del giorno: schema di convenzione Comune-Privati.<\/p>\n<p>&nbsp;<\/p>\n<p>&nbsp;<\/p>\n<hr \/>\n<p>&nbsp;<\/p>\n<p>&nbsp;<\/p>\n<h3>&#8220;PANE E MARMELLATA&#8221;\u00a0 IL LIBRO DI FRANCESCA MUSSOI<\/h3>\n<p><strong>SEDICO <\/strong>A\u00a0Trichiana alle 20.30 in sala San Felice. <strong>IL LIBRO<\/strong> \u201cPane e marmellata\u201d (le illustrazioni sono di Chiara Zuccali, l\u2019editore \u00e8 Erickson) \u00e8 un libro che pu\u00f2 avvicinare grandi e bambini a temi importanti come l\u2019accettazione delle diversit\u00e0, l\u2019inclusione scolastica, il bullismo.<\/p>\n<p><strong>L&#8217;INTERVISTA CON FRANCESCA MUSSOI<\/strong><\/p>\n<audio class=\"wp-audio-shortcode\" id=\"audio-113356-8\" preload=\"none\" style=\"width: 100%;\" controls=\"controls\"><source type=\"audio\/mpeg\" src=\"https:\/\/www.radiopiu.net\/wordpress\/wp-content\/uploads\/2020\/01\/FRANCESCA.mp3?_=8\" \/><a href=\"https:\/\/www.radiopiu.net\/wordpress\/wp-content\/uploads\/2020\/01\/FRANCESCA.mp3\">https:\/\/www.radiopiu.net\/wordpress\/wp-content\/uploads\/2020\/01\/FRANCESCA.mp3<\/a><\/audio>\n<p>&nbsp;<\/p>\n<p>&nbsp;<\/p>\n<hr \/>\n<h3><\/h3>\n<p>&nbsp;<\/p>\n<h3>AL CINEMA AD AGORDO, IL 25 CON IL REGISTA STEFANO USARDI<\/h3>\n<p>Proiezione del film &#8220;Affittasi vita&#8221;, Scritto e diretto da Stefano Usardi. Sabato 25 gennaio 2020 dalle ore 20:30\u00a0 Sala Don Tamis. Ingresso libero a tutti con offerta libera\u00a0 Un film prodotto da FIFILM PRODUCTION DI Caterina Francavilla<\/p>\n<p>&nbsp;<\/p>\n<p>&nbsp;<\/p>\n<hr \/>\n<div data-offset-key=\"c2um1-0-0\"><\/div>\n<div dir=\"auto\">\n<div class=\"\" data-block=\"true\" data-editor=\"caie0\" data-offset-key=\"c2um1-0-0\">\n<div data-offset-key=\"c2um1-0-0\"><\/div>\n<div class=\"_1mf _1mj\" data-offset-key=\"c2um1-0-0\"><strong>NUOVO CANALE RADIOPIU SU TELEGRAM ISCRIZIONE GRATUITA<\/strong><\/div>\n<\/div>\n<div class=\"\" data-block=\"true\" data-editor=\"caie0\" data-offset-key=\"5n5nl-0-0\">\n<blockquote>\n<div data-offset-key=\"5n5nl-0-0\"><a class=\"dt-pswp-item\" href=\"https:\/\/www.radiopiu.net\/wordpress\/wp-content\/uploads\/2017\/04\/MyRadioPiu_miaidea.png\" data-dt-img-description=\"\" data-large_image_width=\"483\" data-large_image_height=\"374\"><img loading=\"lazy\" decoding=\"async\" class=\"wp-image-30709 alignleft\" src=\"https:\/\/www.radiopiu.net\/wordpress\/wp-content\/uploads\/2017\/04\/MyRadioPiu_miaidea-300x232.png\" alt=\"\" width=\"167\" height=\"129\" \/><\/a>Il canale creato su Telgram andr\u00e0 a sostituire i gruppi whatsApp, a breve inizier\u00e0 l&#8217;aggiornamento. In questo gruppo ogni giorno viene pubblicato il GIORNALE RADIOPIU il giornale radio_sito in onda alla radio ogni giorno dal lunedi al sabato nelle edizioni delle 9.30 GR MATTINA, 12.30 GIORNALE RADIO PRINCIPALE, 14.30 GR PRIMO POMERIGGIO, 16.30 GR POMERIGGIO 18.30 GR SERA e il GIORNALE DELLA MEZZANOTTE\u00a0 Inoltre in questo canale vengono linkate in tempo reale le notizie che vengono pubblicate sul sito <a href=\"http:\/\/www.radiopiu.net\/\" target=\"_blank\" rel=\"noopener noreferrer\">www.radiopiu.net<\/a> e i podcast delle rubriche in onda al mattino 10.30 REPORTER, e negli approfondimenti del pomeriggio 15.10 CARPE DIEM.<\/div>\n<\/blockquote>\n<\/div>\n<\/div>\n<div data-offset-key=\"5n5nl-0-0\"><\/div>\n<div data-offset-key=\"5n5nl-0-0\"><\/div>\n<div data-offset-key=\"5n5nl-0-0\"><\/div>\n<div data-offset-key=\"5n5nl-0-0\"><\/div>\n<div data-offset-key=\"5n5nl-0-0\">\n<hr \/>\n<\/div>\n<div dir=\"auto\">\n<div class=\"\" data-block=\"true\" data-editor=\"caie0\" data-offset-key=\"5n5nl-0-0\">\n<div data-offset-key=\"5n5nl-0-0\"><\/div>\n<blockquote>\n<div data-offset-key=\"5n5nl-0-0\"><\/div>\n<\/blockquote>\n<h2 data-offset-key=\"5n5nl-0-0\"><span style=\"color: #ff0000;\">IERI LA RADIO<\/span><\/h2>\n<h3 data-offset-key=\"5n5nl-0-0\"><span style=\"color: #000000;\">LA FATICA DI ESSERE ITALIANI di Franco Del Moro<\/span><\/h3>\n<\/div>\n<\/div>\n<div data-offset-key=\"5n5nl-0-0\">\n<p><strong><a class=\"dt-pswp-item\" href=\"https:\/\/www.radiopiu.net\/wordpress\/wp-content\/uploads\/2020\/01\/29133080_1969272919776024_820833473638957056_n.jpg\" data-dt-img-description=\"\" data-large_image_width=\"418\" data-large_image_height=\"417\"><img loading=\"lazy\" decoding=\"async\" class=\"wp-image-113358 alignleft\" src=\"https:\/\/www.radiopiu.net\/wordpress\/wp-content\/uploads\/2020\/01\/29133080_1969272919776024_820833473638957056_n-300x300.jpg\" alt=\"\" width=\"149\" height=\"149\" srcset=\"https:\/\/www.radiopiu.net\/wordpress\/wp-content\/uploads\/2020\/01\/29133080_1969272919776024_820833473638957056_n-300x300.jpg 300w, https:\/\/www.radiopiu.net\/wordpress\/wp-content\/uploads\/2020\/01\/29133080_1969272919776024_820833473638957056_n-150x150.jpg 150w, https:\/\/www.radiopiu.net\/wordpress\/wp-content\/uploads\/2020\/01\/29133080_1969272919776024_820833473638957056_n.jpg 418w\" sizes=\"auto, (max-width: 149px) 100vw, 149px\" \/><\/a><\/strong><\/p>\n<p>&nbsp;<\/p>\n<p>&nbsp;<\/p>\n<p><strong>RIVAMONTE<\/strong> Speciale Ellin Selae-rivista e libri. Anticipazione del prossimo numero sul Rapporto Censis appena pubblicato. In studio Michela con Franco Del Moro.<\/p>\n<\/div>\n<div data-offset-key=\"5n5nl-0-0\">\n<audio class=\"wp-audio-shortcode\" id=\"audio-113356-9\" preload=\"none\" style=\"width: 100%;\" controls=\"controls\"><source type=\"audio\/mpeg\" src=\"https:\/\/www.radiopiu.net\/wordpress\/wp-content\/uploads\/2020\/01\/franco-e-michela-ellin-sellae.mp3?_=9\" \/><a href=\"https:\/\/www.radiopiu.net\/wordpress\/wp-content\/uploads\/2020\/01\/franco-e-michela-ellin-sellae.mp3\">https:\/\/www.radiopiu.net\/wordpress\/wp-content\/uploads\/2020\/01\/franco-e-michela-ellin-sellae.mp3<\/a><\/audio>\n<\/div>\n<div data-offset-key=\"5n5nl-0-0\">\n<h2 data-offset-key=\"5n5nl-0-0\"><\/h2>\n<h2 data-offset-key=\"5n5nl-0-0\"><\/h2>\n<hr \/>\n<h2 data-offset-key=\"5n5nl-0-0\"><span style=\"color: #ff0000;\">IERI LA RADIO <\/span><\/h2>\n<h3 data-offset-key=\"5n5nl-0-0\"><span style=\"color: #000000;\">CASSA SOLIDARIETA&#8217; AZIENDALE LAVORATORI LUXOTTICA CON Fabrizio e Paolo<\/span><\/h3>\n<p><strong><a class=\"dt-pswp-item\" href=\"https:\/\/www.radiopiu.net\/wordpress\/wp-content\/uploads\/2020\/01\/logo-csa.jpg\" data-dt-img-description=\"\" data-large_image_width=\"1167\" data-large_image_height=\"574\"><img loading=\"lazy\" decoding=\"async\" class=\" wp-image-113364 alignleft\" src=\"https:\/\/www.radiopiu.net\/wordpress\/wp-content\/uploads\/2020\/01\/logo-csa-300x148.jpg\" alt=\"\" width=\"225\" height=\"111\" srcset=\"https:\/\/www.radiopiu.net\/wordpress\/wp-content\/uploads\/2020\/01\/logo-csa-300x148.jpg 300w, https:\/\/www.radiopiu.net\/wordpress\/wp-content\/uploads\/2020\/01\/logo-csa-1024x504.jpg 1024w, https:\/\/www.radiopiu.net\/wordpress\/wp-content\/uploads\/2020\/01\/logo-csa-768x378.jpg 768w, https:\/\/www.radiopiu.net\/wordpress\/wp-content\/uploads\/2020\/01\/logo-csa.jpg 1167w\" sizes=\"auto, (max-width: 225px) 100vw, 225px\" \/><\/a>AGORDO<\/strong> Appuntamento mensile (primo venerdi del mese) con lo speciale condotto da Claudio Fontanive, in studio Fabrizio Campedel e Paolo Chissal\u00e8.<\/p>\n<audio class=\"wp-audio-shortcode\" id=\"audio-113356-10\" preload=\"none\" style=\"width: 100%;\" controls=\"controls\"><source type=\"audio\/mpeg\" src=\"https:\/\/www.radiopiu.net\/wordpress\/wp-content\/uploads\/2020\/01\/ca-sol-lux-gennaio.mp3?_=10\" \/><a href=\"https:\/\/www.radiopiu.net\/wordpress\/wp-content\/uploads\/2020\/01\/ca-sol-lux-gennaio.mp3\">https:\/\/www.radiopiu.net\/wordpress\/wp-content\/uploads\/2020\/01\/ca-sol-lux-gennaio.mp3<\/a><\/audio>\n<\/div>\n<p>&nbsp;<\/p>\n<p>&nbsp;<\/p>\n<p>&nbsp;<\/p>\n<p>&nbsp;<\/p>\n<p><a class=\"dt-pswp-item\" href=\"https:\/\/www.radiopiu.net\/wordpress\/wp-content\/uploads\/2018\/09\/viabilita.jpeg\" data-dt-img-description=\"\" data-large_image_width=\"800\" data-large_image_height=\"100\"><img loading=\"lazy\" decoding=\"async\" class=\"alignnone wp-image-61954 size-full\" src=\"https:\/\/www.radiopiu.net\/wordpress\/wp-content\/uploads\/2018\/09\/viabilita.jpeg\" alt=\"\" width=\"800\" height=\"100\" srcset=\"https:\/\/www.radiopiu.net\/wordpress\/wp-content\/uploads\/2018\/09\/viabilita.jpeg 800w, https:\/\/www.radiopiu.net\/wordpress\/wp-content\/uploads\/2018\/09\/viabilita-300x38.jpeg 300w, https:\/\/www.radiopiu.net\/wordpress\/wp-content\/uploads\/2018\/09\/viabilita-768x96.jpeg 768w\" sizes=\"auto, (max-width: 800px) 100vw, 800px\" \/><\/a><\/p>\n<div data-offset-key=\"5n5nl-0-0\">\n<div data-offset-key=\"5n5nl-0-0\">\n<div data-offset-key=\"5n5nl-0-0\">\n<div data-offset-key=\"5n5nl-0-0\">\n<p><strong>PROVINCIALE 563 DI SALESEI, LIVINALLONGO DEL COL DI LANA <\/strong>FINO \u00a0AL 24 (ESCLUSI SABATO E DOMENICA) dalle 9 alle 17 interdizione totale al traffico, nei rimanenti periodi senso unico alternato per taglio alberi in localit\u00e0 Pian di Salesei e Salesei<\/p>\n<p><strong>SP 40 VAL SENAIGA, DIREZIONE ARINA<\/strong> DAL 20 GENNAIO PER UN MESE ESCLUSI FESTIVI E PREFESTIVI INTERRUZIONI AL TRAFFICO VEICOLARE DURATA MASSIMA 30 MINUTI DALLE 8 ALLE 12 E DALLE 13 ALLE 17 PER LAVORI MESSA IN SICUREZZA (COMUNE DI LAMON) NEGLI ALTRI ORARI SENSO UNICO ALTERNATO CON SEMAFORO<\/p>\n<div class=\"im_history_message_wrap im_grouped\">\n<div class=\"im_message_outer_wrap hasselect\" data-msg-id=\"-5\">\n<div class=\"im_message_wrap clearfix\">\n<div class=\"im_content_message_wrap im_message_out\">\n<div class=\"im_message_body\">\n<div>\n<div class=\"im_message_text\" dir=\"auto\"><strong>SP251 VAL DI ZOLDO E CELLINA, MEZZOCANALE <\/strong>DALLE 8 ALLE 17 ESCLUSI FESTIVI E PREFESTIVI SENSO UNICO ALTERNATO E POSSIBILITA&#8217; DI ITERRUZIONI DELLA DURATA MASSIMA DI 15 MINUTI PER MESSA IN SICUREZZA DEL VERSANTE<\/div>\n<\/div>\n<\/div>\n<\/div>\n<\/div>\n<\/div>\n<\/div>\n<div class=\"im_history_message_wrap im_grouped\">\n<div class=\"im_message_outer_wrap hasselect\" data-msg-id=\"-6\">\n<div class=\"im_message_wrap clearfix\">\n<div class=\"im_content_message_wrap im_message_out\">\n<div class=\"im_message_meta pull-right text-right noselect\"><\/div>\n<\/div>\n<\/div>\n<\/div>\n<\/div>\n<p><strong>346 SAN PELLEGRINO A CANALE D&#8217;AGORDO <\/strong>La Mora dal 13 gennaio al 29 febbraio senso unico con semaforo anche sabato e domenica<\/p>\n<p><strong>203 AGORDINA, LOCALITA&#8217; LA MUDA<\/strong> DAL 13 GENNAIO AL 31 MARZO ESCLUSI FESTIVI E PREFESTIVI DALLE 7.30 ALLE 8.30 E DALLE 16.30 ALLE 17.30 SENSO UNICO ALTE<a class=\"dt-pswp-item\" href=\"https:\/\/www.radiopiu.net\/wordpress\/wp-content\/uploads\/2020\/01\/8550d617-ce67-49f8-a961-a4f5f6c0c2bb.jpg\" data-dt-img-description=\"\" data-large_image_width=\"788\" data-large_image_height=\"1599\"><img loading=\"lazy\" decoding=\"async\" class=\"size-medium wp-image-112658 alignleft\" src=\"https:\/\/www.radiopiu.net\/wordpress\/wp-content\/uploads\/2020\/01\/8550d617-ce67-49f8-a961-a4f5f6c0c2bb-148x300.jpg\" alt=\"\" width=\"148\" height=\"300\" srcset=\"https:\/\/www.radiopiu.net\/wordpress\/wp-content\/uploads\/2020\/01\/8550d617-ce67-49f8-a961-a4f5f6c0c2bb-148x300.jpg 148w, https:\/\/www.radiopiu.net\/wordpress\/wp-content\/uploads\/2020\/01\/8550d617-ce67-49f8-a961-a4f5f6c0c2bb-505x1024.jpg 505w, https:\/\/www.radiopiu.net\/wordpress\/wp-content\/uploads\/2020\/01\/8550d617-ce67-49f8-a961-a4f5f6c0c2bb-768x1558.jpg 768w, https:\/\/www.radiopiu.net\/wordpress\/wp-content\/uploads\/2020\/01\/8550d617-ce67-49f8-a961-a4f5f6c0c2bb-757x1536.jpg 757w, https:\/\/www.radiopiu.net\/wordpress\/wp-content\/uploads\/2020\/01\/8550d617-ce67-49f8-a961-a4f5f6c0c2bb.jpg 788w\" sizes=\"auto, (max-width: 148px) 100vw, 148px\" \/><\/a>RNATO CON MOVIERI O SEMAFORI<\/p>\n<p><strong>PROVINCIALE 20 VAL FIORENTINA\u00a0<\/strong> LOCALITA&#8217; SOLATOR\u00a0 DAL 13 GENNAIO AL 29 MAGGIO (COMPRESI FESTIVI E PREFESTIVI) SENSO UNICO ALTERNATO REGOLATO DA SEMAFORO O MOVIERI PER ADEGUAMENTO CARREGGIATA<\/p>\n<p><strong>PROVINCIALE 563 DI SALESEI, LIVINALLONGO DEL COL DI LANA<\/strong> DAL 13 GENNAIO AL 24 (ESCLUSI SABATO E DOMENICA) dalle 9 alle 17 interdizione totale al traffico, nei rimanenti periodi senso unico alternato per taglio alberi in localit\u00e0 Pian di Salesei e Salesei<\/p>\n<p><strong>641 PASSO FEDAIA ROCCA PIETORE<\/strong> da martedi 7 gennaio al 6 marzo senso unico alternato regolato da semaforo per tratti di 30 metri. esclusi sabato e domenica<br \/>\n<strong>203 AGORDINA TAIBON AGORDINO<\/strong> dal 7 al 30 gennaio dalle 7 alle 19 senso unico alternato regolato da semaforo. esclusi festivi e prefestivi<\/p>\n<p><strong>48 DELLO DOLOMITI RIO GERE<\/strong>\u00a0 dalle 8 alle 17 fino al 10 aprile senso unico con semaforo, tratti di 200 metri per lavori posa elettrodotto<\/p>\n<div class=\"im_history_message_wrap\">\n<div class=\"im_message_outer_wrap hasselect\" data-msg-id=\"1361\">\n<div class=\"im_message_wrap clearfix\">\n<div class=\"im_content_message_wrap im_message_out\">\n<div class=\"im_message_body\">\n<div dir=\"auto\"><strong>02 PROVINCIALE VALLE DEL MIS\u00a0<\/strong> localit\u00e0 Pascoli-Val Falcina dalle 7 alle 19 fino al 28 febbraio senso unico alternato con semaforo per istallazione impianti illuminazione<\/div>\n<div dir=\"auto\"><strong>SP251 VAL DI ZOLDO E VAL CELLINA LOCALITA&#8217; SOFFRANCO<\/strong>. dal 20 gennaio al 31 gennaio esclusi festivi e prefestivi SENSO UNICO ALTERNATO SEMAFORICO per posa fibra ottica<\/div>\n<\/div>\n<\/div>\n<\/div>\n<\/div>\n<\/div>\n<p>&nbsp;<\/p>\n<\/div>\n<\/div>\n<\/div>\n<\/div>\n<p>&nbsp;<\/p>\n<h3><a class=\"dt-pswp-item\" href=\"http:\/\/www.radiopiu.net\/wordpress\/wp-content\/uploads\/2018\/09\/appuntamenti.jpeg\" data-dt-img-description=\"\" data-large_image_width=\"800\" data-large_image_height=\"100\"><img loading=\"lazy\" decoding=\"async\" class=\"aligncenter wp-image-61958 size-full\" src=\"http:\/\/www.radiopiu.net\/wordpress\/wp-content\/uploads\/2018\/09\/appuntamenti.jpeg\" alt=\"\" width=\"800\" height=\"100\" srcset=\"https:\/\/www.radiopiu.net\/wordpress\/wp-content\/uploads\/2018\/09\/appuntamenti.jpeg 800w, https:\/\/www.radiopiu.net\/wordpress\/wp-content\/uploads\/2018\/09\/appuntamenti-300x38.jpeg 300w, https:\/\/www.radiopiu.net\/wordpress\/wp-content\/uploads\/2018\/09\/appuntamenti-768x96.jpeg 768w\" sizes=\"auto, (max-width: 800px) 100vw, 800px\" \/><\/a><\/h3>\n<p>&nbsp;<\/p>\n<div data-offset-key=\"5n5nl-0-0\">\n<div data-offset-key=\"5n5nl-0-0\">\n<p><strong>LA VALLE<\/strong>\u00a0 l&#8217;amministrazione comunale lavallese ha messo in calendario per QUESTA SERA\u00a0 alle 20.30 un importante incontro. Una serata sul tema dell&#8217;inquinamento da campi elettromagnetici perch\u00e9 la conoscenza dei rischi per la salute \u00e8 un diritto di tutti. Elettrosmog e 5G il titolo della serata con sottotitolo sibillino &#8220;la minaccia invisibile&#8221;. Ne parler\u00e0 il dottor Achille Sacchi, in sala Valmassoni (ex latteria).<\/p>\n<\/div>\n<\/div>\n<p><strong>AGORDO<\/strong> Danilo Coppe, perito minerario del Follador torna ad Agordo per relazionare sull&#8217;abbattimento controllato del Ponte Morandi di Genova, spiegher\u00e0 le 10 difficolt\u00e0 per l&#8217;esplosivista.\u00a0 OGGI\u00a0 alle 10 in sala Don Tamis con ingresso libero. Un evento organizzato dall&#8217;Istituto Umberto Follador di Agordo, dipartimento geotecnico-minerario.<\/p>\n<p><strong>CENCENIGHE<\/strong> &#8220;Prendersi cura quando non si pu\u00f2 guarire&#8221; \u00e8 il titolo dell&#8217;iniziativa di Pettirosso Agordino, il quinto corso per volontari che inizier\u00e0 giovedi 30 gennaio con la serata di presentazione del corso presso la sala culturale al Nof Filo&#8217; di Cencenighe.<\/p>\n<p>&nbsp;<\/p>\n<p>&nbsp;<\/p>\n<blockquote class=\"wp-embedded-content\" data-secret=\"KEuI2CdC4S\"><p><a href=\"https:\/\/www.radiopiu.net\/wordpress\/pregare-per-lunita-dei-cristiani\/\">PREGARE PER L\u2019UNITA\u2019 DEI CRISTIANI<\/a><\/p><\/blockquote>\n<p><iframe loading=\"lazy\" title=\"&#8220;PREGARE PER L\u2019UNITA\u2019 DEI CRISTIANI&#8221; &#8212; Radio Pi\u00f9\" class=\"wp-embedded-content\" sandbox=\"allow-scripts\" security=\"restricted\" style=\"position: absolute; clip: rect(1px, 1px, 1px, 1px);\" src=\"https:\/\/www.radiopiu.net\/wordpress\/pregare-per-lunita-dei-cristiani\/embed\/#?secret=KEuI2CdC4S\" data-secret=\"KEuI2CdC4S\" width=\"600\" height=\"338\" frameborder=\"0\" marginwidth=\"0\" marginheight=\"0\" scrolling=\"no\"><\/iframe><\/p>\n<p>&nbsp;<\/p>\n<p>&nbsp;<\/p>\n<p>&nbsp;<\/p>\n<h2><a class=\"dt-pswp-item\" href=\"http:\/\/www.radiopiu.net\/wordpress\/wp-content\/uploads\/2018\/09\/sport.jpg\" data-dt-img-description=\"\" data-large_image_width=\"800\" data-large_image_height=\"100\"><img loading=\"lazy\" decoding=\"async\" class=\"wp-image-60761 size-full aligncenter\" src=\"http:\/\/www.radiopiu.net\/wordpress\/wp-content\/uploads\/2018\/09\/sport.jpg\" alt=\"\" width=\"800\" height=\"100\" srcset=\"https:\/\/www.radiopiu.net\/wordpress\/wp-content\/uploads\/2018\/09\/sport.jpg 800w, https:\/\/www.radiopiu.net\/wordpress\/wp-content\/uploads\/2018\/09\/sport-300x38.jpg 300w, https:\/\/www.radiopiu.net\/wordpress\/wp-content\/uploads\/2018\/09\/sport-768x96.jpg 768w\" sizes=\"auto, (max-width: 800px) 100vw, 800px\" \/><\/a><\/h2>\n<h3><\/h3>\n<h3><\/h3>\n<h3>APPUNTAMENTI SPORTIVI DEL FINE SETTIMANA<\/h3>\n<p><b>VOLLEY <\/b><\/p>\n<p>Doppio appuntamento nel fine settimana per il Volley Club Agordino. Due le partite in programma oggi. Si inizia alle ore 16 quando la under 16 di Terza Divisione giocher\u00e0 in trasferta la seconda giornata di campionato. La squadra di Agordo scender\u00e0 a Godega di Sant&#8217;Urbano per sfidare l&#8217;Azzurra Volley. Stasera alle 20:30 la prima squadra giocher\u00e0 al Palarova di Agordo contro l&#8217;Alpago nel match valido per la Terza Divisione.<\/p>\n<p><b>HOCKEY<\/b><\/p>\n<p>Giornata di riposo per la IHL visto che oggi e domani sono in programma a Merano le finali di Coppa Italia. L&#8217;Alleghe sar\u00e0 impegnato con il settore giovanile. Under 19 in campo domani alle 19 per la trasferta a in terra altoatesina. La squadra di Matikainen sfider\u00e0 il Bolzano. Fassa\/Alleghe under 17 in campo questa sera alle 19:30 per la trasferta piemontese contro il Real Torino. Under 15 e 13 che questa settimana non giocheranno. Turno di riposo per entrambe le formazioni.<\/p>\n<p><b>CALCIO<\/b><\/p>\n<p>Derby in Prima Categoria per il Fiori Barp Mas che domani alle 14:30 giocher\u00e0 in trasferta contro il Borgo Valbelluna. Allievi regionali del San Giorgio Sedico che domani mattina alle 10:30 giocheranno in casa contro il Barbisano.<\/p>\n<blockquote>\n<p style=\"text-align: center;\"><strong>DOMANI ALLE 14:30 SU RADIO PIU&#8217; APPUNTAMENTO CON \u201cDOMENICA PIU&#8217; SPORT\u201d PER SEGUIRE IN DIRETTA LA PARTITA DEL FIORI BARP MAS<\/strong><\/p>\n<\/blockquote>\n<p>&nbsp;<\/p>\n<p>&nbsp;<\/p>\n<hr \/>\n<p>&nbsp;<\/p>\n<h3>TORNEO AGORDINO DI HOCKEY &#8211; IL PUNTO<\/h3>\n<p>Nella settimana appena terminata sono due le partite del Torneo Agordino di Hockey che sono andate in scena.<\/p>\n<p><strong>IL PUNTO CON MANFREDI DE BERNARDO<\/strong><\/p>\n<h3><\/h3>\n<audio class=\"wp-audio-shortcode\" id=\"audio-113356-11\" preload=\"none\" style=\"width: 100%;\" controls=\"controls\"><source type=\"audio\/mpeg\" src=\"https:\/\/www.radiopiu.net\/wordpress\/wp-content\/uploads\/2020\/01\/MANFREDI-TORNEO-AGORDINO-18-GENNAIO.mp3?_=11\" \/><a href=\"https:\/\/www.radiopiu.net\/wordpress\/wp-content\/uploads\/2020\/01\/MANFREDI-TORNEO-AGORDINO-18-GENNAIO.mp3\">https:\/\/www.radiopiu.net\/wordpress\/wp-content\/uploads\/2020\/01\/MANFREDI-TORNEO-AGORDINO-18-GENNAIO.mp3<\/a><\/audio>\n<p>&nbsp;<\/p>\n<p>&nbsp;<\/p>\n<p>&nbsp;<\/p>\n<h3><a class=\"dt-pswp-item\" href=\"http:\/\/www.radiopiu.net\/wordpress\/wp-content\/uploads\/2018\/09\/WhatsApp-Image-2018-09-20-at-16.04.06.jpeg\" data-dt-img-description=\"\" data-large_image_width=\"800\" data-large_image_height=\"100\"><img loading=\"lazy\" decoding=\"async\" class=\"wp-image-61378 size-full aligncenter\" src=\"http:\/\/www.radiopiu.net\/wordpress\/wp-content\/uploads\/2018\/09\/WhatsApp-Image-2018-09-20-at-16.04.06.jpeg\" alt=\"\" width=\"800\" height=\"100\" srcset=\"https:\/\/www.radiopiu.net\/wordpress\/wp-content\/uploads\/2018\/09\/WhatsApp-Image-2018-09-20-at-16.04.06.jpeg 800w, https:\/\/www.radiopiu.net\/wordpress\/wp-content\/uploads\/2018\/09\/WhatsApp-Image-2018-09-20-at-16.04.06-300x38.jpeg 300w, https:\/\/www.radiopiu.net\/wordpress\/wp-content\/uploads\/2018\/09\/WhatsApp-Image-2018-09-20-at-16.04.06-768x96.jpeg 768w\" sizes=\"auto, (max-width: 800px) 100vw, 800px\" \/><\/a><\/h3>\n<p>&nbsp;<\/p>\n<p><center><b>Sabato 18<\/b><\/center><b>Tempo atteso: <\/b>Moderato maltempo con cielo coperto e precipitazioni via via pi\u00f9 diffuse. Clima di stampo invernale in quota, meno freddo di notte ed assai pi\u00f9 fresco di giorno nelle valli.<br \/>\n<b>Precipitazioni: <\/b>Probabilit\u00e0 molto alta su Prealpi e Dolomiti centro-meridionali (90\/100%) e medio-alta sulle Dolomiti nord-orientali (70\/90%). La neve cadr\u00e0 fino nei fondovalle dolomitici e potrebbe interessare anche quelli prealpini nella fase iniziale, qualora resistesse l&#8217;inversione termica nelle nicchie pi\u00f9 fredde (Parte della Valbelluna e Val Sugana); sui settori prealpini a ridosso della pedemontana e su alcuni zone aperte verso sud sembra che il limite non scenda sotto i 700\/800 m al mattino, prima di abbassarsi leggermente a fine episodio. Sono previsti 10\/15 mm sulle Prealpi, localmente fino a 20 mm sui settori pi\u00f9 occidentali, 5\/15 mm sulle Dolomiti con altrettanti cm di neve a 1200\/1500 m. Un po&#8217; di pi\u00f9 in alta quota per neve leggera e soffice. Nelle nicchie pi\u00f9 fredde dei fondovalle prealpini i quantitativi saranno minori: 1\/5 cm, presumibilmente un po&#8217; di pi\u00f9 sul Feltrino e il Lamonese.<br \/>\n<b>Temperature: <\/b>Minime in calo ed osservate alla sera in quota, in rialzo nelle valli. Massime in generale diminuzione. Sono previsti massimi di 2\/3\u00b0C nei fondovalle prealpini e di 0\/1\u00b0C a 1000\/1200 m. Sulle Prealpi a 1500 m minima -5\u00b0C e massima -1\u00b0C, a 2000 m minima -7\u00b0C e massima -3\u00b0C; sulle Dolomiti a 2000 m minima -8\u00b0C e massima -4\u00b0C, a 3000 m minima -14\u00b0C e massima -11\u00b0C.<br \/>\n<b>Venti: <\/b>Nelle valli deboli da est nord-est, con qualche raffica di Foehn alla sera; in quota deboli\/moderati da dai quadranti orientali, anche tesi sulle dorsali prealpine al pomeriggio\/sera, a 10-30 km\/h a 2000 m e 20-30 km\/h a 3000 m.<\/p>\n<hr \/>\n<p><center><b>Domenica 19<\/b><\/center><b>Tempo atteso: <\/b>Al mattino cielo in prevalenza sereno e clima mattutino assai freddo, con diffuse forti gelate. Con il passare delle ore aumento della nuvolosit\u00e0 stratiforme media e medio-alta, a tratti anche estesa nel corso del pomeriggio. Clima di stampo invernale a tutte le quote.<br \/>\n<b>Precipitazioni: <\/b>Assenti (0%).<br \/>\n<b>Temperature: <\/b>In generale diminuzione. Forti gelate notturne nei settori innevati, in quota le minime saranno registrate alla sera. Clima freddo in giornata e nei settori in ombra il gelo persister\u00e0 fino a quote collinari. Sulle Prealpi a 1500 m minima -7\u00b0C e massima -4\u00b0C, a 2000 m minima -9\u00b0C e massima -7\u00b0C; sulle Dolomiti a 2000 m minima -10\u00b0C e massima -8\u00b0C, a 3000 m minima -16\u00b0C e massima -14\u00b0C.<br \/>\n<b>Venti: <\/b>Nelle valli deboli da nord-est, con qualche rinforzo nei settori a ridosso della pedemontana per brezze notturne; in quota venti deboli\/moderati da nord-est, a tratti tesi sulle dorsali prealpine ,prima di attenuarsi al pomeriggio, a 10-30 km\/h a 2000 m e 15-25 km\/h a 3000 m.<\/p>\n<hr \/>\n<p><center><b>Lunedi 20<\/b><\/center>Al mattino nuvolosit\u00e0 irregolare alternata a qualche tratto soleggiato. Al pomeriggio rasserenamenti pi\u00f9 ampi fino a cielo sereno alla sera. Clima di stampo invernale, ma il freddo notturno sar\u00e0 attenuato per ridotto irraggiamento. In giornata il gelo sar\u00e0 persistente oltre i 1000 m, anche a quote pi\u00f9 basse nei settori in ombra. Venti deboli\/moderati da est sud-est in quota, deboli di direzione variabile nelle valli.<\/p>\n<hr \/>\n<p><center><b>Martedi 21<\/b><\/center>Tempo ben soleggiato, aria limpida ed ottima visbilit\u00e0. Il freddo del mattino toccher\u00e0 il suo apice (minimi di -10\/-12\u00b0C in molte valli dolomitiche, localmente anche -15\u00b0C nei settori solitamente pi\u00f9 freddi). In giornata lieve rialzo delle massime in quota. Venti deboli da est in quota, deboli di direzione variabile nelle valli, eccetto qualche rinforzo per brezze notturne in alcune valli prealpine. Previsore: R.L.Th<\/p>\n<p>&nbsp;<\/p>\n","protected":false},"excerpt":{"rendered":"<p>Per ricevere gli aggiornamenti in tempo reale delle notizie pubblicate alla radio e sul sito di radio pi\u00f9 iscriviti al gruppo RADIO PIU INFORMAZIONE su Telegram.\u00a0 clicca qui &nbsp; &nbsp; ULTIM&#8217;ORA&#8230; FRANA IL FRAMONT SOPRA RONCH DE BOS A TAIBON AGORDINO. LA BOA BIANCA DI NUOVO IN MOVIMENTO &nbsp; AGGIORNAMENTO 9.30\u00a0 IL FRAMONT SVEGLIA TAIBON&hellip;<\/p>\n","protected":false},"author":1,"featured_media":113475,"comment_status":"closed","ping_status":"closed","sticky":false,"template":"","format":"standard","meta":{"_monsterinsights_skip_tracking":false,"_monsterinsights_sitenote_active":false,"_monsterinsights_sitenote_note":"","_monsterinsights_sitenote_category":0,"footnotes":""},"categories":[1,51,86],"tags":[],"class_list":["post-113356","post","type-post","status-publish","format-standard","has-post-thumbnail","hentry","category-senza-categoria","category-evidenza-top","category-gr","category-1","category-51","category-86","description-off"],"img_url":"https:\/\/www.radiopiu.net\/wordpress\/wp-content\/uploads\/2020\/01\/f166567e-e139-4174-8de1-b51ad26229c1.jpg","_links":{"self":[{"href":"https:\/\/www.radiopiu.net\/wordpress\/wp-json\/wp\/v2\/posts\/113356","targetHints":{"allow":["GET"]}}],"collection":[{"href":"https:\/\/www.radiopiu.net\/wordpress\/wp-json\/wp\/v2\/posts"}],"about":[{"href":"https:\/\/www.radiopiu.net\/wordpress\/wp-json\/wp\/v2\/types\/post"}],"author":[{"embeddable":true,"href":"https:\/\/www.radiopiu.net\/wordpress\/wp-json\/wp\/v2\/users\/1"}],"replies":[{"embeddable":true,"href":"https:\/\/www.radiopiu.net\/wordpress\/wp-json\/wp\/v2\/comments?post=113356"}],"version-history":[{"count":0,"href":"https:\/\/www.radiopiu.net\/wordpress\/wp-json\/wp\/v2\/posts\/113356\/revisions"}],"wp:featuredmedia":[{"embeddable":true,"href":"https:\/\/www.radiopiu.net\/wordpress\/wp-json\/wp\/v2\/media\/113475"}],"wp:attachment":[{"href":"https:\/\/www.radiopiu.net\/wordpress\/wp-json\/wp\/v2\/media?parent=113356"}],"wp:term":[{"taxonomy":"category","embeddable":true,"href":"https:\/\/www.radiopiu.net\/wordpress\/wp-json\/wp\/v2\/categories?post=113356"},{"taxonomy":"post_tag","embeddable":true,"href":"https:\/\/www.radiopiu.net\/wordpress\/wp-json\/wp\/v2\/tags?post=113356"}],"curies":[{"name":"wp","href":"https:\/\/api.w.org\/{rel}","templated":true}]}}