{"id":113410,"date":"2020-01-18T05:25:06","date_gmt":"2020-01-18T04:25:06","guid":{"rendered":"https:\/\/www.radiopiu.net\/wordpress\/?p=113410"},"modified":"2020-01-18T06:12:24","modified_gmt":"2020-01-18T05:12:24","slug":"non-ci-saranno-code-davanti-al-semaforo-lattenzione-del-comune-di-falcade-e-veneto-strade","status":"publish","type":"post","link":"https:\/\/www.radiopiu.net\/wordpress\/non-ci-saranno-code-davanti-al-semaforo-lattenzione-del-comune-di-falcade-e-veneto-strade\/","title":{"rendered":"NON CI SARANNO CODE DAVANTI AL SEMAFORO, L&#8217;ATTENZIONE DEL COMUNE DI FALCADE E VENETO STRADE\u00a0"},"content":{"rendered":"<h3>Per ricevere gli aggiornamenti in tempo reale delle notizie pubblicate alla radio e sul sito di radio pi\u00f9 iscriviti al gruppo RADIO PIU INFORMAZIONE su Telegram.\u00a0\u00a0<a href=\"https:\/\/t.me\/radiopiu\">clicca qui<\/a><\/h3>\n<p><strong><a class=\"dt-pswp-item\" href=\"https:\/\/www.radiopiu.net\/wordpress\/wp-content\/uploads\/2020\/01\/La-Mora_CANALE-20190410-WA0007.jpeg\" data-dt-img-description=\"\" data-large_image_width=\"1200\" data-large_image_height=\"1600\"><img loading=\"lazy\" decoding=\"async\" class=\"size-medium wp-image-113411 alignleft\" src=\"https:\/\/www.radiopiu.net\/wordpress\/wp-content\/uploads\/2020\/01\/La-Mora_CANALE-20190410-WA0007-225x300.jpeg\" alt=\"\" width=\"225\" height=\"300\" srcset=\"https:\/\/www.radiopiu.net\/wordpress\/wp-content\/uploads\/2020\/01\/La-Mora_CANALE-20190410-WA0007-225x300.jpeg 225w, https:\/\/www.radiopiu.net\/wordpress\/wp-content\/uploads\/2020\/01\/La-Mora_CANALE-20190410-WA0007-768x1024.jpeg 768w, https:\/\/www.radiopiu.net\/wordpress\/wp-content\/uploads\/2020\/01\/La-Mora_CANALE-20190410-WA0007-1152x1536.jpeg 1152w, https:\/\/www.radiopiu.net\/wordpress\/wp-content\/uploads\/2020\/01\/La-Mora_CANALE-20190410-WA0007.jpeg 1200w\" sizes=\"auto, (max-width: 225px) 100vw, 225px\" \/><\/a><\/strong><\/p>\n<p>&nbsp;<\/p>\n<p><strong>FALCADE<\/strong> Quell&#8217;ordinanza che prevede il senso unico alternato anche il sabato e la domenica lungo la regionale 346 del San Pellegrino poco sopra Canale d&#8217;Agordo prima di Falcade,\u00a0 aveva sollevato alcune perplessit\u00e0. Il sabato e la domenica giorni del cambio ma anche dell&#8217;afflusso record dei pendolari del fine settimana quella strada \u00e8 un flusso continuo di mezzi, un semaforo alternato non controllato da movieri porterebbe inevitabilmente a lunghe code. La preoccupazione \u00e8 stata espressa anche dal sindaco di Falcade Michele Costa a Veneto Strade dove ha trovato porte aperte ed orecchi attenti. <em>&#8220;Benvengano i lavori &#8211; dice il sindaco di Falcade &#8211; sono necessari dopo i disastri autunnali, necessari ed urgenti anche se la stagione non \u00e8 la migliore per avviare i cantieri. Ma la domenica al momento del rientro sono centinaia le auto in transito e da Veneto Strade ci sono state fornite rassicurazioni che la ditta incaricata far\u00e0 in modo di mettere in sicurezza le due corsie gi\u00e0 al venerdi sera, in caso contrario e quindi di emergenza, non mancher\u00e0 di lasciare sul posto un moviere che garantir\u00e0 maggiore scorrevolezza ai mezzi in transito&#8221;.<\/em><\/p>\n","protected":false},"excerpt":{"rendered":"<p>Per ricevere gli aggiornamenti in tempo reale delle notizie pubblicate alla radio e sul sito di radio pi\u00f9 iscriviti al gruppo RADIO PIU INFORMAZIONE su Telegram.\u00a0\u00a0clicca qui &nbsp; FALCADE Quell&#8217;ordinanza che prevede il senso unico alternato anche il sabato e la domenica lungo la regionale 346 del San Pellegrino poco sopra Canale d&#8217;Agordo prima di&hellip;<\/p>\n","protected":false},"author":1,"featured_media":113411,"comment_status":"closed","ping_status":"closed","sticky":false,"template":"","format":"standard","meta":{"_monsterinsights_skip_tracking":false,"_monsterinsights_sitenote_active":false,"_monsterinsights_sitenote_note":"","_monsterinsights_sitenote_category":0,"footnotes":""},"categories":[51,49],"tags":[],"class_list":["post-113410","post","type-post","status-publish","format-standard","has-post-thumbnail","hentry","category-evidenza-top","category-news-18","category-51","category-49","description-off"],"img_url":"https:\/\/www.radiopiu.net\/wordpress\/wp-content\/uploads\/2020\/01\/La-Mora_CANALE-20190410-WA0007.jpeg","_links":{"self":[{"href":"https:\/\/www.radiopiu.net\/wordpress\/wp-json\/wp\/v2\/posts\/113410","targetHints":{"allow":["GET"]}}],"collection":[{"href":"https:\/\/www.radiopiu.net\/wordpress\/wp-json\/wp\/v2\/posts"}],"about":[{"href":"https:\/\/www.radiopiu.net\/wordpress\/wp-json\/wp\/v2\/types\/post"}],"author":[{"embeddable":true,"href":"https:\/\/www.radiopiu.net\/wordpress\/wp-json\/wp\/v2\/users\/1"}],"replies":[{"embeddable":true,"href":"https:\/\/www.radiopiu.net\/wordpress\/wp-json\/wp\/v2\/comments?post=113410"}],"version-history":[{"count":0,"href":"https:\/\/www.radiopiu.net\/wordpress\/wp-json\/wp\/v2\/posts\/113410\/revisions"}],"wp:featuredmedia":[{"embeddable":true,"href":"https:\/\/www.radiopiu.net\/wordpress\/wp-json\/wp\/v2\/media\/113411"}],"wp:attachment":[{"href":"https:\/\/www.radiopiu.net\/wordpress\/wp-json\/wp\/v2\/media?parent=113410"}],"wp:term":[{"taxonomy":"category","embeddable":true,"href":"https:\/\/www.radiopiu.net\/wordpress\/wp-json\/wp\/v2\/categories?post=113410"},{"taxonomy":"post_tag","embeddable":true,"href":"https:\/\/www.radiopiu.net\/wordpress\/wp-json\/wp\/v2\/tags?post=113410"}],"curies":[{"name":"wp","href":"https:\/\/api.w.org\/{rel}","templated":true}]}}