{"id":113456,"date":"2020-01-17T19:07:47","date_gmt":"2020-01-17T18:07:47","guid":{"rendered":"https:\/\/www.radiopiu.net\/wordpress\/?p=113456"},"modified":"2020-01-18T05:11:51","modified_gmt":"2020-01-18T04:11:51","slug":"pregare-per-lunita-dei-cristiani","status":"publish","type":"post","link":"https:\/\/www.radiopiu.net\/wordpress\/pregare-per-lunita-dei-cristiani\/","title":{"rendered":"PREGARE PER L\u2019UNITA\u2019 DEI CRISTIANI"},"content":{"rendered":"<p><span class=\"_5yl5\">\u00a0Sul tema: \u201cCi trattarono con rara umanit\u00e0 (Atti 28.2)\u201d la Diocesi di Belluno-Feltre promuove tre incontri di preghiera nell\u2019ambito dell\u2019iniziativa a livello mondiale \u201cSettimana di preghiera per l\u2019unit\u00e0 dei cristiani\u201d. Si comincia oggi, sabato 18, inizio alle 20, nella via Cal de Messa di Sedico dove c\u2019\u00e8 la sede della Comunit\u00e0 evangelica \u201cNuova Pentecoste\u201d con l\u2019ospitalit\u00e0 della Comunit\u00e0 stessa e la presenza del vescovo monsignor Renato Marangoni. Gli altri appuntamenti, entrambi per domani, domenica 19 sono a Pieve di Cadore alle 15,30 e a Zenich di Rivamonte Agordino alle 20. La tavola rotonda \u00e8 invece programmata per domenica 26, inizio alle 16, nella \u201csala Muccin\u201d del centro diocesano \u201cGiovanni XXIII\u201d di Belluno, ed avr\u00e0 per tema: \u201cAccoglienza, integrazione e dignit\u00e0 umana\u201d. E\u2019 annunciata la partecipazione di Stefania Monti, suora Clarissa cappuccina; Enrica Sfredda, predicatrice valdese, del dott. Sandro Ventura, rappresentante della comunit\u00e0 ebraica. Questa iniziativa \u00e8 organizzata dal Segretariato attivit\u00e0 ecumeniche di Belluno intitolato allo scomparso monsignor Emilio Zanetti. Nel sito chiesabellunofeltre don Giuseppe Bratti spiega che il tema proposto quest\u2019anno \u201c\u00e8 ispirato al brano biblico che racconta il naufragio di San Paolo a Malta\u2026 Questo testo ha permesso al gruppo di riflettere sulla fede di San Paolo nella divina Provvidenza e sulle virt\u00f9 ecumeniche dell\u2019ospitalit\u00e0. Nella liturgia e nelle riflessioni per la Settimana di preghiera si evidenziano altri temi: riconciliazione, discernimento, speranza, fiducia, forza, ospitalit\u00e0, conversione e generosit\u00e0\u201d. Ancora don Bratti: \u201c\u2026Questo racconto ci interpella come cristiani che insieme affrontano la crisi relativa alle migrazioni: siamo collusi con le forze indifferenti oppure accogliamo con umanit\u00e0, divenendo cos\u00ec testimoni dell\u2019amorevole provvidenza di Dio verso ogni persona?\u201d e aggiunge: \u201cL\u2019ospitalit\u00e0 \u00e8 una virt\u00f9 altamente necessaria nella ricerca dell\u2019unit\u00e0 tra cristiani. E\u2019 una condotta che spinge a una maggiore generosit\u00e0 verso coloro che sono nel bisogno\u201d.<\/span><\/p>\n\n\t\t\t<style type='text\/css'>\n\t\t\t\t#gallery-1 {\n\t\t\t\t\tmargin: auto;\n\t\t\t\t}\n\t\t\t\t#gallery-1 .gallery-item {\n\t\t\t\t\tfloat: left;\n\t\t\t\t\tmargin-top: 10px;\n\t\t\t\t\ttext-align: center;\n\t\t\t\t\twidth: 33%;\n\t\t\t\t}\n\t\t\t\t#gallery-1 img {\n\t\t\t\t\tborder: 2px solid #cfcfcf;\n\t\t\t\t}\n\t\t\t\t#gallery-1 .gallery-caption {\n\t\t\t\t\tmargin-left: 0;\n\t\t\t\t}\n\t\t\t\t\/* see gallery_shortcode() in wp-includes\/media.php *\/\n\t\t\t<\/style>\n\t\t<div id='gallery-1' class='dt-gallery-container gallery galleryid-113456 gallery-columns-3 gallery-size-thumbnail'><dl class='gallery-item'>\n\t\t\t\t<dt class='gallery-icon portrait'>\n\t\t\t\t\t<a class=\"rollover\" href='https:\/\/www.radiopiu.net\/wordpress\/pregare-per-lunita-dei-cristiani\/82592044_2510206059218764_3827630126405779456_n\/'><img loading=\"lazy\" decoding=\"async\" width=\"150\" height=\"150\" src=\"https:\/\/www.radiopiu.net\/wordpress\/wp-content\/uploads\/2020\/01\/82592044_2510206059218764_3827630126405779456_n-150x150.jpg\" class=\"attachment-thumbnail size-thumbnail\" alt=\"\" \/><\/a>\n\t\t\t\t<\/dt><\/dl><dl class='gallery-item'>\n\t\t\t\t<dt class='gallery-icon portrait'>\n\t\t\t\t\t<a class=\"rollover\" href='https:\/\/www.radiopiu.net\/wordpress\/pregare-per-lunita-dei-cristiani\/82227256_3201075106575145_4568745639776616448_n\/'><img loading=\"lazy\" decoding=\"async\" width=\"150\" height=\"150\" src=\"https:\/\/www.radiopiu.net\/wordpress\/wp-content\/uploads\/2020\/01\/82227256_3201075106575145_4568745639776616448_n-150x150.jpg\" class=\"attachment-thumbnail size-thumbnail\" alt=\"\" \/><\/a>\n\t\t\t\t<\/dt><\/dl><dl class='gallery-item'>\n\t\t\t\t<dt class='gallery-icon landscape'>\n\t\t\t\t\t<a class=\"rollover\" href='https:\/\/www.radiopiu.net\/wordpress\/pregare-per-lunita-dei-cristiani\/82450064_2731505033571353_8217109766892158976_n\/'><img loading=\"lazy\" decoding=\"async\" width=\"150\" height=\"150\" src=\"https:\/\/www.radiopiu.net\/wordpress\/wp-content\/uploads\/2020\/01\/82450064_2731505033571353_8217109766892158976_n-150x150.png\" class=\"attachment-thumbnail size-thumbnail\" alt=\"\" \/><\/a>\n\t\t\t\t<\/dt><\/dl><br style=\"clear: both\" \/>\n\t\t\t<\/div>\n\n<p><span class=\"_5yl5\"> NELLE FOTO (sito chiesabellunofeltre e Google): il logo della iniziativa diocesana, che raffigura il naufragio di San Paolo a Malta; suor Stefania Monti; la predicatrice valdese Enrica Sfredda.<\/span><\/p>\n","protected":false},"excerpt":{"rendered":"<p>\u00a0Sul tema: \u201cCi trattarono con rara umanit\u00e0 (Atti 28.2)\u201d la Diocesi di Belluno-Feltre promuove tre incontri di preghiera nell\u2019ambito dell\u2019iniziativa a livello mondiale \u201cSettimana di preghiera per l\u2019unit\u00e0 dei cristiani\u201d. Si comincia oggi, sabato 18, inizio alle 20, nella via Cal de Messa di Sedico dove c\u2019\u00e8 la sede della Comunit\u00e0 evangelica \u201cNuova Pentecoste\u201d con&hellip;<\/p>\n","protected":false},"author":1,"featured_media":113459,"comment_status":"closed","ping_status":"closed","sticky":false,"template":"","format":"standard","meta":{"_monsterinsights_skip_tracking":false,"_monsterinsights_sitenote_active":false,"_monsterinsights_sitenote_note":"","_monsterinsights_sitenote_category":0,"footnotes":""},"categories":[49],"tags":[],"class_list":["post-113456","post","type-post","status-publish","format-standard","has-post-thumbnail","hentry","category-news-18","category-49","description-off"],"img_url":"https:\/\/www.radiopiu.net\/wordpress\/wp-content\/uploads\/2020\/01\/82450064_2731505033571353_8217109766892158976_n.png","_links":{"self":[{"href":"https:\/\/www.radiopiu.net\/wordpress\/wp-json\/wp\/v2\/posts\/113456","targetHints":{"allow":["GET"]}}],"collection":[{"href":"https:\/\/www.radiopiu.net\/wordpress\/wp-json\/wp\/v2\/posts"}],"about":[{"href":"https:\/\/www.radiopiu.net\/wordpress\/wp-json\/wp\/v2\/types\/post"}],"author":[{"embeddable":true,"href":"https:\/\/www.radiopiu.net\/wordpress\/wp-json\/wp\/v2\/users\/1"}],"replies":[{"embeddable":true,"href":"https:\/\/www.radiopiu.net\/wordpress\/wp-json\/wp\/v2\/comments?post=113456"}],"version-history":[{"count":0,"href":"https:\/\/www.radiopiu.net\/wordpress\/wp-json\/wp\/v2\/posts\/113456\/revisions"}],"wp:featuredmedia":[{"embeddable":true,"href":"https:\/\/www.radiopiu.net\/wordpress\/wp-json\/wp\/v2\/media\/113459"}],"wp:attachment":[{"href":"https:\/\/www.radiopiu.net\/wordpress\/wp-json\/wp\/v2\/media?parent=113456"}],"wp:term":[{"taxonomy":"category","embeddable":true,"href":"https:\/\/www.radiopiu.net\/wordpress\/wp-json\/wp\/v2\/categories?post=113456"},{"taxonomy":"post_tag","embeddable":true,"href":"https:\/\/www.radiopiu.net\/wordpress\/wp-json\/wp\/v2\/tags?post=113456"}],"curies":[{"name":"wp","href":"https:\/\/api.w.org\/{rel}","templated":true}]}}