{"id":113581,"date":"2020-01-20T06:08:46","date_gmt":"2020-01-20T05:08:46","guid":{"rendered":"https:\/\/www.radiopiu.net\/wordpress\/?p=113581"},"modified":"2020-01-20T09:56:38","modified_gmt":"2020-01-20T08:56:38","slug":"delizie-e-sapori-di-denise-al-grande-fratello","status":"publish","type":"post","link":"https:\/\/www.radiopiu.net\/wordpress\/delizie-e-sapori-di-denise-al-grande-fratello\/","title":{"rendered":"DELIZIE E SAPORI DI DENISE AL GRANDE FRATELLO"},"content":{"rendered":"<h3><span style=\"color: #ff00ff;\">Per ricevere gli aggiornamenti in tempo reale delle notizie pubblicate alla radio e sul sito di radio pi\u00f9 iscriviti al gruppo RADIO PIU INFORMAZIONE su <span style=\"color: #0000ff;\">Telegram<\/span>.\u00a0<span style=\"color: #000000;\"> <a style=\"color: #000000;\" href=\"https:\/\/t.me\/radiopiu\">clicca qui<\/a><\/span><\/span><\/h3>\n<p>&nbsp;<\/p>\n<p>&nbsp;<\/p>\n<p><strong>con la collaborazione di Luisa Alchini.<\/strong><\/p>\n<p><strong><a class=\"dt-pswp-item\" href=\"https:\/\/www.radiopiu.net\/wordpress\/wp-content\/uploads\/2020\/01\/82702584_534946943787444_4641952957904977920_n.jpg\" data-dt-img-description=\"\" data-large_image_width=\"600\" data-large_image_height=\"800\"><img loading=\"lazy\" decoding=\"async\" class=\"size-medium wp-image-113609 alignleft\" src=\"https:\/\/www.radiopiu.net\/wordpress\/wp-content\/uploads\/2020\/01\/82702584_534946943787444_4641952957904977920_n-225x300.jpg\" alt=\"\" width=\"225\" height=\"300\" srcset=\"https:\/\/www.radiopiu.net\/wordpress\/wp-content\/uploads\/2020\/01\/82702584_534946943787444_4641952957904977920_n-225x300.jpg 225w, https:\/\/www.radiopiu.net\/wordpress\/wp-content\/uploads\/2020\/01\/82702584_534946943787444_4641952957904977920_n.jpg 600w\" sizes=\"auto, (max-width: 225px) 100vw, 225px\" \/><\/a>ROMA<\/strong> Radio Pi\u00f9 fa il tifo per Denise Riccitelli coinvolta nella grande avventura mediatica di Canale 5. Non \u00e8 un&#8217;ospite della casa, ma la professionista che ha saputo coltivare una passione, quella per la cucina. Noi della radio ne sappiamo qualche cosa perch\u00e9 Denise ci ha regalato alcuni cicli importanti del format radiofonico Delizie e Sapori ancora consultabile in podcast sul sito di Radio Pi\u00f9.\u00a0 Denise ha frequentato con successo il diploma di pasticcera presso l\u2019Accademia di Terni. Ha lavorato come stagista in diverse pasticcerie in provincia di Roma fino ad arrivare da poco pi\u00f9 di un mese ad una collaborazione con la titolare di un laboratorio di pasticceria che ha vinto l\u2019appalto per la fornitura dei pasti giornalieri alla <a class=\"dt-pswp-item\" href=\"https:\/\/www.radiopiu.net\/wordpress\/wp-content\/uploads\/2020\/01\/fcc2b570-0c36-42a2-a93f-0089e3fc32bf.jpg\" data-dt-img-description=\"\" data-large_image_width=\"1600\" data-large_image_height=\"1200\"><img loading=\"lazy\" decoding=\"async\" class=\"wp-image-113606 alignright\" src=\"https:\/\/www.radiopiu.net\/wordpress\/wp-content\/uploads\/2020\/01\/fcc2b570-0c36-42a2-a93f-0089e3fc32bf-300x225.jpg\" alt=\"\" width=\"167\" height=\"125\" srcset=\"https:\/\/www.radiopiu.net\/wordpress\/wp-content\/uploads\/2020\/01\/fcc2b570-0c36-42a2-a93f-0089e3fc32bf-300x225.jpg 300w, https:\/\/www.radiopiu.net\/wordpress\/wp-content\/uploads\/2020\/01\/fcc2b570-0c36-42a2-a93f-0089e3fc32bf-1024x768.jpg 1024w, https:\/\/www.radiopiu.net\/wordpress\/wp-content\/uploads\/2020\/01\/fcc2b570-0c36-42a2-a93f-0089e3fc32bf-768x576.jpg 768w, https:\/\/www.radiopiu.net\/wordpress\/wp-content\/uploads\/2020\/01\/fcc2b570-0c36-42a2-a93f-0089e3fc32bf-1536x1152.jpg 1536w, https:\/\/www.radiopiu.net\/wordpress\/wp-content\/uploads\/2020\/01\/fcc2b570-0c36-42a2-a93f-0089e3fc32bf.jpg 1600w\" sizes=\"auto, (max-width: 167px) 100vw, 167px\" \/><\/a>Direzione e produzione del Grande Fratello a Cinecitt\u00e0.<\/p>\n<p>L\u2019emozione e la carica sono alle stelle anche se Denise preferisce mantenere un profilo basso, riconoscendo che si tratta di una fortunata collaborazione che le sta permettendo di poter mettere a frutto tutta la sua passione. La titolare le sta riconoscendo molta fiducia e libert\u00e0 tanto che Denise ogni giorno ama proporre idee nuove ed ha voluto portare un po\u2019 di cucina bellunese a cinecitt\u00e0. Ieri domenica\u00a0 ha cucinato per la troupe i canderli (balote) con i \u201ccapus sofegai\u201d, la titolare le ha chiesto di scrivere sulla confezione del pasto il nome originale in dialetto. Denise ha preparato le balote con la stessa maestria imparata dal nonno Arvedo, mentre girava il cucchiaio nel mestolo si \u00e8 commossa , sicuramente il risultato \u00e8 stato apprezzato..visto che \u00e8 stato fatto con il cuore. Denise ha contribuito anche alla produzione della torta di compleanno per festeggiare uno degli ospiti della casa : Ivan Gonzalez, il dolce ha fatto bella mostra in casa. Denise prepara spesse anche i ricercati pranzi per il conduttore Alfonso Signorini che ama una cucina salutista e ricercata e per Pupo e Wanda\u2026 Ogni giorno Denise si reca a Cincecitt\u00e0 negli studi della trasmissione per portare le sue prelibatezze.<\/p>\n<blockquote><p>&#8220;<em>Denise non si \u00e8 montata la testa, ne parla quasi con pudore, molto riconoscente alla sua titolare che le sta dando questa bellissima opportunit\u00e0 Il suo sogno si sta realizzando, dopo tante traversie e difficolt\u00e0 aveva smesso di crederci..invece.<\/em>.&#8221;e se lo dice Luisa, cuore di mamma c&#8217;\u00e8 solo da crederci.<\/p><\/blockquote>\n<p>.<\/p>\n<p><a class=\"dt-pswp-item\" href=\"https:\/\/www.radiopiu.net\/wordpress\/wp-content\/uploads\/2020\/01\/DE-6.jpg\" data-dt-img-description=\"\" data-large_image_width=\"1600\" data-large_image_height=\"736\"><img loading=\"lazy\" decoding=\"async\" class=\"alignnone wp-image-113594\" src=\"https:\/\/www.radiopiu.net\/wordpress\/wp-content\/uploads\/2020\/01\/DE-6-300x138.jpg\" alt=\"\" width=\"389\" height=\"179\" srcset=\"https:\/\/www.radiopiu.net\/wordpress\/wp-content\/uploads\/2020\/01\/DE-6-300x138.jpg 300w, https:\/\/www.radiopiu.net\/wordpress\/wp-content\/uploads\/2020\/01\/DE-6-1024x471.jpg 1024w, https:\/\/www.radiopiu.net\/wordpress\/wp-content\/uploads\/2020\/01\/DE-6-768x353.jpg 768w, https:\/\/www.radiopiu.net\/wordpress\/wp-content\/uploads\/2020\/01\/DE-6-1536x707.jpg 1536w, https:\/\/www.radiopiu.net\/wordpress\/wp-content\/uploads\/2020\/01\/DE-6.jpg 1600w\" sizes=\"auto, (max-width: 389px) 100vw, 389px\" \/><\/a><a class=\"dt-pswp-item\" href=\"https:\/\/www.radiopiu.net\/wordpress\/wp-content\/uploads\/2020\/01\/DE-5.jpg\" data-dt-img-description=\"\" data-large_image_width=\"1600\" data-large_image_height=\"1200\"><img loading=\"lazy\" decoding=\"async\" class=\"alignnone wp-image-113593\" src=\"https:\/\/www.radiopiu.net\/wordpress\/wp-content\/uploads\/2020\/01\/DE-5-300x225.jpg\" alt=\"\" width=\"237\" height=\"178\" srcset=\"https:\/\/www.radiopiu.net\/wordpress\/wp-content\/uploads\/2020\/01\/DE-5-300x225.jpg 300w, https:\/\/www.radiopiu.net\/wordpress\/wp-content\/uploads\/2020\/01\/DE-5-1024x768.jpg 1024w, https:\/\/www.radiopiu.net\/wordpress\/wp-content\/uploads\/2020\/01\/DE-5-768x576.jpg 768w, https:\/\/www.radiopiu.net\/wordpress\/wp-content\/uploads\/2020\/01\/DE-5-1536x1152.jpg 1536w, https:\/\/www.radiopiu.net\/wordpress\/wp-content\/uploads\/2020\/01\/DE-5.jpg 1600w\" sizes=\"auto, (max-width: 237px) 100vw, 237px\" \/> <\/a><a class=\"dt-pswp-item\" href=\"https:\/\/www.radiopiu.net\/wordpress\/wp-content\/uploads\/2020\/01\/DE-4.jpg\" data-dt-img-description=\"\" data-large_image_width=\"1600\" data-large_image_height=\"738\"><img loading=\"lazy\" decoding=\"async\" class=\"alignnone wp-image-113592\" src=\"https:\/\/www.radiopiu.net\/wordpress\/wp-content\/uploads\/2020\/01\/DE-4-300x138.jpg\" alt=\"\" width=\"387\" height=\"178\" srcset=\"https:\/\/www.radiopiu.net\/wordpress\/wp-content\/uploads\/2020\/01\/DE-4-300x138.jpg 300w, https:\/\/www.radiopiu.net\/wordpress\/wp-content\/uploads\/2020\/01\/DE-4-1024x472.jpg 1024w, https:\/\/www.radiopiu.net\/wordpress\/wp-content\/uploads\/2020\/01\/DE-4-768x354.jpg 768w, https:\/\/www.radiopiu.net\/wordpress\/wp-content\/uploads\/2020\/01\/DE-4-1536x708.jpg 1536w, https:\/\/www.radiopiu.net\/wordpress\/wp-content\/uploads\/2020\/01\/DE-4.jpg 1600w\" sizes=\"auto, (max-width: 387px) 100vw, 387px\" \/><\/a><\/p>\n<p><a class=\"dt-pswp-item\" href=\"https:\/\/www.radiopiu.net\/wordpress\/wp-content\/uploads\/2020\/01\/DE-3.jpg\" data-dt-img-description=\"\" data-large_image_width=\"1600\" data-large_image_height=\"738\"><img loading=\"lazy\" decoding=\"async\" class=\"alignnone wp-image-113591\" src=\"https:\/\/www.radiopiu.net\/wordpress\/wp-content\/uploads\/2020\/01\/DE-3-300x138.jpg\" alt=\"\" width=\"376\" height=\"173\" srcset=\"https:\/\/www.radiopiu.net\/wordpress\/wp-content\/uploads\/2020\/01\/DE-3-300x138.jpg 300w, https:\/\/www.radiopiu.net\/wordpress\/wp-content\/uploads\/2020\/01\/DE-3-1024x472.jpg 1024w, https:\/\/www.radiopiu.net\/wordpress\/wp-content\/uploads\/2020\/01\/DE-3-768x354.jpg 768w, https:\/\/www.radiopiu.net\/wordpress\/wp-content\/uploads\/2020\/01\/DE-3-1536x708.jpg 1536w, https:\/\/www.radiopiu.net\/wordpress\/wp-content\/uploads\/2020\/01\/DE-3.jpg 1600w\" sizes=\"auto, (max-width: 376px) 100vw, 376px\" \/><\/a><a class=\"dt-pswp-item\" href=\"https:\/\/www.radiopiu.net\/wordpress\/wp-content\/uploads\/2020\/01\/DE-2.jpg\" data-dt-img-description=\"\" data-large_image_width=\"1600\" data-large_image_height=\"738\"><img loading=\"lazy\" decoding=\"async\" class=\"alignnone wp-image-113590\" src=\"https:\/\/www.radiopiu.net\/wordpress\/wp-content\/uploads\/2020\/01\/DE-2-300x138.jpg\" alt=\"\" width=\"376\" height=\"173\" srcset=\"https:\/\/www.radiopiu.net\/wordpress\/wp-content\/uploads\/2020\/01\/DE-2-300x138.jpg 300w, https:\/\/www.radiopiu.net\/wordpress\/wp-content\/uploads\/2020\/01\/DE-2-1024x472.jpg 1024w, https:\/\/www.radiopiu.net\/wordpress\/wp-content\/uploads\/2020\/01\/DE-2-768x354.jpg 768w, https:\/\/www.radiopiu.net\/wordpress\/wp-content\/uploads\/2020\/01\/DE-2-1536x708.jpg 1536w, https:\/\/www.radiopiu.net\/wordpress\/wp-content\/uploads\/2020\/01\/DE-2.jpg 1600w\" sizes=\"auto, (max-width: 376px) 100vw, 376px\" \/><\/a><\/p>\n","protected":false},"excerpt":{"rendered":"<p>Per ricevere gli aggiornamenti in tempo reale delle notizie pubblicate alla radio e sul sito di radio pi\u00f9 iscriviti al gruppo RADIO PIU INFORMAZIONE su Telegram.\u00a0 clicca qui &nbsp; &nbsp; con la collaborazione di Luisa Alchini. ROMA Radio Pi\u00f9 fa il tifo per Denise Riccitelli coinvolta nella grande avventura mediatica di Canale 5. Non \u00e8&hellip;<\/p>\n","protected":false},"author":1,"featured_media":113605,"comment_status":"closed","ping_status":"closed","sticky":false,"template":"","format":"standard","meta":{"_monsterinsights_skip_tracking":false,"_monsterinsights_sitenote_active":false,"_monsterinsights_sitenote_note":"","_monsterinsights_sitenote_category":0,"footnotes":""},"categories":[51,49],"tags":[],"class_list":["post-113581","post","type-post","status-publish","format-standard","has-post-thumbnail","hentry","category-evidenza-top","category-news-18","category-51","category-49","description-off"],"img_url":"https:\/\/www.radiopiu.net\/wordpress\/wp-content\/uploads\/2020\/01\/3db3e2d9-8585-4fbe-8bee-d844a900ab1c.jpg","_links":{"self":[{"href":"https:\/\/www.radiopiu.net\/wordpress\/wp-json\/wp\/v2\/posts\/113581","targetHints":{"allow":["GET"]}}],"collection":[{"href":"https:\/\/www.radiopiu.net\/wordpress\/wp-json\/wp\/v2\/posts"}],"about":[{"href":"https:\/\/www.radiopiu.net\/wordpress\/wp-json\/wp\/v2\/types\/post"}],"author":[{"embeddable":true,"href":"https:\/\/www.radiopiu.net\/wordpress\/wp-json\/wp\/v2\/users\/1"}],"replies":[{"embeddable":true,"href":"https:\/\/www.radiopiu.net\/wordpress\/wp-json\/wp\/v2\/comments?post=113581"}],"version-history":[{"count":0,"href":"https:\/\/www.radiopiu.net\/wordpress\/wp-json\/wp\/v2\/posts\/113581\/revisions"}],"wp:featuredmedia":[{"embeddable":true,"href":"https:\/\/www.radiopiu.net\/wordpress\/wp-json\/wp\/v2\/media\/113605"}],"wp:attachment":[{"href":"https:\/\/www.radiopiu.net\/wordpress\/wp-json\/wp\/v2\/media?parent=113581"}],"wp:term":[{"taxonomy":"category","embeddable":true,"href":"https:\/\/www.radiopiu.net\/wordpress\/wp-json\/wp\/v2\/categories?post=113581"},{"taxonomy":"post_tag","embeddable":true,"href":"https:\/\/www.radiopiu.net\/wordpress\/wp-json\/wp\/v2\/tags?post=113581"}],"curies":[{"name":"wp","href":"https:\/\/api.w.org\/{rel}","templated":true}]}}