{"id":113646,"date":"2020-01-19T15:23:54","date_gmt":"2020-01-19T14:23:54","guid":{"rendered":"https:\/\/www.radiopiu.net\/wordpress\/?p=113646"},"modified":"2020-01-20T08:07:41","modified_gmt":"2020-01-20T07:07:41","slug":"dalle-piste-soccorso-un-bimbo-a-cortina","status":"publish","type":"post","link":"https:\/\/www.radiopiu.net\/wordpress\/dalle-piste-soccorso-un-bimbo-a-cortina\/","title":{"rendered":"DALLE PISTE: SOCCORSO UN BIMBO A CORTINA"},"content":{"rendered":"<p><strong><a class=\"dt-pswp-item\" href=\"https:\/\/www.radiopiu.net\/wordpress\/wp-content\/uploads\/2020\/01\/MI.JPG-rotated.jpg\" data-dt-img-description=\"\" data-large_image_width=\"1280\" data-large_image_height=\"1058\"><img loading=\"lazy\" decoding=\"async\" class=\"size-medium wp-image-113653 alignleft\" src=\"https:\/\/www.radiopiu.net\/wordpress\/wp-content\/uploads\/2020\/01\/MI.JPG-300x248.jpg\" alt=\"\" width=\"300\" height=\"248\" srcset=\"https:\/\/www.radiopiu.net\/wordpress\/wp-content\/uploads\/2020\/01\/MI.JPG-300x248.jpg 300w, https:\/\/www.radiopiu.net\/wordpress\/wp-content\/uploads\/2020\/01\/MI.JPG-1024x846.jpg 1024w, https:\/\/www.radiopiu.net\/wordpress\/wp-content\/uploads\/2020\/01\/MI.JPG-768x635.jpg 768w, https:\/\/www.radiopiu.net\/wordpress\/wp-content\/uploads\/2020\/01\/MI.JPG-rotated.jpg 1280w\" sizes=\"auto, (max-width: 300px) 100vw, 300px\" \/><\/a>CORTINA Tanta gente, tanti sciatori e immancabili gli infortuni. I Carabinieri Sciatori di Cortina sono intervenuti sulla pista San Forca per soccorrere un bimbo di 6 anni di Cortina caduto poco prima del &#8220;muro&#8221;. Per il piccolo \u00e8 stata diagnosticata la frattura della tibia e per questo portato in ospedale a Pieve di Cadore. \u00a0Un uomo di Milano di 78 anni \u00e8 rimasto ferito, sempre nella zona di Cortina. L&#8217;elicottero \u00e8 intervenuto nella ski area di Arabba per un ragazzo di 15 anni di Montebelluna e per un uomo di 36 anni di nazionalit\u00e0 spagnola. Entrambi sono stati portati in ortopedia a Belluno.<br \/>\n<\/strong><\/p>\n<p>&nbsp;<\/p>\n<h3><span style=\"color: #ff00ff;\">Per ricevere gli aggiornamenti in tempo reale delle notizie pubblicate alla radio e sul sito di radio pi\u00f9 iscriviti al gruppo RADIO PIU INFORMAZIONE su <span style=\"color: #0000ff;\">Telegram<\/span>.\u00a0<span style=\"color: #000000;\"> <a style=\"color: #000000;\" href=\"https:\/\/t.me\/radiopiu\">clicca qui<\/a><\/span><\/span><\/h3>\n<p>&nbsp;<\/p>\n","protected":false},"excerpt":{"rendered":"<p>CORTINA Tanta gente, tanti sciatori e immancabili gli infortuni. I Carabinieri Sciatori di Cortina sono intervenuti sulla pista San Forca per soccorrere un bimbo di 6 anni di Cortina caduto poco prima del &#8220;muro&#8221;. Per il piccolo \u00e8 stata diagnosticata la frattura della tibia e per questo portato in ospedale a Pieve di Cadore. \u00a0Un&hellip;<\/p>\n","protected":false},"author":1,"featured_media":113653,"comment_status":"closed","ping_status":"closed","sticky":false,"template":"","format":"standard","meta":{"_monsterinsights_skip_tracking":false,"_monsterinsights_sitenote_active":false,"_monsterinsights_sitenote_note":"","_monsterinsights_sitenote_category":0,"footnotes":""},"categories":[49],"tags":[],"class_list":["post-113646","post","type-post","status-publish","format-standard","has-post-thumbnail","hentry","category-news-18","category-49","description-off"],"img_url":"https:\/\/www.radiopiu.net\/wordpress\/wp-content\/uploads\/2020\/01\/MI.JPG-rotated.jpg","_links":{"self":[{"href":"https:\/\/www.radiopiu.net\/wordpress\/wp-json\/wp\/v2\/posts\/113646","targetHints":{"allow":["GET"]}}],"collection":[{"href":"https:\/\/www.radiopiu.net\/wordpress\/wp-json\/wp\/v2\/posts"}],"about":[{"href":"https:\/\/www.radiopiu.net\/wordpress\/wp-json\/wp\/v2\/types\/post"}],"author":[{"embeddable":true,"href":"https:\/\/www.radiopiu.net\/wordpress\/wp-json\/wp\/v2\/users\/1"}],"replies":[{"embeddable":true,"href":"https:\/\/www.radiopiu.net\/wordpress\/wp-json\/wp\/v2\/comments?post=113646"}],"version-history":[{"count":0,"href":"https:\/\/www.radiopiu.net\/wordpress\/wp-json\/wp\/v2\/posts\/113646\/revisions"}],"wp:featuredmedia":[{"embeddable":true,"href":"https:\/\/www.radiopiu.net\/wordpress\/wp-json\/wp\/v2\/media\/113653"}],"wp:attachment":[{"href":"https:\/\/www.radiopiu.net\/wordpress\/wp-json\/wp\/v2\/media?parent=113646"}],"wp:term":[{"taxonomy":"category","embeddable":true,"href":"https:\/\/www.radiopiu.net\/wordpress\/wp-json\/wp\/v2\/categories?post=113646"},{"taxonomy":"post_tag","embeddable":true,"href":"https:\/\/www.radiopiu.net\/wordpress\/wp-json\/wp\/v2\/tags?post=113646"}],"curies":[{"name":"wp","href":"https:\/\/api.w.org\/{rel}","templated":true}]}}