{"id":113693,"date":"2020-01-20T05:55:31","date_gmt":"2020-01-20T04:55:31","guid":{"rendered":"https:\/\/www.radiopiu.net\/wordpress\/?p=113693"},"modified":"2020-01-20T05:55:31","modified_gmt":"2020-01-20T04:55:31","slug":"i-masters-ondablu-a-bolzano","status":"publish","type":"post","link":"https:\/\/www.radiopiu.net\/wordpress\/i-masters-ondablu-a-bolzano\/","title":{"rendered":"I Masters Ondablu a Bolzano"},"content":{"rendered":"<h3><em>10\u00b0 posto per societ\u00e0 (su 27) seppur con solo 6 nuotatori<\/em><\/h3>\n<p><strong>BELLUNO<\/strong> Ieri\u00a0 in 6 si sono presentati ai blocchi di partenza al 22\u00b0 Trofeo delle Dolomiti , nel bell&#8217;impianto in via Madonna della Neve a Bolzano. Il primo a tuffarsi \u00e8 Michele Tonin che migliora i suoi personali in tutte due le sue gare agguantando un primo posto nei 50 rana categoria master 45. Ma a fare ambo con le medaglie d&#8217;oro, sono le due masteriste Giulia Abatangelo nei 50 sl e 50 dorso cat.M.70 e Emanuela Bittante nei 400 stile e 100 rana cat.M.55. A salire sul primo gradino \u00e8 anche Thomas Dal Piva nella cat. M.30 nei 100 rana, ed \u00e8 sul terzo gradino invece nei 400 stile. Le medaglie non finiscono poich\u00e9 la squadra conquista altri due argenti con Fabio Zuglian, secondo nei 100 dorso e appena gi\u00f9 dal podio nei 100 stile nella cat. M.30, e con Federico Longo secondo nei 400 stile cat.M.25 e appena gi\u00f9 dal podio nei 100 dorso.<\/p>\n<p><strong>Giulia Abatangelo con Michele Tonin i sei atleti <\/strong><\/p>\n<p><a class=\"dt-pswp-item\" href=\"https:\/\/www.radiopiu.net\/wordpress\/wp-content\/uploads\/2020\/01\/Giulia-Abatangelo-e-Michele-Tonin.jpg\" data-dt-img-description=\"\" data-large_image_width=\"1600\" data-large_image_height=\"1161\"><img loading=\"lazy\" decoding=\"async\" class=\"alignnone size-medium wp-image-113690\" src=\"https:\/\/www.radiopiu.net\/wordpress\/wp-content\/uploads\/2020\/01\/Giulia-Abatangelo-e-Michele-Tonin-300x218.jpg\" alt=\"\" width=\"300\" height=\"218\" srcset=\"https:\/\/www.radiopiu.net\/wordpress\/wp-content\/uploads\/2020\/01\/Giulia-Abatangelo-e-Michele-Tonin-300x218.jpg 300w, https:\/\/www.radiopiu.net\/wordpress\/wp-content\/uploads\/2020\/01\/Giulia-Abatangelo-e-Michele-Tonin-1024x743.jpg 1024w, https:\/\/www.radiopiu.net\/wordpress\/wp-content\/uploads\/2020\/01\/Giulia-Abatangelo-e-Michele-Tonin-768x557.jpg 768w, https:\/\/www.radiopiu.net\/wordpress\/wp-content\/uploads\/2020\/01\/Giulia-Abatangelo-e-Michele-Tonin-1536x1115.jpg 1536w, https:\/\/www.radiopiu.net\/wordpress\/wp-content\/uploads\/2020\/01\/Giulia-Abatangelo-e-Michele-Tonin.jpg 1600w\" sizes=\"auto, (max-width: 300px) 100vw, 300px\" \/><\/a><a class=\"dt-pswp-item\" href=\"https:\/\/www.radiopiu.net\/wordpress\/wp-content\/uploads\/2020\/01\/sq.-Ondablu-a-Bolzano-1.jpg\" data-dt-img-description=\"\" data-large_image_width=\"1599\" data-large_image_height=\"1200\"><img loading=\"lazy\" decoding=\"async\" class=\"alignnone size-medium wp-image-113691\" src=\"https:\/\/www.radiopiu.net\/wordpress\/wp-content\/uploads\/2020\/01\/sq.-Ondablu-a-Bolzano-1-300x225.jpg\" alt=\"\" width=\"300\" height=\"225\" srcset=\"https:\/\/www.radiopiu.net\/wordpress\/wp-content\/uploads\/2020\/01\/sq.-Ondablu-a-Bolzano-1-300x225.jpg 300w, https:\/\/www.radiopiu.net\/wordpress\/wp-content\/uploads\/2020\/01\/sq.-Ondablu-a-Bolzano-1-1024x768.jpg 1024w, https:\/\/www.radiopiu.net\/wordpress\/wp-content\/uploads\/2020\/01\/sq.-Ondablu-a-Bolzano-1-768x576.jpg 768w, https:\/\/www.radiopiu.net\/wordpress\/wp-content\/uploads\/2020\/01\/sq.-Ondablu-a-Bolzano-1-1536x1153.jpg 1536w, https:\/\/www.radiopiu.net\/wordpress\/wp-content\/uploads\/2020\/01\/sq.-Ondablu-a-Bolzano-1.jpg 1599w\" sizes=\"auto, (max-width: 300px) 100vw, 300px\" \/><\/a><\/p>\n<p>&nbsp;<\/p>\n<p>&nbsp;<\/p>\n<p>&nbsp;<\/p>\n","protected":false},"excerpt":{"rendered":"<p>10\u00b0 posto per societ\u00e0 (su 27) seppur con solo 6 nuotatori BELLUNO Ieri\u00a0 in 6 si sono presentati ai blocchi di partenza al 22\u00b0 Trofeo delle Dolomiti , nel bell&#8217;impianto in via Madonna della Neve a Bolzano. Il primo a tuffarsi \u00e8 Michele Tonin che migliora i suoi personali in tutte due le sue gare&hellip;<\/p>\n","protected":false},"author":1,"featured_media":113690,"comment_status":"closed","ping_status":"closed","sticky":false,"template":"","format":"standard","meta":{"_monsterinsights_skip_tracking":false,"_monsterinsights_sitenote_active":false,"_monsterinsights_sitenote_note":"","_monsterinsights_sitenote_category":0,"footnotes":""},"categories":[49],"tags":[],"class_list":["post-113693","post","type-post","status-publish","format-standard","has-post-thumbnail","hentry","category-news-18","category-49","description-off"],"img_url":"https:\/\/www.radiopiu.net\/wordpress\/wp-content\/uploads\/2020\/01\/Giulia-Abatangelo-e-Michele-Tonin.jpg","_links":{"self":[{"href":"https:\/\/www.radiopiu.net\/wordpress\/wp-json\/wp\/v2\/posts\/113693","targetHints":{"allow":["GET"]}}],"collection":[{"href":"https:\/\/www.radiopiu.net\/wordpress\/wp-json\/wp\/v2\/posts"}],"about":[{"href":"https:\/\/www.radiopiu.net\/wordpress\/wp-json\/wp\/v2\/types\/post"}],"author":[{"embeddable":true,"href":"https:\/\/www.radiopiu.net\/wordpress\/wp-json\/wp\/v2\/users\/1"}],"replies":[{"embeddable":true,"href":"https:\/\/www.radiopiu.net\/wordpress\/wp-json\/wp\/v2\/comments?post=113693"}],"version-history":[{"count":0,"href":"https:\/\/www.radiopiu.net\/wordpress\/wp-json\/wp\/v2\/posts\/113693\/revisions"}],"wp:featuredmedia":[{"embeddable":true,"href":"https:\/\/www.radiopiu.net\/wordpress\/wp-json\/wp\/v2\/media\/113690"}],"wp:attachment":[{"href":"https:\/\/www.radiopiu.net\/wordpress\/wp-json\/wp\/v2\/media?parent=113693"}],"wp:term":[{"taxonomy":"category","embeddable":true,"href":"https:\/\/www.radiopiu.net\/wordpress\/wp-json\/wp\/v2\/categories?post=113693"},{"taxonomy":"post_tag","embeddable":true,"href":"https:\/\/www.radiopiu.net\/wordpress\/wp-json\/wp\/v2\/tags?post=113693"}],"curies":[{"name":"wp","href":"https:\/\/api.w.org\/{rel}","templated":true}]}}