{"id":113766,"date":"2020-01-21T05:52:00","date_gmt":"2020-01-21T04:52:00","guid":{"rendered":"https:\/\/www.radiopiu.net\/wordpress\/?p=113766"},"modified":"2020-01-21T12:57:29","modified_gmt":"2020-01-21T11:57:29","slug":"giornale-radiopiu-21-gennaio-2020-direttore-mirko-mezzacasa","status":"publish","type":"post","link":"https:\/\/www.radiopiu.net\/wordpress\/giornale-radiopiu-21-gennaio-2020-direttore-mirko-mezzacasa\/","title":{"rendered":"GIORNALE RADIOPIU 21 GENNAIO 2020 direttore Mirko Mezzacasa"},"content":{"rendered":"<div class=\"page-title-head hgroup\">\n<h3 class=\"entry-title\">DRAMMA A SANTO STEFANO, MUORE 19ENNE DURANTE L\u2019ESCURSIONE. RITROVATO ACCANTO AL CANE, MORTO ANCH&#8217;ESSO NELLA CADUTA.<\/h3>\n<\/div>\n<p><strong><img loading=\"lazy\" decoding=\"async\" class=\"alignleft\" src=\"https:\/\/www.radiopiu.net\/wordpress\/wp-content\/uploads\/2019\/08\/SOCCORSO-ALPINO-2019.jpg\" width=\"219\" height=\"164\" \/>SANTO STEFANO<\/strong> Gabriele Comis\u00a0 19 anni il prossimo agosto, \u00e8 stato ritrovato ieri sera ormai privo di vita in localit\u00e0 Bosconero lungo il sentiero Cai 331. Il giovane era nato il 3 agosto del 2001 a Campolongo dove risiedeva in via Nazionale. Lo studente era in escursione verso il monte Col con un coetaneo quando per cause da accertare \u00e8 scivolato\u00a0 precipitando per decine di metri.<\/p>\n<blockquote><p>E&#8217; intervenuto il soccorso alpino, la guardia di finanza e il personale medico 118 che ne ha constatato il decesso. A dare l&#8217;allarme \u00e8 stato l&#8217;amico ritrovato anche lui ferito e in stato confusionale.<\/p><\/blockquote>\n<h3>DAL\u00a0 SOCCORSO ALPINO<\/h3>\n<div>Ieri sera attorno alle 21 il Soccorso alpino della Val Comelico \u00e8 stato allertato per due ragazzi che, partiti da Santo Stefano di Cadore in direzione del Monte Col con l&#8217;intenzione di rientrare da Campolongo, lungo il sentiero numero 331, erano rimasti senza pile e al freddo. Una prima squadra di quattro soccorritori, compresi due del Soccorso alpino della Guardia di finanza di Auronzo, \u00e8 partita per andare a recuperarli, senza \u00a0per\u00f2 incrociarli. Capendo che qualcosa non andava, una seconda squadra si \u00e8 subito mossa, finch\u00e9 uno dei due giovani \u00e8 riuscito a rientrare da solo. Sotto shock ha raccontato che aveva visto l&#8217;amico scivolare sul ghiaccio e scomparire in un canale. Lo aveva chiamato invano e, cercando di avanzare, poco dopo anche lui era ruzzolato a valle in mezzo a un bosco, dove era riuscito poi a imboccare una strada forestale e a tornare all&#8217;abitato. Poco prima delle 22, \u00a0la prima squadra, da un paio di occhiali rinvenuti sulla neve, ha intuito il punto dove l&#8217;amico era caduto e ha raggiunto dall&#8217;alto il corpo senza vita del giovane Gabriele Comis\u00a0 19 anni il prossimo agosto, mentre la seconda squadra si avvicinava dal basso. Il ragazzo, di Santo Stefano di Cadore, era ruzzolato per diverse centinaia di metri riportando traumi fatali. Vicino a lui, privo di vita, il suo cane. La salma \u00e8 stata imbarellata e calata sul sentiero sottostante, per poi essere trasportata a spalla dai soccorritori per oltre un chilometro fino alla Baita Pian dei Osei, in Val Frison ed essere affidata al carro funebre.<\/div>\n<p>&nbsp;<\/p>\n<p>&nbsp;<\/p>\n<p>&nbsp;<\/p>\n<hr \/>\n<h3><\/h3>\n<h3><\/h3>\n<h3><\/h3>\n<h3>INVESTITO DAL CAMION NEI PRESSI DI CASA IN VIA DI RISTRUTTURAZIONE<\/h3>\n<p><strong>FELTRE<\/strong> Un uomo di Borso del Grappa (Vicenza) \u00e8 ricoverato in ospedale a Feltre per una frattura esposta alla gamba destra. S. F. 45 anni in Valle di Schievenin era impegnato nella ristrutturazione della sua abitazione con l&#8217;ausilio di una ditta edile. E&#8217; stato accidentalmente investito da un camion. Sul posto con i Carabinieri del Norm di Feltre lo Spisal,\u00a0 il Servizio Prevenzione Igiene e Sicurezza Ambienti Lavoro della Ulss1 .<\/p>\n<p>&nbsp;<\/p>\n<p>&nbsp;<\/p>\n<p>&nbsp;<\/p>\n<hr \/>\n<p>&nbsp;<\/p>\n<p>&nbsp;<\/p>\n<h3><span style=\"color: #ff00ff;\">Per ricevere gli aggiornamenti in tempo reale delle notizie pubblicate alla radio e sul sito di radio pi\u00f9 iscriviti al canale RADIO PIU INFORMAZIONE su <span style=\"color: #0000ff;\">Telegram<\/span>.\u00a0<span style=\"color: #000000;\"> <a style=\"color: #000000;\" href=\"https:\/\/t.me\/radiopiu\">clicca qui<\/a><\/span><\/span><\/h3>\n<p>&nbsp;<\/p>\n<blockquote><p><strong>PROVINCIALE 347 DURAN E CEREDA. LOCALITA&#8217; CORDELLE. DOMANI E GIOVEDI INTERRUZIONE TOTALE ALLA VIABILITA&#8217; DALLE 8.30 ALLE 11 E DALLE 13.30 ALLE 15<\/strong><\/p><\/blockquote>\n<p>&nbsp;<\/p>\n<p>&nbsp;<\/p>\n<p>&nbsp;<\/p>\n<hr \/>\n<h3><\/h3>\n<h3><\/h3>\n<h3><\/h3>\n<h3>ALLENAMENTO DELL&#8217;ALLEGHE HOCKEY SUL LAGO, POLEMICHE DI STAGIONE. ORDINANZE EMESSE MA CHE IN POCHI SONO IN GRADO DI FAR RISPETTARE, OPPURE OGNI DOMENICA SI DOVRANNO SANZIONARE CENTINAIA DI TURISTI, GENITORI E BAMBINI.<\/h3>\n<blockquote><p><em>&#8220;NESSUNA SANZIONE, MA HO AVVISATO I CARABINIERI&#8221; A DE TONI LA GOLIARDATA <a class=\"dt-pswp-item\" href=\"https:\/\/www.radiopiu.net\/wordpress\/wp-content\/uploads\/2020\/01\/54bb8f56-b180-4eae-90e2-40b5c92eb558.jpg\" data-dt-img-description=\"\" data-large_image_width=\"1600\" data-large_image_height=\"1200\"><img loading=\"lazy\" decoding=\"async\" class=\"wp-image-113602 alignleft\" src=\"https:\/\/www.radiopiu.net\/wordpress\/wp-content\/uploads\/2020\/01\/54bb8f56-b180-4eae-90e2-40b5c92eb558-300x225.jpg\" alt=\"\" width=\"201\" height=\"151\" srcset=\"https:\/\/www.radiopiu.net\/wordpress\/wp-content\/uploads\/2020\/01\/54bb8f56-b180-4eae-90e2-40b5c92eb558-300x225.jpg 300w, https:\/\/www.radiopiu.net\/wordpress\/wp-content\/uploads\/2020\/01\/54bb8f56-b180-4eae-90e2-40b5c92eb558-1024x768.jpg 1024w, https:\/\/www.radiopiu.net\/wordpress\/wp-content\/uploads\/2020\/01\/54bb8f56-b180-4eae-90e2-40b5c92eb558-768x576.jpg 768w, https:\/\/www.radiopiu.net\/wordpress\/wp-content\/uploads\/2020\/01\/54bb8f56-b180-4eae-90e2-40b5c92eb558-1536x1152.jpg 1536w, https:\/\/www.radiopiu.net\/wordpress\/wp-content\/uploads\/2020\/01\/54bb8f56-b180-4eae-90e2-40b5c92eb558.jpg 1600w\" sizes=\"auto, (max-width: 201px) 100vw, 201px\" \/><\/a>A FINE DI BENE NON E&#8217; PIACIUTA.<\/em><\/p><\/blockquote>\n<p>IL SINDACO DI ALLEGHE DANILO DE TONI SI DICHIARA &#8220;IMBESTIALITO&#8221; E SI SCAGLIA CONTRO I GIOCATORI DELL&#8217;ALLEGHE HOCKEY.<\/p>\n<blockquote><p>PER L&#8217;AD ADRIANO LEVIS ERA SOLO UN MODO PER PROMOZIONARE UN SPORT E UNA SOCIETA&#8217; CHE NAVIGA A VISTA, NON RIESCE A PORTARE LA FOLLA ALLO STADIO E OGNI GIORNO SI INVENTA QUALCHE COSA PERCHE&#8217; L&#8217;HOCKEY NON SCOMPAIA, PERCHE&#8217; IL DEFICITARIO STADIO DEL GHIACCIO NON FACCIA LA FINE DI QUELLO DI AGORDO O DI BELLUNO O DI ALTRE STRUTTURE OGGI CATTEDRALI NEL DESERTO<\/p><\/blockquote>\n<p>DI GIANNI SANTOMASO<\/p>\n<audio class=\"wp-audio-shortcode\" id=\"audio-113766-1\" preload=\"none\" style=\"width: 100%;\" controls=\"controls\"><source type=\"audio\/mpeg\" src=\"https:\/\/www.radiopiu.net\/wordpress\/wp-content\/uploads\/2020\/01\/gianni-alleghe.mp3?_=1\" \/><a href=\"https:\/\/www.radiopiu.net\/wordpress\/wp-content\/uploads\/2020\/01\/gianni-alleghe.mp3\">https:\/\/www.radiopiu.net\/wordpress\/wp-content\/uploads\/2020\/01\/gianni-alleghe.mp3<\/a><\/audio>\n<p>&nbsp;<\/p>\n<p>&nbsp;<\/p>\n<p>&nbsp;<\/p>\n<hr \/>\n<p>&nbsp;<\/p>\n<h2>IERI IL VIDEO PIU&#8217; CLICCATO, di PRIMO FONTANIVE-ALLEGHE<\/h2>\n<p>OLTRE 20 MILA VISUALIZZAZIONI IN 24 ORE<\/p>\n<div id=\"fb-root\"><\/div>\n<p><script async=\"1\" defer=\"1\" crossorigin=\"anonymous\" src=\"https:\/\/connect.facebook.net\/it_IT\/sdk.js#xfbml=1&amp;version=v6.0\"><\/script><\/p>\n<div class=\"fb-video\" data-href=\"https:\/\/www.facebook.com\/primo.fontanive\/videos\/2822205854505869\/\" data-width=\"1200\">\n<blockquote cite=\"https:\/\/www.facebook.com\/primo.fontanive\/videos\/2822205854505869\/\" class=\"fb-xfbml-parse-ignore\"><p><a href=\"https:\/\/www.facebook.com\/primo.fontanive\/videos\/2822205854505869\/\"><\/a><\/p>\n<p>Alleghe hockey sul lago!!<\/p>\n<p>Pubblicato da <a href=\"#\" role=\"button\">Primo Fontanive<\/a> su Domenica 19 gennaio 2020<\/p><\/blockquote>\n<\/div>\n<p>&nbsp;<\/p>\n<p>&nbsp;<\/p>\n<p>&nbsp;<\/p>\n<hr \/>\n<p>&nbsp;<\/p>\n<p>&nbsp;<\/p>\n<p>Gestione Servizi Pubblici informa che, per lavori alla rete idrica comunale,<strong> DOMANI <\/strong>\u00a0dalle 8.30 a FINE LAVORI, verr\u00e0 sospesa l\u2019erogazione dell\u2019acqua a CANALE D &#8216;AGORDO, in LOC. CARFON. Il personale addetto operer\u00e0 per limitare il pi\u00f9 possibile i disagi alla popolazione.<\/p>\n<p>&nbsp;<\/p>\n<p>&nbsp;<\/p>\n<p>&nbsp;<\/p>\n<hr \/>\n<p>&nbsp;<\/p>\n<p>&nbsp;<\/p>\n<div class=\"page-title-head hgroup\"><\/div>\n<h3><\/h3>\n<h3><\/h3>\n<h3>INCIDENTE MORTALE A LIMANA DURANTE IL TAGLIO PIANTE,<\/h3>\n<div class=\"im_history_message_wrap\">\n<div class=\"im_message_outer_wrap hasselect\" data-msg-id=\"6860\">\n<div class=\"im_message_wrap clearfix\">\n<div class=\"im_content_message_wrap im_message_in\">\n<div class=\"im_message_body\">\n<div dir=\"auto\"><strong>BORGOVALBELLUNA<\/strong> <strong>BORGOVALBELLUNA<\/strong> E&#8217; purtroppo l&#8217;ennesimo incidente mortale che coinvolge un boscaiolo bellunese alla guida di un trattore nel bosco di sua propriet\u00e0 in Valmorel in localit\u00e0 Navasa. Nel pomeriggio di ieri\u00a0 ha perso la vita Gioacchino Mazzorana 74 anni di Limana, stava lavorando con il suo trattore quando si \u00e8 improvvisamente ribaltato travolgendolo. L&#8217;uomo stava trainando il tronco con l&#8217;ausilio di un verricello applicato al trattore, il fusto impigliandosi ha fatto leva sul mezzo capovolgendolo. Sul posto il personale sanitario del 118 e i Carabinieri.<\/div>\n<div dir=\"auto\">\n\n\t\t\t<style type='text\/css'>\n\t\t\t\t#gallery-1 {\n\t\t\t\t\tmargin: auto;\n\t\t\t\t}\n\t\t\t\t#gallery-1 .gallery-item {\n\t\t\t\t\tfloat: left;\n\t\t\t\t\tmargin-top: 10px;\n\t\t\t\t\ttext-align: center;\n\t\t\t\t\twidth: 33%;\n\t\t\t\t}\n\t\t\t\t#gallery-1 img {\n\t\t\t\t\tborder: 2px solid #cfcfcf;\n\t\t\t\t}\n\t\t\t\t#gallery-1 .gallery-caption {\n\t\t\t\t\tmargin-left: 0;\n\t\t\t\t}\n\t\t\t\t\/* see gallery_shortcode() in wp-includes\/media.php *\/\n\t\t\t<\/style>\n\t\t<div id='gallery-1' class='dt-gallery-container gallery galleryid-113766 gallery-columns-3 gallery-size-thumbnail'><dl class='gallery-item'>\n\t\t\t\t<dt class='gallery-icon portrait'>\n\t\t\t\t\t<a class=\"rollover\" href='https:\/\/www.radiopiu.net\/wordpress\/brucia-il-bosco-sopra-longarone\/d967fb9a-6653-4a07-9d27-dca04cbfd077-3\/'><img loading=\"lazy\" decoding=\"async\" width=\"150\" height=\"150\" src=\"https:\/\/www.radiopiu.net\/wordpress\/wp-content\/uploads\/2020\/01\/d967fb9a-6653-4a07-9d27-dca04cbfd077-2-150x150.jpg\" class=\"attachment-thumbnail size-thumbnail\" alt=\"\" \/><\/a>\n\t\t\t\t<\/dt><\/dl><dl class='gallery-item'>\n\t\t\t\t<dt class='gallery-icon portrait'>\n\t\t\t\t\t<a class=\"rollover\" href='https:\/\/www.radiopiu.net\/wordpress\/un-altro-incidente-mortale-nei-campi\/5f604554-8aae-41f1-87bc-88349ee40312\/'><img loading=\"lazy\" decoding=\"async\" width=\"150\" height=\"150\" src=\"https:\/\/www.radiopiu.net\/wordpress\/wp-content\/uploads\/2020\/01\/5f604554-8aae-41f1-87bc-88349ee40312-150x150.jpg\" class=\"attachment-thumbnail size-thumbnail\" alt=\"\" \/><\/a>\n\t\t\t\t<\/dt><\/dl><dl class='gallery-item'>\n\t\t\t\t<dt class='gallery-icon landscape'>\n\t\t\t\t\t<a class=\"rollover\" href='https:\/\/www.radiopiu.net\/wordpress\/un-altro-incidente-mortale-nei-campi\/5aef5b1c-cce2-47a5-8ce3-b1720a6ddb17\/'><img loading=\"lazy\" decoding=\"async\" width=\"150\" height=\"150\" src=\"https:\/\/www.radiopiu.net\/wordpress\/wp-content\/uploads\/2020\/01\/5aef5b1c-cce2-47a5-8ce3-b1720a6ddb17-150x150.jpg\" class=\"attachment-thumbnail size-thumbnail\" alt=\"\" \/><\/a>\n\t\t\t\t<\/dt><\/dl><br style=\"clear: both\" \/><dl class='gallery-item'>\n\t\t\t\t<dt class='gallery-icon landscape'>\n\t\t\t\t\t<a class=\"rollover\" href='https:\/\/www.radiopiu.net\/wordpress\/brucia-il-bosco-sopra-longarone\/d58bbd29-cf0e-41f5-8408-1826a5fa6a0d-2\/'><img loading=\"lazy\" decoding=\"async\" width=\"150\" height=\"150\" src=\"https:\/\/www.radiopiu.net\/wordpress\/wp-content\/uploads\/2020\/01\/d58bbd29-cf0e-41f5-8408-1826a5fa6a0d-1-150x150.jpg\" class=\"attachment-thumbnail size-thumbnail\" alt=\"\" \/><\/a>\n\t\t\t\t<\/dt><\/dl><dl class='gallery-item'>\n\t\t\t\t<dt class='gallery-icon portrait'>\n\t\t\t\t\t<a class=\"rollover\" href='https:\/\/www.radiopiu.net\/wordpress\/un-altro-incidente-mortale-nei-campi\/1d686b0a-8d60-4fa1-bef5-1e28cdb573fe\/'><img loading=\"lazy\" decoding=\"async\" width=\"150\" height=\"150\" src=\"https:\/\/www.radiopiu.net\/wordpress\/wp-content\/uploads\/2020\/01\/1d686b0a-8d60-4fa1-bef5-1e28cdb573fe-150x150.jpg\" class=\"attachment-thumbnail size-thumbnail\" alt=\"\" \/><\/a>\n\t\t\t\t<\/dt><\/dl>\n\t\t\t\t<br style='clear: both' \/>\n\t\t\t<\/div>\n\n<\/div>\n<\/div>\n<\/div>\n<\/div>\n<div dir=\"auto\"><\/div>\n<\/div>\n<\/div>\n<h3><\/h3>\n<p>&nbsp;<\/p>\n<p>&nbsp;<\/p>\n<div class=\"im_history_message_wrap\">\n<div class=\"im_message_outer_wrap hasselect\" data-msg-id=\"6860\">\n<div class=\"im_message_wrap clearfix\">\n<div dir=\"auto\">\n<h3><\/h3>\n<hr \/>\n<\/div>\n<\/div>\n<\/div>\n<\/div>\n<h3><\/h3>\n<p>&nbsp;<\/p>\n<p>&nbsp;<\/p>\n<div class=\"im_history_message_wrap\">\n<div class=\"im_message_outer_wrap hasselect\" data-msg-id=\"6860\">\n<div class=\"im_message_wrap clearfix\">\n<div dir=\"auto\">\n<h3><\/h3>\n<h3>ELICOTTERO AD ARABBA IN SOCCORSO DI UN TURISTA DI RIMINI<\/h3>\n<\/div>\n<\/div>\n<\/div>\n<\/div>\n<div dir=\"auto\"><strong>LIVINALLONGO<\/strong>\u00a0 Un uomo di 71 anni di Rimini \u00e8 stato portato in ospedale a Belluno dopo un incidente sugli sci. Gli \u00e8 stato diagnosticato un trauma cranico commotivo.<\/div>\n<div class=\"im_history_message_wrap\">\n<div class=\"im_message_outer_wrap hasselect\" data-msg-id=\"6860\">\n<div class=\"im_message_wrap clearfix\">\n<div class=\"im_content_message_wrap im_message_in\">\n<div class=\"im_message_body\"><\/div>\n<\/div>\n<\/div>\n<\/div>\n<\/div>\n<p>&nbsp;<\/p>\n<p>&nbsp;<\/p>\n<p>&nbsp;<\/p>\n<hr \/>\n<p>&nbsp;<\/p>\n<p>&nbsp;<\/p>\n<p>&nbsp;<\/p>\n<blockquote class=\"wp-embedded-content\" data-secret=\"emPfbfPglw\"><p><a href=\"https:\/\/www.radiopiu.net\/wordpress\/incendio-spento-lo-assicura-gianpaolo-bottacin\/\">INCENDIO SPENTO, LO ASSICURA GIANPAOLO BOTTACIN<\/a><\/p><\/blockquote>\n<p><iframe loading=\"lazy\" title=\"&#8220;INCENDIO SPENTO, LO ASSICURA GIANPAOLO BOTTACIN&#8221; &#8212; Radio Pi\u00f9\" class=\"wp-embedded-content\" sandbox=\"allow-scripts\" security=\"restricted\" style=\"position: absolute; clip: rect(1px, 1px, 1px, 1px);\" src=\"https:\/\/www.radiopiu.net\/wordpress\/incendio-spento-lo-assicura-gianpaolo-bottacin\/embed\/#?secret=emPfbfPglw\" data-secret=\"emPfbfPglw\" width=\"600\" height=\"338\" frameborder=\"0\" marginwidth=\"0\" marginheight=\"0\" scrolling=\"no\"><\/iframe><\/p>\n<p>&nbsp;<\/p>\n<p>&nbsp;<\/p>\n<p>&nbsp;<\/p>\n<p>&nbsp;<\/p>\n<p>&nbsp;<\/p>\n<hr \/>\n<p>&nbsp;<\/p>\n<p>&nbsp;<\/p>\n<h2>LUXOTTICA: PROCEDONO I LAVORI IN LOCALITA&#8217; VALCOZZENA. ECCO COME SARA&#8217; INVECE IL NUOVO\u00a0 PALALUXOTTICA.<\/h2>\n<p>L&#8217;amministrazione comunale chiede aiuto all&#8217;azienda del Cavalier del Vecchio per rendere Agordo pi\u00f9 bella mentre proseguono i lavori per l&#8217;ampliamento dello stabilimento e del Palaluxottica. Finalmente si parla anche di parcheggi<\/p>\n<p><a class=\"dt-pswp-item\" href=\"https:\/\/www.radiopiu.net\/wordpress\/wp-content\/uploads\/2020\/01\/fbb78a62-98ba-4e0d-bade-ce9bb6c88e97.jpg\" data-dt-img-description=\"\" data-large_image_width=\"1600\" data-large_image_height=\"901\"><img loading=\"lazy\" decoding=\"async\" class=\"alignnone size-medium wp-image-113888\" src=\"https:\/\/www.radiopiu.net\/wordpress\/wp-content\/uploads\/2020\/01\/fbb78a62-98ba-4e0d-bade-ce9bb6c88e97-300x169.jpg\" alt=\"\" width=\"300\" height=\"169\" srcset=\"https:\/\/www.radiopiu.net\/wordpress\/wp-content\/uploads\/2020\/01\/fbb78a62-98ba-4e0d-bade-ce9bb6c88e97-300x169.jpg 300w, https:\/\/www.radiopiu.net\/wordpress\/wp-content\/uploads\/2020\/01\/fbb78a62-98ba-4e0d-bade-ce9bb6c88e97-1024x577.jpg 1024w, https:\/\/www.radiopiu.net\/wordpress\/wp-content\/uploads\/2020\/01\/fbb78a62-98ba-4e0d-bade-ce9bb6c88e97-768x432.jpg 768w, https:\/\/www.radiopiu.net\/wordpress\/wp-content\/uploads\/2020\/01\/fbb78a62-98ba-4e0d-bade-ce9bb6c88e97-1536x865.jpg 1536w, https:\/\/www.radiopiu.net\/wordpress\/wp-content\/uploads\/2020\/01\/fbb78a62-98ba-4e0d-bade-ce9bb6c88e97.jpg 1600w\" sizes=\"auto, (max-width: 300px) 100vw, 300px\" \/><\/a><a class=\"dt-pswp-item\" href=\"https:\/\/www.radiopiu.net\/wordpress\/wp-content\/uploads\/2020\/01\/10ba0781-b79d-4f9e-b158-04b2d5df8df1.jpg\" data-dt-img-description=\"\" data-large_image_width=\"1600\" data-large_image_height=\"901\"><img loading=\"lazy\" decoding=\"async\" class=\"alignnone size-medium wp-image-113887\" src=\"https:\/\/www.radiopiu.net\/wordpress\/wp-content\/uploads\/2020\/01\/10ba0781-b79d-4f9e-b158-04b2d5df8df1-300x169.jpg\" alt=\"\" width=\"300\" height=\"169\" srcset=\"https:\/\/www.radiopiu.net\/wordpress\/wp-content\/uploads\/2020\/01\/10ba0781-b79d-4f9e-b158-04b2d5df8df1-300x169.jpg 300w, https:\/\/www.radiopiu.net\/wordpress\/wp-content\/uploads\/2020\/01\/10ba0781-b79d-4f9e-b158-04b2d5df8df1-1024x577.jpg 1024w, https:\/\/www.radiopiu.net\/wordpress\/wp-content\/uploads\/2020\/01\/10ba0781-b79d-4f9e-b158-04b2d5df8df1-768x432.jpg 768w, https:\/\/www.radiopiu.net\/wordpress\/wp-content\/uploads\/2020\/01\/10ba0781-b79d-4f9e-b158-04b2d5df8df1-1536x865.jpg 1536w, https:\/\/www.radiopiu.net\/wordpress\/wp-content\/uploads\/2020\/01\/10ba0781-b79d-4f9e-b158-04b2d5df8df1.jpg 1600w\" sizes=\"auto, (max-width: 300px) 100vw, 300px\" \/><\/a><\/p>\n<p><strong>IL CANTIERE DI LAVORO\u00a0<\/strong><\/p>\n<audio class=\"wp-audio-shortcode\" id=\"audio-113766-2\" preload=\"none\" style=\"width: 100%;\" controls=\"controls\"><source type=\"audio\/mpeg\" src=\"https:\/\/www.radiopiu.net\/wordpress\/wp-content\/uploads\/2020\/01\/nuova-strada-comuanale.mp3?_=2\" \/><a href=\"https:\/\/www.radiopiu.net\/wordpress\/wp-content\/uploads\/2020\/01\/nuova-strada-comuanale.mp3\">https:\/\/www.radiopiu.net\/wordpress\/wp-content\/uploads\/2020\/01\/nuova-strada-comuanale.mp3<\/a><\/audio>\n<p>&nbsp;<\/p>\n<p><strong>FAVRETTI CHIEDE AIUTO A DEL VECCHIO PER LA RIGENERAZIONE URBANA E SPIEGA IL NUOVO PROGETTO PALALUXOTTICA<\/strong><\/p>\n<audio class=\"wp-audio-shortcode\" id=\"audio-113766-3\" preload=\"none\" style=\"width: 100%;\" controls=\"controls\"><source type=\"audio\/mpeg\" src=\"https:\/\/www.radiopiu.net\/wordpress\/wp-content\/uploads\/2020\/01\/gianni-welfare.mp3?_=3\" \/><a href=\"https:\/\/www.radiopiu.net\/wordpress\/wp-content\/uploads\/2020\/01\/gianni-welfare.mp3\">https:\/\/www.radiopiu.net\/wordpress\/wp-content\/uploads\/2020\/01\/gianni-welfare.mp3<\/a><\/audio>\n<p>&nbsp;<\/p>\n<p>&nbsp;<\/p>\n<p>&nbsp;<\/p>\n<hr \/>\n<h3><\/h3>\n<p>&nbsp;<\/p>\n<p>&nbsp;<\/p>\n<h3>DANILO COPPE AD AGORDO. IL VIDEO DALLA PAGINA FB DELL&#8217;ISTITUTO FOLLADOR-DE ROSSI<\/h3>\n<p>&nbsp;<\/p>\n<p><strong>AGORDO, SALA DON TAMIS, IL VIDEO.<\/strong><\/p>\n<div id=\"fb-root\"><\/div>\n<p><script async=\"1\" defer=\"1\" crossorigin=\"anonymous\" src=\"https:\/\/connect.facebook.net\/it_IT\/sdk.js#xfbml=1&amp;version=v6.0\"><\/script><\/p>\n<div class=\"fb-video\" data-href=\"https:\/\/www.facebook.com\/748432905319452\/videos\/638430036966236\/\" data-width=\"1200\">\n<blockquote cite=\"https:\/\/www.facebook.com\/748432905319452\/videos\/638430036966236\/\" class=\"fb-xfbml-parse-ignore\"><p><a href=\"https:\/\/www.facebook.com\/748432905319452\/videos\/638430036966236\/\">Lente di ingrandimento sulla vicenda del ponte Morandi<\/a><\/p>\n<p>Danilo Coppe al Follador di Agordo<\/p>\n<p>Pubblicato da <a href=\"https:\/\/www.facebook.com\/Istituto-Follador-De-Rossi-748432905319452\/\">Istituto Follador &#8211; De Rossi<\/a> su Luned\u00ec 20 gennaio 2020<\/p><\/blockquote>\n<\/div>\n<p>&nbsp;<\/p>\n<p>IL SERVIZIO DA NOTIZIARIO DI IERI, DI MANUEL CONEDERA<\/p>\n<blockquote class=\"wp-embedded-content\" data-secret=\"CQYHfqcRVA\"><p><a href=\"https:\/\/www.radiopiu.net\/wordpress\/la-storia-periti-minerari-di-successo-danilo-coppe\/\">LA STORIA, PERITI MINERARI DI SUCCESSO, DANILO COPPE.<\/a><\/p><\/blockquote>\n<p><iframe loading=\"lazy\" title=\"&#8220;LA STORIA, PERITI MINERARI DI SUCCESSO, DANILO COPPE.&#8221; &#8212; Radio Pi\u00f9\" class=\"wp-embedded-content\" sandbox=\"allow-scripts\" security=\"restricted\" style=\"position: absolute; clip: rect(1px, 1px, 1px, 1px);\" src=\"https:\/\/www.radiopiu.net\/wordpress\/la-storia-periti-minerari-di-successo-danilo-coppe\/embed\/#?secret=CQYHfqcRVA\" data-secret=\"CQYHfqcRVA\" width=\"600\" height=\"338\" frameborder=\"0\" marginwidth=\"0\" marginheight=\"0\" scrolling=\"no\"><\/iframe><\/p>\n<p>&nbsp;<\/p>\n<p>&nbsp;<\/p>\n<p>&nbsp;<\/p>\n<hr \/>\n<h3><\/h3>\n<p>&nbsp;<\/p>\n<p>&nbsp;<\/p>\n<h3>OCCHI BELLI AL CONTROLLO GRATUITO DELLA VISTA<\/h3>\n<p><strong><a class=\"dt-pswp-item\" href=\"https:\/\/www.radiopiu.net\/wordpress\/wp-content\/uploads\/2020\/01\/foto-alleghe.jpg\" data-dt-img-description=\"\" data-large_image_width=\"1296\" data-large_image_height=\"729\"><img loading=\"lazy\" decoding=\"async\" class=\"wp-image-113789 alignleft\" src=\"https:\/\/www.radiopiu.net\/wordpress\/wp-content\/uploads\/2020\/01\/foto-alleghe-300x169.jpg\" alt=\"\" width=\"156\" height=\"88\" srcset=\"https:\/\/www.radiopiu.net\/wordpress\/wp-content\/uploads\/2020\/01\/foto-alleghe-300x169.jpg 300w, https:\/\/www.radiopiu.net\/wordpress\/wp-content\/uploads\/2020\/01\/foto-alleghe-1024x576.jpg 1024w, https:\/\/www.radiopiu.net\/wordpress\/wp-content\/uploads\/2020\/01\/foto-alleghe-768x432.jpg 768w, https:\/\/www.radiopiu.net\/wordpress\/wp-content\/uploads\/2020\/01\/foto-alleghe.jpg 1296w\" sizes=\"auto, (max-width: 156px) 100vw, 156px\" \/><\/a>ALLEGHE<\/strong> I medici di Castelfranco e Montebelluna tra sabato e domenica hanno visitato gratuitamente 126 bambini, un numero importante e che soddisfa i promotori dell&#8217;iniziativa alle svuole elementari. Per tanti anni oculisti ed ortottisti hanno prestato la loro attenzione ad un pubblico adulto, in concomitanza con la settimana bianca degli sciatori ciechi e ipovedenti che si svolgeva nell\u2019Agordino, il Comune di Alleghe in collaborazione con L\u2019Unione Italiana Ciechi e Ipovedenti, ma soprattutto con collaborazione con l\u2019unit\u00e0 oculistica dell\u2019Ospedale di Castelfranco Veneto, aveva promosso una giornata di sensibilizzazione per la prevenzione del glaucoma e la valutazione della presenza o meno della cataratta. Quest&#8217;anno per la prima volta porte aperte ai bambini per lo screening per la prevenzione dello strabismo ed ambliopia, occasione unica e gratuita per ottenere una valutazione preliminare.<\/p>\n<p>&nbsp;<\/p>\n<p>&nbsp;<\/p>\n<p>&nbsp;<\/p>\n<hr \/>\n<p>&nbsp;<\/p>\n<p>&nbsp;<\/p>\n<h3>LA CRISI CHE NON PASSA MAI, SAFILO E ACC SONO SOLO GLI ULTIMI ESEMPI. COMUNI IN TRINCEA<\/h3>\n<p><strong><a class=\"dt-pswp-item\" href=\"https:\/\/www.radiopiu.net\/wordpress\/wp-content\/uploads\/2018\/07\/SOSPIROLO.jpg\" data-dt-img-description=\"\" data-large_image_width=\"266\" data-large_image_height=\"190\"><img loading=\"lazy\" decoding=\"async\" class=\"wp-image-54927 alignleft\" src=\"https:\/\/www.radiopiu.net\/wordpress\/wp-content\/uploads\/2018\/07\/SOSPIROLO.jpg\" alt=\"\" width=\"171\" height=\"122\" \/><\/a>SOSPIROLO<\/strong><\/p>\n<p><strong>DI DAMIANO TORMEN<\/strong><\/p>\n<audio class=\"wp-audio-shortcode\" id=\"audio-113766-4\" preload=\"none\" style=\"width: 100%;\" controls=\"controls\"><source type=\"audio\/mpeg\" src=\"https:\/\/www.radiopiu.net\/wordpress\/wp-content\/uploads\/2020\/01\/damiano-la-crisi.mp3?_=4\" \/><a href=\"https:\/\/www.radiopiu.net\/wordpress\/wp-content\/uploads\/2020\/01\/damiano-la-crisi.mp3\">https:\/\/www.radiopiu.net\/wordpress\/wp-content\/uploads\/2020\/01\/damiano-la-crisi.mp3<\/a><\/audio>\n<h3><\/h3>\n<h3><\/h3>\n<p>&nbsp;<\/p>\n<p>&nbsp;<\/p>\n<hr \/>\n<h3><\/h3>\n<h3><\/h3>\n<h3><\/h3>\n<h3>AZZARDO, QUANDO IL GIOCO NON E&#8217; PIU&#8217; UN GIOCO<\/h3>\n<p><strong>CADORE<\/strong> Il Cadore si &#8220;spoglia&#8221; e mette sul tavolo numeri, anzi euro, tanti. Sono quelli giocati nelle aree del Cadore tra slot e vtl, a Vigo in un anno quasi 24 mila euro (17,12 pro capite), 47 mila a Lorenzago (85,63)\u00a0 e oltre 519 mila a Lozzo (387,61). Dati che vengono resi noti alla vigilia dell&#8217;incontro previsto a Laggio questa sera alle 20.30 in sala Polifunzionale di via Tomaso Da Rin. Interverranno: Piermario Fop insegnante e referente Libera Cadore presidio &#8220;Barbara Rizzo&#8221;; Alfio De Sandre medico, direttore del dipartimento dipendente della Ulss1 Dolomiti; Luca Cecutti assistente sociale servizio dipendenze di Auronzo gruppo Ama Azzardo Beluno. Al termine dell&#8217;incontro verr\u00e0 consegnato un riconoscimento agli esercenti dei tre Comuni che hanno fatto la scelta etica di non dare spazio alle slot machines e ai gratta e vinci nei loro locali.<\/p>\n<p>&nbsp;<\/p>\n<p>&nbsp;<\/p>\n<p>&nbsp;<\/p>\n<hr \/>\n<h3><\/h3>\n<p>&nbsp;<\/p>\n<p>&nbsp;<\/p>\n<h3>OLIMPIADI 2026 E GRANDI EVENTI ALL\u2019ASSEMBLEA GENERALE DI CONFINDUSTRIA BELLUNO<\/h3>\n<p><strong><a class=\"dt-pswp-item\" href=\"https:\/\/www.radiopiu.net\/wordpress\/wp-content\/uploads\/2015\/09\/confindustria-500.jpg\" data-dt-img-description=\"\" data-large_image_width=\"500\" data-large_image_height=\"360\"><img loading=\"lazy\" decoding=\"async\" class=\"wp-image-10966 alignleft\" src=\"https:\/\/www.radiopiu.net\/wordpress\/wp-content\/uploads\/2015\/09\/confindustria-500-300x216.jpg\" alt=\"\" width=\"182\" height=\"131\" \/><\/a>BELLUNO<\/strong>\u00a0 Martedi 28 gannaio alle 15 al teatro comunale assemblea generale di Condindustria Belluno dal titolo \u201cGiochi di squadra \u2013 imprese, crescita e territorio\u201d. Tra i relatori: Vincenzo Boccia, presidente Confindustria, Luigi Abete, presidente Luiss Business School, Alessandro Benetton, presidente Fondazione Cortina 2021, Giovanni Malag\u00f2, Presidente Coni, Antonio Rossi, sottosegretario alla Presidente di Regione Lombardia, Luca Zaia, governatore del Veneto e il ministro per i Rapporti con il Parlamento Federico D\u2019Inc\u00e0,. La presidente dell\u2019Associazione Lorraine Berton far\u00e0 una sintesi del suo primo anno di mandato guardando ai tanti obiettivi futuri, su tutti le Olimpiadi del 2026.\u00a0 Luigi Abete parler\u00e0 dell\u2019hub di Belluno e della sfida per il Nordest (hub che sar\u00e0 inaugurato\u00a0 sempre martedi a Palazzo Bembo.<\/p>\n<p>&nbsp;<\/p>\n<p>&nbsp;<\/p>\n<p>&nbsp;<\/p>\n<hr \/>\n<p>&nbsp;<\/p>\n<p>&nbsp;<\/p>\n<h2><\/h2>\n<h2>NEGOZI CHIUSI IN CITTA&#8217; E NEGOZI CHIUSI IN MONTAGNA<\/h2>\n<p><strong><a class=\"dt-pswp-item\" href=\"https:\/\/www.radiopiu.net\/wordpress\/wp-content\/uploads\/2018\/12\/argentera_ferrere-3.jpg\" data-dt-img-description=\"\" data-large_image_width=\"865\" data-large_image_height=\"330\"><img loading=\"lazy\" decoding=\"async\" class=\"alignnone wp-image-71005 size-full\" src=\"https:\/\/www.radiopiu.net\/wordpress\/wp-content\/uploads\/2018\/12\/argentera_ferrere-3.jpg\" alt=\"\" width=\"865\" height=\"330\" srcset=\"https:\/\/www.radiopiu.net\/wordpress\/wp-content\/uploads\/2018\/12\/argentera_ferrere-3.jpg 865w, https:\/\/www.radiopiu.net\/wordpress\/wp-content\/uploads\/2018\/12\/argentera_ferrere-3-300x114.jpg 300w, https:\/\/www.radiopiu.net\/wordpress\/wp-content\/uploads\/2018\/12\/argentera_ferrere-3-768x293.jpg 768w\" sizes=\"auto, (max-width: 865px) 100vw, 865px\" \/><\/a><\/strong><\/p>\n<p><strong>ROMA<\/strong> Il problema della chisura dei negozi \u00e8 gravae tanto nei quartieri fuori dai centri storici che in montagna. Lo sottolinea l&#8217;Uncem ricordando come il fenomeno della deserificazione commerciale sia ormai gravissimo e ha gi\u00e0 generato oltre 200 Comuni senza un&#8217;esercizio commerciale. Quando chiude un negozio o un bar, chiude un Paese. Vale in Italia, in Spagna, in Francia che per\u00f2 ha varato il piano &#8216;1000 bistrot&#8217; per incentivare la presenza di bar e caff\u00e8, spazi plurifunzionali. Uncem chiede a Stato e Regioni di lavorare a precise soluzioni, culturali, politiche, normative, finanziarie<em> &#8220;affrontiamolo &#8211; dice il presidente Marco Bussone-\u00a0 trovando soluzioni che potrebbero peraltro servire anche nei quartieri urbani&#8221;.<\/em><\/p>\n<p>&nbsp;<\/p>\n<p>&nbsp;<\/p>\n<p>&nbsp;<\/p>\n<hr \/>\n<p>&nbsp;<\/p>\n<p>&nbsp;<\/p>\n<p>&nbsp;<\/p>\n<h3>IL DRAMMA DELLE BOMBE INESPLOSE, A SCUOLA CON LE VITTIME CIVILI DI GUERRA<\/h3>\n<p><strong><a class=\"dt-pswp-item\" href=\"https:\/\/www.radiopiu.net\/wordpress\/wp-content\/uploads\/2020\/01\/IC-FELTRE-Ordigni-Inesplosi-20-01-20-2.jpg\" data-dt-img-description=\"\" data-large_image_width=\"2560\" data-large_image_height=\"1440\"><img loading=\"lazy\" decoding=\"async\" class=\" wp-image-113773 alignleft\" src=\"https:\/\/www.radiopiu.net\/wordpress\/wp-content\/uploads\/2020\/01\/IC-FELTRE-Ordigni-Inesplosi-20-01-20-2-300x169.jpg\" alt=\"\" width=\"259\" height=\"146\" srcset=\"https:\/\/www.radiopiu.net\/wordpress\/wp-content\/uploads\/2020\/01\/IC-FELTRE-Ordigni-Inesplosi-20-01-20-2-300x169.jpg 300w, https:\/\/www.radiopiu.net\/wordpress\/wp-content\/uploads\/2020\/01\/IC-FELTRE-Ordigni-Inesplosi-20-01-20-2-1024x576.jpg 1024w, https:\/\/www.radiopiu.net\/wordpress\/wp-content\/uploads\/2020\/01\/IC-FELTRE-Ordigni-Inesplosi-20-01-20-2-768x432.jpg 768w, https:\/\/www.radiopiu.net\/wordpress\/wp-content\/uploads\/2020\/01\/IC-FELTRE-Ordigni-Inesplosi-20-01-20-2-1536x864.jpg 1536w, https:\/\/www.radiopiu.net\/wordpress\/wp-content\/uploads\/2020\/01\/IC-FELTRE-Ordigni-Inesplosi-20-01-20-2-2048x1152.jpg 2048w\" sizes=\"auto, (max-width: 259px) 100vw, 259px\" \/><\/a>FELTRE<\/strong>\u00a0 Bombe che sembrano giocattoli, sui greti dei fiumi, sulle colline, nelle campagne. Bambini vittime principali di una guerra a posteriori: quella degli ordigni bellici inesplosi. E\u2019 il tema che questa mattina\u00a0 \u00e8 stato affrontato nella scuola media \u201cRocca\u201d dell\u2019IC di Feltre, con il progetto \u201cDe-Activate\u201d. Protagonisti dell\u2019incontro, che si \u00e8 tenuto in aula magna con le classi terze e seconde, l\u2019associazione nazionale vittime Civili di Guerra Onlus, e il Dipartimento Ordigni Bellici inesplosi, rappresentato da Giovanni Lafirenze, e il Csv di Belluno con la presenza di Paolo Candeago.<\/p>\n<blockquote><p><em>\u201cQuello che portiamo nelle scuole \u2013 spiega Michele Vigne, vicepresidente nazionale dell\u2019associazione nazionale Vittime Civili di Guerra \u2013 \u00e8 un progetto, promosso in collaborazione col Ministero della Istruzione e delle Politiche comunitarie, che vuole far conoscere ai ragazzi la crudelt\u00e0 innanzi tutto della guerra, e quelle che sono poi le conseguenze anche dopo molti anni. Tonnellate e tonnellate di bombe che sono ancora <a class=\"dt-pswp-item\" href=\"https:\/\/www.radiopiu.net\/wordpress\/wp-content\/uploads\/2020\/01\/IC-FELTRE-Ordigni-Inesplosi-20-01-20-4.jpg\" data-dt-img-description=\"\" data-large_image_width=\"2560\" data-large_image_height=\"1440\"><img loading=\"lazy\" decoding=\"async\" class=\"size-medium wp-image-113771 alignright\" src=\"https:\/\/www.radiopiu.net\/wordpress\/wp-content\/uploads\/2020\/01\/IC-FELTRE-Ordigni-Inesplosi-20-01-20-4-300x169.jpg\" alt=\"\" width=\"300\" height=\"169\" srcset=\"https:\/\/www.radiopiu.net\/wordpress\/wp-content\/uploads\/2020\/01\/IC-FELTRE-Ordigni-Inesplosi-20-01-20-4-300x169.jpg 300w, https:\/\/www.radiopiu.net\/wordpress\/wp-content\/uploads\/2020\/01\/IC-FELTRE-Ordigni-Inesplosi-20-01-20-4-1024x576.jpg 1024w, https:\/\/www.radiopiu.net\/wordpress\/wp-content\/uploads\/2020\/01\/IC-FELTRE-Ordigni-Inesplosi-20-01-20-4-768x432.jpg 768w, https:\/\/www.radiopiu.net\/wordpress\/wp-content\/uploads\/2020\/01\/IC-FELTRE-Ordigni-Inesplosi-20-01-20-4-1536x864.jpg 1536w, https:\/\/www.radiopiu.net\/wordpress\/wp-content\/uploads\/2020\/01\/IC-FELTRE-Ordigni-Inesplosi-20-01-20-4-2048x1152.jpg 2048w\" sizes=\"auto, (max-width: 300px) 100vw, 300px\" \/><\/a>attive e nascoste chiss\u00e0 dove, ma pronte ad esplodere. Tutta la nostra vallata bellunese \u00e8 interessata dal fenomeno. Ci sono 130mila persone, in Italia, che hanno subito danni da bombe inesplose: noi cerchiamo, come associazione, di fare in modo che altri non debbano subire quello che abbiamo subito noi\u201d.<\/em><\/p><\/blockquote>\n<p>Durante l\u2019incontro, la proiezione di un documentario storico del 1950 di Don Carlo Gnocchi con la collaborazione di De Sica e Zavattini dal titolo \u201cI bambini ci giuocano\u201d che ha raccontato la storia di bambini colpiti dal dramma delle esplosioni.<\/p>\n<p>&nbsp;<\/p>\n<p>&nbsp;<\/p>\n<p>&nbsp;<\/p>\n<hr \/>\n<p>&nbsp;<\/p>\n<p>&nbsp;<\/p>\n<p>&nbsp;<\/p>\n<h3>FINE PERCORSO PER LA CANDIDATURA DEL PARCO ALLA CARTA EUROPEA DEL TURISMO SOSTENIBILE<\/h3>\n<p><strong>SEDICO<\/strong> Gioved\u00ec\u00a0 alle 18 presso la Sala Convegni di Villa Patt a Sedico (BL), si svolger\u00e0 l\u2019incontro pubblico di presentazione della ricandidatura del Parco per riottenere la carta eurpea del turismo sostenibile, \u00a0strumento per promuovere lo sviluppo turistico sostenibile nelle aree protette e nei territori limitrofi. Il Parco Nazionale Dolomiti Bellunesi ha ottenuto questo prestigioso riconoscimento nel 2015, la carta ha validit\u00e0 quinquennale. Il processo di ricandidatura prevede che il Parco e i soggetti pubblici e privati del territorio condividano una strategia comune e definiscano un nuovo piano di azione quinquennale di promozione del turismo sostenibile. Il Parco ha raccolto adesioni da 40 diversi soggetti: 7 Amministrazioni pubbliche (6 Comuni del Parco e l\u2019Istituto Comprensivo di Feltre), 11 imprese private e 22 tra associazioni, cooperative e consorzi.<\/p>\n<p>&nbsp;<\/p>\n<p>&nbsp;<\/p>\n<p>&nbsp;<\/p>\n<hr \/>\n<h2><\/h2>\n<p>&nbsp;<\/p>\n<h3><\/h3>\n<h3>IN SOLI 40 GIORNI\u00a0 1500 SOTTO AL SIPARIO\u00a0 DE LA SENA<\/h3>\n<blockquote><p><em>Da sabato gli abiti di Dianora Marandino in mostra<\/em><\/p><\/blockquote>\n<p><a class=\"dt-pswp-item\" href=\"https:\/\/www.radiopiu.net\/wordpress\/wp-content\/uploads\/2020\/01\/1d2c7ee6-8731-45f8-85dd-45a45c831fb9-1.jpg\" data-dt-img-description=\"\" data-large_image_width=\"1600\" data-large_image_height=\"1200\"><img loading=\"lazy\" decoding=\"async\" class=\"wp-image-113793 alignleft\" src=\"https:\/\/www.radiopiu.net\/wordpress\/wp-content\/uploads\/2020\/01\/1d2c7ee6-8731-45f8-85dd-45a45c831fb9-1-300x225.jpg\" alt=\"\" width=\"187\" height=\"140\" srcset=\"https:\/\/www.radiopiu.net\/wordpress\/wp-content\/uploads\/2020\/01\/1d2c7ee6-8731-45f8-85dd-45a45c831fb9-1-300x225.jpg 300w, https:\/\/www.radiopiu.net\/wordpress\/wp-content\/uploads\/2020\/01\/1d2c7ee6-8731-45f8-85dd-45a45c831fb9-1-1024x768.jpg 1024w, https:\/\/www.radiopiu.net\/wordpress\/wp-content\/uploads\/2020\/01\/1d2c7ee6-8731-45f8-85dd-45a45c831fb9-1-768x576.jpg 768w, https:\/\/www.radiopiu.net\/wordpress\/wp-content\/uploads\/2020\/01\/1d2c7ee6-8731-45f8-85dd-45a45c831fb9-1-1536x1152.jpg 1536w, https:\/\/www.radiopiu.net\/wordpress\/wp-content\/uploads\/2020\/01\/1d2c7ee6-8731-45f8-85dd-45a45c831fb9-1.jpg 1600w\" sizes=\"auto, (max-width: 187px) 100vw, 187px\" \/><\/a><strong>FELTRE\u00a0<\/strong> 1500 visitatori paganti in circa 40 giorni per la mostra dedicata al sipario restaurato; oltre 7600 gli ingressi a pagamento nel 2019 per il teatro de la Sena (a cui vanno aggiunti i partecipanti agli spettacoli teatrali e alle varie rappresentazioni culturali): con un \u201cmovimento\u201d complessivo di circa 12\/13 mila persone, il teatro de la Sena rappresenta oggi il polo culturale pi\u00f9 importante per la citt\u00e0 di Feltre, ma anche uno dei principali motivi di attrazione da fuori. Nel prossimo fine settimana, penultimo di apertura per l&#8217;esposizione del sipario restaurato di Tranquillo Orsi, verranno proposte anche delle visite guidate animate. Sabato\u00a0secondo appuntamento di \u201cFatti ad Arte\u201d, la rassegna culturale costituita dai tre principali eventi espositivi dell&#8217;inverno feltrino.\u00a0 Alla Galleria Rizzarda\u00a0 inaugurazione\u00a0 della\u00a0 mostra &#8220;Trame di colore&#8221; dedicata a Dianora Marandino con la collezione donata alla citt\u00e0 da Antonia Guarnieri. (foto l&#8217;assessore Alessandro Del Bianco e Anna Viviani responsabile ufficio cultura del Comune).<\/p>\n<p><strong>L&#8217;ASSESSORE ALESSANDRO DEL BIANCO<\/strong><\/p>\n<audio class=\"wp-audio-shortcode\" id=\"audio-113766-5\" preload=\"none\" style=\"width: 100%;\" controls=\"controls\"><source type=\"audio\/mpeg\" src=\"https:\/\/www.radiopiu.net\/wordpress\/wp-content\/uploads\/2020\/01\/del-bianco.mp3?_=5\" \/><a href=\"https:\/\/www.radiopiu.net\/wordpress\/wp-content\/uploads\/2020\/01\/del-bianco.mp3\">https:\/\/www.radiopiu.net\/wordpress\/wp-content\/uploads\/2020\/01\/del-bianco.mp3<\/a><\/audio>\n<p>&nbsp;<\/p>\n<p>&nbsp;<\/p>\n<p>&nbsp;<\/p>\n<hr \/>\n<h3><\/h3>\n<h3><\/h3>\n<h3>I RACCONTI DI PAOLO SOPPELSA QUINTA PUNTATA<\/h3>\n<div data-offset-key=\"c2um1-0-0\"><strong>DAL DIARIO\u2026 LACRIME DEL BOSCO<\/strong><\/div>\n<div data-offset-key=\"c2um1-0-0\">audio<\/div>\n<div data-offset-key=\"c2um1-0-0\">\n<audio class=\"wp-audio-shortcode\" id=\"audio-113766-6\" preload=\"none\" style=\"width: 100%;\" controls=\"controls\"><source type=\"audio\/mpeg\" src=\"https:\/\/www.radiopiu.net\/wordpress\/wp-content\/uploads\/2020\/01\/paolo-racconto.mp3?_=6\" \/><a href=\"https:\/\/www.radiopiu.net\/wordpress\/wp-content\/uploads\/2020\/01\/paolo-racconto.mp3\">https:\/\/www.radiopiu.net\/wordpress\/wp-content\/uploads\/2020\/01\/paolo-racconto.mp3<\/a><\/audio>\n<p>&nbsp;<\/p>\n<p><a class=\"dt-pswp-item\" href=\"https:\/\/www.radiopiu.net\/wordpress\/wp-content\/uploads\/2020\/01\/WhatsApp-Image-2020-01-20-at-17.37.56.jpeg\" data-dt-img-description=\"\" data-large_image_width=\"1600\" data-large_image_height=\"1200\"><img loading=\"lazy\" decoding=\"async\" class=\"size-medium wp-image-113815 alignleft\" src=\"https:\/\/www.radiopiu.net\/wordpress\/wp-content\/uploads\/2020\/01\/WhatsApp-Image-2020-01-20-at-17.37.56-300x225.jpeg\" alt=\"\" width=\"300\" height=\"225\" srcset=\"https:\/\/www.radiopiu.net\/wordpress\/wp-content\/uploads\/2020\/01\/WhatsApp-Image-2020-01-20-at-17.37.56-300x225.jpeg 300w, https:\/\/www.radiopiu.net\/wordpress\/wp-content\/uploads\/2020\/01\/WhatsApp-Image-2020-01-20-at-17.37.56-1024x768.jpeg 1024w, https:\/\/www.radiopiu.net\/wordpress\/wp-content\/uploads\/2020\/01\/WhatsApp-Image-2020-01-20-at-17.37.56-768x576.jpeg 768w, https:\/\/www.radiopiu.net\/wordpress\/wp-content\/uploads\/2020\/01\/WhatsApp-Image-2020-01-20-at-17.37.56-1536x1152.jpeg 1536w, https:\/\/www.radiopiu.net\/wordpress\/wp-content\/uploads\/2020\/01\/WhatsApp-Image-2020-01-20-at-17.37.56.jpeg 1600w\" sizes=\"auto, (max-width: 300px) 100vw, 300px\" \/><\/a>Aveva poco pi\u00f9 della mia et\u00e0. Era nato nei primi anni &#8217;70 ad una ventina di metri dallo strapiombo a picco sul Biois. Siamo diventati grandi insieme, lui un po&#8217; pi\u00f9 vecchio di me. Chiss\u00e0 quante volte da lass\u00f9 mi avr\u00e0 visto passare sulla 203 a Cencenighe. Era cresciuto bello e forte sul terreno magro delle cime insieme a tanti suoi fratelli, con il privilegio di poter ammirare ogni giorno un panorama stupendo. Una vita tranquilla e serena la sua. Fino a &#8220;quella&#8221; sera. Vaia ha soffiato forte su quelle cime. Ha tentato di resistere a quel terribile vento cercando di rimanere aggrappato al terreno. Pieno di vita com&#8217;era \u00e8 riuscito a non spezzarsi. Ha lottato duramente, poi, sfinito dalla fatica, ha ceduto. Non \u00e8 caduto di schianto. Si \u00e8 accasciato lentamente sopra dei massi coprendo con le sue fronde il Tavolo Magico. L&#8217;ho trovato cos\u00ec la sera del 31 ottobre alla luce della frontale. Qualche giorno dopo \u00e8 stato sezionato per liberare il tavolo. E quelle colate di resina assomigliano a lacrime. Scese in quei giorni grigi e tristi. Le ho sfiorate quelle lacrime. Sono ormai indurite, secche. Testimoni del dolore di quella sera d&#8217;autunno. A pochi metri, sull&#8217;orlo del grande salto tanti piccoli larici stanno crescendo. Domenica li ho guardati a lungo ondeggiare nel vento di primavera. C&#8217;era energia gioia e vita in quei giovani rami. Torneranno a splendere queste montagne, ne sono sicuro&#8230;magiche Dolomiti!!!<\/p>\n<\/div>\n<div data-offset-key=\"c2um1-0-0\"><\/div>\n<div data-offset-key=\"c2um1-0-0\"><\/div>\n<div data-offset-key=\"c2um1-0-0\"><\/div>\n<div data-offset-key=\"c2um1-0-0\"><\/div>\n<div data-offset-key=\"c2um1-0-0\"><\/div>\n<div data-offset-key=\"c2um1-0-0\"><\/div>\n<p>&nbsp;<\/p>\n<hr \/>\n<h2><\/h2>\n<h2><\/h2>\n<h2><\/h2>\n<h2><\/h2>\n<h2><span style=\"color: #ff0000;\">PAGINA DI STORIA<\/span><\/h2>\n<p><strong>dalla pagina facebook di FRANCESCO BONA\u00a0<\/strong><\/p>\n<p><strong>AGORDO<\/strong> Quando il cavaliere Leonardo Del Vecchio ex allievo del Mastinitt e non ancora il pi\u00f9 ricco d&#8217;Italia e nemmeno Cavaliere, consegn\u00f2 a &#8220;Noris&#8221; la coppa destinata al vincitore assoluto della cronoscalata Agordo-Frassene&#8217;.<\/p>\n<blockquote class=\"wp-embedded-content\" data-secret=\"xQq3B0wyy3\"><p><a href=\"https:\/\/www.francescobona.com\/blog\/reparto-sport\/noris-porsche-accoppiata-super-nelle-salite-bellunesi-1\/\">&#8220;Noris&#8221;-Porsche: accoppiata super nelle salite Bellunesi\/1<\/a><\/p><\/blockquote>\n<p><iframe loading=\"lazy\" title=\"&#8220;&#8220;Noris&#8221;-Porsche: accoppiata super nelle salite Bellunesi\/1&#8221; &#8212; Francesco Bona\" class=\"wp-embedded-content\" sandbox=\"allow-scripts\" security=\"restricted\" style=\"position: absolute; clip: rect(1px, 1px, 1px, 1px);\" src=\"https:\/\/www.francescobona.com\/blog\/reparto-sport\/noris-porsche-accoppiata-super-nelle-salite-bellunesi-1\/embed\/#?secret=xQq3B0wyy3\" data-secret=\"xQq3B0wyy3\" width=\"600\" height=\"338\" frameborder=\"0\" marginwidth=\"0\" marginheight=\"0\" scrolling=\"no\"><\/iframe><\/p>\n<p>&nbsp;<\/p>\n<p>&nbsp;<\/p>\n<p>&nbsp;<\/p>\n<hr \/>\n<h2><\/h2>\n<p>&nbsp;<\/p>\n<h3><\/h3>\n<h3>UN CONVEGNO SULLA TERZA ETA&#8217; NON AUTO SUFFICIENTE<\/h3>\n<p><strong>BE<\/strong><strong>LLUNO<\/strong> Oggi alle 18 in sala Bianchi presso Viale Fantuzzi l&#8217;associazione Mazziniana Italiana, sezione &#8220;Doveri dell&#8217;uomo&#8221; di Belluno, organizza la conferenza-dibattito su l&#8217;anziano non autosufficiente, aspetti etici, giuridici, assistenziali. Interverranno in veste di relatori: il dottor Cavagna, l&#8217;avvocato De Biasi e la dottoressa Maria Chiara Santin amministratore unico Asca Agordo.<\/p>\n<p>&nbsp;<\/p>\n<p>&nbsp;<\/p>\n<p>&nbsp;<\/p>\n<div id=\"content\" class=\"content\">\n<hr \/>\n<\/div>\n<div><\/div>\n<div><\/div>\n<div><\/div>\n<div>\n<p>&nbsp;<\/p>\n<h2>PETTIROSSO AGORDINO VIA AL QUINTO CORSO PER VOLONTARI<\/h2>\n<div data-offset-key=\"5n5nl-0-0\">\n<div data-offset-key=\"5n5nl-0-0\"><\/div>\n<\/div>\n<p><strong><a class=\"dt-pswp-item\" href=\"https:\/\/www.radiopiu.net\/wordpress\/wp-content\/uploads\/2020\/01\/WhatsApp-Image-2020-01-14-at-16.54.40.jpeg\" data-dt-img-description=\"\" data-large_image_width=\"1600\" data-large_image_height=\"1200\"><img loading=\"lazy\" decoding=\"async\" class=\"size-medium wp-image-113636 alignleft\" src=\"https:\/\/www.radiopiu.net\/wordpress\/wp-content\/uploads\/2020\/01\/WhatsApp-Image-2020-01-14-at-16.54.40-300x225.jpeg\" alt=\"\" width=\"300\" height=\"225\" srcset=\"https:\/\/www.radiopiu.net\/wordpress\/wp-content\/uploads\/2020\/01\/WhatsApp-Image-2020-01-14-at-16.54.40-300x225.jpeg 300w, https:\/\/www.radiopiu.net\/wordpress\/wp-content\/uploads\/2020\/01\/WhatsApp-Image-2020-01-14-at-16.54.40-1024x768.jpeg 1024w, https:\/\/www.radiopiu.net\/wordpress\/wp-content\/uploads\/2020\/01\/WhatsApp-Image-2020-01-14-at-16.54.40-768x576.jpeg 768w, https:\/\/www.radiopiu.net\/wordpress\/wp-content\/uploads\/2020\/01\/WhatsApp-Image-2020-01-14-at-16.54.40-1536x1152.jpeg 1536w, https:\/\/www.radiopiu.net\/wordpress\/wp-content\/uploads\/2020\/01\/WhatsApp-Image-2020-01-14-at-16.54.40.jpeg 1600w\" sizes=\"auto, (max-width: 300px) 100vw, 300px\" \/><\/a><\/strong><\/p>\n<p><strong>CENCENIGHE<\/strong> &#8220;Prendersi cura quando non si pu\u00f2 guarire&#8221; \u00e8 il titolo dell&#8217;iniziativa di Pettirosso Agordino, il quinto corso per volontari che inizier\u00e0 giovedi 30 gennaio con la serata di presentazione del corso presso la sala culturale al Nof Filo&#8217; di Cencenighe.<\/p>\n<p><strong>OGGI\u00a0 ALLE 15 E ALLE 21, DOMANI ALLE 1030 E 1900\u00a0 SIAMO IN ONDA CON LO SPECIALE<\/strong> La presidente dell&#8217;associazione Pettirosso Agordino e la psicologa Laura Miana nei nostri studi per presentarci il corso per volontari dell&#8217;associazione che prenderanno il via il 30 gennaio a Cencenighe. L&#8217;associazione si occupa di assistenza ai malati terminali, alle persone affette da demenza e ai loro familiari. I dettagli nell&#8217;intervista.<\/p>\n<p><strong>IL SERVIZIO DI GIANNI SANTOMASO<\/strong><\/p>\n<\/div>\n<audio class=\"wp-audio-shortcode\" id=\"audio-113766-7\" preload=\"none\" style=\"width: 100%;\" controls=\"controls\"><source type=\"audio\/mpeg\" src=\"https:\/\/www.radiopiu.net\/wordpress\/wp-content\/uploads\/2020\/01\/GIANNI-PETTIROSSO-1.mp3?_=7\" \/><a href=\"https:\/\/www.radiopiu.net\/wordpress\/wp-content\/uploads\/2020\/01\/GIANNI-PETTIROSSO-1.mp3\">https:\/\/www.radiopiu.net\/wordpress\/wp-content\/uploads\/2020\/01\/GIANNI-PETTIROSSO-1.mp3<\/a><\/audio>\n<p>&nbsp;<\/p>\n<p>&nbsp;<\/p>\n<p>&nbsp;<\/p>\n<hr \/>\n<div>\n<div><\/div>\n<\/div>\n<p>&nbsp;<\/p>\n<p>&nbsp;<\/p>\n<h2 data-offset-key=\"c2um1-0-0\"><span style=\"color: #ff0000;\">DA IERI ALLA RADIO<\/span><\/h2>\n<h3 data-offset-key=\"c2um1-0-0\">CONTEME NA BERTA, CON DANIELA LENA E LORIS SANTOMASO<\/h3>\n<div data-offset-key=\"c2um1-0-0\"><\/div>\n<blockquote class=\"wp-embedded-content\" data-secret=\"L4BLJB7dVi\"><p><a href=\"https:\/\/www.radiopiu.net\/wordpress\/conteme-na-berta\/\">Conteme na berta<\/a><\/p><\/blockquote>\n<p><iframe loading=\"lazy\" title=\"&#8220;Conteme na berta&#8221; &#8212; Radio Pi\u00f9\" class=\"wp-embedded-content\" sandbox=\"allow-scripts\" security=\"restricted\" style=\"position: absolute; clip: rect(1px, 1px, 1px, 1px);\" src=\"https:\/\/www.radiopiu.net\/wordpress\/conteme-na-berta\/embed\/#?secret=L4BLJB7dVi\" data-secret=\"L4BLJB7dVi\" width=\"600\" height=\"338\" frameborder=\"0\" marginwidth=\"0\" marginheight=\"0\" scrolling=\"no\"><\/iframe><\/p>\n<p>&nbsp;<\/p>\n<p>&nbsp;<\/p>\n<p>&nbsp;<\/p>\n<hr \/>\n<p>&nbsp;<\/p>\n<h3><\/h3>\n<h3><\/h3>\n<h3>AUSER E QUESTURA ASSIEME CONTRO LE TRUFFE<\/h3>\n<div>\n<p><strong><a class=\"dt-pswp-item\" href=\"https:\/\/www.radiopiu.net\/wordpress\/wp-content\/uploads\/2019\/01\/auser-1.jpg\" data-dt-img-description=\"\" data-large_image_width=\"1772\" data-large_image_height=\"811\"><img loading=\"lazy\" decoding=\"async\" class=\"wp-image-73044 alignleft\" src=\"https:\/\/www.radiopiu.net\/wordpress\/wp-content\/uploads\/2019\/01\/auser-1-300x137.jpg\" alt=\"\" width=\"206\" height=\"94\" srcset=\"https:\/\/www.radiopiu.net\/wordpress\/wp-content\/uploads\/2019\/01\/auser-1-300x137.jpg 300w, https:\/\/www.radiopiu.net\/wordpress\/wp-content\/uploads\/2019\/01\/auser-1-768x351.jpg 768w, https:\/\/www.radiopiu.net\/wordpress\/wp-content\/uploads\/2019\/01\/auser-1-1024x469.jpg 1024w, https:\/\/www.radiopiu.net\/wordpress\/wp-content\/uploads\/2019\/01\/auser-1.jpg 1772w\" sizes=\"auto, (max-width: 206px) 100vw, 206px\" \/><\/a>BELLUNO<\/strong> Raccogliendo l&#8217;invito della Questura di Belluno, l&#8217;Auser provinciale ha voluto stimolare i suoi Circoli ad organizzare degli incontri per combattere, ma soprattutto per prevenire, truffe e raggiri ai danni degli anziani. L\u2019iniziativa \u201cProgetto sicurezza\u201d:\u00a0 21 gennaio alle 15 nella sede del Circolo Auser \u201cMonte Sperone\u201d di Gron di Sospirolo, 31 gennaio alle 16 nella Sala consiliare del Municipio di Domegge, 4 febbraio alle\u00a0 15.30 a Lentiai, in via Galilei 8, nella sede del Circolo, 10 marzo alle\u00a0 15 nella Biblioteca comunale di Pedavena in via Roma, 24.<\/p>\n<\/div>\n<p>&nbsp;<\/p>\n<p>&nbsp;<\/p>\n<p>&nbsp;<\/p>\n<div>\n<hr \/>\n<p>&nbsp;<\/p>\n<p>&nbsp;<\/p>\n<h3>CONSIGLIO COMUNALE ROCCHESANO<\/h3>\n<p><strong>ROCCA PIETORE<\/strong> Giovedi alle 18 consiglio comunale in Municipio con un unico punto all&#8217;ordine del giorno: schema di convenzione Comune-Privati.<\/p>\n<\/div>\n<p>&nbsp;<\/p>\n<p>&nbsp;<\/p>\n<div>\n<p>&nbsp;<\/p>\n<hr \/>\n<\/div>\n<p>&nbsp;<\/p>\n<p>&nbsp;<\/p>\n<p>&nbsp;<\/p>\n<h2>NEL LIBRO &#8220;OLTRE L&#8217; HIJAB&#8221; IL MESSAGGIO DI ASSIA<\/h2>\n<blockquote><p><em> \u201cCi\u00f2 che chiedo \u00e8 di ascoltarci. Fermiamoci un attimo e cerchiamo di metterci in sintonia tra di noi. Cerchiamo di costruire legami, ponti di comprensione, di sfondare i muri <a class=\"dt-pswp-item\" href=\"https:\/\/www.radiopiu.net\/wordpress\/wp-content\/uploads\/2019\/12\/Assia.jpg\" data-dt-img-description=\"\" data-large_image_width=\"683\" data-large_image_height=\"433\"><img loading=\"lazy\" decoding=\"async\" class=\" wp-image-110310 alignright\" src=\"https:\/\/www.radiopiu.net\/wordpress\/wp-content\/uploads\/2019\/12\/Assia-300x190.jpg\" alt=\"\" width=\"224\" height=\"142\" srcset=\"https:\/\/www.radiopiu.net\/wordpress\/wp-content\/uploads\/2019\/12\/Assia-300x190.jpg 300w, https:\/\/www.radiopiu.net\/wordpress\/wp-content\/uploads\/2019\/12\/Assia.jpg 683w\" sizes=\"auto, (max-width: 224px) 100vw, 224px\" \/><\/a>dell&#8217;incomprensione, andando incontro all&#8217;altro. Tutti noi abbiamo delle paure&#8230;, ci\u00f2 che chiedo \u00e8 di condividere la \u201ccultura del noi\u201d, la mentalit\u00e0 della pace\u201d.<\/em><\/p><\/blockquote>\n<p><strong>BORGOVALBELLUNA<\/strong> Sabato alle 10 presso la biblioteca civica di Lentiai,\u00a0 Assia Belhadj presenter\u00e0 il suo libro \u201cOltre l&#8217;hijab. Una donna da straniera a cittadina\u201d, \u00a0una testimonianza concreta di come l&#8217;integrazione sia qualcosa che si costruisce con il territorio d&#8217;accoglienza senza rinunciare alla propria identit\u00e0 culturale.\u00a0 L&#8217;autrice, una giovane donna musulmana di origine algerina che vive a Belluno da dodici anni, racconter\u00e0 in forma semplice, ma incisiva, il suo impegno di donna nel voler trovare un possibile dialogo tra mondi culturali differenti, senza perdere l&#8217;attaccamento alle proprie origini. Dopo la presentazione del libro gli organizzatori illustreranno alla cittadinanza il duplice progetto di inclusione ed integrazione voluto in collaborazione con l&#8217;Istututo Comprensivo di Mel e Lentiai. Infine sono aperte le iscrizioni alle iniziative gratuite, maglieria e supporto allo studio info allo\u00a0 0437-544208.<\/p>\n<p>&nbsp;<\/p>\n<div data-offset-key=\"c2um1-0-0\"><\/div>\n<div data-offset-key=\"c2um1-0-0\"><\/div>\n<div data-offset-key=\"c2um1-0-0\"><\/div>\n<div data-offset-key=\"c2um1-0-0\">\n<hr \/>\n<\/div>\n<div data-offset-key=\"c2um1-0-0\"><\/div>\n<div data-offset-key=\"c2um1-0-0\"><strong>NUOVO CANALE RADIOPIU SU TELEGRAM ISCRIZIONE GRATUITA<\/strong><\/div>\n<div dir=\"auto\">\n<div class=\"\" data-block=\"true\" data-editor=\"caie0\" data-offset-key=\"5n5nl-0-0\">\n<blockquote>\n<div data-offset-key=\"5n5nl-0-0\"><a class=\"dt-pswp-item\" href=\"https:\/\/www.radiopiu.net\/wordpress\/wp-content\/uploads\/2017\/04\/MyRadioPiu_miaidea.png\" data-dt-img-description=\"\" data-large_image_width=\"483\" data-large_image_height=\"374\"><img loading=\"lazy\" decoding=\"async\" class=\"wp-image-30709 alignleft\" src=\"https:\/\/www.radiopiu.net\/wordpress\/wp-content\/uploads\/2017\/04\/MyRadioPiu_miaidea-300x232.png\" alt=\"\" width=\"167\" height=\"129\" \/><\/a>Il canale creato su Telgram andr\u00e0 a sostituire i gruppi whatsApp, a breve inizier\u00e0 l&#8217;aggiornamento. In questo gruppo ogni giorno viene pubblicato il GIORNALE RADIOPIU il giornale radio_sito in onda alla radio ogni giorno dal lunedi al sabato nelle edizioni delle 9.30 GR MATTINA, 12.30 GIORNALE RADIO PRINCIPALE, 14.30 GR PRIMO POMERIGGIO, 16.30 GR POMERIGGIO 18.30 GR SERA e il GIORNALE DELLA MEZZANOTTE\u00a0 Inoltre in questo canale vengono linkate in tempo reale le notizie che vengono pubblicate sul sito <a href=\"http:\/\/www.radiopiu.net\/\" target=\"_blank\" rel=\"noopener noreferrer\">www.radiopiu.net<\/a> e i podcast delle rubriche in onda al mattino 10.30 REPORTER, e negli approfondimenti del pomeriggio 15.10 CARPE DIEM.<\/div>\n<\/blockquote>\n<\/div>\n<\/div>\n<div data-offset-key=\"5n5nl-0-0\"><\/div>\n<div data-offset-key=\"5n5nl-0-0\"><\/div>\n<div data-offset-key=\"5n5nl-0-0\"><\/div>\n<div data-offset-key=\"5n5nl-0-0\">\n<hr \/>\n<\/div>\n<div dir=\"auto\">\n<div class=\"\" data-block=\"true\" data-editor=\"caie0\" data-offset-key=\"5n5nl-0-0\">\n<div data-offset-key=\"5n5nl-0-0\"><\/div>\n<\/div>\n<\/div>\n<p>&nbsp;<\/p>\n<p>&nbsp;<\/p>\n<h2><span style=\"color: #ff0000;\">IERI ALLA RADIO<\/span><\/h2>\n<h3>SALUTE E SOCIETA&#8217;<\/h3>\n<blockquote class=\"wp-embedded-content\" data-secret=\"H0SrtTBGuy\"><p><a href=\"https:\/\/www.radiopiu.net\/wordpress\/tubercolosi-asma-grave\/\">Tubercolosi &#8211; asma grave<\/a><\/p><\/blockquote>\n<p><iframe loading=\"lazy\" title=\"&#8220;Tubercolosi &#8211; asma grave&#8221; &#8212; Radio Pi\u00f9\" class=\"wp-embedded-content\" sandbox=\"allow-scripts\" security=\"restricted\" style=\"position: absolute; clip: rect(1px, 1px, 1px, 1px);\" src=\"https:\/\/www.radiopiu.net\/wordpress\/tubercolosi-asma-grave\/embed\/#?secret=H0SrtTBGuy\" data-secret=\"H0SrtTBGuy\" width=\"600\" height=\"338\" frameborder=\"0\" marginwidth=\"0\" marginheight=\"0\" scrolling=\"no\"><\/iframe><\/p>\n<p>&nbsp;<\/p>\n<p>&nbsp;<\/p>\n<p>&nbsp;<\/p>\n<hr \/>\n<p>&nbsp;<\/p>\n<p>&nbsp;<\/p>\n<p>&nbsp;<\/p>\n<h2><span style=\"color: #ff0000;\">IERI ALLA RADIO<\/span><\/h2>\n<h3>DUE MINUTI UN LIBRO<\/h3>\n<blockquote class=\"wp-embedded-content\" data-secret=\"JRQfhLECY0\"><p><a href=\"https:\/\/www.radiopiu.net\/wordpress\/i-grandi-insegnamenti-cosmici-di-gesu-di-nazareth\/\">I GRANDI INSEGNAMENTI COSMICI DI GESU&#8217; DI NAZARETH<\/a><\/p><\/blockquote>\n<p><iframe loading=\"lazy\" title=\"&#8220;I GRANDI INSEGNAMENTI COSMICI DI GESU&#8217; DI NAZARETH&#8221; &#8212; Radio Pi\u00f9\" class=\"wp-embedded-content\" sandbox=\"allow-scripts\" security=\"restricted\" style=\"position: absolute; clip: rect(1px, 1px, 1px, 1px);\" src=\"https:\/\/www.radiopiu.net\/wordpress\/i-grandi-insegnamenti-cosmici-di-gesu-di-nazareth\/embed\/#?secret=JRQfhLECY0\" data-secret=\"JRQfhLECY0\" width=\"600\" height=\"338\" frameborder=\"0\" marginwidth=\"0\" marginheight=\"0\" scrolling=\"no\"><\/iframe><\/p>\n<p>&nbsp;<\/p>\n<p>&nbsp;<\/p>\n<p>&nbsp;<\/p>\n<hr \/>\n<p>&nbsp;<\/p>\n<p>&nbsp;<\/p>\n<p>&nbsp;<\/p>\n<h2><span style=\"color: #ff0000;\">IERI ALLA RADIO<\/span><\/h2>\n<h3>007 IN CONDOTTA LA SCUOLA<\/h3>\n<blockquote class=\"wp-embedded-content\" data-secret=\"0RUtQnH4fT\"><p><a href=\"https:\/\/www.radiopiu.net\/wordpress\/iscrizioni-e-cambio-indirizzo\/\">Iscrizioni e cambio indirizzo<\/a><\/p><\/blockquote>\n<p><iframe loading=\"lazy\" title=\"&#8220;Iscrizioni e cambio indirizzo&#8221; &#8212; Radio Pi\u00f9\" class=\"wp-embedded-content\" sandbox=\"allow-scripts\" security=\"restricted\" style=\"position: absolute; clip: rect(1px, 1px, 1px, 1px);\" src=\"https:\/\/www.radiopiu.net\/wordpress\/iscrizioni-e-cambio-indirizzo\/embed\/#?secret=0RUtQnH4fT\" data-secret=\"0RUtQnH4fT\" width=\"600\" height=\"338\" frameborder=\"0\" marginwidth=\"0\" marginheight=\"0\" scrolling=\"no\"><\/iframe><\/p>\n<p>&nbsp;<\/p>\n<p>&nbsp;<\/p>\n<p>&nbsp;<\/p>\n<blockquote class=\"wp-embedded-content\" data-secret=\"Ad88ZdJmbX\"><p><a href=\"https:\/\/www.radiopiu.net\/wordpress\/diego-bardin-vicario-episcopale-per-i-beni-temporali-diocesani-di-renato-bona\/\">DIEGO BARDIN VICARIO EPISCOPALE \u201cPER I BENI TEMPORALI DIOCESANI\u201d di RENATO BONA<\/a><\/p><\/blockquote>\n<p><iframe loading=\"lazy\" title=\"&#8220;DIEGO BARDIN VICARIO EPISCOPALE \u201cPER I BENI TEMPORALI DIOCESANI\u201d di RENATO BONA&#8221; &#8212; Radio Pi\u00f9\" class=\"wp-embedded-content\" sandbox=\"allow-scripts\" security=\"restricted\" style=\"position: absolute; clip: rect(1px, 1px, 1px, 1px);\" src=\"https:\/\/www.radiopiu.net\/wordpress\/diego-bardin-vicario-episcopale-per-i-beni-temporali-diocesani-di-renato-bona\/embed\/#?secret=Ad88ZdJmbX\" data-secret=\"Ad88ZdJmbX\" width=\"600\" height=\"338\" frameborder=\"0\" marginwidth=\"0\" marginheight=\"0\" scrolling=\"no\"><\/iframe><\/p>\n<p>&nbsp;<\/p>\n<p>&nbsp;<\/p>\n<p>&nbsp;<\/p>\n<p><a class=\"dt-pswp-item\" href=\"https:\/\/www.radiopiu.net\/wordpress\/wp-content\/uploads\/2018\/09\/viabilita.jpeg\" data-dt-img-description=\"\" data-large_image_width=\"800\" data-large_image_height=\"100\"><img loading=\"lazy\" decoding=\"async\" class=\"alignnone wp-image-61954 size-full\" src=\"https:\/\/www.radiopiu.net\/wordpress\/wp-content\/uploads\/2018\/09\/viabilita.jpeg\" alt=\"\" width=\"800\" height=\"100\" srcset=\"https:\/\/www.radiopiu.net\/wordpress\/wp-content\/uploads\/2018\/09\/viabilita.jpeg 800w, https:\/\/www.radiopiu.net\/wordpress\/wp-content\/uploads\/2018\/09\/viabilita-300x38.jpeg 300w, https:\/\/www.radiopiu.net\/wordpress\/wp-content\/uploads\/2018\/09\/viabilita-768x96.jpeg 768w\" sizes=\"auto, (max-width: 800px) 100vw, 800px\" \/><\/a><\/p>\n<div data-offset-key=\"5n5nl-0-0\">\n<div data-offset-key=\"5n5nl-0-0\">\n<div data-offset-key=\"5n5nl-0-0\">\n<div data-offset-key=\"5n5nl-0-0\">\n<p><strong>PROVINCIALE 563 DI SALESEI, LIVINALLONGO DEL COL DI LANA <\/strong>FINO \u00a0AL 24 (ESCLUSI SABATO E DOMENICA) dalle 9 alle 17 interdizione totale al traffico, nei rimanenti periodi senso unico alternato per taglio alberi in localit\u00e0 Pian di Salesei e Salesei<\/p>\n<p><strong>SP 40 VAL SENAIGA, DIREZIONE ARINA<\/strong> DAL 20 GENNAIO PER UN MESE ESCLUSI FESTIVI E PREFESTIVI INTERRUZIONI AL TRAFFICO VEICOLARE DURATA MASSIMA 30 MINUTI DALLE 8 ALLE 12 E DALLE 13 ALLE 17 PER LAVORI MESSA IN SICUREZZA (COMUNE DI LAMON) NEGLI ALTRI ORARI SENSO UNICO ALTERNATO CON SEMAFORO<\/p>\n<div class=\"im_history_message_wrap im_grouped\">\n<div class=\"im_message_outer_wrap hasselect\" data-msg-id=\"-5\">\n<div class=\"im_message_wrap clearfix\">\n<div class=\"im_content_message_wrap im_message_out\">\n<div class=\"im_message_body\">\n<div>\n<div class=\"im_message_text\" dir=\"auto\"><strong>SP251 VAL DI ZOLDO E CELLINA, MEZZOCANALE <\/strong>DALLE 8 ALLE 17 ESCLUSI FESTIVI E PREFESTIVI SENSO UNICO ALTERNATO E POSSIBILITA&#8217; DI ITERRUZIONI DELLA DURATA MASSIMA DI 15 MINUTI PER MESSA IN SICUREZZA DEL VERSANTE<\/div>\n<\/div>\n<\/div>\n<\/div>\n<\/div>\n<\/div>\n<\/div>\n<div class=\"im_history_message_wrap im_grouped\">\n<div class=\"im_message_outer_wrap hasselect\" data-msg-id=\"-6\">\n<div class=\"im_message_wrap clearfix\">\n<div class=\"im_content_message_wrap im_message_out\">\n<div class=\"im_message_meta pull-right text-right noselect\"><\/div>\n<\/div>\n<\/div>\n<\/div>\n<\/div>\n<p><strong>346 SAN PELLEGRINO A CANALE D&#8217;AGORDO <\/strong>La Mora dal 13 gennaio al 29 febbraio senso unico con semaforo anche sabato e domenica<\/p>\n<p><strong>203 AGORDINA, LOCALITA&#8217; LA MUDA<\/strong> DAL 13 GENNAIO AL 31 MARZO ESCLUSI FESTIVI E PREFESTIVI DALLE 7.30 ALLE 8.30 E DALLE 16.30 ALLE 17.30 SENSO UNICO ALTE<a class=\"dt-pswp-item\" href=\"https:\/\/www.radiopiu.net\/wordpress\/wp-content\/uploads\/2020\/01\/8550d617-ce67-49f8-a961-a4f5f6c0c2bb.jpg\" data-dt-img-description=\"\" data-large_image_width=\"788\" data-large_image_height=\"1599\"><img loading=\"lazy\" decoding=\"async\" class=\"size-medium wp-image-112658 alignleft\" src=\"https:\/\/www.radiopiu.net\/wordpress\/wp-content\/uploads\/2020\/01\/8550d617-ce67-49f8-a961-a4f5f6c0c2bb-148x300.jpg\" alt=\"\" width=\"148\" height=\"300\" srcset=\"https:\/\/www.radiopiu.net\/wordpress\/wp-content\/uploads\/2020\/01\/8550d617-ce67-49f8-a961-a4f5f6c0c2bb-148x300.jpg 148w, https:\/\/www.radiopiu.net\/wordpress\/wp-content\/uploads\/2020\/01\/8550d617-ce67-49f8-a961-a4f5f6c0c2bb-505x1024.jpg 505w, https:\/\/www.radiopiu.net\/wordpress\/wp-content\/uploads\/2020\/01\/8550d617-ce67-49f8-a961-a4f5f6c0c2bb-768x1558.jpg 768w, https:\/\/www.radiopiu.net\/wordpress\/wp-content\/uploads\/2020\/01\/8550d617-ce67-49f8-a961-a4f5f6c0c2bb-757x1536.jpg 757w, https:\/\/www.radiopiu.net\/wordpress\/wp-content\/uploads\/2020\/01\/8550d617-ce67-49f8-a961-a4f5f6c0c2bb.jpg 788w\" sizes=\"auto, (max-width: 148px) 100vw, 148px\" \/><\/a>RNATO CON MOVIERI O SEMAFORI<\/p>\n<p><strong>PROVINCIALE 20 VAL FIORENTINA\u00a0<\/strong> LOCALITA&#8217; SOLATOR\u00a0 DAL 13 GENNAIO AL 29 MAGGIO (COMPRESI FESTIVI E PREFESTIVI) SENSO UNICO ALTERNATO REGOLATO DA SEMAFORO O MOVIERI PER ADEGUAMENTO CARREGGIATA<\/p>\n<p><strong>641 PASSO FEDAIA ROCCA PIETORE<\/strong> da martedi 7 gennaio al 6 marzo senso unico alternato regolato da semaforo per tratti di 30 metri. esclusi sabato e domenica<br \/>\n<strong>203 AGORDINA TAIBON AGORDINO<\/strong> dal 7 al 30 gennaio dalle 7 alle 19 senso unico alternato regolato da semaforo. esclusi festivi e prefestivi<\/p>\n<p><strong>48 DELLE DOLOMITI RIO GERE<\/strong>\u00a0 dalle 8 alle 17 fino al 10 aprile senso unico con semaforo, tratti di 200 metri per lavori posa elettrodotto<\/p>\n<div class=\"im_history_message_wrap\">\n<div class=\"im_message_outer_wrap hasselect\" data-msg-id=\"1361\">\n<div class=\"im_message_wrap clearfix\">\n<div class=\"im_content_message_wrap im_message_out\">\n<div class=\"im_message_body\">\n<div dir=\"auto\"><strong>02 PROVINCIALE VALLE DEL MIS\u00a0<\/strong> localit\u00e0 Pascoli-Val Falcina dalle 7 alle 19 fino al 28 febbraio senso unico alternato con semaforo per istallazione impianti illuminazione<\/div>\n<div dir=\"auto\"><\/div>\n<div dir=\"auto\"><strong>SP251 VAL DI ZOLDO E VAL CELLINA LOCALITA&#8217; SOFFRANCO<\/strong>. dal 20 gennaio al 31 gennaio esclusi festivi e prefestivi SENSO UNICO ALTERNATO SEMAFORICO per posa fibra ottica<\/div>\n<\/div>\n<\/div>\n<\/div>\n<\/div>\n<\/div>\n<\/div>\n<\/div>\n<\/div>\n<\/div>\n<p>&nbsp;<\/p>\n<p>&nbsp;<\/p>\n<p>&nbsp;<\/p>\n<h3><a class=\"dt-pswp-item\" href=\"http:\/\/www.radiopiu.net\/wordpress\/wp-content\/uploads\/2018\/09\/appuntamenti.jpeg\" data-dt-img-description=\"\" data-large_image_width=\"800\" data-large_image_height=\"100\"><img loading=\"lazy\" decoding=\"async\" class=\"aligncenter wp-image-61958 size-full\" src=\"http:\/\/www.radiopiu.net\/wordpress\/wp-content\/uploads\/2018\/09\/appuntamenti.jpeg\" alt=\"\" width=\"800\" height=\"100\" srcset=\"https:\/\/www.radiopiu.net\/wordpress\/wp-content\/uploads\/2018\/09\/appuntamenti.jpeg 800w, https:\/\/www.radiopiu.net\/wordpress\/wp-content\/uploads\/2018\/09\/appuntamenti-300x38.jpeg 300w, https:\/\/www.radiopiu.net\/wordpress\/wp-content\/uploads\/2018\/09\/appuntamenti-768x96.jpeg 768w\" sizes=\"auto, (max-width: 800px) 100vw, 800px\" \/><\/a><\/h3>\n<p>&nbsp;<\/p>\n<p>&nbsp;<\/p>\n<p>&nbsp;<\/p>\n<blockquote class=\"wp-embedded-content\" data-secret=\"246Zz6ftfT\"><p><a href=\"https:\/\/www.radiopiu.net\/wordpress\/4-febbraio\/\">LA FISARMONICISTA FRANCESCA GALLO APRE IL 4 FEBBRAIO IL SECONDO TRIMESTRE DELL&#8217;UNIVERSITA&#8217; ADULTI-ANZIANI<\/a><\/p><\/blockquote>\n<p><iframe loading=\"lazy\" title=\"&#8220;LA FISARMONICISTA FRANCESCA GALLO APRE IL 4 FEBBRAIO IL SECONDO TRIMESTRE DELL&#8217;UNIVERSITA&#8217; ADULTI-ANZIANI&#8221; &#8212; Radio Pi\u00f9\" class=\"wp-embedded-content\" sandbox=\"allow-scripts\" security=\"restricted\" style=\"position: absolute; clip: rect(1px, 1px, 1px, 1px);\" src=\"https:\/\/www.radiopiu.net\/wordpress\/4-febbraio\/embed\/#?secret=246Zz6ftfT\" data-secret=\"246Zz6ftfT\" width=\"600\" height=\"338\" frameborder=\"0\" marginwidth=\"0\" marginheight=\"0\" scrolling=\"no\"><\/iframe><\/p>\n<p>&nbsp;<\/p>\n<p>&nbsp;<\/p>\n<p><strong>BELLUNO<\/strong> Oggi alle 11 in sala affreschi di Palazzo Piloni il presidente della Provincia Roberto Padrin inaugura la mostra &#8220;le Madri e i Padri fondatori dell&#8217;Unione Europea&#8221;. La mostra si pu\u00f2 visitare fino al 21 febbraio dal lunedi al venerdi dalle 9 alle 13, il martedi e giovedi dalle 14 alle 16<\/p>\n<p>&nbsp;<\/p>\n<p>&nbsp;<\/p>\n<div>\n<hr \/>\n<blockquote>\n<h2><span style=\"color: #ff0000;\"><br \/>\nIL RINVIO<\/span><\/h2>\n<p><strong>CANALE D&#8217;AGORDO<\/strong> La Casparetha in programma per sabato 1 febbraio, causa mancanza di neve, \u00e8 stata rinviata a sabato 15 febbraio. Le iscrizioni saranno, pertanto possibili, a partire dal 1 febbraio in poi, sia sul sito ufficiale www.casparetha.it che presso il nostro ufficio Pro Loco al Museo Albino Luciani, Piazza Papa Luciani 4.<\/p><\/blockquote>\n<\/div>\n<p>&nbsp;<\/p>\n<p>&nbsp;<\/p>\n<p>&nbsp;<\/p>\n<p>&nbsp;<\/p>\n<div>\n<hr \/>\n<h3>AL CINEMA AD AGORDO, IL 25 CON IL REGISTA STEFANO USARDI<\/h3>\n<p>Proiezione del film &#8220;Affittasi vita&#8221;, Scritto e diretto da Stefano Usardi. Sabato 25 gennaio 2020 dalle ore 20:30\u00a0 Sala Don Tamis. Ingresso libero a tutti con offerta libera\u00a0 Un film prodotto da FIFILM PRODUCTION DI Caterina Francavilla<\/p>\n<p>&nbsp;<\/p>\n<hr \/>\n<\/div>\n<div data-offset-key=\"c2um1-0-0\"><\/div>\n<div><\/div>\n<div><\/div>\n<div><\/div>\n<div><\/div>\n<div><\/div>\n<div>\n<h2><a class=\"dt-pswp-item\" href=\"http:\/\/www.radiopiu.net\/wordpress\/wp-content\/uploads\/2018\/09\/sport.jpg\" data-dt-img-description=\"\" data-large_image_width=\"800\" data-large_image_height=\"100\"><img loading=\"lazy\" decoding=\"async\" class=\"wp-image-60761 size-full aligncenter\" src=\"http:\/\/www.radiopiu.net\/wordpress\/wp-content\/uploads\/2018\/09\/sport.jpg\" alt=\"\" width=\"800\" height=\"100\" srcset=\"https:\/\/www.radiopiu.net\/wordpress\/wp-content\/uploads\/2018\/09\/sport.jpg 800w, https:\/\/www.radiopiu.net\/wordpress\/wp-content\/uploads\/2018\/09\/sport-300x38.jpg 300w, https:\/\/www.radiopiu.net\/wordpress\/wp-content\/uploads\/2018\/09\/sport-768x96.jpg 768w\" sizes=\"auto, (max-width: 800px) 100vw, 800px\" \/><\/a><\/h2>\n<\/div>\n<h3><\/h3>\n<h3><\/h3>\n<h3 class=\"p1\"><span class=\"s1\">IL VOLLEY CLUB AGORDINO IN TESTA AL CAMPIONATO DI TERZA DIVISIONE<\/span><\/h3>\n<p class=\"p1\"><span class=\"s1\"><a class=\"dt-pswp-item\" href=\"https:\/\/www.radiopiu.net\/wordpress\/wp-content\/uploads\/2019\/11\/volley-club-agordino-2.jpeg\" data-dt-img-description=\"\" data-large_image_width=\"1600\" data-large_image_height=\"1200\"><img loading=\"lazy\" decoding=\"async\" class=\"size-medium wp-image-105220 alignright\" src=\"https:\/\/www.radiopiu.net\/wordpress\/wp-content\/uploads\/2019\/11\/volley-club-agordino-2-300x225.jpeg\" alt=\"\" width=\"300\" height=\"225\" srcset=\"https:\/\/www.radiopiu.net\/wordpress\/wp-content\/uploads\/2019\/11\/volley-club-agordino-2-300x225.jpeg 300w, https:\/\/www.radiopiu.net\/wordpress\/wp-content\/uploads\/2019\/11\/volley-club-agordino-2-768x576.jpeg 768w, https:\/\/www.radiopiu.net\/wordpress\/wp-content\/uploads\/2019\/11\/volley-club-agordino-2-1024x768.jpeg 1024w, https:\/\/www.radiopiu.net\/wordpress\/wp-content\/uploads\/2019\/11\/volley-club-agordino-2.jpeg 1600w\" sizes=\"auto, (max-width: 300px) 100vw, 300px\" \/><\/a>Il Volley Club Agordino di Terza Divisione continua a sorprendere. La squadra allenata da Livio De Nardin si trova in testa alla classifica del campionato a parimerito con il Cadore. un rullino di marcia impressionante per la squadra di Agordo che dopo 6 partite giocate ha perso solo in una occasione. Una stagione da incorniciare con degli ottimi risultati ottenuti da un gruppo coeso che ha saputo fare dello sport un punto di riferimento per amicizia dentro e fuori dal campo. Intanto sabato prossimo ci sar\u00e0 il big match contro il Cadore. Le ragazze di de Nardin giocheranno in trasferta e cercheranno di dimostrare che la squadra c\u2019\u00e8 ed ha delle potenzialit\u00e0.<\/span><\/p>\n<p class=\"p1\"><strong><span class=\"s1\">ALESSIA FILEFERRO, GIOCATRICE DEL VOLLEY CLUB AGORDINO<\/span><\/strong><\/p>\n<audio class=\"wp-audio-shortcode\" id=\"audio-113766-8\" preload=\"none\" style=\"width: 100%;\" controls=\"controls\"><source type=\"audio\/mpeg\" src=\"https:\/\/www.radiopiu.net\/wordpress\/wp-content\/uploads\/2020\/01\/ALESSIA-FILAFERRO-PRE-CADORE.mp3?_=8\" \/><a href=\"https:\/\/www.radiopiu.net\/wordpress\/wp-content\/uploads\/2020\/01\/ALESSIA-FILAFERRO-PRE-CADORE.mp3\">https:\/\/www.radiopiu.net\/wordpress\/wp-content\/uploads\/2020\/01\/ALESSIA-FILAFERRO-PRE-CADORE.mp3<\/a><\/audio>\n<p>&nbsp;<\/p>\n<p>&nbsp;<\/p>\n<p>&nbsp;<\/p>\n<hr \/>\n<p>&nbsp;<\/p>\n<p>&nbsp;<\/p>\n<p>&nbsp;<\/p>\n<p>&nbsp;<\/p>\n<h3 class=\"p1\"><span class=\"s1\">TORNEO AGORDINO DI HOCKEY\u2026IL DERBY DELLA VALLE DEL BIOIS<\/span><\/h3>\n<p class=\"p1\"><span class=\"s1\"><a class=\"dt-pswp-item\" href=\"https:\/\/www.radiopiu.net\/wordpress\/wp-content\/uploads\/2019\/12\/TORNEO-AGORDINO-HOCKEY-2020-OK.jpg\" data-dt-img-description=\"\" data-large_image_width=\"1125\" data-large_image_height=\"596\"><img loading=\"lazy\" decoding=\"async\" class=\"size-medium wp-image-110984 alignright\" src=\"https:\/\/www.radiopiu.net\/wordpress\/wp-content\/uploads\/2019\/12\/TORNEO-AGORDINO-HOCKEY-2020-OK-300x159.jpg\" alt=\"\" width=\"300\" height=\"159\" srcset=\"https:\/\/www.radiopiu.net\/wordpress\/wp-content\/uploads\/2019\/12\/TORNEO-AGORDINO-HOCKEY-2020-OK-300x159.jpg 300w, https:\/\/www.radiopiu.net\/wordpress\/wp-content\/uploads\/2019\/12\/TORNEO-AGORDINO-HOCKEY-2020-OK-1024x542.jpg 1024w, https:\/\/www.radiopiu.net\/wordpress\/wp-content\/uploads\/2019\/12\/TORNEO-AGORDINO-HOCKEY-2020-OK-768x407.jpg 768w, https:\/\/www.radiopiu.net\/wordpress\/wp-content\/uploads\/2019\/12\/TORNEO-AGORDINO-HOCKEY-2020-OK.jpg 1125w\" sizes=\"auto, (max-width: 300px) 100vw, 300px\" \/><\/a>VALLADA &#8211; CANALE 3-1 (rig 1-0)<\/span><\/p>\n<p class=\"p1\"><span class=\"s1\">PARZIALI: 2-1, 0-0, 1-0<\/span><\/p>\n<p class=\"p1\"><span class=\"s1\">GOL: pt. Thoams Soppelsa, Olaf Lovat, Ivano De Lazzer. tt. Paolo Pasuch<\/span><\/p>\n<p class=\"p1\"><span class=\"s1\">Si \u00e8 giocato domenica sera il derby della valle del Biois tra Vallada e Canale valido per il Tornao Agordino di hockey. I canalini si sono dovuti arrendere ad un avversario ostico che ha messo in chiaro la situazione fin da subito sbloccando la partita con Soppelsa. Il Canale ha risposto con Lovat ma il Vallada ha chiuso la prima frazione in vantaggio grazie alla rete di De Lazzer. Secondo tempo a reti inviolate e terzo drittel con il Vallada che chiude la sfida grazie a Pasuch. Nella sfida dei rigori sono ancora i valladesi a spuntarla conquistando il punto aggiuntivo. Intanto l\u2019organizzazione ha pensato di rendere pi\u00f9 emozionante la Thierry Cup optando per le semifinali al meglio delle 3 partite.<\/span><\/p>\n<p>&nbsp;<\/p>\n<p>&nbsp;<\/p>\n<p>&nbsp;<\/p>\n<hr \/>\n<p>&nbsp;<\/p>\n<p>&nbsp;<\/p>\n<h3>GRANDI RISULTATI PER CSI BELLUNO E CSI FELTRE AL CAMPIONATO REGIONALE DI CORSA CAMPESTRE<\/h3>\n<p><a class=\"dt-pswp-item\" href=\"https:\/\/www.radiopiu.net\/wordpress\/wp-content\/uploads\/2020\/01\/polisportiva-santa-giustina-regionale-csi-tezze-brenta-19.01.2020.png\" data-dt-img-description=\"\" data-large_image_width=\"1599\" data-large_image_height=\"1066\"><img loading=\"lazy\" decoding=\"async\" class=\"size-medium wp-image-113906 alignleft\" src=\"https:\/\/www.radiopiu.net\/wordpress\/wp-content\/uploads\/2020\/01\/polisportiva-santa-giustina-regionale-csi-tezze-brenta-19.01.2020-300x200.png\" alt=\"\" width=\"300\" height=\"200\" srcset=\"https:\/\/www.radiopiu.net\/wordpress\/wp-content\/uploads\/2020\/01\/polisportiva-santa-giustina-regionale-csi-tezze-brenta-19.01.2020-300x200.png 300w, https:\/\/www.radiopiu.net\/wordpress\/wp-content\/uploads\/2020\/01\/polisportiva-santa-giustina-regionale-csi-tezze-brenta-19.01.2020-1024x683.png 1024w, https:\/\/www.radiopiu.net\/wordpress\/wp-content\/uploads\/2020\/01\/polisportiva-santa-giustina-regionale-csi-tezze-brenta-19.01.2020-768x512.png 768w, https:\/\/www.radiopiu.net\/wordpress\/wp-content\/uploads\/2020\/01\/polisportiva-santa-giustina-regionale-csi-tezze-brenta-19.01.2020-1536x1024.png 1536w, https:\/\/www.radiopiu.net\/wordpress\/wp-content\/uploads\/2020\/01\/polisportiva-santa-giustina-regionale-csi-tezze-brenta-19.01.2020.png 1599w\" sizes=\"auto, (max-width: 300px) 100vw, 300px\" \/><\/a>Come al Provinciale, anche al Campionato regionale di cross del Centro sportivo italiano il Gs Castionese \u00e8 grande protagonista. Domenica 19 gennaio a Tezze sul Brenta, in provincia di Vicenza, si \u00e8 svolta la prima prova del regionale veneto e il sodalizio del presidente Enzo Bortot si \u00e8 imposto nella graduatoria per club, totalizzando 1028 e salendo sul podio insieme a due societ\u00e0 vicentine: la Polisportiva Dueville, seconda con 947 punti, e l&#8217;Union Creazzo, terza con 680 punti. Bel quarto posto per l&#8217;Atletica Lamon. Altre due societ\u00e0 bellunesi nella top ten: la Virtus Nemeggio, nona con 325 punti, e l&#8217;Atletica Agordina, decima con 302. Poco fuori dalle dieci la Polisportiva Santa Giustina, dodicesima con 243 punti. Oltre che nella graduatoria per societ\u00e0, i club di Csi Belluno e Csi Feltre si sono distinti anche nella classifiche individuali. Ben otto i successi.<\/p>\n<blockquote><p><a class=\"dt-pswp-item\" href=\"https:\/\/www.radiopiu.net\/wordpress\/wp-content\/uploads\/2020\/01\/lorenzo-de-fanti-vincitore-cadetti-regionale-csi-tezze-brenta-19.01.2020.png\" data-dt-img-description=\"\" data-large_image_width=\"1599\" data-large_image_height=\"1066\"><img loading=\"lazy\" decoding=\"async\" class=\"size-medium wp-image-113907 alignright\" src=\"https:\/\/www.radiopiu.net\/wordpress\/wp-content\/uploads\/2020\/01\/lorenzo-de-fanti-vincitore-cadetti-regionale-csi-tezze-brenta-19.01.2020-300x200.png\" alt=\"\" width=\"300\" height=\"200\" srcset=\"https:\/\/www.radiopiu.net\/wordpress\/wp-content\/uploads\/2020\/01\/lorenzo-de-fanti-vincitore-cadetti-regionale-csi-tezze-brenta-19.01.2020-300x200.png 300w, https:\/\/www.radiopiu.net\/wordpress\/wp-content\/uploads\/2020\/01\/lorenzo-de-fanti-vincitore-cadetti-regionale-csi-tezze-brenta-19.01.2020-1024x683.png 1024w, https:\/\/www.radiopiu.net\/wordpress\/wp-content\/uploads\/2020\/01\/lorenzo-de-fanti-vincitore-cadetti-regionale-csi-tezze-brenta-19.01.2020-768x512.png 768w, https:\/\/www.radiopiu.net\/wordpress\/wp-content\/uploads\/2020\/01\/lorenzo-de-fanti-vincitore-cadetti-regionale-csi-tezze-brenta-19.01.2020-1536x1024.png 1536w, https:\/\/www.radiopiu.net\/wordpress\/wp-content\/uploads\/2020\/01\/lorenzo-de-fanti-vincitore-cadetti-regionale-csi-tezze-brenta-19.01.2020.png 1599w\" sizes=\"auto, (max-width: 300px) 100vw, 300px\" \/><\/a>Questi i vincitori: Angelica Balest (Santa Giustina, Ragazze); Chiara Pedol (Castionese, Cadette); Lorenzo De Fanti (Castionese, Cadetti); Thomas Serafini (Castionese, Allievi); Ivano Marcon (Agordina, Veterani A); Manuela Bulf (Agordina, Amatori A); Luis Cappelletto (Lamon, Juniores); Luigina Salvagno (Castionese, Veterane B).<\/p><\/blockquote>\n<p>I secondi posti: Caterina Moino (Villaga, Esordienti); Pietro Gerardini (Lamon, Esordienti); Mimosa Miari Fulcis (Castionese, Ragazze); Marco Menia Cadore (Castionese, Ragazzi); Evelyn Castellan (Santa Giustina, Cadette); Consuelo De Bortoli (Nemeggio, Veterane A); Samuel Mazzucco (Castionese, Allievi); Gioia Chiesurin (Santa Giustina, Juniores); Silvia Vecellio (Giocallena, Amatori B); Livo De Paoli (Trichiana, Amatori B); Dante Passuello (Pozzale, Veterani B); Maria Liliana Cossalter (Nemeggio, Veterane B).<\/p>\n<p>I terzi posti: Lucia Turrin (Villaga, Esordienti); Chiara Da Pra (Giocallena, Cadette); Nicolas De Lorenzi (Cadetti); Beatrice Da Rin (Lamon, Allieve); Patrick Da Rold (Castionese, Allievi); Mihail Sirbu (Castionese, Seniores); Mattia De Barba (Lamon, Juniores); Luisa Casagrande (Trichiana, Veterane B).<\/p>\n<p>I risultati completi al seguente link: http:\/\/www.csibelluno.it\/article971.html<\/p>\n<p>&nbsp;<\/p>\n<p>&nbsp;<\/p>\n<p>&nbsp;<\/p>\n<h3><a class=\"dt-pswp-item\" href=\"http:\/\/www.radiopiu.net\/wordpress\/wp-content\/uploads\/2018\/09\/WhatsApp-Image-2018-09-20-at-16.04.06.jpeg\" data-dt-img-description=\"\" data-large_image_width=\"800\" data-large_image_height=\"100\"><img loading=\"lazy\" decoding=\"async\" class=\"wp-image-61378 size-full aligncenter\" src=\"http:\/\/www.radiopiu.net\/wordpress\/wp-content\/uploads\/2018\/09\/WhatsApp-Image-2018-09-20-at-16.04.06.jpeg\" alt=\"\" width=\"800\" height=\"100\" srcset=\"https:\/\/www.radiopiu.net\/wordpress\/wp-content\/uploads\/2018\/09\/WhatsApp-Image-2018-09-20-at-16.04.06.jpeg 800w, https:\/\/www.radiopiu.net\/wordpress\/wp-content\/uploads\/2018\/09\/WhatsApp-Image-2018-09-20-at-16.04.06-300x38.jpeg 300w, https:\/\/www.radiopiu.net\/wordpress\/wp-content\/uploads\/2018\/09\/WhatsApp-Image-2018-09-20-at-16.04.06-768x96.jpeg 768w\" sizes=\"auto, (max-width: 800px) 100vw, 800px\" \/><\/a><\/h3>\n<p>&nbsp;<\/p>\n<p><center><b>Martedi 21<\/b><\/center><b>Tempo atteso: <\/b>Tempo ben soleggiato, aria tersa ed ottima visibilit\u00e0. Clima notturno freddo nelle valli, assai meno in quota. In giornata torner\u00e0 un po&#8217; di mitezza in quota, mentre l&#8217;inversione termica s&#8217;instaurer\u00e0 di nuovo nelle valli, specie quelle in ombra.<br \/>\n<b>Precipitazioni: <\/b>Assenti (0%)<br \/>\n<b>Temperature: <\/b>Minime in calo sotto i 1000\/1200 m, specie nei fondovalle prealpini, ed in aumento sopra tale quota; massime in rialzo a tutte le quote, eccetto lieve diminuzione nelle valli in ombra. Sono previsti massimi di 6\/7\u00b0C nei fondovalle prealpini e di 4\/6\u00b0C a 1000\/1200 m, assai meno nelle valli in ombra. Sulle Prealpi a 1500 m minima -2\u00b0C e massima 4\u00b0C, a 2000 m minima -4\u00b0C e massima 2\u00b0C; sulle Dolomiti a 2000 m minima -5\u00b0C e massima 2\u00b0C, a 3000 m minima -8\u00b0C e massima -4\u00b0C.<br \/>\n<b>Venti: <\/b>Nelle valli deboli di direzione variabile, con qualche rinforzo per brezze notturne in alcune valli prealpine a ridosso della pedemontana; in quota deboli\/moderati da sud-est al mattino, da sud al pomeriggio, a 5-10 km\/h a 2000 m, 10-20 km\/h a 3000 m.<\/p>\n<hr \/>\n<p><center><b>Mercoledi 22<\/b><\/center><b>Tempo atteso: <\/b>Al primo mattino cielo velato da sottili nubi alte, in rapido diradamento. In seguito tempo ben soleggiato, aria tersa ed ottima visibilit\u00e0. Marcata inversione termica nei fondovalle durante la notte, anche in giornata nei settori in ombra, mentre si osserver\u00e0 un&#8217;anomala mitezza in alta quota.<br \/>\n<b>Precipitazioni: <\/b>Assenti (0%).<br \/>\n<b>Temperature: <\/b>Minime in aumento per minore irraggiamento notturno, anche per avvezione d&#8217;aria mite in alta quota; massime in contenuto aumento ovunque. Sono previste punte di 7\/8\u00b0C nei fondovalle prealpini, di 5\/6\u00b0C a 1000\/1200 m, anche 7\/8\u00b0C alle stesse quote sugli altopiani prealpini. Sulle Prealpi a 1500 m minima 2\u00b0C e massima 6\u00b0C, a 2000 m minima 0\u00b0C e massima 4\u00b0C; sulle Dolomiti a 2000 m minima -1\u00b0C e massima 4\u00b0C, a 3000 m minima -2\u00b0C e massima 0\u00b0C.<br \/>\n<b>Venti: <\/b>Nelle valli deboli di direzione variabile, con qualche rinforzo per brezze notturne in alcune valli prealpine a ridosso della pedemontana; in quota deboli\/moderati da sud-ovest al mattino, da ovest nord-ovest al pomeriggio, a 5-10 km\/h a 2000 m, 10-20 km\/h a 3000 m.<\/p>\n<hr \/>\n<p><center><b>Giovedi 23<\/b><\/center>Tempo ben soleggiato, aria tersa ed ottima visibilit\u00e0. Clima un po&#8217; meno mite in quota e riduzione dell&#8217;inversione termica nelle valli, dove le gelate notturne saranno ancora forti. Venti deboli\/moderati dai quadranti occidentali in quota; deboli di direzione variabile nelle valli, con qualche rinforzo per brezze notturne in alcuni settori a ridosso della pedemontana.<\/p>\n<hr \/>\n<p><center><b>Venerdi 24<\/b><\/center>Residui tratti soleggiati, poi nuvolosit\u00e0 in aumento fino a cielo coperto. Nel tardo pomeriggio\/sera probabili debolissimi fenomeni, con qualche fiocco di neve sopra i 1000 m. Temperature in calo, eccetto rialzo delle minime nelle valli. Previsore: R.L.Th.<\/p>\n<p>&nbsp;<\/p>\n","protected":false},"excerpt":{"rendered":"<p>DRAMMA A SANTO STEFANO, MUORE 19ENNE DURANTE L\u2019ESCURSIONE. RITROVATO ACCANTO AL CANE, MORTO ANCH&#8217;ESSO NELLA CADUTA. SANTO STEFANO Gabriele Comis\u00a0 19 anni il prossimo agosto, \u00e8 stato ritrovato ieri sera ormai privo di vita in localit\u00e0 Bosconero lungo il sentiero Cai 331. Il giovane era nato il 3 agosto del 2001 a Campolongo dove risiedeva&hellip;<\/p>\n","protected":false},"author":1,"featured_media":113856,"comment_status":"closed","ping_status":"closed","sticky":false,"template":"","format":"standard","meta":{"_monsterinsights_skip_tracking":false,"_monsterinsights_sitenote_active":false,"_monsterinsights_sitenote_note":"","_monsterinsights_sitenote_category":0,"footnotes":""},"categories":[1,86],"tags":[],"class_list":["post-113766","post","type-post","status-publish","format-standard","has-post-thumbnail","hentry","category-senza-categoria","category-gr","category-1","category-86","description-off"],"img_url":"https:\/\/www.radiopiu.net\/wordpress\/wp-content\/uploads\/2020\/01\/1d686b0a-8d60-4fa1-bef5-1e28cdb573fe.jpg","_links":{"self":[{"href":"https:\/\/www.radiopiu.net\/wordpress\/wp-json\/wp\/v2\/posts\/113766","targetHints":{"allow":["GET"]}}],"collection":[{"href":"https:\/\/www.radiopiu.net\/wordpress\/wp-json\/wp\/v2\/posts"}],"about":[{"href":"https:\/\/www.radiopiu.net\/wordpress\/wp-json\/wp\/v2\/types\/post"}],"author":[{"embeddable":true,"href":"https:\/\/www.radiopiu.net\/wordpress\/wp-json\/wp\/v2\/users\/1"}],"replies":[{"embeddable":true,"href":"https:\/\/www.radiopiu.net\/wordpress\/wp-json\/wp\/v2\/comments?post=113766"}],"version-history":[{"count":0,"href":"https:\/\/www.radiopiu.net\/wordpress\/wp-json\/wp\/v2\/posts\/113766\/revisions"}],"wp:featuredmedia":[{"embeddable":true,"href":"https:\/\/www.radiopiu.net\/wordpress\/wp-json\/wp\/v2\/media\/113856"}],"wp:attachment":[{"href":"https:\/\/www.radiopiu.net\/wordpress\/wp-json\/wp\/v2\/media?parent=113766"}],"wp:term":[{"taxonomy":"category","embeddable":true,"href":"https:\/\/www.radiopiu.net\/wordpress\/wp-json\/wp\/v2\/categories?post=113766"},{"taxonomy":"post_tag","embeddable":true,"href":"https:\/\/www.radiopiu.net\/wordpress\/wp-json\/wp\/v2\/tags?post=113766"}],"curies":[{"name":"wp","href":"https:\/\/api.w.org\/{rel}","templated":true}]}}