{"id":113817,"date":"2020-01-20T23:58:46","date_gmt":"2020-01-20T22:58:46","guid":{"rendered":"https:\/\/www.radiopiu.net\/wordpress\/?p=113817"},"modified":"2020-02-02T19:33:00","modified_gmt":"2020-02-02T18:33:00","slug":"i-racconti-di-paolo-soppelsa-quinta-puntata-2","status":"publish","type":"post","link":"https:\/\/www.radiopiu.net\/wordpress\/i-racconti-di-paolo-soppelsa-quinta-puntata-2\/","title":{"rendered":"I RACCONTI DI PAOLO SOPPELSA SESTA PUNTATA"},"content":{"rendered":"<h3><\/h3>\n<h3><\/h3>\n<div data-offset-key=\"c2um1-0-0\"><strong>DAL DIARIO\u2026 LACRIME DEL BOSCO<\/strong><\/div>\n<div data-offset-key=\"c2um1-0-0\">audio<\/div>\n<div data-offset-key=\"c2um1-0-0\">\n<audio class=\"wp-audio-shortcode\" id=\"audio-113817-1\" preload=\"none\" style=\"width: 100%;\" controls=\"controls\"><source type=\"audio\/mpeg\" src=\"https:\/\/www.radiopiu.net\/wordpress\/wp-content\/uploads\/2020\/01\/paolo-racconto.mp3?_=1\" \/><a href=\"https:\/\/www.radiopiu.net\/wordpress\/wp-content\/uploads\/2020\/01\/paolo-racconto.mp3\">https:\/\/www.radiopiu.net\/wordpress\/wp-content\/uploads\/2020\/01\/paolo-racconto.mp3<\/a><\/audio>\n<p>&nbsp;<\/p>\n<p><a class=\"dt-pswp-item\" href=\"https:\/\/www.radiopiu.net\/wordpress\/wp-content\/uploads\/2020\/01\/WhatsApp-Image-2020-01-20-at-17.37.56.jpeg\" data-dt-img-description=\"\" data-large_image_width=\"1600\" data-large_image_height=\"1200\"><img loading=\"lazy\" decoding=\"async\" class=\"size-medium wp-image-113815 alignleft\" src=\"https:\/\/www.radiopiu.net\/wordpress\/wp-content\/uploads\/2020\/01\/WhatsApp-Image-2020-01-20-at-17.37.56-300x225.jpeg\" alt=\"\" width=\"300\" height=\"225\" srcset=\"https:\/\/www.radiopiu.net\/wordpress\/wp-content\/uploads\/2020\/01\/WhatsApp-Image-2020-01-20-at-17.37.56-300x225.jpeg 300w, https:\/\/www.radiopiu.net\/wordpress\/wp-content\/uploads\/2020\/01\/WhatsApp-Image-2020-01-20-at-17.37.56-1024x768.jpeg 1024w, https:\/\/www.radiopiu.net\/wordpress\/wp-content\/uploads\/2020\/01\/WhatsApp-Image-2020-01-20-at-17.37.56-768x576.jpeg 768w, https:\/\/www.radiopiu.net\/wordpress\/wp-content\/uploads\/2020\/01\/WhatsApp-Image-2020-01-20-at-17.37.56-1536x1152.jpeg 1536w, https:\/\/www.radiopiu.net\/wordpress\/wp-content\/uploads\/2020\/01\/WhatsApp-Image-2020-01-20-at-17.37.56.jpeg 1600w\" sizes=\"auto, (max-width: 300px) 100vw, 300px\" \/><\/a>Aveva poco pi\u00f9 della mia et\u00e0. Era nato nei primi anni &#8217;70 ad una ventina di metri dallo strapiombo a picco sul Biois. Siamo diventati grandi insieme, lui un po&#8217; pi\u00f9 vecchio di me. Chiss\u00e0 quante volte da lass\u00f9 mi avr\u00e0 visto passare sulla 203 a Cencenighe. Era cresciuto bello e forte sul terreno magro delle cime insieme a tanti suoi fratelli, con il privilegio di poter ammirare ogni giorno un panorama stupendo. Una vita tranquilla e serena la sua. Fino a &#8220;quella&#8221; sera. Vaia ha soffiato forte su quelle cime. Ha tentato di resistere a quel terribile vento cercando di rimanere aggrappato al terreno. Pieno di vita com&#8217;era \u00e8 riuscito a non spezzarsi. Ha lottato duramente, poi, sfinito dalla fatica, ha ceduto. Non \u00e8 caduto di schianto. Si \u00e8 accasciato lentamente sopra dei massi coprendo con le sue fronde il Tavolo Magico. L&#8217;ho trovato cos\u00ec la sera del 31 ottobre alla luce della frontale. Qualche giorno dopo \u00e8 stato sezionato per liberare il tavolo. E quelle colate di resina assomigliano a lacrime. Scese in quei giorni grigi e tristi. Le ho sfiorate quelle lacrime. Sono ormai indurite, secche. Testimoni del dolore di quella sera d&#8217;autunno. A pochi metri, sull&#8217;orlo del grande salto tanti piccoli larici stanno crescendo. Domenica li ho guardati a lungo ondeggiare nel vento di primavera. C&#8217;era energia gioia e vita in quei giovani rami. Torneranno a splendere queste montagne, ne sono sicuro&#8230;magiche Dolomiti!!!<\/p>\n<h3><span style=\"color: #ff00ff;\">Per ricevere gli aggiornamenti in tempo reale delle notizie pubblicate alla radio e sul sito di radio pi\u00f9 iscriviti al canale RADIO PIU INFORMAZIONE su <span style=\"color: #0000ff;\">Telegram<\/span>.\u00a0<span style=\"color: #000000;\"> <a style=\"color: #000000;\" href=\"https:\/\/t.me\/radiopiu\">clicca qui<\/a><\/span><\/span><\/h3>\n<\/div>\n","protected":false},"excerpt":{"rendered":"<p>DAL DIARIO\u2026 LACRIME DEL BOSCO audio &nbsp; Aveva poco pi\u00f9 della mia et\u00e0. Era nato nei primi anni &#8217;70 ad una ventina di metri dallo strapiombo a picco sul Biois. Siamo diventati grandi insieme, lui un po&#8217; pi\u00f9 vecchio di me. Chiss\u00e0 quante volte da lass\u00f9 mi avr\u00e0 visto passare sulla 203 a Cencenighe. Era&hellip;<\/p>\n","protected":false},"author":1,"featured_media":113815,"comment_status":"closed","ping_status":"closed","sticky":false,"template":"","format":"standard","meta":{"_monsterinsights_skip_tracking":false,"_monsterinsights_sitenote_active":false,"_monsterinsights_sitenote_note":"","_monsterinsights_sitenote_category":0,"footnotes":""},"categories":[104,49,112],"tags":[],"class_list":["post-113817","post","type-post","status-publish","format-standard","has-post-thumbnail","hentry","category-evidenza_3","category-news-18","category-racconti-soppelsa","category-104","category-49","category-112","description-off"],"img_url":"https:\/\/www.radiopiu.net\/wordpress\/wp-content\/uploads\/2020\/01\/WhatsApp-Image-2020-01-20-at-17.37.56.jpeg","_links":{"self":[{"href":"https:\/\/www.radiopiu.net\/wordpress\/wp-json\/wp\/v2\/posts\/113817","targetHints":{"allow":["GET"]}}],"collection":[{"href":"https:\/\/www.radiopiu.net\/wordpress\/wp-json\/wp\/v2\/posts"}],"about":[{"href":"https:\/\/www.radiopiu.net\/wordpress\/wp-json\/wp\/v2\/types\/post"}],"author":[{"embeddable":true,"href":"https:\/\/www.radiopiu.net\/wordpress\/wp-json\/wp\/v2\/users\/1"}],"replies":[{"embeddable":true,"href":"https:\/\/www.radiopiu.net\/wordpress\/wp-json\/wp\/v2\/comments?post=113817"}],"version-history":[{"count":0,"href":"https:\/\/www.radiopiu.net\/wordpress\/wp-json\/wp\/v2\/posts\/113817\/revisions"}],"wp:featuredmedia":[{"embeddable":true,"href":"https:\/\/www.radiopiu.net\/wordpress\/wp-json\/wp\/v2\/media\/113815"}],"wp:attachment":[{"href":"https:\/\/www.radiopiu.net\/wordpress\/wp-json\/wp\/v2\/media?parent=113817"}],"wp:term":[{"taxonomy":"category","embeddable":true,"href":"https:\/\/www.radiopiu.net\/wordpress\/wp-json\/wp\/v2\/categories?post=113817"},{"taxonomy":"post_tag","embeddable":true,"href":"https:\/\/www.radiopiu.net\/wordpress\/wp-json\/wp\/v2\/tags?post=113817"}],"curies":[{"name":"wp","href":"https:\/\/api.w.org\/{rel}","templated":true}]}}