{"id":113870,"date":"2020-01-20T23:00:59","date_gmt":"2020-01-20T22:00:59","guid":{"rendered":"https:\/\/www.radiopiu.net\/wordpress\/?p=113870"},"modified":"2020-01-20T19:38:39","modified_gmt":"2020-01-20T18:38:39","slug":"diego-bardin-vicario-episcopale-per-i-beni-temporali-diocesani-di-renato-bona","status":"publish","type":"post","link":"https:\/\/www.radiopiu.net\/wordpress\/diego-bardin-vicario-episcopale-per-i-beni-temporali-diocesani-di-renato-bona\/","title":{"rendered":"DIEGO BARDIN VICARIO EPISCOPALE \u201cPER I BENI TEMPORALI DIOCESANI\u201d di RENATO BONA"},"content":{"rendered":"<p>E\u2019 esecutiva la nomina da parte del vescovo della diocesi di Belluno-Feltre, monsignor Renato Marangoni (ha sottoscritto apposito decreto) di don Diego Bardin a vicario episcopale per i beni temporali, incarico della durata di un quinquennio. Col provvedimento del presule &#8211; come si pu\u00f2 leggere nel sito della Diocesi &#8211; \u00e8 stata conferita a don Bardin \u201cla potest\u00e0 esecutiva ordinaria prevista dal diritto per quanto riguarda questo settore particolare della vita della nostra Chiesa diocesana\u201d. Don Diego dovr\u00e0 sostenere l\u2019operato dell\u2019economo diocesano nell\u2019amministrazione dei beni dell\u2019Ente Diocesi e, in collaborazione con il vicario generale che \u00e8 il moderatore della curia, sovrintendere al settore amministrativo diocesano\u201d. Viene anche precisato che il vicario episcopale dovr\u00e0 occuparsi pure del rapporto con le parrocchie ed altri enti ecclesiastici nell\u2019ambito dei beni temporali, tutelandone la corretta utilizzazione\u201d. Inoltre, dovr\u00e0 occuparsi dell\u2019amministrazione degli enti diocesani locati a Feltre tra cui il Seminaro vescovile del quale rimane rettore. Altra nomina: al vicario generale don Graziano Dalla Caneva \u00e8 affidato l\u2019incarico di delegato del vescovo per il diaconato permanente in sostituzione di don Sergio Dalla Rosa. Dalla Caneva dovr\u00e0 \u201caccompagnare la formazione permanente, pastorale e spirituale, degli attuali diaconi che vivono in diocesi, e promuovere le vocazioni a tale ministero\u201d. Gli \u00e8 stato inoltre richiesto un contributo perch\u00e9 il ministero del diaconato permanente nella diocesi trovi la giusta collocazione secondo le linee e gli orientamenti pastorali che si stanno portando avanti e le indicazioni maturate a livello di Conferenza episcopale triveneto. Nello stesso servizio si annuncia che don Emanuele Gusella ha lasciato le parrocchie di Sedico, Roe e Brbano e che, domiciliato nel santuario dei santi Vittore e Corona di Feltre, collaborer\u00e0 per l\u2019attivit\u00e0 del santuario stesso e delle vicine parrocchie. Intanto a Faller di Sovramonte dopo oltre mezzo secolo, al parroco \u201cstorico\u201d don Marino Giazzon \u00e8 subentrato don Fabrizio Tessaro. Il sangiustinese Giazzon ha salutato i parrocchiani dopo quasi 54 anni tra loro, celebrando la sua ultima messa da parroco. Classe 1936, aveva fatto l\u2019ingresso a Faller nel settembre del 1966. E\u2019 stato cappellano della Cattedrale di Feltre e successivamente della Parrocchia di Pedavena. Si \u00e8 diplomato al Conservatorio di Venezia in &#8220;Musica antica&#8221;, nel 1973 \u00e8 stato abilitato all\u2019insegnamento dell\u2019educazione musicale, diventando insegnante di ruolo nelle scuole medie di Lamon, Fonzaso, Cesio e Sospirolo. Dal settembre 1966 era parroco di Faller. Il primo neonato battezzato dall\u2019inizio del suo sacerdozio, \u00e8 stato Albino Trento. Da qualche anno \u00e8 monsignore della Parrocchia di Feltre. Come detto, gli \u00e8 subentrato don Fabrizio Tessaro di Alano di Piave, classe 1978, che ha fatto il suo ingresso come nuovo Parroco di Faller con il rito di immissione nell\u2019Eucarestia celebrata dal vescovo Marangoni alla presenza di autorit\u00e0 locali e numerosi fedeli di Faller e delle altre 4 parrocchie di Sovramonte di cui don Fabrizio \u00e8 gi\u00e0 parroco: Aune, Servo, Sorriva e Zorzoi. La messa \u00e8 stata accompagnata dal coro interparrocchiale diretto da Pasquale Dal Zot. Ha dato il benvenuto al nuovo parroco il rappresentante del Consiglio pastorale unitario.<\/p>\n\n\t\t\t<style type='text\/css'>\n\t\t\t\t#gallery-1 {\n\t\t\t\t\tmargin: auto;\n\t\t\t\t}\n\t\t\t\t#gallery-1 .gallery-item {\n\t\t\t\t\tfloat: left;\n\t\t\t\t\tmargin-top: 10px;\n\t\t\t\t\ttext-align: center;\n\t\t\t\t\twidth: 33%;\n\t\t\t\t}\n\t\t\t\t#gallery-1 img {\n\t\t\t\t\tborder: 2px solid #cfcfcf;\n\t\t\t\t}\n\t\t\t\t#gallery-1 .gallery-caption {\n\t\t\t\t\tmargin-left: 0;\n\t\t\t\t}\n\t\t\t\t\/* see gallery_shortcode() in wp-includes\/media.php *\/\n\t\t\t<\/style>\n\t\t<div id='gallery-1' class='dt-gallery-container gallery galleryid-113870 gallery-columns-3 gallery-size-thumbnail'><dl class='gallery-item'>\n\t\t\t\t<dt class='gallery-icon portrait'>\n\t\t\t\t\t<a class=\"rollover\" href='https:\/\/www.radiopiu.net\/wordpress\/diego-bardin-vicario-episcopale-per-i-beni-temporali-diocesani-di-renato-bona\/82387879_530946007525506_7342438113693663232_n\/'><img loading=\"lazy\" decoding=\"async\" width=\"150\" height=\"150\" src=\"https:\/\/www.radiopiu.net\/wordpress\/wp-content\/uploads\/2020\/01\/82387879_530946007525506_7342438113693663232_n-150x150.jpg\" class=\"attachment-thumbnail size-thumbnail\" alt=\"\" \/><\/a>\n\t\t\t\t<\/dt><\/dl><dl class='gallery-item'>\n\t\t\t\t<dt class='gallery-icon portrait'>\n\t\t\t\t\t<a class=\"rollover\" href='https:\/\/www.radiopiu.net\/wordpress\/diego-bardin-vicario-episcopale-per-i-beni-temporali-diocesani-di-renato-bona\/82774151_475913103332237_3417439223261691904_n\/'><img loading=\"lazy\" decoding=\"async\" width=\"150\" height=\"150\" src=\"https:\/\/www.radiopiu.net\/wordpress\/wp-content\/uploads\/2020\/01\/82774151_475913103332237_3417439223261691904_n-150x150.png\" class=\"attachment-thumbnail size-thumbnail\" alt=\"\" \/><\/a>\n\t\t\t\t<\/dt><\/dl><dl class='gallery-item'>\n\t\t\t\t<dt class='gallery-icon landscape'>\n\t\t\t\t\t<a class=\"rollover\" href='https:\/\/www.radiopiu.net\/wordpress\/diego-bardin-vicario-episcopale-per-i-beni-temporali-diocesani-di-renato-bona\/83681801_194583575269613_2969491524611473408_n\/'><img loading=\"lazy\" decoding=\"async\" width=\"150\" height=\"150\" src=\"https:\/\/www.radiopiu.net\/wordpress\/wp-content\/uploads\/2020\/01\/83681801_194583575269613_2969491524611473408_n-150x150.jpg\" class=\"attachment-thumbnail size-thumbnail\" alt=\"\" \/><\/a>\n\t\t\t\t<\/dt><\/dl><br style=\"clear: both\" \/><dl class='gallery-item'>\n\t\t\t\t<dt class='gallery-icon landscape'>\n\t\t\t\t\t<a class=\"rollover\" href='https:\/\/www.radiopiu.net\/wordpress\/diego-bardin-vicario-episcopale-per-i-beni-temporali-diocesani-di-renato-bona\/82766751_2938551599522302_7185839573107212288_n\/'><img loading=\"lazy\" decoding=\"async\" width=\"150\" height=\"150\" src=\"https:\/\/www.radiopiu.net\/wordpress\/wp-content\/uploads\/2020\/01\/82766751_2938551599522302_7185839573107212288_n-150x150.png\" class=\"attachment-thumbnail size-thumbnail\" alt=\"\" \/><\/a>\n\t\t\t\t<\/dt><\/dl><dl class='gallery-item'>\n\t\t\t\t<dt class='gallery-icon landscape'>\n\t\t\t\t\t<a class=\"rollover\" href='https:\/\/www.radiopiu.net\/wordpress\/diego-bardin-vicario-episcopale-per-i-beni-temporali-diocesani-di-renato-bona\/82797151_514868332489677_2290801110325133312_n\/'><img loading=\"lazy\" decoding=\"async\" width=\"150\" height=\"150\" src=\"https:\/\/www.radiopiu.net\/wordpress\/wp-content\/uploads\/2020\/01\/82797151_514868332489677_2290801110325133312_n-150x150.jpg\" class=\"attachment-thumbnail size-thumbnail\" alt=\"\" \/><\/a>\n\t\t\t\t<\/dt><\/dl>\n\t\t\t\t<br style='clear: both' \/>\n\t\t\t<\/div>\n\n<p>&nbsp;<\/p>\n<p>NELLE FOTO (sito diocesibellunofeltre): don Diego Bardin; don Graziano Dalla Caneva; l\u2019ormai ex parroco di Faller don Marino Giazzon in un\u2019istantanea di tanti anni fa; la messa d\u2019ingresso e don Fabrizio Tessaro.<\/p>\n","protected":false},"excerpt":{"rendered":"<p>E\u2019 esecutiva la nomina da parte del vescovo della diocesi di Belluno-Feltre, monsignor Renato Marangoni (ha sottoscritto apposito decreto) di don Diego Bardin a vicario episcopale per i beni temporali, incarico della durata di un quinquennio. Col provvedimento del presule &#8211; come si pu\u00f2 leggere nel sito della Diocesi &#8211; \u00e8 stata conferita a don&hellip;<\/p>\n","protected":false},"author":1,"featured_media":113874,"comment_status":"closed","ping_status":"closed","sticky":false,"template":"","format":"standard","meta":{"_monsterinsights_skip_tracking":false,"_monsterinsights_sitenote_active":false,"_monsterinsights_sitenote_note":"","_monsterinsights_sitenote_category":0,"footnotes":""},"categories":[49],"tags":[],"class_list":["post-113870","post","type-post","status-publish","format-standard","has-post-thumbnail","hentry","category-news-18","category-49","description-off"],"img_url":"https:\/\/www.radiopiu.net\/wordpress\/wp-content\/uploads\/2020\/01\/82797151_514868332489677_2290801110325133312_n.jpg","_links":{"self":[{"href":"https:\/\/www.radiopiu.net\/wordpress\/wp-json\/wp\/v2\/posts\/113870","targetHints":{"allow":["GET"]}}],"collection":[{"href":"https:\/\/www.radiopiu.net\/wordpress\/wp-json\/wp\/v2\/posts"}],"about":[{"href":"https:\/\/www.radiopiu.net\/wordpress\/wp-json\/wp\/v2\/types\/post"}],"author":[{"embeddable":true,"href":"https:\/\/www.radiopiu.net\/wordpress\/wp-json\/wp\/v2\/users\/1"}],"replies":[{"embeddable":true,"href":"https:\/\/www.radiopiu.net\/wordpress\/wp-json\/wp\/v2\/comments?post=113870"}],"version-history":[{"count":0,"href":"https:\/\/www.radiopiu.net\/wordpress\/wp-json\/wp\/v2\/posts\/113870\/revisions"}],"wp:featuredmedia":[{"embeddable":true,"href":"https:\/\/www.radiopiu.net\/wordpress\/wp-json\/wp\/v2\/media\/113874"}],"wp:attachment":[{"href":"https:\/\/www.radiopiu.net\/wordpress\/wp-json\/wp\/v2\/media?parent=113870"}],"wp:term":[{"taxonomy":"category","embeddable":true,"href":"https:\/\/www.radiopiu.net\/wordpress\/wp-json\/wp\/v2\/categories?post=113870"},{"taxonomy":"post_tag","embeddable":true,"href":"https:\/\/www.radiopiu.net\/wordpress\/wp-json\/wp\/v2\/tags?post=113870"}],"curies":[{"name":"wp","href":"https:\/\/api.w.org\/{rel}","templated":true}]}}