{"id":113971,"date":"2020-01-21T14:03:56","date_gmt":"2020-01-21T13:03:56","guid":{"rendered":"https:\/\/www.radiopiu.net\/wordpress\/?p=113971"},"modified":"2020-01-21T14:03:56","modified_gmt":"2020-01-21T13:03:56","slug":"dinca-al-ministero-della-salute-per-difendere-la-sanita-bellunese","status":"publish","type":"post","link":"https:\/\/www.radiopiu.net\/wordpress\/dinca-al-ministero-della-salute-per-difendere-la-sanita-bellunese\/","title":{"rendered":"D&#8217;INCA&#8217; AL MINISTERO DELLA SALUTE PER DIFENDERE LA SANITA&#8217; BELLUNESE"},"content":{"rendered":"<blockquote><p><strong><em>&#8220;continueremo a lavorare assieme al Ministro Speranza affinch\u00e9 si possa trovare la migliore soluzione, garantendo cos\u00ec un corretto livello di assistenza ai cittadini delle nostre valli\u201d.<\/em><\/strong><\/p><\/blockquote>\n<p><b>ROMA\u00a0 <\/b>\u201cL\u2019incontro che si \u00e8 tenuto al Ministero della Salute per trovare una soluzione in merito alle difficolt\u00e0 di assistenza sanitaria nel bellunese rappresenta un segnale importante per la nostra comunit\u00e0 e per la salute dei cittadini\u201d.\u00a0 Lo afferma Federico D\u2019Inc\u00e0, Ministro per i Rapporti con il Parlamento, in seguito all\u2019incontro che si \u00e8 svolto luned\u00ec 20 gennaio al Ministero della Salute con i rappresentanti di \u2018Tutela salute dei cittadini\u2019 con il presidente Trento, il sindaco di Zopp\u00e8 di Cadore e il sindaco di Colle Santa Lucia. \u201cIl ministero \u2013 prosegue D\u2019Inc\u00e0 \u2013 ha preso atto della sofferenza da parte della provincia di Belluno e c\u2019\u00e8 stata una sensibilit\u00e0 e un interesse ad affrontare la problematica che riguarda diversi territori del bellunese. I segnali positivi sono stati evidenziati anche attraverso il nuovo \u2018Patto per la Salute\u2019 firmato in Conferenza Stato-Regioni che prevede nuovi investimenti nella sanit\u00e0\u201d. Secondo D\u2019Inc\u00e0 \u201cle associazioni hanno ritenuto opportuno e importante instaurare un dialogo politico: all\u2019incontro \u00e8 stato fatto presente come anche i disagi legati alla questione sanitaria siano una delle principali cause di spopolamento del territorio. Un tema, quello sanitario, che continuo a seguire con attenzione e che monitoro da anni: infatti gi\u00e0 nella scorsa legislatura avevo presentato un\u2019interrogazione parlamentare per comprendere le intenzioni sui Lea (livelli essenziali di assistenza) e per la tutela della \u2018Golden Hour\u2019, ovvero l\u2019ora secondo cui l\u2019ospedalizzazione, in un tempo di 60 minuti dall\u2019evento traumatico, consente di ottenere il picco massimo di chances di sopravvivenza per il paziente\u201d.<\/p>\n","protected":false},"excerpt":{"rendered":"<p>&#8220;continueremo a lavorare assieme al Ministro Speranza affinch\u00e9 si possa trovare la migliore soluzione, garantendo cos\u00ec un corretto livello di assistenza ai cittadini delle nostre valli\u201d. ROMA\u00a0 \u201cL\u2019incontro che si \u00e8 tenuto al Ministero della Salute per trovare una soluzione in merito alle difficolt\u00e0 di assistenza sanitaria nel bellunese rappresenta un segnale importante per la&hellip;<\/p>\n","protected":false},"author":1,"featured_media":0,"comment_status":"closed","ping_status":"closed","sticky":false,"template":"","format":"standard","meta":{"_monsterinsights_skip_tracking":false,"_monsterinsights_sitenote_active":false,"_monsterinsights_sitenote_note":"","_monsterinsights_sitenote_category":0,"footnotes":""},"categories":[49],"tags":[],"class_list":["post-113971","post","type-post","status-publish","format-standard","hentry","category-news-18","category-49","description-off"],"img_url":false,"_links":{"self":[{"href":"https:\/\/www.radiopiu.net\/wordpress\/wp-json\/wp\/v2\/posts\/113971","targetHints":{"allow":["GET"]}}],"collection":[{"href":"https:\/\/www.radiopiu.net\/wordpress\/wp-json\/wp\/v2\/posts"}],"about":[{"href":"https:\/\/www.radiopiu.net\/wordpress\/wp-json\/wp\/v2\/types\/post"}],"author":[{"embeddable":true,"href":"https:\/\/www.radiopiu.net\/wordpress\/wp-json\/wp\/v2\/users\/1"}],"replies":[{"embeddable":true,"href":"https:\/\/www.radiopiu.net\/wordpress\/wp-json\/wp\/v2\/comments?post=113971"}],"version-history":[{"count":0,"href":"https:\/\/www.radiopiu.net\/wordpress\/wp-json\/wp\/v2\/posts\/113971\/revisions"}],"wp:attachment":[{"href":"https:\/\/www.radiopiu.net\/wordpress\/wp-json\/wp\/v2\/media?parent=113971"}],"wp:term":[{"taxonomy":"category","embeddable":true,"href":"https:\/\/www.radiopiu.net\/wordpress\/wp-json\/wp\/v2\/categories?post=113971"},{"taxonomy":"post_tag","embeddable":true,"href":"https:\/\/www.radiopiu.net\/wordpress\/wp-json\/wp\/v2\/tags?post=113971"}],"curies":[{"name":"wp","href":"https:\/\/api.w.org\/{rel}","templated":true}]}}