{"id":114009,"date":"2020-01-21T15:45:02","date_gmt":"2020-01-21T14:45:02","guid":{"rendered":"https:\/\/www.radiopiu.net\/wordpress\/?p=114009"},"modified":"2020-01-21T16:43:43","modified_gmt":"2020-01-21T15:43:43","slug":"pattinaggio-sul-lago-de-bernardin-da-la-spalla-al-collega-di-alleghe-il-turista-non-e-il-locale","status":"publish","type":"post","link":"https:\/\/www.radiopiu.net\/wordpress\/pattinaggio-sul-lago-de-bernardin-da-la-spalla-al-collega-di-alleghe-il-turista-non-e-il-locale\/","title":{"rendered":"PATTINAGGIO SUL LAGO DE BERNARDIN DA LA SPALLA AL COLLEGA DI ALLEGHE  &#8220;IL TURISTA NON E&#8217; IL LOCALE&#8221;"},"content":{"rendered":"<p>&nbsp;<\/p>\n<p><strong>ROCCA PIETORE<\/strong> &#8220;Non ci siamo solo noi come 50 anni fa, le cose sono cambiate ed \u00e8 arrivato il momento di fare &#8220;scuola&#8221; e il Comune ribadisce il no ad entrare nel lago ghiacciato. L&#8217;ordinanza c&#8217;\u00e8&#8221;. Lo dichiara il sindaco Andrea De Bernardin che ha competenza sul lago, versante in destra orografica. e fino a Masar\u00e8. L&#8217;ordinanza non si discute, le perplessit\u00e0 semmai sono per chi \u00e8 chiamato a farla rispettare senza omissioni,\u00a0 con paletta e blocchetto per le sanzioni magari con corse e rincorse a fil di ghiaccio.<\/p>\n<p>ANDREA DE BERNARDIN<\/p>\n<audio class=\"wp-audio-shortcode\" id=\"audio-114009-1\" preload=\"none\" style=\"width: 100%;\" controls=\"controls\"><source type=\"audio\/mpeg\" src=\"https:\/\/www.radiopiu.net\/wordpress\/wp-content\/uploads\/2020\/01\/ANDREA-DE-BERNARDIN.mp3?_=1\" \/><a href=\"https:\/\/www.radiopiu.net\/wordpress\/wp-content\/uploads\/2020\/01\/ANDREA-DE-BERNARDIN.mp3\">https:\/\/www.radiopiu.net\/wordpress\/wp-content\/uploads\/2020\/01\/ANDREA-DE-BERNARDIN.mp3<\/a><\/audio>\n<h3>DI IERI E L&#8217;ALTRO IERI LE ORDINANZE<\/h3>\n<p>&nbsp;<\/p>\n<p><a class=\"dt-pswp-item\" href=\"https:\/\/www.radiopiu.net\/wordpress\/wp-content\/uploads\/2020\/01\/82594242_10219893065669303_1457921013630107648_n.jpg\" data-dt-img-description=\"\" data-large_image_width=\"680\" data-large_image_height=\"873\"><img loading=\"lazy\" decoding=\"async\" class=\"alignnone size-medium wp-image-114025\" src=\"https:\/\/www.radiopiu.net\/wordpress\/wp-content\/uploads\/2020\/01\/82594242_10219893065669303_1457921013630107648_n-234x300.jpg\" alt=\"\" width=\"234\" height=\"300\" srcset=\"https:\/\/www.radiopiu.net\/wordpress\/wp-content\/uploads\/2020\/01\/82594242_10219893065669303_1457921013630107648_n-234x300.jpg 234w, https:\/\/www.radiopiu.net\/wordpress\/wp-content\/uploads\/2020\/01\/82594242_10219893065669303_1457921013630107648_n.jpg 680w\" sizes=\"auto, (max-width: 234px) 100vw, 234px\" \/><\/a><a class=\"dt-pswp-item\" href=\"https:\/\/www.radiopiu.net\/wordpress\/wp-content\/uploads\/2020\/01\/82831024_10219893077189591_3515238982961070080_n.jpg\" data-dt-img-description=\"\" data-large_image_width=\"675\" data-large_image_height=\"854\"><img loading=\"lazy\" decoding=\"async\" class=\"alignnone size-medium wp-image-114026\" src=\"https:\/\/www.radiopiu.net\/wordpress\/wp-content\/uploads\/2020\/01\/82831024_10219893077189591_3515238982961070080_n-237x300.jpg\" alt=\"\" width=\"237\" height=\"300\" srcset=\"https:\/\/www.radiopiu.net\/wordpress\/wp-content\/uploads\/2020\/01\/82831024_10219893077189591_3515238982961070080_n-237x300.jpg 237w, https:\/\/www.radiopiu.net\/wordpress\/wp-content\/uploads\/2020\/01\/82831024_10219893077189591_3515238982961070080_n.jpg 675w\" sizes=\"auto, (max-width: 237px) 100vw, 237px\" \/><\/a><\/p>\n<p>&nbsp;<\/p>\n<p>&nbsp;<\/p>\n","protected":false},"excerpt":{"rendered":"<p>&nbsp; ROCCA PIETORE &#8220;Non ci siamo solo noi come 50 anni fa, le cose sono cambiate ed \u00e8 arrivato il momento di fare &#8220;scuola&#8221; e il Comune ribadisce il no ad entrare nel lago ghiacciato. L&#8217;ordinanza c&#8217;\u00e8&#8221;. Lo dichiara il sindaco Andrea De Bernardin che ha competenza sul lago, versante in destra orografica. e fino&hellip;<\/p>\n","protected":false},"author":1,"featured_media":113603,"comment_status":"closed","ping_status":"closed","sticky":false,"template":"","format":"standard","meta":{"_monsterinsights_skip_tracking":false,"_monsterinsights_sitenote_active":false,"_monsterinsights_sitenote_note":"","_monsterinsights_sitenote_category":0,"footnotes":""},"categories":[49],"tags":[],"class_list":["post-114009","post","type-post","status-publish","format-standard","has-post-thumbnail","hentry","category-news-18","category-49","description-off"],"img_url":"https:\/\/www.radiopiu.net\/wordpress\/wp-content\/uploads\/2020\/01\/765f2436-9a8e-43d7-84a4-67f999405761.jpg","_links":{"self":[{"href":"https:\/\/www.radiopiu.net\/wordpress\/wp-json\/wp\/v2\/posts\/114009","targetHints":{"allow":["GET"]}}],"collection":[{"href":"https:\/\/www.radiopiu.net\/wordpress\/wp-json\/wp\/v2\/posts"}],"about":[{"href":"https:\/\/www.radiopiu.net\/wordpress\/wp-json\/wp\/v2\/types\/post"}],"author":[{"embeddable":true,"href":"https:\/\/www.radiopiu.net\/wordpress\/wp-json\/wp\/v2\/users\/1"}],"replies":[{"embeddable":true,"href":"https:\/\/www.radiopiu.net\/wordpress\/wp-json\/wp\/v2\/comments?post=114009"}],"version-history":[{"count":0,"href":"https:\/\/www.radiopiu.net\/wordpress\/wp-json\/wp\/v2\/posts\/114009\/revisions"}],"wp:featuredmedia":[{"embeddable":true,"href":"https:\/\/www.radiopiu.net\/wordpress\/wp-json\/wp\/v2\/media\/113603"}],"wp:attachment":[{"href":"https:\/\/www.radiopiu.net\/wordpress\/wp-json\/wp\/v2\/media?parent=114009"}],"wp:term":[{"taxonomy":"category","embeddable":true,"href":"https:\/\/www.radiopiu.net\/wordpress\/wp-json\/wp\/v2\/categories?post=114009"},{"taxonomy":"post_tag","embeddable":true,"href":"https:\/\/www.radiopiu.net\/wordpress\/wp-json\/wp\/v2\/tags?post=114009"}],"curies":[{"name":"wp","href":"https:\/\/api.w.org\/{rel}","templated":true}]}}