{"id":114015,"date":"2020-01-21T16:04:27","date_gmt":"2020-01-21T15:04:27","guid":{"rendered":"https:\/\/www.radiopiu.net\/wordpress\/?p=114015"},"modified":"2020-01-21T16:04:27","modified_gmt":"2020-01-21T15:04:27","slug":"brutto-vizio-anche-a-feltre-il-parcheggio-negli-stalli-per-disabili","status":"publish","type":"post","link":"https:\/\/www.radiopiu.net\/wordpress\/brutto-vizio-anche-a-feltre-il-parcheggio-negli-stalli-per-disabili\/","title":{"rendered":"BRUTTO VIZIO ANCHE A FELTRE, IL PARCHEGGIO NEGLI STALLI PER DISABILI"},"content":{"rendered":"<p><strong><a class=\"dt-pswp-item\" href=\"https:\/\/www.radiopiu.net\/wordpress\/wp-content\/uploads\/2020\/01\/1ead9e5f-1516-4545-b56f-6c1dcbb65905.jpg\" data-dt-img-description=\"\" data-large_image_width=\"1600\" data-large_image_height=\"1200\"><img loading=\"lazy\" decoding=\"async\" class=\" wp-image-114016 alignleft\" src=\"https:\/\/www.radiopiu.net\/wordpress\/wp-content\/uploads\/2020\/01\/1ead9e5f-1516-4545-b56f-6c1dcbb65905-300x225.jpg\" alt=\"\" width=\"255\" height=\"191\" srcset=\"https:\/\/www.radiopiu.net\/wordpress\/wp-content\/uploads\/2020\/01\/1ead9e5f-1516-4545-b56f-6c1dcbb65905-300x225.jpg 300w, https:\/\/www.radiopiu.net\/wordpress\/wp-content\/uploads\/2020\/01\/1ead9e5f-1516-4545-b56f-6c1dcbb65905-1024x768.jpg 1024w, https:\/\/www.radiopiu.net\/wordpress\/wp-content\/uploads\/2020\/01\/1ead9e5f-1516-4545-b56f-6c1dcbb65905-768x576.jpg 768w, https:\/\/www.radiopiu.net\/wordpress\/wp-content\/uploads\/2020\/01\/1ead9e5f-1516-4545-b56f-6c1dcbb65905-1536x1152.jpg 1536w, https:\/\/www.radiopiu.net\/wordpress\/wp-content\/uploads\/2020\/01\/1ead9e5f-1516-4545-b56f-6c1dcbb65905.jpg 1600w\" sizes=\"auto, (max-width: 255px) 100vw, 255px\" \/><\/a>FELTRE<\/strong> La Polizia Locale rende noti i dati riferiti al 2019, calano le contravvenzioni per eccesso di velocit\u00e0 entro i 10 km\/h e gli incidenti, ma\u00a0 molti gli automobilisti parcheggiano negli stalli riservati alle persone disabili: 158 sanzioni (+ 49 rispetto al 2018). Cala di circa il 20% (da 1.185 nel 2018 a 992 nel 2019) il numero complessivo dei verbali per eccesso di velocit\u00e0, con una forte riduzione (-271!) di quelli con superamento minimo dei limiti (entro 10 km\/h). In aumento invece (+ 76) le contravvenzioni elevate a chi supera i limiti tra 10 e 40 km\/h (fatto che si verifica soprattutto fuori dai centri abitati e lungo le vie di scorrimento extraurbane).\u00a0 Complessivamente positivi anche i dati relativi agli incidenti stradali rilevati\u00a0 il loro numero \u00e8 passato da 84 nel 2018 a 55 nel 20019 con un sensibile riduzione (da 42 a 19) di quelli che hanno visto persone ferite. Tra gli obiettivi di quest&#8217;anno il sindaco di Feltre (che detiene anche la delega alla Polizia Locale) e il comandante Facchin hanno annunciato una intensificazione dell&#8217;attivit\u00e0 sul versante dei controlli ambientali e la reintroduzione, soprattutto in corrispondenza delle manifestazioni estive, delle uscite di pattugliamento serali e notturne. A breve la dotazione organica del comando sar\u00e0 implementata con l&#8217;arrivo di de nuovi agenti e salir\u00e0 cos\u00ec a 15 unit\u00e0. Un numero definito congruo a garantire per il 2020 l&#8217;ulteriore incremento dell&#8217;attivit\u00e0 sul territorio.<\/p>\n","protected":false},"excerpt":{"rendered":"<p>FELTRE La Polizia Locale rende noti i dati riferiti al 2019, calano le contravvenzioni per eccesso di velocit\u00e0 entro i 10 km\/h e gli incidenti, ma\u00a0 molti gli automobilisti parcheggiano negli stalli riservati alle persone disabili: 158 sanzioni (+ 49 rispetto al 2018). Cala di circa il 20% (da 1.185 nel 2018 a 992 nel&hellip;<\/p>\n","protected":false},"author":1,"featured_media":114017,"comment_status":"closed","ping_status":"closed","sticky":false,"template":"","format":"standard","meta":{"_monsterinsights_skip_tracking":false,"_monsterinsights_sitenote_active":false,"_monsterinsights_sitenote_note":"","_monsterinsights_sitenote_category":0,"footnotes":""},"categories":[49],"tags":[],"class_list":["post-114015","post","type-post","status-publish","format-standard","has-post-thumbnail","hentry","category-news-18","category-49","description-off"],"img_url":"https:\/\/www.radiopiu.net\/wordpress\/wp-content\/uploads\/2020\/01\/a1ffbfba-c1e2-4d08-abfb-17811cebf85d.jpg","_links":{"self":[{"href":"https:\/\/www.radiopiu.net\/wordpress\/wp-json\/wp\/v2\/posts\/114015","targetHints":{"allow":["GET"]}}],"collection":[{"href":"https:\/\/www.radiopiu.net\/wordpress\/wp-json\/wp\/v2\/posts"}],"about":[{"href":"https:\/\/www.radiopiu.net\/wordpress\/wp-json\/wp\/v2\/types\/post"}],"author":[{"embeddable":true,"href":"https:\/\/www.radiopiu.net\/wordpress\/wp-json\/wp\/v2\/users\/1"}],"replies":[{"embeddable":true,"href":"https:\/\/www.radiopiu.net\/wordpress\/wp-json\/wp\/v2\/comments?post=114015"}],"version-history":[{"count":0,"href":"https:\/\/www.radiopiu.net\/wordpress\/wp-json\/wp\/v2\/posts\/114015\/revisions"}],"wp:featuredmedia":[{"embeddable":true,"href":"https:\/\/www.radiopiu.net\/wordpress\/wp-json\/wp\/v2\/media\/114017"}],"wp:attachment":[{"href":"https:\/\/www.radiopiu.net\/wordpress\/wp-json\/wp\/v2\/media?parent=114015"}],"wp:term":[{"taxonomy":"category","embeddable":true,"href":"https:\/\/www.radiopiu.net\/wordpress\/wp-json\/wp\/v2\/categories?post=114015"},{"taxonomy":"post_tag","embeddable":true,"href":"https:\/\/www.radiopiu.net\/wordpress\/wp-json\/wp\/v2\/tags?post=114015"}],"curies":[{"name":"wp","href":"https:\/\/api.w.org\/{rel}","templated":true}]}}