{"id":114049,"date":"2020-01-21T23:59:44","date_gmt":"2020-01-21T22:59:44","guid":{"rendered":"https:\/\/www.radiopiu.net\/wordpress\/?p=114049"},"modified":"2020-01-22T06:03:04","modified_gmt":"2020-01-22T05:03:04","slug":"sulla-serata-di-la-valle-agordina-non-solo-pro-ma-anche-contro","status":"publish","type":"post","link":"https:\/\/www.radiopiu.net\/wordpress\/sulla-serata-di-la-valle-agordina-non-solo-pro-ma-anche-contro\/","title":{"rendered":"SULLA SERATA DI LA VALLE AGORDINA, NON SOLO PRO MA ANCHE CONTRO"},"content":{"rendered":"<h3>Per ricevere gli aggiornamenti in tempo reale delle notizie pubblicate alla radio e sul sito di radio pi\u00f9 iscriviti al canale RADIO PIU INFORMAZIONE su\u00a0Telegram.\u00a0\u00a0<a href=\"https:\/\/t.me\/radiopiu\">clicca qui<\/a><\/h3>\n<h2><span style=\"color: #ff0000;\">DILLO A RADIO PIU<\/span><\/h2>\n<p><strong><a class=\"dt-pswp-item\" href=\"https:\/\/www.radiopiu.net\/wordpress\/wp-content\/uploads\/2020\/01\/WhatsApp-Image-2020-01-21-at-19.19.06.jpeg\" data-dt-img-description=\"\" data-large_image_width=\"1440\" data-large_image_height=\"720\"><img loading=\"lazy\" decoding=\"async\" class=\"size-medium wp-image-114050 alignleft\" src=\"https:\/\/www.radiopiu.net\/wordpress\/wp-content\/uploads\/2020\/01\/WhatsApp-Image-2020-01-21-at-19.19.06-300x150.jpeg\" alt=\"\" width=\"300\" height=\"150\" srcset=\"https:\/\/www.radiopiu.net\/wordpress\/wp-content\/uploads\/2020\/01\/WhatsApp-Image-2020-01-21-at-19.19.06-300x150.jpeg 300w, https:\/\/www.radiopiu.net\/wordpress\/wp-content\/uploads\/2020\/01\/WhatsApp-Image-2020-01-21-at-19.19.06-1024x512.jpeg 1024w, https:\/\/www.radiopiu.net\/wordpress\/wp-content\/uploads\/2020\/01\/WhatsApp-Image-2020-01-21-at-19.19.06-768x384.jpeg 768w, https:\/\/www.radiopiu.net\/wordpress\/wp-content\/uploads\/2020\/01\/WhatsApp-Image-2020-01-21-at-19.19.06.jpeg 1440w\" sizes=\"auto, (max-width: 300px) 100vw, 300px\" \/><\/a>TAIBON<\/strong> Radio Pi\u00f9 ha trasmesso in diretta facebook la serata organizzata a La Valle Agordina, tenuta a battesimo dal sindaco Ezio Zuanel ma l&#8217;idea della serata va addebitata all&#8217;associazione culturale Centro UPM di Belluno che con il Comune ha portato a La Valle\u00a0 Achille Sacchi, esperto di elettrosmog e autore del libro \u201cinquinamento invisibile. Sulle nostre pagine social i video sono accompagnati da commenti diversi tra chi la serata l&#8217;ha gradita e chi invece la pensa diversamente. Pubblichiamo al proposito parte di un intervento di Francesco Nart.<\/p>\n<blockquote><p><em>Ho seguito con attenzione i video, il diritto all&#8217;informazione dei cittadini \u00e8 sacrosanto e deve essere rispettato. L&#8217;informazione che viene fornita ai cittadini deve essere obiettiva (quindi non di parte) e soprattutto fondata. Purtroppo le informazioni impartite durante quella serata non erano n\u00e9 obiettive n\u00e9 fondate. Mi rendo conto che al giorno d&#8217;oggi cavalcare l&#8217;onda\u00a0 del complottismo sia un facile modo di ottenere consenso, come mi rendo conto che la paura del nuovo sia fisiologica ed insita nella mente umana e per questo non debba essere condannata. Non voglio entrare nel merito della questione paesaggistica, l&#8217;argomento \u00e8 controverso ed io non ho un&#8217;opinione in proposito. Ma dal punto di vista scientifico ho qualcosa da dire: l&#8217;invito di una figura come il relatore della serata in questione a La Valle pu\u00f2 essere interpretato in due modi: il primo \u00e8 quello che esso sia un\u00a0 atto di disonest\u00e0 intellettuale nei confronti dei cittadini. Il secondo \u00e8 che sia un grande atto di ingenuit\u00e0. Ad una serata che viene definita &#8220;Informativa&#8221; mi aspetterei di trovare come relatore un esperto di elettromagnetismo e\/o delle sue implicazioni sui tessuti biologici. Figure che rispondono a queste caratteristiche sono ad esempio Ingegneri delle Telecomunicazioni, Fisici ed alcuni medici specializzati in Radioterapia. Il relatore della serata a La Valle non era nulla di tutto ci\u00f2: il suo curriculum vanta una laurea in Geologia, inoltre esso dice di essere un insegnante di Elettrogeobiologia, disciplina che non riscontro con una ricerca su internet quindi non so se riconosciuta dal mondo scientifico.. Giungo ora alla conclusione: lo scetticismo nei confronti della tecnica e della modernit\u00e0 \u00e8 una questione annosa, esso non \u00e8 un male in senso assoluto, perch\u00e8 esso svolge una funzione di vigilanza contro quelle che si possono rivelare come ingerenze etiche della scienza. Ma esso \u00e8 giusto e sacrosanto se viene inserito in un dialogo con le istituzioni e con gli esperti che non sia falsato. Mi auguro che vengano organizzate altre di queste serate, e che i relatori siano questa volta persone competenti disposte ad informare la popolazione senza far leva sulla sua paura dell&#8217;ignoto allo scopo di vendere qualche corso.\u00a0<\/em><\/p><\/blockquote>\n<p>&nbsp;<\/p>\n<p>&nbsp;<\/p>\n","protected":false},"excerpt":{"rendered":"<p>Per ricevere gli aggiornamenti in tempo reale delle notizie pubblicate alla radio e sul sito di radio pi\u00f9 iscriviti al canale RADIO PIU INFORMAZIONE su\u00a0Telegram.\u00a0\u00a0clicca qui DILLO A RADIO PIU TAIBON Radio Pi\u00f9 ha trasmesso in diretta facebook la serata organizzata a La Valle Agordina, tenuta a battesimo dal sindaco Ezio Zuanel ma l&#8217;idea della&hellip;<\/p>\n","protected":false},"author":1,"featured_media":114050,"comment_status":"closed","ping_status":"closed","sticky":false,"template":"","format":"standard","meta":{"_monsterinsights_skip_tracking":false,"_monsterinsights_sitenote_active":false,"_monsterinsights_sitenote_note":"","_monsterinsights_sitenote_category":0,"footnotes":""},"categories":[104,49],"tags":[],"class_list":["post-114049","post","type-post","status-publish","format-standard","has-post-thumbnail","hentry","category-evidenza_3","category-news-18","category-104","category-49","description-off"],"img_url":"https:\/\/www.radiopiu.net\/wordpress\/wp-content\/uploads\/2020\/01\/WhatsApp-Image-2020-01-21-at-19.19.06.jpeg","_links":{"self":[{"href":"https:\/\/www.radiopiu.net\/wordpress\/wp-json\/wp\/v2\/posts\/114049","targetHints":{"allow":["GET"]}}],"collection":[{"href":"https:\/\/www.radiopiu.net\/wordpress\/wp-json\/wp\/v2\/posts"}],"about":[{"href":"https:\/\/www.radiopiu.net\/wordpress\/wp-json\/wp\/v2\/types\/post"}],"author":[{"embeddable":true,"href":"https:\/\/www.radiopiu.net\/wordpress\/wp-json\/wp\/v2\/users\/1"}],"replies":[{"embeddable":true,"href":"https:\/\/www.radiopiu.net\/wordpress\/wp-json\/wp\/v2\/comments?post=114049"}],"version-history":[{"count":0,"href":"https:\/\/www.radiopiu.net\/wordpress\/wp-json\/wp\/v2\/posts\/114049\/revisions"}],"wp:featuredmedia":[{"embeddable":true,"href":"https:\/\/www.radiopiu.net\/wordpress\/wp-json\/wp\/v2\/media\/114050"}],"wp:attachment":[{"href":"https:\/\/www.radiopiu.net\/wordpress\/wp-json\/wp\/v2\/media?parent=114049"}],"wp:term":[{"taxonomy":"category","embeddable":true,"href":"https:\/\/www.radiopiu.net\/wordpress\/wp-json\/wp\/v2\/categories?post=114049"},{"taxonomy":"post_tag","embeddable":true,"href":"https:\/\/www.radiopiu.net\/wordpress\/wp-json\/wp\/v2\/tags?post=114049"}],"curies":[{"name":"wp","href":"https:\/\/api.w.org\/{rel}","templated":true}]}}