{"id":114166,"date":"2020-01-23T05:50:07","date_gmt":"2020-01-23T04:50:07","guid":{"rendered":"https:\/\/www.radiopiu.net\/wordpress\/?p=114166"},"modified":"2020-01-24T06:06:36","modified_gmt":"2020-01-24T05:06:36","slug":"203-agordina-fastidioso-ma-necessario-senso-unico","status":"publish","type":"post","link":"https:\/\/www.radiopiu.net\/wordpress\/203-agordina-fastidioso-ma-necessario-senso-unico\/","title":{"rendered":"203 AGORDINA FASTIDIOSO MA NECESSARIO SENSO UNICO"},"content":{"rendered":"<h3><\/h3>\n<h3><a class=\"dt-pswp-item\" href=\"https:\/\/www.radiopiu.net\/wordpress\/wp-content\/uploads\/2020\/01\/6483aa27-a37c-4138-a618-74d54a20d5ed.jpg\" data-dt-img-description=\"\" data-large_image_width=\"1599\" data-large_image_height=\"1200\"><img loading=\"lazy\" decoding=\"async\" class=\"alignnone size-medium wp-image-114164\" src=\"https:\/\/www.radiopiu.net\/wordpress\/wp-content\/uploads\/2020\/01\/6483aa27-a37c-4138-a618-74d54a20d5ed-300x225.jpg\" alt=\"\" width=\"300\" height=\"225\" srcset=\"https:\/\/www.radiopiu.net\/wordpress\/wp-content\/uploads\/2020\/01\/6483aa27-a37c-4138-a618-74d54a20d5ed-300x225.jpg 300w, https:\/\/www.radiopiu.net\/wordpress\/wp-content\/uploads\/2020\/01\/6483aa27-a37c-4138-a618-74d54a20d5ed-1024x768.jpg 1024w, https:\/\/www.radiopiu.net\/wordpress\/wp-content\/uploads\/2020\/01\/6483aa27-a37c-4138-a618-74d54a20d5ed-768x576.jpg 768w, https:\/\/www.radiopiu.net\/wordpress\/wp-content\/uploads\/2020\/01\/6483aa27-a37c-4138-a618-74d54a20d5ed-1536x1153.jpg 1536w, https:\/\/www.radiopiu.net\/wordpress\/wp-content\/uploads\/2020\/01\/6483aa27-a37c-4138-a618-74d54a20d5ed.jpg 1599w\" sizes=\"auto, (max-width: 300px) 100vw, 300px\" \/><\/a><a class=\"dt-pswp-item\" href=\"https:\/\/www.radiopiu.net\/wordpress\/wp-content\/uploads\/2020\/01\/3b7e6ccd-e3f2-434c-a92d-9f8d0bbe5e88.jpg\" data-dt-img-description=\"\" data-large_image_width=\"1599\" data-large_image_height=\"1200\"><img loading=\"lazy\" decoding=\"async\" class=\"alignnone size-medium wp-image-114165\" src=\"https:\/\/www.radiopiu.net\/wordpress\/wp-content\/uploads\/2020\/01\/3b7e6ccd-e3f2-434c-a92d-9f8d0bbe5e88-300x225.jpg\" alt=\"\" width=\"300\" height=\"225\" srcset=\"https:\/\/www.radiopiu.net\/wordpress\/wp-content\/uploads\/2020\/01\/3b7e6ccd-e3f2-434c-a92d-9f8d0bbe5e88-300x225.jpg 300w, https:\/\/www.radiopiu.net\/wordpress\/wp-content\/uploads\/2020\/01\/3b7e6ccd-e3f2-434c-a92d-9f8d0bbe5e88-1024x768.jpg 1024w, https:\/\/www.radiopiu.net\/wordpress\/wp-content\/uploads\/2020\/01\/3b7e6ccd-e3f2-434c-a92d-9f8d0bbe5e88-768x576.jpg 768w, https:\/\/www.radiopiu.net\/wordpress\/wp-content\/uploads\/2020\/01\/3b7e6ccd-e3f2-434c-a92d-9f8d0bbe5e88-1536x1153.jpg 1536w, https:\/\/www.radiopiu.net\/wordpress\/wp-content\/uploads\/2020\/01\/3b7e6ccd-e3f2-434c-a92d-9f8d0bbe5e88.jpg 1599w\" sizes=\"auto, (max-width: 300px) 100vw, 300px\" \/><\/a><\/h3>\n<p><strong> LA VALLE\u00a0<\/strong> Lungo la 203 agordina localit\u00e0 La Muda si viaggia a senso unico alternato regolato da semaforo, certo fastidioso lungo una strada che \u00e8 la principale di collegamento con la vallata, ma ben vengano questi disagi quando l&#8217;obiettivo \u00e8 risolvere un problema importante, un punto nero di notevole spessore. Indimenticabile la domenica che ha anticipato l&#8217;alluvione, La Muda \u00e8 stata la prima localit\u00e0 ad entrare in crisi con la chiusura della strada per il materiale trasportato a valle dal monte Celo e che non ha trovato sfogo nel piccolo canale realizzato sotto strada. Ora il diametro di quelle condotte aumenta, il canale di scolo sar\u00e0 raddrizzato, difficilmente si ripeteranno i problemi riscontrati negli ultimi anni. Il cantiere viaggia che \u00e8 un piacere,\u00a0 \u00e8 il progetto<em> &#8220;Realizzazione nuovo attraversamento idraulico Rio Val Scure con l&#8217;adeguamento idraulico dell&#8217;alveo del torrente a monte e a valle dell&#8217;attraversamento&#8221;<\/em> seguito da Veneto Strade con gli ingegneri Silvano Vernizzi e Michele Artusato rispettivamente responsabile e progettista nonch\u00e9 direttore lavori. L&#8217;importo di spesa ammonta a 690 mila euro e la fine dei lavori \u00e8 prevista entro il 30 aprile, non male se si pensa che i primi sassi sono stati spostati lo scorso 11 novembre.<\/p>\n<p>&nbsp;<\/p>\n<p>&nbsp;<\/p>\n<h3>A CANDATEN DOPO L&#8217;ULTIMA ONDATA DI MALTEMPO ECCO LE SOLUZIONI<\/h3>\n<p><a class=\"dt-pswp-item\" href=\"https:\/\/www.radiopiu.net\/wordpress\/wp-content\/uploads\/2020\/01\/0626e48b-c9df-40f3-bb4c-4928d5323f8b.jpg\" data-dt-img-description=\"\" data-large_image_width=\"1599\" data-large_image_height=\"1200\"><img loading=\"lazy\" decoding=\"async\" class=\"alignnone size-medium wp-image-114168\" src=\"https:\/\/www.radiopiu.net\/wordpress\/wp-content\/uploads\/2020\/01\/0626e48b-c9df-40f3-bb4c-4928d5323f8b-300x225.jpg\" alt=\"\" width=\"300\" height=\"225\" srcset=\"https:\/\/www.radiopiu.net\/wordpress\/wp-content\/uploads\/2020\/01\/0626e48b-c9df-40f3-bb4c-4928d5323f8b-300x225.jpg 300w, https:\/\/www.radiopiu.net\/wordpress\/wp-content\/uploads\/2020\/01\/0626e48b-c9df-40f3-bb4c-4928d5323f8b-1024x768.jpg 1024w, https:\/\/www.radiopiu.net\/wordpress\/wp-content\/uploads\/2020\/01\/0626e48b-c9df-40f3-bb4c-4928d5323f8b-768x576.jpg 768w, https:\/\/www.radiopiu.net\/wordpress\/wp-content\/uploads\/2020\/01\/0626e48b-c9df-40f3-bb4c-4928d5323f8b-1536x1153.jpg 1536w, https:\/\/www.radiopiu.net\/wordpress\/wp-content\/uploads\/2020\/01\/0626e48b-c9df-40f3-bb4c-4928d5323f8b.jpg 1599w\" sizes=\"auto, (max-width: 300px) 100vw, 300px\" \/><\/a><a class=\"dt-pswp-item\" href=\"https:\/\/www.radiopiu.net\/wordpress\/wp-content\/uploads\/2020\/01\/951d5310-7848-4001-8b61-07f549dd6b81.jpg\" data-dt-img-description=\"\" data-large_image_width=\"1599\" data-large_image_height=\"1200\"><img loading=\"lazy\" decoding=\"async\" class=\"alignnone size-medium wp-image-114169\" src=\"https:\/\/www.radiopiu.net\/wordpress\/wp-content\/uploads\/2020\/01\/951d5310-7848-4001-8b61-07f549dd6b81-300x225.jpg\" alt=\"\" width=\"300\" height=\"225\" srcset=\"https:\/\/www.radiopiu.net\/wordpress\/wp-content\/uploads\/2020\/01\/951d5310-7848-4001-8b61-07f549dd6b81-300x225.jpg 300w, https:\/\/www.radiopiu.net\/wordpress\/wp-content\/uploads\/2020\/01\/951d5310-7848-4001-8b61-07f549dd6b81-1024x768.jpg 1024w, https:\/\/www.radiopiu.net\/wordpress\/wp-content\/uploads\/2020\/01\/951d5310-7848-4001-8b61-07f549dd6b81-768x576.jpg 768w, https:\/\/www.radiopiu.net\/wordpress\/wp-content\/uploads\/2020\/01\/951d5310-7848-4001-8b61-07f549dd6b81-1536x1153.jpg 1536w, https:\/\/www.radiopiu.net\/wordpress\/wp-content\/uploads\/2020\/01\/951d5310-7848-4001-8b61-07f549dd6b81.jpg 1599w\" sizes=\"auto, (max-width: 300px) 100vw, 300px\" \/><\/a><\/p>\n<p><strong>SEDICO<\/strong> Anche a Candaten, sempre lungo la strada regionale 203 agordina il cantiere di lavoro \u00e8 a piena forza. Proseguono i lavori di Veneto Strade a firma Michela Artusato (progettista) e Silvano Vernizzi (direttore dei lavori) per la realizzazione delle opere di protezione nell&#8217;alveo del torrente Cordevole con il ripristino solido stradale. Sul posto l&#8217;impresa Olivotto per lavori che costeranno 411 mila euro<\/p>\n<p>&nbsp;<\/p>\n<p>&nbsp;<\/p>\n","protected":false},"excerpt":{"rendered":"<p>LA VALLE\u00a0 Lungo la 203 agordina localit\u00e0 La Muda si viaggia a senso unico alternato regolato da semaforo, certo fastidioso lungo una strada che \u00e8 la principale di collegamento con la vallata, ma ben vengano questi disagi quando l&#8217;obiettivo \u00e8 risolvere un problema importante, un punto nero di notevole spessore. Indimenticabile la domenica che ha&hellip;<\/p>\n","protected":false},"author":1,"featured_media":114165,"comment_status":"closed","ping_status":"closed","sticky":false,"template":"","format":"standard","meta":{"_monsterinsights_skip_tracking":false,"_monsterinsights_sitenote_active":false,"_monsterinsights_sitenote_note":"","_monsterinsights_sitenote_category":0,"footnotes":""},"categories":[51,104,49],"tags":[],"class_list":["post-114166","post","type-post","status-publish","format-standard","has-post-thumbnail","hentry","category-evidenza-top","category-evidenza_3","category-news-18","category-51","category-104","category-49","description-off"],"img_url":"https:\/\/www.radiopiu.net\/wordpress\/wp-content\/uploads\/2020\/01\/3b7e6ccd-e3f2-434c-a92d-9f8d0bbe5e88.jpg","_links":{"self":[{"href":"https:\/\/www.radiopiu.net\/wordpress\/wp-json\/wp\/v2\/posts\/114166","targetHints":{"allow":["GET"]}}],"collection":[{"href":"https:\/\/www.radiopiu.net\/wordpress\/wp-json\/wp\/v2\/posts"}],"about":[{"href":"https:\/\/www.radiopiu.net\/wordpress\/wp-json\/wp\/v2\/types\/post"}],"author":[{"embeddable":true,"href":"https:\/\/www.radiopiu.net\/wordpress\/wp-json\/wp\/v2\/users\/1"}],"replies":[{"embeddable":true,"href":"https:\/\/www.radiopiu.net\/wordpress\/wp-json\/wp\/v2\/comments?post=114166"}],"version-history":[{"count":0,"href":"https:\/\/www.radiopiu.net\/wordpress\/wp-json\/wp\/v2\/posts\/114166\/revisions"}],"wp:featuredmedia":[{"embeddable":true,"href":"https:\/\/www.radiopiu.net\/wordpress\/wp-json\/wp\/v2\/media\/114165"}],"wp:attachment":[{"href":"https:\/\/www.radiopiu.net\/wordpress\/wp-json\/wp\/v2\/media?parent=114166"}],"wp:term":[{"taxonomy":"category","embeddable":true,"href":"https:\/\/www.radiopiu.net\/wordpress\/wp-json\/wp\/v2\/categories?post=114166"},{"taxonomy":"post_tag","embeddable":true,"href":"https:\/\/www.radiopiu.net\/wordpress\/wp-json\/wp\/v2\/tags?post=114166"}],"curies":[{"name":"wp","href":"https:\/\/api.w.org\/{rel}","templated":true}]}}