{"id":114245,"date":"2020-01-23T08:57:50","date_gmt":"2020-01-23T07:57:50","guid":{"rendered":"https:\/\/www.radiopiu.net\/wordpress\/?p=114245"},"modified":"2020-01-23T09:00:03","modified_gmt":"2020-01-23T08:00:03","slug":"eng","status":"publish","type":"post","link":"https:\/\/www.radiopiu.net\/wordpress\/eng\/","title":{"rendered":"ANGELINA ZAMPIERI UNA GIOVANE EMIGRANTE BELLUNESE MARTIRE. Di Renato Bona"},"content":{"rendered":"<p>Il 28 dicembre 1898, ricorrenza dei Santi Innocenti, veniva alla luce a Visome, ridente frazione del comune di Belluno, Angelina Zampieri, figlia di Giuseppe e Teresa Trevisson, che vi si erano trasferiti da Polentes di Limana con le due vivaci figliole avute in precedenza. La loro sarebbe stata una vita grama di ordinaria povert\u00e0 se non avessero avuto il dono della \u201cfede cristiana professata senza mezze misure, il forte amore coniugale, la luminosa onest\u00e0 di vita ed uno spirito di sacrificio a tutta prova\u201d. Il virgolettato \u00e8 opera di don Mario Carlin, oggi novantottenne, penitenziere della cattedrale di Belluno dopo essere stato fra l\u2019altro parroco di Limana, nella fattispecie autore di \u201cUna giovane emigrante martire\u201d, stampato nel novembre 1972 con visto del vicario generale della Diocesi mons. Angelo Santin, per i tipi della bellunese tipografia Piave. Libro che narra la purtroppo breve esistenza, ed il martirio, proprio di Angelina Zampieri. L\u2019iniziativa della pubblicazione era stata, appunto nel 1972, dell\u2019allora arciprete di Limana don Paolo Pescosta il quale nella presentazione , dopo aver precisato che si era rivolto a don Carlin ritenendolo, anche in quanto delegato diocesano per l\u2019emigrazione \u201cil pi\u00f9 indicato a scrivere della nostra eroica concittadina e a presentarla come un simbolo della nostra gente \u2018martire della valigia\u2019 come egli la definisce in queste pagine, coinvolta, come \u00e8, ed in dimensioni ancora pi\u00f9 vaste, nel fenomeno migratorio, con tutto il dramma che esso comporta e con tutti i valori che vi racchiude\u201d scriveva fra l\u2019altro: \u201c\u2026Da quando la Provvidenza mi ha concesso di realizzare il mio sogno di trasportare qui, dal cimitero di Trento, la piccola salma, la nostra martire ci appare pi\u00f9 vicina, pi\u00f9 nostra ancora\u2026\u201d. Nella premessa del suo lavoro (dedicato \u201ca Limana parrocchia della mia prima messa, ed a tutti gli emigranti, in segno di affettuosa solidariet\u00e0\u201d) Mario Carlin offre tre risposte alla domanda: \u201cPerch\u00e9 una biografia di Angelina Zampieri?\u201d: anzitutto per farla conoscere; poi per difenderla (da quanti, negli anni, hanno sentito parlare del martirio di Angelina e ne ha spesso contestata l\u2019autenticit\u00e0); infine per proporla, soprattutto perch\u00e9 \u201cpu\u00f2 dire molto ai giovani del nostro tempo, molti dei quali sono lodevolmente protesi alla ricerca di modelli forti a cui ispirarsi; ai genitori ed agli educatori, oggi tanto facili alla tentazione dello scoraggiamento nei confronti della loro sempre pi\u00f9 difficile missione; ai sacerdoti per le cui mani \u00e8 destinata a passare ancora, come ai tempi di Angelina, per essere donata ai fratelli, la grazia della testimonianza cristiana, capace anche di martirio; infine ai lavoratori ed agli emigranti che in lei si riconoscono con legittimo orgoglio\u201d. Qui di seguito, in sintesi, la vicenda di Angelina, che ad appena sei anni lasci\u00f2 famiglia, giochi, amicizie, per andare in Francia ospite di parenti dove rimase fino ai 12 anni quando fattasi ormai ragazzina, era grande abbastanza per dare una mano nei lavori di casa e dunque torn\u00f2 in famiglia; dovette tuttavia \u201crifare ben presto la sua povera valigia e ritornare in casa d\u2019altri, stavolta in condizione di piccola servetta, sola ed indifesa\u201d. Nella primavera del 1912 \u2013 si legge nel libro di don Carlin \u2013 Angelina aveva iniziato il quattordicesimo anno di et\u00e0 e si presentava come una ragazza fisicamente ben sviluppata, florida di salute, vivace di intelligenza e con esperienza, ormai, di una piccola donna e, come la mamma e le due sorelle divenne, una emigrante, una \u201ccioda\u201d come i trentini definivano le donne bellunesi. E a Pove di Trento divenne domestica del falegname settantenne Bartolo Maggioli che \u201cportava su di s\u00e9, con il peso degli anni, anche quello di una grande debolezza morale\u201d. Ben presto rimase colpito dalla fresca bellezza di Angelina che la gentilezza dei modi e la docilit\u00e0 del carattere rendevano pi\u00f9 attraente ed in pochi mesi pass\u00f2 dalla composta cordialit\u00e0 iniziale ad un intenso desiderio di lei. Nonostante le lusinghe di lui, Angelina decise che non sarebbe pi\u00f9 rimasta in quella casa ed and\u00f2 a servizio della famiglia Valentini che \u201cla circondava di stima e di rispetto, l\u2019amava, anzi, trattandola veramente come una figlia\u201d. Ma\u2026 il vecchio falegname, esasperato per il duro rifiuto della ragazza, sentiva sempre pi\u00f9 forte il desiderio di lei e avuto l\u2019indirizzo le scriveva lunghe lettere e le inviava vari doni. Andava nei pressi della casa ed aspettava per ore di poterla vedere ed un pomeriggio \u201cmentre Angelina rincasava dall\u2019Adige dove aveva risciacquato un po\u2019 di biancheria, il vecchio riusc\u00ec ad avvicinarla. Portava in tasca un coltello a serramanico\u201d. La ferm\u00f2 in strada, la implor\u00f2, le fece altre promesse ma vedendosi respinto prese ad imprecare e minacciare al che Angelina gli grid\u00f2 in faccia: \u201cNo, mille volte no. Preferisco morire\u201d e fugg\u00ec verso casa. Riusc\u00ec ad entrare nell\u2019atrio ma prima che potesse salire la scale \u201cil mostro la raggiunse urlando e fece scendere ben diciassette volte il coltello su quelle purissime carni, poi sentendosi perduto, si spar\u00f2 alla tempia un colpo di rivoltella e rotol\u00f2 cadavere accanto alla sua vittima\u201d. Portata in ospedale, Angelina Zampieri spir\u00f2 alle 1,30 del 24 luglio 1913. La mattina del 26 vennero celebrati solenni funerali nella cattedrale trentina con la partecipazione di migliaia e migliaia di persone e quindi la salma venne inumata nel cimitero, prima nel campo comune poi ad iniziativa di alcuni cittadini, con la raccolta in pochi giorni della somma necessaria, in una tomba privata nella galleria dei loculi. Il 13 febbraio 1972 \u201cAngelina ritorn\u00f2 ufficialmente fra la sua gente\u2026 Limana per l\u2019occasione era in festa come non lo era stata mai in oltre ottocento anni di vita comunitaria\u201d. All\u2019omelia il vescovo Gioacchino Muccin che aveva concelebrato con 20 sacerdoti mentre altri 30 erano in presbiterio, afferm\u00f2: \u201cIn questa piccola martire \u00e8 onorata la nostra gente bellunese, che costretta ad emigrare, sa testimoniare nel mondo la propria fede e la propria onest\u00e0 unendo nella vita, come Angelina, il candore della purezza con il rosso del sacrificio e, spesso, nel sangue\u201d.<\/p>\n<p>&nbsp;<\/p>\n\n\t\t\t<style type='text\/css'>\n\t\t\t\t#gallery-1 {\n\t\t\t\t\tmargin: auto;\n\t\t\t\t}\n\t\t\t\t#gallery-1 .gallery-item {\n\t\t\t\t\tfloat: left;\n\t\t\t\t\tmargin-top: 10px;\n\t\t\t\t\ttext-align: center;\n\t\t\t\t\twidth: 33%;\n\t\t\t\t}\n\t\t\t\t#gallery-1 img {\n\t\t\t\t\tborder: 2px solid #cfcfcf;\n\t\t\t\t}\n\t\t\t\t#gallery-1 .gallery-caption {\n\t\t\t\t\tmargin-left: 0;\n\t\t\t\t}\n\t\t\t\t\/* see gallery_shortcode() in wp-includes\/media.php *\/\n\t\t\t<\/style>\n\t\t<div id='gallery-1' class='dt-gallery-container gallery galleryid-114245 gallery-columns-3 gallery-size-thumbnail'><dl class='gallery-item'>\n\t\t\t\t<dt class='gallery-icon portrait'>\n\t\t\t\t\t<a class=\"rollover\" href='https:\/\/www.radiopiu.net\/wordpress\/eng\/83787849_166023331389427_6205154464752467968_n\/'><img loading=\"lazy\" decoding=\"async\" width=\"150\" height=\"150\" src=\"https:\/\/www.radiopiu.net\/wordpress\/wp-content\/uploads\/2020\/01\/83787849_166023331389427_6205154464752467968_n-150x150.jpg\" class=\"attachment-thumbnail size-thumbnail\" alt=\"\" \/><\/a>\n\t\t\t\t<\/dt><\/dl><dl class='gallery-item'>\n\t\t\t\t<dt class='gallery-icon portrait'>\n\t\t\t\t\t<a class=\"rollover\" href='https:\/\/www.radiopiu.net\/wordpress\/eng\/81936562_793964447742993_9169969216655196160_n-2\/'><img loading=\"lazy\" decoding=\"async\" width=\"150\" height=\"150\" src=\"https:\/\/www.radiopiu.net\/wordpress\/wp-content\/uploads\/2020\/01\/81936562_793964447742993_9169969216655196160_n-1-150x150.jpg\" class=\"attachment-thumbnail size-thumbnail\" alt=\"\" \/><\/a>\n\t\t\t\t<\/dt><\/dl><dl class='gallery-item'>\n\t\t\t\t<dt class='gallery-icon landscape'>\n\t\t\t\t\t<a class=\"rollover\" href='https:\/\/www.radiopiu.net\/wordpress\/eng\/83205327_492242001679620_4810356611241476096_n\/'><img loading=\"lazy\" decoding=\"async\" width=\"150\" height=\"150\" src=\"https:\/\/www.radiopiu.net\/wordpress\/wp-content\/uploads\/2020\/01\/83205327_492242001679620_4810356611241476096_n-150x150.jpg\" class=\"attachment-thumbnail size-thumbnail\" alt=\"\" \/><\/a>\n\t\t\t\t<\/dt><\/dl><br style=\"clear: both\" \/><dl class='gallery-item'>\n\t\t\t\t<dt class='gallery-icon landscape'>\n\t\t\t\t\t<a class=\"rollover\" href='https:\/\/www.radiopiu.net\/wordpress\/eng\/83242282_2444289932497929_8689346102601711616_n\/'><img loading=\"lazy\" decoding=\"async\" width=\"150\" height=\"150\" src=\"https:\/\/www.radiopiu.net\/wordpress\/wp-content\/uploads\/2020\/01\/83242282_2444289932497929_8689346102601711616_n-150x150.jpg\" class=\"attachment-thumbnail size-thumbnail\" alt=\"\" \/><\/a>\n\t\t\t\t<\/dt><\/dl><dl class='gallery-item'>\n\t\t\t\t<dt class='gallery-icon landscape'>\n\t\t\t\t\t<a class=\"rollover\" href='https:\/\/www.radiopiu.net\/wordpress\/eng\/83049383_654867955256157_6859916598325542912_n\/'><img loading=\"lazy\" decoding=\"async\" width=\"150\" height=\"150\" src=\"https:\/\/www.radiopiu.net\/wordpress\/wp-content\/uploads\/2020\/01\/83049383_654867955256157_6859916598325542912_n-150x150.jpg\" class=\"attachment-thumbnail size-thumbnail\" alt=\"\" \/><\/a>\n\t\t\t\t<\/dt><\/dl><dl class='gallery-item'>\n\t\t\t\t<dt class='gallery-icon landscape'>\n\t\t\t\t\t<a class=\"rollover\" href='https:\/\/www.radiopiu.net\/wordpress\/eng\/82734565_537443533527661_2363830217375481856_n\/'><img loading=\"lazy\" decoding=\"async\" width=\"150\" height=\"150\" src=\"https:\/\/www.radiopiu.net\/wordpress\/wp-content\/uploads\/2020\/01\/82734565_537443533527661_2363830217375481856_n-150x150.jpg\" class=\"attachment-thumbnail size-thumbnail\" alt=\"\" \/><\/a>\n\t\t\t\t<\/dt><\/dl><br style=\"clear: both\" \/><dl class='gallery-item'>\n\t\t\t\t<dt class='gallery-icon portrait'>\n\t\t\t\t\t<a class=\"rollover\" href='https:\/\/www.radiopiu.net\/wordpress\/eng\/82801761_211125330050888_3702341875932332032_n\/'><img loading=\"lazy\" decoding=\"async\" width=\"150\" height=\"150\" src=\"https:\/\/www.radiopiu.net\/wordpress\/wp-content\/uploads\/2020\/01\/82801761_211125330050888_3702341875932332032_n-150x150.jpg\" class=\"attachment-thumbnail size-thumbnail\" alt=\"\" \/><\/a>\n\t\t\t\t<\/dt><\/dl><dl class='gallery-item'>\n\t\t\t\t<dt class='gallery-icon portrait'>\n\t\t\t\t\t<a class=\"rollover\" href='https:\/\/www.radiopiu.net\/wordpress\/eng\/82852292_1258786477644184_4710309681703157760_n\/'><img loading=\"lazy\" decoding=\"async\" width=\"150\" height=\"150\" src=\"https:\/\/www.radiopiu.net\/wordpress\/wp-content\/uploads\/2020\/01\/82852292_1258786477644184_4710309681703157760_n-150x150.jpg\" class=\"attachment-thumbnail size-thumbnail\" alt=\"\" \/><\/a>\n\t\t\t\t<\/dt><\/dl><dl class='gallery-item'>\n\t\t\t\t<dt class='gallery-icon portrait'>\n\t\t\t\t\t<a class=\"rollover\" href='https:\/\/www.radiopiu.net\/wordpress\/eng\/83120786_503820776936513_7174053637386141696_n\/'><img loading=\"lazy\" decoding=\"async\" width=\"150\" height=\"150\" src=\"https:\/\/www.radiopiu.net\/wordpress\/wp-content\/uploads\/2020\/01\/83120786_503820776936513_7174053637386141696_n-150x150.jpg\" class=\"attachment-thumbnail size-thumbnail\" alt=\"\" \/><\/a>\n\t\t\t\t<\/dt><\/dl><br style=\"clear: both\" \/><dl class='gallery-item'>\n\t\t\t\t<dt class='gallery-icon landscape'>\n\t\t\t\t\t<a class=\"rollover\" href='https:\/\/www.radiopiu.net\/wordpress\/eng\/82841600_927567191002886_6096212241332305920_n\/'><img loading=\"lazy\" decoding=\"async\" width=\"150\" height=\"150\" src=\"https:\/\/www.radiopiu.net\/wordpress\/wp-content\/uploads\/2020\/01\/82841600_927567191002886_6096212241332305920_n-150x150.jpg\" class=\"attachment-thumbnail size-thumbnail\" alt=\"\" \/><\/a>\n\t\t\t\t<\/dt><\/dl><dl class='gallery-item'>\n\t\t\t\t<dt class='gallery-icon portrait'>\n\t\t\t\t\t<a class=\"rollover\" href='https:\/\/www.radiopiu.net\/wordpress\/eng\/82945827_759538997868437_2605679018359390208_n\/'><img loading=\"lazy\" decoding=\"async\" width=\"150\" height=\"150\" src=\"https:\/\/www.radiopiu.net\/wordpress\/wp-content\/uploads\/2020\/01\/82945827_759538997868437_2605679018359390208_n-150x150.jpg\" class=\"attachment-thumbnail size-thumbnail\" alt=\"\" \/><\/a>\n\t\t\t\t<\/dt><\/dl><dl class='gallery-item'>\n\t\t\t\t<dt class='gallery-icon portrait'>\n\t\t\t\t\t<a class=\"rollover\" href='https:\/\/www.radiopiu.net\/wordpress\/eng\/83667865_427510074609456_1887816122921648128_n\/'><img loading=\"lazy\" decoding=\"async\" width=\"150\" height=\"150\" src=\"https:\/\/www.radiopiu.net\/wordpress\/wp-content\/uploads\/2020\/01\/83667865_427510074609456_1887816122921648128_n-150x150.jpg\" class=\"attachment-thumbnail size-thumbnail\" alt=\"\" \/><\/a>\n\t\t\t\t<\/dt><\/dl><br style=\"clear: both\" \/>\n\t\t\t<\/div>\n\n<p>&nbsp;<\/p>\n<p>NELLE FOTO (sito chiesabellunofeltre e riproduzioni dal libro \u201cUna giovane emigrante martire\u201d): Angelina Zampieri; don Mario Carlin; la casa natale di Angelina a Visome; pap\u00e0 Giuseppe con la primogenita Maria nella casa di Polentes di Limana; la casa di Trento dove la giovane bellunese fu assassinata; il coltello del martirio; l\u2019atrio della casa della morte; la lapide sulla tomba di Trento; la cerimonia religiosa in occasione della traslazione della salma da Trento; la tomba di Limana; inaugurazione della sala parrocchiale \u201cAngelina Zampieri\u201d con il vescovo Muccin, il parroco Pescosta e monsignor Da Corte<\/p>\n","protected":false},"excerpt":{"rendered":"<p>Il 28 dicembre 1898, ricorrenza dei Santi Innocenti, veniva alla luce a Visome, ridente frazione del comune di Belluno, Angelina Zampieri, figlia di Giuseppe e Teresa Trevisson, che vi si erano trasferiti da Polentes di Limana con le due vivaci figliole avute in precedenza. La loro sarebbe stata una vita grama di ordinaria povert\u00e0 se&hellip;<\/p>\n","protected":false},"author":1,"featured_media":114251,"comment_status":"closed","ping_status":"closed","sticky":false,"template":"","format":"standard","meta":{"_monsterinsights_skip_tracking":false,"_monsterinsights_sitenote_active":false,"_monsterinsights_sitenote_note":"","_monsterinsights_sitenote_category":0,"footnotes":""},"categories":[49],"tags":[],"class_list":["post-114245","post","type-post","status-publish","format-standard","has-post-thumbnail","hentry","category-news-18","category-49","description-off"],"img_url":"https:\/\/www.radiopiu.net\/wordpress\/wp-content\/uploads\/2020\/01\/83787849_166023331389427_6205154464752467968_n.jpg","_links":{"self":[{"href":"https:\/\/www.radiopiu.net\/wordpress\/wp-json\/wp\/v2\/posts\/114245","targetHints":{"allow":["GET"]}}],"collection":[{"href":"https:\/\/www.radiopiu.net\/wordpress\/wp-json\/wp\/v2\/posts"}],"about":[{"href":"https:\/\/www.radiopiu.net\/wordpress\/wp-json\/wp\/v2\/types\/post"}],"author":[{"embeddable":true,"href":"https:\/\/www.radiopiu.net\/wordpress\/wp-json\/wp\/v2\/users\/1"}],"replies":[{"embeddable":true,"href":"https:\/\/www.radiopiu.net\/wordpress\/wp-json\/wp\/v2\/comments?post=114245"}],"version-history":[{"count":0,"href":"https:\/\/www.radiopiu.net\/wordpress\/wp-json\/wp\/v2\/posts\/114245\/revisions"}],"wp:featuredmedia":[{"embeddable":true,"href":"https:\/\/www.radiopiu.net\/wordpress\/wp-json\/wp\/v2\/media\/114251"}],"wp:attachment":[{"href":"https:\/\/www.radiopiu.net\/wordpress\/wp-json\/wp\/v2\/media?parent=114245"}],"wp:term":[{"taxonomy":"category","embeddable":true,"href":"https:\/\/www.radiopiu.net\/wordpress\/wp-json\/wp\/v2\/categories?post=114245"},{"taxonomy":"post_tag","embeddable":true,"href":"https:\/\/www.radiopiu.net\/wordpress\/wp-json\/wp\/v2\/tags?post=114245"}],"curies":[{"name":"wp","href":"https:\/\/api.w.org\/{rel}","templated":true}]}}