{"id":114284,"date":"2020-01-24T06:05:53","date_gmt":"2020-01-24T05:05:53","guid":{"rendered":"https:\/\/www.radiopiu.net\/wordpress\/?p=114284"},"modified":"2020-01-24T06:08:26","modified_gmt":"2020-01-24T05:08:26","slug":"soprintendenza-in-provincia-che-se-ne-restino-a-casa-loro","status":"publish","type":"post","link":"https:\/\/www.radiopiu.net\/wordpress\/soprintendenza-in-provincia-che-se-ne-restino-a-casa-loro\/","title":{"rendered":"SOPRINTENDENZA IN PROVINCIA? &#8220;CHE SE NE RESTINO A CASA LORO&#8221;"},"content":{"rendered":"<p><strong><a class=\"dt-pswp-item\" href=\"https:\/\/www.radiopiu.net\/wordpress\/wp-content\/uploads\/2018\/07\/VIVAIO-DOLOMITI.jpg\" data-dt-img-description=\"\" data-large_image_width=\"247\" data-large_image_height=\"204\"><img loading=\"lazy\" decoding=\"async\" class=\"size-full wp-image-53894 alignleft\" src=\"https:\/\/www.radiopiu.net\/wordpress\/wp-content\/uploads\/2018\/07\/VIVAIO-DOLOMITI.jpg\" alt=\"\" width=\"247\" height=\"204\" \/><\/a>BELLUN<\/strong>O No ad un ufficio della Soprintendenza in Provincia, lo dice a chiare lettere Vivaio Dolomiti e sono passati pochi minuti dal comunicato stampa a firma del presidente della Provincia. Vivaio Dolomiti cos\u00ec motiva il suo malessere&#8221;:<em> &#8220;Prima ci mettono i vincoli senza uno straccio di concertazione con il territorio, poi perch\u00e9 si reagisce a questo sopruso allora la Soprintendenza chiede di aprire un ufficio in Provincia. Ma che restino a casa loro, ben distanti dalla nostra provincia visto l&#8217;atteggiamento con cui hanno trattato i nostri esponenti durante gli incontri a Roma e viste le risposte date alle nostre osservazioni puntuali e tecniche inviate loro sui vincoli&#8221;.<\/em><\/p>\n<p>Vivaio Dolomiti ipotizza si tratti di una finta apertura e risponde con un messaggio:<em> &#8220;Ritiro immediato del provvedimento e autorizzazione del collegamento sciistico Comelico-Pusteria in tempi rapidi visto che si aspetta da anni. Fatto questo, poi potranno chiedere un dialogo. Prima non c&#8217;\u00e8 nulla di cui discutere&#8221;.<\/em><\/p>\n<p>&nbsp;<\/p>\n<blockquote>\n<h3><span style=\"color: #ff00ff;\">Per ricevere gli aggiornamenti in tempo reale delle notizie pubblicate alla radio e sul sito di radio pi\u00f9 iscriviti al canale RADIO PIU INFORMAZIONE su <span style=\"color: #0000ff;\">Telegram<\/span>.\u00a0<span style=\"color: #000000;\"> <a style=\"color: #000000;\" href=\"https:\/\/t.me\/radiopiu\">clicca qui<\/a><\/span><\/span><\/h3>\n<\/blockquote>\n<p>&nbsp;<\/p>\n<h3>ROBERTO PADRIN DA&#8217; IL BENVENUTO ALLA SOPRINTENDENZA, &#8220;OPPORTUNITA&#8217; PER APRIRE AL DIALOGO&#8221;<\/h3>\n<p><strong>BELLUNO<\/strong> La Soprintendenza chiede stanze a Palazzo Piloni per far lavorare i funzionari a Belluno, una volta al mese da febbraio. Per Il Presidente Roberto Padrin \u00e8 un&#8217;opportunit\u00e0 per aprire al dialogo con il soprintendente Fabrizio Magani e la definisce una novit\u00e0 rispetto al passato. <em>&#8220;La Provincia in ogni caso resta a fianco dei Comuni comelicesi e di Auronzo, a servizio del territorio e delle comunit\u00e0 locali\u00bb <\/em>\u00e8 l&#8217;immediata puntualizzazione del \u00a0presidente che guarda comunque di buon occhio alla nuova richiesta <em>\u00abIn questo modo, potranno conoscere il territorio e capire le sue dinamiche. Da sempre lamentiamo il fatto che i funzionari e i burocrati di Roma e di Venezia prendono decisioni senza sapere quelle che sono le realt\u00e0, le criticit\u00e0, e i punti di forza del Bellunese\u00bb.<\/em><br \/>\nSulla partita dei vincoli che riguardano Auronzo e il Comelico, la Provincia ha avviato l\u2019iter per le tutele giudiziarie, con un apposito ordine del giorno, varato eccezionalmente a Santo Stefano, il 14 gennaio scorso.<em> &#8220;Quel provvedimento rimane, perch\u00e9 ce lo ha chiesto il territorio&#8221;\u00a0<\/em> conclude il presidente Padrin -. I<\/p>\n<p>&nbsp;<\/p>\n","protected":false},"excerpt":{"rendered":"<p>BELLUNO No ad un ufficio della Soprintendenza in Provincia, lo dice a chiare lettere Vivaio Dolomiti e sono passati pochi minuti dal comunicato stampa a firma del presidente della Provincia. Vivaio Dolomiti cos\u00ec motiva il suo malessere&#8221;: &#8220;Prima ci mettono i vincoli senza uno straccio di concertazione con il territorio, poi perch\u00e9 si reagisce a&hellip;<\/p>\n","protected":false},"author":1,"featured_media":53894,"comment_status":"closed","ping_status":"closed","sticky":false,"template":"","format":"standard","meta":{"_monsterinsights_skip_tracking":false,"_monsterinsights_sitenote_active":false,"_monsterinsights_sitenote_note":"","_monsterinsights_sitenote_category":0,"footnotes":""},"categories":[1,49],"tags":[],"class_list":["post-114284","post","type-post","status-publish","format-standard","has-post-thumbnail","hentry","category-senza-categoria","category-news-18","category-1","category-49","description-off"],"img_url":"https:\/\/www.radiopiu.net\/wordpress\/wp-content\/uploads\/2018\/07\/VIVAIO-DOLOMITI.jpg","_links":{"self":[{"href":"https:\/\/www.radiopiu.net\/wordpress\/wp-json\/wp\/v2\/posts\/114284","targetHints":{"allow":["GET"]}}],"collection":[{"href":"https:\/\/www.radiopiu.net\/wordpress\/wp-json\/wp\/v2\/posts"}],"about":[{"href":"https:\/\/www.radiopiu.net\/wordpress\/wp-json\/wp\/v2\/types\/post"}],"author":[{"embeddable":true,"href":"https:\/\/www.radiopiu.net\/wordpress\/wp-json\/wp\/v2\/users\/1"}],"replies":[{"embeddable":true,"href":"https:\/\/www.radiopiu.net\/wordpress\/wp-json\/wp\/v2\/comments?post=114284"}],"version-history":[{"count":0,"href":"https:\/\/www.radiopiu.net\/wordpress\/wp-json\/wp\/v2\/posts\/114284\/revisions"}],"wp:featuredmedia":[{"embeddable":true,"href":"https:\/\/www.radiopiu.net\/wordpress\/wp-json\/wp\/v2\/media\/53894"}],"wp:attachment":[{"href":"https:\/\/www.radiopiu.net\/wordpress\/wp-json\/wp\/v2\/media?parent=114284"}],"wp:term":[{"taxonomy":"category","embeddable":true,"href":"https:\/\/www.radiopiu.net\/wordpress\/wp-json\/wp\/v2\/categories?post=114284"},{"taxonomy":"post_tag","embeddable":true,"href":"https:\/\/www.radiopiu.net\/wordpress\/wp-json\/wp\/v2\/tags?post=114284"}],"curies":[{"name":"wp","href":"https:\/\/api.w.org\/{rel}","templated":true}]}}