{"id":114286,"date":"2020-01-24T05:36:00","date_gmt":"2020-01-24T04:36:00","guid":{"rendered":"https:\/\/www.radiopiu.net\/wordpress\/?p=114286"},"modified":"2020-01-24T09:40:54","modified_gmt":"2020-01-24T08:40:54","slug":"giornale-radiopiu-24-gennaio-2020-direttore-mirko-mezzacasa","status":"publish","type":"post","link":"https:\/\/www.radiopiu.net\/wordpress\/giornale-radiopiu-24-gennaio-2020-direttore-mirko-mezzacasa\/","title":{"rendered":"GIORNALE RADIOPIU 24 GENNAIO 2020 direttore Mirko Mezzacasa"},"content":{"rendered":"<h3><span style=\"color: #ff00ff;\">Per ricevere gli aggiornamenti in tempo reale delle notizie pubblicate alla radio e sul sito di radio pi\u00f9 iscriviti al canale RADIO PIU INFORMAZIONE su <span style=\"color: #0000ff;\">Telegram<\/span>.\u00a0<span style=\"color: #000000;\"> <a style=\"color: #000000;\" href=\"https:\/\/t.me\/radiopiu\">clicca qui<\/a><\/span><\/span><\/h3>\n<blockquote><p><strong>563 di SALESEI tra PIAN DI SALESEI E SALESEI proroga ordinanza,<\/strong> dal 24 gennaio al 21 febbraio esclusi festivi e prefestivi INTERDIZIONE TOTALE AL TRAFFICO dalle 9 alle 17 per rimozione schianti. negli altri orari senso unico con semaforo<\/p>\n<p>&nbsp;<\/p><\/blockquote>\n<hr \/>\n<p>&nbsp;<\/p>\n<p>&nbsp;<\/p>\n<h3>NELL&#8217;INCIDENTE A BUSCHE PERDE LA VITA L&#8217;EX SINDACO SISTO BELLI<\/h3>\n<p><strong><a class=\"dt-pswp-item\" href=\"https:\/\/www.radiopiu.net\/wordpress\/wp-content\/uploads\/2020\/01\/photo_logo.jpg\" data-dt-img-description=\"\" data-large_image_width=\"1280\" data-large_image_height=\"720\"><img loading=\"lazy\" decoding=\"async\" class=\"size-medium wp-image-114372 alignright\" src=\"https:\/\/www.radiopiu.net\/wordpress\/wp-content\/uploads\/2020\/01\/photo_logo-300x169.jpg\" alt=\"\" width=\"300\" height=\"169\" srcset=\"https:\/\/www.radiopiu.net\/wordpress\/wp-content\/uploads\/2020\/01\/photo_logo-300x169.jpg 300w, https:\/\/www.radiopiu.net\/wordpress\/wp-content\/uploads\/2020\/01\/photo_logo-1024x576.jpg 1024w, https:\/\/www.radiopiu.net\/wordpress\/wp-content\/uploads\/2020\/01\/photo_logo-768x432.jpg 768w, https:\/\/www.radiopiu.net\/wordpress\/wp-content\/uploads\/2020\/01\/photo_logo.jpg 1280w\" sizes=\"auto, (max-width: 300px) 100vw, 300px\" \/><\/a>CESIOMAGGIORE<\/strong> Nel drammatico incidente di ieri pomeriggio a Piovena ha perso la vita Sisto Belli, 85 anni, gi\u00e0 sindaco di Feltre negli anni Settanta e fondatore dell&#8217;Agrario di Vellai. L&#8217;incidente lungo la statale 50 \u201cdel Grappa e del Passo Rolle al km 29, tra le localit\u00e0 Piovena, nel comune di Santa Giustina<\/p>\n<blockquote><p>&nbsp;<\/p><\/blockquote>\n<p>Sul luogo dell&#8217;incidente sono in corso dei lavori (senso unico alternato). L&#8217;auto dell&#8217;ex sindaco (non si esclude il malore) si \u00e8 rovesciata su un fianco dopo aver urtato un veicolo fermo in coda ed \u00e8 stata centrata in pieno da un&#8217;auto proveniente dal senso opposto\u00a0 su una Opel viaggiavano due donne sessantenni di Feltre, D.V. e N.S. portate all&#8217;ospedale, ma non sono in pericolo di vita. Coinvolte nell&#8217;incidente anche una Ford Kuga e una Peougeot che si trovavano ferme in colonna, fortunatamente nessuno ferito dei quattro a bordo delle due auto.<\/p>\n<p>&nbsp;<\/p>\n<div class=\"_2cuy _3dgx\" data-block=\"true\" data-editor=\"4d9d1\" data-offset-key=\"bl5fo-0-0\">\n<h3 class=\"_1mf _1mj\" data-offset-key=\"bl5fo-0-0\"><span data-offset-key=\"bl5fo-0-0\">IL SINDACO DI FELTRE PAOLO PERENZIN: <\/span><\/h3>\n<\/div>\n<div class=\"_2cuy _3dgx\" data-block=\"true\" data-editor=\"4d9d1\" data-offset-key=\"are8n-0-0\">\n<blockquote>\n<div class=\"_1mf _1mj\" data-offset-key=\"are8n-0-0\"><span data-offset-key=\"are8n-0-0\"><a class=\"dt-pswp-item\" href=\"https:\/\/www.radiopiu.net\/wordpress\/wp-content\/uploads\/2020\/01\/83508326_2723570621056733_69268240412442624_o.jpg\" data-dt-img-description=\"\" data-large_image_width=\"960\" data-large_image_height=\"942\"><img loading=\"lazy\" decoding=\"async\" class=\" wp-image-114383 alignleft\" src=\"https:\/\/www.radiopiu.net\/wordpress\/wp-content\/uploads\/2020\/01\/83508326_2723570621056733_69268240412442624_o-300x294.jpg\" alt=\"\" width=\"207\" height=\"203\" srcset=\"https:\/\/www.radiopiu.net\/wordpress\/wp-content\/uploads\/2020\/01\/83508326_2723570621056733_69268240412442624_o-300x294.jpg 300w, https:\/\/www.radiopiu.net\/wordpress\/wp-content\/uploads\/2020\/01\/83508326_2723570621056733_69268240412442624_o-768x754.jpg 768w, https:\/\/www.radiopiu.net\/wordpress\/wp-content\/uploads\/2020\/01\/83508326_2723570621056733_69268240412442624_o.jpg 960w\" sizes=\"auto, (max-width: 207px) 100vw, 207px\" \/><\/a><em>&#8220;Feltre perde con Sisto Belli, gi\u00e0 sindaco all&#8217;inizio degli anni &#8217;70, una delle figure storiche di una stagione di grande fermento della citt\u00e0, oltre che un appassionato conoscitore del nostro territorio, delle sue bellezze naturali e della sua cultura, anche popolare.<\/em><\/span><em>Belli fu interprete sincero della nostra comunit\u00e0 e fautore del suo sviluppo, anche grazie agli incarichi ricoperti in ambito professionale, soprattutto del settore agricolo. Ci uniamo nel cordoglio ai suoi familiari nel ricordo della sua figura di uomo retto, attaccato ai principi della famiglia e del senso di comunit\u00e0&#8221;.<\/em><\/div>\n<\/blockquote>\n<\/div>\n<div data-offset-key=\"1t6if-0-0\"><\/div>\n<div data-offset-key=\"1t6if-0-0\"><strong>DAL SITO DEL COMUNE DI FELTRE <\/strong>Morto in un incidente l&#8217;ex sindaco di Feltre Sisto Belli.<\/div>\n<div data-offset-key=\"1t6if-0-0\">\n<p>(Foto tratta dal libro &#8220;Stagioni di Feltre&#8221; di Giovanni Frescura).<\/p>\n<\/div>\n<p>&nbsp;<\/p>\n<p>&nbsp;<\/p>\n<p>&nbsp;<\/p>\n<p>&nbsp;<\/p>\n<p>&nbsp;<\/p>\n<p>&nbsp;<\/p>\n<p>&nbsp;<\/p>\n<hr \/>\n<p>&nbsp;<\/p>\n<p>&nbsp;<\/p>\n<h3>FAMIGLIA NEI GUAI A CORTINA, INTERVIENE IL SOCCORSO ALPINO E CARABINIERI<\/h3>\n<p><strong>CORTINA<\/strong> Una famiglia intera si \u00e8 ritrovata in difficolt\u00e0 in localit\u00e0 Rudavoi. Volevano percorrere l&#8217;anello lungo i sentieri Cai 222 e 224 ma sono rimasti bloccati lungo un terreno innevato e in forte pendenza. Alle 16.50 di ieri il Soccorso alpino di Cortina \u00e8 stato allertato per una famiglia in difficolt\u00e0 al rientro da una gita con le ciaspe. Marito e moglie settantenni, assieme al loro figlio trentenne, trevigiani, erano partiti dalla Cantoniera di Rubietta, tra il Passo Tre Croci e Misurina, per percorrere il giro del Cason di Pousa Marza. Al nomento di scendere verso il ponte di Ru da Voi, 500 metri a monte, i tre sono rimasti bloccati sopra un canalone, incapaci di proseguire. La famiglia e stata raggiunta da una squadra partita dal ponte. I soccorritori li hanno aiutati, scavando e spianando alcuni tratti davanti a loro per facilitarne il cammino, e li hanno riaccompagnati a valle.<\/p>\n<p>&nbsp;<\/p>\n<p>&nbsp;<\/p>\n<hr \/>\n<p>&nbsp;<\/p>\n<p>&nbsp;<\/p>\n<p>&nbsp;<\/p>\n<h3>INCENDIO DI UN&#8217;AUTOVETTURA IN ALPAGO<\/h3>\n<p><strong>ALPAGO<\/strong>\u00a0 I vigili del fuoco di Belluno insieme ai vigili del fuoco volontari dell&#8217;Alpago sono intervenuti ieri sera alle 20\u00a0 nel comune di Alpago localita&#8217; Garna per un incendio di un furgone Fiat Scudo.Lo stesso veniva parcheggiato e il conducente avvertiva odore da bruciato e immediatamente si innescava l&#8217;incendio.Nessun ferito solo danni ingenti al mezzo..Sul posto 2 APS(auto pompa serbatoio) e 9 uomini.<\/p>\n<p><a class=\"dt-pswp-item\" href=\"https:\/\/www.radiopiu.net\/wordpress\/wp-content\/uploads\/2020\/01\/photo_2020-01-23_21-40-14logo-1.jpg\" data-dt-img-description=\"\" data-large_image_width=\"1280\" data-large_image_height=\"591\"><img loading=\"lazy\" decoding=\"async\" class=\"alignnone wp-image-114424\" src=\"https:\/\/www.radiopiu.net\/wordpress\/wp-content\/uploads\/2020\/01\/photo_2020-01-23_21-40-14logo-1-300x139.jpg\" alt=\"\" width=\"458\" height=\"212\" srcset=\"https:\/\/www.radiopiu.net\/wordpress\/wp-content\/uploads\/2020\/01\/photo_2020-01-23_21-40-14logo-1-300x139.jpg 300w, https:\/\/www.radiopiu.net\/wordpress\/wp-content\/uploads\/2020\/01\/photo_2020-01-23_21-40-14logo-1-1024x473.jpg 1024w, https:\/\/www.radiopiu.net\/wordpress\/wp-content\/uploads\/2020\/01\/photo_2020-01-23_21-40-14logo-1-768x355.jpg 768w, https:\/\/www.radiopiu.net\/wordpress\/wp-content\/uploads\/2020\/01\/photo_2020-01-23_21-40-14logo-1.jpg 1280w\" sizes=\"auto, (max-width: 458px) 100vw, 458px\" \/><\/a><a class=\"dt-pswp-item\" href=\"https:\/\/www.radiopiu.net\/wordpress\/wp-content\/uploads\/2020\/01\/photo_2020-01-23_21-40-18logo.jpg\" data-dt-img-description=\"\" data-large_image_width=\"591\" data-large_image_height=\"1280\"><img loading=\"lazy\" decoding=\"async\" class=\"alignnone wp-image-114425\" src=\"https:\/\/www.radiopiu.net\/wordpress\/wp-content\/uploads\/2020\/01\/photo_2020-01-23_21-40-18logo-139x300.jpg\" alt=\"\" width=\"98\" height=\"212\" srcset=\"https:\/\/www.radiopiu.net\/wordpress\/wp-content\/uploads\/2020\/01\/photo_2020-01-23_21-40-18logo-139x300.jpg 139w, https:\/\/www.radiopiu.net\/wordpress\/wp-content\/uploads\/2020\/01\/photo_2020-01-23_21-40-18logo-473x1024.jpg 473w, https:\/\/www.radiopiu.net\/wordpress\/wp-content\/uploads\/2020\/01\/photo_2020-01-23_21-40-18logo.jpg 591w\" sizes=\"auto, (max-width: 98px) 100vw, 98px\" \/><\/a><\/p>\n<p>&nbsp;<\/p>\n<p>&nbsp;<\/p>\n<p>&nbsp;<\/p>\n<hr \/>\n<h3><\/h3>\n<h3>SPACCIO A CORTINA, OPERAZIONE DEI CARABINIERI<\/h3>\n<h3>CORTINA <strong>Stroncato lo spaccio di marijuana, la droga in arrivo dalla Calabria veniva smerciata sulle piste di sci della conca ampezzana da un insospettabile cuoco regolarmente assunto in un hotel. Francesco Graziano 41enne di Taurianova (Reggio Calabria), trapiantato a Cortina era in contatto per questi &#8220;affari&#8221; con il\u00a0 fratello Giuseppe.\u00a0\u00a0<\/strong><\/h3>\n<p>&nbsp;<\/p>\n<hr \/>\n<h3><\/h3>\n<p>&nbsp;<\/p>\n<h3>AL VIA I LAVORI PER L\u2019AMMODERNAMENTO DEL \u201cNODO\u201d DI LONGARONE LUNGO LA STRADA STATALE ALEMAGNA<\/h3>\n<p><strong>BELLUNO<\/strong>\u00a0 Si \u00e8 tenuto a Palazzo dei Rettori, un incontro per l\u2019esame delle possibili problematiche per la circolazione stradale derivanti dall\u2019imminente avvio\u00a0 dei lavori di ammodernamento della SS. 51 di Alemagna, all\u2019altezza di Longarone. Durante l\u2019incontro i referenti di ANAS hanno illustrato il cronoprogramma dei lavori e le misure assunte per ridurre gli inevitabili disagi lungo un\u2019arteria che, specie nel tratto longaronese, gi\u00e0 registra elevati volumi di traffico. Al riguardo, i presenti hanno convenuto sull\u2019esigenza di assumere tutte le possibili iniziative dirette ad assicurare, pure in presenza dei cantieri, la massima fluidit\u00e0 della circolazione, in particolare durante i fine settimana e in occasione delle Finali di Coppa del Mondo di Sci in programma a Cortina d\u2019Ampezzo il prossimo mese di marzo. Si \u00e8 inoltre stabilito di attivare un monitoraggio continuo sull\u2019andamento dei lavori e sulle criticit\u00e0 per il traffico ad essi legate, attraverso la convocazione di appositi tavoli di lavoro, estesi alla partecipazione di tutti gli enti ed associazioni di categoria interessati dalle eventuali problematiche. Attenzione particolare sar\u00e0 dedicata alle Finali di Coppa del Mondo di fine marzo, in previsione delle quali sar\u00e0 a breve convocata dal Prefetto un\u2019apposita riunione del Comitato Provinciale per l\u2019Ordine e la Sicurezza Pubblica per la definizione del piano di sicurezza dell\u2019evento, all\u2019interno del quale saranno previste anche specifiche misure attinenti alla viabilit\u00e0.<\/p>\n<p>&nbsp;<\/p>\n<p>&nbsp;<\/p>\n<hr \/>\n<p>&nbsp;<\/p>\n<p>&nbsp;<\/p>\n<h3>ROBERTO PADRIN DA&#8217; IL BENVENUTO ALLA SOPRINTENDENZA, &#8220;OPPORTUNITA&#8217; PER APRIRE AL DIALOGO&#8221;<\/h3>\n<p><strong>DALLA RASSEGNA STAMPA DELLE 8<\/strong><\/p>\n<audio class=\"wp-audio-shortcode\" id=\"audio-114286-1\" preload=\"none\" style=\"width: 100%;\" controls=\"controls\"><source type=\"audio\/mpeg\" src=\"https:\/\/www.radiopiu.net\/wordpress\/wp-content\/uploads\/2020\/01\/padrin-1.mp3?_=1\" \/><a href=\"https:\/\/www.radiopiu.net\/wordpress\/wp-content\/uploads\/2020\/01\/padrin-1.mp3\">https:\/\/www.radiopiu.net\/wordpress\/wp-content\/uploads\/2020\/01\/padrin-1.mp3<\/a><\/audio>\n<p>&nbsp;<\/p>\n<p><strong><a class=\"dt-pswp-item\" href=\"https:\/\/www.radiopiu.net\/wordpress\/wp-content\/uploads\/2015\/10\/roberto-padrin-2.jpg\" data-dt-img-description=\"\" data-large_image_width=\"201\" data-large_image_height=\"237\"><img loading=\"lazy\" decoding=\"async\" class=\"wp-image-11554 alignleft\" src=\"https:\/\/www.radiopiu.net\/wordpress\/wp-content\/uploads\/2015\/10\/roberto-padrin-2.jpg\" alt=\"\" width=\"159\" height=\"187\" \/><\/a>BELLUNO<\/strong> La Soprintendenza chiede stanze a Palazzo Piloni per far lavorare i funzionari a Belluno, una volta al mese da febbraio. Per Il Presidente Roberto Padrin \u00e8 un&#8217;opportunit\u00e0 per aprire al dialogo con il soprintendente Fabrizio Magani e la definisce una novit\u00e0 rispetto al passato. <em>&#8220;La Provincia in ogni caso resta a fianco dei Comuni comelicesi e di Auronzo, a servizio del territorio e delle comunit\u00e0 locali\u00bb <\/em>\u00e8 l&#8217;immediata puntualizzazione del \u00a0presidente che guarda comunque di buon occhio alla nuova richiesta <em>\u00abIn questo modo, potranno conoscere il territorio e capire le sue dinamiche. Da sempre lamentiamo il fatto che i funzionari e i burocrati di Roma e di Venezia prendono decisioni senza sapere quelle che sono le realt\u00e0, le criticit\u00e0, e i punti di forza del Bellunese\u00bb.<\/em><br \/>\nSulla partita dei vincoli che riguardano Auronzo e il Comelico, la Provincia ha avviato l\u2019iter per le tutele giudiziarie, con un apposito ordine del giorno, varato eccezionalmente a Santo Stefano, il 14 gennaio scorso.<em> &#8220;Quel provvedimento rimane, perch\u00e9 ce lo ha chiesto il territorio&#8221;\u00a0<\/em> conclude il presidente Padrin -. I<\/p>\n<p>&nbsp;<\/p>\n<p>&nbsp;<\/p>\n<hr \/>\n<p>&nbsp;<\/p>\n<p>&nbsp;<\/p>\n<h3>SOPRINTENDENZA IN PROVINCIA? &#8220;CHE SE NE RESTINO A CASA LORO&#8221;<\/h3>\n<p><strong><a class=\"dt-pswp-item\" href=\"https:\/\/www.radiopiu.net\/wordpress\/wp-content\/uploads\/2018\/07\/VIVAIO-DOLOMITI.jpg\" data-dt-img-description=\"\" data-large_image_width=\"247\" data-large_image_height=\"204\"><img loading=\"lazy\" decoding=\"async\" class=\"size-full wp-image-53894 alignleft\" src=\"https:\/\/www.radiopiu.net\/wordpress\/wp-content\/uploads\/2018\/07\/VIVAIO-DOLOMITI.jpg\" alt=\"\" width=\"247\" height=\"204\" \/><\/a>BELLUN<\/strong>O No ad un ufficio della Soprintendenza in Provincia, lo dice a chiare lettere Vivaio Dolomiti e sono passati pochi minuti dal comunicato stampa a firma del presidente della Provincia. Vivaio Dolomiti cos\u00ec motiva il suo malessere&#8221;:<em> &#8220;Prima ci mettono i vincoli senza uno straccio di concertazione con il territorio, poi perch\u00e9 si reagisce a questo sopruso allora la Soprintendenza chiede di aprire un ufficio in Provincia. Ma che restino a casa loro, ben distanti dalla nostra provincia visto l&#8217;atteggiamento con cui hanno trattato i nostri esponenti durante gli incontri a Roma e viste le risposte date alle nostre osservazioni puntuali e tecniche inviate loro sui vincoli&#8221;.<\/em><\/p>\n<blockquote><p>Vivaio Dolomiti ipotizza si tratti di una finta apertura e risponde con un messaggio:<em> &#8220;Ritiro immediato del provvedimento e autorizzazione del collegamento sciistico Comelico-Pusteria in tempi rapidi visto che si aspetta da anni. Fatto questo, poi potranno chiedere un dialogo. Prima non c&#8217;\u00e8 nulla di cui discutere&#8221;.<\/em><\/p><\/blockquote>\n<p>&nbsp;<\/p>\n<p>&nbsp;<\/p>\n<hr \/>\n<p>&nbsp;<\/p>\n<p>&nbsp;<\/p>\n<h3>DISSESTO IDROGEOLOGICO A PONTE ALTO, INFORMATI I SERVIZI FORESTALI<\/h3>\n<p><strong><a class=\"dt-pswp-item\" href=\"https:\/\/www.radiopiu.net\/wordpress\/wp-content\/uploads\/2017\/05\/GIOVANNI-NINO-DEON.jpg\" data-dt-img-description=\"\" data-large_image_width=\"745\" data-large_image_height=\"721\"><img loading=\"lazy\" decoding=\"async\" class=\"wp-image-32109 alignleft\" src=\"https:\/\/www.radiopiu.net\/wordpress\/wp-content\/uploads\/2017\/05\/GIOVANNI-NINO-DEON-300x290.jpg\" alt=\"\" width=\"139\" height=\"134\" \/><\/a>RIVAMONTE<\/strong> Nei primi giorni del mese di gennaio ci eravamo interessati della situazione in Val Piciola dopo la lettera che Luciano Casarin ha inviato anche al sindaco Giovanni Nino Deon. Oggi scorre un mite corso d&#8217;acqua, ma nei giorni di Vaia si era gonfiato trascinando materiale e alberi, soprattutto da allora mette a rischio un muraglione che delimita una propriet\u00e0 privata, poco sotto c&#8217;\u00e8 invece chi si lamenta per le fessurazioni sulla casa perch\u00e8 l&#8217;acqua non seguendo il corso imposto lungo il canale penetra nel sottosuolo. Il sindaco conosce il problema ma anticipa subito che non si tratta di un &#8220;affare&#8221; comunale. <em>&#8220;Non \u00e8 il Comune che deve intervenire &#8211; precisa Deon &#8211; nemmeno la Regione o il Genio Civile, a questi enti \u00e8 stata inviata lo scorso giugno la missiva del cittadino. Chi ha competenza in questo caso sono i servizi forestali. Come Comune abbiamo gi\u00e0 provveduto alla giusta informazione&#8221;.<\/em> Deon per\u00f2 il problema lo conosce da tempo\u00a0<em> &#8220;E&#8217; vero gi\u00e0 da quando non ero sindaco, allora i proprietari delle abitazioni venivano a parlarmi, poi sono diventato sindaco e hanno iniziato a scrivere. Il problema esiste per questo abbiamo informato i Servizi Forestali che sono gi\u00e0 intervenuti negli anni scorsi investendo parecchi soldi. Avevano previsto di fare ulteriori interventi ma Vaia ha cambiato la programmazione. Speriamo che i lavori vengano inseriti in questo 2020 \u00e8 ovvio che il problema \u00e8 anche finanziario&#8221;.<\/em> Infine il sindaco di Rivamonte aggiunge una precisazione: <em>&#8220;Luciano Casarin ci ha inviato la segnalazione il 17 giugno, il Genio Civile pochi giorni dopo, il 3 luglio ha informato i Servizi Forestali&#8221;.<\/em><\/p>\n<p>&nbsp;<\/p>\n<h2>DAL NOTIZIARIO\u00a0 DEL 3 GENNAIO 2020<\/h2>\n<h3>CLICCA PER APPROFONDIRE<\/h3>\n<blockquote class=\"wp-embedded-content\" data-secret=\"bzQRmwUmbh\"><p><a href=\"https:\/\/www.radiopiu.net\/wordpress\/111800-2\/\">VAL PICIOLA, DA GIUGNO LA &#8220;DENUNCIA&#8221; DI EROSIONI E AD OGGI NESSUNA RISPOSTA<\/a><\/p><\/blockquote>\n<p><iframe loading=\"lazy\" title=\"&#8220;VAL PICIOLA, DA GIUGNO LA &#8220;DENUNCIA&#8221; DI EROSIONI E AD OGGI NESSUNA RISPOSTA&#8221; &#8212; Radio Pi\u00f9\" class=\"wp-embedded-content\" sandbox=\"allow-scripts\" security=\"restricted\" style=\"position: absolute; clip: rect(1px, 1px, 1px, 1px);\" src=\"https:\/\/www.radiopiu.net\/wordpress\/111800-2\/embed\/#?secret=bzQRmwUmbh\" data-secret=\"bzQRmwUmbh\" width=\"600\" height=\"338\" frameborder=\"0\" marginwidth=\"0\" marginheight=\"0\" scrolling=\"no\"><\/iframe><\/p>\n<p>&nbsp;<\/p>\n<p>&nbsp;<\/p>\n<hr \/>\n<p>&nbsp;<\/p>\n<p>&nbsp;<\/p>\n<h2>CADONO I CALCINACCI E LA GIA&#8217; DISSESTATA STRADA COMUNALE RIMANE CHIUSA<\/h2>\n<p><strong><a class=\"dt-pswp-item\" href=\"https:\/\/www.radiopiu.net\/wordpress\/wp-content\/uploads\/2020\/01\/708f5e90-ad7f-4187-ac74-cb2aa25ea568.jpg\" data-dt-img-description=\"\" data-large_image_width=\"1599\" data-large_image_height=\"1200\"><img loading=\"lazy\" decoding=\"async\" class=\" wp-image-114275 alignleft\" src=\"https:\/\/www.radiopiu.net\/wordpress\/wp-content\/uploads\/2020\/01\/708f5e90-ad7f-4187-ac74-cb2aa25ea568-300x225.jpg\" alt=\"\" width=\"260\" height=\"195\" srcset=\"https:\/\/www.radiopiu.net\/wordpress\/wp-content\/uploads\/2020\/01\/708f5e90-ad7f-4187-ac74-cb2aa25ea568-300x225.jpg 300w, https:\/\/www.radiopiu.net\/wordpress\/wp-content\/uploads\/2020\/01\/708f5e90-ad7f-4187-ac74-cb2aa25ea568-1024x768.jpg 1024w, https:\/\/www.radiopiu.net\/wordpress\/wp-content\/uploads\/2020\/01\/708f5e90-ad7f-4187-ac74-cb2aa25ea568-768x576.jpg 768w, https:\/\/www.radiopiu.net\/wordpress\/wp-content\/uploads\/2020\/01\/708f5e90-ad7f-4187-ac74-cb2aa25ea568-1536x1153.jpg 1536w, https:\/\/www.radiopiu.net\/wordpress\/wp-content\/uploads\/2020\/01\/708f5e90-ad7f-4187-ac74-cb2aa25ea568.jpg 1599w\" sizes=\"auto, (max-width: 260px) 100vw, 260px\" \/><\/a>RIVAMONTE<\/strong> Raggiungere le frazioni di Sep o Schena \u00e8 diventato difficile per le quattro famiglie che vi abitano. Imboccata la comunale dalla Provinciale 3 poco sopra Ponte Alto \u00e8 possibile percorrere quella strada per qualche centinaia di metri tra asfalto dissestato e totale mancanza di protezioni, forse una volta c&#8217;era il guard rail, oggi non pi\u00f9. Poco pi\u00f9 avanti il cartello di divieto di transito sia veicolare che pedonale e al cittadino non rimane che parcheggiare e proseguire a piedi passando sotto ad una vecchia abitazione diroccata, ma non del tutto. Infatti del materiale \u00e8 gi\u00e0 arrivato in strada e a novembre i vigili del fuoco sono intervenuti, immediata l&#8217;ordinanza del sindaco Giovanni Nino Deon di chiudere la strada anche ai pedoni che per\u00f2 se vogliono ritornare a casa evitando il bosco l\u00ec ci vedono passare, con la carriola per portare la spesa e incrociando le dita.<\/p>\n<p>L&#8217;ORDINANZA <strong><span style=\"color: #0000ff;\"><a style=\"color: #0000ff;\" href=\"https:\/\/rivamonteagordino.trasparenza-valutazione-merito.it\/web\/trasparenza\/papca-p?p_p_id=jcitygovalbopubblicazioni_WAR_jcitygovalbiportlet&amp;p_p_lifecycle=2&amp;p_p_state=pop_up&amp;p_p_mode=view&amp;p_p_resource_id=downloadAllegato&amp;p_p_cacheability=cacheLevelPage&amp;_jcitygovalbopubblicazioni_WAR_jcitygovalbiportlet_downloadSigned=false&amp;_jcitygovalbopubblicazioni_WAR_jcitygovalbiportlet_id=8787435&amp;_jcitygovalbopubblicazioni_WAR_jcitygovalbiportlet_action=mostraDettaglio&amp;_jcitygovalbopubblicazioni_WAR_jcitygovalbiportlet_fromAction=recuperaDettaglio\">CLICCA QUI<\/a><\/span><\/strong><\/p>\n<p><strong>L&#8217;INTERVISTA AL SINDACO GIOVANNI NINO DEON<\/strong><\/p>\n<p><em>&#8220;Dopo il sopralluogo dei vigili del fuoco non potevamo che chiudere la strada con una precisa ordinanza&#8221;<\/em> <strong>Quindi la motivazione \u00e8 che i resti di un&#8217;abitazione privata minacciano la strada da oltre 2 mesi?<\/strong> <em>&#8220;Esatto e abbiamo avvisato il proprietario che ha pulito la strada, tamponato il peggio, ma ancora non \u00e8 sufficiente, abbiamo chiesto quindi di eseguire l&#8217;intervento come da ordinanza&#8221;<\/em> <strong>Evidentemente se l&#8217;ordinanza non \u00e8 stata revocata significa che il problema non ha trovato soluzione?<\/strong> <em>&#8220;Infatti, il proprietario doveva intervenire entro oggi 24 gennaio, a questo punto scaduti i termini interverremo noi addossando al proprietario dell&#8217;infrastruttura i relativi costi&#8221;. <\/em><strong>Prima ma soprattutto dopo Vaia cosa \u00e8 stato fatto per quella strada comunale che oggi si presenta con profonde fessurazioni?<\/strong> &#8220;<em>Avevamo nei programmi di sistemare quella strada dopo un intervento della scorsa primavera quando \u00e8 stata messa in sicurezza. Dobbiamo continuare i lavori e rimettere le protezioni lungo quella comunale che tra l&#8217;altro si &#8220;muove&#8221; \u00e8 un problema da affrontare non appena la situazione meterologica lo permetter\u00e0&#8221;.<\/em><\/p>\n<h3>IL RACCONTO FOTOGRAFICO<\/h3>\n\n\t\t\t<style type='text\/css'>\n\t\t\t\t#gallery-1 {\n\t\t\t\t\tmargin: auto;\n\t\t\t\t}\n\t\t\t\t#gallery-1 .gallery-item {\n\t\t\t\t\tfloat: left;\n\t\t\t\t\tmargin-top: 10px;\n\t\t\t\t\ttext-align: center;\n\t\t\t\t\twidth: 33%;\n\t\t\t\t}\n\t\t\t\t#gallery-1 img {\n\t\t\t\t\tborder: 2px solid #cfcfcf;\n\t\t\t\t}\n\t\t\t\t#gallery-1 .gallery-caption {\n\t\t\t\t\tmargin-left: 0;\n\t\t\t\t}\n\t\t\t\t\/* see gallery_shortcode() in wp-includes\/media.php *\/\n\t\t\t<\/style>\n\t\t<div id='gallery-1' class='dt-gallery-container gallery galleryid-114286 gallery-columns-3 gallery-size-thumbnail'><dl class='gallery-item'>\n\t\t\t\t<dt class='gallery-icon landscape'>\n\t\t\t\t\t<a class=\"rollover\" href='https:\/\/www.radiopiu.net\/wordpress\/sep\/a344571e-4408-4ba8-815e-b66e7162b6ac\/'><img loading=\"lazy\" decoding=\"async\" width=\"150\" height=\"150\" src=\"https:\/\/www.radiopiu.net\/wordpress\/wp-content\/uploads\/2020\/01\/a344571e-4408-4ba8-815e-b66e7162b6ac-150x150.jpg\" class=\"attachment-thumbnail size-thumbnail\" alt=\"\" aria-describedby=\"gallery-1-114317\" \/><\/a>\n\t\t\t\t<\/dt>\n\t\t\t\t\t<dd class='wp-caption-text gallery-caption' id='gallery-1-114317'>\n\t\t\t\t\tOFF LIMIT\n\t\t\t\t\t<\/dd><\/dl><dl class='gallery-item'>\n\t\t\t\t<dt class='gallery-icon landscape'>\n\t\t\t\t\t<a class=\"rollover\" href='https:\/\/www.radiopiu.net\/wordpress\/sep\/3b63fbe0-1fde-4336-be66-39916bf46557\/'><img loading=\"lazy\" decoding=\"async\" width=\"150\" height=\"150\" src=\"https:\/\/www.radiopiu.net\/wordpress\/wp-content\/uploads\/2020\/01\/3b63fbe0-1fde-4336-be66-39916bf46557-150x150.jpg\" class=\"attachment-thumbnail size-thumbnail\" alt=\"\" aria-describedby=\"gallery-1-114316\" \/><\/a>\n\t\t\t\t<\/dt>\n\t\t\t\t\t<dd class='wp-caption-text gallery-caption' id='gallery-1-114316'>\n\t\t\t\t\tL&#8217;ORDINANZA \n\t\t\t\t\t<\/dd><\/dl><dl class='gallery-item'>\n\t\t\t\t<dt class='gallery-icon landscape'>\n\t\t\t\t\t<a class=\"rollover\" href='https:\/\/www.radiopiu.net\/wordpress\/sep\/3036afe3-33ed-4b71-982d-429ff0822a5d\/'><img loading=\"lazy\" decoding=\"async\" width=\"150\" height=\"150\" src=\"https:\/\/www.radiopiu.net\/wordpress\/wp-content\/uploads\/2020\/01\/3036afe3-33ed-4b71-982d-429ff0822a5d-150x150.jpg\" class=\"attachment-thumbnail size-thumbnail\" alt=\"\" aria-describedby=\"gallery-1-114313\" \/><\/a>\n\t\t\t\t<\/dt>\n\t\t\t\t\t<dd class='wp-caption-text gallery-caption' id='gallery-1-114313'>\n\t\t\t\t\tLA CASA DA METTERE IN SICUREZZA\n\t\t\t\t\t<\/dd><\/dl><br style=\"clear: both\" \/><dl class='gallery-item'>\n\t\t\t\t<dt class='gallery-icon landscape'>\n\t\t\t\t\t<a class=\"rollover\" href='https:\/\/www.radiopiu.net\/wordpress\/sep\/380dbf25-d19f-434a-b089-3a5cd4760bf5\/'><img loading=\"lazy\" decoding=\"async\" width=\"150\" height=\"150\" src=\"https:\/\/www.radiopiu.net\/wordpress\/wp-content\/uploads\/2020\/01\/380dbf25-d19f-434a-b089-3a5cd4760bf5-150x150.jpg\" class=\"attachment-thumbnail size-thumbnail\" alt=\"\" aria-describedby=\"gallery-1-114320\" \/><\/a>\n\t\t\t\t<\/dt>\n\t\t\t\t\t<dd class='wp-caption-text gallery-caption' id='gallery-1-114320'>\n\t\t\t\t\tLA CASA DA METTERE IN SICUREZZA\n\t\t\t\t\t<\/dd><\/dl><dl class='gallery-item'>\n\t\t\t\t<dt class='gallery-icon landscape'>\n\t\t\t\t\t<a class=\"rollover\" href='https:\/\/www.radiopiu.net\/wordpress\/sep\/7bdc5956-3605-4e15-860f-136f1cc10c13\/'><img loading=\"lazy\" decoding=\"async\" width=\"150\" height=\"150\" src=\"https:\/\/www.radiopiu.net\/wordpress\/wp-content\/uploads\/2020\/01\/7bdc5956-3605-4e15-860f-136f1cc10c13-150x150.jpg\" class=\"attachment-thumbnail size-thumbnail\" alt=\"\" aria-describedby=\"gallery-1-114319\" \/><\/a>\n\t\t\t\t<\/dt>\n\t\t\t\t\t<dd class='wp-caption-text gallery-caption' id='gallery-1-114319'>\n\t\t\t\t\tPARTICOLARI\n\t\t\t\t\t<\/dd><\/dl><dl class='gallery-item'>\n\t\t\t\t<dt class='gallery-icon landscape'>\n\t\t\t\t\t<a class=\"rollover\" href='https:\/\/www.radiopiu.net\/wordpress\/sep\/790ef225-acce-460f-a645-8ea5c5854bb4\/'><img loading=\"lazy\" decoding=\"async\" width=\"150\" height=\"150\" src=\"https:\/\/www.radiopiu.net\/wordpress\/wp-content\/uploads\/2020\/01\/790ef225-acce-460f-a645-8ea5c5854bb4-150x150.jpg\" class=\"attachment-thumbnail size-thumbnail\" alt=\"\" aria-describedby=\"gallery-1-114318\" \/><\/a>\n\t\t\t\t<\/dt>\n\t\t\t\t\t<dd class='wp-caption-text gallery-caption' id='gallery-1-114318'>\n\t\t\t\t\tPARTICOLARI\n\t\t\t\t\t<\/dd><\/dl><br style=\"clear: both\" \/><dl class='gallery-item'>\n\t\t\t\t<dt class='gallery-icon landscape'>\n\t\t\t\t\t<a class=\"rollover\" href='https:\/\/www.radiopiu.net\/wordpress\/sep\/d4b5bd7d-198a-4721-afc2-14f54ef15073\/'><img loading=\"lazy\" decoding=\"async\" width=\"150\" height=\"150\" src=\"https:\/\/www.radiopiu.net\/wordpress\/wp-content\/uploads\/2020\/01\/d4b5bd7d-198a-4721-afc2-14f54ef15073-150x150.jpg\" class=\"attachment-thumbnail size-thumbnail\" alt=\"\" aria-describedby=\"gallery-1-114312\" \/><\/a>\n\t\t\t\t<\/dt>\n\t\t\t\t\t<dd class='wp-caption-text gallery-caption' id='gallery-1-114312'>\n\t\t\t\t\tLA DISSESTATA STRADA\n\t\t\t\t\t<\/dd><\/dl><dl class='gallery-item'>\n\t\t\t\t<dt class='gallery-icon landscape'>\n\t\t\t\t\t<a class=\"rollover\" href='https:\/\/www.radiopiu.net\/wordpress\/sep\/7dc9a8b9-8c36-4922-9f32-8ded54b02f5b\/'><img loading=\"lazy\" decoding=\"async\" width=\"150\" height=\"150\" src=\"https:\/\/www.radiopiu.net\/wordpress\/wp-content\/uploads\/2020\/01\/7dc9a8b9-8c36-4922-9f32-8ded54b02f5b-150x150.jpg\" class=\"attachment-thumbnail size-thumbnail\" alt=\"\" aria-describedby=\"gallery-1-114315\" \/><\/a>\n\t\t\t\t<\/dt>\n\t\t\t\t\t<dd class='wp-caption-text gallery-caption' id='gallery-1-114315'>\n\t\t\t\t\tLA DISSESTATA STRADA\n\t\t\t\t\t<\/dd><\/dl>\n\t\t\t\t<br style='clear: both' \/>\n\t\t\t<\/div>\n\n<p>&nbsp;<\/p>\n<hr \/>\n<p>&nbsp;<\/p>\n<p>&nbsp;<\/p>\n<p>&nbsp;<\/p>\n<h3>ENTE BILATERALE DALLA SICUREZZA ALL&#8217;WELFARE AZIENDALE<\/h3>\n<p><a class=\"dt-pswp-item\" href=\"https:\/\/www.radiopiu.net\/wordpress\/wp-content\/uploads\/2020\/01\/b687428a-7e57-41f9-8895-1c47d484332c.jpg\" data-dt-img-description=\"\" data-large_image_width=\"1600\" data-large_image_height=\"1200\"><img loading=\"lazy\" decoding=\"async\" class=\"size-medium wp-image-114309 alignleft\" src=\"https:\/\/www.radiopiu.net\/wordpress\/wp-content\/uploads\/2020\/01\/b687428a-7e57-41f9-8895-1c47d484332c-300x225.jpg\" alt=\"\" width=\"300\" height=\"225\" srcset=\"https:\/\/www.radiopiu.net\/wordpress\/wp-content\/uploads\/2020\/01\/b687428a-7e57-41f9-8895-1c47d484332c-300x225.jpg 300w, https:\/\/www.radiopiu.net\/wordpress\/wp-content\/uploads\/2020\/01\/b687428a-7e57-41f9-8895-1c47d484332c-1024x768.jpg 1024w, https:\/\/www.radiopiu.net\/wordpress\/wp-content\/uploads\/2020\/01\/b687428a-7e57-41f9-8895-1c47d484332c-768x576.jpg 768w, https:\/\/www.radiopiu.net\/wordpress\/wp-content\/uploads\/2020\/01\/b687428a-7e57-41f9-8895-1c47d484332c-1536x1152.jpg 1536w, https:\/\/www.radiopiu.net\/wordpress\/wp-content\/uploads\/2020\/01\/b687428a-7e57-41f9-8895-1c47d484332c.jpg 1600w\" sizes=\"auto, (max-width: 300px) 100vw, 300px\" \/><\/a><\/p>\n<p>&nbsp;<\/p>\n<p>&nbsp;<\/p>\n<p>&nbsp;<\/p>\n<p>&nbsp;<\/p>\n<p>&nbsp;<\/p>\n<p>&nbsp;<\/p>\n<p>&nbsp;<\/p>\n<p>BELLUNO<\/p>\n<p><strong>di Moreno Gioli<\/strong><\/p>\n<audio class=\"wp-audio-shortcode\" id=\"audio-114286-2\" preload=\"none\" style=\"width: 100%;\" controls=\"controls\"><source type=\"audio\/mpeg\" src=\"https:\/\/www.radiopiu.net\/wordpress\/wp-content\/uploads\/2020\/01\/MORENO.mp3?_=2\" \/><a href=\"https:\/\/www.radiopiu.net\/wordpress\/wp-content\/uploads\/2020\/01\/MORENO.mp3\">https:\/\/www.radiopiu.net\/wordpress\/wp-content\/uploads\/2020\/01\/MORENO.mp3<\/a><\/audio>\n<p>IL PRESIDENTE SANDRO LAVANDA<\/p>\n<audio class=\"wp-audio-shortcode\" id=\"audio-114286-3\" preload=\"none\" style=\"width: 100%;\" controls=\"controls\"><source type=\"audio\/mpeg\" src=\"https:\/\/www.radiopiu.net\/wordpress\/wp-content\/uploads\/2020\/01\/LAVANDA.mp3?_=3\" \/><a href=\"https:\/\/www.radiopiu.net\/wordpress\/wp-content\/uploads\/2020\/01\/LAVANDA.mp3\">https:\/\/www.radiopiu.net\/wordpress\/wp-content\/uploads\/2020\/01\/LAVANDA.mp3<\/a><\/audio>\n<p>LA VICE PRESIDENTE FULVIA BORTOLUZZI<\/p>\n<audio class=\"wp-audio-shortcode\" id=\"audio-114286-4\" preload=\"none\" style=\"width: 100%;\" controls=\"controls\"><source type=\"audio\/mpeg\" src=\"https:\/\/www.radiopiu.net\/wordpress\/wp-content\/uploads\/2020\/01\/FULVIA.mp3?_=4\" \/><a href=\"https:\/\/www.radiopiu.net\/wordpress\/wp-content\/uploads\/2020\/01\/FULVIA.mp3\">https:\/\/www.radiopiu.net\/wordpress\/wp-content\/uploads\/2020\/01\/FULVIA.mp3<\/a><\/audio>\n<p>&nbsp;<\/p>\n<p>&nbsp;<\/p>\n<p>&nbsp;<\/p>\n<hr \/>\n<p>&nbsp;<\/p>\n<p>&nbsp;<\/p>\n<h3>VACCINI ANTI TBE CONTINUERA&#8217; PER TUTTO L&#8217;INVERNO E LA PRIMAVERA, IL PERIODO MIGLIORE PRIMA DELLA STAGIONE DELLE ZECCHE<\/h3>\n<p><strong><a class=\"dt-pswp-item\" href=\"https:\/\/www.radiopiu.net\/wordpress\/wp-content\/uploads\/2017\/04\/ZECCA-1.jpg\" data-dt-img-description=\"\" data-large_image_width=\"1192\" data-large_image_height=\"797\"><img loading=\"lazy\" decoding=\"async\" class=\"size-medium wp-image-31441 alignleft\" src=\"https:\/\/www.radiopiu.net\/wordpress\/wp-content\/uploads\/2017\/04\/ZECCA-1-300x201.jpg\" alt=\"\" width=\"300\" height=\"201\" \/><\/a><\/strong><\/p>\n<p>&nbsp;<\/p>\n<p>&nbsp;<\/p>\n<p>&nbsp;<\/p>\n<p><strong>AGORDO<\/strong><\/p>\n<p>&nbsp;<\/p>\n<p>&nbsp;<\/p>\n<p><strong>DI GIANNI SANTOMASO<\/strong><\/p>\n<audio class=\"wp-audio-shortcode\" id=\"audio-114286-5\" preload=\"none\" style=\"width: 100%;\" controls=\"controls\"><source type=\"audio\/mpeg\" src=\"https:\/\/www.radiopiu.net\/wordpress\/wp-content\/uploads\/2020\/01\/tbe-gianin.mp3?_=5\" \/><a href=\"https:\/\/www.radiopiu.net\/wordpress\/wp-content\/uploads\/2020\/01\/tbe-gianin.mp3\">https:\/\/www.radiopiu.net\/wordpress\/wp-content\/uploads\/2020\/01\/tbe-gianin.mp3<\/a><\/audio>\n<p>&nbsp;<\/p>\n<p>&nbsp;<\/p>\n<p>&nbsp;<\/p>\n<hr \/>\n<p>&nbsp;<\/p>\n<p>&nbsp;<\/p>\n<h3>GAER, UNA STRADA DA SISTEMARE PER L&#8217;ACCESSO A CARFON OLTRE IL VERSANTE IN FRANA<\/h3>\n<p><strong><a class=\"dt-pswp-item\" href=\"https:\/\/www.radiopiu.net\/wordpress\/wp-content\/uploads\/2020\/01\/WhatsApp-Image-2020-01-23-at-19.29.31.jpeg\" data-dt-img-description=\"\" data-large_image_width=\"1600\" data-large_image_height=\"900\"><img loading=\"lazy\" decoding=\"async\" class=\"size-medium wp-image-114389 alignleft\" src=\"https:\/\/www.radiopiu.net\/wordpress\/wp-content\/uploads\/2020\/01\/WhatsApp-Image-2020-01-23-at-19.29.31-300x169.jpeg\" alt=\"\" width=\"300\" height=\"169\" srcset=\"https:\/\/www.radiopiu.net\/wordpress\/wp-content\/uploads\/2020\/01\/WhatsApp-Image-2020-01-23-at-19.29.31-300x169.jpeg 300w, https:\/\/www.radiopiu.net\/wordpress\/wp-content\/uploads\/2020\/01\/WhatsApp-Image-2020-01-23-at-19.29.31-1024x576.jpeg 1024w, https:\/\/www.radiopiu.net\/wordpress\/wp-content\/uploads\/2020\/01\/WhatsApp-Image-2020-01-23-at-19.29.31-768x432.jpeg 768w, https:\/\/www.radiopiu.net\/wordpress\/wp-content\/uploads\/2020\/01\/WhatsApp-Image-2020-01-23-at-19.29.31-1536x864.jpeg 1536w, https:\/\/www.radiopiu.net\/wordpress\/wp-content\/uploads\/2020\/01\/WhatsApp-Image-2020-01-23-at-19.29.31.jpeg 1600w\" sizes=\"auto, (max-width: 300px) 100vw, 300px\" \/><\/a>CANALE D&#8217;AGORDO<\/strong> Carfon \u00e8 sempre isolato, dalla 346 del San Pellegrino ancora non si sale, la strada comunale \u00e8 chiusa dal novembre scorso. Da allora i cittadini per tornare a casa percorrono la strada a tornanti di Gaer individuata come valida alternativa ma necessit\u00e0 di interventi. E&#8217; la priorit\u00e0 del sindaco Flavio Colcergnan<\/p>\n<p><strong>di GIANNI SANTOMASO<\/strong><\/p>\n<audio class=\"wp-audio-shortcode\" id=\"audio-114286-6\" preload=\"none\" style=\"width: 100%;\" controls=\"controls\"><source type=\"audio\/mpeg\" src=\"https:\/\/www.radiopiu.net\/wordpress\/wp-content\/uploads\/2020\/01\/gianni-gaer.mp3?_=6\" \/><a href=\"https:\/\/www.radiopiu.net\/wordpress\/wp-content\/uploads\/2020\/01\/gianni-gaer.mp3\">https:\/\/www.radiopiu.net\/wordpress\/wp-content\/uploads\/2020\/01\/gianni-gaer.mp3<\/a><\/audio>\n<p>&nbsp;<\/p>\n<p>&nbsp;<\/p>\n<p>&nbsp;<\/p>\n<hr \/>\n<p>&nbsp;<\/p>\n<p>&nbsp;<\/p>\n<h3>IN CORSO LA SETTIMANA BIANCA PER NON VEDENTI A FALCADE<\/h3>\n<p><strong>FALCADE<\/strong> Sono tornati e sono in tanti. Sono i non vedenti e ipovedenti in vacanza sulle piste del comprensorio Falcade-San Pellegrino. E&#8217; in corso la settimana bianca e Radio Pi\u00f9 con questo omaggio fotografico saluta i graditi ospiti ma anche i tanti volontari che permettono lo svolgimento della settimana bianca.<\/p>\n<p><a class=\"dt-pswp-item\" href=\"https:\/\/www.radiopiu.net\/wordpress\/wp-content\/uploads\/2020\/01\/4bf98daf-f2ed-44b6-a22d-80d31d51b8df.jpg\" data-dt-img-description=\"\" data-large_image_width=\"1600\" data-large_image_height=\"777\"><img loading=\"lazy\" decoding=\"async\" class=\"alignnone wp-image-114415 size-large\" src=\"https:\/\/www.radiopiu.net\/wordpress\/wp-content\/uploads\/2020\/01\/4bf98daf-f2ed-44b6-a22d-80d31d51b8df-1024x497.jpg\" alt=\"\" width=\"1024\" height=\"497\" srcset=\"https:\/\/www.radiopiu.net\/wordpress\/wp-content\/uploads\/2020\/01\/4bf98daf-f2ed-44b6-a22d-80d31d51b8df-1024x497.jpg 1024w, https:\/\/www.radiopiu.net\/wordpress\/wp-content\/uploads\/2020\/01\/4bf98daf-f2ed-44b6-a22d-80d31d51b8df-300x146.jpg 300w, https:\/\/www.radiopiu.net\/wordpress\/wp-content\/uploads\/2020\/01\/4bf98daf-f2ed-44b6-a22d-80d31d51b8df-768x373.jpg 768w, https:\/\/www.radiopiu.net\/wordpress\/wp-content\/uploads\/2020\/01\/4bf98daf-f2ed-44b6-a22d-80d31d51b8df-1536x746.jpg 1536w, https:\/\/www.radiopiu.net\/wordpress\/wp-content\/uploads\/2020\/01\/4bf98daf-f2ed-44b6-a22d-80d31d51b8df.jpg 1600w\" sizes=\"auto, (max-width: 1024px) 100vw, 1024px\" \/><\/a><\/p>\n<p>&nbsp;<\/p>\n<p>&nbsp;<\/p>\n<p>&nbsp;<\/p>\n<p>&nbsp;<\/p>\n<hr \/>\n<h3><\/h3>\n<p>&nbsp;<\/p>\n<h3>LA FINE DEL CUBO DI BOTTA<\/h3>\n<p><strong>BELLUNO<\/strong> Procedono i lavori che porteranno Palazzo Crepadona a diventare la nuova Mediateca delle Dolomiti. Uno dei primi interventi \u00e8 stato la demolizione della parte superiore del Cubo di Botta del 2012,\u00a0 Il cortile interno, dunque, torna ad essere a cielo aperto.<\/p>\n<p><a class=\"dt-pswp-item\" href=\"https:\/\/www.radiopiu.net\/wordpress\/wp-content\/uploads\/2020\/01\/WhatsApp-Image-2020-01-23-at-18.51.16.jpeg\" data-dt-img-description=\"\" data-large_image_width=\"1599\" data-large_image_height=\"1200\"><img loading=\"lazy\" decoding=\"async\" class=\"alignnone size-medium wp-image-114419\" src=\"https:\/\/www.radiopiu.net\/wordpress\/wp-content\/uploads\/2020\/01\/WhatsApp-Image-2020-01-23-at-18.51.16-300x225.jpeg\" alt=\"\" width=\"300\" height=\"225\" srcset=\"https:\/\/www.radiopiu.net\/wordpress\/wp-content\/uploads\/2020\/01\/WhatsApp-Image-2020-01-23-at-18.51.16-300x225.jpeg 300w, https:\/\/www.radiopiu.net\/wordpress\/wp-content\/uploads\/2020\/01\/WhatsApp-Image-2020-01-23-at-18.51.16-1024x768.jpeg 1024w, https:\/\/www.radiopiu.net\/wordpress\/wp-content\/uploads\/2020\/01\/WhatsApp-Image-2020-01-23-at-18.51.16-768x576.jpeg 768w, https:\/\/www.radiopiu.net\/wordpress\/wp-content\/uploads\/2020\/01\/WhatsApp-Image-2020-01-23-at-18.51.16-1536x1153.jpeg 1536w, https:\/\/www.radiopiu.net\/wordpress\/wp-content\/uploads\/2020\/01\/WhatsApp-Image-2020-01-23-at-18.51.16.jpeg 1599w\" sizes=\"auto, (max-width: 300px) 100vw, 300px\" \/><\/a><a class=\"dt-pswp-item\" href=\"https:\/\/www.radiopiu.net\/wordpress\/wp-content\/uploads\/2020\/01\/WhatsApp-Image-2020-01-23-at-18.51.16-1.jpeg\" data-dt-img-description=\"\" data-large_image_width=\"1599\" data-large_image_height=\"1200\"><img loading=\"lazy\" decoding=\"async\" class=\"alignnone size-medium wp-image-114418\" src=\"https:\/\/www.radiopiu.net\/wordpress\/wp-content\/uploads\/2020\/01\/WhatsApp-Image-2020-01-23-at-18.51.16-1-300x225.jpeg\" alt=\"\" width=\"300\" height=\"225\" srcset=\"https:\/\/www.radiopiu.net\/wordpress\/wp-content\/uploads\/2020\/01\/WhatsApp-Image-2020-01-23-at-18.51.16-1-300x225.jpeg 300w, https:\/\/www.radiopiu.net\/wordpress\/wp-content\/uploads\/2020\/01\/WhatsApp-Image-2020-01-23-at-18.51.16-1-1024x768.jpeg 1024w, https:\/\/www.radiopiu.net\/wordpress\/wp-content\/uploads\/2020\/01\/WhatsApp-Image-2020-01-23-at-18.51.16-1-768x576.jpeg 768w, https:\/\/www.radiopiu.net\/wordpress\/wp-content\/uploads\/2020\/01\/WhatsApp-Image-2020-01-23-at-18.51.16-1-1536x1153.jpeg 1536w, https:\/\/www.radiopiu.net\/wordpress\/wp-content\/uploads\/2020\/01\/WhatsApp-Image-2020-01-23-at-18.51.16-1.jpeg 1599w\" sizes=\"auto, (max-width: 300px) 100vw, 300px\" \/><\/a><a class=\"dt-pswp-item\" href=\"https:\/\/www.radiopiu.net\/wordpress\/wp-content\/uploads\/2020\/01\/WhatsApp-Image-2020-01-23-at-18.51.17.jpeg\" data-dt-img-description=\"\" data-large_image_width=\"1599\" data-large_image_height=\"1200\"><img loading=\"lazy\" decoding=\"async\" class=\"alignnone size-medium wp-image-114417\" src=\"https:\/\/www.radiopiu.net\/wordpress\/wp-content\/uploads\/2020\/01\/WhatsApp-Image-2020-01-23-at-18.51.17-300x225.jpeg\" alt=\"\" width=\"300\" height=\"225\" srcset=\"https:\/\/www.radiopiu.net\/wordpress\/wp-content\/uploads\/2020\/01\/WhatsApp-Image-2020-01-23-at-18.51.17-300x225.jpeg 300w, https:\/\/www.radiopiu.net\/wordpress\/wp-content\/uploads\/2020\/01\/WhatsApp-Image-2020-01-23-at-18.51.17-1024x768.jpeg 1024w, https:\/\/www.radiopiu.net\/wordpress\/wp-content\/uploads\/2020\/01\/WhatsApp-Image-2020-01-23-at-18.51.17-768x576.jpeg 768w, https:\/\/www.radiopiu.net\/wordpress\/wp-content\/uploads\/2020\/01\/WhatsApp-Image-2020-01-23-at-18.51.17-1536x1153.jpeg 1536w, https:\/\/www.radiopiu.net\/wordpress\/wp-content\/uploads\/2020\/01\/WhatsApp-Image-2020-01-23-at-18.51.17.jpeg 1599w\" sizes=\"auto, (max-width: 300px) 100vw, 300px\" \/><\/a><\/p>\n<h2>L&#8217;ASSESSORE FRANCO FRISON<\/h2>\n<audio class=\"wp-audio-shortcode\" id=\"audio-114286-7\" preload=\"none\" style=\"width: 100%;\" controls=\"controls\"><source type=\"audio\/mpeg\" src=\"https:\/\/www.radiopiu.net\/wordpress\/wp-content\/uploads\/2020\/01\/botta.mp3?_=7\" \/><a href=\"https:\/\/www.radiopiu.net\/wordpress\/wp-content\/uploads\/2020\/01\/botta.mp3\">https:\/\/www.radiopiu.net\/wordpress\/wp-content\/uploads\/2020\/01\/botta.mp3<\/a><\/audio>\n<p>&nbsp;<\/p>\n<p>&nbsp;<\/p>\n<hr \/>\n<p>&nbsp;<\/p>\n<p>&nbsp;<\/p>\n<h3>TIMELESS MEMORIES DA AGORDO ALLA SICILIA, UNA CONDIVISIONE DI VALORI NELLA NUOVA CAMPAGNA DI COMUNICAZIONE BLACKFIN<\/h3>\n<p><a class=\"dt-pswp-item\" href=\"https:\/\/www.radiopiu.net\/wordpress\/wp-content\/uploads\/2020\/01\/Campagna-Timeless-Memories_2.jpg\" data-dt-img-description=\"\" data-large_image_width=\"2000\" data-large_image_height=\"1333\"><img loading=\"lazy\" decoding=\"async\" class=\"size-medium wp-image-114277 alignleft\" src=\"https:\/\/www.radiopiu.net\/wordpress\/wp-content\/uploads\/2020\/01\/Campagna-Timeless-Memories_2-300x200.jpg\" alt=\"\" width=\"300\" height=\"200\" srcset=\"https:\/\/www.radiopiu.net\/wordpress\/wp-content\/uploads\/2020\/01\/Campagna-Timeless-Memories_2-300x200.jpg 300w, https:\/\/www.radiopiu.net\/wordpress\/wp-content\/uploads\/2020\/01\/Campagna-Timeless-Memories_2-1024x682.jpg 1024w, https:\/\/www.radiopiu.net\/wordpress\/wp-content\/uploads\/2020\/01\/Campagna-Timeless-Memories_2-768x512.jpg 768w, https:\/\/www.radiopiu.net\/wordpress\/wp-content\/uploads\/2020\/01\/Campagna-Timeless-Memories_2-1536x1024.jpg 1536w, https:\/\/www.radiopiu.net\/wordpress\/wp-content\/uploads\/2020\/01\/Campagna-Timeless-Memories_2.jpg 2000w\" sizes=\"auto, (max-width: 300px) 100vw, 300px\" \/><\/a><strong>TAIBON<\/strong> Una distesa di cemento bianco che incombe tra le colline nella valle del Belice. Si tratta del Grande Cretto, l\u2019opera di land art pi\u00f9 imponente al mondo, realizzata da Alberto Burri tra il 1984 e il 1989 nel luogo in cui sorgeva la citt\u00e0 di Gibellina (in provincia di Trapani), completamente distrutta da un terremoto nel 1968. Qui Burri ha utilizzato il cemento per ricoprire le macerie, quasi fosse un sudario, e ricostruito la pianta del centro storico trasformando le strade in solchi in un labirinto di oltre 80mila metri quadrati. E\u2019 questa la location della nuova campagna di comunicazione Timeless Memories di Blackfin, il marchio di occhiali in titanio prodotti dall\u2019azienda di Taibon Agordino,\u00a0 Pramaor. Una scelta non casuale n\u00e9 puramente estetica, bens\u00ec basata su una condivisione di valori fortemente territoriali che legano le due realt\u00e0 poste alle estremit\u00e0 dell\u2019Italia.<\/p>\n<p><em>\u201c Siamo un\u2019azienda di design, profondamente legata al territorio e alle sue persone \u2013 dichiara Nicola Del Din, Amministratore Delegato \u2013 La nostra sfida era quella di riportare lo stesso livello di valori anche <\/em><em>nella campagna, affinch\u00e9 non fosse solo uno strumento di marketing, ma che anzi diventasse una rappresentazione tangibile di quella che \u00e8 la nostra visione di Responsabilit\u00e0 Sociale d\u2019Impresa \u201d.<\/em><\/p>\n<p>&nbsp;<\/p>\n<p>&nbsp;<\/p>\n<hr \/>\n<p>&nbsp;<\/p>\n<p>&nbsp;<\/p>\n<h2><span style=\"color: #ff0000;\">LA LETTERA<\/span><\/h2>\n<p><strong>AGORDO<\/strong> La famiglia ha dato ieri la notizia della scomparsa del Prof. Arne Espelund, studioso di metallurgia.<br \/>\nE&#8217; stato Professore Emerito in questa disciplina ed ha insegnato per anni all&#8217;Universit\u00e0 di Trondheim in Norvegia. Amava l&#8217;Agordino dove vanta una cara amica, Claudia Cattadori\u00a0 che cos\u00ec ha voluto ricordarlo<\/p>\n<p><strong>AUDIO<\/strong><\/p>\n<audio class=\"wp-audio-shortcode\" id=\"audio-114286-8\" preload=\"none\" style=\"width: 100%;\" controls=\"controls\"><source type=\"audio\/mpeg\" src=\"https:\/\/www.radiopiu.net\/wordpress\/wp-content\/uploads\/2020\/01\/claudia.mp3?_=8\" \/><a href=\"https:\/\/www.radiopiu.net\/wordpress\/wp-content\/uploads\/2020\/01\/claudia.mp3\">https:\/\/www.radiopiu.net\/wordpress\/wp-content\/uploads\/2020\/01\/claudia.mp3<\/a><\/audio>\n<blockquote><p>&nbsp;<\/p>\n<p><em>Caro Arne,<\/em><br \/>\n<em><a class=\"dt-pswp-item\" href=\"https:\/\/www.radiopiu.net\/wordpress\/wp-content\/uploads\/2020\/01\/466356_122629787940740_462581578_o.jpg\" data-dt-img-description=\"\" data-large_image_width=\"960\" data-large_image_height=\"720\"><img loading=\"lazy\" decoding=\"async\" class=\" wp-image-114446 alignleft\" src=\"https:\/\/www.radiopiu.net\/wordpress\/wp-content\/uploads\/2020\/01\/466356_122629787940740_462581578_o-300x225.jpg\" alt=\"\" width=\"243\" height=\"182\" srcset=\"https:\/\/www.radiopiu.net\/wordpress\/wp-content\/uploads\/2020\/01\/466356_122629787940740_462581578_o-300x225.jpg 300w, https:\/\/www.radiopiu.net\/wordpress\/wp-content\/uploads\/2020\/01\/466356_122629787940740_462581578_o-768x576.jpg 768w, https:\/\/www.radiopiu.net\/wordpress\/wp-content\/uploads\/2020\/01\/466356_122629787940740_462581578_o.jpg 960w\" sizes=\"auto, (max-width: 243px) 100vw, 243px\" \/><\/a>ho appena saputo che lo scorso 14 agosto ci hai lasciato. Ti avevo mandato una e-mail perch\u00e9 non ci sentivamo da diversi mesi e questo lungo silenzio, in usuale, mi aveva preoccupata non poco. Mi si \u00e8 stretto il cuore quando ho letto il messaggio della tua scomparsa, pubblicato dalla tua famiglia. Rimarrai sempre con me caro amico. Un grande studioso di metallurgia, appassionato di storia, amante dei balli Volk e della musica. Durante la tua lunga vita hai girato il mondo in lungo e in largo, con la tua simpatia e grande cultura non ti era difficile stringere solide amicizie. Parlavi tante lingue e non smettevi mai di studiare, di tenerti aggiornato e di coltivare i tuoi numerosi interessi. Proprio i tuoi studi storico-scientifici sui processi estrattivi del rame, ti avevano portato qui ad Agordo. Eri molto legato alla nostra cittadina cos\u00ec simile alla comunit\u00e0 di Roros lass\u00f9 nella tua Norvegia ed eri soprattutto profondamente affezionato al sito minerario di Valle Imperina. Il tuo sogno era di rivederlo, un giorno, fiorire in tutto il suo splendore. Purtroppo la tempesta vaia lo ha profondamente martoriato, ma chiss\u00e0 che un giorno il tuo sogno si possa avverare. Ciao Arne, ti saluto idealmente con la melodia di &#8220;Bella Ciao&#8221; che viene cantata anche da te l\u00ec in Norvegia con altre parole ma con la bellezza inalterata della musica. Un brano che hai amato molto. Ciao Arne. Sarai sempre con me, caro amico e grazie per tutte le cose che mi hai insegnato.<\/em><\/p><\/blockquote>\n<p>&nbsp;<\/p>\n<p>&nbsp;<\/p>\n<hr \/>\n<p>&nbsp;<\/p>\n<p>&nbsp;<\/p>\n<p>&nbsp;<\/p>\n<h3>MEDICINA DELLO SPORT, ATTIVO L&#8217;AMBULATORIO DI SECONDO LIVELLO<\/h3>\n<p><strong>FELTRE<\/strong> Non solo attivo, piuttosto attivo in modo completo come ambulatorio di secondo livello, un ottimo risultato per i dottori De Luca e Ciccarone in forza dall&#8217;ottobre 2019. Da allora sono state effettuate 2252 visite medico sportivo, 515 prime visite e 282 consulenze. <em><span style=\"font-family: Calibri, sans-serif;\">\u00abHo trovato professionalit\u00e0 e umanit\u00e0\u00bb, racconta Davide Giozzet, \u00abanche a Feltre c\u2019\u00e8 un Centro con tutti gli strumenti adeguati per le certificazioni degli atleti con disabilit\u00e0\u00bb. <\/span><\/em><span style=\"font-family: Calibri, sans-serif;\">Importante anche la collaborazione con la Cardiologia diretta da Aldo Bonso che ha effettuato 116 esami cardiologici<\/span><\/p>\n<p>&nbsp;<\/p>\n<hr \/>\n<p>&nbsp;<\/p>\n<p>&nbsp;<\/p>\n<h3>IL CODIVILLA SI TRASFERISCE IN CADORE PER GARANTIRE LA CONTINUITA&#8217;<\/h3>\n<p><strong>CORTINA<\/strong> L\u2019Ortopedia dell\u2019Ospedale di Cortina si trasferisce all\u2019Ospedale Giovanni Paolo II di Pieve di Cadore durante la ristrutturazione del Padiglione Codivilla. Sar\u00e0 quindi garantita la continuit\u00e0 dell\u2019attivit\u00e0 ortopedica, molto rilevante per una zona ad elevato flusso turistico. L\u2019Azienda ha ritenuto di concedere temporaneamente alcuni locali affinch\u00e9 l\u2019attivit\u00e0 sanitaria di ortopedia\/traumatologia programmata possa essere proseguita dal Concessionario senza soluzione di continuit\u00e0 presso l\u2019Ospedale di Pieve di Cadore, in cui insistono spazi ed attrezzature in grado di sopperire alla necessit\u00e0.<\/p>\n<p>&nbsp;<\/p>\n<hr \/>\n<h3><\/h3>\n<h3>GLI ALPINI SI RACCONTANO ALLA MEDIA ROCCA<\/h3>\n<p><strong>FELTRE<\/strong> Dai primi Alpini del 1872 a quelli di oggi. Un viaggio, attraverso la storia delle Penne nere, con la sezione A.N.A. di Feltre, quello che si \u00e8 tenuto nei giorni scorsi nell\u2019aula magna della scuola media \u201cRocca\u201d. Nell\u2019ambito del progetto d\u2019Istituto \u201cConosci la tua vallata\u201d uditori d\u2019occasione sono stati i ragazzi delle classi terze. A raccontare la \u201cStoria degli Alpini ed eventi bellici nel Feltrino\u201d sono stati il vicepresidente della sezione A.N.A. di Feltre, Nicola Mione, e Riccardo De Cecco, rispettivamente Capo gruppo e vice capogruppo del Gruppo cittadino \u201cM. Cauriol\u201d.<em> \u201cGli Alpini sono uniti nell\u2019A.N.A., associazione nata nel 1919, che conta 80 sezioni in Italia \u2013 hanno spiegato Mione e De Cecco agli alunni della scuola \u2013 Tenaci volontari negli interventi operativi necessari per le comunit\u00e0 locali, presenti in innumerevoli manifestazioni, dalle adunate, alle commemorazioni dei caduti, agli incontri culturali, alla collaborazione in attivit\u00e0 formative nelle scuole e agli impegni sportivi\u201d<\/em>.\u00a0 Gli Alpini hanno voluto sottolineare l\u2019importanza del volontariato <em>&#8220;Uno straordinario messaggio per i nostri alunni \u2013 ha spiegato la docente Vania Lirussi \u2013 che hanno avuto l\u2019opportunit\u00e0 di approfondire degli argomenti di studio, di ottenere delle informazioni relative ad una fondamentale associazione operante nel territorio&#8221;<\/em><\/p>\n<p>&nbsp;<\/p>\n<hr \/>\n<p>&nbsp;<\/p>\n<p>&nbsp;<\/p>\n<p><strong>PAOLO DOGLIONI CONFERMATO ALLA VICE PRESIDENZA DI CONFCOMMERCIO VENETO<\/strong><\/p>\n<p><strong><a class=\"dt-pswp-item\" href=\"https:\/\/www.radiopiu.net\/wordpress\/wp-content\/uploads\/2020\/01\/Rinnovo-cariche-Confcommercio-Veneto-scaled.jpg\" data-dt-img-description=\"\" data-large_image_width=\"2560\" data-large_image_height=\"1516\"><img loading=\"lazy\" decoding=\"async\" class=\" wp-image-114344 alignleft\" src=\"https:\/\/www.radiopiu.net\/wordpress\/wp-content\/uploads\/2020\/01\/Rinnovo-cariche-Confcommercio-Veneto-300x178.jpg\" alt=\"\" width=\"228\" height=\"135\" srcset=\"https:\/\/www.radiopiu.net\/wordpress\/wp-content\/uploads\/2020\/01\/Rinnovo-cariche-Confcommercio-Veneto-300x178.jpg 300w, https:\/\/www.radiopiu.net\/wordpress\/wp-content\/uploads\/2020\/01\/Rinnovo-cariche-Confcommercio-Veneto-1024x606.jpg 1024w, https:\/\/www.radiopiu.net\/wordpress\/wp-content\/uploads\/2020\/01\/Rinnovo-cariche-Confcommercio-Veneto-768x455.jpg 768w, https:\/\/www.radiopiu.net\/wordpress\/wp-content\/uploads\/2020\/01\/Rinnovo-cariche-Confcommercio-Veneto-1536x909.jpg 1536w, https:\/\/www.radiopiu.net\/wordpress\/wp-content\/uploads\/2020\/01\/Rinnovo-cariche-Confcommercio-Veneto-2048x1213.jpg 2048w\" sizes=\"auto, (max-width: 228px) 100vw, 228px\" \/><\/a>BELLUNO<\/strong> Il cambio della guardia alla presidenza di Confcommercio Veneto (con Patrizio Bertin di Padova che succede a Massimo Zanon dopo due mandati di guida del sistema regionale) ha visto la riconferma di Paolo Doglioni alla vicepresidenza vicaria dell\u2019ente. L\u2019elezione ha visto i presidenti delle Ascom venete in piena sintonia e unanimit\u00e0, sia nella designazione della guida che nell\u2019aderire alla proposta del neo presidente di avvalersi nuovamente di Doglioni quale esperto vicario.<\/p>\n<blockquote><p><em>\u00abL\u2019attivit\u00e0 sul territorio locale \u00e8 un impegno che sto cercando di onorare con grande passione ed energia\u00bb ha dichiarato Doglioni a margine della votazione \u00abma ho comunque accettato l\u2019invito di Patrizio Bertin a confermare la vice presidenza sia perch\u00e9 ritengo che l\u2019esperienza da me maturata in tanti anni come imprenditore e dirigente sindacale possa costituire un valore aggiunto importante per l\u2019attivit\u00e0 di Confcommercio Veneto<\/em><\/p><\/blockquote>\n<p>&nbsp;<\/p>\n<p>&nbsp;<\/p>\n<p>&nbsp;<\/p>\n<hr \/>\n<p>&nbsp;<\/p>\n<p>&nbsp;<\/p>\n<p>&nbsp;<\/p>\n<p>&nbsp;<\/p>\n<h3><a class=\"dt-pswp-item\" href=\"https:\/\/www.radiopiu.net\/wordpress\/wp-content\/uploads\/2020\/01\/263158b1-ee16-462a-8624-1399e06c5a69.jpg\" data-dt-img-description=\"\" data-large_image_width=\"1600\" data-large_image_height=\"1200\"><img loading=\"lazy\" decoding=\"async\" class=\"wp-image-114302 alignleft\" src=\"https:\/\/www.radiopiu.net\/wordpress\/wp-content\/uploads\/2020\/01\/263158b1-ee16-462a-8624-1399e06c5a69-300x225.jpg\" alt=\"\" width=\"168\" height=\"126\" srcset=\"https:\/\/www.radiopiu.net\/wordpress\/wp-content\/uploads\/2020\/01\/263158b1-ee16-462a-8624-1399e06c5a69-300x225.jpg 300w, https:\/\/www.radiopiu.net\/wordpress\/wp-content\/uploads\/2020\/01\/263158b1-ee16-462a-8624-1399e06c5a69-1024x768.jpg 1024w, https:\/\/www.radiopiu.net\/wordpress\/wp-content\/uploads\/2020\/01\/263158b1-ee16-462a-8624-1399e06c5a69-768x576.jpg 768w, https:\/\/www.radiopiu.net\/wordpress\/wp-content\/uploads\/2020\/01\/263158b1-ee16-462a-8624-1399e06c5a69-1536x1152.jpg 1536w, https:\/\/www.radiopiu.net\/wordpress\/wp-content\/uploads\/2020\/01\/263158b1-ee16-462a-8624-1399e06c5a69.jpg 1600w\" sizes=\"auto, (max-width: 168px) 100vw, 168px\" \/><\/a><\/h3>\n<h3><\/h3>\n<h3>SPECIALE CARNEVALE A SEDICO, OGGI ALLE 10.30 E 1900 LO SPECIALE ALLA RADIO CON CLAUDIO MEZZAVILLA PROLOCO DI SEDICO<\/h3>\n<p>&nbsp;<\/p>\n<p>&nbsp;<\/p>\n<p>&nbsp;<\/p>\n<p>&nbsp;<\/p>\n<p>&nbsp;<\/p>\n<p>&nbsp;<\/p>\n<p>&nbsp;<\/p>\n<hr \/>\n<p>&nbsp;<\/p>\n<blockquote class=\"wp-embedded-content\" data-secret=\"r8IFmiUBzB\"><p><a href=\"https:\/\/www.radiopiu.net\/wordpress\/la-pastorale-dei-giovani-propone-unora-di-preghiera-per-la-pace-di-renato-bona\/\">LA PASTORALE DEI GIOVANI PROPONE \u201cUN\u2019ORA DI PREGHIERA PER LA PACE\u201d di  RENATO BONA<\/a><\/p><\/blockquote>\n<p><iframe loading=\"lazy\" title=\"&#8220;LA PASTORALE DEI GIOVANI PROPONE \u201cUN\u2019ORA DI PREGHIERA PER LA PACE\u201d di  RENATO BONA&#8221; &#8212; Radio Pi\u00f9\" class=\"wp-embedded-content\" sandbox=\"allow-scripts\" security=\"restricted\" style=\"position: absolute; clip: rect(1px, 1px, 1px, 1px);\" src=\"https:\/\/www.radiopiu.net\/wordpress\/la-pastorale-dei-giovani-propone-unora-di-preghiera-per-la-pace-di-renato-bona\/embed\/#?secret=r8IFmiUBzB\" data-secret=\"r8IFmiUBzB\" width=\"600\" height=\"338\" frameborder=\"0\" marginwidth=\"0\" marginheight=\"0\" scrolling=\"no\"><\/iframe><\/p>\n<p>&nbsp;<\/p>\n<p>&nbsp;<\/p>\n<p>&nbsp;<\/p>\n<p>&nbsp;<\/p>\n<p>&nbsp;<\/p>\n<div class=\"page-title-head hgroup\">\n<div dir=\"auto\">\n<div class=\"\" data-block=\"true\" data-editor=\"caie0\" data-offset-key=\"5n5nl-0-0\">\n<div data-offset-key=\"5n5nl-0-0\">\n<div class=\"page-title-head hgroup\">\n<p><a class=\"dt-pswp-item\" href=\"https:\/\/www.radiopiu.net\/wordpress\/wp-content\/uploads\/2018\/09\/viabilita.jpeg\" data-dt-img-description=\"\" data-large_image_width=\"800\" data-large_image_height=\"100\"><img loading=\"lazy\" decoding=\"async\" class=\"alignnone wp-image-61954 size-full\" src=\"https:\/\/www.radiopiu.net\/wordpress\/wp-content\/uploads\/2018\/09\/viabilita.jpeg\" alt=\"\" width=\"800\" height=\"100\" srcset=\"https:\/\/www.radiopiu.net\/wordpress\/wp-content\/uploads\/2018\/09\/viabilita.jpeg 800w, https:\/\/www.radiopiu.net\/wordpress\/wp-content\/uploads\/2018\/09\/viabilita-300x38.jpeg 300w, https:\/\/www.radiopiu.net\/wordpress\/wp-content\/uploads\/2018\/09\/viabilita-768x96.jpeg 768w\" sizes=\"auto, (max-width: 800px) 100vw, 800px\" \/><\/a><\/p>\n<div data-offset-key=\"5n5nl-0-0\">\n<div data-offset-key=\"5n5nl-0-0\">\n<div data-offset-key=\"5n5nl-0-0\">\n<div data-offset-key=\"5n5nl-0-0\">\n<p><strong>PROVINCIALE 563 DI SALESEI, LIVINALLONGO DEL COL DI LANA <\/strong>FINO \u00a0AL 24 (ESCLUSI SABATO E DOMENICA) dalle 9 alle 17 interdizione totale al traffico, nei rimanenti periodi senso unico alternato per taglio alberi in localit\u00e0 Pian di Salesei e Salesei<\/p>\n<p><strong>SP 40 VAL SENAIGA, DIREZIONE ARINA<\/strong> DAL 20 GENNAIO PER UN MESE ESCLUSI FESTIVI E PREFESTIVI INTERRUZIONI AL TRAFFICO VEICOLARE DURATA MASSIMA 30 MINUTI DALLE 8 ALLE 12 E DALLE 13 ALLE 17 PER LAVORI MESSA IN SICUREZZA (COMUNE DI LAMON) NEGLI ALTRI ORARI SENSO UNICO ALTERNATO CON SEMAFORO<\/p>\n<div class=\"im_history_message_wrap im_grouped\">\n<div class=\"im_message_outer_wrap hasselect\" data-msg-id=\"-5\">\n<div class=\"im_message_wrap clearfix\">\n<div class=\"im_content_message_wrap im_message_out\">\n<div class=\"im_message_body\">\n<div>\n<div class=\"im_message_text\" dir=\"auto\"><strong>SP251 VAL DI ZOLDO E CELLINA, MEZZOCANALE <\/strong>DALLE 8 ALLE 17 ESCLUSI FESTIVI E PREFESTIVI SENSO UNICO ALTERNATO E POSSIBILITA&#8217; DI ITERRUZIONI DELLA DURATA MASSIMA DI 15 MINUTI PER MESSA IN SICUREZZA DEL VERSANTE<\/div>\n<\/div>\n<\/div>\n<\/div>\n<\/div>\n<\/div>\n<\/div>\n<div class=\"im_history_message_wrap im_grouped\">\n<div class=\"im_message_outer_wrap hasselect\" data-msg-id=\"-6\">\n<div class=\"im_message_wrap clearfix\">\n<div class=\"im_content_message_wrap im_message_out\">\n<div class=\"im_message_meta pull-right text-right noselect\"><\/div>\n<\/div>\n<\/div>\n<\/div>\n<\/div>\n<p><strong>346 SAN PELLEGRINO A CANALE D&#8217;AGORDO <\/strong>La Mora dal 13 gennaio al 29 febbraio senso unico con semaforo anche sabato e domenica<\/p>\n<p><strong>203 AGORDINA, LOCALITA&#8217; LA MUDA<\/strong> DAL 13 GENNAIO AL 31 MARZO ESCLUSI FESTIVI E PREFESTIVI DALLE 7.30 ALLE 8.30 E DALLE 16.30 ALLE 17.30 SENSO UNICO ALTE<a class=\"dt-pswp-item\" href=\"https:\/\/www.radiopiu.net\/wordpress\/wp-content\/uploads\/2020\/01\/8550d617-ce67-49f8-a961-a4f5f6c0c2bb.jpg\" data-dt-img-description=\"\" data-large_image_width=\"788\" data-large_image_height=\"1599\"><img loading=\"lazy\" decoding=\"async\" class=\"size-medium wp-image-112658 alignleft\" src=\"https:\/\/www.radiopiu.net\/wordpress\/wp-content\/uploads\/2020\/01\/8550d617-ce67-49f8-a961-a4f5f6c0c2bb-148x300.jpg\" alt=\"\" width=\"148\" height=\"300\" srcset=\"https:\/\/www.radiopiu.net\/wordpress\/wp-content\/uploads\/2020\/01\/8550d617-ce67-49f8-a961-a4f5f6c0c2bb-148x300.jpg 148w, https:\/\/www.radiopiu.net\/wordpress\/wp-content\/uploads\/2020\/01\/8550d617-ce67-49f8-a961-a4f5f6c0c2bb-505x1024.jpg 505w, https:\/\/www.radiopiu.net\/wordpress\/wp-content\/uploads\/2020\/01\/8550d617-ce67-49f8-a961-a4f5f6c0c2bb-768x1558.jpg 768w, https:\/\/www.radiopiu.net\/wordpress\/wp-content\/uploads\/2020\/01\/8550d617-ce67-49f8-a961-a4f5f6c0c2bb-757x1536.jpg 757w, https:\/\/www.radiopiu.net\/wordpress\/wp-content\/uploads\/2020\/01\/8550d617-ce67-49f8-a961-a4f5f6c0c2bb.jpg 788w\" sizes=\"auto, (max-width: 148px) 100vw, 148px\" \/><\/a>RNATO CON MOVIERI O SEMAFORI<\/p>\n<p><strong>PROVINCIALE 20 VAL FIORENTINA\u00a0<\/strong> LOCALITA&#8217; SOLATOR\u00a0 DAL 13 GENNAIO AL 29 MAGGIO (COMPRESI FESTIVI E PREFESTIVI) SENSO UNICO ALTERNATO REGOLATO DA SEMAFORO O MOVIERI PER ADEGUAMENTO CARREGGIATA<\/p>\n<p><strong>641 PASSO FEDAIA ROCCA PIETORE<\/strong> da martedi 7 gennaio al 6 marzo senso unico alternato regolato da semaforo per tratti di 30 metri. esclusi sabato e domenica<br \/>\n<strong>203 AGORDINA TAIBON AGORDINO<\/strong> dal 7 al 30 gennaio dalle 7 alle 19 senso unico alternato regolato da semaforo. esclusi festivi e prefestivi<\/p>\n<p><strong>48 DELLE DOLOMITI RIO GERE<\/strong>\u00a0 dalle 8 alle 17 fino al 10 aprile senso unico con semaforo, tratti di 200 metri per lavori posa elettrodotto<\/p>\n<div class=\"im_history_message_wrap\">\n<div class=\"im_message_outer_wrap hasselect\" data-msg-id=\"1361\">\n<div class=\"im_message_wrap clearfix\">\n<div class=\"im_content_message_wrap im_message_out\">\n<div class=\"im_message_body\">\n<div dir=\"auto\"><strong>02 PROVINCIALE VALLE DEL MIS\u00a0<\/strong> localit\u00e0 Pascoli-Val Falcina dalle 7 alle 19 fino al 28 febbraio senso unico alternato con semaforo per istallazione impianti illuminazione<\/div>\n<div dir=\"auto\"><\/div>\n<div dir=\"auto\"><strong>SP251 VAL DI ZOLDO E VAL CELLINA LOCALITA&#8217; SOFFRANCO<\/strong>. dal 20 gennaio al 31 gennaio esclusi festivi e prefestivi SENSO UNICO ALTERNATO SEMAFORICO per posa fibra ottica<\/div>\n<\/div>\n<\/div>\n<\/div>\n<\/div>\n<\/div>\n<\/div>\n<\/div>\n<\/div>\n<\/div>\n<p>&nbsp;<\/p>\n<\/div>\n<\/div>\n<\/div>\n<\/div>\n<\/div>\n<p>&nbsp;<\/p>\n<p>&nbsp;<\/p>\n<p>&nbsp;<\/p>\n<p>&nbsp;<\/p>\n<div class=\"page-title-head hgroup\">\n<div dir=\"auto\">\n<div class=\"\" data-block=\"true\" data-editor=\"caie0\" data-offset-key=\"5n5nl-0-0\">\n<div data-offset-key=\"5n5nl-0-0\">\n<div class=\"page-title-head hgroup\">\n<h3><a class=\"dt-pswp-item\" href=\"http:\/\/www.radiopiu.net\/wordpress\/wp-content\/uploads\/2018\/09\/appuntamenti.jpeg\" data-dt-img-description=\"\" data-large_image_width=\"800\" data-large_image_height=\"100\"><img loading=\"lazy\" decoding=\"async\" class=\"aligncenter wp-image-61958 size-full\" src=\"http:\/\/www.radiopiu.net\/wordpress\/wp-content\/uploads\/2018\/09\/appuntamenti.jpeg\" alt=\"\" width=\"800\" height=\"100\" srcset=\"https:\/\/www.radiopiu.net\/wordpress\/wp-content\/uploads\/2018\/09\/appuntamenti.jpeg 800w, https:\/\/www.radiopiu.net\/wordpress\/wp-content\/uploads\/2018\/09\/appuntamenti-300x38.jpeg 300w, https:\/\/www.radiopiu.net\/wordpress\/wp-content\/uploads\/2018\/09\/appuntamenti-768x96.jpeg 768w\" sizes=\"auto, (max-width: 800px) 100vw, 800px\" \/><\/a><\/h3>\n<\/div>\n<\/div>\n<\/div>\n<\/div>\n<\/div>\n<h3><\/h3>\n<p>&nbsp;<\/p>\n<div class=\"page-title-head hgroup\">\n<div dir=\"auto\">\n<div class=\"\" data-block=\"true\" data-editor=\"caie0\" data-offset-key=\"5n5nl-0-0\">\n<div data-offset-key=\"5n5nl-0-0\">\n<div class=\"page-title-head hgroup\">\n<div>\n<h3>AL CINEMA AD AGORDO, DOMANI CON IL REGISTA STEFANO USARDI<\/h3>\n<p><a class=\"dt-pswp-item\" href=\"https:\/\/www.radiopiu.net\/wordpress\/wp-content\/uploads\/2020\/01\/928a9516-f5b1-48a0-9549-787654bba967.jpg\" data-dt-img-description=\"\" data-large_image_width=\"1599\" data-large_image_height=\"1200\"><img loading=\"lazy\" decoding=\"async\" class=\"wp-image-114020 alignleft\" src=\"https:\/\/www.radiopiu.net\/wordpress\/wp-content\/uploads\/2020\/01\/928a9516-f5b1-48a0-9549-787654bba967-300x225.jpg\" alt=\"\" width=\"144\" height=\"108\" srcset=\"https:\/\/www.radiopiu.net\/wordpress\/wp-content\/uploads\/2020\/01\/928a9516-f5b1-48a0-9549-787654bba967-300x225.jpg 300w, https:\/\/www.radiopiu.net\/wordpress\/wp-content\/uploads\/2020\/01\/928a9516-f5b1-48a0-9549-787654bba967-1024x768.jpg 1024w, https:\/\/www.radiopiu.net\/wordpress\/wp-content\/uploads\/2020\/01\/928a9516-f5b1-48a0-9549-787654bba967-768x576.jpg 768w, https:\/\/www.radiopiu.net\/wordpress\/wp-content\/uploads\/2020\/01\/928a9516-f5b1-48a0-9549-787654bba967-1536x1153.jpg 1536w, https:\/\/www.radiopiu.net\/wordpress\/wp-content\/uploads\/2020\/01\/928a9516-f5b1-48a0-9549-787654bba967.jpg 1599w\" sizes=\"auto, (max-width: 144px) 100vw, 144px\" \/><\/a>Proiezione del film &#8220;Affittasi vita&#8221;, Scritto e diretto da Stefano Usardi. Sabato 25 gennaio 2020 dalle ore 20:30\u00a0 Sala Don Tamis. Ingresso libero a tutti con offerta libera\u00a0 Un film prodotto da FIFILM PRODUCTION DI Caterina Francavilla<\/p>\n<p><strong>\u00a0INTERVISTA RILASCIATA A RADIO PIU&#8217; ALLA VIGILIA DELLA PRIMA DI AFFITTASI VITA<\/strong><\/p>\n<\/div>\n<\/div>\n<\/div>\n<\/div>\n<\/div>\n<\/div>\n<audio class=\"wp-audio-shortcode\" id=\"audio-114286-9\" preload=\"none\" style=\"width: 100%;\" controls=\"controls\"><source type=\"audio\/mpeg\" src=\"https:\/\/www.radiopiu.net\/wordpress\/wp-content\/uploads\/2019\/11\/STEFANO-USARDI.mp3?_=9\" \/><a href=\"https:\/\/www.radiopiu.net\/wordpress\/wp-content\/uploads\/2019\/11\/STEFANO-USARDI.mp3\">https:\/\/www.radiopiu.net\/wordpress\/wp-content\/uploads\/2019\/11\/STEFANO-USARDI.mp3<\/a><\/audio>\n<p>&nbsp;<\/p>\n<p>&nbsp;<\/p>\n<hr \/>\n<p>&nbsp;<\/p>\n<p>&nbsp;<\/p>\n<h3>RASSEGNA TEATRO CIVILE AL COMUNALE<\/h3>\n<p><strong>BELLUNO<\/strong> Oggi alle 20.45 presso il Teatro Comunale di Belluno, si terr\u00e0 il terzo appuntamento della rassegna di Teatro Civile: Tracciati. Spettacolo <b><a href=\"http:\/\/www.fondazioneteatridolomiti.it\/event\/la-nave-dolce\/\">La Nave Dolce<\/a><\/b> un progetto Tib Teatro.<\/p>\n<p>&nbsp;<\/p>\n<p>&nbsp;<\/p>\n<hr \/>\n<div class=\"page-title-head hgroup\">\n<div dir=\"auto\">\n<div class=\"\" data-block=\"true\" data-editor=\"caie0\" data-offset-key=\"5n5nl-0-0\">\n<div data-offset-key=\"5n5nl-0-0\">\n<div class=\"page-title-head hgroup\">\n<div>\n<h3><\/h3>\n<h3>APPUNTAMENTI ALLA LIBRERIA DEGLI EDDINI<\/h3>\n<p><strong>BELLUNO<\/strong> Due appuntamenti alla Mondadori di Edda e Alberto, oggi alle 18 voce recitante: Michele Firpo; Musiche dal vivo: Michele Nave &amp; Pierre Baiocco. Domani sempre alle 18\u00a0 \u201cBalcani on the road\u201d Francesca Cosi ed AlessanDra Repossi. Dialoga con le autrici Chiara Alpago Novello<\/p>\n<\/div>\n<\/div>\n<\/div>\n<\/div>\n<\/div>\n<\/div>\n<p>&nbsp;<\/p>\n<p>&nbsp;<\/p>\n<p>&nbsp;<\/p>\n<hr \/>\n<p>&nbsp;<\/p>\n<p>&nbsp;<\/p>\n<div class=\"page-title-head hgroup\">\n<div dir=\"auto\">\n<div class=\"\" data-block=\"true\" data-editor=\"caie0\" data-offset-key=\"5n5nl-0-0\">\n<div data-offset-key=\"5n5nl-0-0\">\n<h3>DAL &#8220;VIVERE IN PENDENZA&#8221; A &#8220;COME SI FANNO LE COSE&#8221;<\/h3>\n<div>\n<p><strong>FELTRE<\/strong> Sabato alle 17.30 in Libreria Athena di Feltre due autori, Gianandrea Mencini e Antonio Bortoluzzi converseranno sulla montagna che resiste.<\/p>\n<\/div>\n<\/div>\n<\/div>\n<\/div>\n<\/div>\n<p>&nbsp;<\/p>\n<p>&nbsp;<\/p>\n<p>&nbsp;<\/p>\n<hr \/>\n<h3><\/h3>\n<h3><\/h3>\n<h3>FAUSTO DE STEFANI A BELLUNO, UNA SERATA-INCONTRO OFFERTA DALL\u2019ASSOCIAZIONE CUCCHINI<\/h3>\n<p><strong>BELLUNO <\/strong>mercoled\u00ec 29 gennaio alle 20.30, nella sala parrocchiale di Cavarzano e si inserisce come fuoriprogramma all\u2019interno del calendario della formazione per i volontari dell\u2019associazione, da tre decenni impegnata nell\u2019assistenza alle persone malate e nel sollievo al dolore. De Stefani parler\u00e0 delle sue avventure in alta quota, tra pareti verticali di roccia e ghiacci perenni, conducendo i partecipanti in un viaggio emozionale.<\/p>\n<p>&nbsp;<\/p>\n<hr \/>\n<h3><\/h3>\n<p>&nbsp;<\/p>\n<h3>ANCHE BELLUNO PARTECIPA ALLA MANIFESTAZIONE MONDIALE 5G<\/h3>\n<p><strong>BELLUNO<\/strong> Sabato\u00a0 in Piazza dei Martiri dalle 10 alle ore 13 ci sar\u00e0 una gazebo informativo sulla tecnologia 5G in occasione della giornata mondiale, che vedr\u00e0 impegnati diversi paesi del mondo ed in Italia diverse citt\u00e0 anche con Convegni, come quello pi\u00f9 importante del Veneto che verr\u00e0 realizzato a Verona. La postazione verr\u00e0 realizzata da un comitato spontaneo di cittadini della provincia di Belluno.<\/p>\n<p>&nbsp;<\/p>\n<p>&nbsp;<\/p>\n<hr \/>\n<h3><\/h3>\n<h3><span style=\"color: #ff0000;\">IERI ALLA RADIO, CONTEME NA BERTA <span style=\"color: #0000ff;\"><strong>\u00a0alle 9.00 e alle 18.00<\/strong><\/span><\/span><\/h3>\n<p><strong>AGORDO<\/strong>\u00a0Tredici puntate, 13 berte raccontate alla radio da Daniela Lena (la vecia popa de Agort) e Loris Santomaso. Sono contenute in un Cd. RadioPi\u00f9 far\u00e0 conoscere il gran lavoro delle insegnanti della Scuola Primaria Tito Livio Burattini. Libro e Cd sono in distribuzione presso la scuola e l\u2019ufficio turistico. Il ricavato finanzier\u00e0 le iniziative della scuola di Agordo.<\/p>\n<audio class=\"wp-audio-shortcode\" id=\"audio-114286-10\" preload=\"none\" style=\"width: 100%;\" controls=\"controls\"><source type=\"audio\/mpeg\" src=\"https:\/\/www.radiopiu.net\/wordpress\/wp-content\/uploads\/2020\/01\/BERTA-GIO.mp3?_=10\" \/><a href=\"https:\/\/www.radiopiu.net\/wordpress\/wp-content\/uploads\/2020\/01\/BERTA-GIO.mp3\">https:\/\/www.radiopiu.net\/wordpress\/wp-content\/uploads\/2020\/01\/BERTA-GIO.mp3<\/a><\/audio>\n<p>&nbsp;<\/p>\n<p>&nbsp;<\/p>\n<p>&nbsp;<\/p>\n<hr \/>\n<h3><\/h3>\n<p>&nbsp;<\/p>\n<p>&nbsp;<\/p>\n<h3><span style=\"color: #ff0000;\">IERI ALLA RADIO, CONTEME NA BERTA <span style=\"color: #0000ff;\"><strong>\u00a0alle 9 40 e alle 17 50\u00a0<\/strong><\/span><\/span><\/h3>\n<blockquote class=\"wp-embedded-content\" data-secret=\"TBpXpTwanB\"><p><a href=\"https:\/\/www.radiopiu.net\/wordpress\/due-minuti-un-libro\/\">Due minuti un libro<\/a><\/p><\/blockquote>\n<p><iframe loading=\"lazy\" title=\"&#8220;Due minuti un libro&#8221; &#8212; Radio Pi\u00f9\" class=\"wp-embedded-content\" sandbox=\"allow-scripts\" security=\"restricted\" style=\"position: absolute; clip: rect(1px, 1px, 1px, 1px);\" src=\"https:\/\/www.radiopiu.net\/wordpress\/due-minuti-un-libro\/embed\/#?secret=TBpXpTwanB\" data-secret=\"TBpXpTwanB\" width=\"600\" height=\"338\" frameborder=\"0\" marginwidth=\"0\" marginheight=\"0\" scrolling=\"no\"><\/iframe><\/p>\n<p>&nbsp;<\/p>\n<p>&nbsp;<\/p>\n<hr \/>\n<p>&nbsp;<\/p>\n<p>&nbsp;<\/p>\n<p>&nbsp;<\/p>\n<p>&nbsp;<\/p>\n<p>&nbsp;<\/p>\n<h2><span style=\"color: #ff0000;\">IERI ALLA RADIO, SPECIALE SPI CON MARIA RITA GENTILIN<\/span><\/h2>\n<audio class=\"wp-audio-shortcode\" id=\"audio-114286-11\" preload=\"none\" style=\"width: 100%;\" controls=\"controls\"><source type=\"audio\/mpeg\" src=\"https:\/\/www.radiopiu.net\/wordpress\/wp-content\/uploads\/2020\/01\/spi-cigl-23-gennaio.mp3?_=11\" \/><a href=\"https:\/\/www.radiopiu.net\/wordpress\/wp-content\/uploads\/2020\/01\/spi-cigl-23-gennaio.mp3\">https:\/\/www.radiopiu.net\/wordpress\/wp-content\/uploads\/2020\/01\/spi-cigl-23-gennaio.mp3<\/a><\/audio>\n<p>&nbsp;<\/p>\n<p>&nbsp;<\/p>\n<p>&nbsp;<\/p>\n<hr \/>\n<p>&nbsp;<\/p>\n<p>&nbsp;<\/p>\n<p>&nbsp;<\/p>\n<h1><span style=\"color: #ff0000;\">LA GIORNATA DELLA MEMORIA<\/span><\/h1>\n<h2>PER NON DIMENTICARE, LUNEDI IN SALA EMIGRANTI CON IL GRUPPO ARCOBALENO DI VOCI<\/h2>\n<p><a class=\"dt-pswp-item\" href=\"https:\/\/www.radiopiu.net\/wordpress\/wp-content\/uploads\/2020\/01\/auschwitz-birkenau-poland-1129x752.jpg.optimal-1050x699-1.jpg\" data-dt-img-description=\"\" data-large_image_width=\"1050\" data-large_image_height=\"699\"><img loading=\"lazy\" decoding=\"async\" class=\"alignnone size-medium wp-image-114063\" src=\"https:\/\/www.radiopiu.net\/wordpress\/wp-content\/uploads\/2020\/01\/auschwitz-birkenau-poland-1129x752.jpg.optimal-1050x699-1-300x200.jpg\" alt=\"\" width=\"300\" height=\"200\" srcset=\"https:\/\/www.radiopiu.net\/wordpress\/wp-content\/uploads\/2020\/01\/auschwitz-birkenau-poland-1129x752.jpg.optimal-1050x699-1-300x200.jpg 300w, https:\/\/www.radiopiu.net\/wordpress\/wp-content\/uploads\/2020\/01\/auschwitz-birkenau-poland-1129x752.jpg.optimal-1050x699-1-1024x682.jpg 1024w, https:\/\/www.radiopiu.net\/wordpress\/wp-content\/uploads\/2020\/01\/auschwitz-birkenau-poland-1129x752.jpg.optimal-1050x699-1-768x511.jpg 768w, https:\/\/www.radiopiu.net\/wordpress\/wp-content\/uploads\/2020\/01\/auschwitz-birkenau-poland-1129x752.jpg.optimal-1050x699-1.jpg 1050w\" sizes=\"auto, (max-width: 300px) 100vw, 300px\" \/><\/a>GIANNI SANTOMASO<\/p>\n<audio class=\"wp-audio-shortcode\" id=\"audio-114286-12\" preload=\"none\" style=\"width: 100%;\" controls=\"controls\"><source type=\"audio\/mpeg\" src=\"https:\/\/www.radiopiu.net\/wordpress\/wp-content\/uploads\/2020\/01\/gianni-canale.mp3?_=12\" \/><a href=\"https:\/\/www.radiopiu.net\/wordpress\/wp-content\/uploads\/2020\/01\/gianni-canale.mp3\">https:\/\/www.radiopiu.net\/wordpress\/wp-content\/uploads\/2020\/01\/gianni-canale.mp3<\/a><\/audio>\n<p>&nbsp;<\/p>\n<p>&nbsp;<\/p>\n<p>&nbsp;<\/p>\n<hr \/>\n<div class=\"page-title-head hgroup\">\n<div data-offset-key=\"c2um1-0-0\"><\/div>\n<\/div>\n<div data-offset-key=\"c2um1-0-0\"><\/div>\n<div data-offset-key=\"c2um1-0-0\"><\/div>\n<div data-offset-key=\"c2um1-0-0\"><\/div>\n<div class=\"page-title-head hgroup\">\n<div data-offset-key=\"c2um1-0-0\"><\/div>\n<div data-offset-key=\"c2um1-0-0\"><strong>NUOVO CANALE RADIOPIU SU TELEGRAM ISCRIZIONE GRATUITA<\/strong><\/div>\n<div dir=\"auto\">\n<div class=\"\" data-block=\"true\" data-editor=\"caie0\" data-offset-key=\"5n5nl-0-0\">\n<blockquote>\n<div data-offset-key=\"5n5nl-0-0\"><a class=\"dt-pswp-item\" href=\"https:\/\/www.radiopiu.net\/wordpress\/wp-content\/uploads\/2017\/04\/MyRadioPiu_miaidea.png\" data-dt-img-description=\"\" data-large_image_width=\"483\" data-large_image_height=\"374\"><img loading=\"lazy\" decoding=\"async\" class=\"wp-image-30709 alignleft\" src=\"https:\/\/www.radiopiu.net\/wordpress\/wp-content\/uploads\/2017\/04\/MyRadioPiu_miaidea-300x232.png\" alt=\"\" width=\"167\" height=\"129\" \/><\/a>Il canale creato su Telgram andr\u00e0 a sostituire i gruppi whatsApp, a breve inizier\u00e0 l&#8217;aggiornamento. In questo gruppo ogni giorno viene pubblicato il GIORNALE RADIOPIU il giornale radio_sito in onda alla radio ogni giorno dal lunedi al sabato nelle edizioni delle 9.30 GR MATTINA, 12.30 GIORNALE RADIO PRINCIPALE, 14.30 GR PRIMO POMERIGGIO, 16.30 GR POMERIGGIO 18.30 GR SERA e il GIORNALE DELLA MEZZANOTTE\u00a0 Inoltre in questo canale vengono linkate in tempo reale le notizie che vengono pubblicate sul sito <a href=\"http:\/\/www.radiopiu.net\/\" target=\"_blank\" rel=\"noopener noreferrer\">www.radiopiu.net<\/a> e i podcast delle rubriche in onda al mattino 10.30 REPORTER, e negli approfondimenti del pomeriggio 15.10 CARPE DIEM.<\/div>\n<\/blockquote>\n<\/div>\n<\/div>\n<div data-offset-key=\"5n5nl-0-0\"><\/div>\n<\/div>\n<div class=\"page-title-head hgroup\">\n<div data-offset-key=\"5n5nl-0-0\">\n<hr \/>\n<\/div>\n<\/div>\n<p>&nbsp;<\/p>\n<p>&nbsp;<\/p>\n<h3><a class=\"dt-pswp-item\" style=\"font-size: 14px; font-weight: normal;\" href=\"http:\/\/www.radiopiu.net\/wordpress\/wp-content\/uploads\/2018\/09\/sport.jpg\" data-dt-img-description=\"\" data-large_image_width=\"800\" data-large_image_height=\"100\"><img loading=\"lazy\" decoding=\"async\" class=\"wp-image-60761 size-full aligncenter\" src=\"http:\/\/www.radiopiu.net\/wordpress\/wp-content\/uploads\/2018\/09\/sport.jpg\" alt=\"\" width=\"800\" height=\"100\" srcset=\"https:\/\/www.radiopiu.net\/wordpress\/wp-content\/uploads\/2018\/09\/sport.jpg 800w, https:\/\/www.radiopiu.net\/wordpress\/wp-content\/uploads\/2018\/09\/sport-300x38.jpg 300w, https:\/\/www.radiopiu.net\/wordpress\/wp-content\/uploads\/2018\/09\/sport-768x96.jpg 768w\" sizes=\"auto, (max-width: 800px) 100vw, 800px\" \/><\/a><\/h3>\n<h3 class=\"p1\"><span class=\"s1\">TORNEO AGORDINO DI HOCKEY: AL VALLADA GARA 1<\/span><\/h3>\n<p class=\"p1\"><span class=\"s1\">VALLADA &#8211; CANALE 4-3 dtr<\/span><\/p>\n<p class=\"p1\"><span class=\"s1\">PARZIALI: 1-0, 1-3, 1-0, 4-3<\/span><\/p>\n<p class=\"p1\"><span class=\"s1\">GOL: pt. Paolo Pasuch. st. Leonardo Cagnati, Mirco Tancon, Paolo Pasuch, Bruno Tancon. tt. Andrea Fontanive. rig. Olaf Lovat, Nicolas Favero, Diego Favero, Paolo Pasuch, Bruno Tancon, Fabrizio Balcon, Leonardo Cagnati<\/span><\/p>\n<p class=\"p1\"><span class=\"s1\">Sono iniziate le sfide valide per le semifinali del Torneo Agordino di hockey. Mercoled\u00ec sera si \u00e8 giocata la partita valida per gara 1 del derby della Valle del Biois tra Vallada e Canale. I valladesi hanno vinto dopo i tiri di rigore. Un match equilibrato con le due formazioni che hanno lottato per tutti e 3 i tempi regolamentari. Primo tempo con il Vallada in vantaggio grazie a Pasuch. Nel drittel centrale il Canale si sveglia pareggiando i conti con Leonardo Cagnati e portandosi in vantaggio poco dopo con Mirco Tancon. Valladesi che rispondono di nuovo con Pasuch ma nel finale di periodo i canalini trovano il terzo gol della serata con Bruno Tancon. Il Canale prova a chiudersi in difesa ma il Vallada riesce a pareggiare i conti con Andrea Fontanive. Si va all\u2019overtime senza per\u00f2 trovare il gol decisivo. La lotteria dei rigori consegna al Vallada gara 1 con il penalty decisivo di Fabrizio Balcon.<\/span><\/p>\n<p>&nbsp;<\/p>\n<h1><span style=\"color: #ff0000;\">NUOTO<\/span><\/h1>\n<p>&nbsp;<\/p>\n<h3>ESORDIENTI ONDABLU A TREVISO, OTTIMI RISULTATI E UN PODIO PER FILIPPO MONESTIER<\/h3>\n<p><strong>BELLUNO\u00a0<\/strong>Si \u00e8 svolta domenica 19 gennaio nella piscina comunale di Treviso la terza giornata del campionato regionale destinato agli Esordienti. Presenti gli atleti delle societ\u00e0 Natatorium Treviso, Nordest H20, Nottoli di Vittorio Veneto, Piscine di Quinto di Treviso, Antares di Castelfranco Veneto, Riviera Nuoto di Dolo, Le Bandie di Spresiano e Team Euganeo. 23 gli atleti della squadra che hanno disputato tutti due gare. Tra tutti si \u00e8 evidenziato tra gli Esordienti A dell\u2019agordino Filippo Monestier, che ha agguantato il 2\u00b0 posto nei 200 stile libero con 2\u201919\u201d e arrivando 8\u00b0 nei 100 farfalla con 1\u201917\u201d9 e Olexandra Kolodghak giunta 5\u00b0 nei 50 rana (41\u201d8). Tra i pi\u00f9 piccoli Esordienti B si sono invece distaccati Mathias De Boni giunto 5\u00b0 sia nei 50 rana (46\u20198) e nei 100 farfalla (1\u201932\u201d5), Leonardo Colla giunto 5\u00b0 nei 200 dorso (3\u201909\u201d3) e Gabriel Bomben 6\u00b0 nei 50 rana (47\u201d8. Soddisfatte l\u2019allenatrice Mara Grelloni che \u00e8 affiancata da Fiorella Da Canal per aver visto migliorare in tutti i giovani sia i loro tempi personali sia la tecnica natatoria affrontando con grinta e determinazione gare come i 200 stile libero non tra le pi\u00f9 semplici da affrontare a questa et\u00e0. Il miglioramento dei tempi \u00e8 anche il risultato dell\u2019impegno dato negli allenamenti dai giovani atleti.<\/p>\n<p>&nbsp;<\/p>\n<p>&nbsp;<\/p>\n<hr \/>\n<h3><\/h3>\n<h3>A MONTEBELLUNA: ARGENTO A NERVIANI, BRONZO A FRISALDI<\/h3>\n<p><strong><a class=\"dt-pswp-item\" href=\"https:\/\/www.radiopiu.net\/wordpress\/wp-content\/uploads\/2020\/01\/Frisaldi_terzo_a_Montebelluna.jpg\" data-dt-img-description=\"\" data-large_image_width=\"1430\" data-large_image_height=\"807\"><img loading=\"lazy\" decoding=\"async\" class=\" wp-image-114299 alignleft\" src=\"https:\/\/www.radiopiu.net\/wordpress\/wp-content\/uploads\/2020\/01\/Frisaldi_terzo_a_Montebelluna-300x169.jpg\" alt=\"\" width=\"250\" height=\"141\" srcset=\"https:\/\/www.radiopiu.net\/wordpress\/wp-content\/uploads\/2020\/01\/Frisaldi_terzo_a_Montebelluna-300x169.jpg 300w, https:\/\/www.radiopiu.net\/wordpress\/wp-content\/uploads\/2020\/01\/Frisaldi_terzo_a_Montebelluna-1024x578.jpg 1024w, https:\/\/www.radiopiu.net\/wordpress\/wp-content\/uploads\/2020\/01\/Frisaldi_terzo_a_Montebelluna-768x433.jpg 768w, https:\/\/www.radiopiu.net\/wordpress\/wp-content\/uploads\/2020\/01\/Frisaldi_terzo_a_Montebelluna.jpg 1430w\" sizes=\"auto, (max-width: 250px) 100vw, 250px\" \/><\/a>BELLUNO<\/strong> La Sportivamente Belluno continua a stupire. Anche nella piscina di Montebelluna, dove \u00e8 andato in scena il terzo atto della fase zonale per gli Esordienti.\u00a0 Fascia B, conquista la medaglia d\u2019argento Alessandro Nerviani. Riccadro Levi Riccardo settimo, Alberto Corr\u00f2 ottavo, Alberto Onida nono e Niccol\u00f2 Longi dodicesimo. Tra le donne\u00a0 si distinguono Eleonora Bortot, Beatrice Mezzacasa, Greta Viel, Margherita Mazzoli, Irene Bello e Marta De Min. Pollice su pure per Onida, Cervo e i giovanissimi Longi, Brianti, Sommacal, Pin, Galanti, Salatin, Camposeo, Baldo, Iuliano e Santin, mentre fra le ragazze migliorano i loro personali Viel, Bortot, Mazzoli, Bello, De Min, e Mezzacasa. Bellissima prova, inoltre, di Alberto Corr\u00f2 nei 100 delfino, a un passo dal podio. E lo stesso vale per Samuele Sommacal, cos\u00ec come \u00e8 positivo il debutto di Alex Brianti nei 200 dorso. Esordienti A, vola Andrea Frisaldi bronzo con il tempo di 1\u201916\u201d76, spiccano Alessandro Salton e le ragazze. Nei 1500 stile <a class=\"dt-pswp-item\" href=\"https:\/\/www.radiopiu.net\/wordpress\/wp-content\/uploads\/2020\/01\/Nerviani_secondo_a_Montebelluna.jpg\" data-dt-img-description=\"\" data-large_image_width=\"1430\" data-large_image_height=\"1072\"><img loading=\"lazy\" decoding=\"async\" class=\"size-medium wp-image-114300 alignright\" src=\"https:\/\/www.radiopiu.net\/wordpress\/wp-content\/uploads\/2020\/01\/Nerviani_secondo_a_Montebelluna-300x225.jpg\" alt=\"\" width=\"300\" height=\"225\" srcset=\"https:\/\/www.radiopiu.net\/wordpress\/wp-content\/uploads\/2020\/01\/Nerviani_secondo_a_Montebelluna-300x225.jpg 300w, https:\/\/www.radiopiu.net\/wordpress\/wp-content\/uploads\/2020\/01\/Nerviani_secondo_a_Montebelluna-1024x768.jpg 1024w, https:\/\/www.radiopiu.net\/wordpress\/wp-content\/uploads\/2020\/01\/Nerviani_secondo_a_Montebelluna-768x576.jpg 768w, https:\/\/www.radiopiu.net\/wordpress\/wp-content\/uploads\/2020\/01\/Nerviani_secondo_a_Montebelluna.jpg 1430w\" sizes=\"auto, (max-width: 300px) 100vw, 300px\" \/><\/a>Ivan Somacal, Francesco Ceolin, Giacomo Bianchini, Alessandro Salton, Samuele Gashi e Gianluca Ariano hanno affrontato con coraggio la prova pi\u00f9 lunga, nuotando ininterrottamente per oltre 20 minuti; nei 400 misti, invece, Zaira Muleddu \u00e8 sesta e Camilla Caldart decima. A concludere, le staffette 4&#215;50 metri mista hanno scaldato gli spalti della piscina: a un soffio dal bronzo i bellunesi Salton, Frisaldi, Ceolin e Somacal (2\u201922\u201d8) e applausi poi a Longi, Bianchini, Milani e Gashi, ottavi. Combattuta pure la prova al femminile: Muleddu, Simon, Caldart e Petten\u00f2 sono quinte (a 3 secondi dalla terza piazza) e si distinguono pure Bortoluzzi, De Cassan, Brida e Visentini. \u00abUn bilancio veramente positivo &#8211; commenta la coach Piermarini -. Questi straordinari ragazzi stanno continuamente migliorando le prestazioni, tenendo fisso lo sguardo sull\u2019obiettivo: le qualificazioni ai regionali\u00bb.<\/p>\n<p>&nbsp;<\/p>\n<hr \/>\n<p>&nbsp;<\/p>\n<p>&nbsp;<\/p>\n<h3><a class=\"dt-pswp-item\" href=\"http:\/\/www.radiopiu.net\/wordpress\/wp-content\/uploads\/2018\/09\/WhatsApp-Image-2018-09-20-at-16.04.06.jpeg\" data-dt-img-description=\"\" data-large_image_width=\"800\" data-large_image_height=\"100\"><img loading=\"lazy\" decoding=\"async\" class=\"wp-image-61378 size-full aligncenter\" src=\"http:\/\/www.radiopiu.net\/wordpress\/wp-content\/uploads\/2018\/09\/WhatsApp-Image-2018-09-20-at-16.04.06.jpeg\" alt=\"\" width=\"800\" height=\"100\" srcset=\"https:\/\/www.radiopiu.net\/wordpress\/wp-content\/uploads\/2018\/09\/WhatsApp-Image-2018-09-20-at-16.04.06.jpeg 800w, https:\/\/www.radiopiu.net\/wordpress\/wp-content\/uploads\/2018\/09\/WhatsApp-Image-2018-09-20-at-16.04.06-300x38.jpeg 300w, https:\/\/www.radiopiu.net\/wordpress\/wp-content\/uploads\/2018\/09\/WhatsApp-Image-2018-09-20-at-16.04.06-768x96.jpeg 768w\" sizes=\"auto, (max-width: 800px) 100vw, 800px\" \/><\/a><\/h3>\n<h3><\/h3>\n<p><center><b>Venerdi 24<\/b><\/center><b>Tempo atteso: <\/b>Fino a met\u00e0 pomeriggio perlopi\u00f9 soleggiato con qualche banco di cirri prima del tramonto. In seguito graduale aumento della nuvolosit\u00e0 a partire dalle Prealpi occidentali, in estensione a tutta la montagna veneta verso sera. Clima diurno ancora relativamente mite per il periodo, specie in quota.<br \/>\n<b>Precipitazioni: <\/b>Assenti (0%).<br \/>\n<b>Temperature: <\/b>Minime in ulteriore lieve diminuzione a tutte le quote, ed ancora osservate alla sera in alta quota, l&#8217;inversione termica sar\u00e0 ancora forte con valori tra -3\u00b0C e -9\u00b0C nelle valli e 0\/1\u00b0C attorno ai 2000 m. Massime in leggera flessione, sono previste punte di 7\/8\u00b0C nei fondovalle prealpini, di 5\/7\u00b0C a 1000\/1200 m, anche 7\/8\u00b0C alle stesse quote sugli altopiani prealpini. Nei settori in ombra previste punte di 2\/4\u00b0C. Sulle Prealpi a 1500 m minima 2\u00b0C e massima 4\u00b0C, a 2000 m minima 1\u00b0C e massima 3\u00b0C; sulle Dolomiti a 2000 m minima -1\u00b0C e massima 3\u00b0C, a 3000 m minima -4\u00b0C e massima -2\u00b0C.<br \/>\n<b>Venti: <\/b>Nelle valli deboli di direzione variabile, con qualche rinforzo per brezze notturne in alcune valli a ridosso della pedemontana; in quota deboli\/moderati da sud sud-ovest, nel pomeriggio anche moderati\/tesi sulle cime dolomitiche pi\u00f9 alte, a 5-15 km\/h a 2000 m, 15-30 km\/h a 3000 m.<\/p>\n<hr \/>\n<p><center><b>Sabato 25<\/b><\/center><b>Tempo atteso: <\/b>Lievissimo e temporaneo peggioramento del tempo sulle Prealpi con cielo molto nuvoloso\/coperto associato a sporadiche debolissime precipitazioni sulle Prealpi, assai meno probabili altrove. Sulle Dolomiti nuvolosit\u00e0 meno compatta, magari con schiarite. Clima diurno pi\u00f9 fresco.<br \/>\n<b>Precipitazioni: <\/b>Probabilit\u00e0 medio-bassa sulle Prealpi (30\/40%) per sporadiche debolissime precipitazioni, nevose oltre i 1200\/1300 m. Sulle Dolomiti i fenomeni potrebbero essere del tutto assenti, eccetto qualche fiocco sulle cime del settore meridionale (10\/20%).<br \/>\n<b>Temperature: <\/b>Temperature in generale calo, eccetto rialzo delle minime nelle valli. Sulle Prealpi a 1500 m minima 2\u00b0C e massima 4\u00b0C, a 2000 m minima -2\u00b0C e massima 0\u00b0C; sulle Dolomiti a 2000 m minima -3\u00b0C e massima -1\u00b0C, a 3000 m minima -8\u00b0C e massima -5\u00b0C.<br \/>\n<b>Venti: <\/b>Nelle valli deboli di direzione variabile, con qualche rinforzo per brezze notturne in alcune valli a ridosso della pedemontana; in quota deboli\/moderati da sud-ovest, nel pomeriggio perlopi\u00f9 deboli, a 5-10 km\/h a 2000 m, 5-20 km\/h a 3000 m.<\/p>\n<hr \/>\n<p><center><b>Domenica 26<\/b><\/center>Al mattino nuvolosit\u00e0 media irregolare, pi\u00f9 presente sulle Dolomiti; mentre nubi basse potrebbero interessare alcuni settori prealpini. Con il passare delle ore diradamento delle suddette coperture nuvolose e tempo sempre pi\u00f9 soleggiato. Temperature senza notevoli variazioni. Venti deboli da ovest al mattino e da nord-ovest al pomeriggio in quota, deboli di direzione variabile nelle valli.<\/p>\n<hr \/>\n<p><center><b>Lunedi 27<\/b><\/center>Sole al mattino, mentre si avr\u00e0 un aumento della copertura nuvolosa medio-alta stratiforme al pomeriggio. Temperature minime in diminuzione e massime senza notevoli variazioni. Venti deboli moderati dai quadranti occidentali in quota, deboli di direzione variabile nelle valli, eccetto i consueti rinforzi notturni per brezze nei settori prealpini a ridosso della pedemontana. Previsore: R.L.Th.<\/p>\n","protected":false},"excerpt":{"rendered":"<p>Per ricevere gli aggiornamenti in tempo reale delle notizie pubblicate alla radio e sul sito di radio pi\u00f9 iscriviti al canale RADIO PIU INFORMAZIONE su Telegram.\u00a0 clicca qui 563 di SALESEI tra PIAN DI SALESEI E SALESEI proroga ordinanza, dal 24 gennaio al 21 febbraio esclusi festivi e prefestivi INTERDIZIONE TOTALE AL TRAFFICO dalle 9&hellip;<\/p>\n","protected":false},"author":1,"featured_media":114372,"comment_status":"closed","ping_status":"closed","sticky":false,"template":"","format":"standard","meta":{"_monsterinsights_skip_tracking":false,"_monsterinsights_sitenote_active":false,"_monsterinsights_sitenote_note":"","_monsterinsights_sitenote_category":0,"footnotes":""},"categories":[1,51,86],"tags":[],"class_list":["post-114286","post","type-post","status-publish","format-standard","has-post-thumbnail","hentry","category-senza-categoria","category-evidenza-top","category-gr","category-1","category-51","category-86","description-off"],"img_url":"https:\/\/www.radiopiu.net\/wordpress\/wp-content\/uploads\/2020\/01\/photo_logo.jpg","_links":{"self":[{"href":"https:\/\/www.radiopiu.net\/wordpress\/wp-json\/wp\/v2\/posts\/114286","targetHints":{"allow":["GET"]}}],"collection":[{"href":"https:\/\/www.radiopiu.net\/wordpress\/wp-json\/wp\/v2\/posts"}],"about":[{"href":"https:\/\/www.radiopiu.net\/wordpress\/wp-json\/wp\/v2\/types\/post"}],"author":[{"embeddable":true,"href":"https:\/\/www.radiopiu.net\/wordpress\/wp-json\/wp\/v2\/users\/1"}],"replies":[{"embeddable":true,"href":"https:\/\/www.radiopiu.net\/wordpress\/wp-json\/wp\/v2\/comments?post=114286"}],"version-history":[{"count":0,"href":"https:\/\/www.radiopiu.net\/wordpress\/wp-json\/wp\/v2\/posts\/114286\/revisions"}],"wp:featuredmedia":[{"embeddable":true,"href":"https:\/\/www.radiopiu.net\/wordpress\/wp-json\/wp\/v2\/media\/114372"}],"wp:attachment":[{"href":"https:\/\/www.radiopiu.net\/wordpress\/wp-json\/wp\/v2\/media?parent=114286"}],"wp:term":[{"taxonomy":"category","embeddable":true,"href":"https:\/\/www.radiopiu.net\/wordpress\/wp-json\/wp\/v2\/categories?post=114286"},{"taxonomy":"post_tag","embeddable":true,"href":"https:\/\/www.radiopiu.net\/wordpress\/wp-json\/wp\/v2\/tags?post=114286"}],"curies":[{"name":"wp","href":"https:\/\/api.w.org\/{rel}","templated":true}]}}