{"id":114434,"date":"2020-01-23T23:55:54","date_gmt":"2020-01-23T22:55:54","guid":{"rendered":"https:\/\/www.radiopiu.net\/wordpress\/?p=114434"},"modified":"2020-01-24T06:07:37","modified_gmt":"2020-01-24T05:07:37","slug":"la-pastorale-dei-giovani-propone-unora-di-preghiera-per-la-pace-di-renato-bona","status":"publish","type":"post","link":"https:\/\/www.radiopiu.net\/wordpress\/la-pastorale-dei-giovani-propone-unora-di-preghiera-per-la-pace-di-renato-bona\/","title":{"rendered":"LA PASTORALE DEI GIOVANI PROPONE \u201cUN\u2019ORA DI PREGHIERA PER LA PACE\u201d di  RENATO BONA"},"content":{"rendered":"<p>Settore giovani dell\u2019Azione Cattolica della Diocesi di Belluno-Feltre, e Ufficio di Pastorale dei Giovani annunciano per sabato 25 l\u2019iniziativa \u201cUn\u2019ora di preghiera per la Pace\u201d. Appuntamento alle 20,30 nella Cripta del duomo della cattedrale-basilica per essere \u201cTestimoni convinti, artigiani della pace\u00bb\u201d. Papa Francesco ha avuto modo di affermare a capodanno che \u201cIl mondo non ha bisogno di parole vuote, ma di testimoni convinti, di artigiani della pace aperti al dialogo senza esclusioni n\u00e9 manipolazioni\u201d ed \u00e8 dunque questa la motivazione del \u201cmomento di riflessione, preghiera e lode sul cammino di speranza che siamo tutti invitati a compiere\u201d.<br \/>\nI partecipanti saranno accompagnati da alcuni estratti del discorso del Santo Padre per la 53\u00b0 giornata mondiale della Pace, \u201cfocalizzandosi sulla fondamentale responsabilit\u00e0 di ciascuno nel tendere a ricercare e diffondere la verit\u00e0 nella complessit\u00e0 del mondo dell\u2019informazione di oggi\u201d perch\u00e9 \u201cAnche questo \u00e8 creare pace\u201d. E sempre a proposito di iniziative per i giovani la\u201dloro\u201d Pastorale\u201d con la sottosezione Belluno-Feltre di Unitalsi (ancora una volta partendo da affermazioni di Papa Bergoglio per i giovani: \u201c\u2026 lottate per il bene comune, siate servitori dei poveri, siate protagonisti della rivoluzione della carit\u00e0 e del servizio, capaci di resistere alla patologia dell\u2019individualismo consumista e del superficialismo\u201d) formula la proposta \u201cGiovani@Lourdes 2.0\u201d. Di cosa si tratta? Di un campo scuola dal 6 al 12 settembre prossimi (iscrizioni aperte dal 12 aprile, incontro formativo domenica 30 agosto nel Centro di spiritualit\u00e0 Papa Luciani a Col Cumano di Santa Giustina; per altre informazioni ed adesioni si deve consultare il sito <a href=\"http:\/\/www.chiesabellunofeltre.it\/giovani\/?fbclid=IwAR2G7MB2WBL6SWbq10Tl7wmqtK23CXJdBHL4e2eHc5jyFyCLt9Yu_NpzAmA\" target=\"_blank\" rel=\"nofollow noopener noreferrer\" data-lynx-mode=\"hover\" data-lynx-uri=\"https:\/\/l.facebook.com\/l.php?u=http%3A%2F%2Fwww.chiesabellunofeltre.it%2Fgiovani%2F%3Ffbclid%3DIwAR2G7MB2WBL6SWbq10Tl7wmqtK23CXJdBHL4e2eHc5jyFyCLt9Yu_NpzAmA&amp;h=AT0yhvCLZoQty0fqP_U9Qm24o1syLgwTXoWjg5fnFKApeVkcE83o9JOKwOAg6DmezGK0_BLNdJ0Tc8aX2FQiyeN2oTvFYrfwUDvbW8Dq5V1_Z3kOEEkGovvW4Bbj7T9ZYlc\">www.chiesabellunofeltre.it\/giovani\/<\/a>) con la \u201cpossibilit\u00e0 di vivere alcuni giorni sotto forma di campo-scuola di servizio durante il 50. Pellegrinaggio della nostra Diocesi alla Grotta di Massabielle. Un bel compleanno da festeggiare come si deve! Ringraziando per il passato, guardando al futuro ma, soprattutto, vivendo il presente\u201d, offrendo a ragazze e ragazzi la \u201cpossibilit\u00e0 di trascorrere giorni di servizio fraterno, il pi\u00f9 bel dono che riusciamo a fare a noi e donare tempo agli altri!\u201d.<\/p>\n\n\t\t\t<style type='text\/css'>\n\t\t\t\t#gallery-1 {\n\t\t\t\t\tmargin: auto;\n\t\t\t\t}\n\t\t\t\t#gallery-1 .gallery-item {\n\t\t\t\t\tfloat: left;\n\t\t\t\t\tmargin-top: 10px;\n\t\t\t\t\ttext-align: center;\n\t\t\t\t\twidth: 33%;\n\t\t\t\t}\n\t\t\t\t#gallery-1 img {\n\t\t\t\t\tborder: 2px solid #cfcfcf;\n\t\t\t\t}\n\t\t\t\t#gallery-1 .gallery-caption {\n\t\t\t\t\tmargin-left: 0;\n\t\t\t\t}\n\t\t\t\t\/* see gallery_shortcode() in wp-includes\/media.php *\/\n\t\t\t<\/style>\n\t\t<div id='gallery-1' class='dt-gallery-container gallery galleryid-114434 gallery-columns-3 gallery-size-thumbnail'><dl class='gallery-item'>\n\t\t\t\t<dt class='gallery-icon landscape'>\n\t\t\t\t\t<a class=\"rollover\" href='https:\/\/www.radiopiu.net\/wordpress\/la-pastorale-dei-giovani-propone-unora-di-preghiera-per-la-pace-di-renato-bona\/82788028_590799364800213_1990742471549648896_n\/'><img loading=\"lazy\" decoding=\"async\" width=\"150\" height=\"150\" src=\"https:\/\/www.radiopiu.net\/wordpress\/wp-content\/uploads\/2020\/01\/82788028_590799364800213_1990742471549648896_n-150x150.png\" class=\"attachment-thumbnail size-thumbnail\" alt=\"\" \/><\/a>\n\t\t\t\t<\/dt><\/dl><dl class='gallery-item'>\n\t\t\t\t<dt class='gallery-icon landscape'>\n\t\t\t\t\t<a class=\"rollover\" href='https:\/\/www.radiopiu.net\/wordpress\/la-pastorale-dei-giovani-propone-unora-di-preghiera-per-la-pace-di-renato-bona\/83406533_195772918273952_8832516655570485248_n\/'><img loading=\"lazy\" decoding=\"async\" width=\"150\" height=\"150\" src=\"https:\/\/www.radiopiu.net\/wordpress\/wp-content\/uploads\/2020\/01\/83406533_195772918273952_8832516655570485248_n-150x150.png\" class=\"attachment-thumbnail size-thumbnail\" alt=\"\" \/><\/a>\n\t\t\t\t<\/dt><\/dl><dl class='gallery-item'>\n\t\t\t\t<dt class='gallery-icon landscape'>\n\t\t\t\t\t<a class=\"rollover\" href='https:\/\/www.radiopiu.net\/wordpress\/la-pastorale-dei-giovani-propone-unora-di-preghiera-per-la-pace-di-renato-bona\/82776711_168157134524930_5562753500460351488_n\/'><img loading=\"lazy\" decoding=\"async\" width=\"150\" height=\"150\" src=\"https:\/\/www.radiopiu.net\/wordpress\/wp-content\/uploads\/2020\/01\/82776711_168157134524930_5562753500460351488_n-150x150.jpg\" class=\"attachment-thumbnail size-thumbnail\" alt=\"\" \/><\/a>\n\t\t\t\t<\/dt><\/dl><br style=\"clear: both\" \/><dl class='gallery-item'>\n\t\t\t\t<dt class='gallery-icon landscape'>\n\t\t\t\t\t<a class=\"rollover\" href='https:\/\/www.radiopiu.net\/wordpress\/la-pastorale-dei-giovani-propone-unora-di-preghiera-per-la-pace-di-renato-bona\/83979953_181090183251995_620649175435968512_n\/'><img loading=\"lazy\" decoding=\"async\" width=\"150\" height=\"150\" src=\"https:\/\/www.radiopiu.net\/wordpress\/wp-content\/uploads\/2020\/01\/83979953_181090183251995_620649175435968512_n-150x150.jpg\" class=\"attachment-thumbnail size-thumbnail\" alt=\"\" \/><\/a>\n\t\t\t\t<\/dt><\/dl>\n\t\t\t\t<br style='clear: both' \/>\n\t\t\t<\/div>\n\n<p>NELLE FOTO (siti chiesabellunofeltre, debiasioprogetti.it, wikipedia): il logo delle due iniziative della Pastorale dei giovani; la Cripta di Belluno; la Grotta di Massabielle a Lourdes.<\/p>\n","protected":false},"excerpt":{"rendered":"<p>Settore giovani dell\u2019Azione Cattolica della Diocesi di Belluno-Feltre, e Ufficio di Pastorale dei Giovani annunciano per sabato 25 l\u2019iniziativa \u201cUn\u2019ora di preghiera per la Pace\u201d. Appuntamento alle 20,30 nella Cripta del duomo della cattedrale-basilica per essere \u201cTestimoni convinti, artigiani della pace\u00bb\u201d. Papa Francesco ha avuto modo di affermare a capodanno che \u201cIl mondo non ha&hellip;<\/p>\n","protected":false},"author":1,"featured_media":114435,"comment_status":"closed","ping_status":"closed","sticky":false,"template":"","format":"standard","meta":{"_monsterinsights_skip_tracking":false,"_monsterinsights_sitenote_active":false,"_monsterinsights_sitenote_note":"","_monsterinsights_sitenote_category":0,"footnotes":""},"categories":[49],"tags":[],"class_list":["post-114434","post","type-post","status-publish","format-standard","has-post-thumbnail","hentry","category-news-18","category-49","description-off"],"img_url":"https:\/\/www.radiopiu.net\/wordpress\/wp-content\/uploads\/2020\/01\/82788028_590799364800213_1990742471549648896_n.png","_links":{"self":[{"href":"https:\/\/www.radiopiu.net\/wordpress\/wp-json\/wp\/v2\/posts\/114434","targetHints":{"allow":["GET"]}}],"collection":[{"href":"https:\/\/www.radiopiu.net\/wordpress\/wp-json\/wp\/v2\/posts"}],"about":[{"href":"https:\/\/www.radiopiu.net\/wordpress\/wp-json\/wp\/v2\/types\/post"}],"author":[{"embeddable":true,"href":"https:\/\/www.radiopiu.net\/wordpress\/wp-json\/wp\/v2\/users\/1"}],"replies":[{"embeddable":true,"href":"https:\/\/www.radiopiu.net\/wordpress\/wp-json\/wp\/v2\/comments?post=114434"}],"version-history":[{"count":0,"href":"https:\/\/www.radiopiu.net\/wordpress\/wp-json\/wp\/v2\/posts\/114434\/revisions"}],"wp:featuredmedia":[{"embeddable":true,"href":"https:\/\/www.radiopiu.net\/wordpress\/wp-json\/wp\/v2\/media\/114435"}],"wp:attachment":[{"href":"https:\/\/www.radiopiu.net\/wordpress\/wp-json\/wp\/v2\/media?parent=114434"}],"wp:term":[{"taxonomy":"category","embeddable":true,"href":"https:\/\/www.radiopiu.net\/wordpress\/wp-json\/wp\/v2\/categories?post=114434"},{"taxonomy":"post_tag","embeddable":true,"href":"https:\/\/www.radiopiu.net\/wordpress\/wp-json\/wp\/v2\/tags?post=114434"}],"curies":[{"name":"wp","href":"https:\/\/api.w.org\/{rel}","templated":true}]}}