{"id":114458,"date":"2020-01-24T09:32:12","date_gmt":"2020-01-24T08:32:12","guid":{"rendered":"https:\/\/www.radiopiu.net\/wordpress\/?p=114458"},"modified":"2020-01-24T09:32:12","modified_gmt":"2020-01-24T08:32:12","slug":"falcade-di-nuovo-tricolore-il-22-e-23-febbraio-i-campionati-italiani-e-la-coppa-italia-di-sci-di-fondo","status":"publish","type":"post","link":"https:\/\/www.radiopiu.net\/wordpress\/falcade-di-nuovo-tricolore-il-22-e-23-febbraio-i-campionati-italiani-e-la-coppa-italia-di-sci-di-fondo\/","title":{"rendered":"Falcade di nuovo tricolore: il 22 e 23 febbraio i Campionati italiani e la Coppa Italia di sci di fondo"},"content":{"rendered":"<blockquote><p><span style=\"font-family: Verdana, sans-serif;\"><span style=\"color: #000000;\"><span lang=\"zxx\"><b>L&#8217;evento ritorna nella localit\u00e0 delle Dolomiti Bellunesi a distanza di due anni. Organizzazione a cura dello Sci club Val Biois. Al sabato le gare sprint in tecnica classica, alla domenica le gare distance, sempre in classico<\/b><\/span><\/span><\/span><\/p><\/blockquote>\n<p><span style=\"font-family: Verdana, sans-serif;\"><span style=\"color: #000000;\"><a class=\"dt-pswp-item\" href=\"https:\/\/www.radiopiu.net\/wordpress\/wp-content\/uploads\/2020\/01\/sc-val-biois-allenamenti-sulla-pista-pietro-scola-gen-2020-2.jpg\" data-dt-img-description=\"\" data-large_image_width=\"1500\" data-large_image_height=\"1000\"><img loading=\"lazy\" decoding=\"async\" class=\"size-medium wp-image-114459 alignleft\" src=\"https:\/\/www.radiopiu.net\/wordpress\/wp-content\/uploads\/2020\/01\/sc-val-biois-allenamenti-sulla-pista-pietro-scola-gen-2020-2-300x200.jpg\" alt=\"\" width=\"300\" height=\"200\" srcset=\"https:\/\/www.radiopiu.net\/wordpress\/wp-content\/uploads\/2020\/01\/sc-val-biois-allenamenti-sulla-pista-pietro-scola-gen-2020-2-300x200.jpg 300w, https:\/\/www.radiopiu.net\/wordpress\/wp-content\/uploads\/2020\/01\/sc-val-biois-allenamenti-sulla-pista-pietro-scola-gen-2020-2-1024x683.jpg 1024w, https:\/\/www.radiopiu.net\/wordpress\/wp-content\/uploads\/2020\/01\/sc-val-biois-allenamenti-sulla-pista-pietro-scola-gen-2020-2-768x512.jpg 768w, https:\/\/www.radiopiu.net\/wordpress\/wp-content\/uploads\/2020\/01\/sc-val-biois-allenamenti-sulla-pista-pietro-scola-gen-2020-2.jpg 1500w\" sizes=\"auto, (max-width: 300px) 100vw, 300px\" \/><\/a>Tra poco meno di un mese <b>Falcade<\/b>\u00a0torner\u00e0 a vestirsi del tricolore. Nella localit\u00e0 delle Dolomiti Bellunesi, una delle culle dello sci italiano, ritorneranno infatti i\u00a0<b>Campionati italiani Giovani<\/b>\u00a0e la\u00a0<b>Coppa Italia Senior<\/b>\u00a0dello sci di fondo. L&#8217;appuntamento \u00e8 per\u00a0<b>sabato 22 e domenica 23 febbraio<\/b>\u00a0sulla pista \u201cPietro Scola\u201d, da tempo struttura di riferimento per gli appassionati degli sci stretti a Nord Est e non solo.\u00a0<\/span><\/span><\/p>\n<p><span style=\"font-family: Verdana, sans-serif;\"><span style=\"color: #000000;\">\u00abSiamo lieti della fiducia che la federazione ci ha dato e stiamo lavorando bene, con numerosi volontari e con il supporto dell&#8217;amministrazione comunale, per questo evento che ritorna a Falcade a distanza di due anni\u00bb dice\u00a0<b>Matteo Cagnati<\/b>, presidente dello Sci club Val Biois. \u00abAvremo al via le promesse dello sci di fondo italiano e anche diversi atleti affermati. Sar\u00e0 uno spettacolo importante che riporter\u00e0 il grande fondo qui in Valle del Biois, una terra che alla disciplina ha dato tanto. Si garegger\u00e0 naturalmente sulla pista Pietro Scola, una struttura che gestiamo come Sci club val Biois e che \u00e8 aperta da inizio dicembre e lo sar\u00e0 fino a fine marzo, una pista che si presta alle pi\u00f9 svariate esigenze, da quelle del turista che si avvicina allo sci a quelle dell&#8217;agonista che <a class=\"dt-pswp-item\" href=\"https:\/\/www.radiopiu.net\/wordpress\/wp-content\/uploads\/2020\/01\/sc-val-biois-allenamenti-sulla-pista-pietro-scola-gen-2020.jpg\" data-dt-img-description=\"\" data-large_image_width=\"1500\" data-large_image_height=\"1000\"><img loading=\"lazy\" decoding=\"async\" class=\"size-medium wp-image-114460 alignright\" src=\"https:\/\/www.radiopiu.net\/wordpress\/wp-content\/uploads\/2020\/01\/sc-val-biois-allenamenti-sulla-pista-pietro-scola-gen-2020-300x200.jpg\" alt=\"\" width=\"300\" height=\"200\" srcset=\"https:\/\/www.radiopiu.net\/wordpress\/wp-content\/uploads\/2020\/01\/sc-val-biois-allenamenti-sulla-pista-pietro-scola-gen-2020-300x200.jpg 300w, https:\/\/www.radiopiu.net\/wordpress\/wp-content\/uploads\/2020\/01\/sc-val-biois-allenamenti-sulla-pista-pietro-scola-gen-2020-1024x683.jpg 1024w, https:\/\/www.radiopiu.net\/wordpress\/wp-content\/uploads\/2020\/01\/sc-val-biois-allenamenti-sulla-pista-pietro-scola-gen-2020-768x512.jpg 768w, https:\/\/www.radiopiu.net\/wordpress\/wp-content\/uploads\/2020\/01\/sc-val-biois-allenamenti-sulla-pista-pietro-scola-gen-2020.jpg 1500w\" sizes=\"auto, (max-width: 300px) 100vw, 300px\" \/><\/a>cerca tracciati impegnativi\u00bb.<\/span><\/span><\/p>\n<p><span style=\"font-family: Verdana, sans-serif;\"><span style=\"color: #000000;\">Al tecnico <b>Omar Genuin<\/b>\u00a0il compito di illustrare le caratteristiche dei tracciati tricolori del 22 e 23 febbraio.\u00a0<\/span><\/span>\u00abLe sprint in tecnica classica di sabato 22 febbraio si svolgeranno su un tracciato facile nella prima parte, che poi diventa impegnativo nella seconda: dopo l&#8217;iniziale tratto in leggera discesa, due curve secche, tecnicamente insidiose, introducono alla seconda parte, con salite impegnative\u00bb spiega l&#8217;allenatore dello Sci club Val Biois. \u00abLe prove distance, sempre in tecnica classica, di domenica 23 si svolgeranno su tracciati di 2.5, 3.3 e 3.75 chilometri per gare rispettivamente di 5, 10 e 15 chilometri. La parte pi\u00f9 dura \u00e8 quella sulla destra orografica del fiume Biois, con salite che propongono anche dislivelli di 40 metri in un colpo solo. Saranno gare veramente dure\u00bb.<\/p>\n","protected":false},"excerpt":{"rendered":"<p>L&#8217;evento ritorna nella localit\u00e0 delle Dolomiti Bellunesi a distanza di due anni. Organizzazione a cura dello Sci club Val Biois. Al sabato le gare sprint in tecnica classica, alla domenica le gare distance, sempre in classico Tra poco meno di un mese Falcade\u00a0torner\u00e0 a vestirsi del tricolore. Nella localit\u00e0 delle Dolomiti Bellunesi, una delle culle&hellip;<\/p>\n","protected":false},"author":1,"featured_media":114460,"comment_status":"closed","ping_status":"closed","sticky":false,"template":"","format":"standard","meta":{"_monsterinsights_skip_tracking":false,"_monsterinsights_sitenote_active":false,"_monsterinsights_sitenote_note":"","_monsterinsights_sitenote_category":0,"footnotes":""},"categories":[49,72],"tags":[],"class_list":["post-114458","post","type-post","status-publish","format-standard","has-post-thumbnail","hentry","category-news-18","category-sport","category-49","category-72","description-off"],"img_url":"https:\/\/www.radiopiu.net\/wordpress\/wp-content\/uploads\/2020\/01\/sc-val-biois-allenamenti-sulla-pista-pietro-scola-gen-2020.jpg","_links":{"self":[{"href":"https:\/\/www.radiopiu.net\/wordpress\/wp-json\/wp\/v2\/posts\/114458","targetHints":{"allow":["GET"]}}],"collection":[{"href":"https:\/\/www.radiopiu.net\/wordpress\/wp-json\/wp\/v2\/posts"}],"about":[{"href":"https:\/\/www.radiopiu.net\/wordpress\/wp-json\/wp\/v2\/types\/post"}],"author":[{"embeddable":true,"href":"https:\/\/www.radiopiu.net\/wordpress\/wp-json\/wp\/v2\/users\/1"}],"replies":[{"embeddable":true,"href":"https:\/\/www.radiopiu.net\/wordpress\/wp-json\/wp\/v2\/comments?post=114458"}],"version-history":[{"count":0,"href":"https:\/\/www.radiopiu.net\/wordpress\/wp-json\/wp\/v2\/posts\/114458\/revisions"}],"wp:featuredmedia":[{"embeddable":true,"href":"https:\/\/www.radiopiu.net\/wordpress\/wp-json\/wp\/v2\/media\/114460"}],"wp:attachment":[{"href":"https:\/\/www.radiopiu.net\/wordpress\/wp-json\/wp\/v2\/media?parent=114458"}],"wp:term":[{"taxonomy":"category","embeddable":true,"href":"https:\/\/www.radiopiu.net\/wordpress\/wp-json\/wp\/v2\/categories?post=114458"},{"taxonomy":"post_tag","embeddable":true,"href":"https:\/\/www.radiopiu.net\/wordpress\/wp-json\/wp\/v2\/tags?post=114458"}],"curies":[{"name":"wp","href":"https:\/\/api.w.org\/{rel}","templated":true}]}}