{"id":114481,"date":"2020-01-25T05:51:32","date_gmt":"2020-01-25T04:51:32","guid":{"rendered":"https:\/\/www.radiopiu.net\/wordpress\/?p=114481"},"modified":"2020-01-25T15:54:47","modified_gmt":"2020-01-25T14:54:47","slug":"giornale-radiopiu-25-gennaio-2020-direttore-mirko-mezzacasa","status":"publish","type":"post","link":"https:\/\/www.radiopiu.net\/wordpress\/giornale-radiopiu-25-gennaio-2020-direttore-mirko-mezzacasa\/","title":{"rendered":"GIORNALE RADIOPIU 25 GENNAIO 2020 direttore Mirko Mezzacasa"},"content":{"rendered":"<h3><span style=\"color: #ff00ff;\">Per ricevere gli aggiornamenti in tempo reale delle notizie pubblicate alla radio e sul sito di radio pi\u00f9 iscriviti al canale RADIO PIU INFORMAZIONE su <span style=\"color: #0000ff;\">Telegram<\/span>.\u00a0<span style=\"color: #000000;\"> <a style=\"color: #000000;\" href=\"https:\/\/t.me\/radiopiu\">clicca qui<\/a><\/span><\/span><\/h3>\n<p>&nbsp;<\/p>\n<p><strong><a class=\"dt-pswp-item\" href=\"https:\/\/www.radiopiu.net\/wordpress\/wp-content\/uploads\/2020\/01\/1a378919-7098-4c32-8e84-973d3339d943.jpg\" data-dt-img-description=\"\" data-large_image_width=\"600\" data-large_image_height=\"800\"><img loading=\"lazy\" decoding=\"async\" class=\"size-medium wp-image-114498 alignleft\" src=\"https:\/\/www.radiopiu.net\/wordpress\/wp-content\/uploads\/2020\/01\/1a378919-7098-4c32-8e84-973d3339d943-225x300.jpg\" alt=\"\" width=\"225\" height=\"300\" srcset=\"https:\/\/www.radiopiu.net\/wordpress\/wp-content\/uploads\/2020\/01\/1a378919-7098-4c32-8e84-973d3339d943-225x300.jpg 225w, https:\/\/www.radiopiu.net\/wordpress\/wp-content\/uploads\/2020\/01\/1a378919-7098-4c32-8e84-973d3339d943.jpg 600w\" sizes=\"auto, (max-width: 225px) 100vw, 225px\" \/><\/a><\/strong><\/p>\n<p>&nbsp;<\/p>\n<p><strong>PROVINCIALE 3 VAL IMPERINA, DA LUNEDI AL 7 FEBBRAIO CHIUSURA DALLE 8 ALLE 9.45, 10-11.45, 13,30-15.15 E 15.30-1730. SOLO NEI GIORNI FERIALI DAL LUNEDI AL VENERDI. localita&#8217; Corde Mole tra Rivamonte e Gosaldo dove sono previste le operazioni di taglio alberi<\/strong><\/p>\n<p>&nbsp;<\/p>\n<blockquote><p><strong>563 di SALESEI tra PIAN DI SALESEI E SALESEI proroga ordinanza,<\/strong> dal 24 gennaio al 21 febbraio esclusi festivi e prefestivi INTERDIZIONE TOTALE AL TRAFFICO dalle 9 alle 17 per rimozione schianti. negli altri orari senso unico con semaforo<\/p><\/blockquote>\n<p>&nbsp;<\/p>\n<p>&nbsp;<\/p>\n<p>&nbsp;<\/p>\n<hr \/>\n<h2><\/h2>\n<h2>GOSALDO, IL POST DEL GIORNO<\/h2>\n<p><strong>LILIANA ALL&#8217;ORA SOLARE DA PAOLA SALUZZI<\/strong><\/p>\n<p>Quando Liliana De Nato, classe 1971 racconta la sua storia. Da direttrice di un importante ufficio postale a imprenditrice di quelle toste che si \u00e8 fatta conoscere anche per il suo formaggio&#8230; delle Feste. Ieri Liliana ha portato in televisione un importante pezzo di Agordino.<\/p>\n<blockquote><p><em>\u00abmollare un posto pubblico fisso per l&#8217;incertezza ma soprattutto sul profondo desiderio di dedicare il mio tempo a ci\u00f2 che amo di pi\u00f9: la natura e gli animali\u00bb.\u00a0<\/em><\/p><\/blockquote>\n<p>&nbsp;<\/p>\n<p><a class=\"dt-pswp-item\" href=\"https:\/\/www.radiopiu.net\/wordpress\/wp-content\/uploads\/2020\/01\/c51fb360-4c32-4e59-8ba4-644bb44046f2.jpg\" data-dt-img-description=\"\" data-large_image_width=\"502\" data-large_image_height=\"575\"><img loading=\"lazy\" decoding=\"async\" class=\"wp-image-114544 aligncenter\" src=\"https:\/\/www.radiopiu.net\/wordpress\/wp-content\/uploads\/2020\/01\/c51fb360-4c32-4e59-8ba4-644bb44046f2.jpg\" alt=\"\" width=\"401\" height=\"459\" srcset=\"https:\/\/www.radiopiu.net\/wordpress\/wp-content\/uploads\/2020\/01\/c51fb360-4c32-4e59-8ba4-644bb44046f2.jpg 502w, https:\/\/www.radiopiu.net\/wordpress\/wp-content\/uploads\/2020\/01\/c51fb360-4c32-4e59-8ba4-644bb44046f2-262x300.jpg 262w\" sizes=\"auto, (max-width: 401px) 100vw, 401px\" \/><\/a><\/p>\n<p>&nbsp;<\/p>\n<p><iframe loading=\"lazy\" title=\"\u201cHo lasciato tutto per la montagna e ho ritrovato la felicit\u00e0\u201d\" width=\"1200\" height=\"675\" src=\"https:\/\/www.youtube.com\/embed\/q3XmeftrD14?feature=oembed\" frameborder=\"0\" allow=\"accelerometer; autoplay; encrypted-media; gyroscope; picture-in-picture\" allowfullscreen><\/iframe><\/p>\n<p>&nbsp;<\/p>\n<hr \/>\n<p>&nbsp;<\/p>\n<p>&nbsp;<\/p>\n<h2>ESCAVATORE SI RIBALTA LUNGO LA PROVINCIALE DELLA VAL FIORENTINA<\/h2>\n<p><strong>SELVA DI CADORE <\/strong><em><strong>\u00a0 Erano in due, uno operava con l&#8217;escavatore sul pendio (F.P. 44 anni di Sospirolo alle dipendenze della Tollot di Ponte Nelle Alpi) e l&#8217;altro era impegnato a fare altro. Poi il colpo del ferro sull&#8217;asfalto. Lo possiamo solo immaginare lo sgomento del collega dell&#8217;escavatorista, tramortito e impaurito dal dovere scendere quel pendio e trovarsi\u00a0 davanti al peggio, perch\u00e9 al peggio non si \u00e8 mai preparati. Poi invece il lieto fine. Nessun ferito ma paura tanta. <\/strong><\/em>Sei ore di chiusura ieri mattina per\u00a0 la strada provinciale 20 Val Fiorentina. Si \u00e8 ribaltato un escavatore da 350 quintali. Difficili le operazioni di recupero che hanno impegnato le maestranze di Veneto Strade, VIgili del Fuoco e Carabinieri.<\/p>\n<h3><a class=\"dt-pswp-item\" href=\"https:\/\/www.radiopiu.net\/wordpress\/wp-content\/uploads\/2020\/01\/WhatsApp-Image-2020-01-24-at-12.27.19-1.jpeg\" data-dt-img-description=\"\" data-large_image_width=\"1200\" data-large_image_height=\"1600\"><img loading=\"lazy\" decoding=\"async\" class=\"alignnone wp-image-114473\" src=\"https:\/\/www.radiopiu.net\/wordpress\/wp-content\/uploads\/2020\/01\/WhatsApp-Image-2020-01-24-at-12.27.19-1-225x300.jpeg\" alt=\"\" width=\"196\" height=\"261\" srcset=\"https:\/\/www.radiopiu.net\/wordpress\/wp-content\/uploads\/2020\/01\/WhatsApp-Image-2020-01-24-at-12.27.19-1-225x300.jpeg 225w, https:\/\/www.radiopiu.net\/wordpress\/wp-content\/uploads\/2020\/01\/WhatsApp-Image-2020-01-24-at-12.27.19-1-768x1024.jpeg 768w, https:\/\/www.radiopiu.net\/wordpress\/wp-content\/uploads\/2020\/01\/WhatsApp-Image-2020-01-24-at-12.27.19-1-1152x1536.jpeg 1152w, https:\/\/www.radiopiu.net\/wordpress\/wp-content\/uploads\/2020\/01\/WhatsApp-Image-2020-01-24-at-12.27.19-1.jpeg 1200w\" sizes=\"auto, (max-width: 196px) 100vw, 196px\" \/><\/a><img loading=\"lazy\" decoding=\"async\" class=\"alignnone wp-image-114474\" src=\"https:\/\/www.radiopiu.net\/wordpress\/wp-content\/uploads\/2020\/01\/WhatsApp-Image-2020-01-24-at-12.27.19-169x300.jpeg\" alt=\"\" width=\"147\" height=\"260\" srcset=\"https:\/\/www.radiopiu.net\/wordpress\/wp-content\/uploads\/2020\/01\/WhatsApp-Image-2020-01-24-at-12.27.19-169x300.jpeg 169w, https:\/\/www.radiopiu.net\/wordpress\/wp-content\/uploads\/2020\/01\/WhatsApp-Image-2020-01-24-at-12.27.19-576x1024.jpeg 576w, https:\/\/www.radiopiu.net\/wordpress\/wp-content\/uploads\/2020\/01\/WhatsApp-Image-2020-01-24-at-12.27.19-768x1366.jpeg 768w, https:\/\/www.radiopiu.net\/wordpress\/wp-content\/uploads\/2020\/01\/WhatsApp-Image-2020-01-24-at-12.27.19-864x1536.jpeg 864w, https:\/\/www.radiopiu.net\/wordpress\/wp-content\/uploads\/2020\/01\/WhatsApp-Image-2020-01-24-at-12.27.19.jpeg 899w\" sizes=\"auto, (max-width: 147px) 100vw, 147px\" \/><\/h3>\n<p>&nbsp;<\/p>\n<p>&nbsp;<\/p>\n<hr \/>\n<p>&nbsp;<\/p>\n<h3>INVESTITA SULLE STRISCE PEDONALI, ILLESO IL FIGLIO<\/h3>\n<p><strong>FELTRE<\/strong> Una giovane mamma \u00e8 stata investita sulle strisce pedonali lungo via Montegrappa, ieri mattina pochi minuti dopo le 8 all&#8217;altezza del bar Simba. La giovane mamma \u00e8 investita da Un&#8217;Alfa 159 condotta da un feltrino\u00a0 \u00e8 sempre rimasta cosciente lamentando dolori alla spalla e a un fianco. \u00c8 stata lei a fare da scudo al figlio che \u00e8 rimasto illeso.<\/p>\n<p>&nbsp;<\/p>\n<p>&nbsp;<\/p>\n<hr \/>\n<p>&nbsp;<\/p>\n<h3>DOPPIO INVESTIMENTO NEI PRESSI DEL MONUMENTO<\/h3>\n<p><strong>FELTRE<\/strong> Erano le 18.30 quando due pedoni sono stati investiti in via Cesare Battisti, fortunatamente non ci sono state conseguenze gravi ma ancora una volta viene evidenziata la pericolosit\u00e0 del tratto di strada, un punto nero della viabilit\u00e0 feltrina come sicuramente sapranno far notare gli agenti della Polizia locale feltrina intervenuti per i rilievi.<\/p>\n<p>&nbsp;<\/p>\n<hr \/>\n<h3><\/h3>\n<h3>I FUNERALI DI SISTO BELLI<\/h3>\n<p><strong>FELTRE<\/strong> I funerali di Sisto Belli, gi\u00e0 sindaco di Feltre e uomo del volontariato locale vittima del grave incidente di giovedi a Piovena,\u00a0 si terranno lunedi alle 10.30 in Duomo a Feltre, il feretro sar\u00e0 poi trasportato in Cadore a San Vito suo paese d&#8217;origine per la sepoltura.<\/p>\n<p>&nbsp;<\/p>\n<p>&nbsp;<\/p>\n<hr \/>\n<p>&nbsp;<\/p>\n<h3>CARLO CETERA IN CARCERE<\/h3>\n<p><strong>PIEVE DI CADOR<\/strong>E Chiedeva soldi per accorciare le liste di attesa al centro di procreazione dell&#8217;ospedale di Pieve di Cadore. Il dottor Carlo Cetera dovr\u00e0 scontare in carcere un residuo di pena di 3 anni, 10 mesi e 24 giorni al Due Palazzi di Padova. In primo grado era stato condannato a 5 anni e 6 mesi per induzione indebita, il pubblico Ministero D&#8217;Orlando aveva chiesto 9 anni.<\/p>\n<p>&nbsp;<\/p>\n<hr \/>\n<p>&nbsp;<\/p>\n<h3>LA RESURREZIONE DELLE SIM VODAFONE, CASI NEL FELTRINO E RICHIESTE DI PAGAMENTO ANNULLATE DA &#8220;IO MI TUTELO&#8221;<\/h3>\n<p><strong><a class=\"dt-pswp-item\" href=\"https:\/\/www.radiopiu.net\/wordpress\/wp-content\/uploads\/2020\/01\/iomitutelo1.jpg\" data-dt-img-description=\"\" data-large_image_width=\"1280\" data-large_image_height=\"800\"><img loading=\"lazy\" decoding=\"async\" class=\"size-medium wp-image-114506 alignleft\" src=\"https:\/\/www.radiopiu.net\/wordpress\/wp-content\/uploads\/2020\/01\/iomitutelo1-300x188.jpg\" alt=\"\" width=\"300\" height=\"188\" srcset=\"https:\/\/www.radiopiu.net\/wordpress\/wp-content\/uploads\/2020\/01\/iomitutelo1-300x188.jpg 300w, https:\/\/www.radiopiu.net\/wordpress\/wp-content\/uploads\/2020\/01\/iomitutelo1-1024x640.jpg 1024w, https:\/\/www.radiopiu.net\/wordpress\/wp-content\/uploads\/2020\/01\/iomitutelo1-768x480.jpg 768w, https:\/\/www.radiopiu.net\/wordpress\/wp-content\/uploads\/2020\/01\/iomitutelo1.jpg 1280w\" sizes=\"auto, (max-width: 300px) 100vw, 300px\" \/><\/a>FELTRE<\/strong>\u00a0 Avevate disattivato una sim dati della Vodafone in un centro autorizzato e dopo anni vi arrivano ancora le bollette da pagare? E&#8217; gi\u00e0 successo nel Feltrino, dove vari clienti Vodafone si sono visti recapitare richieste di pagamento da una decina di euro o poco pi\u00f9 per schede dati resuscitate bench\u00e9 disattivate. La spiegazione surreale fornita da gestori della Vodafone sarebbe la seguente:\u00a0 la disattivazione richiesta era era parziale, solo dei dati; il cliente, secondo questa bizzarra interpretazione,\u00a0 avrebbe disattivato i dati ma non la sim, che avrebbe ripreso vita come uno zombie iniziando a fatturare tariffe di abbonamento. Come se il possessore di una sim dati avesse esplicitamente chiesto una disattivazione parziale di un servizio che non usa pi\u00f9! Eppure disattivazione significa disattivazione di tutto. L&#8217;errore pare sia dovuto ad un aggiornamento contrattuale disposto da Vodafone, che ha introdotto un fisso di 5 euro mensile che prima non c&#8217;era per le sim dati. E questo avrebbe fatto partire automaticamente le bollette su tutte le sim dati in abbonamento, anche quelle disattivate. L&#8217;errore pu\u00f2 succedere.<\/p>\n<blockquote><p><em>&#8220;E&#8217; quello che \u00e8 successo, infatti&#8221;\u00a0 spiega Andrea Brumurelli, presidente dell&#8217;Associazione a difesa dei consumatori &#8220;io mi tutelo&#8221; con sede in Feltre. &#8220;Abbiamo dovuto interpellare Vodafone come associazione, rappresentando le varie situazioni verificatesi di clienti che avevano disattivato la sim dati che peraltro risultava da anni a traffico zero che si sono visti recapitare ancora bollette a distanza di anni dalla chiusura del contratto. Vodafone, probabilmente gi\u00e0 a conoscenza del problema, ha preso atto delle situazioni da noi rappresentate ed ha proceduto all&#8217;annullamento delle richieste&#8221;.<\/em><\/p><\/blockquote>\n<p>&nbsp;<\/p>\n<p>&nbsp;<\/p>\n<hr \/>\n<p>&nbsp;<\/p>\n<h3>SICCITA&#8217; DIFFUSA, ORDINANZE DAI COMUNI GIA&#8217; OPERATIVE, CAMBIA IL METEO MA LE PRECIPITAZIONI SARANNO SCARSE E IL PROBLEMA RIMANE<\/h3>\n<p>BELLUNO<\/p>\n<p>DI DAMIANO TORMEN<\/p>\n<audio class=\"wp-audio-shortcode\" id=\"audio-114481-1\" preload=\"none\" style=\"width: 100%;\" controls=\"controls\"><source type=\"audio\/mpeg\" src=\"https:\/\/www.radiopiu.net\/wordpress\/wp-content\/uploads\/2020\/01\/DAMIANO-SICCITA.mp3?_=1\" \/><a href=\"https:\/\/www.radiopiu.net\/wordpress\/wp-content\/uploads\/2020\/01\/DAMIANO-SICCITA.mp3\">https:\/\/www.radiopiu.net\/wordpress\/wp-content\/uploads\/2020\/01\/DAMIANO-SICCITA.mp3<\/a><\/audio>\n<h2><\/h2>\n<h2><span style=\"color: #ff0000;\">L&#8217;ORDINANZA<\/span><\/h2>\n<p><strong>VOLTAGO<\/strong> E&#8217; un&#8217;ordinanza che mette in evidenza il pericolo di incendi per lo stato di siccit\u00e0. Va bene a Voltago, Taibon, La Valle&#8230; come in molti altri Comuni della Provincia<\/p>\n<p><a class=\"dt-pswp-item\" href=\"https:\/\/www.radiopiu.net\/wordpress\/wp-content\/uploads\/2020\/01\/74d21740-1865-45ec-a3bb-6cf3dca2ff87.jpg\" data-dt-img-description=\"\" data-large_image_width=\"1131\" data-large_image_height=\"1600\"><img loading=\"lazy\" decoding=\"async\" class=\"wp-image-114533 aligncenter\" src=\"https:\/\/www.radiopiu.net\/wordpress\/wp-content\/uploads\/2020\/01\/74d21740-1865-45ec-a3bb-6cf3dca2ff87-724x1024.jpg\" alt=\"\" width=\"352\" height=\"498\" srcset=\"https:\/\/www.radiopiu.net\/wordpress\/wp-content\/uploads\/2020\/01\/74d21740-1865-45ec-a3bb-6cf3dca2ff87-724x1024.jpg 724w, https:\/\/www.radiopiu.net\/wordpress\/wp-content\/uploads\/2020\/01\/74d21740-1865-45ec-a3bb-6cf3dca2ff87-212x300.jpg 212w, https:\/\/www.radiopiu.net\/wordpress\/wp-content\/uploads\/2020\/01\/74d21740-1865-45ec-a3bb-6cf3dca2ff87-768x1086.jpg 768w, https:\/\/www.radiopiu.net\/wordpress\/wp-content\/uploads\/2020\/01\/74d21740-1865-45ec-a3bb-6cf3dca2ff87-1086x1536.jpg 1086w, https:\/\/www.radiopiu.net\/wordpress\/wp-content\/uploads\/2020\/01\/74d21740-1865-45ec-a3bb-6cf3dca2ff87.jpg 1131w\" sizes=\"auto, (max-width: 352px) 100vw, 352px\" \/><\/a><\/p>\n<p>&nbsp;<\/p>\n<p>&nbsp;<\/p>\n<hr \/>\n<p>&nbsp;<\/p>\n<p>&nbsp;<\/p>\n<p>&nbsp;<\/p>\n<h3>TRENO DELLE DOLOMITI, PADRIN: \u00abATTENDIAMO GLI APPROFONDIMENTI DELLA REGIONE; SOLO DOPO SI POTR\u00c0 SCEGLIERE\u00bb<\/h3>\n<p><strong><img loading=\"lazy\" decoding=\"async\" class=\"alignleft\" src=\"https:\/\/www.radiopiu.net\/wordpress\/wp-content\/uploads\/2019\/02\/treno-olimpiadi.jpg\" width=\"301\" height=\"251\" \/>BELLUNO<\/strong>\u00a0 \u00abAttendiamo lo studio di fattibilit\u00e0 che la Regione Veneto sta preparando sul treno delle Dolomiti. \u00c8 l\u2019unico strumento che ci consentir\u00e0 di verificare se la ferrovia \u00e8 un progetto realizzabile e soprattutto se il treno potr\u00e0 essere il mezzo pi\u00f9 utile a risolvere i problemi infrastrutturali del Bellunese\u00bb. \u00c8 quanto afferma il presidente della Provincia, Roberto Padrin.Il tema del treno delle Dolomiti \u00e8 tornato prepotentemente d\u2019attualit\u00e0, dopo che l\u2019Agordino ha avanzato l\u2019ipotesi del quarto tracciato. \u00abAlcuni sindaci dell\u2019Agordino hanno pensato a un nuovo tracciato e sono stati a colloquio con l\u2019assessore regionale De Berti, per presentarle il progetto; e lei lo ha accolto favorevolmente &#8211; spiega il presidente Padrin -. Poi, quell\u2019idea \u00e8 stata presentata anche alla Provincia, con un documento prodotto dall\u2019Unione Montana Agordina e la preghiera di inviarlo alla Regione per lo studio di fattibilit\u00e0. Ed \u00e8 quello che ho fatto, in quanto si tratta di una proposta che nasce dal territorio e la Provincia ha il dovere di fare da collettore delle richieste dei sindaci\u00bb. \u00abAdesso aspettiamo di vedere le elaborazioni tecniche dell\u2019ingegner Moroder, l\u2019incaricato dalla Regione Veneto di eseguire tutti gli approfondimenti sull\u2019idea del treno &#8211; continua il presidente Padrin -. Se l\u2019obiettivo \u00e8 un collegamento rapido tra Cortina e Venezia, bisogner\u00e0 scegliere il tracciato migliore per la rapidit\u00e0. Se invece l\u2019obiettivo \u00e8 quello di un trenino turistico, serviranno considerazioni di altro tipo. Bisogna per\u00f2 affrontare prioritariamente un altra questione, perch\u00e9 da anni si parla del treno delle Dolomiti come della soluzione di gran parte dei problemi infrastrutturali della nostra provincia e vogliamo capire se \u00e8 davvero cos\u00ec. La Provincia \u00e8 stata criticata per non aver scelto. Ma per scegliere bisogna prima sapere cosa si va a scegliere e conoscere tutte le alternative; soprattutto bisogna avere in mano studi e ricerche su quale \u00e8 il mezzo di trasporto pi\u00f9 funzionale alle esigenze del nostro territorio e alle sfide future del Bellunese. Se dagli studi della Regione emerger\u00e0 che il treno non \u00e8 il mezzo pi\u00f9 funzionale, bisogner\u00e0 concentrarsi su altri ragionamenti. Quello sar\u00e0 il momento della scelta\u00bb.<\/p>\n<p>&nbsp;<\/p>\n<p>&nbsp;<\/p>\n<h2>DAL NOTIZIARIO DI RADIO PIU DEL 2016<\/h2>\n<h2>Entra per approfondire, cosa si diceva 4 anni fa a proposito del progetto della ferrovia verso l&#8217;Agordino<\/h2>\n<blockquote class=\"wp-embedded-content\" data-secret=\"EBuC3jbOJ7\"><p><a href=\"https:\/\/www.radiopiu.net\/wordpress\/storia-agordo-e-il-treno-che-non-ce\/\">STORIA. AGORDO E IL TRENO CHE NON C&#8217;E&#8217;.\u00a0<\/a><\/p><\/blockquote>\n<p><iframe loading=\"lazy\" title=\"&#8220;STORIA. AGORDO E IL TRENO CHE NON C&#8217;E&#8217;.\u00a0&#8221; &#8212; Radio Pi\u00f9\" class=\"wp-embedded-content\" sandbox=\"allow-scripts\" security=\"restricted\" style=\"position: absolute; clip: rect(1px, 1px, 1px, 1px);\" src=\"https:\/\/www.radiopiu.net\/wordpress\/storia-agordo-e-il-treno-che-non-ce\/embed\/#?secret=EBuC3jbOJ7\" data-secret=\"EBuC3jbOJ7\" width=\"600\" height=\"338\" frameborder=\"0\" marginwidth=\"0\" marginheight=\"0\" scrolling=\"no\"><\/iframe><\/p>\n<h3><\/h3>\n<p>&nbsp;<\/p>\n<h3><\/h3>\n<hr \/>\n<h3><\/h3>\n<p>&nbsp;<\/p>\n<h3>OPPORTUNITA&#8217; PER GLI STUDENTI DI ROCCA PIETORE<\/h3>\n<div dir=\"auto\"><strong><a class=\"dt-pswp-item\" href=\"https:\/\/www.radiopiu.net\/wordpress\/wp-content\/uploads\/2020\/01\/Bando-2019-2020-1.jpg\" data-dt-img-description=\"\" data-large_image_width=\"900\" data-large_image_height=\"1334\"><img loading=\"lazy\" decoding=\"async\" class=\" wp-image-114493 alignleft\" src=\"https:\/\/www.radiopiu.net\/wordpress\/wp-content\/uploads\/2020\/01\/Bando-2019-2020-1-202x300.jpg\" alt=\"\" width=\"133\" height=\"198\" srcset=\"https:\/\/www.radiopiu.net\/wordpress\/wp-content\/uploads\/2020\/01\/Bando-2019-2020-1-202x300.jpg 202w, https:\/\/www.radiopiu.net\/wordpress\/wp-content\/uploads\/2020\/01\/Bando-2019-2020-1-691x1024.jpg 691w, https:\/\/www.radiopiu.net\/wordpress\/wp-content\/uploads\/2020\/01\/Bando-2019-2020-1-768x1138.jpg 768w, https:\/\/www.radiopiu.net\/wordpress\/wp-content\/uploads\/2020\/01\/Bando-2019-2020-1.jpg 900w\" sizes=\"auto, (max-width: 133px) 100vw, 133px\" \/><\/a>FELTRE<\/strong>\u00a0 La poetessa e scrittrice Maria Luisa Daniele Toffanin finanzier\u00e0 le borse di studio (come lo scorso anno) con i proventi della vendita del suo libro: &#8220;La casa in mezzo al prato&#8221;, una raccolta di poesie, dopo l&#8217;uragano Vaia del 2018, a testimonianza del suo attaccamento, nella speranza di rinascita, a Rocca Pietore e ai Serrai di Sottoguda.\u00a0 Anche nel 2020 l&#8217; Associazione Levi Montalcini, promuove un bando a premi\u00a0 per gli studenti con residenza nel Comune di Rocca Pietore che frequentano: scuole dell&#8217;obbligo, istituti superiori e facolt\u00e0 universitarie. Presentazione della domanda entro il 15 marzo 2020; invio degli elaborati entro il 31 maggio 2020. Tra la finalit\u00e0 del concorso anche sensibilizzare l&#8217;opinione pubblica e soprattutto per sollecitare le istituzioni pubbliche e private, all&#8217;urgente necessit\u00e0 di ripristinare le Terre Alte Dolomitiche<\/div>\n<div dir=\"auto\">collaborazione Franco Piacentini.<\/div>\n<div dir=\"auto\"><\/div>\n<p>&nbsp;<\/p>\n<p>&nbsp;<\/p>\n<hr \/>\n<p>&nbsp;<\/p>\n<p>&nbsp;<\/p>\n<h2>LUTTO AD AGORDO PER LA MORTE DI TONI PAMPANIN<\/h2>\n<p><strong><a class=\"dt-pswp-item\" href=\"https:\/\/www.radiopiu.net\/wordpress\/wp-content\/uploads\/2020\/01\/1fe2e3b7-6726-4bd3-be0c-556918ee1bea.jpg\" data-dt-img-description=\"\" data-large_image_width=\"165\" data-large_image_height=\"254\"><img loading=\"lazy\" decoding=\"async\" class=\"wp-image-114562 alignleft\" src=\"https:\/\/www.radiopiu.net\/wordpress\/wp-content\/uploads\/2020\/01\/1fe2e3b7-6726-4bd3-be0c-556918ee1bea.jpg\" alt=\"\" width=\"151\" height=\"232\" \/><\/a><\/strong><\/p>\n<p>&nbsp;<\/p>\n<p>&nbsp;<\/p>\n<p><strong>AGORDO<\/strong><\/p>\n<p><strong> <em>\u00a0e come vorrebbe Toni eventuali offerte ad opere di bene, in questo caso al Centro Missionario Diocesano Belluno-Feltre. IBAN su Unicredit IT73U0200811910000002765556<\/em><\/strong><\/p>\n<p>&nbsp;<\/p>\n<p>&nbsp;<\/p>\n<p><strong>DI GIANNI SANTOMASO<\/strong><\/p>\n<audio class=\"wp-audio-shortcode\" id=\"audio-114481-2\" preload=\"none\" style=\"width: 100%;\" controls=\"controls\"><source type=\"audio\/mpeg\" src=\"https:\/\/www.radiopiu.net\/wordpress\/wp-content\/uploads\/2020\/01\/GIANNI-TONI.mp3?_=2\" \/><a href=\"https:\/\/www.radiopiu.net\/wordpress\/wp-content\/uploads\/2020\/01\/GIANNI-TONI.mp3\">https:\/\/www.radiopiu.net\/wordpress\/wp-content\/uploads\/2020\/01\/GIANNI-TONI.mp3<\/a><\/audio>\n<p><strong>IL RICORDO DI DON FABIANO DEL FAVERO<\/strong><\/p>\n<audio class=\"wp-audio-shortcode\" id=\"audio-114481-3\" preload=\"none\" style=\"width: 100%;\" controls=\"controls\"><source type=\"audio\/mpeg\" src=\"https:\/\/www.radiopiu.net\/wordpress\/wp-content\/uploads\/2020\/01\/DON-FABIANO.mp3?_=3\" \/><a href=\"https:\/\/www.radiopiu.net\/wordpress\/wp-content\/uploads\/2020\/01\/DON-FABIANO.mp3\">https:\/\/www.radiopiu.net\/wordpress\/wp-content\/uploads\/2020\/01\/DON-FABIANO.mp3<\/a><\/audio>\n<p>&nbsp;<\/p>\n<blockquote><p><em>Come fanno le nostre comunit\u00e0 della conca agordina a non essere grate a Toni Pampanin? La sua generosa disponibilit\u00e0, manifestatasi spesso nel nascondimento, \u00e8 stata dono. S\u00ec, senza alcuna esagerazione. Ricordo ancora bene le primissime battute dell&#8217;esperienza ad Agordo, nel 2009&#8230;un pomeriggio arriv\u00f2 in canonica, mi fece memoria delle comuni radici cadorine e mi disse senza tanti giri di parole di andare a cena a casa sua, con la moglie Viviana. Un luogo divenuto poi per me familiare nella breve permanenza ad Agordo da cappellano, quando passavo dalla mamma Ida, trovando lui o le sorelle. In ogni incontro affiorava la battuta sagace, lo stile diretto, il suo sorriso&#8230;ed ovviamente qualche parola nella &#8220;lingua dei padri&#8221;&#8230;una volta tornato a Rivamonte, le nostre comunit\u00e0 hanno goduto fino al Natale scorso della sua valida collaborazione col caro amico Loris per quel che concerne il bollettino parrocchiale. E c&#8217;era da insistere nell&#8217;averlo con noi al pranzo di s. Antonio: l&#8217;animazione a tavola era assicurata! Grazie, Toni, il nostro pensiero affettuoso si fa preghiera per te e la tua famiglia. Il bene da te compiuto&#8230;\u00e8 gi\u00e0 nelle mani del buon Dio.<\/em><\/p><\/blockquote>\n<p>&nbsp;<\/p>\n<hr \/>\n<h3><\/h3>\n<h3>GUARDANDO OLTRE&#8230; CON ALTRI OCCHI<\/h3>\n<p><strong><a class=\"dt-pswp-item\" href=\"https:\/\/www.radiopiu.net\/wordpress\/wp-content\/uploads\/2020\/01\/OFFICINA-DELLE-PEZZE.jpg\" data-dt-img-description=\"\" data-large_image_width=\"1080\" data-large_image_height=\"745\"><img loading=\"lazy\" decoding=\"async\" class=\"wp-image-114488 alignleft\" src=\"https:\/\/www.radiopiu.net\/wordpress\/wp-content\/uploads\/2020\/01\/OFFICINA-DELLE-PEZZE-300x207.jpg\" alt=\"\" width=\"207\" height=\"143\" srcset=\"https:\/\/www.radiopiu.net\/wordpress\/wp-content\/uploads\/2020\/01\/OFFICINA-DELLE-PEZZE-300x207.jpg 300w, https:\/\/www.radiopiu.net\/wordpress\/wp-content\/uploads\/2020\/01\/OFFICINA-DELLE-PEZZE-1024x706.jpg 1024w, https:\/\/www.radiopiu.net\/wordpress\/wp-content\/uploads\/2020\/01\/OFFICINA-DELLE-PEZZE-768x530.jpg 768w, https:\/\/www.radiopiu.net\/wordpress\/wp-content\/uploads\/2020\/01\/OFFICINA-DELLE-PEZZE.jpg 1080w\" sizes=\"auto, (max-width: 207px) 100vw, 207px\" \/><\/a>FELTRE\u00a0<\/strong> \u201cGuardando oltre\u2026 con altri occhi\u201d \u00e8 un progetto finanziato dalla Regione Veneto e dal Comune di Feltre. Il progetto, promosso dall\u2019associazione culturale \u201cOfficina delle Pezze\u201d di Feltre, mira alla sensibilizzazione nei confronti delle tematiche legate alla disabilit\u00e0, con particolare riguardo alle disabilit\u00e0 visive, utilizzando il medium teatrale e artistico. I laboratori sono destinati a tutti i ragazzi del feltrino. Per iscriversi ad uno o pi\u00f9 laboratori (o ricevere informazioni sul progetto) \u00e8 possibile scrivere a: iscrizioni.officina@gmail.com oppure visitate le pagine Facebook ed Instagram dell\u2019Associazione Culturale Officina delle Pezze. Il termine per le iscrizioni \u00e8 fissato al 10 Febbraio 2020.<\/p>\n<h3>L&#8217;ASSESSORE VERONICA LI CASTRI<\/h3>\n<audio class=\"wp-audio-shortcode\" id=\"audio-114481-4\" preload=\"none\" style=\"width: 100%;\" controls=\"controls\"><source type=\"audio\/mpeg\" src=\"https:\/\/www.radiopiu.net\/wordpress\/wp-content\/uploads\/2020\/01\/LICATRI.mp3?_=4\" \/><a href=\"https:\/\/www.radiopiu.net\/wordpress\/wp-content\/uploads\/2020\/01\/LICATRI.mp3\">https:\/\/www.radiopiu.net\/wordpress\/wp-content\/uploads\/2020\/01\/LICATRI.mp3<\/a><\/audio>\n<p>&nbsp;<\/p>\n<p>&nbsp;<\/p>\n<p>&nbsp;<\/p>\n<hr \/>\n<p>&nbsp;<\/p>\n<p>&nbsp;<\/p>\n<p>&nbsp;<\/p>\n<h3>COMUNE TRA I FIRMATARI DELLA CARTA EUROPEA DEL TURISMO SOSTENIBILE<\/h3>\n<p><strong><a class=\"dt-pswp-item\" href=\"https:\/\/www.radiopiu.net\/wordpress\/wp-content\/uploads\/2020\/01\/dEmila-Firma-CETS.jpg\" data-dt-img-description=\"\" data-large_image_width=\"1772\" data-large_image_height=\"1173\"><img loading=\"lazy\" decoding=\"async\" class=\" wp-image-114496 alignright\" src=\"https:\/\/www.radiopiu.net\/wordpress\/wp-content\/uploads\/2020\/01\/dEmila-Firma-CETS-300x199.jpg\" alt=\"\" width=\"208\" height=\"138\" srcset=\"https:\/\/www.radiopiu.net\/wordpress\/wp-content\/uploads\/2020\/01\/dEmila-Firma-CETS-300x199.jpg 300w, https:\/\/www.radiopiu.net\/wordpress\/wp-content\/uploads\/2020\/01\/dEmila-Firma-CETS-1024x678.jpg 1024w, https:\/\/www.radiopiu.net\/wordpress\/wp-content\/uploads\/2020\/01\/dEmila-Firma-CETS-768x508.jpg 768w, https:\/\/www.radiopiu.net\/wordpress\/wp-content\/uploads\/2020\/01\/dEmila-Firma-CETS-1536x1017.jpg 1536w, https:\/\/www.radiopiu.net\/wordpress\/wp-content\/uploads\/2020\/01\/dEmila-Firma-CETS.jpg 1772w\" sizes=\"auto, (max-width: 208px) 100vw, 208px\" \/><\/a>BELLUNO<\/strong> E&#8217; stata sottoscritta la presentazione della ricandidatura del Parco Nazionale delle Dolomiti Bellunesi alla Carta Europea del Turismo Sostenibile, strumento per promuovere lo sviluppo turistico sostenibile basato sulla collaborazione tra tutte le parti, pubbliche e private. Tra i protagonisti del quinquennio 2020-2024 ci sar\u00e0 anche il Comune di Belluno, che per la prima volta sottoscrive il documento e parteciper\u00e0 con tre \u201cschede azione\u201d; a mettere nero su bianco l&#8217;impegno del capoluogo \u00e8 stata l&#8217;assessore al turismo, Yuki d&#8217;Emilia<\/p>\n<p><strong>AUDIO<\/strong><\/p>\n<audio class=\"wp-audio-shortcode\" id=\"audio-114481-5\" preload=\"none\" style=\"width: 100%;\" controls=\"controls\"><source type=\"audio\/mpeg\" src=\"https:\/\/www.radiopiu.net\/wordpress\/wp-content\/uploads\/2020\/01\/dEmilia-Firma-CETS.mp3?_=5\" \/><a href=\"https:\/\/www.radiopiu.net\/wordpress\/wp-content\/uploads\/2020\/01\/dEmilia-Firma-CETS.mp3\">https:\/\/www.radiopiu.net\/wordpress\/wp-content\/uploads\/2020\/01\/dEmilia-Firma-CETS.mp3<\/a><\/audio>\n<blockquote><p><em>Assieme al Parco Nazionale delle Dolomiti Bellunesi hanno deciso di impegnarsi in questa nuova sfida 6 Comuni (Belluno, Cesiomaggiore, Feltre, Pedavena, Santa Giustina e Sedico); l\u2019Istituto Comprensivo di Feltre; 9 imprese private e 25 associazioni. <\/em><em>Complessivamente le azioni presentate sono 55: 9 curate direttamente dal Parco, 12 da Enti Pubblici, 24 da Associazioni e 10 da imprese private<\/em><\/p><\/blockquote>\n<p>&nbsp;<\/p>\n<p>&nbsp;<\/p>\n<p>&nbsp;<\/p>\n<hr \/>\n<p>&nbsp;<\/p>\n<p>&nbsp;<\/p>\n<p>&nbsp;<\/p>\n<h3>NUMERI IN CRESCITA PER LA CISL, OLTRE 93 MILA LE ADESIONI NELLE DUE PROVINCE<\/h3>\n<p><strong>BELLUNO<\/strong> La Cisl Belluno Treviso, la pi\u00f9 vasta Unione sindacale territoriale del Veneto chiude il 2019 con 93.089 iscritti, 773 tesserati in pi\u00f9 rispetto all\u2019anno precedente. \u201cI dati di chiusura del 2019 confermano la fiducia delle lavoratrici e dei lavoratori nella Cisl &#8211; commenta il segretario generale Cinzia Bonan -, presente in modo capillare sul territorio, con tantissimi delegati e delegate sindacali nei luoghi di lavoro e con tanti operatori e operatrici nelle sedi, sempre efficienti ed efficaci nel trovare modi e forme con cui dare risposte ai nuovi e ai vecchi bisogni degli iscritti e delle loro famiglie, portando valore aggiunto a tutta la comunit\u00e0&#8221;.<\/p>\n<p>&nbsp;<\/p>\n<p>&nbsp;<\/p>\n<p>&nbsp;<\/p>\n<hr \/>\n<p>&nbsp;<\/p>\n<p>&nbsp;<\/p>\n<h3>PARATA DI STELLE MARTED\u00cc IN TEATRO COMUNALE \u2013 DA FIONA MAY A ROBERTO ZANDONELLA<\/h3>\n<p><strong>BELLUNO<\/strong> Anche le stelle olimpiche dell\u2019Associazione nazionale Azzurri d\u2019Italia saranno marted\u00ec a Belluno per assistere alla Tavola rotonda dedicata alle Olimpiadi, allo sport e ai Grandi Eventi che si terr\u00e0 nel corso dell\u2019Assemblea generale di Confindustria Belluno Dolomiti, a partire dalle 15 al Teatro comunale. La delegazione di ex atleti sar\u00e0 guidata dal presidente dell\u2019Associazione Stefano Mei (mezzofondista, olimpionico a Los Angeles e campione europeo dei 10 mila a Stoccarda 1986) e dalla sua vice Fiona May, due volte campionessa mondiale nel salto in lungo. Con loro ci saranno \u2013 tra gli altri &#8211; Roberto Zandonella, campione olimpico nel bob nel 1968 a Grenoble (con il leggendario Eugenio Monti), Sergio e Gildo Siorpaes, bronzo olimpico nel 1964 a Innsbruck (sempre con Monti), Oscar De Pellegrin, campione paralimpico nel tiro con l\u2019arco a Londra 2012. Ci sar\u00e0 anche un testimonial d\u2019eccezione come Lorenzo Cappello, uno degli ultimi tedofori a Cortina 1956 e storico Comandante del Gs Fiamme Oro di Moena e primo presidente del Comitato operativo della \u201cMarcialonga\u201d.\u00a0\u00a0 Ad accompagnarli il presidente dell\u2019Associazione Azzurri d\u2019Italia di Cortina d\u2019Ampezzo, Giorgio Triches. Attese invece nelle prossime ore le conferme di dei campioni olimpici di fondo, Silvio Fauner e Maurilio De Zolt (Lillehammer 1994) e Pietro Piller Cottrer (Torino 2006). L\u2019appuntamento \u00e8 alle 15 al Teatro comunale.<\/p>\n<p>&nbsp;<\/p>\n<p>&nbsp;<\/p>\n<p>&nbsp;<\/p>\n<hr \/>\n<p>&nbsp;<\/p>\n<h3 class=\"entry-title\">DONAZIONE DELLA FIGC DI BELLUNO ALLA PICCOLA ELISA<\/h3>\n<blockquote><p><em>La FIGC di Belluno ha aiutato con una donazione la famiglia della piccola Elisa, la bambina affetta da una rara forma di leucemia.<\/em><\/p><\/blockquote>\n<p><a class=\"dt-pswp-item\" href=\"https:\/\/www.radiopiu.net\/wordpress\/wp-content\/uploads\/2020\/01\/WhatsApp-Image-2020-01-24-at-18.30.18.jpeg\" data-dt-img-description=\"\" data-large_image_width=\"1600\" data-large_image_height=\"900\"><img loading=\"lazy\" decoding=\"async\" class=\"wp-image-114557 alignleft\" src=\"https:\/\/www.radiopiu.net\/wordpress\/wp-content\/uploads\/2020\/01\/WhatsApp-Image-2020-01-24-at-18.30.18-300x169.jpeg\" alt=\"\" width=\"257\" height=\"145\" srcset=\"https:\/\/www.radiopiu.net\/wordpress\/wp-content\/uploads\/2020\/01\/WhatsApp-Image-2020-01-24-at-18.30.18-300x169.jpeg 300w, https:\/\/www.radiopiu.net\/wordpress\/wp-content\/uploads\/2020\/01\/WhatsApp-Image-2020-01-24-at-18.30.18-1024x576.jpeg 1024w, https:\/\/www.radiopiu.net\/wordpress\/wp-content\/uploads\/2020\/01\/WhatsApp-Image-2020-01-24-at-18.30.18-768x432.jpeg 768w, https:\/\/www.radiopiu.net\/wordpress\/wp-content\/uploads\/2020\/01\/WhatsApp-Image-2020-01-24-at-18.30.18-1536x864.jpeg 1536w, https:\/\/www.radiopiu.net\/wordpress\/wp-content\/uploads\/2020\/01\/WhatsApp-Image-2020-01-24-at-18.30.18.jpeg 1600w\" sizes=\"auto, (max-width: 257px) 100vw, 257px\" \/><\/a><strong>BELLUNO<\/strong> Continua la maratona di solidariet\u00e0 per la piccola Elisa, la bambina di Pordenone ricoverata da 3 anni al Bambin Ges\u00f9 di Roma affetta da una rarissima forma di leucemia. Proprio per Elisa era stata organizzata a fine novembre una serata di raccolta fondi, una \u201cpizzata\u201d pensata da Monia De Vettor insieme al marito Massimo Bortoluzzi e al pluripremiato pizzaiolo cadorino Maurizio Toffoli, gi\u00e0 noto nel mondo del volontariato visto che collabora da anni con Citt\u00e0 della Speranza. I protagonisti di quell\u2019iniziativa solidale ieri sera hanno trovato rinforzi nella Figc di Belluno.\u00abIl presidente Orazio Zanin mi aveva contattato nel mese di dicembre per dirmi che anche la Figc avrebbe voluto dare un contributo ai genitori della piccola Elisa &#8211; spiega Monia De Vettor -. In pratica, tutti coloro che fanno parte della delegazione bellunese hanno deciso di devolvere il loro &#8220;bonus annuale&#8221;\u00a0 alla famiglia di Elisa. Proprio ieri sera sono stata invitata a partecipare ad alcune manifestazioni future della Figc, per sensibilizzare pi\u00f9 persone possibili al mondo della beneficenza. Ho subito accettato la proposta: il mio desiderio \u00e8 quello di aiutare anche altre famiglie con bambini guerrieri che stanno lottando negli ospedali, ma anche bambini affetti da malattie rare. Dando una mano anche\u00a0 alle associazioni e ai gruppi di volontari che dedicano il loro tempo negli ospedali per strappare cinque minuti di sorrisi e spensieratezza ai malati e alle loro famiglie; penso ad esempio al \u201cDottor Clown&#8221; di Belluno\u00bb.<br \/>\n\u00abVoglio ringraziare ancora una volta davvero tutti coloro che hanno contribuito alle tantissime donazioni a partire dai partecipanti alla serata di Longarone per arrivare ai gruppi delle mamme del Cadore che hanno organizzato dei mercatini di Natale &#8211; continua Monia De Vettor -. Grazie anche alle tante persone che mi hanno contattata per chiedermi come potevano procedere per far arrivare alle famiglia di Elisa il loro contributo, persone da tutta la provincia di Belluno, dal Cadore all\u2019Alpago, persone dal cuore grande perch\u00e9 &#8211; diciamocelo &#8211; la piccola Elisa \u00e8 un po&#8217; figlia di tutti noi. Ci tengo moltissimo a ringraziare Maurizio Toffoli che mi ha scelta e mi ha proposto di organizzare insieme a lui questo evento, mio marito Massimo Bortoluzzi per il grande supporto e infine ringrazio tantissimo le mie due amiche speciali Annalisa Dal Borgo e Annalisa Notarstefano insieme a tutte le altre che non si sono tirate indietro nell\u2019aiutare. Abbiamo formato una squadra vincente e siamo pronti ad andare avanti in una nuova avventura solidale\u00bb.<\/p>\n<p>&nbsp;<\/p>\n<p>&nbsp;<\/p>\n<p>&nbsp;<\/p>\n<p>&nbsp;<\/p>\n<hr \/>\n<h1><\/h1>\n<h3>LA CURIOSITA&#8217;&#8230; NUOVA CAMPAGNA PUBBLICITARIA RAY BAN?<br \/>\nMA TU GUARDA&#8230; CHI C&#8217;ERA IERI IN LUXOTTICA AD AGORDO&#8230; E ROBERTO NON HA MANCATO IL SELFIE&#8230;<\/h3>\n<p><a class=\"dt-pswp-item\" href=\"https:\/\/www.radiopiu.net\/wordpress\/wp-content\/uploads\/2020\/01\/5c10e0dd-a300-4a3e-864d-a9d33b067810.jpg\" data-dt-img-description=\"\" data-large_image_width=\"891\" data-large_image_height=\"1353\"><img loading=\"lazy\" decoding=\"async\" class=\"alignnone size-medium wp-image-114590\" src=\"https:\/\/www.radiopiu.net\/wordpress\/wp-content\/uploads\/2020\/01\/5c10e0dd-a300-4a3e-864d-a9d33b067810-198x300.jpg\" alt=\"\" width=\"198\" height=\"300\" srcset=\"https:\/\/www.radiopiu.net\/wordpress\/wp-content\/uploads\/2020\/01\/5c10e0dd-a300-4a3e-864d-a9d33b067810-198x300.jpg 198w, https:\/\/www.radiopiu.net\/wordpress\/wp-content\/uploads\/2020\/01\/5c10e0dd-a300-4a3e-864d-a9d33b067810-674x1024.jpg 674w, https:\/\/www.radiopiu.net\/wordpress\/wp-content\/uploads\/2020\/01\/5c10e0dd-a300-4a3e-864d-a9d33b067810-768x1166.jpg 768w, https:\/\/www.radiopiu.net\/wordpress\/wp-content\/uploads\/2020\/01\/5c10e0dd-a300-4a3e-864d-a9d33b067810.jpg 891w\" sizes=\"auto, (max-width: 198px) 100vw, 198px\" \/><\/a><a class=\"dt-pswp-item\" href=\"https:\/\/www.radiopiu.net\/wordpress\/wp-content\/uploads\/2020\/01\/18099e5d-53a6-487e-b030-a1f28e60dcfd.jpg\" data-dt-img-description=\"\" data-large_image_width=\"720\" data-large_image_height=\"1280\"><img loading=\"lazy\" decoding=\"async\" class=\"alignnone size-medium wp-image-114591\" src=\"https:\/\/www.radiopiu.net\/wordpress\/wp-content\/uploads\/2020\/01\/18099e5d-53a6-487e-b030-a1f28e60dcfd-169x300.jpg\" alt=\"\" width=\"169\" height=\"300\" srcset=\"https:\/\/www.radiopiu.net\/wordpress\/wp-content\/uploads\/2020\/01\/18099e5d-53a6-487e-b030-a1f28e60dcfd-169x300.jpg 169w, https:\/\/www.radiopiu.net\/wordpress\/wp-content\/uploads\/2020\/01\/18099e5d-53a6-487e-b030-a1f28e60dcfd-576x1024.jpg 576w, https:\/\/www.radiopiu.net\/wordpress\/wp-content\/uploads\/2020\/01\/18099e5d-53a6-487e-b030-a1f28e60dcfd.jpg 720w\" sizes=\"auto, (max-width: 169px) 100vw, 169px\" \/><\/a><a class=\"dt-pswp-item\" href=\"https:\/\/www.radiopiu.net\/wordpress\/wp-content\/uploads\/2020\/01\/9185c9ec-c9a1-4ba3-b66b-68ce4ce1de87.jpg\" data-dt-img-description=\"\" data-large_image_width=\"720\" data-large_image_height=\"1245\"><img loading=\"lazy\" decoding=\"async\" class=\"alignnone size-medium wp-image-114592\" src=\"https:\/\/www.radiopiu.net\/wordpress\/wp-content\/uploads\/2020\/01\/9185c9ec-c9a1-4ba3-b66b-68ce4ce1de87-173x300.jpg\" alt=\"\" width=\"173\" height=\"300\" srcset=\"https:\/\/www.radiopiu.net\/wordpress\/wp-content\/uploads\/2020\/01\/9185c9ec-c9a1-4ba3-b66b-68ce4ce1de87-173x300.jpg 173w, https:\/\/www.radiopiu.net\/wordpress\/wp-content\/uploads\/2020\/01\/9185c9ec-c9a1-4ba3-b66b-68ce4ce1de87-592x1024.jpg 592w, https:\/\/www.radiopiu.net\/wordpress\/wp-content\/uploads\/2020\/01\/9185c9ec-c9a1-4ba3-b66b-68ce4ce1de87.jpg 720w\" sizes=\"auto, (max-width: 173px) 100vw, 173px\" \/><\/a><\/p>\n<p>&nbsp;<\/p>\n<p>&nbsp;<\/p>\n<p>&nbsp;<\/p>\n<hr \/>\n<h1><\/h1>\n<h1><\/h1>\n<h2><span style=\"color: #ff0000;\">SPECIALI DEL SABATO ALLA RADIO<\/span><\/h2>\n<blockquote class=\"wp-embedded-content\" data-secret=\"tnUurbnjAZ\"><p><a href=\"https:\/\/www.radiopiu.net\/wordpress\/simone-garavana-due-anni-per-scoprire-il-mondo\/\">SIMONE GARAVANA, DUE ANNI  PER SCOPRIRE IL MONDO<\/a><\/p><\/blockquote>\n<p><iframe loading=\"lazy\" title=\"&#8220;SIMONE GARAVANA, DUE ANNI  PER SCOPRIRE IL MONDO&#8221; &#8212; Radio Pi\u00f9\" class=\"wp-embedded-content\" sandbox=\"allow-scripts\" security=\"restricted\" style=\"position: absolute; clip: rect(1px, 1px, 1px, 1px);\" src=\"https:\/\/www.radiopiu.net\/wordpress\/simone-garavana-due-anni-per-scoprire-il-mondo\/embed\/#?secret=tnUurbnjAZ\" data-secret=\"tnUurbnjAZ\" width=\"600\" height=\"338\" frameborder=\"0\" marginwidth=\"0\" marginheight=\"0\" scrolling=\"no\"><\/iframe><\/p>\n<h1><\/h1>\n<p>&nbsp;<\/p>\n<p>&nbsp;<\/p>\n<p>&nbsp;<\/p>\n<p>&nbsp;<\/p>\n<h1><span style=\"color: #ff0000;\">LA GIORNATA DELLA MEMORIA<\/span><\/h1>\n<h2>PER NON DIMENTICARE, LUNEDI IN SALA EMIGRANTI CON IL GRUPPO ARCOBALENO DI VOCI<\/h2>\n<p><a class=\"dt-pswp-item\" href=\"https:\/\/www.radiopiu.net\/wordpress\/wp-content\/uploads\/2020\/01\/auschwitz-birkenau-poland-1129x752.jpg.optimal-1050x699-1.jpg\" data-dt-img-description=\"\" data-large_image_width=\"1050\" data-large_image_height=\"699\"><img loading=\"lazy\" decoding=\"async\" class=\"alignnone size-medium wp-image-114063\" src=\"https:\/\/www.radiopiu.net\/wordpress\/wp-content\/uploads\/2020\/01\/auschwitz-birkenau-poland-1129x752.jpg.optimal-1050x699-1-300x200.jpg\" alt=\"\" width=\"300\" height=\"200\" srcset=\"https:\/\/www.radiopiu.net\/wordpress\/wp-content\/uploads\/2020\/01\/auschwitz-birkenau-poland-1129x752.jpg.optimal-1050x699-1-300x200.jpg 300w, https:\/\/www.radiopiu.net\/wordpress\/wp-content\/uploads\/2020\/01\/auschwitz-birkenau-poland-1129x752.jpg.optimal-1050x699-1-1024x682.jpg 1024w, https:\/\/www.radiopiu.net\/wordpress\/wp-content\/uploads\/2020\/01\/auschwitz-birkenau-poland-1129x752.jpg.optimal-1050x699-1-768x511.jpg 768w, https:\/\/www.radiopiu.net\/wordpress\/wp-content\/uploads\/2020\/01\/auschwitz-birkenau-poland-1129x752.jpg.optimal-1050x699-1.jpg 1050w\" sizes=\"auto, (max-width: 300px) 100vw, 300px\" \/><\/a>GIANNI SANTOMASO<\/p>\n<audio class=\"wp-audio-shortcode\" id=\"audio-114481-6\" preload=\"none\" style=\"width: 100%;\" controls=\"controls\"><source type=\"audio\/mpeg\" src=\"https:\/\/www.radiopiu.net\/wordpress\/wp-content\/uploads\/2020\/01\/gianni-canale.mp3?_=6\" \/><a href=\"https:\/\/www.radiopiu.net\/wordpress\/wp-content\/uploads\/2020\/01\/gianni-canale.mp3\">https:\/\/www.radiopiu.net\/wordpress\/wp-content\/uploads\/2020\/01\/gianni-canale.mp3<\/a><\/audio>\n<p>&nbsp;<\/p>\n<p>&nbsp;<\/p>\n<p>&nbsp;<\/p>\n<hr \/>\n<div class=\"page-title-head hgroup\">\n<div data-offset-key=\"c2um1-0-0\"><\/div>\n<\/div>\n<div data-offset-key=\"c2um1-0-0\"><\/div>\n<p>&nbsp;<\/p>\n<h3>IL GIORNO DELLA MEMORIA IN PREFETTURA<\/h3>\n<p><strong>BELLUNO<\/strong> Luned\u00ec\u00a0 nella sala Zanardelli di Palazzo dei Rettori si terr\u00e0 la cerimonia in occasione del Giorno della Memoria per ricordare la Shoah, le leggi razziali, la persecuzione dei cittadini ebrei e tutti quelli che hanno subito la deportazione, la prigionia, la morte, insieme a coloro che si sono opposti al progetto di sterminio proteggendo i perseguitati e salvando vite umane. Nel corso dell\u2019evento saranno consegnate, ai familiari di cinque cittadini bellunesi deportati e internati nei lager nazisti, le medaglie d\u2019onore.<\/p>\n<p>&nbsp;<\/p>\n<p>&nbsp;<\/p>\n<hr \/>\n<p>&nbsp;<\/p>\n<p>&nbsp;<\/p>\n<h3>UNA COMUNITA&#8217; A SOSTEGNO DELLA FAMIGLIA<\/h3>\n<p><strong>AGORDO<\/strong> La Biblioteca di Agordo ospiter\u00e0 due incontri con la dottoressa Arianna Medeot, pedagogista esperta nelle relazioni familiari e scolastiche. il martedi 28 gennaio alle 17.30 &#8220;Adolescenti e genitori: emozioni a confronto, solitudine, rabbia, felicit\u00e0, noia, tristezza&#8221;. il 25 febbraio &#8220;Essere d&#8217;esempio e dare regole, quale equilibrio possibile?&#8221;. Gli incontri sono rivolti a genitori e alla popolazione con ingresso libero<\/p>\n<p>&nbsp;<\/p>\n<hr \/>\n<h3><\/h3>\n<p>&nbsp;<\/p>\n<h3>SPOSTAMENTO DELL&#8217;ECOSPORTELLO DI FALCADE<\/h3>\n<p><strong>AGORDO<\/strong> Valpe ambiente comunica che dal 25 gennaio 2020 l&#8217;Ecosportello di Falcade, dall&#8217;attuale sede presso il Municipio, verr\u00e0 spostato al piano terra delle vecchie scuole elementari di Via Garibaldi 21 a Falcade; l\u2019orario rimarr\u00e0 invariato e gli uffici apriranno al pubblico il sabato dalle 9.00 alle 12.00.<\/p>\n<p>&nbsp;<\/p>\n<p>&nbsp;<\/p>\n<hr \/>\n<p>&nbsp;<\/p>\n<p>&nbsp;<\/p>\n<h3>ALLENAMENTO ALL&#8217;ALLENABILITA&#8217;<\/h3>\n<p><strong>BELLUNO<\/strong> Corso di formazione teorico e pratico per operatori tecnici della categoria esordienti. Si terr\u00e0 l&#8217;8 e il 22 febbraio nella palestra del Liceo Renier di Belluno. Riservato a operatori e tecnici che si occupano della formazione motoria della categoria Esordienti (6-11 anni), tesserati FIDAL e ad Enti di Promozione Sportiva (EPS) convenzionati con la Federazione. Info e iscrizioni cp.belluno@fidal,it<\/p>\n<p>&nbsp;<\/p>\n<p>&nbsp;<\/p>\n<hr \/>\n<h2><\/h2>\n<p>&nbsp;<\/p>\n<h2><span style=\"color: #ff0000;\">LA STORIA<\/span><\/h2>\n<blockquote class=\"wp-embedded-content\" data-secret=\"WVpczVmWIE\"><p><a href=\"https:\/\/www.radiopiu.net\/wordpress\/luigi-alpago-novello-il-medico-che-lotto-contro-la-pellagra-di-renato-bona\/\">LUIGI ALPAGO NOVELLO IL MEDICO CHE LOTTO\u2019 CONTRO LA PELLAGRA di RENATO BONA\u00a0<\/a><\/p><\/blockquote>\n<p><iframe loading=\"lazy\" title=\"&#8220;LUIGI ALPAGO NOVELLO IL MEDICO CHE LOTTO\u2019 CONTRO LA PELLAGRA di RENATO BONA\u00a0&#8221; &#8212; Radio Pi\u00f9\" class=\"wp-embedded-content\" sandbox=\"allow-scripts\" security=\"restricted\" style=\"position: absolute; clip: rect(1px, 1px, 1px, 1px);\" src=\"https:\/\/www.radiopiu.net\/wordpress\/luigi-alpago-novello-il-medico-che-lotto-contro-la-pellagra-di-renato-bona\/embed\/#?secret=WVpczVmWIE\" data-secret=\"WVpczVmWIE\" width=\"600\" height=\"338\" frameborder=\"0\" marginwidth=\"0\" marginheight=\"0\" scrolling=\"no\"><\/iframe><\/p>\n<p>&nbsp;<\/p>\n<p>&nbsp;<\/p>\n<p>&nbsp;<\/p>\n<hr \/>\n<h3><span style=\"color: #ff0000;\">IERI ALLA RADIO<\/span><\/h3>\n<h3><a class=\"dt-pswp-item\" href=\"https:\/\/www.radiopiu.net\/wordpress\/wp-content\/uploads\/2020\/01\/263158b1-ee16-462a-8624-1399e06c5a69.jpg\" data-dt-img-description=\"\" data-large_image_width=\"1600\" data-large_image_height=\"1200\"><img loading=\"lazy\" decoding=\"async\" class=\"wp-image-114302 alignleft\" src=\"https:\/\/www.radiopiu.net\/wordpress\/wp-content\/uploads\/2020\/01\/263158b1-ee16-462a-8624-1399e06c5a69-300x225.jpg\" alt=\"\" width=\"168\" height=\"126\" srcset=\"https:\/\/www.radiopiu.net\/wordpress\/wp-content\/uploads\/2020\/01\/263158b1-ee16-462a-8624-1399e06c5a69-300x225.jpg 300w, https:\/\/www.radiopiu.net\/wordpress\/wp-content\/uploads\/2020\/01\/263158b1-ee16-462a-8624-1399e06c5a69-1024x768.jpg 1024w, https:\/\/www.radiopiu.net\/wordpress\/wp-content\/uploads\/2020\/01\/263158b1-ee16-462a-8624-1399e06c5a69-768x576.jpg 768w, https:\/\/www.radiopiu.net\/wordpress\/wp-content\/uploads\/2020\/01\/263158b1-ee16-462a-8624-1399e06c5a69-1536x1152.jpg 1536w, https:\/\/www.radiopiu.net\/wordpress\/wp-content\/uploads\/2020\/01\/263158b1-ee16-462a-8624-1399e06c5a69.jpg 1600w\" sizes=\"auto, (max-width: 168px) 100vw, 168px\" \/><\/a><\/h3>\n<h3>SPECIALE CARNEVALE A SEDICO, OGGI ALLE 10.30 E 1900 LO SPECIALE ALLA RADIO CON CLAUDIO MEZZAVILLA PROLOCO DI SEDICO<\/h3>\n<p>Gradita sorpresa per la prima volta ospite negli studio di Radio Piu&#8217; il presidente della Pro Loco di Sedico Claudio Mezzavilla che ci parla del Carnevale di Sedico che partira&#8217; l&#8217;8 febbraio. Due finesettimana di festa con tante novita&#8217; che ci spiega il Presidente ai nostri microfoni. Ma il sodalizio organizza anche un interessante gita di due giorni al Carnevale di Viareggio per il 01 e 2 febbraio, con partenza e rientro in pullman, pernottamento e visita a Lucca. C&#8217;e&#8217; ancora qualche posto, per informazioni ci si puo&#8217; rivolgere alla Pro Loco di Sedico.<\/p>\n<audio class=\"wp-audio-shortcode\" id=\"audio-114481-7\" preload=\"none\" style=\"width: 100%;\" controls=\"controls\"><source type=\"audio\/mpeg\" src=\"https:\/\/www.radiopiu.net\/wordpress\/wp-content\/uploads\/2020\/01\/claudio-mezzavilla-carnevale-scade-sabato.mp3?_=7\" \/><a href=\"https:\/\/www.radiopiu.net\/wordpress\/wp-content\/uploads\/2020\/01\/claudio-mezzavilla-carnevale-scade-sabato.mp3\">https:\/\/www.radiopiu.net\/wordpress\/wp-content\/uploads\/2020\/01\/claudio-mezzavilla-carnevale-scade-sabato.mp3<\/a><\/audio>\n<p>&nbsp;<\/p>\n<p>&nbsp;<\/p>\n<hr \/>\n<h3><\/h3>\n<h3><span style=\"color: #ff0000;\">IERI ALLA RADIO, CONTEME NA BERTA <span style=\"color: #0000ff;\"><strong>\u00a0alle 9.00 e alle 18.00<\/strong><\/span><\/span><\/h3>\n<p><strong>AGORDO<\/strong>\u00a0Tredici puntate, 13 berte raccontate alla radio da Daniela Lena (la vecia popa de Agort) e Loris Santomaso. Sono contenute in un Cd. RadioPi\u00f9 far\u00e0 conoscere il gran lavoro delle insegnanti della Scuola Primaria Tito Livio Burattini. Libro e Cd sono in distribuzione presso la scuola e l\u2019ufficio turistico. Il ricavato finanzier\u00e0 le iniziative della scuola di Agordo.<\/p>\n<audio class=\"wp-audio-shortcode\" id=\"audio-114481-8\" preload=\"none\" style=\"width: 100%;\" controls=\"controls\"><source type=\"audio\/mpeg\" src=\"https:\/\/www.radiopiu.net\/wordpress\/wp-content\/uploads\/2020\/01\/BERTA-VEN.mp3?_=8\" \/><a href=\"https:\/\/www.radiopiu.net\/wordpress\/wp-content\/uploads\/2020\/01\/BERTA-VEN.mp3\">https:\/\/www.radiopiu.net\/wordpress\/wp-content\/uploads\/2020\/01\/BERTA-VEN.mp3<\/a><\/audio>\n<h3><\/h3>\n<p>&nbsp;<\/p>\n<p>&nbsp;<\/p>\n<hr \/>\n<h3><\/h3>\n<h3><span style=\"color: #ff0000;\">ALLA RADIO, DUE MINUTI UN LIBRO <span style=\"color: #0000ff;\"><strong>\u00a0alle 9 40 e alle 17 50\u00a0<\/strong><\/span><\/span><\/h3>\n<blockquote class=\"wp-embedded-content\" data-secret=\"9J1Ig5723W\"><p><a href=\"https:\/\/www.radiopiu.net\/wordpress\/due-minuti-un-libro\/\">Due minuti un libro<\/a><\/p><\/blockquote>\n<p><iframe loading=\"lazy\" title=\"&#8220;Due minuti un libro&#8221; &#8212; Radio Pi\u00f9\" class=\"wp-embedded-content\" sandbox=\"allow-scripts\" security=\"restricted\" style=\"position: absolute; clip: rect(1px, 1px, 1px, 1px);\" src=\"https:\/\/www.radiopiu.net\/wordpress\/due-minuti-un-libro\/embed\/#?secret=9J1Ig5723W\" data-secret=\"9J1Ig5723W\" width=\"600\" height=\"338\" frameborder=\"0\" marginwidth=\"0\" marginheight=\"0\" scrolling=\"no\"><\/iframe><\/p>\n<p>&nbsp;<\/p>\n<p>&nbsp;<\/p>\n<hr \/>\n<h3><\/h3>\n<h3>SIMONE GARAVANA, DUE ANNI PER SCOPRIRE IL MONDO<\/h3>\n<p><a class=\"dt-pswp-item\" href=\"https:\/\/www.radiopiu.net\/wordpress\/wp-content\/uploads\/2020\/01\/18010922_250180552120610_8876930363102326405_n.jpg\" data-dt-img-description=\"\" data-large_image_width=\"369\" data-large_image_height=\"369\"><img loading=\"lazy\" decoding=\"async\" class=\"wp-image-114576 alignleft\" src=\"https:\/\/www.radiopiu.net\/wordpress\/wp-content\/uploads\/2020\/01\/18010922_250180552120610_8876930363102326405_n-300x300.jpg\" alt=\"\" width=\"184\" height=\"184\" srcset=\"https:\/\/www.radiopiu.net\/wordpress\/wp-content\/uploads\/2020\/01\/18010922_250180552120610_8876930363102326405_n-300x300.jpg 300w, https:\/\/www.radiopiu.net\/wordpress\/wp-content\/uploads\/2020\/01\/18010922_250180552120610_8876930363102326405_n-150x150.jpg 150w, https:\/\/www.radiopiu.net\/wordpress\/wp-content\/uploads\/2020\/01\/18010922_250180552120610_8876930363102326405_n.jpg 369w\" sizes=\"auto, (max-width: 184px) 100vw, 184px\" \/><\/a><\/p>\n<p>&nbsp;<\/p>\n<p>&nbsp;<\/p>\n<p><strong>TAIBON<\/strong> Collegamento con Simone Garavana, 19 anni partito a novembre per un giro del mondo. Una scelta di vita alla ricerca di libert\u00e0, non un atto di coraggio piuttosto la voglia di nuove esperienze.\u00a0 Simone oggi si racconta a <strong>RADIO PIU<\/strong><\/p>\n<p>&nbsp;<\/p>\n<audio class=\"wp-audio-shortcode\" id=\"audio-114481-9\" preload=\"none\" style=\"width: 100%;\" controls=\"controls\"><source type=\"audio\/mpeg\" src=\"https:\/\/www.radiopiu.net\/wordpress\/wp-content\/uploads\/2020\/01\/simone.mp3?_=9\" \/><a href=\"https:\/\/www.radiopiu.net\/wordpress\/wp-content\/uploads\/2020\/01\/simone.mp3\">https:\/\/www.radiopiu.net\/wordpress\/wp-content\/uploads\/2020\/01\/simone.mp3<\/a><\/audio>\n<p>&nbsp;<\/p>\n<p>&nbsp;<\/p>\n<p>&nbsp;<\/p>\n<hr \/>\n<p>&nbsp;<\/p>\n<p>&nbsp;<\/p>\n<h2><span style=\"color: #ff0000;\"><a class=\"dt-pswp-item\" href=\"https:\/\/www.radiopiu.net\/wordpress\/wp-content\/uploads\/2020\/01\/WhatsApp-Image-2020-01-24-at-11.51.29.jpeg\" data-dt-img-description=\"\" data-large_image_width=\"470\" data-large_image_height=\"210\"><img loading=\"lazy\" decoding=\"async\" class=\"wp-image-114501 alignleft\" src=\"https:\/\/www.radiopiu.net\/wordpress\/wp-content\/uploads\/2020\/01\/WhatsApp-Image-2020-01-24-at-11.51.29-300x134.jpeg\" alt=\"\" width=\"175\" height=\"78\" srcset=\"https:\/\/www.radiopiu.net\/wordpress\/wp-content\/uploads\/2020\/01\/WhatsApp-Image-2020-01-24-at-11.51.29-300x134.jpeg 300w, https:\/\/www.radiopiu.net\/wordpress\/wp-content\/uploads\/2020\/01\/WhatsApp-Image-2020-01-24-at-11.51.29.jpeg 470w\" sizes=\"auto, (max-width: 175px) 100vw, 175px\" \/><\/a>\u00a0IN TELEVISIONE<\/span><\/h2>\n<p><strong>Martedi alle 21 la storia di William Da Roit a Cafe&#8217; 24.\u00a0 Canale 95 del digitale terrestre o su FB<\/strong><\/p>\n<div style=\"width: 480px;\" class=\"wp-video\"><video class=\"wp-video-shortcode\" id=\"video-114481-1\" width=\"480\" height=\"608\" preload=\"metadata\" controls=\"controls\"><source type=\"video\/mp4\" src=\"https:\/\/www.radiopiu.net\/wordpress\/wp-content\/uploads\/2020\/01\/WhatsApp-Video-2020-01-24-at-11.46.57.mp4?_=1\" \/><a href=\"https:\/\/www.radiopiu.net\/wordpress\/wp-content\/uploads\/2020\/01\/WhatsApp-Video-2020-01-24-at-11.46.57.mp4\">https:\/\/www.radiopiu.net\/wordpress\/wp-content\/uploads\/2020\/01\/WhatsApp-Video-2020-01-24-at-11.46.57.mp4<\/a><\/video><\/div>\n<p>&nbsp;<\/p>\n<p>&nbsp;<\/p>\n<p>&nbsp;<\/p>\n<hr \/>\n<p>&nbsp;<\/p>\n<p>&nbsp;<\/p>\n<h3>L&#8217;AVVENTURA, IL VIAGGIO DI MANRICO DELL&#8217;AGNOLA IN ANTARTIDE DOVE LE COMUNICAZIONI SONO MOLTO DIFFICILI<\/h3>\n<p><a class=\"dt-pswp-item\" href=\"https:\/\/www.radiopiu.net\/wordpress\/wp-content\/uploads\/2019\/12\/Manrico-DellAgnola-regista-del-film-Donnafugata-scaled.jpg\" data-dt-img-description=\"\" data-large_image_width=\"2560\" data-large_image_height=\"1621\"><img loading=\"lazy\" decoding=\"async\" class=\"size-medium wp-image-109360 alignleft\" src=\"https:\/\/www.radiopiu.net\/wordpress\/wp-content\/uploads\/2019\/12\/Manrico-DellAgnola-regista-del-film-Donnafugata-300x190.jpg\" alt=\"\" width=\"300\" height=\"190\" \/><\/a>Dopo l\u2019apertura della via sulla Gateway Ridge ci concediamo una giornata di riposo. \u201cGirovaghiamo\u201d con l\u2019Ice Bird lungo in Neumayer Channel e la Borgen Bay, binocolando le pareti e i ghiacciai: Harbour Glacier, William Glacier, Hooper Glacier, Thunder Glacier&#8230; Di tanto in tanto facciamo riprese con il drone. Intorno a noi, balene che spuntano e si immergono di nuovo, pinguini che balzano fuori dall\u2019acqua e saltano sugli iceberg, foche che condividono gli iceberg con i pinguini\u2026 Per i giorni successivi prevediamo di effettuare in nuove zone i prelievi per il progetto con il Consiglio Nazionale delle Ricerche; per questo programmiamo un paio di salite scialpinistiche che, tra l\u2019altro, ci regaleranno qualche bella discesa in sci. Il 19 saliamo sul Noble Peak. Come al solito, la partenza \u00e8 rigorosamente in ramponi dal filo dell\u2019acqua, per risalire un pendio a 45\u00b0 e arrivare sul pianoro glaciale. Dapprima saliamo lungo il versante nord. I grandi crepacci perpendicolari alla linea di salita ci costringono a continui zig-zag, visto che spesso, quasi come se il ghiacciaio volesse prendersi gioco di noi, i ponti si trovano alternativamente all\u2019estrema sinistra e all\u2019estrema destra. Poi, per evitare alcune seraccate, scavalchiamo il filo di cresta e prendiamo un ripido pendio che conduce in prossimit\u00e0 delle cornici sommitali. Aggirandole sulla destra puntiamo alla vetta, prima della quale occorre nuovamente calzare i ramponi. La discesa sul versante NE \u00e8 strepitosa: le pendenze sono varie e ideali per provare tutti i raggi di curva, pur di far attenzione ai crepacci! Dopo il pick-up da parte di Dave, nello stesso punto in cui la mattina ci aveva lasciato il gommone, eccoci nuovamente a festeggiate sull\u2019Ice Bird. L\u2019indomani partiamo verso il Jabet Peak, per un\u2019altra salita scialpinistica abbinata a prelievi. Anche questa volta la discesa \u00e8 puro godimento, compreso l\u2019ultimo pendio ghiacciato e ripido, che costringe a curve strette per non perdere il controllo e finire sulla scogliera di turno\u2026 Per non farci mancare nulla, decidiamo di dedicare il 20 gennaio al kayak. Modificando un po&#8217; uno spot pubblicitario di una nota carta di credito, mi viene da dire che calare le canoe dalla barca nelle acque antartiche non ha prezzo\u2026 ma neppure per tutto il resto c\u2019\u00e8 MasterCard! Infatti, quello che viene dopo \u00e8 un\u2019indimenticabile pagaiata in mezzo agli iceberg, di fronte a colonie di pinguini che ogni tanto si tuffano e riemergono uno dopo l\u2019altro in prossimit\u00e0 dei kayak e fra le foche leopardo che vengono a curiosare. Rientrati sull\u2019Ice Bird, facciamo il punto della situazione ancorati vicino a Damoy Point. Scarichiamo l\u2019aggiornamento meteo con la connessione satellitare. Per i tre giorni successivi le previsioni sono buone, poi dovrebbero arrivare tre perturbazioni, che sembrerebbero convergere proprio nello Stretto di Drake. Potremmo fermarci in Antartide ancora 2-3 giornate, ma questo significherebbe o affrontare la traversata del Drake nelle peggiori condizioni immaginabili o il rischio di dover aspettare altri giorni il ritorno di una finestra favorevole e perdere il volo di rientro da Ushuaia. Decidiamo quindi di partire, in modo da avere alle spalle il tratto pi\u00f9 critico della navigazione quando arriver\u00e0 il maltempo. Togliamo le ancore e costeggiamo il versante SO dell\u2019Anvers Island, lungo il Bismark Strait, fra la Biscoe Bay, dove arriva il gigantesco ghiacciaio Marr Ice Piedmont, e le Wauwermans Islands. Alle nostre spalle spuntano Cape Errera e il Dayne Peak verso nord e le torri di Cape Renard verso sud. \u00c8 iniziato il nostro rientro attraverso lo stretto di Drake.<\/p>\n<p>&nbsp;<\/p>\n<p>&nbsp;<\/p>\n<p>&nbsp;<\/p>\n<p>&nbsp;<\/p>\n<div class=\"page-title-head hgroup\">\n<div dir=\"auto\">\n<div class=\"\" data-block=\"true\" data-editor=\"caie0\" data-offset-key=\"5n5nl-0-0\">\n<div data-offset-key=\"5n5nl-0-0\">\n<div class=\"page-title-head hgroup\">\n<p><a class=\"dt-pswp-item\" href=\"https:\/\/www.radiopiu.net\/wordpress\/wp-content\/uploads\/2018\/09\/viabilita.jpeg\" data-dt-img-description=\"\" data-large_image_width=\"800\" data-large_image_height=\"100\"><img loading=\"lazy\" decoding=\"async\" class=\"alignnone wp-image-61954 size-full\" src=\"https:\/\/www.radiopiu.net\/wordpress\/wp-content\/uploads\/2018\/09\/viabilita.jpeg\" alt=\"\" width=\"800\" height=\"100\" srcset=\"https:\/\/www.radiopiu.net\/wordpress\/wp-content\/uploads\/2018\/09\/viabilita.jpeg 800w, https:\/\/www.radiopiu.net\/wordpress\/wp-content\/uploads\/2018\/09\/viabilita-300x38.jpeg 300w, https:\/\/www.radiopiu.net\/wordpress\/wp-content\/uploads\/2018\/09\/viabilita-768x96.jpeg 768w\" sizes=\"auto, (max-width: 800px) 100vw, 800px\" \/><\/a><\/p>\n<div data-offset-key=\"5n5nl-0-0\">\n<div data-offset-key=\"5n5nl-0-0\">\n<div data-offset-key=\"5n5nl-0-0\">\n<div data-offset-key=\"5n5nl-0-0\">\n<p><strong><a class=\"dt-pswp-item\" href=\"https:\/\/www.radiopiu.net\/wordpress\/wp-content\/uploads\/2020\/01\/1a378919-7098-4c32-8e84-973d3339d943.jpg\" data-dt-img-description=\"\" data-large_image_width=\"600\" data-large_image_height=\"800\"><img loading=\"lazy\" decoding=\"async\" class=\" wp-image-114498 alignleft\" src=\"https:\/\/www.radiopiu.net\/wordpress\/wp-content\/uploads\/2020\/01\/1a378919-7098-4c32-8e84-973d3339d943-225x300.jpg\" alt=\"\" width=\"164\" height=\"219\" srcset=\"https:\/\/www.radiopiu.net\/wordpress\/wp-content\/uploads\/2020\/01\/1a378919-7098-4c32-8e84-973d3339d943-225x300.jpg 225w, https:\/\/www.radiopiu.net\/wordpress\/wp-content\/uploads\/2020\/01\/1a378919-7098-4c32-8e84-973d3339d943.jpg 600w\" sizes=\"auto, (max-width: 164px) 100vw, 164px\" \/><\/a><\/strong><\/p>\n<p><strong>PROVINCIALE 3 VAL IMPERINA, DA LUNEDI AL 7 FEBBRAIO CHIUSURA DALLE 8 ALLE 9.45, 10-11.45, 13,30-15.15 E 15.30-1730. SOLO NEI GIORNI FERIALI DAL LUNEDI AL VENERDI.<\/strong><\/p>\n<p><strong>PROVINCIALE 563 DI SALESEI, LIVINALLONGO DEL COL DI LANA <\/strong>FINO \u00a0AL 24 (ESCLUSI SABATO E DOMENICA) dalle 9 alle 17 interdizione totale al traffico, nei rimanenti periodi senso unico alternato per taglio alberi in localit\u00e0 Pian di Salesei e Salesei<\/p>\n<p><strong>346 SAN PELLEGRINO A CANALE D&#8217;AGORDO <\/strong>La Mora dal 13 gennaio al 29 febbraio senso unico con semaforo anche sabato e domenica<\/p>\n<p><strong>203 AGORDINA, LOCALITA&#8217; LA MUDA<\/strong> DAL 13 GENNAIO AL 31 MARZO ESCLUSI FESTIVI E PREFESTIVI DALLE 7.30 ALLE 8.30 E DALLE 16.30 ALLE 17.30 SENSO UNICO ALTERNATO CON MOVIERI O SEMAFORI<\/p>\n<p><strong>PROVINCIALE 20 VAL FIORENTINA\u00a0<\/strong> LOCALITA&#8217; SOLATOR\u00a0 DAL 13 GENNAIO AL 29 MAGGIO (COMPRESI FESTIVI E PREFESTIVI) SENSO UNICO ALTERNATO REGOLATO DA SEMAFORO O MOVIERI PER ADEGUAMENTO CARREGGIATA<\/p>\n<p><strong>641 PASSO FEDAIA ROCCA PIETORE<\/strong> da martedi 7 gennaio al 6 marzo senso unico alternato regolato da semaforo per tratti di 30 metri. esclusi sabato e domenica<\/p>\n<p><strong>203 AGORDINA TAIBON AGORDINO<\/strong> dal 7 al 30 gennaio dalle 7 alle 19 senso unico alternato regolato da semaforo. esclusi festivi e prefestivi<\/p>\n<\/div>\n<\/div>\n<\/div>\n<\/div>\n<p><strong>30 PANORAMICA COMELICO<\/strong> dal 27 al 31 gennaio INTERRUZIONE TOTALE DELLA VIABILITA&#8217; IN LOCALITA&#8217; GIANIGUI PER TAGLIO BOSCO: CHIUSA DAL LUNEDI AL VENERDI DALLE 8 ALLE 12 E DALLE 13.30 ALLE 17, IL SABATO DALLE 8 ALLA 12<\/p>\n<\/div>\n<\/div>\n<\/div>\n<\/div>\n<\/div>\n<p>&nbsp;<\/p>\n<p>&nbsp;<\/p>\n<hr \/>\n<div class=\"page-title-head hgroup\">\n<div data-offset-key=\"c2um1-0-0\"><\/div>\n<\/div>\n<div data-offset-key=\"c2um1-0-0\"><\/div>\n<div data-offset-key=\"c2um1-0-0\"><\/div>\n<div data-offset-key=\"c2um1-0-0\"><\/div>\n<div class=\"page-title-head hgroup\">\n<div data-offset-key=\"c2um1-0-0\"><\/div>\n<div data-offset-key=\"c2um1-0-0\"><strong>NUOVO CANALE RADIOPIU SU TELEGRAM ISCRIZIONE GRATUITA<\/strong><\/div>\n<div dir=\"auto\">\n<div class=\"\" data-block=\"true\" data-editor=\"caie0\" data-offset-key=\"5n5nl-0-0\">\n<blockquote>\n<div data-offset-key=\"5n5nl-0-0\"><a class=\"dt-pswp-item\" href=\"https:\/\/www.radiopiu.net\/wordpress\/wp-content\/uploads\/2017\/04\/MyRadioPiu_miaidea.png\" data-dt-img-description=\"\" data-large_image_width=\"483\" data-large_image_height=\"374\"><img loading=\"lazy\" decoding=\"async\" class=\"wp-image-30709 alignleft\" src=\"https:\/\/www.radiopiu.net\/wordpress\/wp-content\/uploads\/2017\/04\/MyRadioPiu_miaidea-300x232.png\" alt=\"\" width=\"167\" height=\"129\" \/><\/a>Il canale creato su Telgram andr\u00e0 a sostituire i gruppi whatsApp, a breve inizier\u00e0 l&#8217;aggiornamento. In questo gruppo ogni giorno viene pubblicato il GIORNALE RADIOPIU il giornale radio_sito in onda alla radio ogni giorno dal lunedi al sabato nelle edizioni delle 9.30 GR MATTINA, 12.30 GIORNALE RADIO PRINCIPALE, 14.30 GR PRIMO POMERIGGIO, 16.30 GR POMERIGGIO 18.30 GR SERA e il GIORNALE DELLA MEZZANOTTE\u00a0 Inoltre in questo canale vengono linkate in tempo reale le notizie che vengono pubblicate sul sito <a href=\"http:\/\/www.radiopiu.net\/\" target=\"_blank\" rel=\"noopener noreferrer\">www.radiopiu.net<\/a> e i podcast delle rubriche in onda al mattino 10.30 REPORTER, e negli approfondimenti del pomeriggio 15.10 CARPE DIEM.<\/div>\n<\/blockquote>\n<\/div>\n<\/div>\n<div data-offset-key=\"5n5nl-0-0\"><\/div>\n<\/div>\n<div class=\"page-title-head hgroup\">\n<div data-offset-key=\"5n5nl-0-0\">\n<hr \/>\n<\/div>\n<\/div>\n<p>&nbsp;<\/p>\n<p>&nbsp;<\/p>\n<p>&nbsp;<\/p>\n<h3><a class=\"dt-pswp-item\" style=\"font-size: 14px; font-weight: normal;\" href=\"http:\/\/www.radiopiu.net\/wordpress\/wp-content\/uploads\/2018\/09\/sport.jpg\" data-dt-img-description=\"\" data-large_image_width=\"800\" data-large_image_height=\"100\"><img loading=\"lazy\" decoding=\"async\" class=\"wp-image-60761 size-full aligncenter\" src=\"http:\/\/www.radiopiu.net\/wordpress\/wp-content\/uploads\/2018\/09\/sport.jpg\" alt=\"\" width=\"800\" height=\"100\" srcset=\"https:\/\/www.radiopiu.net\/wordpress\/wp-content\/uploads\/2018\/09\/sport.jpg 800w, https:\/\/www.radiopiu.net\/wordpress\/wp-content\/uploads\/2018\/09\/sport-300x38.jpg 300w, https:\/\/www.radiopiu.net\/wordpress\/wp-content\/uploads\/2018\/09\/sport-768x96.jpg 768w\" sizes=\"auto, (max-width: 800px) 100vw, 800px\" \/><\/a><\/h3>\n<h3><\/h3>\n<h3 class=\"p1\"><span class=\"s1\">CALCIO, HOCKEY E VOLLEY DEL FINE SETTIMANA<\/span><\/h3>\n<p class=\"p1\"><span class=\"s1\"><b>HOCKEY<\/b><\/span><\/p>\n<p class=\"p1\"><span class=\"s1\">Dopo due settimane di stop, l\u2019Alleghe Hockey torna in campo per giocare il qualification round della IHL. Stasera alle 19:30 le civette saranno in terra altoatesina per giocare contro il Caldaro. Una partita importante per la squadra allenata da Matikainen che dovr\u00e0 vincere per confermare la testa della classifica (Radio Pi\u00f9 seguir\u00e0 la partita in diretta con \u201cHockey Al Punto Giusto\u201d). Settore giovanile alleghese impegnato con under 19 che domani alle 17:30 sar\u00e0 al De Toni per scontrarsi con l\u2019Appiano. Fassa\/Alleghe under 17 in campo oggi alle 18:30 ad Alba Di Canazei dove arriva il Bolzano. Domani alle 11 la under 15 giocher\u00e0 in casa contro il Fiemme per la Coppa Italia, mentre stasera alle 17 l\u2019under 13 affronter\u00e0 il Gardena al De Toni per la Dolomiti Cup.<\/span><\/p>\n<p class=\"p1\"><span class=\"s1\"><b>VOLLEY<\/b><\/span><\/p>\n<p class=\"p1\"><span class=\"s1\">Due le partite in programma nel fine settimana per il Volley Club Agordino. La prima squadra dovr\u00e0 difendere la testa della classifica del campionato di Terza Divisione. Sfida al vertice per le ragazze di De Nardin che giocheranno in trasferta contro il Cadore stasera alle 20:30. Domani in campo l\u2019under 16 che scender\u00e0 in terra trevigiana per giocare contro il Nervesa.<\/span><\/p>\n<p class=\"p1\"><span class=\"s1\"><b>CALCIO<\/b><\/span><\/p>\n<p class=\"p1\"><span class=\"s1\">Allievi regionali del San Giorgio Sedico che domani mattina saranno in provincia di Treviso per scontrarsi con il Lovispresiano alle ore 11. In Prima Categoria continua la splendida stagione del Fiori Barp Mas che domani alle 14:30 giocher\u00e0 in casa contro il San Michele Salsa.<\/span><\/p>\n<blockquote>\n<p class=\"p1\" style=\"text-align: center;\"><strong><span class=\"s1\">DOMANI ALLE 14:30 APPUNTAMENTO CON \u201cDOMENICA PIU\u2019 SPORT\u201d SU RADIO PIU\u2019 PER SEGUIRE IN DIRETTA LA PARTITA DEL FIORI BARP MAS<\/span><\/strong><\/p>\n<\/blockquote>\n<p>&nbsp;<\/p>\n<p>&nbsp;<\/p>\n<hr \/>\n<p>&nbsp;<\/p>\n<p>&nbsp;<\/p>\n<h3 class=\"p1\"><span class=\"s1\">ALLEGHE CORSARO CONTRO IL LAVALLE NEL TORNEO AGORDINO DI HOCKEY<\/span><\/h3>\n<p class=\"p1\"><span class=\"s1\">AMATORI ALLEGHE &#8211; LA VALLE 16-3<\/span><\/p>\n<p class=\"p1\"><span class=\"s1\">PARZIALI: 6-1, 5-0, 5-2<\/span><\/p>\n<p class=\"p1\"><span class=\"s1\">GOL: pt. Luca De Toni, Fabri<br \/>\nzio Fontanive, Patrick De Toni, Farenzena, Tormen, Zanul, Fabrizio De Toni. st. 2 Veggiato, Fabrizio Fontanive, Patrick De Toni, Luca De Toni. tt. Stieven, Tormen, Veggiato, Luca De Toni, Patrick De Toni, Alberto Fontanive, Fabrizio Fontanive<\/span><\/p>\n<p class=\"p1\"><span class=\"s1\">Una golaeda per l\u2019Amatori Alleghe in gara 1 di semifinale contro il La Valle. Gli alleghesi non hanno avuto piet\u00e0 degli avversari rifilando ben 16 gol ai lavallesi che si sono presentati a ranghi ridotti. Una partita senza storia che gi\u00e0 alla fine della prima frazione aveva gi\u00e0 detto tutto. Alleghe con un piede in finale dopo la splendida prestazione sul ghiaccio di Conaggia.<\/span><\/p>\n<p>&nbsp;<\/p>\n<p>&nbsp;<\/p>\n<hr \/>\n<p>&nbsp;<\/p>\n<p>&nbsp;<\/p>\n<blockquote>\n<h1>Falcade di nuovo tricolore: il 22 e 23 febbraio i Campionati italiani e la Coppa Italia di sci di fondo<\/h1>\n<p><span style=\"font-family: Verdana, sans-serif;\"><span style=\"color: #000000;\"><span lang=\"zxx\"><b>L&#8217;evento ritorna nella localit\u00e0 delle Dolomiti Bellunesi a distanza di due anni. Organizzazione a cura dello Sci club Val Biois. Al sabato le gare sprint in tecnica classica, alla domenica le gare distance, sempre in classico<\/b><\/span><\/span><\/span><\/p><\/blockquote>\n<p><span style=\"font-family: Verdana, sans-serif;\"><span style=\"color: #000000;\"><a class=\"dt-pswp-item\" href=\"https:\/\/www.radiopiu.net\/wordpress\/wp-content\/uploads\/2020\/01\/sc-val-biois-allenamenti-sulla-pista-pietro-scola-gen-2020-2.jpg\" data-dt-img-description=\"\" data-large_image_width=\"1500\" data-large_image_height=\"1000\"><img loading=\"lazy\" decoding=\"async\" class=\"size-medium wp-image-114459 alignleft\" src=\"https:\/\/www.radiopiu.net\/wordpress\/wp-content\/uploads\/2020\/01\/sc-val-biois-allenamenti-sulla-pista-pietro-scola-gen-2020-2-300x200.jpg\" alt=\"\" width=\"300\" height=\"200\" srcset=\"https:\/\/www.radiopiu.net\/wordpress\/wp-content\/uploads\/2020\/01\/sc-val-biois-allenamenti-sulla-pista-pietro-scola-gen-2020-2-300x200.jpg 300w, https:\/\/www.radiopiu.net\/wordpress\/wp-content\/uploads\/2020\/01\/sc-val-biois-allenamenti-sulla-pista-pietro-scola-gen-2020-2-1024x683.jpg 1024w, https:\/\/www.radiopiu.net\/wordpress\/wp-content\/uploads\/2020\/01\/sc-val-biois-allenamenti-sulla-pista-pietro-scola-gen-2020-2-768x512.jpg 768w, https:\/\/www.radiopiu.net\/wordpress\/wp-content\/uploads\/2020\/01\/sc-val-biois-allenamenti-sulla-pista-pietro-scola-gen-2020-2.jpg 1500w\" sizes=\"auto, (max-width: 300px) 100vw, 300px\" \/><\/a>Tra poco meno di un mese <b>Falcade<\/b>\u00a0torner\u00e0 a vestirsi del tricolore. Nella localit\u00e0 delle Dolomiti Bellunesi, una delle culle dello sci italiano, ritorneranno infatti i\u00a0<b>Campionati italiani Giovani<\/b>\u00a0e la\u00a0<b>Coppa Italia Senior<\/b>\u00a0dello sci di fondo. L&#8217;appuntamento \u00e8 per\u00a0<b>sabato 22 e domenica 23 febbraio<\/b>\u00a0sulla pista \u201cPietro Scola\u201d, da tempo struttura di riferimento per gli appassionati degli sci stretti a Nord Est e non solo.\u00a0<\/span><\/span><img loading=\"lazy\" decoding=\"async\" class=\"size-medium wp-image-114460 alignright\" src=\"https:\/\/www.radiopiu.net\/wordpress\/wp-content\/uploads\/2020\/01\/sc-val-biois-allenamenti-sulla-pista-pietro-scola-gen-2020-300x200.jpg\" alt=\"\" width=\"300\" height=\"200\" srcset=\"https:\/\/www.radiopiu.net\/wordpress\/wp-content\/uploads\/2020\/01\/sc-val-biois-allenamenti-sulla-pista-pietro-scola-gen-2020-300x200.jpg 300w, https:\/\/www.radiopiu.net\/wordpress\/wp-content\/uploads\/2020\/01\/sc-val-biois-allenamenti-sulla-pista-pietro-scola-gen-2020-1024x683.jpg 1024w, https:\/\/www.radiopiu.net\/wordpress\/wp-content\/uploads\/2020\/01\/sc-val-biois-allenamenti-sulla-pista-pietro-scola-gen-2020-768x512.jpg 768w, https:\/\/www.radiopiu.net\/wordpress\/wp-content\/uploads\/2020\/01\/sc-val-biois-allenamenti-sulla-pista-pietro-scola-gen-2020.jpg 1500w\" sizes=\"auto, (max-width: 300px) 100vw, 300px\" \/><\/p>\n<p><span style=\"font-family: Verdana, sans-serif;\"><span style=\"color: #000000;\">\u00abSiamo lieti della fiducia che la federazione ci ha dato e stiamo lavorando bene, con numerosi volontari e con il supporto dell&#8217;amministrazione comunale, per questo evento che ritorna a Falcade a distanza di due anni\u00bb dice\u00a0<b>Matteo Cagnati<\/b>, presidente dello Sci club Val Biois. \u00abAvremo al via le promesse dello sci di fondo italiano e anche diversi atleti affermati. Sar\u00e0 uno spettacolo importante che riporter\u00e0 il grande fondo qui in Valle del Biois, una terra che alla disciplina ha dato tanto. Si garegger\u00e0 naturalmente sulla pista Pietro Scola, una struttura che gestiamo come Sci club val Biois e che \u00e8 aperta da inizio dicembre e lo sar\u00e0 fino a fine marzo, una pista che si presta alle pi\u00f9 svariate esigenze, da quelle del turista che si avvicina allo sci a quelle dell&#8217;agonista che cerca tracciati impegnativi\u00bb. <\/span><\/span><span style=\"font-family: Verdana, sans-serif;\"><span style=\"color: #000000;\">Al tecnico <b>Omar Genuin<\/b>\u00a0il compito di illustrare le caratteristiche dei tracciati tricolori del 22 e 23 febbraio.\u00a0<\/span><\/span>\u00abLe sprint in tecnica classica di sabato 22 febbraio si svolgeranno su un tracciato facile nella prima parte, che poi diventa impegnativo nella seconda: dopo l&#8217;iniziale tratto in leggera discesa, due curve secche, tecnicamente insidiose, introducono alla seconda parte, con salite impegnative\u00bb spiega l&#8217;allenatore dello Sci club Val Biois. \u00abLe prove distance, sempre in tecnica classica, di domenica 23 si svolgeranno su tracciati di 2.5, 3.3 e 3.75 chilometri per gare rispettivamente di 5, 10 e 15 chilometri. La parte pi\u00f9 dura \u00e8 quella sulla destra orografica del fiume Biois, con salite che propongono anche dislivelli di 40 metri in un colpo solo. Saranno gare veramente dure\u00bb.<\/p>\n<p>&nbsp;<\/p>\n<p>&nbsp;<\/p>\n<p>&nbsp;<\/p>\n<hr \/>\n<p>&nbsp;<\/p>\n<p>&nbsp;<\/p>\n<p>&nbsp;<\/p>\n<h3><a class=\"dt-pswp-item\" href=\"http:\/\/www.radiopiu.net\/wordpress\/wp-content\/uploads\/2018\/09\/WhatsApp-Image-2018-09-20-at-16.04.06.jpeg\" data-dt-img-description=\"\" data-large_image_width=\"800\" data-large_image_height=\"100\"><img loading=\"lazy\" decoding=\"async\" class=\"wp-image-61378 size-full aligncenter\" src=\"http:\/\/www.radiopiu.net\/wordpress\/wp-content\/uploads\/2018\/09\/WhatsApp-Image-2018-09-20-at-16.04.06.jpeg\" alt=\"\" width=\"800\" height=\"100\" srcset=\"https:\/\/www.radiopiu.net\/wordpress\/wp-content\/uploads\/2018\/09\/WhatsApp-Image-2018-09-20-at-16.04.06.jpeg 800w, https:\/\/www.radiopiu.net\/wordpress\/wp-content\/uploads\/2018\/09\/WhatsApp-Image-2018-09-20-at-16.04.06-300x38.jpeg 300w, https:\/\/www.radiopiu.net\/wordpress\/wp-content\/uploads\/2018\/09\/WhatsApp-Image-2018-09-20-at-16.04.06-768x96.jpeg 768w\" sizes=\"auto, (max-width: 800px) 100vw, 800px\" \/><\/a><\/h3>\n<p><center><b>Sabato 25<\/b><\/center><b>Tempo atteso: <\/b>Lievissimo e temporaneo peggioramento del tempo, specie sulle Prealpi, con cielo molto nuvoloso\/coperto associato a sporadiche debolissime precipitazioni, sempre meno probabili andando verso i settori settentrionali. Sulle Dolomiti, infatti, la nuvolosit\u00e0 sar\u00e0 meno compatta, magari con qualche breve schiarita. Clima diurno pi\u00f9 fresco con ridotta escursione termica.<br \/>\n<b>Precipitazioni: <\/b>Probabilit\u00e0 medio-bassa sulle Prealpi (20\/40%) per sporadiche debolissime precipitazioni, nevose oltre i 1000\/1100 m. Sulle Dolomiti i fenomeni potrebbero essere spesso assenti, eccetto qualche fiocco, pi\u00f9 probabile al mattino sulle cime del settore centro-meridionale (10\/20%), minore rischio altrove. Gli apporti previsti sono locali ed irrisori, e dove precipiter\u00e0 saranno solo tracce di neve.<br \/>\n<b>Temperature: <\/b>In generale calo, eccetto netto rialzo delle minime nelle valli (4\/6\u00b0C in pi\u00f9 rispetto a venerd\u00ec). Sono previste punte di 4\/5\u00b0C nei fondovalle prealpini e di 2\/3\u00b0C a 1000\/1200 m. Sulle Prealpi a 1500 m minima -1\u00b0C e massima 1\u00b0C, a 2000 m minima -3\u00b0C e massima -1\u00b0C; sulle Dolomiti a 2000 m minima -4\u00b0C e massima -1\u00b0C, a 3000 m minima -8\u00b0C e massima -6\u00b0C.<br \/>\n<b>Venti: <\/b>Nelle valli deboli di direzione variabile; in quota perlopi\u00f9 deboli da sud al mattino e da sud-ovest al pomeriggio, a 5-10 km\/h a 2000 m, 5-15 km\/h a 3000 m.<\/p>\n<hr \/>\n<p><center><b>Domenica 26<\/b><\/center><b>Tempo atteso: <\/b>Al mattino nuvolosit\u00e0 media irregolare, pi\u00f9 presente sulle Dolomiti; mentre nubi basse potrebbero interessare alcuni settori prealpini. Con il passare delle ore parziale diradamento delle suddette coperture nuvolose, con qualche rasserenamento. Clima piuttosto fresco con limitata escursione termica diurna.<br \/>\n<b>Precipitazioni: <\/b>In giornata generalmente assenti (0\/10%), mentre qualche fiocco di neve potrebbe cadere qua e l\u00e0 durante la notte fino sui 900\/1100 m (20\/30%), specie sulle Dolomiti.<br \/>\n<b>Temperature: <\/b>Minime in lieve diminuzione a tutte le quote, osservate alla sera in alta quota. Massime senza notevoli variazioni nelle valli e in leggero calo in alta quota. Sulle Prealpi a 1500 m minima -2\u00b0C e massima 0\u00b0C, a 2000 m minima -4\u00b0C e massima -2\u00b0C; sulle Dolomiti a 2000 m minima -5\u00b0C e massima -2\u00b0C, a 3000 m minima -9\u00b0C e massima -8\u00b0C.<br \/>\n<b>Venti: <\/b>Nelle valli deboli di direzione variabile, con qualche rinforzo per brezze notturne in alcune valli a ridosso della pedemontana; in quota deboli\/moderati da ovest sud-ovest al mattino e da nord-ovest al pomeriggio, a 5-10 km\/h a 2000 m, 10-20 km\/h a 3000 m.<\/p>\n<hr \/>\n<p><center><b>Lunedi 27<\/b><\/center>Nuvolosit\u00e0 irregolare, pi\u00f9 probabile ed estesa al pomeriggio, e tratti di sereno, pi\u00f9 ampi entro le ore centrali del giorno. Temperature minime in lieve diminuzione e massime in leggera ripresa. Venti in quota deboli\/moderati da ovest al mattino, dal pomeriggio in poi moderati\/tesi da sud-ovest; deboli di direzione variabile nelle valli, eccetto i consueti rinforzi notturni per brezze nei settori prealpini a ridosso della pedemontana.<\/p>\n<hr \/>\n<p><center><b>Martedi 28<\/b><\/center>Lieve peggioramento del tempo dalla tarda nottata con cielo coperto e precipitazioni in estensione da ovest verso Est nel corso del mattino, nevose oltre gli 800\/1000 m. Esaurimento dei fenomeni, gi\u00e0 nel primo pomeriggio per ingresso di venti tesi\/forti da nord-ovest, assieme ad una discesa d&#8217;aria temporaneamente pi\u00f9 fredda. Le temperature, infatti, saranno in generale calo, eccetto rialzo delle minime nelle valli. Previsore: R.L.Th.<\/p>\n<p>&nbsp;<\/p>\n<p>&nbsp;<\/p>\n<p>&nbsp;<\/p>\n<p>&nbsp;<\/p>\n","protected":false},"excerpt":{"rendered":"<p>Per ricevere gli aggiornamenti in tempo reale delle notizie pubblicate alla radio e sul sito di radio pi\u00f9 iscriviti al canale RADIO PIU INFORMAZIONE su Telegram.\u00a0 clicca qui &nbsp; &nbsp; PROVINCIALE 3 VAL IMPERINA, DA LUNEDI AL 7 FEBBRAIO CHIUSURA DALLE 8 ALLE 9.45, 10-11.45, 13,30-15.15 E 15.30-1730. SOLO NEI GIORNI FERIALI DAL LUNEDI AL&hellip;<\/p>\n","protected":false},"author":1,"featured_media":114498,"comment_status":"closed","ping_status":"closed","sticky":false,"template":"","format":"standard","meta":{"_monsterinsights_skip_tracking":false,"_monsterinsights_sitenote_active":false,"_monsterinsights_sitenote_note":"","_monsterinsights_sitenote_category":0,"footnotes":""},"categories":[1,51,86],"tags":[],"class_list":["post-114481","post","type-post","status-publish","format-standard","has-post-thumbnail","hentry","category-senza-categoria","category-evidenza-top","category-gr","category-1","category-51","category-86","description-off"],"img_url":"https:\/\/www.radiopiu.net\/wordpress\/wp-content\/uploads\/2020\/01\/1a378919-7098-4c32-8e84-973d3339d943.jpg","_links":{"self":[{"href":"https:\/\/www.radiopiu.net\/wordpress\/wp-json\/wp\/v2\/posts\/114481","targetHints":{"allow":["GET"]}}],"collection":[{"href":"https:\/\/www.radiopiu.net\/wordpress\/wp-json\/wp\/v2\/posts"}],"about":[{"href":"https:\/\/www.radiopiu.net\/wordpress\/wp-json\/wp\/v2\/types\/post"}],"author":[{"embeddable":true,"href":"https:\/\/www.radiopiu.net\/wordpress\/wp-json\/wp\/v2\/users\/1"}],"replies":[{"embeddable":true,"href":"https:\/\/www.radiopiu.net\/wordpress\/wp-json\/wp\/v2\/comments?post=114481"}],"version-history":[{"count":0,"href":"https:\/\/www.radiopiu.net\/wordpress\/wp-json\/wp\/v2\/posts\/114481\/revisions"}],"wp:featuredmedia":[{"embeddable":true,"href":"https:\/\/www.radiopiu.net\/wordpress\/wp-json\/wp\/v2\/media\/114498"}],"wp:attachment":[{"href":"https:\/\/www.radiopiu.net\/wordpress\/wp-json\/wp\/v2\/media?parent=114481"}],"wp:term":[{"taxonomy":"category","embeddable":true,"href":"https:\/\/www.radiopiu.net\/wordpress\/wp-json\/wp\/v2\/categories?post=114481"},{"taxonomy":"post_tag","embeddable":true,"href":"https:\/\/www.radiopiu.net\/wordpress\/wp-json\/wp\/v2\/tags?post=114481"}],"curies":[{"name":"wp","href":"https:\/\/api.w.org\/{rel}","templated":true}]}}