{"id":114540,"date":"2020-01-24T23:30:54","date_gmt":"2020-01-24T22:30:54","guid":{"rendered":"https:\/\/www.radiopiu.net\/wordpress\/?p=114540"},"modified":"2020-01-24T17:20:08","modified_gmt":"2020-01-24T16:20:08","slug":"luigi-alpago-novello-il-medico-che-lotto-contro-la-pellagra-di-renato-bona","status":"publish","type":"post","link":"https:\/\/www.radiopiu.net\/wordpress\/luigi-alpago-novello-il-medico-che-lotto-contro-la-pellagra-di-renato-bona\/","title":{"rendered":"LUIGI ALPAGO NOVELLO IL MEDICO CHE LOTTO\u2019 CONTRO LA PELLAGRA di RENATO BONA\u00a0"},"content":{"rendered":"<p>BELLUNO\u00a0<span class=\"_5yl5\"> Tornato a casa, fu anche scrittore e sindaco di Trichiana \u201cMedico, storico. Fond\u00f2 e diresse l\u2019Archivio storico di Belluno, Feltre e Cadore. Lott\u00f2 per l\u2019igiene pubblica e contro la pellagra\u201d. Cos\u00ec, in estrema sintesi, \u00e8 descritta la figura di un illustre bellunese, Luigi Alpago Novello (nato a Belluno il 14 maggio1854 e mancato nella citt\u00e0 natale il 27 giugno 1943) su \u201cToponomastica di Belluno\u201d, pubblicazione edita dal Comune nel 1990. Confesso: abito a pochissimi metri dalla tabella stradale che indica l\u2019intitolazione della via che dall\u2019incrocio di Piazza San Giovanni Bosco e via Zanardelli arriva a quello con via Ceccati, e non sapevo proprio, e credo molti come me, chi fosse Luigi Alpago Novello! Mi soccorre la libera enciclopedia Wikipedia che lo definisce medico, letterato e storico e quindi ricorda come il nostro \u201c\u2026 nel 1876, a 22 anni, Luigi venne spedito a portare la \u2018croce di medico nel Calvario di una condotta rurale\u2019 a Cison di Valmarino (sotto le Prealpi tra le province di Belluno e Treviso \u2013 ndr.), in frontiera contro maghi, mammane, tiraossi, guaritori\u2026 dove non si riesce se non a spese della propria vita a rompere la fitta rete di pregiudizi e di mediocrit\u00e0\u201d. Tanto che lui stesso, turbato e incredulo, quando aveva 25 anni annotava: \u201cSe si ammala un bovino la famiglia si butta nella massima disperazione, corre da un veterinario (se la cura \u00e8 gratuita) o da un empirico e eseguisce tutte le operazioni appuntino; qualche cuore pi\u00f9 sensibile se ne accora tanto da ammalarsi e da far chiamare il medico perch\u00e9 la gran passione provata gli ha tirato addosso una malattia. Spesse volte si percorrono molti chilometri per chiamare il veterinario affinch\u00e9 venga a visitare un vitello che ha poca voglia di mangiare; si lasciano invece ammalarsi e morire i bambini senza far appello al medico o senza per lo meno eseguire le di lui prescrizioni. Un contadino disceso da una montagna per consultarsi collo scrivente a proposito di un suo figlio infermo, fattasi fare una ricetta, and\u00f2 da un negozio vicino a comperare dei chiodi per inchiodare la bara al figliuolo nel caso che gli venisse a morte, senza dover essere per questo essere costretto a ridiscendere dal suo monte\u201d. La \u201cdenuncia\u201d di Luigi Alpago Novello &#8211; si legge ancora sul sito di wikipedia &#8211; \u00e8 solo la premessa a un suo importante e in parte riuscito tentativo di mettere le mani in questa miseria. Ed \u00e8 questa la sua forza di medico, nel tentativo di educare i contadini, di istruirli. La sua battaglia principale \u00e8 stata quella contro la pellagra, condotta sulla base di quanto sostenuto dal suo grande amico Cesare Lombroso secondo il quale la malattia era dovuta alla presenza di particolari muffe nel mais utilizzato per preparare la polenta. E consigliando alla popolazione agricola di integrare la dieta con proteine, anche semplicemente latticini se la carne fosse introvabile. Purtroppo \u201cSe le sue battaglie conto miseria, ignoranza e superstizione possono considerarsi un necessario costo professionale, meno scontato \u00e8 il fronte ostile delle autorit\u00e0, che non gli consentono di gestire al meglio il proprio ruolo\u201d e anzi lo costringono ad andarsene da Cison! Si trasferisce nell\u2019estate del 1884, ormai trentenne, a Onigo di Pederobba e, studiando ancora, consegue l\u2019idoneit\u00e0 a primario ospedaliero divenendo a soli 32 anni direttore del manicomio provinciale trevigiano. Poi \u201crientrato nel Bellunese, vivr\u00e0 anche la seconda parte della sua vita in modo pieno e impegnato: scrittore insaziabile, sindaco di Trichiana, commissario prefettizio durante la Prima Guerra per i comuni della Sinistra Piave, fondatore dell\u2019Archivio storico di Belluno, Feltre e Cadore\u201d. Luigi Alpago Novello, che si \u00e8 unito in matrimonio con Amelia Valduga dalla quale ha avuto due figli: Matilde ed Alberto, \u00e8 stato autore di numerosi importanti scritti di storia, medicina e psichiatria. Quello, intitolato \u201cPregiudizi popolari medici nelle nostre condotte\u201d, presentato nel 1885 alla Societ\u00e0 di scienze mediche di Treviso, \u00e8 stato dedicato \u201cAgli amici di Cison\u201d. Tempo fa la collega giornalista Cristiana Sparvoli ha richiamato su La Tribuna di Treviso, in occasione della mostra\u201dArtigianato vivo\u201d che si svolge da lustri a Cison di Valmarino, \u201cun territorio che fino all\u2019inizio degli anni Settanta era segnato da una forte immigrazione ed una povera economia rurale\u201d, il libro di storia locale \u201cPremiata Latteria di Cison di Valmarino\u201d opera di Danilo Gasparini. Nell\u2019introduzione, sotto il titolo \u201cI contesti: poenta e peagra\u201d si ricorda quanto fosse importante per le famiglie contadine tra la fine del XIX e l\u2019inizio del XX secolo la \u2018vacca di casa\u2019\u201d. Un chiaro richiamo alla constatazione del dottor Alpago Novello il quale, come accennato, tracciava un quadro nerissimo delle condizioni di vita dei contadini ai piedi delle Prealpi, fra l\u2019altro per la situazione delle case: \u201cabituri bassi, screpolati e scadenti\u201d (ed oggi, invece, in gran parte seconde case di vacanza ristrutturate con attenzione ed eleganza), ma peggio ancora la relazione su come e cosa mangiavano i contadini. <\/span><\/p>\n\n\t\t\t<style type='text\/css'>\n\t\t\t\t#gallery-1 {\n\t\t\t\t\tmargin: auto;\n\t\t\t\t}\n\t\t\t\t#gallery-1 .gallery-item {\n\t\t\t\t\tfloat: left;\n\t\t\t\t\tmargin-top: 10px;\n\t\t\t\t\ttext-align: center;\n\t\t\t\t\twidth: 33%;\n\t\t\t\t}\n\t\t\t\t#gallery-1 img {\n\t\t\t\t\tborder: 2px solid #cfcfcf;\n\t\t\t\t}\n\t\t\t\t#gallery-1 .gallery-caption {\n\t\t\t\t\tmargin-left: 0;\n\t\t\t\t}\n\t\t\t\t\/* see gallery_shortcode() in wp-includes\/media.php *\/\n\t\t\t<\/style>\n\t\t<div id='gallery-1' class='dt-gallery-container gallery galleryid-114540 gallery-columns-3 gallery-size-thumbnail'><dl class='gallery-item'>\n\t\t\t\t<dt class='gallery-icon portrait'>\n\t\t\t\t\t<a class=\"rollover\" href='https:\/\/www.radiopiu.net\/wordpress\/giornale-radiopiu-25-gennaio-2020-direttore-mirko-mezzacasa\/83469763_261609801470573_4840041840348495872_n\/'><img loading=\"lazy\" decoding=\"async\" width=\"150\" height=\"150\" src=\"https:\/\/www.radiopiu.net\/wordpress\/wp-content\/uploads\/2020\/01\/83469763_261609801470573_4840041840348495872_n-150x150.jpg\" class=\"attachment-thumbnail size-thumbnail\" alt=\"\" \/><\/a>\n\t\t\t\t<\/dt><\/dl><dl class='gallery-item'>\n\t\t\t\t<dt class='gallery-icon landscape'>\n\t\t\t\t\t<a class=\"rollover\" href='https:\/\/www.radiopiu.net\/wordpress\/giornale-radiopiu-25-gennaio-2020-direttore-mirko-mezzacasa\/82812793_177827653597491_1917108697528532992_n\/'><img loading=\"lazy\" decoding=\"async\" width=\"150\" height=\"150\" src=\"https:\/\/www.radiopiu.net\/wordpress\/wp-content\/uploads\/2020\/01\/82812793_177827653597491_1917108697528532992_n-150x150.jpg\" class=\"attachment-thumbnail size-thumbnail\" alt=\"\" \/><\/a>\n\t\t\t\t<\/dt><\/dl><dl class='gallery-item'>\n\t\t\t\t<dt class='gallery-icon landscape'>\n\t\t\t\t\t<a class=\"rollover\" href='https:\/\/www.radiopiu.net\/wordpress\/giornale-radiopiu-25-gennaio-2020-direttore-mirko-mezzacasa\/83309577_1050612515301290_1879902997866086400_n\/'><img loading=\"lazy\" decoding=\"async\" width=\"150\" height=\"150\" src=\"https:\/\/www.radiopiu.net\/wordpress\/wp-content\/uploads\/2020\/01\/83309577_1050612515301290_1879902997866086400_n-150x150.png\" class=\"attachment-thumbnail size-thumbnail\" alt=\"\" \/><\/a>\n\t\t\t\t<\/dt><\/dl><br style=\"clear: both\" \/><dl class='gallery-item'>\n\t\t\t\t<dt class='gallery-icon landscape'>\n\t\t\t\t\t<a class=\"rollover\" href='https:\/\/www.radiopiu.net\/wordpress\/giornale-radiopiu-25-gennaio-2020-direttore-mirko-mezzacasa\/83396704_2786757794695973_406575902185488384_n\/'><img loading=\"lazy\" decoding=\"async\" width=\"150\" height=\"150\" src=\"https:\/\/www.radiopiu.net\/wordpress\/wp-content\/uploads\/2020\/01\/83396704_2786757794695973_406575902185488384_n-150x150.jpg\" class=\"attachment-thumbnail size-thumbnail\" alt=\"\" \/><\/a>\n\t\t\t\t<\/dt><\/dl><dl class='gallery-item'>\n\t\t\t\t<dt class='gallery-icon portrait'>\n\t\t\t\t\t<a class=\"rollover\" href='https:\/\/www.radiopiu.net\/wordpress\/giornale-radiopiu-25-gennaio-2020-direttore-mirko-mezzacasa\/82865319_2279551922345716_230060528800628736_n\/'><img loading=\"lazy\" decoding=\"async\" width=\"150\" height=\"150\" src=\"https:\/\/www.radiopiu.net\/wordpress\/wp-content\/uploads\/2020\/01\/82865319_2279551922345716_230060528800628736_n-150x150.png\" class=\"attachment-thumbnail size-thumbnail\" alt=\"\" \/><\/a>\n\t\t\t\t<\/dt><\/dl><dl class='gallery-item'>\n\t\t\t\t<dt class='gallery-icon landscape'>\n\t\t\t\t\t<a class=\"rollover\" href='https:\/\/www.radiopiu.net\/wordpress\/giornale-radiopiu-25-gennaio-2020-direttore-mirko-mezzacasa\/82785712_586384798851171_1517984288723697664_n\/'><img loading=\"lazy\" decoding=\"async\" width=\"150\" height=\"150\" src=\"https:\/\/www.radiopiu.net\/wordpress\/wp-content\/uploads\/2020\/01\/82785712_586384798851171_1517984288723697664_n-150x150.jpg\" class=\"attachment-thumbnail size-thumbnail\" alt=\"\" \/><\/a>\n\t\t\t\t<\/dt><\/dl><br style=\"clear: both\" \/><dl class='gallery-item'>\n\t\t\t\t<dt class='gallery-icon landscape'>\n\t\t\t\t\t<a class=\"rollover\" href='https:\/\/www.radiopiu.net\/wordpress\/giornale-radiopiu-25-gennaio-2020-direttore-mirko-mezzacasa\/49211007_229635204591055_5579904790931963904_n\/'><img loading=\"lazy\" decoding=\"async\" width=\"150\" height=\"150\" src=\"https:\/\/www.radiopiu.net\/wordpress\/wp-content\/uploads\/2020\/01\/49211007_229635204591055_5579904790931963904_n-150x150.jpg\" class=\"attachment-thumbnail size-thumbnail\" alt=\"\" \/><\/a>\n\t\t\t\t<\/dt><\/dl><dl class='gallery-item'>\n\t\t\t\t<dt class='gallery-icon landscape'>\n\t\t\t\t\t<a class=\"rollover\" href='https:\/\/www.radiopiu.net\/wordpress\/giornale-radiopiu-25-gennaio-2020-direttore-mirko-mezzacasa\/84042664_2801640903227385_6699272683877564416_n\/'><img loading=\"lazy\" decoding=\"async\" width=\"150\" height=\"150\" src=\"https:\/\/www.radiopiu.net\/wordpress\/wp-content\/uploads\/2020\/01\/84042664_2801640903227385_6699272683877564416_n-150x150.jpg\" class=\"attachment-thumbnail size-thumbnail\" alt=\"\" \/><\/a>\n\t\t\t\t<\/dt><\/dl>\n\t\t\t\t<br style='clear: both' \/>\n\t\t\t<\/div>\n\n<p><span class=\"_5yl5\">NELLE FOTO (Biblioteca civica di Belluno; Renato Bona; Tribuna di Treviso; Google): il dottor Luigi Alpago Novello; la targa col nome e la via intitolata al medico bellunese; panoramica di Cison di Valmarino; donne con i secchi del latte; un focolare col paiolo; la polenta; mani colpite da pellagra.<\/span><\/p>\n<p>&nbsp;<\/p>\n","protected":false},"excerpt":{"rendered":"<p>BELLUNO\u00a0 Tornato a casa, fu anche scrittore e sindaco di Trichiana \u201cMedico, storico. Fond\u00f2 e diresse l\u2019Archivio storico di Belluno, Feltre e Cadore. Lott\u00f2 per l\u2019igiene pubblica e contro la pellagra\u201d. Cos\u00ec, in estrema sintesi, \u00e8 descritta la figura di un illustre bellunese, Luigi Alpago Novello (nato a Belluno il 14 maggio1854 e mancato nella&hellip;<\/p>\n","protected":false},"author":1,"featured_media":114542,"comment_status":"closed","ping_status":"closed","sticky":false,"template":"","format":"standard","meta":{"_monsterinsights_skip_tracking":false,"_monsterinsights_sitenote_active":false,"_monsterinsights_sitenote_note":"","_monsterinsights_sitenote_category":0,"footnotes":""},"categories":[49],"tags":[],"class_list":["post-114540","post","type-post","status-publish","format-standard","has-post-thumbnail","hentry","category-news-18","category-49","description-off"],"img_url":"https:\/\/www.radiopiu.net\/wordpress\/wp-content\/uploads\/2020\/01\/83469763_261609801470573_4840041840348495872_n.jpg","_links":{"self":[{"href":"https:\/\/www.radiopiu.net\/wordpress\/wp-json\/wp\/v2\/posts\/114540","targetHints":{"allow":["GET"]}}],"collection":[{"href":"https:\/\/www.radiopiu.net\/wordpress\/wp-json\/wp\/v2\/posts"}],"about":[{"href":"https:\/\/www.radiopiu.net\/wordpress\/wp-json\/wp\/v2\/types\/post"}],"author":[{"embeddable":true,"href":"https:\/\/www.radiopiu.net\/wordpress\/wp-json\/wp\/v2\/users\/1"}],"replies":[{"embeddable":true,"href":"https:\/\/www.radiopiu.net\/wordpress\/wp-json\/wp\/v2\/comments?post=114540"}],"version-history":[{"count":0,"href":"https:\/\/www.radiopiu.net\/wordpress\/wp-json\/wp\/v2\/posts\/114540\/revisions"}],"wp:featuredmedia":[{"embeddable":true,"href":"https:\/\/www.radiopiu.net\/wordpress\/wp-json\/wp\/v2\/media\/114542"}],"wp:attachment":[{"href":"https:\/\/www.radiopiu.net\/wordpress\/wp-json\/wp\/v2\/media?parent=114540"}],"wp:term":[{"taxonomy":"category","embeddable":true,"href":"https:\/\/www.radiopiu.net\/wordpress\/wp-json\/wp\/v2\/categories?post=114540"},{"taxonomy":"post_tag","embeddable":true,"href":"https:\/\/www.radiopiu.net\/wordpress\/wp-json\/wp\/v2\/tags?post=114540"}],"curies":[{"name":"wp","href":"https:\/\/api.w.org\/{rel}","templated":true}]}}