{"id":114563,"date":"2020-01-25T05:10:45","date_gmt":"2020-01-25T04:10:45","guid":{"rendered":"https:\/\/www.radiopiu.net\/wordpress\/?p=114563"},"modified":"2020-01-25T11:58:05","modified_gmt":"2020-01-25T10:58:05","slug":"to","status":"publish","type":"post","link":"https:\/\/www.radiopiu.net\/wordpress\/to\/","title":{"rendered":"LUTTO AD AGORDO PER LA MORTE DI TONI PAMPANIN"},"content":{"rendered":"<p>&nbsp;<\/p>\n<h2><\/h2>\n<p><strong><a class=\"dt-pswp-item\" href=\"https:\/\/www.radiopiu.net\/wordpress\/wp-content\/uploads\/2020\/01\/1fe2e3b7-6726-4bd3-be0c-556918ee1bea.jpg\" data-dt-img-description=\"\" data-large_image_width=\"165\" data-large_image_height=\"254\"><img loading=\"lazy\" decoding=\"async\" class=\"wp-image-114562 alignleft\" src=\"https:\/\/www.radiopiu.net\/wordpress\/wp-content\/uploads\/2020\/01\/1fe2e3b7-6726-4bd3-be0c-556918ee1bea.jpg\" alt=\"\" width=\"151\" height=\"232\" \/><\/a><\/strong><\/p>\n<p>&nbsp;<\/p>\n<p>&nbsp;<\/p>\n<blockquote><p><strong><em>I Funerali lunedi alle 14 nell&#8217;Arcidiaconale di Agordo e come vorrebbe Toni eventuali offerte ad opere di bene, in questo caso al Centro Missionario Diocesano Belluno-Feltre. IBAN su Unicredit IT73U0200811910000002765556<\/em><\/strong><\/p><\/blockquote>\n<p>&nbsp;<\/p>\n<p>&nbsp;<\/p>\n<p><strong>AGORDO<\/strong><\/p>\n<p><strong>DI GIANNI SANTOMASO<\/strong><\/p>\n<audio class=\"wp-audio-shortcode\" id=\"audio-114563-1\" preload=\"none\" style=\"width: 100%;\" controls=\"controls\"><source type=\"audio\/mpeg\" src=\"https:\/\/www.radiopiu.net\/wordpress\/wp-content\/uploads\/2020\/01\/GIANNI-TONI.mp3?_=1\" \/><a href=\"https:\/\/www.radiopiu.net\/wordpress\/wp-content\/uploads\/2020\/01\/GIANNI-TONI.mp3\">https:\/\/www.radiopiu.net\/wordpress\/wp-content\/uploads\/2020\/01\/GIANNI-TONI.mp3<\/a><\/audio>\n<p>&nbsp;<\/p>\n<p><strong>IL RICORDO DI DON FABIANO DEL FAVERO<\/strong><\/p>\n<audio class=\"wp-audio-shortcode\" id=\"audio-114563-2\" preload=\"none\" style=\"width: 100%;\" controls=\"controls\"><source type=\"audio\/mpeg\" src=\"https:\/\/www.radiopiu.net\/wordpress\/wp-content\/uploads\/2020\/01\/DON-FABIANO.mp3?_=2\" \/><a href=\"https:\/\/www.radiopiu.net\/wordpress\/wp-content\/uploads\/2020\/01\/DON-FABIANO.mp3\">https:\/\/www.radiopiu.net\/wordpress\/wp-content\/uploads\/2020\/01\/DON-FABIANO.mp3<\/a><\/audio>\n<p>&nbsp;<\/p>\n<blockquote><p><em>Come fanno le nostre comunit\u00e0 della conca agordina a non essere grate a Toni Pampanin? La sua generosa disponibilit\u00e0, manifestatasi spesso nel nascondimento, \u00e8 stata dono. S\u00ec, senza alcuna esagerazione. Ricordo ancora bene le primissime battute dell&#8217;esperienza ad Agordo, nel 2009&#8230;un pomeriggio arriv\u00f2 in canonica, mi fece memoria delle comuni radici cadorine e mi disse senza tanti giri di parole di andare a cena a casa sua, con la moglie Viviana. Un luogo divenuto poi per me familiare nella breve permanenza ad Agordo da cappellano, quando passavo dalla mamma Ida, trovando lui o le sorelle. In ogni incontro affiorava la battuta sagace, lo stile diretto, il suo sorriso&#8230;ed ovviamente qualche parola nella &#8220;lingua dei padri&#8221;&#8230;una volta tornato a Rivamonte, le nostre comunit\u00e0 hanno goduto fino al Natale scorso della sua valida collaborazione col caro amico Loris per quel che concerne il bollettino parrocchiale. E c&#8217;era da insistere nell&#8217;averlo con noi al pranzo di s. Antonio: l&#8217;animazione a tavola era assicurata! Grazie, Toni, il nostro pensiero affettuoso si fa preghiera per te e la tua famiglia. Il bene da te compiuto&#8230;\u00e8 gi\u00e0 nelle mani del buon Dio.<\/em><\/p><\/blockquote>\n<p>&nbsp;<\/p>\n","protected":false},"excerpt":{"rendered":"<p>&nbsp; &nbsp; &nbsp; I Funerali lunedi alle 14 nell&#8217;Arcidiaconale di Agordo e come vorrebbe Toni eventuali offerte ad opere di bene, in questo caso al Centro Missionario Diocesano Belluno-Feltre. IBAN su Unicredit IT73U0200811910000002765556 &nbsp; &nbsp; AGORDO DI GIANNI SANTOMASO &nbsp; IL RICORDO DI DON FABIANO DEL FAVERO &nbsp; Come fanno le nostre comunit\u00e0 della conca&hellip;<\/p>\n","protected":false},"author":1,"featured_media":114562,"comment_status":"closed","ping_status":"closed","sticky":false,"template":"","format":"standard","meta":{"_monsterinsights_skip_tracking":false,"_monsterinsights_sitenote_active":false,"_monsterinsights_sitenote_note":"","_monsterinsights_sitenote_category":0,"footnotes":""},"categories":[51,49],"tags":[],"class_list":["post-114563","post","type-post","status-publish","format-standard","has-post-thumbnail","hentry","category-evidenza-top","category-news-18","category-51","category-49","description-off"],"img_url":"https:\/\/www.radiopiu.net\/wordpress\/wp-content\/uploads\/2020\/01\/1fe2e3b7-6726-4bd3-be0c-556918ee1bea.jpg","_links":{"self":[{"href":"https:\/\/www.radiopiu.net\/wordpress\/wp-json\/wp\/v2\/posts\/114563","targetHints":{"allow":["GET"]}}],"collection":[{"href":"https:\/\/www.radiopiu.net\/wordpress\/wp-json\/wp\/v2\/posts"}],"about":[{"href":"https:\/\/www.radiopiu.net\/wordpress\/wp-json\/wp\/v2\/types\/post"}],"author":[{"embeddable":true,"href":"https:\/\/www.radiopiu.net\/wordpress\/wp-json\/wp\/v2\/users\/1"}],"replies":[{"embeddable":true,"href":"https:\/\/www.radiopiu.net\/wordpress\/wp-json\/wp\/v2\/comments?post=114563"}],"version-history":[{"count":0,"href":"https:\/\/www.radiopiu.net\/wordpress\/wp-json\/wp\/v2\/posts\/114563\/revisions"}],"wp:featuredmedia":[{"embeddable":true,"href":"https:\/\/www.radiopiu.net\/wordpress\/wp-json\/wp\/v2\/media\/114562"}],"wp:attachment":[{"href":"https:\/\/www.radiopiu.net\/wordpress\/wp-json\/wp\/v2\/media?parent=114563"}],"wp:term":[{"taxonomy":"category","embeddable":true,"href":"https:\/\/www.radiopiu.net\/wordpress\/wp-json\/wp\/v2\/categories?post=114563"},{"taxonomy":"post_tag","embeddable":true,"href":"https:\/\/www.radiopiu.net\/wordpress\/wp-json\/wp\/v2\/tags?post=114563"}],"curies":[{"name":"wp","href":"https:\/\/api.w.org\/{rel}","templated":true}]}}