{"id":114623,"date":"2020-01-25T15:05:02","date_gmt":"2020-01-25T14:05:02","guid":{"rendered":"https:\/\/www.radiopiu.net\/wordpress\/?p=114623"},"modified":"2020-01-25T15:09:41","modified_gmt":"2020-01-25T14:09:41","slug":"il-negozio-vodafone","status":"publish","type":"post","link":"https:\/\/www.radiopiu.net\/wordpress\/il-negozio-vodafone\/","title":{"rendered":"IL NEGOZIO VODAFONE"},"content":{"rendered":"<h2><span style=\"color: #ff0000;\">LA PRECISAZIONE<\/span><\/h2>\n<p><strong>In merito all&#8217;articolo pubblicato sul nostro sito e sotto riportato\u00a0 riceviamo e volentieri pubblichiamo\u00a0 un chiarimento di Roberto Colmanet<\/strong><\/p>\n<blockquote><p><em>&#8220;Non sono negozi di propriet\u00e0 Vodafone, che paga la struttura in qualit\u00e0 di titolare della ONE srl, sono io. I proventi derivano dallo svolgimento di un insieme di attivit\u00e0 che Vodafone ci mette a disposizione regolamentate da un contratto di franchising. La giornata va guadagnata con lo svolgimento serio e onesto di tutte queste mansioni, come in qualsiasi altro lavoro. Nell\u2019articolo di prima stesura si percepiva che il negozio Vodafone poteva essere parte attiva nella cosa, magari non risolvendo il problema. Non \u00e8 cos\u00ec, siamo anche noi in qualche modo parte lesa perch\u00e9 visti dai clienti come Vodafone e quindi corresponsabili dell\u2019accaduto. Se un cliente non ritorna in negozio il primo a rimetterci sono io. In ogni caso sono dispiaciuto per questo clienti che hanno pagato, io sono tra questi e sono anche dispiaciuto perch\u00e9 chi ha fatto il comunicato\u00a0 conosce come funziona questo settore.<\/em><\/p><\/blockquote>\n<p>&nbsp;<\/p>\n<blockquote class=\"wp-embedded-content\" data-secret=\"fGqIY0BkDQ\"><p><a href=\"https:\/\/www.radiopiu.net\/wordpress\/la-resurrezione-delle-sim-vodafone-casi-nel-feltrino-e-richieste-di-pagamento-annullate-da-io-mi-tutelo\/\">LA RESURREZIONE DELLE SIM VODAFONE, CASI NEL FELTRINO E RICHIESTE DI PAGAMENTO ANNULLATE DA &#8220;IO MI TUTELO&#8221;<\/a><\/p><\/blockquote>\n<p><iframe loading=\"lazy\" title=\"&#8220;LA RESURREZIONE DELLE SIM VODAFONE, CASI NEL FELTRINO E RICHIESTE DI PAGAMENTO ANNULLATE DA &#8220;IO MI TUTELO&#8221;&#8221; &#8212; Radio Pi\u00f9\" class=\"wp-embedded-content\" sandbox=\"allow-scripts\" security=\"restricted\" style=\"position: absolute; clip: rect(1px, 1px, 1px, 1px);\" src=\"https:\/\/www.radiopiu.net\/wordpress\/la-resurrezione-delle-sim-vodafone-casi-nel-feltrino-e-richieste-di-pagamento-annullate-da-io-mi-tutelo\/embed\/#?secret=fGqIY0BkDQ\" data-secret=\"fGqIY0BkDQ\" width=\"600\" height=\"338\" frameborder=\"0\" marginwidth=\"0\" marginheight=\"0\" scrolling=\"no\"><\/iframe><\/p>\n<blockquote><p>&nbsp;<\/p>\n<p><em>i<\/em><\/p><\/blockquote>\n","protected":false},"excerpt":{"rendered":"<p>LA PRECISAZIONE In merito all&#8217;articolo pubblicato sul nostro sito e sotto riportato\u00a0 riceviamo e volentieri pubblichiamo\u00a0 un chiarimento di Roberto Colmanet &#8220;Non sono negozi di propriet\u00e0 Vodafone, che paga la struttura in qualit\u00e0 di titolare della ONE srl, sono io. I proventi derivano dallo svolgimento di un insieme di attivit\u00e0 che Vodafone ci mette a&hellip;<\/p>\n","protected":false},"author":1,"featured_media":114624,"comment_status":"closed","ping_status":"closed","sticky":false,"template":"","format":"standard","meta":{"_monsterinsights_skip_tracking":false,"_monsterinsights_sitenote_active":false,"_monsterinsights_sitenote_note":"","_monsterinsights_sitenote_category":0,"footnotes":""},"categories":[2,49],"tags":[],"class_list":["post-114623","post","type-post","status-publish","format-standard","has-post-thumbnail","hentry","category-news","category-news-18","category-2","category-49","description-off"],"img_url":"https:\/\/www.radiopiu.net\/wordpress\/wp-content\/uploads\/2020\/01\/images.png","_links":{"self":[{"href":"https:\/\/www.radiopiu.net\/wordpress\/wp-json\/wp\/v2\/posts\/114623","targetHints":{"allow":["GET"]}}],"collection":[{"href":"https:\/\/www.radiopiu.net\/wordpress\/wp-json\/wp\/v2\/posts"}],"about":[{"href":"https:\/\/www.radiopiu.net\/wordpress\/wp-json\/wp\/v2\/types\/post"}],"author":[{"embeddable":true,"href":"https:\/\/www.radiopiu.net\/wordpress\/wp-json\/wp\/v2\/users\/1"}],"replies":[{"embeddable":true,"href":"https:\/\/www.radiopiu.net\/wordpress\/wp-json\/wp\/v2\/comments?post=114623"}],"version-history":[{"count":0,"href":"https:\/\/www.radiopiu.net\/wordpress\/wp-json\/wp\/v2\/posts\/114623\/revisions"}],"wp:featuredmedia":[{"embeddable":true,"href":"https:\/\/www.radiopiu.net\/wordpress\/wp-json\/wp\/v2\/media\/114624"}],"wp:attachment":[{"href":"https:\/\/www.radiopiu.net\/wordpress\/wp-json\/wp\/v2\/media?parent=114623"}],"wp:term":[{"taxonomy":"category","embeddable":true,"href":"https:\/\/www.radiopiu.net\/wordpress\/wp-json\/wp\/v2\/categories?post=114623"},{"taxonomy":"post_tag","embeddable":true,"href":"https:\/\/www.radiopiu.net\/wordpress\/wp-json\/wp\/v2\/tags?post=114623"}],"curies":[{"name":"wp","href":"https:\/\/api.w.org\/{rel}","templated":true}]}}