{"id":114634,"date":"2020-01-27T02:32:44","date_gmt":"2020-01-27T01:32:44","guid":{"rendered":"https:\/\/www.radiopiu.net\/wordpress\/?p=114634"},"modified":"2020-01-27T08:49:25","modified_gmt":"2020-01-27T07:49:25","slug":"giornale-radiopiu-27-gennaio-2020","status":"publish","type":"post","link":"https:\/\/www.radiopiu.net\/wordpress\/giornale-radiopiu-27-gennaio-2020\/","title":{"rendered":"GIORNALE RADIOPIU 27 GENNAIO 2020 DIRETTORE MIRKO MEZZACASA"},"content":{"rendered":"<h3><span style=\"color: #ff00ff;\">Per ricevere gli aggiornamenti in tempo reale delle notizie pubblicate alla radio e sul sito di radio pi\u00f9 iscriviti al canale RADIO PIU INFORMAZIONE su <span style=\"color: #0000ff;\">Telegram<\/span>.\u00a0<span style=\"color: #000000;\"> <a style=\"color: #000000;\" href=\"https:\/\/t.me\/radiopiu\">clicca qui<\/a><\/span><\/span><\/h3>\n<p>&nbsp;<\/p>\n<p>&nbsp;<\/p>\n<hr \/>\n<p>&nbsp;<\/p>\n<p>&nbsp;<\/p>\n<h2><span style=\"color: #ff0000;\">OGGI, STRADE CHIUSE\u00a0<\/span><\/h2>\n<p><strong>AGORDO<\/strong> Anche questa mattina disagi lungo la regionale 203 agordina in localit\u00e0 La Muda dove si sono staccati altri blocchi di ghiaccio dalla roccia come gi\u00e0 accaduto domenica sera quando ci sono stati rallentamenti, nulla di grave e disagi limitati Sono intervenuti i vigili del fuoco.<\/p>\n<p><strong><a class=\"dt-pswp-item\" href=\"https:\/\/www.radiopiu.net\/wordpress\/wp-content\/uploads\/2020\/01\/1a378919-7098-4c32-8e84-973d3339d943.jpg\" data-dt-img-description=\"\" data-large_image_width=\"600\" data-large_image_height=\"800\"><img loading=\"lazy\" decoding=\"async\" class=\"size-medium wp-image-114498 alignleft\" src=\"https:\/\/www.radiopiu.net\/wordpress\/wp-content\/uploads\/2020\/01\/1a378919-7098-4c32-8e84-973d3339d943-225x300.jpg\" alt=\"\" width=\"225\" height=\"300\" srcset=\"https:\/\/www.radiopiu.net\/wordpress\/wp-content\/uploads\/2020\/01\/1a378919-7098-4c32-8e84-973d3339d943-225x300.jpg 225w, https:\/\/www.radiopiu.net\/wordpress\/wp-content\/uploads\/2020\/01\/1a378919-7098-4c32-8e84-973d3339d943.jpg 600w\" sizes=\"auto, (max-width: 225px) 100vw, 225px\" \/><\/a><\/strong><\/p>\n<p>&nbsp;<\/p>\n<p><strong>PROVINCIALE 3 VAL IMPERINA, DA OGGI AL 7 FEBBRAIO CHIUSURA DALLE 8 ALLE 9.45, 10-11.45, 13,30-15.15 E 15.30-1730. SOLO NEI GIORNI FERIALI DAL LUNEDI AL VENERDI. localita&#8217; Corde Mole tra Rivamonte e Gosaldo dove sono previste le operazioni di taglio alberi<\/strong><\/p>\n<p>&nbsp;<\/p>\n<blockquote><p><strong><a class=\"dt-pswp-item\" href=\"https:\/\/www.radiopiu.net\/wordpress\/wp-content\/uploads\/2020\/01\/WhatsApp-Image-2020-01-26-at-10.38.54.jpeg\" data-dt-img-description=\"\" data-large_image_width=\"899\" data-large_image_height=\"1599\"><img loading=\"lazy\" decoding=\"async\" class=\"size-medium wp-image-114697 alignleft\" src=\"https:\/\/www.radiopiu.net\/wordpress\/wp-content\/uploads\/2020\/01\/WhatsApp-Image-2020-01-26-at-10.38.54-169x300.jpeg\" alt=\"\" width=\"169\" height=\"300\" srcset=\"https:\/\/www.radiopiu.net\/wordpress\/wp-content\/uploads\/2020\/01\/WhatsApp-Image-2020-01-26-at-10.38.54-169x300.jpeg 169w, https:\/\/www.radiopiu.net\/wordpress\/wp-content\/uploads\/2020\/01\/WhatsApp-Image-2020-01-26-at-10.38.54-576x1024.jpeg 576w, https:\/\/www.radiopiu.net\/wordpress\/wp-content\/uploads\/2020\/01\/WhatsApp-Image-2020-01-26-at-10.38.54-768x1366.jpeg 768w, https:\/\/www.radiopiu.net\/wordpress\/wp-content\/uploads\/2020\/01\/WhatsApp-Image-2020-01-26-at-10.38.54-864x1536.jpeg 864w, https:\/\/www.radiopiu.net\/wordpress\/wp-content\/uploads\/2020\/01\/WhatsApp-Image-2020-01-26-at-10.38.54.jpeg 899w\" sizes=\"auto, (max-width: 169px) 100vw, 169px\" \/><\/a>563 di SALESEI tra PIAN DI SALESEI E SALESEI\u00a0 FINO AL 21 febbraio esclusi festivi e prefestivi INTERDIZIONE TOTALE AL TRAFFICO dalle 9 alle 17 per rimozione schianti. negli altri orari senso unico con semaforo<\/strong><\/p><\/blockquote>\n<p>&nbsp;<\/p>\n<p>&nbsp;<\/p>\n<p>&nbsp;<\/p>\n<p>&nbsp;<\/p>\n<p>&nbsp;<\/p>\n<p>&nbsp;<\/p>\n<p>&nbsp;<\/p>\n<p>&nbsp;<\/p>\n<p>&nbsp;<\/p>\n<p>&nbsp;<\/p>\n<p>&nbsp;<\/p>\n<hr \/>\n<p>&nbsp;<\/p>\n<p>&nbsp;<\/p>\n<h3><strong><a class=\"dt-pswp-item\" href=\"https:\/\/www.radiopiu.net\/wordpress\/wp-content\/uploads\/2020\/01\/1fe2e3b7-6726-4bd3-be0c-556918ee1bea.jpg\" data-dt-img-description=\"\" data-large_image_width=\"165\" data-large_image_height=\"254\"><img loading=\"lazy\" decoding=\"async\" class=\"wp-image-114562 alignleft\" src=\"https:\/\/www.radiopiu.net\/wordpress\/wp-content\/uploads\/2020\/01\/1fe2e3b7-6726-4bd3-be0c-556918ee1bea.jpg\" alt=\"\" width=\"151\" height=\"232\" \/><\/a><\/strong><\/h3>\n<h3><\/h3>\n<h3>AGORDO, OGGI I FUNERALI DI TONI PAMPANIN, ALLE 14 NELL&#8217;ARCIDIACONALE<\/h3>\n<p><strong>AGORDO<\/strong><\/p>\n<p><strong> <em>\u00a0e come vorrebbe Toni eventuali offerte ad opere di bene, in questo caso al Centro Missionario Diocesano Belluno-Feltre. IBAN su Unicredit IT73U0200811910000002765556<\/em><\/strong><\/p>\n<p>&nbsp;<\/p>\n<p>&nbsp;<\/p>\n<p>&nbsp;<\/p>\n<p>&nbsp;<\/p>\n<p>&nbsp;<\/p>\n<p>&nbsp;<\/p>\n<hr \/>\n<p>&nbsp;<\/p>\n<p>&nbsp;<\/p>\n<h2><em><span class=\"s1\">ALLARME: I VOLONTARI\u00a0 DELLE AMBULANZE SONO IL 25 % IN MENO DI 7 ANNI FA\u00a0<\/span><\/em><\/h2>\n<blockquote>\n<p class=\"p1\"><em><span class=\"s1\">Da alcuni dati statistici emerge come nel 2013 i volontari complessivi delle 7 associazioni fossero circa 400 ed alla resa dei conti, alla data odierna, i volontari complessivi ammontano a circa 290 unit\u00e0. Il calo \u00e8 stato costante con un\u2019 impennata negativa proprio nell\u2019 ultimo anno dovendo ammettere comunque una perdita pari a circa il 25% dei volontari in sette anni. <\/span><span class=\"s1\">Il dato \u00e8 sicuramente da codice rosso e gli sforzi per invertire tale trend dovranno essere titanici, richiedendo l\u2019 aiuto delle associazioni, della popolazione, delle amministrazioni comunali e degli enti pubblici interessati ma anche di tutti i portatori di interesse in generale. <\/span><span class=\"s1\">Questa parte del mondo del volontariato \u00e8 sicuramente ad un bivio dovendo affrontare sotto vari punti di vista le nuove norme nazionali del terzo settore che avranno sicuramente un forte impatto sia per la gestione economica che amministrativa delle varie associazioni.<\/span><\/em><\/p>\n<\/blockquote>\n<p class=\"p1\"><span class=\"s1\"><strong><a class=\"dt-pswp-item\" href=\"https:\/\/www.radiopiu.net\/wordpress\/wp-content\/uploads\/2019\/08\/FELICE-GAIARDO.jpg\" data-dt-img-description=\"\" data-large_image_width=\"1080\" data-large_image_height=\"978\"><img loading=\"lazy\" decoding=\"async\" class=\"size-medium wp-image-96707 alignleft\" src=\"https:\/\/www.radiopiu.net\/wordpress\/wp-content\/uploads\/2019\/08\/FELICE-GAIARDO-300x272.jpg\" alt=\"\" width=\"300\" height=\"272\" srcset=\"https:\/\/www.radiopiu.net\/wordpress\/wp-content\/uploads\/2019\/08\/FELICE-GAIARDO-300x272.jpg 300w, https:\/\/www.radiopiu.net\/wordpress\/wp-content\/uploads\/2019\/08\/FELICE-GAIARDO-768x695.jpg 768w, https:\/\/www.radiopiu.net\/wordpress\/wp-content\/uploads\/2019\/08\/FELICE-GAIARDO-1024x927.jpg 1024w, https:\/\/www.radiopiu.net\/wordpress\/wp-content\/uploads\/2019\/08\/FELICE-GAIARDO.jpg 1080w\" sizes=\"auto, (max-width: 300px) 100vw, 300px\" \/><\/a>ALLEGHE<\/strong> Rinnovo delle cariche amministrative tra le file del Coordinamento Agordino Zoldano Volontari Ambulanze. Venerdi 24 gennaio si \u00e8 svolta l\u2019 assemblea generale del Coordinamento delle associazioni di volontariato per le approvazioni del bilancio consuntivo 2019 e con l\u2019 occasione si sono svolte le elezioni del nuovo Consiglio di Amministrazione. Per il quarto triennio consecutivo sar\u00e0 quindi mantenuta la continuit\u00e0 gestionale visto che a maggioranza assoluta sono stati rieletti il Presidente pro-tempore,<span class=\"Apple-converted-space\">\u00a0 Felice <\/span>Gaiardo\u00a0 (foto) appartenente a Croce Verde Alleghe, la Vice Presidente Maria Grazia Scardanzan appartenente a Croce Verde Valbiois, oltre a tutti i presidenti delle sette associazioni costituenti il Coordinamento nella veste di consiglieri, ovvero Croce Verde Alleghe, Croce Verde Valbiois, Croce Verde Zoldo alto, Croce Bianca Val Fiorentina, Croce Bianca Colle Santa Lucia, Volontari Ambulanze Rocca Pietore e Volontari-Donatori Sangue Forno di Zoldo.<span class=\"Apple-converted-space\">\u00a0 <\/span>E\u2019 stato inoltre confermato Romano Valt nella veste di segretario-tesoriere. E\u2019 stato quindi avviato un nuovo triennio, ovvero inizia il decimo anno consecutivo di gestione direttivo-organizzativa di un gruppo di uomini e donne che da lunga data operano nel campo del sociale a favore delle associazioni che si occupano di soccorso in emergenza e trasporto secondario nel campo della sanit\u00e0.<\/span><span class=\"s1\">Durante i lavori dell\u2019 assemblea sono stati esposti i dati significativi dell\u2019 attivit\u00e0 di volontariato che ha visto una sempre costante presenza delle 7 associazioni sul territorio Agordino e Zoldano, rappresentando il pi\u00f9 grande gruppo di volontariato nel campo sanitario della Provincia di Belluno.<\/span><span class=\"s1\">La struttura del Coordinamento Agordino Zoldano, nata nel 1993 e quindi diretta verso i trent\u2019 anni di vita, comprende 5 associazioni agordine e 2 Zoldane per un totale di 16 ambulanze che operano su di un territorio di circa 400 kmq servendo 12 comuni costituiti da ben 244 frazioni abitate ed operando da un minimo di quota di 700 metri sino ad un massimo di 2100 metri. Le attivit\u00e0 sono riferite al trasporto sanitario primario e secondario prevalentemente per conto della ULSS n \u00b0 1 Dolomiti, accumulando nel 2019 circa 140.000 km di percorrenza con oltre 2.000 interventi.<span class=\"Apple-converted-space\">\u00a0 <\/span>Sono state inoltre effettuate assistenze ad eventi\/manifestazioni sportive e di varia natura.<\/span><span class=\"s1\">Nella relazione illustrativa del Presidente Gaiardo Felice, \u00e8 stato evidenziato il grande lavoro effettuato dalle associazioni, rilevando l\u2019 importanza sociale che rappresenta il gruppo di volontari nelle attivit\u00e0 nel campo del soccorso sanitario. E\u2019 stato purtroppo evidenziato il punto debole di questa organizzazione da tutti riconosciuta unica nella Regione Veneto, ovvero il fortissimo trend negativo del numero di volontari. <\/span><span class=\"s1\">A tale proposito \u00e8 stata avviata gi\u00e0 da tempo una intensa collaborazione con ULSS 1 Dolomitica che sicuramente dovr\u00e0 dare entro breve tempo i frutti sperati per entrambe le parti, ovvero la garanzia di un servizio di qualit\u00e0 per il territorio montano compatibilmente con la gestione dei bilanci pubblici.<\/span><span class=\"s1\">L\u2019 auspicio del Presidente Gaiardo Felice e di tutto il Consiglio Direttivo \u00e8 che il mondo del volontariato nel campo del servizio sanitario possa proseguire ancora per lungo tempo, confermando con certezza che tale attivit\u00e0 sia sicuramente fondamentale per i territori di alta montagna, la cui eventuale assenza potrebbe dare ulteriore danno ad un\u2019 area<span class=\"Apple-converted-space\">\u00a0 <\/span>gi\u00e0 disagiata per propria natura.<\/span><\/p>\n<p>&nbsp;<\/p>\n<p>&nbsp;<\/p>\n<p>&nbsp;<\/p>\n<hr \/>\n<p>&nbsp;<\/p>\n<h3><\/h3>\n<h3>IL TRENO NELL&#8217;AGORDINO? PER DE BERNARDIN DA TRIPLA VALENZA<\/h3>\n<p>&nbsp;<\/p>\n<p><strong><img loading=\"lazy\" decoding=\"async\" class=\"alignleft\" src=\"https:\/\/www.radiopiu.net\/wordpress\/wp-content\/uploads\/2015\/10\/andrea-de-bernardin-tuttacronaca.jpg\" width=\"237\" height=\"140\" \/>ROCCA PIETORE<\/strong> Per il sindaco di Rocca Pietore la proposta di una ferrovia per l&#8217;Agordino sar\u00e0 anche l&#8217;ultima delle quattro, ma non la pi\u00f9 folle<\/p>\n<p>ai mircrofoni di RADIOPIU&#8217; Andrea De Bernardin<\/p>\n<p>&nbsp;<\/p>\n<p>&nbsp;<\/p>\n<p>&nbsp;<\/p>\n<audio class=\"wp-audio-shortcode\" id=\"audio-114634-1\" preload=\"none\" style=\"width: 100%;\" controls=\"controls\"><source type=\"audio\/mpeg\" src=\"https:\/\/www.radiopiu.net\/wordpress\/wp-content\/uploads\/2020\/01\/ANDREA-DE-BERNARDIN-TRENO-OK.mp3?_=1\" \/><a href=\"https:\/\/www.radiopiu.net\/wordpress\/wp-content\/uploads\/2020\/01\/ANDREA-DE-BERNARDIN-TRENO-OK.mp3\">https:\/\/www.radiopiu.net\/wordpress\/wp-content\/uploads\/2020\/01\/ANDREA-DE-BERNARDIN-TRENO-OK.mp3<\/a><\/audio>\n<p>&nbsp;<\/p>\n<p>&nbsp;<\/p>\n<p>&nbsp;<\/p>\n<hr \/>\n<h3><\/h3>\n<h3>CONTINUA L&#8217;ESBOSCO A FORCELLA AURINE<\/h3>\n<p>I lavori di esbosco a Forcella Aurine, nel comune di Gosaldo, stanno proseguendo come si pu\u00f2 vedere anche dalle foto.<\/p>\n\n\t\t\t<style type='text\/css'>\n\t\t\t\t#gallery-1 {\n\t\t\t\t\tmargin: auto;\n\t\t\t\t}\n\t\t\t\t#gallery-1 .gallery-item {\n\t\t\t\t\tfloat: left;\n\t\t\t\t\tmargin-top: 10px;\n\t\t\t\t\ttext-align: center;\n\t\t\t\t\twidth: 50%;\n\t\t\t\t}\n\t\t\t\t#gallery-1 img {\n\t\t\t\t\tborder: 2px solid #cfcfcf;\n\t\t\t\t}\n\t\t\t\t#gallery-1 .gallery-caption {\n\t\t\t\t\tmargin-left: 0;\n\t\t\t\t}\n\t\t\t\t\/* see gallery_shortcode() in wp-includes\/media.php *\/\n\t\t\t<\/style>\n\t\t<div id='gallery-1' class='dt-gallery-container gallery galleryid-114634 gallery-columns-2 gallery-size-medium'><dl class='gallery-item'>\n\t\t\t\t<dt class='gallery-icon landscape'>\n\t\t\t\t\t<a class=\"rollover\" href='https:\/\/www.radiopiu.net\/wordpress\/continua-lesbosco-a-forcella-aurine\/esbosco-forcella-aurine-1\/'><img loading=\"lazy\" decoding=\"async\" width=\"300\" height=\"225\" src=\"https:\/\/www.radiopiu.net\/wordpress\/wp-content\/uploads\/2020\/01\/esbosco-forcella-aurine-1-300x225.jpeg\" class=\"attachment-medium size-medium\" alt=\"\" srcset=\"https:\/\/www.radiopiu.net\/wordpress\/wp-content\/uploads\/2020\/01\/esbosco-forcella-aurine-1-300x225.jpeg 300w, https:\/\/www.radiopiu.net\/wordpress\/wp-content\/uploads\/2020\/01\/esbosco-forcella-aurine-1-1024x768.jpeg 1024w, https:\/\/www.radiopiu.net\/wordpress\/wp-content\/uploads\/2020\/01\/esbosco-forcella-aurine-1-768x576.jpeg 768w, https:\/\/www.radiopiu.net\/wordpress\/wp-content\/uploads\/2020\/01\/esbosco-forcella-aurine-1-1536x1152.jpeg 1536w, https:\/\/www.radiopiu.net\/wordpress\/wp-content\/uploads\/2020\/01\/esbosco-forcella-aurine-1.jpeg 1600w\" sizes=\"auto, (max-width: 300px) 100vw, 300px\" \/><\/a>\n\t\t\t\t<\/dt><\/dl><dl class='gallery-item'>\n\t\t\t\t<dt class='gallery-icon landscape'>\n\t\t\t\t\t<a class=\"rollover\" href='https:\/\/www.radiopiu.net\/wordpress\/continua-lesbosco-a-forcella-aurine\/esbosco-forcella-aurine-2\/'><img loading=\"lazy\" decoding=\"async\" width=\"300\" height=\"225\" src=\"https:\/\/www.radiopiu.net\/wordpress\/wp-content\/uploads\/2020\/01\/esbosco-forcella-aurine-2-300x225.jpeg\" class=\"attachment-medium size-medium\" alt=\"\" srcset=\"https:\/\/www.radiopiu.net\/wordpress\/wp-content\/uploads\/2020\/01\/esbosco-forcella-aurine-2-300x225.jpeg 300w, https:\/\/www.radiopiu.net\/wordpress\/wp-content\/uploads\/2020\/01\/esbosco-forcella-aurine-2-1024x768.jpeg 1024w, https:\/\/www.radiopiu.net\/wordpress\/wp-content\/uploads\/2020\/01\/esbosco-forcella-aurine-2-768x576.jpeg 768w, https:\/\/www.radiopiu.net\/wordpress\/wp-content\/uploads\/2020\/01\/esbosco-forcella-aurine-2-1536x1152.jpeg 1536w, https:\/\/www.radiopiu.net\/wordpress\/wp-content\/uploads\/2020\/01\/esbosco-forcella-aurine-2.jpeg 1600w\" sizes=\"auto, (max-width: 300px) 100vw, 300px\" \/><\/a>\n\t\t\t\t<\/dt><\/dl><br style=\"clear: both\" \/>\n\t\t\t<\/div>\n\n<p><strong>IN PROPOSITO ABBIAMO SENTITO IL SINDACO DI GOSALDO GIOCONDO DALLE FESTE<\/strong><\/p>\n<audio class=\"wp-audio-shortcode\" id=\"audio-114634-2\" preload=\"none\" style=\"width: 100%;\" controls=\"controls\"><source type=\"audio\/mpeg\" src=\"https:\/\/www.radiopiu.net\/wordpress\/wp-content\/uploads\/2020\/01\/GIOCONDO-DALLE-FESTE-SCHIANTI-FORCELLA-AURINE.mp3?_=2\" \/><a href=\"https:\/\/www.radiopiu.net\/wordpress\/wp-content\/uploads\/2020\/01\/GIOCONDO-DALLE-FESTE-SCHIANTI-FORCELLA-AURINE.mp3\">https:\/\/www.radiopiu.net\/wordpress\/wp-content\/uploads\/2020\/01\/GIOCONDO-DALLE-FESTE-SCHIANTI-FORCELLA-AURINE.mp3<\/a><\/audio>\n<p>&nbsp;<\/p>\n<p>&nbsp;<\/p>\n<p>&nbsp;<\/p>\n<hr \/>\n<p>&nbsp;<\/p>\n<h3>ESBOSCO ANCHE A TAIBON AGORDINO<\/h3>\n<p>Anche a Taibon Agordino le ditte incaricate stanno lavorando incessantemente per l&#8217;esbosco degli schianti. In Valle di San Lucano un cantiere aperto come dimostra il video.<\/p>\n<div style=\"width: 640px;\" class=\"wp-video\"><video class=\"wp-video-shortcode\" id=\"video-114634-1\" width=\"640\" height=\"352\" preload=\"metadata\" controls=\"controls\"><source type=\"video\/mp4\" src=\"https:\/\/www.radiopiu.net\/wordpress\/wp-content\/uploads\/2020\/01\/WhatsApp-Video-2020-01-26-at-15.11.28.mp4?_=1\" \/><a href=\"https:\/\/www.radiopiu.net\/wordpress\/wp-content\/uploads\/2020\/01\/WhatsApp-Video-2020-01-26-at-15.11.28.mp4\">https:\/\/www.radiopiu.net\/wordpress\/wp-content\/uploads\/2020\/01\/WhatsApp-Video-2020-01-26-at-15.11.28.mp4<\/a><\/video><\/div>\n<p>&nbsp;<\/p>\n<p>&nbsp;<\/p>\n<p>&nbsp;<\/p>\n<hr \/>\n<h3><\/h3>\n<p>&nbsp;<\/p>\n<p>&nbsp;<\/p>\n<h3><a class=\"dt-pswp-item\" href=\"https:\/\/www.radiopiu.net\/wordpress\/wp-content\/uploads\/2019\/01\/SISTO.jpg\" data-dt-img-description=\"\" data-large_image_width=\"620\" data-large_image_height=\"340\"><img loading=\"lazy\" decoding=\"async\" class=\"size-medium wp-image-73465 alignleft\" src=\"https:\/\/www.radiopiu.net\/wordpress\/wp-content\/uploads\/2019\/01\/SISTO-300x165.jpg\" alt=\"\" width=\"300\" height=\"165\" srcset=\"https:\/\/www.radiopiu.net\/wordpress\/wp-content\/uploads\/2019\/01\/SISTO-300x165.jpg 300w, https:\/\/www.radiopiu.net\/wordpress\/wp-content\/uploads\/2019\/01\/SISTO.jpg 620w\" sizes=\"auto, (max-width: 300px) 100vw, 300px\" \/><\/a>&#8220;FAVRETTI HA LA MEMORIA CORTA&#8221;,\u00a0 L&#8217;EX DA ROIT ATTACCA E DIFENDE LUXOTTICA<\/h3>\n<p>&nbsp;<\/p>\n<p><strong>AGORDO<\/strong><\/p>\n<p>&nbsp;<\/p>\n<p><strong>DI GIANNI SANTOMASO\u00a0<\/strong><\/p>\n<audio class=\"wp-audio-shortcode\" id=\"audio-114634-3\" preload=\"none\" style=\"width: 100%;\" controls=\"controls\"><source type=\"audio\/mpeg\" src=\"https:\/\/www.radiopiu.net\/wordpress\/wp-content\/uploads\/2020\/01\/gr-27-comune-agordo-e-luxottica-gianni-santomaso.mp3?_=3\" \/><a href=\"https:\/\/www.radiopiu.net\/wordpress\/wp-content\/uploads\/2020\/01\/gr-27-comune-agordo-e-luxottica-gianni-santomaso.mp3\">https:\/\/www.radiopiu.net\/wordpress\/wp-content\/uploads\/2020\/01\/gr-27-comune-agordo-e-luxottica-gianni-santomaso.mp3<\/a><\/audio>\n<p>&nbsp;<\/p>\n<p>&nbsp;<\/p>\n<p>&nbsp;<\/p>\n<hr \/>\n<h3><\/h3>\n<h3><a class=\"dt-pswp-item\" href=\"https:\/\/www.radiopiu.net\/wordpress\/wp-content\/uploads\/2018\/05\/Mauro-Soppelsa-libero-professionista-perito-edile-56-anni.jpg\" data-dt-img-description=\"\" data-large_image_width=\"1852\" data-large_image_height=\"2218\"><img loading=\"lazy\" decoding=\"async\" class=\"wp-image-48070 alignleft\" src=\"https:\/\/www.radiopiu.net\/wordpress\/wp-content\/uploads\/2018\/05\/Mauro-Soppelsa-libero-professionista-perito-edile-56-anni-250x300.jpg\" alt=\"\" width=\"164\" height=\"197\" srcset=\"https:\/\/www.radiopiu.net\/wordpress\/wp-content\/uploads\/2018\/05\/Mauro-Soppelsa-libero-professionista-perito-edile-56-anni-250x300.jpg 250w, https:\/\/www.radiopiu.net\/wordpress\/wp-content\/uploads\/2018\/05\/Mauro-Soppelsa-libero-professionista-perito-edile-56-anni-768x920.jpg 768w, https:\/\/www.radiopiu.net\/wordpress\/wp-content\/uploads\/2018\/05\/Mauro-Soppelsa-libero-professionista-perito-edile-56-anni-855x1024.jpg 855w, https:\/\/www.radiopiu.net\/wordpress\/wp-content\/uploads\/2018\/05\/Mauro-Soppelsa-libero-professionista-perito-edile-56-anni.jpg 1852w\" sizes=\"auto, (max-width: 164px) 100vw, 164px\" \/><\/a><\/h3>\n<h3><\/h3>\n<h3><\/h3>\n<h3>A RISCHIO LA RAPPRESENTANZA AGORDINA IN PROVINCIA<\/h3>\n<p>Di Gianni Santomaso<\/p>\n<audio class=\"wp-audio-shortcode\" id=\"audio-114634-4\" preload=\"none\" style=\"width: 100%;\" controls=\"controls\"><source type=\"audio\/mpeg\" src=\"https:\/\/www.radiopiu.net\/wordpress\/wp-content\/uploads\/2020\/01\/gr-27-rappresentanti-agordino-in-provincia-gianni-santomaso.mp3?_=4\" \/><a href=\"https:\/\/www.radiopiu.net\/wordpress\/wp-content\/uploads\/2020\/01\/gr-27-rappresentanti-agordino-in-provincia-gianni-santomaso.mp3\">https:\/\/www.radiopiu.net\/wordpress\/wp-content\/uploads\/2020\/01\/gr-27-rappresentanti-agordino-in-provincia-gianni-santomaso.mp3<\/a><\/audio>\n<p>&nbsp;<\/p>\n<p>&nbsp;<\/p>\n<hr \/>\n<p>&nbsp;<\/p>\n<p>&nbsp;<\/p>\n<h3>RIPRENDERANNO QUESTA PRIMAVERA I LAVORI ALL&#8217;ACQUEDOTTO DI CENCENIGHE<\/h3>\n<p class=\"p1\"><strong><span class=\"s1\">Di Luisa Manfroi &#8211; <\/span><\/strong><\/p>\n<p class=\"p1\"><span class=\"s1\"><strong><a class=\"dt-pswp-item\" href=\"https:\/\/www.radiopiu.net\/wordpress\/wp-content\/uploads\/2016\/02\/Cencenighe.jpg\" data-dt-img-description=\"\" data-large_image_width=\"260\" data-large_image_height=\"179\"><img loading=\"lazy\" decoding=\"async\" class=\"size-full wp-image-16980 alignleft\" src=\"https:\/\/www.radiopiu.net\/wordpress\/wp-content\/uploads\/2016\/02\/Cencenighe.jpg\" alt=\"\" width=\"260\" height=\"179\" \/><\/a>CENCENIGHE<\/strong> Riprender\u00e0 in primavera la realizzazione della nuova conduttura che da Canale d\u2019Agordo porter\u00e0 l\u2019acqua ai serbatoi di Calch\u00e8re e Coi, a Cencenighe. I lavori, quasi interamente conclusi, avevano avuto inizio a met\u00e0 settembre dell\u2019anno scorso e sono stati sospesi il 20 dicembre per il periodo invernale. Non appena le condizioni climatiche lo consentiranno si proceder\u00e0 alla sua ultimazione prevista entro questa primavera. A comunicarlo \u00e8 il Bim Gsp, sentito sull\u2019argomento.<span class=\"Apple-converted-space\">\u00a0 <\/span>Ci\u00f2 dovrebbe risolvere una volta per tutte il problema dell\u2019approvvigionamento idrico di Cencenighe, pi\u00f9 critico nei mesi invernali e appesantito dai danni provocati alla sorgente di Chioit dall\u2019alluvione dell\u2019ottobre 2018 che ne ha ridotto notevolmente la portata. L\u2019esecuzione dei lavori \u00e8 stata effettuata in contemporanea da due imprese incaricate: la ditta De Pra di Ponte nelle Alpi, che ha eseguito la tratta tra Canale d\u2019Agordo e Celat, e la Sevis srl di Moena che si \u00e8 occupata della tratta tra Celat e Cencenighe. <\/span><\/p>\n<p class=\"p1\"><span class=\"s1\">Cosa \u00e8 stato fatto finora ? La domanda \u00e8 stata girata all\u2019ente gestore. \u00abSi \u00e8 provveduto alla posa di una nuova condotta di adduzione collegata agli acquedotti di Canale d\u2019Agordo e Vallada Agordina. \u00c8 in ghisa e con giunti antisfilamento, si snoda per una lunghezza complessiva di 4,8 km ed \u00e8 stata posata principalmente lungo la S.P. 346 (tratta Canale \u2013 Galleria delle Anime) e la S.P. 8 per San Tomaso Agordino. \u00c8 stato costruito anche un manufatto disconnettore che raccoglie i prelievi idrici provenienti dai due comuni concedenti, Canale d\u2019Agordo e Vallada.\u00bb<\/span><\/p>\n<p class=\"p1\"><span class=\"s1\">Cosa rimane ancora da fare per fare in modo che l\u2019opera possa dirsi ultimata ? \u00abRestano da portare<span class=\"Apple-converted-space\">\u00a0 <\/span>a termine le finiture e<span class=\"Apple-converted-space\">\u00a0 <\/span>le sistemazioni conclusive dell\u2019area interessata dai lavori, la collocazione di un breve tratto di condotta in prossimit\u00e0 del ponte di Canale d\u2019Agordo, la sostituzione del valvolame nella camera di manovra al serbatoio di Coi e l\u2019installazione del debatterizzatore a raggi ultravioletti per la disinfezione dell\u2019acqua. Questi interventi verranno eseguiti non appena sar\u00e0 possibile riprendere la ripresa. Al termine, inoltre, saranno fatti il collaudo e la messa in esercizio la nuova rete. L\u2019intero sistema acquedottistico, una volta attivo, sar\u00e0 monitorato da remoto tramite il telecontrollo che permetter\u00e0 di verificare in tempo reale la disponibilit\u00e0 idrica complessiva garantendo priorit\u00e0 ai comuni concedenti.\u00bb<\/span><\/p>\n<p class=\"p1\"><span class=\"s1\">Come ha tenuto a precisare il Bim Gsp, l\u2019opera, del valore complessivo di 2,4 milioni di euro, rientra nel<span class=\"Apple-converted-space\">\u00a0 <\/span>piano di interventi finanziati dal Commissario Delegato all\u2019emergenza Vaia, il governatore della Regione Veneto Luca Zaia, coadiuvato da Bim Gsp, che ha curato, con personale interno e in tempi ristretti la progettazione in tutte le sue fasi, compreso l\u2019appalto<span class=\"Apple-converted-space\">\u00a0 <\/span>e che seguir\u00e0 l\u2019intero sviluppo dell\u2019opera fino a conclusione.\u00a0<\/span><\/p>\n<p>&nbsp;<\/p>\n<p>&nbsp;<\/p>\n<hr \/>\n<p>&nbsp;<\/p>\n<p>&nbsp;<\/p>\n<h2><span style=\"color: #ff0000;\">LA POLIZIA POSTALE E&#8217; SALVA E IL SAP ESULTA<\/span><\/h2>\n<p><strong>Riceviamo e volentieri pubblichiamo la nota dell&#8217; UFFICIO STAMPA SAP BELLUNO<\/strong><\/p>\n<p><strong><img loading=\"lazy\" decoding=\"async\" class=\"alignleft\" src=\"https:\/\/www.radiopiu.net\/wordpress\/wp-content\/uploads\/2020\/01\/postale-10.jpg\" width=\"450\" height=\"253\" \/>BELLUNO<\/strong>\u00a0 Nell\u2019era dell\u2019informatica <u>non<\/u> \u00e8 pi\u00f9 a rischio chiusura la Polizia Postale e delle Comunicazioni di Belluno, ovvero il presidio pi\u00f9 avanzato nel contrasto alle truffe online, pedopornografia, cyberbullismo. A dare l\u2019annuncio \u00e8 il Sap (Sindacato Autonomo di Polizia) a seguito dell\u2019incontro di mercoled\u00ec scorso al Dipartimento. Esprimiamo grande soddisfazione. Dopo pi\u00f9 di un lustro di vere e proprie battaglie portate avanti solo dal Sap, possiamo finalmente dire che la Sezione Polizia Postale di via Vittorio Veneto \u00e8 salva, definitivamente &#8211; afferma la Segreteria Provinciale del Sap bellunese. Per anni siamo dovuti intervenire a tutti i livelli &#8211; attraverso pubbliche denunce e campagne di sensibilizzazione, fino al coinvolgimento dei soggetti politici e degli organi di Governo &#8211; per contrastare i tagli e scongiurare le chiusure definitive di 54 Sezioni provinciali (addirittura 75 nel primo progetto) poi ridotte a 46. In Veneto dovevano chiudere Belluno, Rovigo e Vicenza. Oggi non pi\u00f9. I tagli dissennati all\u2019apparato della sicurezza messi in atto dagli Esecutivi passati, hanno messo in ginocchio l\u2019intero Comparto che, ancora oggi, risente di quelle politiche infauste. Non dimentichiamo, infatti, che in tutte le Forze dell\u2019Ordine, ad esempio, vi \u00e8 una carenza organica pari a 50.000 unit\u00e0, di cui 20.000 solo nella Polizia di Stato. Per non parlare poi di strutture fatiscenti, mezzi ed equipaggiamenti assenti o ancora inidonei. Il punto pi\u00f9 basso si \u00e8 toccato con le sforbiciate della Legge Madia dell\u2019agosto 2016. La svolta definitiva \u00e8 invece avvenuta durante il precedente Esecutivo (Lega- M5S) che, sposando le battaglie del SAP, ha inserito nel programma di Governo il blocco della prevista chiusura dei presidi di Polizia e la valorizzazione della Polizia Postale e delle Comunicazioni. Grazie alla determinazione dell\u2019allora Sottosegretario all\u2019Interno Nicola Molteni, il Dipartimento della P.S. ha cambiato drasticamente la propria prospettiva, ha riconosciuto la funzione indispensabile della Polizia Postale per il contrasto dei \u201creati informatici\u201d e ha deciso di potenziare questo settore. Come Sap Belluno &#8211; fermamente contrari sin dall\u2019inizio a questo assurdo progetto di taglio in danno dei cittadini, mentre altri apparivano rassegnati e concentrati a pensare come collocare all\u2019interno della Questura i 9 poliziotti allora in servizio alla Postale &#8211; abbiamo tentato in tutti i modi negli ultimi cinque anni con il nostro ex Segretario Generale Gianni Tonelli (oggi in Parlamento) di far desistere i precedenti responsabili della sicurezza nazionale, ovvero l\u2019ex Ministro Alfano e l\u2019ex Capo della Polizia Pansa; poi i protagonisti sono cambiati, ma anche l\u2019ex Ministro Minniti e l\u2019attuale Capo Gabrielli sono sempre rimasti sordi rispetto alle nostre denunce. Anzi, ricordiamo tuttora e bene le dichiarazioni del Prefetto Gabrielli in visita nel 2017 a Belluno; chiss\u00e0 se oggi ha cambiato idea o se, per forza di cose, se ne \u00e8 dovuto fare una ragione. A livello locale abbiamo interessato i politici bellunesi e il Sindaco Massaro con una mozione in consiglio comunale da lui diciamo non proprio compresa. Unici pervenuti Piccoli, Gidoni e Bottacin. Il piano di riorganizzazione della Polizia Postale, presentato mercoled\u00ec scorso dal Prefetto Savina e dal dr. Forgione, Direttore Centrale per i Servizi di Specialit\u00e0, prevede un generale e consistente incremento, in termini di risorse umane, di quelli che costituiranno i futuri 8 Centri Regionali, le 9 Sezioni Distrettuali e le 73 Sezioni per la sicurezza cibernetica. Tra queste 73 vi \u00e8 Belluno. Il piano si concretizzer\u00e0 in una implementazione a livello nazionale pari a 780 operatori, distribuiti tra le varie qualifiche e auspicabilmente operativi e a regime nel 2027. La Polizia Postale bellunese vedr\u00e0 quindi raddoppiare il proprio attuale organico. Dai 7 operatori attuali si passer\u00e0, entro il 2027, a 14 (nel 2010 erano 13, scesi a 9 nel 2017 e 2018).\u00a0 Oggi dunque &#8211; prosegue il Sindacato &#8211; vogliamo sentirci orgogliosi e soddisfatti perch\u00e9 abbiamo raggiunto un importante risultato. E\u2019 innegabile che la chiusura della Sezione di Polizia Postale di Belluno, via Vittorio Veneto, avrebbe rappresentato di fatto &#8211; per i bellunesi &#8211; la perdita di quel presidio divenuto negli anni il primario punto di riferimento per i cosiddetti \u201creati informatici\u201d che superano ormai da anni quelli tradizionali ed il trend \u00e8 in continuo ed inesorabile aumento. Nelle prossime settimane &#8211; conclude il Sap &#8211; chiederemo al Dirigente il Compartimento Polizia Postale per il Veneto contezza circa lo stato dell\u2019arte dei lavori di adeguamento della nuova sede della Sezione, che da via Vittorio Veneto dovrebbe trasferirsi all\u2019interno del Palazzo di Poste Italiane in Piazza Castello.<\/p>\n<p>&nbsp;<\/p>\n<p>&nbsp;<\/p>\n<p>&nbsp;<\/p>\n<hr \/>\n<p>&nbsp;<\/p>\n<p>&nbsp;<\/p>\n<p>&nbsp;<\/p>\n<h3>L&#8217;INIZIATIVA DEL SIULP: RENDERE PARTECIPI I POLITICI DELLA PROVINCIA DEI PROBLEMI REALI E QUOTIDIANI<\/h3>\n<blockquote><p><em><strong>\u00a0INCONTRO INFORMALE CON RAPPRESENTANTI POLITICI BELLUNESI<\/strong><\/em><\/p><\/blockquote>\n<h1><\/h1>\n<p><strong><a class=\"dt-pswp-item\" href=\"https:\/\/www.radiopiu.net\/wordpress\/wp-content\/uploads\/2019\/02\/SIULP.jpg\" data-dt-img-description=\"\" data-large_image_width=\"301\" data-large_image_height=\"168\"><img loading=\"lazy\" decoding=\"async\" class=\"size-medium wp-image-75142 alignleft\" src=\"https:\/\/www.radiopiu.net\/wordpress\/wp-content\/uploads\/2019\/02\/SIULP-300x167.jpg\" alt=\"\" width=\"300\" height=\"167\" srcset=\"https:\/\/www.radiopiu.net\/wordpress\/wp-content\/uploads\/2019\/02\/SIULP-300x167.jpg 300w, https:\/\/www.radiopiu.net\/wordpress\/wp-content\/uploads\/2019\/02\/SIULP.jpg 301w\" sizes=\"auto, (max-width: 300px) 100vw, 300px\" \/><\/a>BELLUNO<\/strong> I rappresentanti del Siulp\u00a0 (Sindacato Italiano Unitario Lavoratori Polizia) hanno incontrato i parlamentari bellunesi Mirco Badole e Roger De Menech resi partecipi della necessit\u00e0 di mantenere alta l\u2019attenzione sulla questione organici per tutti gli Uffici, Questura, Commissariato e specialit\u00e0 (Stradale in primis, trascurata anche da minimi provvedimenti di ripianamento dell\u2019organico) in modo da ottenere delle adeguate immissioni di risorse umane anche nei piani di rinforzo venturi. Provvedimenti necessari ed indispensabili per far fronte sia alle assenze che interverranno nel breve e medio termine per i collocamenti in pensione d\u2019ufficio (per il raggiungimento dei limiti di et\u00e0, in considerazione che tutti gli uffici hanno una media anagrafica importante), sia per le sfide che si profilano sul piano della prevenzione dei reati e gestione dell\u2019ordine e sicurezza pubblica, connessi ai noti appuntamenti internazionali del\u00a0 2021 e 2026. Ai due parlamentari bellunesi il Siulp ha chiesto\u00a0 che si facciano portavoce, negli opportuni tavoli istituzionali, delle esigenze della Polizia di Stato in provincia sotto l\u2019aspetto delle dotazioni, della logistica e degli immobili, affinch\u00e9 vengano individuate le risorse necessarie per approntare i lavori e per sollecitare l\u2019avvio dei cantieri. Impensabile affrontare la gestione amministrativa del personale e quella esecutiva dei servizi nella condizione attuali. Roger De Menech\u00a0 ha sottolineato di aver gi\u00e0 incontrato il vice Ministro all\u2019Interno, On. Matteo Mauri per mantenere alta l\u2019attenzione sulla \u201cquestione\u201d sicurezza a Belluno riscontrando, nella circostanza, consapevolezza delle esigenze prospettate e apertura ad un ragionamento su vasta scala. Il Siulp si \u00e8 impegnato a garantire il proprio fattivo contributo per il raggiungimento di tali obbiettivi. <em>&#8220;Una serenit\u00e0 professionale diffusa per la categoria &#8211; si legge nella nota del Siulp a firma del Segretario Albino Rossa &#8211;\u00a0 conseguibile con l\u2019accoglimento delle rivendicazioni di questa sigla sindacale, si traduce in uno standard di efficienza ed efficacia di servizio da rendere alla collettivit\u00e0, anche e soprattutto quando i riflettori su Cortina saranno spenti.<b>\u00a0 Grazie ai parlamentari Badole e De Menech <\/b>\u00a0per l\u2019impegno profuso nel sostenere la nostra iniziativa sul dossier organici, culminato con il piano di rinforzo che porter\u00e0, una volta esaurito, all\u2019immissione di 25 agenti in provincia, si \u00e8 discusso delle esigenze della categoria in chiave futura&#8221;.<\/em><\/p>\n<p>&nbsp;<\/p>\n<p>&nbsp;<\/p>\n<p>&nbsp;<\/p>\n<hr \/>\n<h3><\/h3>\n<p>&nbsp;<\/p>\n<h2>L&#8217;INDAGINE DI EURAC E FONDAZIONE UNESCO<\/h2>\n<p><strong><a class=\"dt-pswp-item\" href=\"https:\/\/www.radiopiu.net\/wordpress\/wp-content\/uploads\/2019\/09\/pradidali-dolomiti-unesco-ph.piersante-bolzon_22.jpg\" data-dt-img-description=\"\" data-large_image_width=\"5424\" data-large_image_height=\"3616\"><img loading=\"lazy\" decoding=\"async\" class=\"size-medium wp-image-99636 alignleft\" src=\"https:\/\/www.radiopiu.net\/wordpress\/wp-content\/uploads\/2019\/09\/pradidali-dolomiti-unesco-ph.piersante-bolzon_22-300x200.jpg\" alt=\"\" width=\"300\" height=\"200\" srcset=\"https:\/\/www.radiopiu.net\/wordpress\/wp-content\/uploads\/2019\/09\/pradidali-dolomiti-unesco-ph.piersante-bolzon_22-300x200.jpg 300w, https:\/\/www.radiopiu.net\/wordpress\/wp-content\/uploads\/2019\/09\/pradidali-dolomiti-unesco-ph.piersante-bolzon_22-768x512.jpg 768w, https:\/\/www.radiopiu.net\/wordpress\/wp-content\/uploads\/2019\/09\/pradidali-dolomiti-unesco-ph.piersante-bolzon_22-1024x683.jpg 1024w\" sizes=\"auto, (max-width: 300px) 100vw, 300px\" \/><\/a>BELLUNO<\/strong><\/p>\n<p><strong>DAMIANO TORMEN\u00a0<\/strong><\/p>\n<audio class=\"wp-audio-shortcode\" id=\"audio-114634-5\" preload=\"none\" style=\"width: 100%;\" controls=\"controls\"><source type=\"audio\/mpeg\" src=\"https:\/\/www.radiopiu.net\/wordpress\/wp-content\/uploads\/2020\/01\/DAMIAN.mp3?_=5\" \/><a href=\"https:\/\/www.radiopiu.net\/wordpress\/wp-content\/uploads\/2020\/01\/DAMIAN.mp3\">https:\/\/www.radiopiu.net\/wordpress\/wp-content\/uploads\/2020\/01\/DAMIAN.mp3<\/a><\/audio>\n<p>&nbsp;<\/p>\n<p>&nbsp;<\/p>\n<p>&nbsp;<\/p>\n<hr \/>\n<p>&nbsp;<\/p>\n<p>&nbsp;<\/p>\n<h3>\u00a0&#8220;ZIBALDONE SCOLASTICO&#8221;&#8230;IL CALENDARIO A CURA DI BEPI PELLEGRINON<\/h3>\n<p>di Gianni Santomaso<\/p>\n<audio class=\"wp-audio-shortcode\" id=\"audio-114634-6\" preload=\"none\" style=\"width: 100%;\" controls=\"controls\"><source type=\"audio\/mpeg\" src=\"https:\/\/www.radiopiu.net\/wordpress\/wp-content\/uploads\/2020\/01\/gr-27-calendario-bepi-pellegrinon-gianni-santomaso.mp3?_=6\" \/><a href=\"https:\/\/www.radiopiu.net\/wordpress\/wp-content\/uploads\/2020\/01\/gr-27-calendario-bepi-pellegrinon-gianni-santomaso.mp3\">https:\/\/www.radiopiu.net\/wordpress\/wp-content\/uploads\/2020\/01\/gr-27-calendario-bepi-pellegrinon-gianni-santomaso.mp3<\/a><\/audio>\n<p>&nbsp;<\/p>\n<h3><a class=\"dt-pswp-item\" href=\"https:\/\/www.radiopiu.net\/wordpress\/wp-content\/uploads\/2020\/01\/WhatsApp-Image-2020-01-26-at-14.08.03.jpeg\" data-dt-img-description=\"\" data-large_image_width=\"984\" data-large_image_height=\"1353\"><img loading=\"lazy\" decoding=\"async\" class=\"alignnone size-medium wp-image-114708\" src=\"https:\/\/www.radiopiu.net\/wordpress\/wp-content\/uploads\/2020\/01\/WhatsApp-Image-2020-01-26-at-14.08.03-218x300.jpeg\" alt=\"\" width=\"218\" height=\"300\" srcset=\"https:\/\/www.radiopiu.net\/wordpress\/wp-content\/uploads\/2020\/01\/WhatsApp-Image-2020-01-26-at-14.08.03-218x300.jpeg 218w, https:\/\/www.radiopiu.net\/wordpress\/wp-content\/uploads\/2020\/01\/WhatsApp-Image-2020-01-26-at-14.08.03-745x1024.jpeg 745w, https:\/\/www.radiopiu.net\/wordpress\/wp-content\/uploads\/2020\/01\/WhatsApp-Image-2020-01-26-at-14.08.03-768x1056.jpeg 768w, https:\/\/www.radiopiu.net\/wordpress\/wp-content\/uploads\/2020\/01\/WhatsApp-Image-2020-01-26-at-14.08.03.jpeg 984w\" sizes=\"auto, (max-width: 218px) 100vw, 218px\" \/><\/a><\/h3>\n<p>&nbsp;<\/p>\n<p>&nbsp;<\/p>\n<p>&nbsp;<\/p>\n<hr \/>\n<p>&nbsp;<\/p>\n<p>&nbsp;<\/p>\n<p>&nbsp;<\/p>\n<h3>PARATA DI STELLE DOMANI IN TEATRO COMUNALE \u2013 DA FIONA MAY A ROBERTO ZANDONELLA<\/h3>\n<p><strong>BELLUNO<\/strong> Anche le stelle olimpiche dell\u2019Associazione nazionale Azzurri d\u2019Italia saranno domani\u00ec a Belluno per assistere alla Tavola rotonda dedicata alle Olimpiadi, allo sport e ai Grandi Eventi che si terr\u00e0 nel corso dell\u2019Assemblea generale di Confindustria Belluno Dolomiti, a partire dalle 15 al Teatro comunale.<\/p>\n<p>&nbsp;<\/p>\n<p>&nbsp;<\/p>\n<p>&nbsp;<\/p>\n<hr \/>\n<h1><\/h1>\n<p>&nbsp;<\/p>\n<div class=\"page-title-head hgroup\">\n<h1 class=\"entry-title\">COMMEMORAZIONI DELLA GIORNATA DELLA MEMORIA A BORGO VALBELLUNA<\/h1>\n<p class=\"p1\"><span class=\"s1\"><a class=\"dt-pswp-item\" href=\"https:\/\/www.radiopiu.net\/wordpress\/wp-content\/uploads\/2020\/01\/Dominioni-scaled.jpg\" data-dt-img-description=\"\" data-large_image_width=\"2560\" data-large_image_height=\"1912\"><img loading=\"lazy\" decoding=\"async\" class=\" wp-image-114678 alignleft\" src=\"https:\/\/www.radiopiu.net\/wordpress\/wp-content\/uploads\/2020\/01\/Dominioni-300x224.jpg\" alt=\"\" width=\"415\" height=\"310\" srcset=\"https:\/\/www.radiopiu.net\/wordpress\/wp-content\/uploads\/2020\/01\/Dominioni-300x224.jpg 300w, https:\/\/www.radiopiu.net\/wordpress\/wp-content\/uploads\/2020\/01\/Dominioni-1024x765.jpg 1024w, https:\/\/www.radiopiu.net\/wordpress\/wp-content\/uploads\/2020\/01\/Dominioni-768x574.jpg 768w, https:\/\/www.radiopiu.net\/wordpress\/wp-content\/uploads\/2020\/01\/Dominioni-1536x1147.jpg 1536w, https:\/\/www.radiopiu.net\/wordpress\/wp-content\/uploads\/2020\/01\/Dominioni-2048x1530.jpg 2048w\" sizes=\"auto, (max-width: 415px) 100vw, 415px\" \/><\/a>\u201cIl passato \u00e8 il futuro\u201d con questa frase il Dirigente dell\u2019Istituto Comprensivo di Mel e Lentiai, Umberto Da Col, ha riassunto il valore dell\u2019iniziative promosse in occasione della Giornata della Memoria che hanno visto protagonisti i ragazzi della secondaria di primo grado di Borgo Valbelluna sabato mattina (25 gennaio).<\/span>Nell\u2019ottica del creare una societ\u00e0 attiva e consapevole che parta dai giovani, che abbia gli strumenti necessari, soprattutto storici, e le competenze per capire il presente l\u2019\u2018Amministrazione Comunale di Borgo Valbelluna ha accolto le proposte dell\u2019Anpi e della Soms di offrire ai ragazzi delle scuole medie delle testimonianze forti ed incisive per sottolineare l\u2019importanza di ricordare e conoscere. Due gli appuntamenti nell\u2019arco della mattinata: a Mel, al palazzo delle Contesse, con la mostra \u201cCrimini fascisti in Etiopia e resistenza etiope\u201d e la lezione del prof. Matteo Dominioni; a Lentiai, nella sala della Biblioteca, con Assia Belhadj e il suo libro \u201cOltre l\u2019hijab\u201d.<span class=\"s1\">I ragazzi delle classi terze hanno ripercorso, con parole ed immagini, una parte della storia italiana e umana che, come sottolineato da Roberto Tacca dell\u2019Anpi nel presentare l\u2019iniziativa \u201c\u00e8 tuttora tralasciata anche nei corsi universitari, per un senso distorto che si d\u00e0 al patriottismo. La colonizzazione dell\u2019Etiopia e l\u2019eccidio di quasi 30 mila etiopi a partire dal 1935 \u00e8 una delle pagine tra le pi\u00f9 atroci del fascismo e di tutto il \u2018900\u201d.<\/span>Il professore Dominioni ha offerto ai ragazzi una storia ricostruita attraverso i documenti storici, non fatta di opinioni, di sentito dire e non frutto di ideologie politiche, ma supportata da immagini, documenti militari, diari e lettere dei soldati e dai viaggi che lo studioso e ricercatore ha fatto in Etiopia per vedere di persona i luoghi citati. La narrazione per immagini, grazie alla proiezione di alcuni Cinegiornali dell\u2019Istituto Luce e le foto della mostra, ha saputo catturare l\u2019attenzione e indurre i ragazzi alla riflessione. \u201cEsperienze di questo tipo \u2013ha affermato la Vice Sindaco Monica Frapporti-devono invogliare i giovani ad andare a fondo, conoscendo i fatti, e aiutarli a capire come non esista motivo o giustificazione perch\u00e9 alcuni si sentano autorizzati ad opprimere altri\u201d.<span class=\"s1\">La mostra \u201cCrimini fascisti in Etiopia e resistenza etiope\u201d (aperta domenica 26 gennaio e 2 febbraio dalle 10 alle 12 e dalle 15 alle 18; sabato 1 febbraio dalle 15 alle 18), curata da Marco Fent, ha visto la luce vent\u2019anni fa ad opera di Exodus, Associazione Ethiopian Culture and Service incorporata nell\u2019Assemblea Rastafari Italia, con lo scopo di commemorare il 19 febbraio, Giorno dei Martiri in Etiopia. Dopo varie esposizioni in Italia nel 2012 approda nel Feltrino e cinque anni fa viene integrata con cinque nuovi pannelli riproducenti le foto trovate nell\u2019archivio fotostorico feltrino della biblioteca di Pedavena appartenenti ad Umberto Gorza, soldato del genio militare di Foen che part\u00ec per l\u2019Africa orientale nel \u201835 e scatto di suo pugno le terribili immagini, a memoria e denuncia della politica di aggressione del fascismo in Etiopia.<\/span>Se le atrocit\u00e0 perpetrate dal fascismo in Etiopia appartengono ad un passato che non va dimenticato, Assia Belhadj e il suo libro \u201cOltre l\u2019hijab\u201d rappresentano un futuro possibile solo sconfiggendo l\u2019ignoranza e la paura del diverso che bloccano il coraggio di conoscere.<span class=\"s1\">Trentenne algerina, di nazionalit\u00e0 italiana, Assia \u00e8 balzata all\u2019onore delle cronache per essere la prima donna con il velo ad entrare a far parte della Croce Rossa. Ed \u00e8 proprio quel velo e la volont\u00e0 di invitare ad andare oltre le apparenze che l\u2019ha convinta a scrivere un libro presentato a Lentiai ad una platea di ragazzi delle classi prime e seconde delle medie attenti ed incuriositi dalla vivacit\u00e0 allegra di questa donna.<\/span><span class=\"s1\"><a class=\"dt-pswp-item\" href=\"https:\/\/www.radiopiu.net\/wordpress\/wp-content\/uploads\/2020\/01\/foto-Assia.jpg\" data-dt-img-description=\"\" data-large_image_width=\"1024\" data-large_image_height=\"768\"><img loading=\"lazy\" decoding=\"async\" class=\" wp-image-114677 alignright\" src=\"https:\/\/www.radiopiu.net\/wordpress\/wp-content\/uploads\/2020\/01\/foto-Assia-300x225.jpg\" alt=\"\" width=\"420\" height=\"315\" srcset=\"https:\/\/www.radiopiu.net\/wordpress\/wp-content\/uploads\/2020\/01\/foto-Assia-300x225.jpg 300w, https:\/\/www.radiopiu.net\/wordpress\/wp-content\/uploads\/2020\/01\/foto-Assia-768x576.jpg 768w, https:\/\/www.radiopiu.net\/wordpress\/wp-content\/uploads\/2020\/01\/foto-Assia.jpg 1024w\" sizes=\"auto, (max-width: 420px) 100vw, 420px\" \/><\/a>\u201cEsistono due tipi di ignoranza \u2013ha spiegato Assia ai ragazzi- quella di chi non sa di non sapere e quella di chi lo sa, ma \u00e8 convinto di essere nel giusto e rifiuta la diversit\u00e0.\u00a0<\/span><span class=\"s1\">Io sono e soprattutto mi sento cittadina italiana e mi sento tale anche dedicando qualcosa di mio agli altri, come nel caso della Croce Rossa, nelle mie possibilit\u00e0, piccole cose, perch\u00e9 se pensiamo solo a cose grandi non facciamo pi\u00f9 niente\u201d.<\/span><span class=\"s1\">\u201cIl mio libro non parla semplicemente del velo, ma \u00e8 una scusa per invogliare a guardare oltre l&#8217;apparenza, perch\u00e9 la persona \u00e8 pi\u00f9 importante. Dobbiamo parlare come persone e non come appartenenti ad un religione\u201d.<\/span><span class=\"s1\">\u201cL\u2019integrazione \u00e8 pensata in modo sbagliato; che cosa significa diventare italiano e che cosa significa essere italiano? Essere cristiano, non portare il velo? Essere italiano lo sancisce solo la costituzione con gli articoli 3 e 19, il velo copre la mia testa ma non copre la mia mente\u201d.<\/span><\/p>\n<\/div>\n<p>&nbsp;<\/p>\n<div class=\"page-title-head hgroup\">\n<h3><span style=\"color: #ff00ff;\">Per ricevere gli aggiornamenti in tempo reale delle notizie pubblicate alla radio e sul sito di radio pi\u00f9 iscriviti al canale RADIO PIU INFORMAZIONE su <span style=\"color: #0000ff;\">Telegram<\/span>.\u00a0<span style=\"color: #000000;\"><a style=\"color: #000000;\" href=\"https:\/\/t.me\/radiopiu\">clicca qui<\/a><\/span><\/span><\/h3>\n<\/div>\n<p>&nbsp;<\/p>\n<p>&nbsp;<\/p>\n<p>&nbsp;<\/p>\n<p>&nbsp;<\/p>\n<p>&nbsp;<\/p>\n<hr \/>\n<p>&nbsp;<\/p>\n<h1><span style=\"color: #ff0000;\">LA GIORNATA DELLA MEMORIA<\/span><\/h1>\n<h2>PER NON DIMENTICARE, OGGI I IN SALA EMIGRANTI CON IL GRUPPO ARCOBALENO DI VOCI<\/h2>\n<p><a class=\"dt-pswp-item\" href=\"https:\/\/www.radiopiu.net\/wordpress\/wp-content\/uploads\/2020\/01\/auschwitz-birkenau-poland-1129x752.jpg.optimal-1050x699-1.jpg\" data-dt-img-description=\"\" data-large_image_width=\"1050\" data-large_image_height=\"699\"><img loading=\"lazy\" decoding=\"async\" class=\"alignnone size-medium wp-image-114063\" src=\"https:\/\/www.radiopiu.net\/wordpress\/wp-content\/uploads\/2020\/01\/auschwitz-birkenau-poland-1129x752.jpg.optimal-1050x699-1-300x200.jpg\" alt=\"\" width=\"300\" height=\"200\" srcset=\"https:\/\/www.radiopiu.net\/wordpress\/wp-content\/uploads\/2020\/01\/auschwitz-birkenau-poland-1129x752.jpg.optimal-1050x699-1-300x200.jpg 300w, https:\/\/www.radiopiu.net\/wordpress\/wp-content\/uploads\/2020\/01\/auschwitz-birkenau-poland-1129x752.jpg.optimal-1050x699-1-1024x682.jpg 1024w, https:\/\/www.radiopiu.net\/wordpress\/wp-content\/uploads\/2020\/01\/auschwitz-birkenau-poland-1129x752.jpg.optimal-1050x699-1-768x511.jpg 768w, https:\/\/www.radiopiu.net\/wordpress\/wp-content\/uploads\/2020\/01\/auschwitz-birkenau-poland-1129x752.jpg.optimal-1050x699-1.jpg 1050w\" sizes=\"auto, (max-width: 300px) 100vw, 300px\" \/><\/a>GIANNI SANTOMASO<\/p>\n<audio class=\"wp-audio-shortcode\" id=\"audio-114634-7\" preload=\"none\" style=\"width: 100%;\" controls=\"controls\"><source type=\"audio\/mpeg\" src=\"https:\/\/www.radiopiu.net\/wordpress\/wp-content\/uploads\/2020\/01\/gianni-canale.mp3?_=7\" \/><a href=\"https:\/\/www.radiopiu.net\/wordpress\/wp-content\/uploads\/2020\/01\/gianni-canale.mp3\">https:\/\/www.radiopiu.net\/wordpress\/wp-content\/uploads\/2020\/01\/gianni-canale.mp3<\/a><\/audio>\n<p>&nbsp;<\/p>\n<p>&nbsp;<\/p>\n<p>&nbsp;<\/p>\n<hr \/>\n<div class=\"page-title-head hgroup\">\n<div data-offset-key=\"c2um1-0-0\"><\/div>\n<\/div>\n<div data-offset-key=\"c2um1-0-0\"><\/div>\n<div data-offset-key=\"c2um1-0-0\"><\/div>\n<p>&nbsp;<\/p>\n<h3>IL GIORNO DELLA MEMORIA IN PREFETTURA<\/h3>\n<p><strong>BELLUNO<\/strong> Oggi\u00a0 nella sala Zanardelli di Palazzo dei Rettori si terr\u00e0 la cerimonia in occasione del Giorno della Memoria per ricordare la Shoah, le leggi razziali, la persecuzione dei cittadini ebrei e tutti quelli che hanno subito la deportazione, la prigionia, la morte, insieme a coloro che si sono opposti al progetto di sterminio proteggendo i perseguitati e salvando vite umane. Nel corso dell\u2019evento saranno consegnate, ai familiari di cinque cittadini bellunesi deportati e internati nei lager nazisti, le medaglie d\u2019onore.<\/p>\n<p>&nbsp;<\/p>\n<p>&nbsp;<\/p>\n<p>&nbsp;<\/p>\n<hr \/>\n<p>&nbsp;<\/p>\n<p>&nbsp;<\/p>\n<p>&nbsp;<\/p>\n<p>&nbsp;<\/p>\n<h2><span style=\"color: #ff0000;\">LA PRECISAZIONE<\/span><\/h2>\n<h3>IL NEGOZIO VODAFONE<\/h3>\n<p><strong>In merito all&#8217;articolo pubblicato sul nostro sito e sotto riportato\u00a0 riceviamo e volentieri pubblichiamo\u00a0 un chiarimento di Roberto Colmanet<\/strong><\/p>\n<blockquote><p><em>&#8220;Non sono negozi di propriet\u00e0 Vodafone, che paga la struttura in qualit\u00e0 di titolare della ONE srl, sono io. I proventi derivano dallo svolgimento di un insieme di attivit\u00e0 che Vodafone ci mette a disposizione regolamentate da un contratto di franchising. La giornata va guadagnata con lo svolgimento serio e onesto di tutte queste mansioni, come in qualsiasi altro lavoro. Nell\u2019articolo di prima stesura si percepiva che il negozio Vodafone poteva essere parte attiva nella cosa, magari non risolvendo il problema. Non \u00e8 cos\u00ec, siamo anche noi in qualche modo parte lesa perch\u00e9 visti dai clienti come Vodafone e quindi corresponsabili dell\u2019accaduto. Se un cliente non ritorna in negozio il primo a rimetterci sono io. In ogni caso sono dispiaciuto per questo clienti che hanno pagato, io sono tra questi e sono anche dispiaciuto perch\u00e9 chi ha fatto il comunicato\u00a0 conosce come funziona questo settore.<\/em><\/p><\/blockquote>\n<p>&nbsp;<\/p>\n<blockquote class=\"wp-embedded-content\" data-secret=\"rdgqT7ZFlp\"><p><a href=\"https:\/\/www.radiopiu.net\/wordpress\/la-resurrezione-delle-sim-vodafone-casi-nel-feltrino-e-richieste-di-pagamento-annullate-da-io-mi-tutelo\/\">LA RESURREZIONE DELLE SIM VODAFONE, CASI NEL FELTRINO E RICHIESTE DI PAGAMENTO ANNULLATE DA &#8220;IO MI TUTELO&#8221;<\/a><\/p><\/blockquote>\n<p><iframe loading=\"lazy\" title=\"&#8220;LA RESURREZIONE DELLE SIM VODAFONE, CASI NEL FELTRINO E RICHIESTE DI PAGAMENTO ANNULLATE DA &#8220;IO MI TUTELO&#8221;&#8221; &#8212; Radio Pi\u00f9\" class=\"wp-embedded-content\" sandbox=\"allow-scripts\" security=\"restricted\" style=\"position: absolute; clip: rect(1px, 1px, 1px, 1px);\" src=\"https:\/\/www.radiopiu.net\/wordpress\/la-resurrezione-delle-sim-vodafone-casi-nel-feltrino-e-richieste-di-pagamento-annullate-da-io-mi-tutelo\/embed\/#?secret=rdgqT7ZFlp\" data-secret=\"rdgqT7ZFlp\" width=\"600\" height=\"338\" frameborder=\"0\" marginwidth=\"0\" marginheight=\"0\" scrolling=\"no\"><\/iframe><\/p>\n<p>&nbsp;<\/p>\n<p>&nbsp;<\/p>\n<p>&nbsp;<\/p>\n<hr \/>\n<p>&nbsp;<\/p>\n<h2><\/h2>\n<h2>\u201cDIANORA MARANDINO. TRAME DI COLORE\u201d.<\/h2>\n<blockquote>\n<h2><em>In esposizione i 58 abiti della collezione donata alla citt\u00e0 da Antonia Guarnieri.<\/em><\/h2>\n<\/blockquote>\n<p><strong><a class=\"dt-pswp-item\" href=\"https:\/\/www.radiopiu.net\/wordpress\/wp-content\/uploads\/2020\/01\/InaugurazioeMarandino-scaled.jpg\" data-dt-img-description=\"\" data-large_image_width=\"2560\" data-large_image_height=\"1920\"><img loading=\"lazy\" decoding=\"async\" class=\"size-medium wp-image-114652 alignleft\" src=\"https:\/\/www.radiopiu.net\/wordpress\/wp-content\/uploads\/2020\/01\/InaugurazioeMarandino-300x225.jpg\" alt=\"\" width=\"300\" height=\"225\" srcset=\"https:\/\/www.radiopiu.net\/wordpress\/wp-content\/uploads\/2020\/01\/InaugurazioeMarandino-300x225.jpg 300w, https:\/\/www.radiopiu.net\/wordpress\/wp-content\/uploads\/2020\/01\/InaugurazioeMarandino-1024x768.jpg 1024w, https:\/\/www.radiopiu.net\/wordpress\/wp-content\/uploads\/2020\/01\/InaugurazioeMarandino-768x576.jpg 768w, https:\/\/www.radiopiu.net\/wordpress\/wp-content\/uploads\/2020\/01\/InaugurazioeMarandino-1536x1152.jpg 1536w, https:\/\/www.radiopiu.net\/wordpress\/wp-content\/uploads\/2020\/01\/InaugurazioeMarandino-2048x1536.jpg 2048w\" sizes=\"auto, (max-width: 300px) 100vw, 300px\" \/><\/a>FELTRE\u00a0<\/strong> E\u2019 sta inaugurata i nella sede della Galleria \u201cRizzarda\u201d, in via Paradiso a Feltre, nel cuore della cittadella storica, la mostra della collezione di abiti della stilista fiorentina Dianora Marandino recentemente donata alla citt\u00e0 da Antonia Guarnieri. Gli abiti, 58 capi in totale, vennero donati ad Antonia &#8211; figlia maggiore dello scrittore, critico letterario e docente universitario Silvio Guarnieri \u2013 dalla stessa Marandino con lo scopo di custodirli. Una frequentazione di lungo corso quella tra la famiglia Guarnieri e Dianora Marandino. Antonia, dodicenne, conobbe infatti la stilista e il marito, il pittore Enzo Faraoni, nel 1955 a Feltre, quando il padre organizz\u00f2 alla galleria \u201cAl Sole\u201d, una mostra sull&#8217;artista fiorentino; in seguito i motivi di incontro, anche prolungato, furono numerosi e ripetuti. Alla base della donazione vi \u00e8 dunque una lunga frequentazione, uno stretto legame, e la volont\u00e0 di rendere omaggio all&#8217;amica di lunga data, alla sua intelligenza, sensibilit\u00e0 e creativit\u00e0, facendola conoscere anche nella citt\u00e0 delle radici, Feltre.<br \/>\nSul piano artistico e museale, la donazione degli abiti di Dianora Marandino, va ad ampliare ulteriormente la vocazione artistica eclettica della Galleria Rizzarda, non pi\u00f9 solo straordinario museo del ferro battuto, ma anche \u2013 sempre pi\u00f9 &#8211; centro di studio e documentazione delle arti decorative del Novecento. La Galleria, oltre ai 400 ferri battuti forgiati da Carlo Rizzarda e da Alessandro Mazzucotelli, annovera gi\u00e0 tra i suoi pezzi pi\u00f9 preziosi una raccolta di ceramiche, una serie di acquatipi, carte marmorizzate e alla colla d&#8217;amido e un piccolo, ma significativo nucleo di vetri artistici. A breve, inoltre, arricchir\u00e0 le sue proposte espositive con 800 vetri d&#8217;arte della collezione Franzoia-Nasci. La mostra sar\u00e0 visitabile sino al prossimo 26 aprile.<\/p>\n<p><strong>IL SINDACO DI FELTRE PAOLO PERENZIN, LA GIORNALISTA ILARIA DANIELI E L&#8217;ASSESSORE ALLA CULTURA DI FELTRE ALESSANDRO DEL BIANCO<\/strong><\/p>\n<audio class=\"wp-audio-shortcode\" id=\"audio-114634-8\" preload=\"none\" style=\"width: 100%;\" controls=\"controls\"><source type=\"audio\/mpeg\" src=\"https:\/\/www.radiopiu.net\/wordpress\/wp-content\/uploads\/2020\/01\/Audio-Galleria-rizzarda-mp3.mp3?_=8\" \/><a href=\"https:\/\/www.radiopiu.net\/wordpress\/wp-content\/uploads\/2020\/01\/Audio-Galleria-rizzarda-mp3.mp3\">https:\/\/www.radiopiu.net\/wordpress\/wp-content\/uploads\/2020\/01\/Audio-Galleria-rizzarda-mp3.mp3<\/a><\/audio>\n<p>&nbsp;<\/p>\n\n\t\t\t<style type='text\/css'>\n\t\t\t\t#gallery-2 {\n\t\t\t\t\tmargin: auto;\n\t\t\t\t}\n\t\t\t\t#gallery-2 .gallery-item {\n\t\t\t\t\tfloat: left;\n\t\t\t\t\tmargin-top: 10px;\n\t\t\t\t\ttext-align: center;\n\t\t\t\t\twidth: 50%;\n\t\t\t\t}\n\t\t\t\t#gallery-2 img {\n\t\t\t\t\tborder: 2px solid #cfcfcf;\n\t\t\t\t}\n\t\t\t\t#gallery-2 .gallery-caption {\n\t\t\t\t\tmargin-left: 0;\n\t\t\t\t}\n\t\t\t\t\/* see gallery_shortcode() in wp-includes\/media.php *\/\n\t\t\t<\/style>\n\t\t<div id='gallery-2' class='dt-gallery-container gallery galleryid-114634 gallery-columns-2 gallery-size-medium'><dl class='gallery-item'>\n\t\t\t\t<dt class='gallery-icon landscape'>\n\t\t\t\t\t<a class=\"rollover\" href='https:\/\/www.radiopiu.net\/wordpress\/dianora-marandino-trame-di-colore\/whatsapp-image-2020-01-26-at-13-10-52\/'><img loading=\"lazy\" decoding=\"async\" width=\"300\" height=\"225\" src=\"https:\/\/www.radiopiu.net\/wordpress\/wp-content\/uploads\/2020\/01\/WhatsApp-Image-2020-01-26-at-13.10.52-300x225.jpeg\" class=\"attachment-medium size-medium\" alt=\"\" srcset=\"https:\/\/www.radiopiu.net\/wordpress\/wp-content\/uploads\/2020\/01\/WhatsApp-Image-2020-01-26-at-13.10.52-300x225.jpeg 300w, https:\/\/www.radiopiu.net\/wordpress\/wp-content\/uploads\/2020\/01\/WhatsApp-Image-2020-01-26-at-13.10.52-1024x768.jpeg 1024w, https:\/\/www.radiopiu.net\/wordpress\/wp-content\/uploads\/2020\/01\/WhatsApp-Image-2020-01-26-at-13.10.52-768x576.jpeg 768w, https:\/\/www.radiopiu.net\/wordpress\/wp-content\/uploads\/2020\/01\/WhatsApp-Image-2020-01-26-at-13.10.52-1536x1152.jpeg 1536w, https:\/\/www.radiopiu.net\/wordpress\/wp-content\/uploads\/2020\/01\/WhatsApp-Image-2020-01-26-at-13.10.52.jpeg 1600w\" sizes=\"auto, (max-width: 300px) 100vw, 300px\" \/><\/a>\n\t\t\t\t<\/dt><\/dl><dl class='gallery-item'>\n\t\t\t\t<dt class='gallery-icon landscape'>\n\t\t\t\t\t<a class=\"rollover\" href='https:\/\/www.radiopiu.net\/wordpress\/dianora-marandino-trame-di-colore\/whatsapp-image-2020-01-26-at-13-10-52-1\/'><img loading=\"lazy\" decoding=\"async\" width=\"300\" height=\"225\" src=\"https:\/\/www.radiopiu.net\/wordpress\/wp-content\/uploads\/2020\/01\/WhatsApp-Image-2020-01-26-at-13.10.52-1-300x225.jpeg\" class=\"attachment-medium size-medium\" alt=\"\" srcset=\"https:\/\/www.radiopiu.net\/wordpress\/wp-content\/uploads\/2020\/01\/WhatsApp-Image-2020-01-26-at-13.10.52-1-300x225.jpeg 300w, https:\/\/www.radiopiu.net\/wordpress\/wp-content\/uploads\/2020\/01\/WhatsApp-Image-2020-01-26-at-13.10.52-1-1024x768.jpeg 1024w, https:\/\/www.radiopiu.net\/wordpress\/wp-content\/uploads\/2020\/01\/WhatsApp-Image-2020-01-26-at-13.10.52-1-768x576.jpeg 768w, https:\/\/www.radiopiu.net\/wordpress\/wp-content\/uploads\/2020\/01\/WhatsApp-Image-2020-01-26-at-13.10.52-1-1536x1152.jpeg 1536w, https:\/\/www.radiopiu.net\/wordpress\/wp-content\/uploads\/2020\/01\/WhatsApp-Image-2020-01-26-at-13.10.52-1.jpeg 1600w\" sizes=\"auto, (max-width: 300px) 100vw, 300px\" \/><\/a>\n\t\t\t\t<\/dt><\/dl><br style=\"clear: both\" \/><dl class='gallery-item'>\n\t\t\t\t<dt class='gallery-icon landscape'>\n\t\t\t\t\t<a class=\"rollover\" href='https:\/\/www.radiopiu.net\/wordpress\/dianora-marandino-trame-di-colore\/whatsapp-image-2020-01-26-at-13-10-52-2\/'><img loading=\"lazy\" decoding=\"async\" width=\"300\" height=\"225\" src=\"https:\/\/www.radiopiu.net\/wordpress\/wp-content\/uploads\/2020\/01\/WhatsApp-Image-2020-01-26-at-13.10.52-2-300x225.jpeg\" class=\"attachment-medium size-medium\" alt=\"\" srcset=\"https:\/\/www.radiopiu.net\/wordpress\/wp-content\/uploads\/2020\/01\/WhatsApp-Image-2020-01-26-at-13.10.52-2-300x225.jpeg 300w, https:\/\/www.radiopiu.net\/wordpress\/wp-content\/uploads\/2020\/01\/WhatsApp-Image-2020-01-26-at-13.10.52-2-1024x768.jpeg 1024w, https:\/\/www.radiopiu.net\/wordpress\/wp-content\/uploads\/2020\/01\/WhatsApp-Image-2020-01-26-at-13.10.52-2-768x576.jpeg 768w, https:\/\/www.radiopiu.net\/wordpress\/wp-content\/uploads\/2020\/01\/WhatsApp-Image-2020-01-26-at-13.10.52-2-1536x1152.jpeg 1536w, https:\/\/www.radiopiu.net\/wordpress\/wp-content\/uploads\/2020\/01\/WhatsApp-Image-2020-01-26-at-13.10.52-2.jpeg 1600w\" sizes=\"auto, (max-width: 300px) 100vw, 300px\" \/><\/a>\n\t\t\t\t<\/dt><\/dl><dl class='gallery-item'>\n\t\t\t\t<dt class='gallery-icon landscape'>\n\t\t\t\t\t<a class=\"rollover\" href='https:\/\/www.radiopiu.net\/wordpress\/dianora-marandino-trame-di-colore\/whatsapp-image-2020-01-26-at-13-10-53\/'><img loading=\"lazy\" decoding=\"async\" width=\"300\" height=\"225\" src=\"https:\/\/www.radiopiu.net\/wordpress\/wp-content\/uploads\/2020\/01\/WhatsApp-Image-2020-01-26-at-13.10.53-300x225.jpeg\" class=\"attachment-medium size-medium\" alt=\"\" srcset=\"https:\/\/www.radiopiu.net\/wordpress\/wp-content\/uploads\/2020\/01\/WhatsApp-Image-2020-01-26-at-13.10.53-300x225.jpeg 300w, https:\/\/www.radiopiu.net\/wordpress\/wp-content\/uploads\/2020\/01\/WhatsApp-Image-2020-01-26-at-13.10.53-1024x768.jpeg 1024w, https:\/\/www.radiopiu.net\/wordpress\/wp-content\/uploads\/2020\/01\/WhatsApp-Image-2020-01-26-at-13.10.53-768x576.jpeg 768w, https:\/\/www.radiopiu.net\/wordpress\/wp-content\/uploads\/2020\/01\/WhatsApp-Image-2020-01-26-at-13.10.53-1536x1152.jpeg 1536w, https:\/\/www.radiopiu.net\/wordpress\/wp-content\/uploads\/2020\/01\/WhatsApp-Image-2020-01-26-at-13.10.53.jpeg 1600w\" sizes=\"auto, (max-width: 300px) 100vw, 300px\" \/><\/a>\n\t\t\t\t<\/dt><\/dl><br style=\"clear: both\" \/>\n\t\t\t<\/div>\n\n<p>&nbsp;<\/p>\n<hr \/>\n<blockquote class=\"wp-embedded-content\" data-secret=\"1t9lE0rVfZ\"><p><a href=\"https:\/\/www.radiopiu.net\/wordpress\/un-apostolato-lungo-e-generoso-per-lagordino-padre-de-pellegrin-di-renato-bona\/\">UN APOSTOLATO LUNGO E GENEROSO PER L\u2019AGORDINO PADRE DE PELLEGRIN di RENATO BONA<\/a><\/p><\/blockquote>\n<p><iframe loading=\"lazy\" title=\"&#8220;UN APOSTOLATO LUNGO E GENEROSO PER L\u2019AGORDINO PADRE DE PELLEGRIN di RENATO BONA&#8221; &#8212; Radio Pi\u00f9\" class=\"wp-embedded-content\" sandbox=\"allow-scripts\" security=\"restricted\" style=\"position: absolute; clip: rect(1px, 1px, 1px, 1px);\" src=\"https:\/\/www.radiopiu.net\/wordpress\/un-apostolato-lungo-e-generoso-per-lagordino-padre-de-pellegrin-di-renato-bona\/embed\/#?secret=1t9lE0rVfZ\" data-secret=\"1t9lE0rVfZ\" width=\"600\" height=\"338\" frameborder=\"0\" marginwidth=\"0\" marginheight=\"0\" scrolling=\"no\"><\/iframe><\/p>\n<p>&nbsp;<\/p>\n<p>&nbsp;<\/p>\n<p>&nbsp;<\/p>\n<blockquote class=\"wp-embedded-content\" data-secret=\"qcu4XSBDdd\"><p><a href=\"https:\/\/www.radiopiu.net\/wordpress\/le-partite-iva-pagano-piu-irpef-dei-dipendenti-e-dei-pensionati\/\">LE PARTITE IVA PAGANO PIU\u2019 IRPEF DEI DIPENDENTI E DEI PENSIONATI<\/a><\/p><\/blockquote>\n<p><iframe loading=\"lazy\" title=\"&#8220;LE PARTITE IVA PAGANO PIU\u2019 IRPEF DEI DIPENDENTI E DEI PENSIONATI&#8221; &#8212; Radio Pi\u00f9\" class=\"wp-embedded-content\" sandbox=\"allow-scripts\" security=\"restricted\" style=\"position: absolute; clip: rect(1px, 1px, 1px, 1px);\" src=\"https:\/\/www.radiopiu.net\/wordpress\/le-partite-iva-pagano-piu-irpef-dei-dipendenti-e-dei-pensionati\/embed\/#?secret=qcu4XSBDdd\" data-secret=\"qcu4XSBDdd\" width=\"600\" height=\"338\" frameborder=\"0\" marginwidth=\"0\" marginheight=\"0\" scrolling=\"no\"><\/iframe><\/p>\n<p>&nbsp;<\/p>\n<p>&nbsp;<\/p>\n<p>&nbsp;<\/p>\n<hr \/>\n<p>&nbsp;<\/p>\n<p>&nbsp;<\/p>\n<p>&nbsp;<\/p>\n<p>&nbsp;<\/p>\n<blockquote class=\"wp-embedded-content\" data-secret=\"yU8ua78tqd\"><p><a href=\"https:\/\/www.radiopiu.net\/wordpress\/lavventura-il-viaggio-di-manrico-dellagnola-in-antartide-dove-le-comunicazioni-sono-molto-difficili\/\">L&#8217;AVVENTURA, IL VIAGGIO DI MANRICO DELL&#8217;AGNOLA IN ANTARTIDE DOVE LE COMUNICAZIONI SONO MOLTO DIFFICILI<\/a><\/p><\/blockquote>\n<p><iframe loading=\"lazy\" title=\"&#8220;L&#8217;AVVENTURA, IL VIAGGIO DI MANRICO DELL&#8217;AGNOLA IN ANTARTIDE DOVE LE COMUNICAZIONI SONO MOLTO DIFFICILI&#8221; &#8212; Radio Pi\u00f9\" class=\"wp-embedded-content\" sandbox=\"allow-scripts\" security=\"restricted\" style=\"position: absolute; clip: rect(1px, 1px, 1px, 1px);\" src=\"https:\/\/www.radiopiu.net\/wordpress\/lavventura-il-viaggio-di-manrico-dellagnola-in-antartide-dove-le-comunicazioni-sono-molto-difficili\/embed\/#?secret=yU8ua78tqd\" data-secret=\"yU8ua78tqd\" width=\"600\" height=\"338\" frameborder=\"0\" marginwidth=\"0\" marginheight=\"0\" scrolling=\"no\"><\/iframe><\/p>\n<p>&nbsp;<\/p>\n<p>&nbsp;<\/p>\n<p>&nbsp;<\/p>\n<hr \/>\n<h3><span style=\"color: #ff0000;\">ALLA RADIO, DUE MINUTI UN LIBRO <span style=\"color: #0000ff;\"><strong>\u00a0alle 9 40 e alle 17 50\u00a0<\/strong><\/span><\/span><\/h3>\n<blockquote class=\"wp-embedded-content\" data-secret=\"rkP4lL7bs5\"><p><a href=\"https:\/\/www.radiopiu.net\/wordpress\/due-minuti-un-libro\/\">Due minuti un libro<\/a><\/p><\/blockquote>\n<p><iframe loading=\"lazy\" title=\"&#8220;Due minuti un libro&#8221; &#8212; Radio Pi\u00f9\" class=\"wp-embedded-content\" sandbox=\"allow-scripts\" security=\"restricted\" style=\"position: absolute; clip: rect(1px, 1px, 1px, 1px);\" src=\"https:\/\/www.radiopiu.net\/wordpress\/due-minuti-un-libro\/embed\/#?secret=rkP4lL7bs5\" data-secret=\"rkP4lL7bs5\" width=\"600\" height=\"338\" frameborder=\"0\" marginwidth=\"0\" marginheight=\"0\" scrolling=\"no\"><\/iframe><\/p>\n<p>&nbsp;<\/p>\n<p>&nbsp;<\/p>\n<hr \/>\n<h3><\/h3>\n<p>&nbsp;<\/p>\n<p>&nbsp;<\/p>\n<h3>SIMONE GARAVANA, DUE ANNI PER SCOPRIRE IL MONDO<\/h3>\n<p><a class=\"dt-pswp-item\" href=\"https:\/\/www.radiopiu.net\/wordpress\/wp-content\/uploads\/2020\/01\/18010922_250180552120610_8876930363102326405_n.jpg\" data-dt-img-description=\"\" data-large_image_width=\"369\" data-large_image_height=\"369\"><img loading=\"lazy\" decoding=\"async\" class=\"wp-image-114576 alignleft\" src=\"https:\/\/www.radiopiu.net\/wordpress\/wp-content\/uploads\/2020\/01\/18010922_250180552120610_8876930363102326405_n-300x300.jpg\" alt=\"\" width=\"184\" height=\"184\" srcset=\"https:\/\/www.radiopiu.net\/wordpress\/wp-content\/uploads\/2020\/01\/18010922_250180552120610_8876930363102326405_n-300x300.jpg 300w, https:\/\/www.radiopiu.net\/wordpress\/wp-content\/uploads\/2020\/01\/18010922_250180552120610_8876930363102326405_n-150x150.jpg 150w, https:\/\/www.radiopiu.net\/wordpress\/wp-content\/uploads\/2020\/01\/18010922_250180552120610_8876930363102326405_n.jpg 369w\" sizes=\"auto, (max-width: 184px) 100vw, 184px\" \/><\/a><\/p>\n<p>&nbsp;<\/p>\n<p>&nbsp;<\/p>\n<p><strong>TAIBON<\/strong> Collegamento con Simone Garavana, 19 anni partito a novembre per un giro del mondo. Una scelta di vita alla ricerca di libert\u00e0, non un atto di coraggio piuttosto la voglia di nuove esperienze.\u00a0 Simone oggi si racconta a <strong>RADIO PIU<\/strong><\/p>\n<p>&nbsp;<\/p>\n<audio class=\"wp-audio-shortcode\" id=\"audio-114634-9\" preload=\"none\" style=\"width: 100%;\" controls=\"controls\"><source type=\"audio\/mpeg\" src=\"https:\/\/www.radiopiu.net\/wordpress\/wp-content\/uploads\/2020\/01\/simone.mp3?_=9\" \/><a href=\"https:\/\/www.radiopiu.net\/wordpress\/wp-content\/uploads\/2020\/01\/simone.mp3\">https:\/\/www.radiopiu.net\/wordpress\/wp-content\/uploads\/2020\/01\/simone.mp3<\/a><\/audio>\n<p>&nbsp;<\/p>\n<p>&nbsp;<\/p>\n<p>&nbsp;<\/p>\n<hr \/>\n<p>&nbsp;<\/p>\n<p>&nbsp;<\/p>\n<h2><span style=\"color: #ff0000;\"><a class=\"dt-pswp-item\" href=\"https:\/\/www.radiopiu.net\/wordpress\/wp-content\/uploads\/2020\/01\/WhatsApp-Image-2020-01-24-at-11.51.29.jpeg\" data-dt-img-description=\"\" data-large_image_width=\"470\" data-large_image_height=\"210\"><img loading=\"lazy\" decoding=\"async\" class=\"wp-image-114501 alignleft\" src=\"https:\/\/www.radiopiu.net\/wordpress\/wp-content\/uploads\/2020\/01\/WhatsApp-Image-2020-01-24-at-11.51.29-300x134.jpeg\" alt=\"\" width=\"175\" height=\"78\" srcset=\"https:\/\/www.radiopiu.net\/wordpress\/wp-content\/uploads\/2020\/01\/WhatsApp-Image-2020-01-24-at-11.51.29-300x134.jpeg 300w, https:\/\/www.radiopiu.net\/wordpress\/wp-content\/uploads\/2020\/01\/WhatsApp-Image-2020-01-24-at-11.51.29.jpeg 470w\" sizes=\"auto, (max-width: 175px) 100vw, 175px\" \/><\/a>\u00a0IN TELEVISIONE<\/span><\/h2>\n<p><strong>Domani\u00a0 alle 21 la storia di William Da Roit a Cafe&#8217; 24.\u00a0 Canale 95 del digitale terrestre o su FB<\/strong><\/p>\n<p>&nbsp;<\/p>\n<hr \/>\n<p>&nbsp;<\/p>\n<p>&nbsp;<\/p>\n<p>&nbsp;<\/p>\n<p>&nbsp;<\/p>\n<div class=\"page-title-head hgroup\">\n<div dir=\"auto\">\n<div class=\"\" data-block=\"true\" data-editor=\"caie0\" data-offset-key=\"5n5nl-0-0\">\n<div data-offset-key=\"5n5nl-0-0\">\n<div class=\"page-title-head hgroup\">\n<p><a class=\"dt-pswp-item\" href=\"https:\/\/www.radiopiu.net\/wordpress\/wp-content\/uploads\/2018\/09\/viabilita.jpeg\" data-dt-img-description=\"\" data-large_image_width=\"800\" data-large_image_height=\"100\"><img loading=\"lazy\" decoding=\"async\" class=\"alignnone wp-image-61954 size-full\" src=\"https:\/\/www.radiopiu.net\/wordpress\/wp-content\/uploads\/2018\/09\/viabilita.jpeg\" alt=\"\" width=\"800\" height=\"100\" srcset=\"https:\/\/www.radiopiu.net\/wordpress\/wp-content\/uploads\/2018\/09\/viabilita.jpeg 800w, https:\/\/www.radiopiu.net\/wordpress\/wp-content\/uploads\/2018\/09\/viabilita-300x38.jpeg 300w, https:\/\/www.radiopiu.net\/wordpress\/wp-content\/uploads\/2018\/09\/viabilita-768x96.jpeg 768w\" sizes=\"auto, (max-width: 800px) 100vw, 800px\" \/><\/a><\/p>\n<div data-offset-key=\"5n5nl-0-0\">\n<div data-offset-key=\"5n5nl-0-0\">\n<div data-offset-key=\"5n5nl-0-0\">\n<div data-offset-key=\"5n5nl-0-0\">\n<p><strong><a class=\"dt-pswp-item\" href=\"https:\/\/www.radiopiu.net\/wordpress\/wp-content\/uploads\/2020\/01\/1a378919-7098-4c32-8e84-973d3339d943.jpg\" data-dt-img-description=\"\" data-large_image_width=\"600\" data-large_image_height=\"800\"><img loading=\"lazy\" decoding=\"async\" class=\" wp-image-114498 alignleft\" src=\"https:\/\/www.radiopiu.net\/wordpress\/wp-content\/uploads\/2020\/01\/1a378919-7098-4c32-8e84-973d3339d943-225x300.jpg\" alt=\"\" width=\"164\" height=\"219\" srcset=\"https:\/\/www.radiopiu.net\/wordpress\/wp-content\/uploads\/2020\/01\/1a378919-7098-4c32-8e84-973d3339d943-225x300.jpg 225w, https:\/\/www.radiopiu.net\/wordpress\/wp-content\/uploads\/2020\/01\/1a378919-7098-4c32-8e84-973d3339d943.jpg 600w\" sizes=\"auto, (max-width: 164px) 100vw, 164px\" \/><\/a><\/strong><\/p>\n<p><strong>PROVINCIALE 3 VAL IMPERINA, DA LUNEDI AL 7 FEBBRAIO CHIUSURA DALLE 8 ALLE 9.45, 10-11.45, 13,30-15.15 E 15.30-1730. SOLO NEI GIORNI FERIALI DAL LUNEDI AL VENERDI.<\/strong><\/p>\n<p><strong>PROVINCIALE 563 DI SALESEI, LIVINALLONGO DEL COL DI LANA <\/strong>FINO \u00a0AL 24 (ESCLUSI SABATO E DOMENICA) dalle 9 alle 17 interdizione totale al traffico, nei rimanenti periodi senso unico alternato per taglio alberi in localit\u00e0 Pian di Salesei e Salesei<\/p>\n<p><strong>346 SAN PELLEGRINO A CANALE D&#8217;AGORDO <\/strong>La Mora dal 13 gennaio al 29 febbraio senso unico con semaforo anche sabato e domenica<\/p>\n<p><strong><a class=\"dt-pswp-item\" href=\"https:\/\/www.radiopiu.net\/wordpress\/wp-content\/uploads\/2020\/01\/WhatsApp-Image-2020-01-26-at-10.38.54.jpeg\" data-dt-img-description=\"\" data-large_image_width=\"899\" data-large_image_height=\"1599\"><img loading=\"lazy\" decoding=\"async\" class=\"size-medium wp-image-114697 alignleft\" src=\"https:\/\/www.radiopiu.net\/wordpress\/wp-content\/uploads\/2020\/01\/WhatsApp-Image-2020-01-26-at-10.38.54-169x300.jpeg\" alt=\"\" width=\"169\" height=\"300\" srcset=\"https:\/\/www.radiopiu.net\/wordpress\/wp-content\/uploads\/2020\/01\/WhatsApp-Image-2020-01-26-at-10.38.54-169x300.jpeg 169w, https:\/\/www.radiopiu.net\/wordpress\/wp-content\/uploads\/2020\/01\/WhatsApp-Image-2020-01-26-at-10.38.54-576x1024.jpeg 576w, https:\/\/www.radiopiu.net\/wordpress\/wp-content\/uploads\/2020\/01\/WhatsApp-Image-2020-01-26-at-10.38.54-768x1366.jpeg 768w, https:\/\/www.radiopiu.net\/wordpress\/wp-content\/uploads\/2020\/01\/WhatsApp-Image-2020-01-26-at-10.38.54-864x1536.jpeg 864w, https:\/\/www.radiopiu.net\/wordpress\/wp-content\/uploads\/2020\/01\/WhatsApp-Image-2020-01-26-at-10.38.54.jpeg 899w\" sizes=\"auto, (max-width: 169px) 100vw, 169px\" \/><\/a>203 AGORDINA, LOCALITA&#8217; LA MUDA<\/strong> DAL 13 GENNAIO AL 31 MARZO ESCLUSI FESTIVI E PREFESTIVI DALLE 7.30 ALLE 8.30 E DALLE 16.30 ALLE 17.30 SENSO UNICO ALTERNATO CON MOVIERI O SEMAFORI<\/p>\n<p><strong>PROVINCIALE 20 VAL FIORENTINA\u00a0<\/strong> LOCALITA&#8217; SOLATOR\u00a0 DAL 13 GENNAIO AL 29 MAGGIO (COMPRESI FESTIVI E PREFESTIVI) SENSO UNICO ALTERNATO REGOLATO DA SEMAFORO O MOVIERI PER ADEGUAMENTO CARREGGIATA<\/p>\n<p><strong>641 PASSO FEDAIA ROCCA PIETORE<\/strong> da martedi 7 gennaio al 6 marzo senso unico alternato regolato da semaforo per tratti di 30 metri. esclusi sabato e domenica<\/p>\n<p><strong>203 AGORDINA TAIBON AGORDINO<\/strong> dal 7 al 30 gennaio dalle 7 alle 19 senso unico alternato regolato da semaforo. esclusi festivi e prefestivi<\/p>\n<\/div>\n<\/div>\n<\/div>\n<\/div>\n<p><strong>30 PANORAMICA COMELICO<\/strong> dal 27 al 31 gennaio INTERRUZIONE TOTALE DELLA VIABILITA&#8217; IN LOCALITA&#8217; GIANIGUI PER TAGLIO BOSCO: CHIUSA DAL LUNEDI AL VENERDI DALLE 8 ALLE 12 E DALLE 13.30 ALLE 17, IL SABATO DALLE 8 ALLA 12<\/p>\n<\/div>\n<\/div>\n<\/div>\n<\/div>\n<\/div>\n<p>&nbsp;<\/p>\n<p>&nbsp;<\/p>\n<p>&nbsp;<\/p>\n<p>&nbsp;<\/p>\n<p>&nbsp;<\/p>\n<hr \/>\n<div class=\"page-title-head hgroup\">\n<div data-offset-key=\"c2um1-0-0\"><\/div>\n<\/div>\n<div data-offset-key=\"c2um1-0-0\"><\/div>\n<div data-offset-key=\"c2um1-0-0\"><\/div>\n<div data-offset-key=\"c2um1-0-0\"><\/div>\n<div class=\"page-title-head hgroup\">\n<div data-offset-key=\"c2um1-0-0\"><\/div>\n<div data-offset-key=\"c2um1-0-0\"><strong>NUOVO CANALE RADIOPIU SU TELEGRAM ISCRIZIONE GRATUITA<\/strong><\/div>\n<div dir=\"auto\">\n<div class=\"\" data-block=\"true\" data-editor=\"caie0\" data-offset-key=\"5n5nl-0-0\">\n<blockquote>\n<div data-offset-key=\"5n5nl-0-0\"><a class=\"dt-pswp-item\" href=\"https:\/\/www.radiopiu.net\/wordpress\/wp-content\/uploads\/2017\/04\/MyRadioPiu_miaidea.png\" data-dt-img-description=\"\" data-large_image_width=\"483\" data-large_image_height=\"374\"><img loading=\"lazy\" decoding=\"async\" class=\"wp-image-30709 alignleft\" src=\"https:\/\/www.radiopiu.net\/wordpress\/wp-content\/uploads\/2017\/04\/MyRadioPiu_miaidea-300x232.png\" alt=\"\" width=\"167\" height=\"129\" \/><\/a>Il canale creato su Telgram andr\u00e0 a sostituire i gruppi whatsApp, a breve inizier\u00e0 l&#8217;aggiornamento. In questo gruppo ogni giorno viene pubblicato il GIORNALE RADIOPIU il giornale radio_sito in onda alla radio ogni giorno dal lunedi al sabato nelle edizioni delle 9.30 GR MATTINA, 12.30 GIORNALE RADIO PRINCIPALE, 14.30 GR PRIMO POMERIGGIO, 16.30 GR POMERIGGIO 18.30 GR SERA e il GIORNALE DELLA MEZZANOTTE\u00a0 Inoltre in questo canale vengono linkate in tempo reale le notizie che vengono pubblicate sul sito <a href=\"http:\/\/www.radiopiu.net\/\" target=\"_blank\" rel=\"noopener noreferrer\">www.radiopiu.net<\/a> e i podcast delle rubriche in onda al mattino 10.30 REPORTER, e negli approfondimenti del pomeriggio 15.10 CARPE DIEM.<\/div>\n<\/blockquote>\n<\/div>\n<\/div>\n<div data-offset-key=\"5n5nl-0-0\"><\/div>\n<\/div>\n<div class=\"page-title-head hgroup\">\n<div data-offset-key=\"5n5nl-0-0\">\n<hr \/>\n<\/div>\n<\/div>\n<p>&nbsp;<\/p>\n<p>&nbsp;<\/p>\n<p>&nbsp;<\/p>\n<p>&nbsp;<\/p>\n<h3><a class=\"dt-pswp-item\" style=\"font-size: 14px; font-weight: normal;\" href=\"http:\/\/www.radiopiu.net\/wordpress\/wp-content\/uploads\/2018\/09\/sport.jpg\" data-dt-img-description=\"\" data-large_image_width=\"800\" data-large_image_height=\"100\"><img loading=\"lazy\" decoding=\"async\" class=\"wp-image-60761 size-full aligncenter\" src=\"http:\/\/www.radiopiu.net\/wordpress\/wp-content\/uploads\/2018\/09\/sport.jpg\" alt=\"\" width=\"800\" height=\"100\" srcset=\"https:\/\/www.radiopiu.net\/wordpress\/wp-content\/uploads\/2018\/09\/sport.jpg 800w, https:\/\/www.radiopiu.net\/wordpress\/wp-content\/uploads\/2018\/09\/sport-300x38.jpg 300w, https:\/\/www.radiopiu.net\/wordpress\/wp-content\/uploads\/2018\/09\/sport-768x96.jpg 768w\" sizes=\"auto, (max-width: 800px) 100vw, 800px\" \/><\/a><\/h3>\n<h3><\/h3>\n<h3><\/h3>\n<p>&nbsp;<\/p>\n<h3>SILVIA TOFFANO TORNA SUL GHIACCIO CON IL DOBBIACO<\/h3>\n<p class=\"p1\"><span class=\"s1\"><a class=\"dt-pswp-item\" href=\"https:\/\/www.radiopiu.net\/wordpress\/wp-content\/uploads\/2020\/01\/SILVIA-TOFFANO-DOBBIACO.jpg\" data-dt-img-description=\"\" data-large_image_width=\"1284\" data-large_image_height=\"1030\"><img loading=\"lazy\" decoding=\"async\" class=\"size-medium wp-image-114735 alignleft\" src=\"https:\/\/www.radiopiu.net\/wordpress\/wp-content\/uploads\/2020\/01\/SILVIA-TOFFANO-DOBBIACO-300x241.jpg\" alt=\"\" width=\"300\" height=\"241\" srcset=\"https:\/\/www.radiopiu.net\/wordpress\/wp-content\/uploads\/2020\/01\/SILVIA-TOFFANO-DOBBIACO-300x241.jpg 300w, https:\/\/www.radiopiu.net\/wordpress\/wp-content\/uploads\/2020\/01\/SILVIA-TOFFANO-DOBBIACO-1024x821.jpg 1024w, https:\/\/www.radiopiu.net\/wordpress\/wp-content\/uploads\/2020\/01\/SILVIA-TOFFANO-DOBBIACO-768x616.jpg 768w, https:\/\/www.radiopiu.net\/wordpress\/wp-content\/uploads\/2020\/01\/SILVIA-TOFFANO-DOBBIACO.jpg 1284w\" sizes=\"auto, (max-width: 300px) 100vw, 300px\" \/><\/a>Dopo essere diventata mamma del piccolo Alessandro solo 39 giorni fa, Silvia Toffano torna a calcare il ghiaccio con una nuova squadra. Una nuova avventura per la ex capitana dell\u2019Alleghe Girls che ha deciso di aiutare il Dobbiaco nel campionato italiano femminile di hockey su ghiaccio. <\/span><\/p>\n<p>&nbsp;<\/p>\n<p>&nbsp;<\/p>\n<p>&nbsp;<\/p>\n<p>&nbsp;<\/p>\n<p>&nbsp;<\/p>\n<p class=\"p1\"><strong><span class=\"s1\">SILVIA TOFFANO, GIOCATRICE DEL DOBBIACO<\/span><\/strong><\/p>\n<audio class=\"wp-audio-shortcode\" id=\"audio-114634-10\" preload=\"none\" style=\"width: 100%;\" controls=\"controls\"><source type=\"audio\/mpeg\" src=\"https:\/\/www.radiopiu.net\/wordpress\/wp-content\/uploads\/2020\/01\/SILVIA-TOFFANO-DOBBIACO.mp3?_=10\" \/><a href=\"https:\/\/www.radiopiu.net\/wordpress\/wp-content\/uploads\/2020\/01\/SILVIA-TOFFANO-DOBBIACO.mp3\">https:\/\/www.radiopiu.net\/wordpress\/wp-content\/uploads\/2020\/01\/SILVIA-TOFFANO-DOBBIACO.mp3<\/a><\/audio>\n<p>&nbsp;<\/p>\n<p>&nbsp;<\/p>\n<p>&nbsp;<\/p>\n<hr \/>\n<p>&nbsp;<\/p>\n<p>&nbsp;<\/p>\n<h1>IL FINE SETTIMANA DI CALCIO HOCKEY E VOLLEY<\/h1>\n<blockquote>\n<h1 class=\"p1\"><span class=\"s1\" style=\"color: #ff0000;\"><b>CALCIO<\/b><\/span><\/h1>\n<\/blockquote>\n<p class=\"p1\"><span class=\"s1\"><b>PRIMA CATEGORIA<\/b><\/span><\/p>\n<p class=\"p1\"><span class=\"s1\">FIORI BARP MAS &#8211; SAN MICHELE SALSA 5-0<\/span><\/p>\n<p class=\"p1\"><span class=\"s1\">GOL FIORI BARP: Marsango, Lazzarin, Canova, Fontanive, Kone<\/span><\/p>\n<p class=\"p1\"><span class=\"s1\">Continua la striscia positiva del Fiori Barp Mas che incamera 3 punti nell\u2019appuntamento casalingo con il San Michele Salsa. Tutto facile per la squadra di Sedico che, dopo qualche difficolt\u00e0 nei primi minuti, mette in chiaro le cose e fa bottino pieno. <\/span><\/p>\n<p class=\"p1\"><span class=\"s1\">Poche emozioni nei primi minuti di gara. Le squadre sembrano studiarsi a lungo. Il Fiori Barp si sveglia e al 19\u2019 Marsango ci prova dalla distanza con un. Tiro che si schianta sulla traversa. Il San Michele sta a guardare e subisce le incursioni dei padroni di casa ma nonostante tutto il punteggio non si sblocca. Al 30\u2019 arriva il gol della squadra di De Battista. Tutto parte da un calcio d\u2019angolo basso che arriva a Marsango che di tacco gonfia la rete. A fine primo tempo Lazzarin sigla il raddoppio del Fiori Barp. La ripresa inizia con il terzo gol dei sedicensi grazie ad un colpo di testa di Canova. Il poker arriva al 75\u2019 quando Da Silva serve Fontanive che di testa insacca. Nel finale anche Kone mette la firma nel tabellino marcatori. <\/span><\/p>\n<p class=\"p1\"><span class=\"s1\"><b>ALLIEVI REGIONALI <\/b><\/span><\/p>\n<p class=\"p1\"><span class=\"s1\">LOVISPRESIANO &#8211; UNION SAN GIORGIO 3-0<\/span><\/p>\n<p class=\"p1\"><span class=\"s1\">Nonostante una bella prova, il San Giorgio di mister Tormen torna dalla trasferta in terra trevigiana con una sconfitta pesante. I sedicensi hanno giocato bene ma hanno sofferto le incursioni del Lovispresiano che ha colpito nel momento giusto. Primo tempo che termina 1 a 0 ma con il San Giorgio che sfiora il pareggio. Nella ripresa arriva la seconda rete dei padroni di casa. Ospiti che ci provano ancora ma i trevigiani chiudono la sfida.<\/span><\/p>\n<blockquote>\n<h1 class=\"p1\"><span class=\"s1\" style=\"color: #ff0000;\"><b>HOCKEY<\/b><\/span><\/h1>\n<\/blockquote>\n<p class=\"p1\"><span class=\"s1\"><b>ITALIAN HOCKEY LEAGUE &#8211; QUALIFICATION ROUND<\/b><\/span><\/p>\n<p class=\"p1\"><span class=\"s1\">CALDARO &#8211; ALLEGHE 9-2<\/span><\/p>\n<p class=\"p1\"><span class=\"s1\">PARZIALI: 1-0, 6-1, 2-1<\/span><\/p>\n<p class=\"p1\"><span class=\"s1\">GOL: pt. 13\u201938\u201d Soleva. st. 1\u201951\u201d Massar, 5\u201936\u201d De Don\u00e0, 6\u201920\u201d Felderer, 11\u201915\u201d Andergassen, 14\u201929\u201d e 19\u201932\u201d Wieser, 16\u201922\u201d Giolai. tt. 13\u201932\u201d De Val, 17\u201900\u201d Felderer, 18\u201932\u201d Mattsson<\/span><\/p>\n<p class=\"p1\"><span class=\"s1\">Dopo 15 giorni di stop, l\u2019Alleghe torna in campo e crolla in terra altoatesina. La compagine allenata da Matikainen tiene botta per un tempo poi spegne la luce nella seconda frazione quando il Caldaro mette a segno un gol dopo l\u2019altro. Una sconfitta che brucia in vista dei prossimi impegni degli agordini. Le civette sono costrette a non sbagliare pi\u00f9 per assicurarsi uno dei due posti disponibili per la qualificazione ai quarti.<\/span><\/p>\n<p class=\"p1\"><span class=\"s1\">Primi minuti con le civette in attacco. L\u2019Alleghe ci prova con una superiorit\u00e0 numerica ma Morandel non lascia passare un disco. Agordini che continuano ad attaccare ma senza trovare il gol che sblocca la partita. Nel momento migliore degli uomini di Matikainen, il Caldaro va a segno. \u00c8 Soelva che beffa Scola con un polsino dalla media distanza. Prendono coraggio gli altoatesini che nel finale mette di nuovo in difficolt\u00e0 la difesa alleghese. Secondo drittel che comincia con il Caldaro che sigla la rete del raddoppio. Confusione in fase difensiva e Massar che beffa Scola a porta praticamente sguarnita. L\u2019Alleghe spegne la luce e nel giro di pochi minuti subisce altri due gol. Agordini che provano a reagire ma i padroni di casa trovano la quinta marcatura con Andergassen. I ragazzi di Matikainen sembrano in crisi e il Caldaro chiude la sfida mettendo a segno il sesto gol della serata. Cala il ritmo della squadra altoatesina e Giolai accorcia le distanze. A fine secondo tempo arriva la doppietta di Wieser. Terzo tempo senza emozioni con le squadre che non sembrano impegnarsi pi\u00f9 di tanto. De Val trova la seconda marcatura per gli agordini ma a chiudere la partita ci pensa Felderer a 3\u2019 dal termine e Mattsson poco dopo.<\/span><\/p>\n<p class=\"p1\"><span class=\"s1\"><b>UNDER 19<\/b><\/span><\/p>\n<p class=\"p1\"><span class=\"s1\">ALLEGHE &#8211; APPIANO 2-3 dtr<\/span><\/p>\n<p class=\"p1\"><span class=\"s1\">PARZIALI: 1-1, 0-0, 1-1, 0-0, 0-1<\/span><\/p>\n<p class=\"p1\"><span class=\"s1\">GOL ALLEGHE: pt. De Silvestro. tt. Deluca<\/span><\/p>\n<p class=\"p1\"><span class=\"s1\">Ci sono voluti i tiri di rigore per decidere la vincitrice della sfida tra Alleghe e Appiano. Ad avere la meglio gli altoatesini che al De Toni si sono dimostrati pi\u00f9 pericolosi specialmente nella terza frazione. Appiano che passa in vantaggio e civette che rispondono subito con De Silvestro. Reti bianche nel drittel centrale e terzo tempo con gli agordini che passano in vantaggio per poi farsi agguantare poco dopo. Si va all\u2019overtime e poi ai rigori dove l\u2019Appiano trova il gol mentre l\u2019Alleghe rimane a bocca asciutta.<\/span><\/p>\n<p class=\"p1\"><span class=\"s1\"><b>UNDER 17 <\/b><\/span><\/p>\n<p class=\"p1\"><span class=\"s1\">FASSA\/ALLEGHE &#8211; BOLZANO 0-3<\/span><\/p>\n<p class=\"p1\"><span class=\"s1\">PARZIALI: 0-1, 0-1, 0-1<\/span><\/p>\n<p class=\"p1\"><span class=\"s1\">Ennesima sconfitta per la squadra mista del Fassa\/Alleghe che ad Alba di Canazei crolla contro il Bolzano. Padroni di casa mai stati in partita e bolzanini che dominano la sfida per tutti i 60 minuti. Tre parziali in fotocopia per le volpi e Fassa\/Alleghe che continua il suo periodo nero nel campionato.<\/span><\/p>\n<p class=\"p1\"><span class=\"s1\"><b>UNDER 15 \/ COPPA ITALIA<\/b><\/span><\/p>\n<p class=\"p1\"><span class=\"s1\">ALLEGHE &#8211; FIEMME 1-12<\/span><\/p>\n<p class=\"p1\"><span class=\"s1\">Il Fiemme fa doppia cifra al De Toni di Alleghe sotterrando di gol le civette nella partita valida per la qualificazione della Coppa Italia. Un Alleghe che fin\u2019ora non ha avuto risultati positivi ne in campionato ne in coppa. <\/span><\/p>\n<p class=\"p1\"><span class=\"s1\"><b>UNDER 13 \/ DOLOMITI CUP<\/b><\/span><\/p>\n<p class=\"p1\"><span class=\"s1\">ALLEGHE\/ALTA BADIA &#8211; GARDENA 7-1<\/span><\/p>\n<p class=\"p1\"><span class=\"s1\">Goelada dell\u2019Alleghe under 13 che al de Toni vince con facilit\u00e0 contro il Gardena. Bella prestazione delle civette che con una sconfitta e 3 vittorie si trova in testa al girone della Dolimiti Cup assieme al Caldaro. <\/span><\/p>\n<blockquote>\n<h1 class=\"p1\"><span class=\"s1\" style=\"color: #ff0000;\"><b>VOLLEY<\/b><\/span><\/h1>\n<\/blockquote>\n<p class=\"p1\"><span class=\"s1\"><b>CAMPIONATO TERZA DIVISIONE<\/b><\/span><\/p>\n<p class=\"p1\"><span class=\"s1\">CADORE &#8211; VOLLEY CLUB AGORDINO 0-3<\/span><\/p>\n<p class=\"p1\"><span class=\"s1\">PARZIALI: 24-26, 16-25, 25-27<\/span><\/p>\n<p class=\"p1\"><span class=\"s1\">Il Volley Club Agordino ritorna dalla trasferta cadorina con 3 punti e la prima posizione in classifica. Splendida prestazione delle ragazze di De Nardin che contro la diretta avversaria Cadore non perde un set confermandosi squadra da battere nel campionato di Terza Divisione. Primo parziale combattuto con le squadre che se la giocano punto a punto. Volley Club Agordino che fa la voce grossa nel set centrale rifilando ben 9 punti al Cadore. Terzo tempo ancora combattuto con le agordine che vincono incamerando i 3 punti conquistando anche la testa della classifica.<\/span><\/p>\n<p class=\"p1\"><span class=\"s1\"><b>UNDER 16 TERZA DIVISIONE<\/b><\/span><\/p>\n<p class=\"p1\"><span class=\"s1\">NERVESA &#8211; VOLLEY CLUB AGORDINO 3-0<\/span><\/p>\n<p class=\"p1\"><span class=\"s1\">PARZIALI: 25-11, 25-20, 25-21<\/span><\/p>\n<p class=\"p1\"><span class=\"s1\">Ancora una sconfitta per il settore giovanile del Volley Club Agordino. Trasferta amara in terra trevigiana con il Nervesa che batte le agordine con un secco 3 a 0. Match che \u00e8 iniziato male per la squadra di Agordo che ha provato a reagire senza per\u00f2 trovare la strada per mettere in difficolt\u00e0 l\u2019avversario.<\/span><\/p>\n<p>&nbsp;<\/p>\n<p>&nbsp;<\/p>\n<p>&nbsp;<\/p>\n<hr \/>\n<p>&nbsp;<\/p>\n<p>&nbsp;<\/p>\n<p>&nbsp;<\/p>\n<blockquote class=\"wp-embedded-content\" data-secret=\"EZR1a29lvk\"><p><a href=\"https:\/\/www.radiopiu.net\/wordpress\/elia-barpuna-promessa-dello-sci-di-fondo-dello-ski-college\/\">ELIA BARP\u2026UNA PROMESSA DELLO SCI DI FONDO DELLO SKI COLLEGE<\/a><\/p><\/blockquote>\n<p><iframe loading=\"lazy\" title=\"&#8220;ELIA BARP\u2026UNA PROMESSA DELLO SCI DI FONDO DELLO SKI COLLEGE&#8221; &#8212; Radio Pi\u00f9\" class=\"wp-embedded-content\" sandbox=\"allow-scripts\" security=\"restricted\" style=\"position: absolute; clip: rect(1px, 1px, 1px, 1px);\" src=\"https:\/\/www.radiopiu.net\/wordpress\/elia-barpuna-promessa-dello-sci-di-fondo-dello-ski-college\/embed\/#?secret=EZR1a29lvk\" data-secret=\"EZR1a29lvk\" width=\"600\" height=\"338\" frameborder=\"0\" marginwidth=\"0\" marginheight=\"0\" scrolling=\"no\"><\/iframe><\/p>\n<h3><\/h3>\n<h3><\/h3>\n<h3><a class=\"dt-pswp-item\" href=\"http:\/\/www.radiopiu.net\/wordpress\/wp-content\/uploads\/2018\/09\/WhatsApp-Image-2018-09-20-at-16.04.06.jpeg\" data-dt-img-description=\"\" data-large_image_width=\"800\" data-large_image_height=\"100\"><img loading=\"lazy\" decoding=\"async\" class=\"wp-image-61378 size-full aligncenter\" src=\"http:\/\/www.radiopiu.net\/wordpress\/wp-content\/uploads\/2018\/09\/WhatsApp-Image-2018-09-20-at-16.04.06.jpeg\" alt=\"\" width=\"800\" height=\"100\" srcset=\"https:\/\/www.radiopiu.net\/wordpress\/wp-content\/uploads\/2018\/09\/WhatsApp-Image-2018-09-20-at-16.04.06.jpeg 800w, https:\/\/www.radiopiu.net\/wordpress\/wp-content\/uploads\/2018\/09\/WhatsApp-Image-2018-09-20-at-16.04.06-300x38.jpeg 300w, https:\/\/www.radiopiu.net\/wordpress\/wp-content\/uploads\/2018\/09\/WhatsApp-Image-2018-09-20-at-16.04.06-768x96.jpeg 768w\" sizes=\"auto, (max-width: 800px) 100vw, 800px\" \/><\/a><\/h3>\n<p style=\"text-align: center;\"><b>Lunedi 27<\/b><\/p>\n<p style=\"text-align: center;\"><b>Tempo atteso:\u00a0<\/b>Tempo piuttosto soleggiato al mattino con solo qualche possibile nube alta in transito. Al pomeriggio tendenza ad aumento della nuvolosit\u00e0, ulteriore verso sera, quando il cielo tender\u00e0 a coprirsi a partire dalle Prealpi occidentali, anche con qualche possibile debolissimo fenomeno nella notte. Clima diurno relativamente mite.<br \/>\n<b>Precipitazioni:\u00a0<\/b>Assenti (0%) salvo possibili prime deboli precipitazioni in tarda serata, soprattutto su Prealpi veronesi (20\/30%).<br \/>\n<b>Temperature:\u00a0<\/b>Nelle valli minime in calo e massime in lieve aumento; in quota senza variazioni di rilievo. Su Prealpi a 1500 m min -1\u00b0C max 3\u00b0C, a 2000 m min -2\u00b0C max -1\u00b0C. Su Dolomiti a 2000 m min -3\u00b0C max -1\u00b0C, a 3000 m min -9\u00b0C max -6\u00b0C.<br \/>\n<b>Venti:\u00a0<\/b>Nelle valli deboli-variabili; in quota al mattino deboli\/moderati da ovest nord-ovest, poi nel pomeriggio-sera in intensificazione e rotazione a ovest sud-ovest, fino a tesi o forti in serata, a 10-40 km\/h a 2000 m, 15-55 km\/h a 3000 m.<\/p>\n<hr \/>\n<p style=\"text-align: center;\"><b>Martedi 28<\/b><\/p>\n<p style=\"text-align: center;\"><b>Tempo atteso:\u00a0<\/b>Nella notte e al mattino lieve maltempo, con cielo molto nuvoloso o coperto e deboli fenomeni. Nelle ore centrali nuvolosit\u00e0 irregolare, in attenuazione cos\u00ec come le precipitazioni, anche se sulle Dolomiti ci potrebbe essere una modesta ripresa dei fenomeni al pomeriggio\/sera. Clima freddo di stampo invernale.<br \/>\n<b>Precipitazioni:\u00a0<\/b>Nella notte e al mattino deboli fenomeni diffusi (70\/80%), con limite delle deboli nevicate a 1000\/1200 m sulle aree aperte delle Prealpi, localmente fino a fondovalle nei settori interni pi\u00f9 freddi e in buona parte delle valli dolomitiche, con tendenza a lieve rialzo del limite in caso di comparsa di qualche schiarita mattutina. Al pomeriggio perlopi\u00f9 assenti sulle Prealpi, in possibile temporanea ripresa sulle Dolomiti verso sera (40\/60%). In 24 ore saranno possibili 3\/8 mm, con altrettanti cm di neve fresca oltre i 1000\/1300 m.<br \/>\n<b>Temperature:\u00a0<\/b>Minime in aumento nelle valli, in calo in quota alla sera; massime in calo. Su Prealpi a 1500 m min -2\u00b0C max 0\u00b0C, a 2000 m min -4\u00b0C max -2\u00b0C. Su Dolomiti a 2000 m min -5\u00b0C max -3\u00b0C, a 3000 m min -13\u00b0C max -8\u00b0C.<br \/>\n<b>Venti:\u00a0<\/b>Nelle valli deboli meridionali; in quota tesi o forti sud-occidentali, a 20-40 km\/h a 2000 m, 45-60 km\/h a 3000 m.<\/p>\n<hr \/>\n<p style=\"text-align: center;\"><b>Mercoledi 29<\/b><\/p>\n<p style=\"text-align: center;\">Dopo una residua nuvolosit\u00e0 irregolare sulle Dolomiti, anche con qualche sporadica burrasca fino al primo mattino, in giornata il cielo sar\u00e0 perlopi\u00f9 sereno o poco nuvoloso, con aria tersa ed ottima visibilit\u00e0. Clima freddo al mattino con estese gelate su tutti i settori, un po&#8217; pi\u00f9 mite in giornata nei settori pi\u00f9 assolati. Venti moderati-tesi nord-occidentali in quota.<\/p>\n<hr \/>\n<p style=\"text-align: center;\"><b>Giovedi 30<\/b><\/p>\n<p style=\"text-align: center;\">Tempo solo in parte soleggiato, con estesa nuvolosit\u00e0 alta nelle ore centrali, che limiter\u00e0 il soleggiamento a tratti in maniera sensibile. Clima relativamente freddo, ma con minime in possibile aumento. Venti nord-occidentali in quota. Previsore: G.M<\/p>\n","protected":false},"excerpt":{"rendered":"<p>Per ricevere gli aggiornamenti in tempo reale delle notizie pubblicate alla radio e sul sito di radio pi\u00f9 iscriviti al canale RADIO PIU INFORMAZIONE su Telegram.\u00a0 clicca qui &nbsp; &nbsp; &nbsp; &nbsp; OGGI, STRADE CHIUSE\u00a0 AGORDO Anche questa mattina disagi lungo la regionale 203 agordina in localit\u00e0 La Muda dove si sono staccati altri blocchi&hellip;<\/p>\n","protected":false},"author":1,"featured_media":114697,"comment_status":"closed","ping_status":"closed","sticky":false,"template":"","format":"standard","meta":{"_monsterinsights_skip_tracking":false,"_monsterinsights_sitenote_active":false,"_monsterinsights_sitenote_note":"","_monsterinsights_sitenote_category":0,"footnotes":""},"categories":[1,51,86],"tags":[],"class_list":["post-114634","post","type-post","status-publish","format-standard","has-post-thumbnail","hentry","category-senza-categoria","category-evidenza-top","category-gr","category-1","category-51","category-86","description-off"],"img_url":"https:\/\/www.radiopiu.net\/wordpress\/wp-content\/uploads\/2020\/01\/WhatsApp-Image-2020-01-26-at-10.38.54.jpeg","_links":{"self":[{"href":"https:\/\/www.radiopiu.net\/wordpress\/wp-json\/wp\/v2\/posts\/114634","targetHints":{"allow":["GET"]}}],"collection":[{"href":"https:\/\/www.radiopiu.net\/wordpress\/wp-json\/wp\/v2\/posts"}],"about":[{"href":"https:\/\/www.radiopiu.net\/wordpress\/wp-json\/wp\/v2\/types\/post"}],"author":[{"embeddable":true,"href":"https:\/\/www.radiopiu.net\/wordpress\/wp-json\/wp\/v2\/users\/1"}],"replies":[{"embeddable":true,"href":"https:\/\/www.radiopiu.net\/wordpress\/wp-json\/wp\/v2\/comments?post=114634"}],"version-history":[{"count":0,"href":"https:\/\/www.radiopiu.net\/wordpress\/wp-json\/wp\/v2\/posts\/114634\/revisions"}],"wp:featuredmedia":[{"embeddable":true,"href":"https:\/\/www.radiopiu.net\/wordpress\/wp-json\/wp\/v2\/media\/114697"}],"wp:attachment":[{"href":"https:\/\/www.radiopiu.net\/wordpress\/wp-json\/wp\/v2\/media?parent=114634"}],"wp:term":[{"taxonomy":"category","embeddable":true,"href":"https:\/\/www.radiopiu.net\/wordpress\/wp-json\/wp\/v2\/categories?post=114634"},{"taxonomy":"post_tag","embeddable":true,"href":"https:\/\/www.radiopiu.net\/wordpress\/wp-json\/wp\/v2\/tags?post=114634"}],"curies":[{"name":"wp","href":"https:\/\/api.w.org\/{rel}","templated":true}]}}