{"id":114636,"date":"2020-01-25T23:59:06","date_gmt":"2020-01-25T22:59:06","guid":{"rendered":"https:\/\/www.radiopiu.net\/wordpress\/?p=114636"},"modified":"2020-01-26T13:07:59","modified_gmt":"2020-01-26T12:07:59","slug":"elia-barpuna-promessa-dello-sci-di-fondo-dello-ski-college","status":"publish","type":"post","link":"https:\/\/www.radiopiu.net\/wordpress\/elia-barpuna-promessa-dello-sci-di-fondo-dello-ski-college\/","title":{"rendered":"ELIA BARP\u2026UNA PROMESSA DELLO SCI DI FONDO DELLO SKI COLLEGE"},"content":{"rendered":"<p class=\"p1\"><span class=\"s1\"><a class=\"dt-pswp-item\" href=\"https:\/\/www.radiopiu.net\/wordpress\/wp-content\/uploads\/2020\/01\/WhatsApp-Image-2020-01-25-at-12.05.03-1.jpeg\" data-dt-img-description=\"\" data-large_image_width=\"739\" data-large_image_height=\"1600\"><img loading=\"lazy\" decoding=\"async\" class=\"size-medium wp-image-114637 alignleft\" src=\"https:\/\/www.radiopiu.net\/wordpress\/wp-content\/uploads\/2020\/01\/WhatsApp-Image-2020-01-25-at-12.05.03-1-139x300.jpeg\" alt=\"\" width=\"139\" height=\"300\" srcset=\"https:\/\/www.radiopiu.net\/wordpress\/wp-content\/uploads\/2020\/01\/WhatsApp-Image-2020-01-25-at-12.05.03-1-139x300.jpeg 139w, https:\/\/www.radiopiu.net\/wordpress\/wp-content\/uploads\/2020\/01\/WhatsApp-Image-2020-01-25-at-12.05.03-1-473x1024.jpeg 473w, https:\/\/www.radiopiu.net\/wordpress\/wp-content\/uploads\/2020\/01\/WhatsApp-Image-2020-01-25-at-12.05.03-1-709x1536.jpeg 709w, https:\/\/www.radiopiu.net\/wordpress\/wp-content\/uploads\/2020\/01\/WhatsApp-Image-2020-01-25-at-12.05.03-1.jpeg 739w\" sizes=\"auto, (max-width: 139px) 100vw, 139px\" \/><\/a><a class=\"dt-pswp-item\" href=\"https:\/\/www.radiopiu.net\/wordpress\/wp-content\/uploads\/2020\/01\/WhatsApp-Image-2020-01-25-at-12.05.01.jpeg\" data-dt-img-description=\"\" data-large_image_width=\"768\" data-large_image_height=\"1024\"><img loading=\"lazy\" decoding=\"async\" class=\"size-medium wp-image-114640 alignright\" src=\"https:\/\/www.radiopiu.net\/wordpress\/wp-content\/uploads\/2020\/01\/WhatsApp-Image-2020-01-25-at-12.05.01-225x300.jpeg\" alt=\"\" width=\"225\" height=\"300\" srcset=\"https:\/\/www.radiopiu.net\/wordpress\/wp-content\/uploads\/2020\/01\/WhatsApp-Image-2020-01-25-at-12.05.01-225x300.jpeg 225w, https:\/\/www.radiopiu.net\/wordpress\/wp-content\/uploads\/2020\/01\/WhatsApp-Image-2020-01-25-at-12.05.01.jpeg 768w\" sizes=\"auto, (max-width: 225px) 100vw, 225px\" \/><\/a>In settimana abbiamo parlato della squadra azzurra che a Losanna \u00e8 riuscita a conquistare una medaglia di bronzo alle Olimpiadi Giovanili. Una medaglia che \u00e8 arrivata grazie alla bella prestazione di Elia Barp che nella sua frazione della staffetta \u00e8 risuscito a recuperare il gap che gli italiani avevano dal gradino pi\u00f9 basso del podio. Una bella prestazione per il giovane che si sta allenando con lo Ski College di Falcade. Elia per\u00f2 non ha iniziato la sua carriera sportiva con gli sci stretti. Il ragazzo di Trichiana aveva iniziato all\u2019et\u00e0 di 6 anni con la bicicletta. La sua passione era il ciclismo tanto che fino agli Allievi era tra le fila dell\u2019Unione Ciclistica Foen di Feltre. Per lui sono arrivato anche dei buoni risultati sulle due ruote. All\u2019et\u00e0 di 11 anni per\u00f2 ha deciso di cambiare sport passando allo sci nordico con i primi passi nel Gruppo Sportivo Castionese. Da qui la decisione di iscriversi allo Ski College di Falcade. In questo momento frequenta la quarta liceo scientifico sportivo ad Agordo. Il connubio scuola-sport ha portato Elia ad avere dei continui e costanti progressi crescendo fino ad ottenere degli ottimi risultati. Da questa stagione Barp fa parte del Gruppo Sportivo Fiamme Gialle. \u201cDobbiamo ringraziare tutti quelli che lo stanno aiutando in questa avventura &#8211; dice la mamma &#8211; in particolar modo Omar Genuin con il quale si sono intesi fin da subito. Un grazie anche a Marco Rubin e Vincenzo Mininni del Pro Shop Rossignol che da alcuni anni lo stanno aiutando con i materiali\u201d. Lo scorso anno Elia aveva chiuso la stagione vincendo la classifica generale della Coppa Veneto. Quest\u2019anno un buon inizio ma la cilieggina sulla torta sicuramente \u00e8 stata la staffetta di questa settimana.<\/span><\/p>\n<p><strong>LE FOTO DI LOSANNA<\/strong><\/p>\n\n\t\t\t<style type='text\/css'>\n\t\t\t\t#gallery-1 {\n\t\t\t\t\tmargin: auto;\n\t\t\t\t}\n\t\t\t\t#gallery-1 .gallery-item {\n\t\t\t\t\tfloat: left;\n\t\t\t\t\tmargin-top: 10px;\n\t\t\t\t\ttext-align: center;\n\t\t\t\t\twidth: 50%;\n\t\t\t\t}\n\t\t\t\t#gallery-1 img {\n\t\t\t\t\tborder: 2px solid #cfcfcf;\n\t\t\t\t}\n\t\t\t\t#gallery-1 .gallery-caption {\n\t\t\t\t\tmargin-left: 0;\n\t\t\t\t}\n\t\t\t\t\/* see gallery_shortcode() in wp-includes\/media.php *\/\n\t\t\t<\/style>\n\t\t<div id='gallery-1' class='dt-gallery-container gallery galleryid-114636 gallery-columns-2 gallery-size-medium'><dl class='gallery-item'>\n\t\t\t\t<dt class='gallery-icon landscape'>\n\t\t\t\t\t<a class=\"rollover\" href='https:\/\/www.radiopiu.net\/wordpress\/elia-barpuna-promessa-dello-sci-di-fondo-dello-ski-college\/whatsapp-image-2020-01-25-at-12-05-03\/'><img loading=\"lazy\" decoding=\"async\" width=\"300\" height=\"215\" src=\"https:\/\/www.radiopiu.net\/wordpress\/wp-content\/uploads\/2020\/01\/WhatsApp-Image-2020-01-25-at-12.05.03-300x215.jpeg\" class=\"attachment-medium size-medium\" alt=\"\" srcset=\"https:\/\/www.radiopiu.net\/wordpress\/wp-content\/uploads\/2020\/01\/WhatsApp-Image-2020-01-25-at-12.05.03-300x215.jpeg 300w, https:\/\/www.radiopiu.net\/wordpress\/wp-content\/uploads\/2020\/01\/WhatsApp-Image-2020-01-25-at-12.05.03-1024x733.jpeg 1024w, https:\/\/www.radiopiu.net\/wordpress\/wp-content\/uploads\/2020\/01\/WhatsApp-Image-2020-01-25-at-12.05.03-768x550.jpeg 768w, https:\/\/www.radiopiu.net\/wordpress\/wp-content\/uploads\/2020\/01\/WhatsApp-Image-2020-01-25-at-12.05.03.jpeg 1080w\" sizes=\"auto, (max-width: 300px) 100vw, 300px\" \/><\/a>\n\t\t\t\t<\/dt><\/dl><dl class='gallery-item'>\n\t\t\t\t<dt class='gallery-icon landscape'>\n\t\t\t\t\t<a class=\"rollover\" href='https:\/\/www.radiopiu.net\/wordpress\/elia-barpuna-promessa-dello-sci-di-fondo-dello-ski-college\/whatsapp-image-2020-01-25-at-12-05-02\/'><img loading=\"lazy\" decoding=\"async\" width=\"300\" height=\"225\" src=\"https:\/\/www.radiopiu.net\/wordpress\/wp-content\/uploads\/2020\/01\/WhatsApp-Image-2020-01-25-at-12.05.02-300x225.jpeg\" class=\"attachment-medium size-medium\" alt=\"\" srcset=\"https:\/\/www.radiopiu.net\/wordpress\/wp-content\/uploads\/2020\/01\/WhatsApp-Image-2020-01-25-at-12.05.02-300x225.jpeg 300w, https:\/\/www.radiopiu.net\/wordpress\/wp-content\/uploads\/2020\/01\/WhatsApp-Image-2020-01-25-at-12.05.02-1024x768.jpeg 1024w, https:\/\/www.radiopiu.net\/wordpress\/wp-content\/uploads\/2020\/01\/WhatsApp-Image-2020-01-25-at-12.05.02-768x576.jpeg 768w, https:\/\/www.radiopiu.net\/wordpress\/wp-content\/uploads\/2020\/01\/WhatsApp-Image-2020-01-25-at-12.05.02.jpeg 1080w\" sizes=\"auto, (max-width: 300px) 100vw, 300px\" \/><\/a>\n\t\t\t\t<\/dt><\/dl><br style=\"clear: both\" \/>\n\t\t\t<\/div>\n\n<p>&nbsp;<\/p>\n<h3><span style=\"color: #ff00ff;\">Per ricevere gli aggiornamenti in tempo reale delle notizie pubblicate alla radio e sul sito di radio pi\u00f9 iscriviti al canale RADIO PIU INFORMAZIONE su <span style=\"color: #0000ff;\">Telegram<\/span>.\u00a0<span style=\"color: #000000;\"> <a style=\"color: #000000;\" href=\"https:\/\/t.me\/radiopiu\">clicca qui<\/a><\/span><\/span><\/h3>\n","protected":false},"excerpt":{"rendered":"<p>In settimana abbiamo parlato della squadra azzurra che a Losanna \u00e8 riuscita a conquistare una medaglia di bronzo alle Olimpiadi Giovanili. Una medaglia che \u00e8 arrivata grazie alla bella prestazione di Elia Barp che nella sua frazione della staffetta \u00e8 risuscito a recuperare il gap che gli italiani avevano dal gradino pi\u00f9 basso del podio.&hellip;<\/p>\n","protected":false},"author":4,"featured_media":114640,"comment_status":"closed","ping_status":"closed","sticky":false,"template":"","format":"standard","meta":{"_monsterinsights_skip_tracking":false,"_monsterinsights_sitenote_active":false,"_monsterinsights_sitenote_note":"","_monsterinsights_sitenote_category":0,"footnotes":""},"categories":[104,49,72],"tags":[],"class_list":["post-114636","post","type-post","status-publish","format-standard","has-post-thumbnail","hentry","category-evidenza_3","category-news-18","category-sport","category-104","category-49","category-72","description-off"],"img_url":"https:\/\/www.radiopiu.net\/wordpress\/wp-content\/uploads\/2020\/01\/WhatsApp-Image-2020-01-25-at-12.05.01.jpeg","_links":{"self":[{"href":"https:\/\/www.radiopiu.net\/wordpress\/wp-json\/wp\/v2\/posts\/114636","targetHints":{"allow":["GET"]}}],"collection":[{"href":"https:\/\/www.radiopiu.net\/wordpress\/wp-json\/wp\/v2\/posts"}],"about":[{"href":"https:\/\/www.radiopiu.net\/wordpress\/wp-json\/wp\/v2\/types\/post"}],"author":[{"embeddable":true,"href":"https:\/\/www.radiopiu.net\/wordpress\/wp-json\/wp\/v2\/users\/4"}],"replies":[{"embeddable":true,"href":"https:\/\/www.radiopiu.net\/wordpress\/wp-json\/wp\/v2\/comments?post=114636"}],"version-history":[{"count":0,"href":"https:\/\/www.radiopiu.net\/wordpress\/wp-json\/wp\/v2\/posts\/114636\/revisions"}],"wp:featuredmedia":[{"embeddable":true,"href":"https:\/\/www.radiopiu.net\/wordpress\/wp-json\/wp\/v2\/media\/114640"}],"wp:attachment":[{"href":"https:\/\/www.radiopiu.net\/wordpress\/wp-json\/wp\/v2\/media?parent=114636"}],"wp:term":[{"taxonomy":"category","embeddable":true,"href":"https:\/\/www.radiopiu.net\/wordpress\/wp-json\/wp\/v2\/categories?post=114636"},{"taxonomy":"post_tag","embeddable":true,"href":"https:\/\/www.radiopiu.net\/wordpress\/wp-json\/wp\/v2\/tags?post=114636"}],"curies":[{"name":"wp","href":"https:\/\/api.w.org\/{rel}","templated":true}]}}