{"id":114751,"date":"2020-01-27T10:00:30","date_gmt":"2020-01-27T09:00:30","guid":{"rendered":"https:\/\/www.radiopiu.net\/wordpress\/?p=114751"},"modified":"2020-01-27T09:09:37","modified_gmt":"2020-01-27T08:09:37","slug":"i-sommersi-e-i-salvati","status":"publish","type":"post","link":"https:\/\/www.radiopiu.net\/wordpress\/i-sommersi-e-i-salvati\/","title":{"rendered":"I SOMMERSI E I SALVATI"},"content":{"rendered":"<p>I SOMMERSI E I SALVATI, \u201c\u00c8 avvenuto, quindi pu\u00f2 accadere di nuovo: questo \u00e8 il nocciolo di quanto abbiamo da dire.\u201d. Primo Levi;<\/p>\n<audio class=\"wp-audio-shortcode\" id=\"audio-114751-1\" preload=\"none\" style=\"width: 100%;\" controls=\"controls\"><source type=\"audio\/mpeg\" src=\"https:\/\/www.radiopiu.net\/wordpress\/wp-content\/uploads\/2020\/01\/DUE-MINUTI-LUN-2.mp3?_=1\" \/><a href=\"https:\/\/www.radiopiu.net\/wordpress\/wp-content\/uploads\/2020\/01\/DUE-MINUTI-LUN-2.mp3\">https:\/\/www.radiopiu.net\/wordpress\/wp-content\/uploads\/2020\/01\/DUE-MINUTI-LUN-2.mp3<\/a><\/audio>\n","protected":false},"excerpt":{"rendered":"<p>I SOMMERSI E I SALVATI, \u201c\u00c8 avvenuto, quindi pu\u00f2 accadere di nuovo: questo \u00e8 il nocciolo di quanto abbiamo da dire.\u201d. Primo Levi;<\/p>\n","protected":false},"author":1,"featured_media":114752,"comment_status":"closed","ping_status":"closed","sticky":false,"template":"","format":"standard","meta":{"_monsterinsights_skip_tracking":false,"_monsterinsights_sitenote_active":false,"_monsterinsights_sitenote_note":"","_monsterinsights_sitenote_category":0,"footnotes":""},"categories":[116],"tags":[],"class_list":["post-114751","post","type-post","status-publish","format-standard","has-post-thumbnail","hentry","category-due-minuti","category-116","description-off"],"img_url":"https:\/\/www.radiopiu.net\/wordpress\/wp-content\/uploads\/2020\/01\/sommersi-salvati.jpeg","_links":{"self":[{"href":"https:\/\/www.radiopiu.net\/wordpress\/wp-json\/wp\/v2\/posts\/114751","targetHints":{"allow":["GET"]}}],"collection":[{"href":"https:\/\/www.radiopiu.net\/wordpress\/wp-json\/wp\/v2\/posts"}],"about":[{"href":"https:\/\/www.radiopiu.net\/wordpress\/wp-json\/wp\/v2\/types\/post"}],"author":[{"embeddable":true,"href":"https:\/\/www.radiopiu.net\/wordpress\/wp-json\/wp\/v2\/users\/1"}],"replies":[{"embeddable":true,"href":"https:\/\/www.radiopiu.net\/wordpress\/wp-json\/wp\/v2\/comments?post=114751"}],"version-history":[{"count":0,"href":"https:\/\/www.radiopiu.net\/wordpress\/wp-json\/wp\/v2\/posts\/114751\/revisions"}],"wp:featuredmedia":[{"embeddable":true,"href":"https:\/\/www.radiopiu.net\/wordpress\/wp-json\/wp\/v2\/media\/114752"}],"wp:attachment":[{"href":"https:\/\/www.radiopiu.net\/wordpress\/wp-json\/wp\/v2\/media?parent=114751"}],"wp:term":[{"taxonomy":"category","embeddable":true,"href":"https:\/\/www.radiopiu.net\/wordpress\/wp-json\/wp\/v2\/categories?post=114751"},{"taxonomy":"post_tag","embeddable":true,"href":"https:\/\/www.radiopiu.net\/wordpress\/wp-json\/wp\/v2\/tags?post=114751"}],"curies":[{"name":"wp","href":"https:\/\/api.w.org\/{rel}","templated":true}]}}