{"id":114789,"date":"2020-01-27T13:40:06","date_gmt":"2020-01-27T12:40:06","guid":{"rendered":"https:\/\/www.radiopiu.net\/wordpress\/?p=114789"},"modified":"2020-01-27T13:40:39","modified_gmt":"2020-01-27T12:40:39","slug":"insufficienza-cardiaca-melanoma-ipertensione-polmonare","status":"publish","type":"post","link":"https:\/\/www.radiopiu.net\/wordpress\/insufficienza-cardiaca-melanoma-ipertensione-polmonare\/","title":{"rendered":"Insufficienza cardiaca &#8211; melanoma &#8211; Ipertensione polmonare"},"content":{"rendered":"<p>in questa edizione:<br \/>\nDapagliflozin nell\u2019insufficienza cardiaca cronica<br \/>\nPembrolizumab per il trattamento del melanoma<br \/>\nIpertensione polmonare, Perch\u00e8 partire con una terapia di associazione<br \/>\nInterviste:<\/p>\n<p>Pasquale Perrone Filardi, Ordinario di cardiologia, Universit\u00e0 degli Studi di Napoli Federico II e Presidente eletto della Societ\u00e0 Italiana di Cardiologia (SIC)<br \/>\nMario Mandal\u00e0, Unit\u00e0 di Oncologia dell\u2019Ospedale Papa Giovanni XXIII, Bergamo<br \/>\nEmanuele Romeo, Unit\u00e0 Ipertensione Polmonare, Ospedale Monaldi, Napoli<\/p>\n<audio class=\"wp-audio-shortcode\" id=\"audio-114789-1\" preload=\"none\" style=\"width: 100%;\" controls=\"controls\"><source type=\"audio\/mpeg\" src=\"https:\/\/www.radiopiu.net\/wordpress\/wp-content\/uploads\/2020\/01\/cs_200127.mp3?_=1\" \/><a href=\"https:\/\/www.radiopiu.net\/wordpress\/wp-content\/uploads\/2020\/01\/cs_200127.mp3\">https:\/\/www.radiopiu.net\/wordpress\/wp-content\/uploads\/2020\/01\/cs_200127.mp3<\/a><\/audio>\n","protected":false},"excerpt":{"rendered":"<p>in questa edizione: Dapagliflozin nell\u2019insufficienza cardiaca cronica Pembrolizumab per il trattamento del melanoma Ipertensione polmonare, Perch\u00e8 partire con una terapia di associazione Interviste: Pasquale Perrone Filardi, Ordinario di cardiologia, Universit\u00e0 degli Studi di Napoli Federico II e Presidente eletto della Societ\u00e0 Italiana di Cardiologia (SIC) Mario Mandal\u00e0, Unit\u00e0 di Oncologia dell\u2019Ospedale Papa Giovanni XXIII, Bergamo&hellip;<\/p>\n","protected":false},"author":1,"featured_media":114790,"comment_status":"closed","ping_status":"closed","sticky":false,"template":"","format":"standard","meta":{"_monsterinsights_skip_tracking":false,"_monsterinsights_sitenote_active":false,"_monsterinsights_sitenote_note":"","_monsterinsights_sitenote_category":0,"footnotes":""},"categories":[87],"tags":[],"class_list":["post-114789","post","type-post","status-publish","format-standard","has-post-thumbnail","hentry","category-salutesocieta","category-87","description-off"],"img_url":"https:\/\/www.radiopiu.net\/wordpress\/wp-content\/uploads\/2020\/01\/Schermata-2020-01-27-alle-09.58.56.png","_links":{"self":[{"href":"https:\/\/www.radiopiu.net\/wordpress\/wp-json\/wp\/v2\/posts\/114789","targetHints":{"allow":["GET"]}}],"collection":[{"href":"https:\/\/www.radiopiu.net\/wordpress\/wp-json\/wp\/v2\/posts"}],"about":[{"href":"https:\/\/www.radiopiu.net\/wordpress\/wp-json\/wp\/v2\/types\/post"}],"author":[{"embeddable":true,"href":"https:\/\/www.radiopiu.net\/wordpress\/wp-json\/wp\/v2\/users\/1"}],"replies":[{"embeddable":true,"href":"https:\/\/www.radiopiu.net\/wordpress\/wp-json\/wp\/v2\/comments?post=114789"}],"version-history":[{"count":0,"href":"https:\/\/www.radiopiu.net\/wordpress\/wp-json\/wp\/v2\/posts\/114789\/revisions"}],"wp:featuredmedia":[{"embeddable":true,"href":"https:\/\/www.radiopiu.net\/wordpress\/wp-json\/wp\/v2\/media\/114790"}],"wp:attachment":[{"href":"https:\/\/www.radiopiu.net\/wordpress\/wp-json\/wp\/v2\/media?parent=114789"}],"wp:term":[{"taxonomy":"category","embeddable":true,"href":"https:\/\/www.radiopiu.net\/wordpress\/wp-json\/wp\/v2\/categories?post=114789"},{"taxonomy":"post_tag","embeddable":true,"href":"https:\/\/www.radiopiu.net\/wordpress\/wp-json\/wp\/v2\/tags?post=114789"}],"curies":[{"name":"wp","href":"https:\/\/api.w.org\/{rel}","templated":true}]}}