{"id":114949,"date":"2020-01-28T11:21:12","date_gmt":"2020-01-28T10:21:12","guid":{"rendered":"https:\/\/www.radiopiu.net\/wordpress\/?p=114949"},"modified":"2020-01-28T11:21:12","modified_gmt":"2020-01-28T10:21:12","slug":"buon-lavoro-a-manuela-bassani-nuovo-segretario-generale","status":"publish","type":"post","link":"https:\/\/www.radiopiu.net\/wordpress\/buon-lavoro-a-manuela-bassani-nuovo-segretario-generale\/","title":{"rendered":"BUON LAVORO A MANUELA BASSANI, NUOVO SEGRETARIO GENERALE"},"content":{"rendered":"<p><strong>FELTRE<\/strong> Manuela Bassani, 48 anni, \u00e8 il nuovo segretario generale del Comune di Feltre. E&#8217; attualmente segretario comunale titolare della segreteria convenzionata tra i comuni di Paese e Farra di Soligo. Laureata in Economia e Commercio ha ricoperto numerosi incarichi <a class=\"dt-pswp-item\" href=\"https:\/\/www.radiopiu.net\/wordpress\/wp-content\/uploads\/2020\/01\/538718e2-ea0f-429a-90a1-f0af660e4500.jpg\" data-dt-img-description=\"\" data-large_image_width=\"843\" data-large_image_height=\"678\"><img loading=\"lazy\" decoding=\"async\" class=\" wp-image-114950 alignleft\" src=\"https:\/\/www.radiopiu.net\/wordpress\/wp-content\/uploads\/2020\/01\/538718e2-ea0f-429a-90a1-f0af660e4500-300x241.jpg\" alt=\"\" width=\"180\" height=\"145\" srcset=\"https:\/\/www.radiopiu.net\/wordpress\/wp-content\/uploads\/2020\/01\/538718e2-ea0f-429a-90a1-f0af660e4500-300x241.jpg 300w, https:\/\/www.radiopiu.net\/wordpress\/wp-content\/uploads\/2020\/01\/538718e2-ea0f-429a-90a1-f0af660e4500-768x618.jpg 768w, https:\/\/www.radiopiu.net\/wordpress\/wp-content\/uploads\/2020\/01\/538718e2-ea0f-429a-90a1-f0af660e4500.jpg 843w\" sizes=\"auto, (max-width: 180px) 100vw, 180px\" \/><\/a>nell&#8217;ambito della pubblica amministrazione DAL 2011 al 2014 anche segretaria della Comunit\u00e0 Montana Feltrina. Prender\u00e0 servizio luned\u00ec 17 febbraio.<\/p>\n<blockquote><p><em>\u201cCon l&#8217;ingresso di Manuela Bassani l&#8217;organico del Comune di Feltre acquisisce una professionalit\u00e0 di comprovato valore ed esperienza, che ben conosce il nostro territorio. Siamo convinti di aver effettuato la scelta pi\u00f9 opportuna per il nostro Comune, in grado di dare la stabilit\u00e0 e il coordinamento pi\u00f9 opportuni all&#8217;attivit\u00e0 dell&#8217;Amministrazione\u201d, commenta il sindaco di Feltre Paolo Perenzin.<\/em><\/p><\/blockquote>\n","protected":false},"excerpt":{"rendered":"<p>FELTRE Manuela Bassani, 48 anni, \u00e8 il nuovo segretario generale del Comune di Feltre. E&#8217; attualmente segretario comunale titolare della segreteria convenzionata tra i comuni di Paese e Farra di Soligo. Laureata in Economia e Commercio ha ricoperto numerosi incarichi nell&#8217;ambito della pubblica amministrazione DAL 2011 al 2014 anche segretaria della Comunit\u00e0 Montana Feltrina. Prender\u00e0&hellip;<\/p>\n","protected":false},"author":1,"featured_media":114950,"comment_status":"closed","ping_status":"closed","sticky":false,"template":"","format":"standard","meta":{"_monsterinsights_skip_tracking":false,"_monsterinsights_sitenote_active":false,"_monsterinsights_sitenote_note":"","_monsterinsights_sitenote_category":0,"footnotes":""},"categories":[49],"tags":[],"class_list":["post-114949","post","type-post","status-publish","format-standard","has-post-thumbnail","hentry","category-news-18","category-49","description-off"],"img_url":"https:\/\/www.radiopiu.net\/wordpress\/wp-content\/uploads\/2020\/01\/538718e2-ea0f-429a-90a1-f0af660e4500.jpg","_links":{"self":[{"href":"https:\/\/www.radiopiu.net\/wordpress\/wp-json\/wp\/v2\/posts\/114949","targetHints":{"allow":["GET"]}}],"collection":[{"href":"https:\/\/www.radiopiu.net\/wordpress\/wp-json\/wp\/v2\/posts"}],"about":[{"href":"https:\/\/www.radiopiu.net\/wordpress\/wp-json\/wp\/v2\/types\/post"}],"author":[{"embeddable":true,"href":"https:\/\/www.radiopiu.net\/wordpress\/wp-json\/wp\/v2\/users\/1"}],"replies":[{"embeddable":true,"href":"https:\/\/www.radiopiu.net\/wordpress\/wp-json\/wp\/v2\/comments?post=114949"}],"version-history":[{"count":0,"href":"https:\/\/www.radiopiu.net\/wordpress\/wp-json\/wp\/v2\/posts\/114949\/revisions"}],"wp:featuredmedia":[{"embeddable":true,"href":"https:\/\/www.radiopiu.net\/wordpress\/wp-json\/wp\/v2\/media\/114950"}],"wp:attachment":[{"href":"https:\/\/www.radiopiu.net\/wordpress\/wp-json\/wp\/v2\/media?parent=114949"}],"wp:term":[{"taxonomy":"category","embeddable":true,"href":"https:\/\/www.radiopiu.net\/wordpress\/wp-json\/wp\/v2\/categories?post=114949"},{"taxonomy":"post_tag","embeddable":true,"href":"https:\/\/www.radiopiu.net\/wordpress\/wp-json\/wp\/v2\/tags?post=114949"}],"curies":[{"name":"wp","href":"https:\/\/api.w.org\/{rel}","templated":true}]}}